{"id":34308,"date":"2012-01-20T21:50:47","date_gmt":"2012-01-20T20:50:47","guid":{"rendered":"http:\/\/www.bellunopress.it\/?p=34308"},"modified":"2012-01-20T21:53:30","modified_gmt":"2012-01-20T20:53:30","slug":"al-via-questa-mattina-in-tofana-le-competizioni-con-la-gara-di-slalom-dei-campionati-italiani-dei-vigili-del-fuoco","status":"publish","type":"post","link":"https:\/\/www.bellunopress.it\/fr\/2012\/01\/20\/al-via-questa-mattina-in-tofana-le-competizioni-con-la-gara-di-slalom-dei-campionati-italiani-dei-vigili-del-fuoco\/","title":{"rendered":"Al via questa mattina in Tofana le competizioni con la gara di slalom dei campionati italiani dei Vigili del Fuoco"},"content":{"rendered":"<p><a href=\"http:\/\/www.bellunopress.it\/wp-content\/uploads\/2012\/01\/vigili-del-fuoco-campionato-sci-cortina.jpg\"><img loading=\"lazy\" decoding=\"async\" class=\"alignleft size-full wp-image-34311\" title=\"vigili del fuoco campionato sci cortina\" src=\"http:\/\/www.bellunopress.it\/wp-content\/uploads\/2012\/01\/vigili-del-fuoco-campionato-sci-cortina.jpg\" alt=\"\" width=\"290\" height=\"188\" \/><\/a>La pista Olympia delle Tofane, ancora fresca del passaggio delle protagoniste della gara di Coppa del Mondo di sci femminile ha ospitato la gara di slalom dei Campionati Italiani Vigili del Fuoco. Al cancelletto di partenza quasi 1.000 atleti, suddivisi in 5 categorie. Il ricco programma che ha raccolto a Cortina quasi millequattrocento atleti, prosegue con le prove fuori classifica questa sera (ore 19.30), con la spettacolare salita sci alpinistica in notturna dal piazzale di partenza della funivia \u201cFreccia nel Cielo\u201d sino alla prima sua stazione di Col Drusci\u00e8. Il rifugio attender\u00e0 tutti i concorrenti per il meritato ristoro. Doppio appuntamento in calendario per sabato 21 gennaio: alle 9.00 prender\u00e0 il via dal Fiames Sport Nordic Center la gara di sci nordico, mentre a partire dalle ore 10.00 sar\u00e0 ancora una volta protagonista l\u2019Olympia delle tofane con la prova di snowboard.<\/p>\n<p>Il programma<\/p>\n<p>Venerd\u00ec 20 gennaio Ore 16.00 &#8211; Premiazioni delle gare di slalom presso la Conchiglia di Piazza Venezia. Ore 16.30 &#8211; Convegno: \u201cLa sicurezza \u00e8 un fatto. Culturale.\u201d Liquicare &#8211; L\u2019esperienza Liquigas. Ore 19.30 &#8211; Gara di sci alpinismo in notturna con partenza dalla funivia Freccia nel Cielo. Ore 21.00 &#8211; Intrattenimento presso il Pala Audi del piazzale della stazione.<\/p>\n<p>Sabato 21 gennaio 2012 Ore 9.00 &#8211; Gara di fondo presso il Fiames Sport Nordic Center in localit\u00e0 Fiames. Ore 10.00 &#8211; Gara di snowboard sulla pista Olimpia delle Tofane. Ore 14.00 &#8211; Premiazioni delle gare di fondo, di snowboard, dei Comandi, assegnazione del trofeo, saluti delle autorit\u00e0, cerimonia di chiusura e passaggio della bandiera agli organizzatori dell\u2019edizione 2013 presso la Conchiglia di Piazza Venezia.<\/p>\n<p>Info: <a href=\"http:\/\/www.vvfcortina2012.it\">www.vvfcortina2012.it<\/a><\/p>","protected":false},"excerpt":{"rendered":"<p>La pista Olympia delle Tofane, ancora fresca del passaggio delle protagoniste della gara di Coppa del Mondo di sci femminile ha ospitato la gara di slalom dei Campionati Italiani Vigili del Fuoco. Al cancelletto di partenza quasi 1.000 atleti, suddivisi in 5 categorie. Il ricco programma che ha raccolto a Cortina quasi millequattrocento atleti, prosegue [&hellip;]<\/p>\n","protected":false},"author":2,"featured_media":0,"comment_status":"closed","ping_status":"open","sticky":false,"template":"","format":"standard","meta":{"footnotes":""},"categories":[26,4],"tags":[],"class_list":["post-34308","post","type-post","status-publish","format-standard","category-prima-pagina","category-sport"],"yoast_head":"<!-- This site is optimized with the Yoast SEO plugin v28.4 - https:\/\/yoast.com\/product\/yoast-seo-wordpress\/ -->\n<title>Al via questa mattina in Tofana le competizioni con la gara di slalom dei campionati italiani dei Vigili del Fuoco - Bellunopress - Dolomiti<\/title>\n<meta name=\"robots\" content=\"index, follow, max-snippet:-1, max-image-preview:large, max-video-preview:-1\" \/>\n<link rel=\"canonical\" href=\"https:\/\/www.bellunopress.it\/fr\/2012\/01\/20\/al-via-questa-mattina-in-tofana-le-competizioni-con-la-gara-di-slalom-dei-campionati-italiani-dei-vigili-del-fuoco\/\" \/>\n<meta property=\"og:locale\" content=\"fr_FR\" \/>\n<meta property=\"og:type\" content=\"article\" \/>\n<meta property=\"og:title\" content=\"Al via questa mattina in Tofana le competizioni con la gara di slalom dei campionati italiani dei Vigili del Fuoco - Bellunopress - Dolomiti\" \/>\n<meta property=\"og:description\" content=\"La pista Olympia delle Tofane, ancora fresca del passaggio delle protagoniste della gara di Coppa del Mondo di sci femminile ha ospitato la gara di slalom dei Campionati Italiani Vigili del Fuoco. Al cancelletto di partenza quasi 1.000 atleti, suddivisi in 5 categorie. Il ricco programma che ha raccolto a Cortina quasi millequattrocento atleti, prosegue [&hellip;]\" \/>\n<meta property=\"og:url\" content=\"https:\/\/www.bellunopress.it\/fr\/2012\/01\/20\/al-via-questa-mattina-in-tofana-le-competizioni-con-la-gara-di-slalom-dei-campionati-italiani-dei-vigili-del-fuoco\/\" \/>\n<meta property=\"og:site_name\" content=\"Bellunopress - Dolomiti\" \/>\n<meta property=\"article:publisher\" content=\"https:\/\/www.facebook.com\/profile.php?id=100008943462799\" \/>\n<meta property=\"article:published_time\" content=\"2012-01-20T20:50:47+00:00\" \/>\n<meta property=\"article:modified_time\" content=\"2012-01-20T20:53:30+00:00\" \/>\n<meta property=\"og:image\" content=\"http:\/\/www.bellunopress.it\/wp-content\/uploads\/2012\/01\/vigili-del-fuoco-campionato-sci-cortina.jpg\" \/>\n<meta name=\"author\" content=\"redazione\" \/>\n<meta name=\"twitter:card\" content=\"summary_large_image\" \/>\n<meta name=\"twitter:creator\" content=\"@bellunopress\" \/>\n<meta name=\"twitter:site\" content=\"@bellunopress\" \/>\n<meta name=\"twitter:label1\" content=\"\u00c9crit par\" \/>\n\t<meta name=\"twitter:data1\" content=\"redazione\" \/>\n\t<meta name=\"twitter:label2\" content=\"Dur\u00e9e de lecture estim\u00e9e\" \/>\n\t<meta name=\"twitter:data2\" content=\"1 minute\" \/>\n<script type=\"application\/ld+json\" class=\"yoast-schema-graph\">{\"@context\":\"https:\\\/\\\/schema.org\",\"@graph\":[{\"@type\":\"Article\",\"@id\":\"https:\\\/\\\/www.bellunopress.it\\\/2012\\\/01\\\/20\\\/al-via-questa-mattina-in-tofana-le-competizioni-con-la-gara-di-slalom-dei-campionati-italiani-dei-vigili-del-fuoco\\\/#article\",\"isPartOf\":{\"@id\":\"https:\\\/\\\/www.bellunopress.it\\\/2012\\\/01\\\/20\\\/al-via-questa-mattina-in-tofana-le-competizioni-con-la-gara-di-slalom-dei-campionati-italiani-dei-vigili-del-fuoco\\\/\"},\"author\":{\"name\":\"redazione\",\"@id\":\"https:\\\/\\\/www.bellunopress.it\\\/#\\\/schema\\\/person\\\/79bb06722b37ece1c03d3e94beb30d73\"},\"headline\":\"Al via questa mattina in Tofana le competizioni con la gara di slalom dei campionati italiani dei Vigili del Fuoco\",\"datePublished\":\"2012-01-20T20:50:47+00:00\",\"dateModified\":\"2012-01-20T20:53:30+00:00\",\"mainEntityOfPage\":{\"@id\":\"https:\\\/\\\/www.bellunopress.it\\\/2012\\\/01\\\/20\\\/al-via-questa-mattina-in-tofana-le-competizioni-con-la-gara-di-slalom-dei-campionati-italiani-dei-vigili-del-fuoco\\\/\"},\"wordCount\":276,\"publisher\":{\"@id\":\"https:\\\/\\\/www.bellunopress.it\\\/#organization\"},\"image\":{\"@id\":\"https:\\\/\\\/www.bellunopress.it\\\/2012\\\/01\\\/20\\\/al-via-questa-mattina-in-tofana-le-competizioni-con-la-gara-di-slalom-dei-campionati-italiani-dei-vigili-del-fuoco\\\/#primaryimage\"},\"thumbnailUrl\":\"http:\\\/\\\/www.bellunopress.it\\\/wp-content\\\/uploads\\\/2012\\\/01\\\/vigili-del-fuoco-campionato-sci-cortina.jpg\",\"articleSection\":[\"Prima Pagina\",\"Sport, tempo libero\"],\"inLanguage\":\"fr-FR\"},{\"@type\":\"WebPage\",\"@id\":\"https:\\\/\\\/www.bellunopress.it\\\/2012\\\/01\\\/20\\\/al-via-questa-mattina-in-tofana-le-competizioni-con-la-gara-di-slalom-dei-campionati-italiani-dei-vigili-del-fuoco\\\/\",\"url\":\"https:\\\/\\\/www.bellunopress.it\\\/2012\\\/01\\\/20\\\/al-via-questa-mattina-in-tofana-le-competizioni-con-la-gara-di-slalom-dei-campionati-italiani-dei-vigili-del-fuoco\\\/\",\"name\":\"Al via questa mattina in Tofana le competizioni con la gara di slalom dei campionati italiani dei Vigili del Fuoco - Bellunopress - Dolomiti\",\"isPartOf\":{\"@id\":\"https:\\\/\\\/www.bellunopress.it\\\/#website\"},\"primaryImageOfPage\":{\"@id\":\"https:\\\/\\\/www.bellunopress.it\\\/2012\\\/01\\\/20\\\/al-via-questa-mattina-in-tofana-le-competizioni-con-la-gara-di-slalom-dei-campionati-italiani-dei-vigili-del-fuoco\\\/#primaryimage\"},\"image\":{\"@id\":\"https:\\\/\\\/www.bellunopress.it\\\/2012\\\/01\\\/20\\\/al-via-questa-mattina-in-tofana-le-competizioni-con-la-gara-di-slalom-dei-campionati-italiani-dei-vigili-del-fuoco\\\/#primaryimage\"},\"thumbnailUrl\":\"http:\\\/\\\/www.bellunopress.it\\\/wp-content\\\/uploads\\\/2012\\\/01\\\/vigili-del-fuoco-campionato-sci-cortina.jpg\",\"datePublished\":\"2012-01-20T20:50:47+00:00\",\"dateModified\":\"2012-01-20T20:53:30+00:00\",\"breadcrumb\":{\"@id\":\"https:\\\/\\\/www.bellunopress.it\\\/2012\\\/01\\\/20\\\/al-via-questa-mattina-in-tofana-le-competizioni-con-la-gara-di-slalom-dei-campionati-italiani-dei-vigili-del-fuoco\\\/#breadcrumb\"},\"inLanguage\":\"fr-FR\",\"potentialAction\":[{\"@type\":\"ReadAction\",\"target\":[\"https:\\\/\\\/www.bellunopress.it\\\/2012\\\/01\\\/20\\\/al-via-questa-mattina-in-tofana-le-competizioni-con-la-gara-di-slalom-dei-campionati-italiani-dei-vigili-del-fuoco\\\/\"]}]},{\"@type\":\"ImageObject\",\"inLanguage\":\"fr-FR\",\"@id\":\"https:\\\/\\\/www.bellunopress.it\\\/2012\\\/01\\\/20\\\/al-via-questa-mattina-in-tofana-le-competizioni-con-la-gara-di-slalom-dei-campionati-italiani-dei-vigili-del-fuoco\\\/#primaryimage\",\"url\":\"http:\\\/\\\/www.bellunopress.it\\\/wp-content\\\/uploads\\\/2012\\\/01\\\/vigili-del-fuoco-campionato-sci-cortina.jpg\",\"contentUrl\":\"http:\\\/\\\/www.bellunopress.it\\\/wp-content\\\/uploads\\\/2012\\\/01\\\/vigili-del-fuoco-campionato-sci-cortina.jpg\"},{\"@type\":\"BreadcrumbList\",\"@id\":\"https:\\\/\\\/www.bellunopress.it\\\/2012\\\/01\\\/20\\\/al-via-questa-mattina-in-tofana-le-competizioni-con-la-gara-di-slalom-dei-campionati-italiani-dei-vigili-del-fuoco\\\/#breadcrumb\",\"itemListElement\":[{\"@type\":\"ListItem\",\"position\":1,\"name\":\"Home\",\"item\":\"https:\\\/\\\/www.bellunopress.it\\\/\"},{\"@type\":\"ListItem\",\"position\":2,\"name\":\"Al via questa mattina in Tofana le competizioni con la gara di slalom dei campionati italiani dei Vigili del Fuoco\"}]},{\"@type\":\"WebSite\",\"@id\":\"https:\\\/\\\/www.bellunopress.it\\\/#website\",\"url\":\"https:\\\/\\\/www.bellunopress.it\\\/\",\"name\":\"Bellunopress - Dolomiti\",\"description\":\"e-mail: redazione@bellunopress.it\",\"publisher\":{\"@id\":\"https:\\\/\\\/www.bellunopress.it\\\/#organization\"},\"potentialAction\":[{\"@type\":\"SearchAction\",\"target\":{\"@type\":\"EntryPoint\",\"urlTemplate\":\"https:\\\/\\\/www.bellunopress.it\\\/?s={search_term_string}\"},\"query-input\":{\"@type\":\"PropertyValueSpecification\",\"valueRequired\":true,\"valueName\":\"search_term_string\"}}],\"inLanguage\":\"fr-FR\"},{\"@type\":\"Organization\",\"@id\":\"https:\\\/\\\/www.bellunopress.it\\\/#organization\",\"name\":\"Bellunopress\",\"url\":\"https:\\\/\\\/www.bellunopress.it\\\/\",\"logo\":{\"@type\":\"ImageObject\",\"inLanguage\":\"fr-FR\",\"@id\":\"https:\\\/\\\/www.bellunopress.it\\\/#\\\/schema\\\/logo\\\/image\\\/\",\"url\":\"https:\\\/\\\/www.bellunopress.it\\\/wp-content\\\/uploads\\\/2011\\\/05\\\/cropped-logo-bellunopress-.jpg\",\"contentUrl\":\"https:\\\/\\\/www.bellunopress.it\\\/wp-content\\\/uploads\\\/2011\\\/05\\\/cropped-logo-bellunopress-.jpg\",\"width\":512,\"height\":512,\"caption\":\"Bellunopress\"},\"image\":{\"@id\":\"https:\\\/\\\/www.bellunopress.it\\\/#\\\/schema\\\/logo\\\/image\\\/\"},\"sameAs\":[\"https:\\\/\\\/www.facebook.com\\\/profile.php?id=100008943462799\",\"https:\\\/\\\/x.com\\\/bellunopress\",\"https:\\\/\\\/www.linkedin.com\\\/hp\\\/?dnr=JBzUWaJfMUw8vbXJJ2tVW5-I3jZKvC4wsoxE&amp;amp;amp;amp;amp;amp;trk=nav_responsive_tab_home\",\"https:\\\/\\\/www.youtube.com\\\/channel\\\/UCxL0wu1uN0_3_7hGG0306cw\"]},{\"@type\":\"Person\",\"@id\":\"https:\\\/\\\/www.bellunopress.it\\\/#\\\/schema\\\/person\\\/79bb06722b37ece1c03d3e94beb30d73\",\"name\":\"redazione\",\"image\":{\"@type\":\"ImageObject\",\"inLanguage\":\"fr-FR\",\"@id\":\"https:\\\/\\\/secure.gravatar.com\\\/avatar\\\/37d968a2e67a6fd04c169c4bdef102d0bc5d31b2546345219e348575eb80e9a0?s=96&d=mm&r=g\",\"url\":\"https:\\\/\\\/secure.gravatar.com\\\/avatar\\\/37d968a2e67a6fd04c169c4bdef102d0bc5d31b2546345219e348575eb80e9a0?s=96&d=mm&r=g\",\"contentUrl\":\"https:\\\/\\\/secure.gravatar.com\\\/avatar\\\/37d968a2e67a6fd04c169c4bdef102d0bc5d31b2546345219e348575eb80e9a0?s=96&d=mm&r=g\",\"caption\":\"redazione\"},\"sameAs\":[\"http:\\\/\\\/www.bellunopress.it\",\"https:\\\/\\\/x.com\\\/bellunopress\"],\"url\":\"https:\\\/\\\/www.bellunopress.it\\\/fr\\\/author\\\/redazione\\\/\"}]}<\/script>\n<!-- \/ Yoast SEO plugin. -->","yoast_head_json":{"title":"Al via questa mattina in Tofana le competizioni con la gara di slalom dei campionati italiani dei Vigili del Fuoco - Bellunopress - Dolomiti","robots":{"index":"index","follow":"follow","max-snippet":"max-snippet:-1","max-image-preview":"max-image-preview:large","max-video-preview":"max-video-preview:-1"},"canonical":"https:\/\/www.bellunopress.it\/fr\/2012\/01\/20\/al-via-questa-mattina-in-tofana-le-competizioni-con-la-gara-di-slalom-dei-campionati-italiani-dei-vigili-del-fuoco\/","og_locale":"fr_FR","og_type":"article","og_title":"Al via questa mattina in Tofana le competizioni con la gara di slalom dei campionati italiani dei Vigili del Fuoco - Bellunopress - Dolomiti","og_description":"La pista Olympia delle Tofane, ancora fresca del passaggio delle protagoniste della gara di Coppa del Mondo di sci femminile ha ospitato la gara di slalom dei Campionati Italiani Vigili del Fuoco. Al cancelletto di partenza quasi 1.000 atleti, suddivisi in 5 categorie. Il ricco programma che ha raccolto a Cortina quasi millequattrocento atleti, prosegue [&hellip;]","og_url":"https:\/\/www.bellunopress.it\/fr\/2012\/01\/20\/al-via-questa-mattina-in-tofana-le-competizioni-con-la-gara-di-slalom-dei-campionati-italiani-dei-vigili-del-fuoco\/","og_site_name":"Bellunopress - Dolomiti","article_publisher":"https:\/\/www.facebook.com\/profile.php?id=100008943462799","article_published_time":"2012-01-20T20:50:47+00:00","article_modified_time":"2012-01-20T20:53:30+00:00","og_image":[{"url":"http:\/\/www.bellunopress.it\/wp-content\/uploads\/2012\/01\/vigili-del-fuoco-campionato-sci-cortina.jpg","type":"","width":"","height":""}],"author":"redazione","twitter_card":"summary_large_image","twitter_creator":"@bellunopress","twitter_site":"@bellunopress","twitter_misc":{"\u00c9crit par":"redazione","Dur\u00e9e de lecture estim\u00e9e":"1 minute"},"schema":{"@context":"https:\/\/schema.org","@graph":[{"@type":"Article","@id":"https:\/\/www.bellunopress.it\/2012\/01\/20\/al-via-questa-mattina-in-tofana-le-competizioni-con-la-gara-di-slalom-dei-campionati-italiani-dei-vigili-del-fuoco\/#article","isPartOf":{"@id":"https:\/\/www.bellunopress.it\/2012\/01\/20\/al-via-questa-mattina-in-tofana-le-competizioni-con-la-gara-di-slalom-dei-campionati-italiani-dei-vigili-del-fuoco\/"},"author":{"name":"redazione","@id":"https:\/\/www.bellunopress.it\/#\/schema\/person\/79bb06722b37ece1c03d3e94beb30d73"},"headline":"Al via questa mattina in Tofana le competizioni con la gara di slalom dei campionati italiani dei Vigili del Fuoco","datePublished":"2012-01-20T20:50:47+00:00","dateModified":"2012-01-20T20:53:30+00:00","mainEntityOfPage":{"@id":"https:\/\/www.bellunopress.it\/2012\/01\/20\/al-via-questa-mattina-in-tofana-le-competizioni-con-la-gara-di-slalom-dei-campionati-italiani-dei-vigili-del-fuoco\/"},"wordCount":276,"publisher":{"@id":"https:\/\/www.bellunopress.it\/#organization"},"image":{"@id":"https:\/\/www.bellunopress.it\/2012\/01\/20\/al-via-questa-mattina-in-tofana-le-competizioni-con-la-gara-di-slalom-dei-campionati-italiani-dei-vigili-del-fuoco\/#primaryimage"},"thumbnailUrl":"http:\/\/www.bellunopress.it\/wp-content\/uploads\/2012\/01\/vigili-del-fuoco-campionato-sci-cortina.jpg","articleSection":["Prima Pagina","Sport, tempo libero"],"inLanguage":"fr-FR"},{"@type":"WebPage","@id":"https:\/\/www.bellunopress.it\/2012\/01\/20\/al-via-questa-mattina-in-tofana-le-competizioni-con-la-gara-di-slalom-dei-campionati-italiani-dei-vigili-del-fuoco\/","url":"https:\/\/www.bellunopress.it\/2012\/01\/20\/al-via-questa-mattina-in-tofana-le-competizioni-con-la-gara-di-slalom-dei-campionati-italiani-dei-vigili-del-fuoco\/","name":"Al via questa mattina in Tofana le competizioni con la gara di slalom dei campionati italiani dei Vigili del Fuoco - Bellunopress - Dolomiti","isPartOf":{"@id":"https:\/\/www.bellunopress.it\/#website"},"primaryImageOfPage":{"@id":"https:\/\/www.bellunopress.it\/2012\/01\/20\/al-via-questa-mattina-in-tofana-le-competizioni-con-la-gara-di-slalom-dei-campionati-italiani-dei-vigili-del-fuoco\/#primaryimage"},"image":{"@id":"https:\/\/www.bellunopress.it\/2012\/01\/20\/al-via-questa-mattina-in-tofana-le-competizioni-con-la-gara-di-slalom-dei-campionati-italiani-dei-vigili-del-fuoco\/#primaryimage"},"thumbnailUrl":"http:\/\/www.bellunopress.it\/wp-content\/uploads\/2012\/01\/vigili-del-fuoco-campionato-sci-cortina.jpg","datePublished":"2012-01-20T20:50:47+00:00","dateModified":"2012-01-20T20:53:30+00:00","breadcrumb":{"@id":"https:\/\/www.bellunopress.it\/2012\/01\/20\/al-via-questa-mattina-in-tofana-le-competizioni-con-la-gara-di-slalom-dei-campionati-italiani-dei-vigili-del-fuoco\/#breadcrumb"},"inLanguage":"fr-FR","potentialAction":[{"@type":"ReadAction","target":["https:\/\/www.bellunopress.it\/2012\/01\/20\/al-via-questa-mattina-in-tofana-le-competizioni-con-la-gara-di-slalom-dei-campionati-italiani-dei-vigili-del-fuoco\/"]}]},{"@type":"ImageObject","inLanguage":"fr-FR","@id":"https:\/\/www.bellunopress.it\/2012\/01\/20\/al-via-questa-mattina-in-tofana-le-competizioni-con-la-gara-di-slalom-dei-campionati-italiani-dei-vigili-del-fuoco\/#primaryimage","url":"http:\/\/www.bellunopress.it\/wp-content\/uploads\/2012\/01\/vigili-del-fuoco-campionato-sci-cortina.jpg","contentUrl":"http:\/\/www.bellunopress.it\/wp-content\/uploads\/2012\/01\/vigili-del-fuoco-campionato-sci-cortina.jpg"},{"@type":"BreadcrumbList","@id":"https:\/\/www.bellunopress.it\/2012\/01\/20\/al-via-questa-mattina-in-tofana-le-competizioni-con-la-gara-di-slalom-dei-campionati-italiani-dei-vigili-del-fuoco\/#breadcrumb","itemListElement":[{"@type":"ListItem","position":1,"name":"Home","item":"https:\/\/www.bellunopress.it\/"},{"@type":"ListItem","position":2,"name":"Al via questa mattina in Tofana le competizioni con la gara di slalom dei campionati italiani dei Vigili del Fuoco"}]},{"@type":"WebSite","@id":"https:\/\/www.bellunopress.it\/#website","url":"https:\/\/www.bellunopress.it\/","name":"Bellunopress - Dolomiti","description":"e-mail: redazione@bellunopress.it","publisher":{"@id":"https:\/\/www.bellunopress.it\/#organization"},"potentialAction":[{"@type":"SearchAction","target":{"@type":"EntryPoint","urlTemplate":"https:\/\/www.bellunopress.it\/?s={search_term_string}"},"query-input":{"@type":"PropertyValueSpecification","valueRequired":true,"valueName":"search_term_string"}}],"inLanguage":"fr-FR"},{"@type":"Organization","@id":"https:\/\/www.bellunopress.it\/#organization","name":"Bellunopress","url":"https:\/\/www.bellunopress.it\/","logo":{"@type":"ImageObject","inLanguage":"fr-FR","@id":"https:\/\/www.bellunopress.it\/#\/schema\/logo\/image\/","url":"https:\/\/www.bellunopress.it\/wp-content\/uploads\/2011\/05\/cropped-logo-bellunopress-.jpg","contentUrl":"https:\/\/www.bellunopress.it\/wp-content\/uploads\/2011\/05\/cropped-logo-bellunopress-.jpg","width":512,"height":512,"caption":"Bellunopress"},"image":{"@id":"https:\/\/www.bellunopress.it\/#\/schema\/logo\/image\/"},"sameAs":["https:\/\/www.facebook.com\/profile.php?id=100008943462799","https:\/\/x.com\/bellunopress","https:\/\/www.linkedin.com\/hp\/?dnr=JBzUWaJfMUw8vbXJJ2tVW5-I3jZKvC4wsoxE&amp;amp;amp;amp;amp;amp;trk=nav_responsive_tab_home","https:\/\/www.youtube.com\/channel\/UCxL0wu1uN0_3_7hGG0306cw"]},{"@type":"Person","@id":"https:\/\/www.bellunopress.it\/#\/schema\/person\/79bb06722b37ece1c03d3e94beb30d73","name":"r\u00e9daction","image":{"@type":"ImageObject","inLanguage":"fr-FR","@id":"https:\/\/secure.gravatar.com\/avatar\/37d968a2e67a6fd04c169c4bdef102d0bc5d31b2546345219e348575eb80e9a0?s=96&d=mm&r=g","url":"https:\/\/secure.gravatar.com\/avatar\/37d968a2e67a6fd04c169c4bdef102d0bc5d31b2546345219e348575eb80e9a0?s=96&d=mm&r=g","contentUrl":"https:\/\/secure.gravatar.com\/avatar\/37d968a2e67a6fd04c169c4bdef102d0bc5d31b2546345219e348575eb80e9a0?s=96&d=mm&r=g","caption":"redazione"},"sameAs":["http:\/\/www.bellunopress.it","https:\/\/x.com\/bellunopress"],"url":"https:\/\/www.bellunopress.it\/fr\/author\/redazione\/"}]}},"_links":{"self":[{"href":"https:\/\/www.bellunopress.it\/fr\/wp-json\/wp\/v2\/posts\/34308","targetHints":{"allow":["GET"]}}],"collection":[{"href":"https:\/\/www.bellunopress.it\/fr\/wp-json\/wp\/v2\/posts"}],"about":[{"href":"https:\/\/www.bellunopress.it\/fr\/wp-json\/wp\/v2\/types\/post"}],"author":[{"embeddable":true,"href":"https:\/\/www.bellunopress.it\/fr\/wp-json\/wp\/v2\/users\/2"}],"replies":[{"embeddable":true,"href":"https:\/\/www.bellunopress.it\/fr\/wp-json\/wp\/v2\/comments?post=34308"}],"version-history":[{"count":3,"href":"https:\/\/www.bellunopress.it\/fr\/wp-json\/wp\/v2\/posts\/34308\/revisions"}],"predecessor-version":[{"id":34314,"href":"https:\/\/www.bellunopress.it\/fr\/wp-json\/wp\/v2\/posts\/34308\/revisions\/34314"}],"wp:attachment":[{"href":"https:\/\/www.bellunopress.it\/fr\/wp-json\/wp\/v2\/media?parent=34308"}],"wp:term":[{"taxonomy":"category","embeddable":true,"href":"https:\/\/www.bellunopress.it\/fr\/wp-json\/wp\/v2\/categories?post=34308"},{"taxonomy":"post_tag","embeddable":true,"href":"https:\/\/www.bellunopress.it\/fr\/wp-json\/wp\/v2\/tags?post=34308"}],"curies":[{"name":"wp","href":"https:\/\/api.w.org\/{rel}","templated":true}]}}