{"id":34305,"date":"2012-01-20T21:31:42","date_gmt":"2012-01-20T20:31:42","guid":{"rendered":"http:\/\/www.bellunopress.it\/?p=34305"},"modified":"2012-01-20T21:31:42","modified_gmt":"2012-01-20T20:31:42","slug":"il-futuro-della-sanita-in-montagna-di-renato-bressan","status":"publish","type":"post","link":"https:\/\/www.bellunopress.it\/fr\/2012\/01\/20\/il-futuro-della-sanita-in-montagna-di-renato-bressan\/","title":{"rendered":"Il futuro della sanit\u00e0 in montagna   * di Renato Bressan"},"content":{"rendered":"<figure id=\"attachment_30368\" aria-describedby=\"caption-attachment-30368\" style=\"width: 256px\" class=\"wp-caption alignleft\"><a href=\"http:\/\/www.bellunopress.it\/wp-content\/uploads\/2011\/09\/renato-bressan-300x256.jpg\"><img loading=\"lazy\" decoding=\"async\" class=\"size-full wp-image-30368\" title=\"renato bressan 300x256\" src=\"http:\/\/www.bellunopress.it\/wp-content\/uploads\/2011\/09\/renato-bressan-300x256.jpg\" alt=\"\" width=\"256\" height=\"300\" \/><\/a><figcaption id=\"caption-attachment-30368\" class=\"wp-caption-text\">Renato Bressan<\/figcaption><\/figure>\n<p>In questi giorni la quinta commissione della Regione Veneto sta discutendo gli emendamenti al nuovo Piano Socio Sanitario Regionale. All\u2019interno di un percorso di ascolto e di raccolta di contributi e proposte, organizzato dalla conferenza dei sindaci dell\u2019Ulss 1, ancora l\u2019estate scorsa assieme alle confederazione e alle categorie dei pensionati di Cisl e Uil abbiamo prodotto e consegnato una serie di valutazioni ed osservazioni sul futura della sanit\u00e0 in montagna. Quelle osservazioni, assieme a tanti altri contributi provenienti da svariate associazioni ed enti locali, hanno, attraverso un lavoro di coerente cablatura, composto il documento finale che \u00e8 stato registrato dalla quinta commissione il 22 Settembre scorso. Va da s\u00e8 che l\u2019importanza del servizio sanitario e della sua offerta sul territorio, che per noi deve mantenere un carattere universalistico, \u00e8 fortunatamente oggetto di interessamento, ma anche di preoccupazione, di tanti altri soggetti e singoli cittadini che nella loro autonomia hanno deciso di dare un proprio originale contributo in difesa della sanit\u00e0 bellunese producendo ulteriori proposte e volendole sostenere con autonome ed appropriate iniziative come la manifestazione del 26 Gennaio prossimo. Se da una parte guardiamo con favore e simpatia a queste iniziative, dall\u2019altra crediamo che nessuno, nemmeno la Cgil complessivamente intesa, pu\u00f2 mettere il cappello ad iniziative che \u00e8 giusto che mantengano una loro dimensione aperta e non di parte. Questo rispetto lo dobbiamo a tutti quei cittadini che si sentono accomunati nella difesa di un bene comune come la sanit\u00e0 indipendentemente dalla loro collocazione politica o appartenenza sindacale.<\/p>\n<p>Renato Bressan &#8211; segretario generale Cgil Belluno<\/p>","protected":false},"excerpt":{"rendered":"<p>In questi giorni la quinta commissione della Regione Veneto sta discutendo gli emendamenti al nuovo Piano Socio Sanitario Regionale. All\u2019interno di un percorso di ascolto e di raccolta di contributi e proposte, organizzato dalla conferenza dei sindaci dell\u2019Ulss 1, ancora l\u2019estate scorsa assieme alle confederazione e alle categorie dei pensionati di Cisl e Uil abbiamo [&hellip;]<\/p>\n","protected":false},"author":2,"featured_media":0,"comment_status":"closed","ping_status":"open","sticky":false,"template":"","format":"standard","meta":{"footnotes":""},"categories":[26,17],"tags":[],"class_list":["post-34305","post","type-post","status-publish","format-standard","category-prima-pagina","category-sanita"],"yoast_head":"<!-- This site is optimized with the Yoast SEO plugin v28.4 - https:\/\/yoast.com\/product\/yoast-seo-wordpress\/ -->\n<title>Il futuro della sanit\u00e0 in montagna  * di Renato Bressan - Bellunopress - Dolomiti<\/title>\n<meta name=\"robots\" content=\"index, follow, max-snippet:-1, max-image-preview:large, max-video-preview:-1\" \/>\n<link rel=\"canonical\" href=\"https:\/\/www.bellunopress.it\/fr\/2012\/01\/20\/il-futuro-della-sanita-in-montagna-di-renato-bressan\/\" \/>\n<meta property=\"og:locale\" content=\"fr_FR\" \/>\n<meta property=\"og:type\" content=\"article\" \/>\n<meta property=\"og:title\" content=\"Il futuro della sanit\u00e0 in montagna  * di Renato Bressan - Bellunopress - Dolomiti\" \/>\n<meta property=\"og:description\" content=\"In questi giorni la quinta commissione della Regione Veneto sta discutendo gli emendamenti al nuovo Piano Socio Sanitario Regionale. All\u2019interno di un percorso di ascolto e di raccolta di contributi e proposte, organizzato dalla conferenza dei sindaci dell\u2019Ulss 1, ancora l\u2019estate scorsa assieme alle confederazione e alle categorie dei pensionati di Cisl e Uil abbiamo [&hellip;]\" \/>\n<meta property=\"og:url\" content=\"https:\/\/www.bellunopress.it\/fr\/2012\/01\/20\/il-futuro-della-sanita-in-montagna-di-renato-bressan\/\" \/>\n<meta property=\"og:site_name\" content=\"Bellunopress - Dolomiti\" \/>\n<meta property=\"article:publisher\" content=\"https:\/\/www.facebook.com\/profile.php?id=100008943462799\" \/>\n<meta property=\"article:published_time\" content=\"2012-01-20T20:31:42+00:00\" \/>\n<meta property=\"og:image\" content=\"http:\/\/www.bellunopress.it\/wp-content\/uploads\/2011\/09\/renato-bressan-300x256.jpg\" \/>\n<meta name=\"author\" content=\"redazione\" \/>\n<meta name=\"twitter:card\" content=\"summary_large_image\" \/>\n<meta name=\"twitter:creator\" content=\"@bellunopress\" \/>\n<meta name=\"twitter:site\" content=\"@bellunopress\" \/>\n<meta name=\"twitter:label1\" content=\"\u00c9crit par\" \/>\n\t<meta name=\"twitter:data1\" content=\"redazione\" \/>\n\t<meta name=\"twitter:label2\" content=\"Dur\u00e9e de lecture estim\u00e9e\" \/>\n\t<meta name=\"twitter:data2\" content=\"1 minute\" \/>\n<script type=\"application\/ld+json\" class=\"yoast-schema-graph\">{\"@context\":\"https:\\\/\\\/schema.org\",\"@graph\":[{\"@type\":\"Article\",\"@id\":\"https:\\\/\\\/www.bellunopress.it\\\/2012\\\/01\\\/20\\\/il-futuro-della-sanita-in-montagna-di-renato-bressan\\\/#article\",\"isPartOf\":{\"@id\":\"https:\\\/\\\/www.bellunopress.it\\\/2012\\\/01\\\/20\\\/il-futuro-della-sanita-in-montagna-di-renato-bressan\\\/\"},\"author\":{\"name\":\"redazione\",\"@id\":\"https:\\\/\\\/www.bellunopress.it\\\/#\\\/schema\\\/person\\\/79bb06722b37ece1c03d3e94beb30d73\"},\"headline\":\"Il futuro della sanit\u00e0 in montagna * di Renato Bressan\",\"datePublished\":\"2012-01-20T20:31:42+00:00\",\"mainEntityOfPage\":{\"@id\":\"https:\\\/\\\/www.bellunopress.it\\\/2012\\\/01\\\/20\\\/il-futuro-della-sanita-in-montagna-di-renato-bressan\\\/\"},\"wordCount\":273,\"publisher\":{\"@id\":\"https:\\\/\\\/www.bellunopress.it\\\/#organization\"},\"image\":{\"@id\":\"https:\\\/\\\/www.bellunopress.it\\\/2012\\\/01\\\/20\\\/il-futuro-della-sanita-in-montagna-di-renato-bressan\\\/#primaryimage\"},\"thumbnailUrl\":\"http:\\\/\\\/www.bellunopress.it\\\/wp-content\\\/uploads\\\/2011\\\/09\\\/renato-bressan-300x256.jpg\",\"articleSection\":[\"Prima Pagina\",\"Sanit\u00e0 Medicina\"],\"inLanguage\":\"fr-FR\"},{\"@type\":\"WebPage\",\"@id\":\"https:\\\/\\\/www.bellunopress.it\\\/2012\\\/01\\\/20\\\/il-futuro-della-sanita-in-montagna-di-renato-bressan\\\/\",\"url\":\"https:\\\/\\\/www.bellunopress.it\\\/2012\\\/01\\\/20\\\/il-futuro-della-sanita-in-montagna-di-renato-bressan\\\/\",\"name\":\"Il futuro della sanit\u00e0 in montagna * di Renato Bressan - Bellunopress - Dolomiti\",\"isPartOf\":{\"@id\":\"https:\\\/\\\/www.bellunopress.it\\\/#website\"},\"primaryImageOfPage\":{\"@id\":\"https:\\\/\\\/www.bellunopress.it\\\/2012\\\/01\\\/20\\\/il-futuro-della-sanita-in-montagna-di-renato-bressan\\\/#primaryimage\"},\"image\":{\"@id\":\"https:\\\/\\\/www.bellunopress.it\\\/2012\\\/01\\\/20\\\/il-futuro-della-sanita-in-montagna-di-renato-bressan\\\/#primaryimage\"},\"thumbnailUrl\":\"http:\\\/\\\/www.bellunopress.it\\\/wp-content\\\/uploads\\\/2011\\\/09\\\/renato-bressan-300x256.jpg\",\"datePublished\":\"2012-01-20T20:31:42+00:00\",\"breadcrumb\":{\"@id\":\"https:\\\/\\\/www.bellunopress.it\\\/2012\\\/01\\\/20\\\/il-futuro-della-sanita-in-montagna-di-renato-bressan\\\/#breadcrumb\"},\"inLanguage\":\"fr-FR\",\"potentialAction\":[{\"@type\":\"ReadAction\",\"target\":[\"https:\\\/\\\/www.bellunopress.it\\\/2012\\\/01\\\/20\\\/il-futuro-della-sanita-in-montagna-di-renato-bressan\\\/\"]}]},{\"@type\":\"ImageObject\",\"inLanguage\":\"fr-FR\",\"@id\":\"https:\\\/\\\/www.bellunopress.it\\\/2012\\\/01\\\/20\\\/il-futuro-della-sanita-in-montagna-di-renato-bressan\\\/#primaryimage\",\"url\":\"http:\\\/\\\/www.bellunopress.it\\\/wp-content\\\/uploads\\\/2011\\\/09\\\/renato-bressan-300x256.jpg\",\"contentUrl\":\"http:\\\/\\\/www.bellunopress.it\\\/wp-content\\\/uploads\\\/2011\\\/09\\\/renato-bressan-300x256.jpg\"},{\"@type\":\"BreadcrumbList\",\"@id\":\"https:\\\/\\\/www.bellunopress.it\\\/2012\\\/01\\\/20\\\/il-futuro-della-sanita-in-montagna-di-renato-bressan\\\/#breadcrumb\",\"itemListElement\":[{\"@type\":\"ListItem\",\"position\":1,\"name\":\"Home\",\"item\":\"https:\\\/\\\/www.bellunopress.it\\\/\"},{\"@type\":\"ListItem\",\"position\":2,\"name\":\"Il futuro della sanit\u00e0 in montagna * di Renato Bressan\"}]},{\"@type\":\"WebSite\",\"@id\":\"https:\\\/\\\/www.bellunopress.it\\\/#website\",\"url\":\"https:\\\/\\\/www.bellunopress.it\\\/\",\"name\":\"Bellunopress - Dolomiti\",\"description\":\"e-mail: redazione@bellunopress.it\",\"publisher\":{\"@id\":\"https:\\\/\\\/www.bellunopress.it\\\/#organization\"},\"potentialAction\":[{\"@type\":\"SearchAction\",\"target\":{\"@type\":\"EntryPoint\",\"urlTemplate\":\"https:\\\/\\\/www.bellunopress.it\\\/?s={search_term_string}\"},\"query-input\":{\"@type\":\"PropertyValueSpecification\",\"valueRequired\":true,\"valueName\":\"search_term_string\"}}],\"inLanguage\":\"fr-FR\"},{\"@type\":\"Organization\",\"@id\":\"https:\\\/\\\/www.bellunopress.it\\\/#organization\",\"name\":\"Bellunopress\",\"url\":\"https:\\\/\\\/www.bellunopress.it\\\/\",\"logo\":{\"@type\":\"ImageObject\",\"inLanguage\":\"fr-FR\",\"@id\":\"https:\\\/\\\/www.bellunopress.it\\\/#\\\/schema\\\/logo\\\/image\\\/\",\"url\":\"https:\\\/\\\/www.bellunopress.it\\\/wp-content\\\/uploads\\\/2011\\\/05\\\/cropped-logo-bellunopress-.jpg\",\"contentUrl\":\"https:\\\/\\\/www.bellunopress.it\\\/wp-content\\\/uploads\\\/2011\\\/05\\\/cropped-logo-bellunopress-.jpg\",\"width\":512,\"height\":512,\"caption\":\"Bellunopress\"},\"image\":{\"@id\":\"https:\\\/\\\/www.bellunopress.it\\\/#\\\/schema\\\/logo\\\/image\\\/\"},\"sameAs\":[\"https:\\\/\\\/www.facebook.com\\\/profile.php?id=100008943462799\",\"https:\\\/\\\/x.com\\\/bellunopress\",\"https:\\\/\\\/www.linkedin.com\\\/hp\\\/?dnr=JBzUWaJfMUw8vbXJJ2tVW5-I3jZKvC4wsoxE&amp;amp;amp;amp;amp;amp;trk=nav_responsive_tab_home\",\"https:\\\/\\\/www.youtube.com\\\/channel\\\/UCxL0wu1uN0_3_7hGG0306cw\"]},{\"@type\":\"Person\",\"@id\":\"https:\\\/\\\/www.bellunopress.it\\\/#\\\/schema\\\/person\\\/79bb06722b37ece1c03d3e94beb30d73\",\"name\":\"redazione\",\"image\":{\"@type\":\"ImageObject\",\"inLanguage\":\"fr-FR\",\"@id\":\"https:\\\/\\\/secure.gravatar.com\\\/avatar\\\/37d968a2e67a6fd04c169c4bdef102d0bc5d31b2546345219e348575eb80e9a0?s=96&d=mm&r=g\",\"url\":\"https:\\\/\\\/secure.gravatar.com\\\/avatar\\\/37d968a2e67a6fd04c169c4bdef102d0bc5d31b2546345219e348575eb80e9a0?s=96&d=mm&r=g\",\"contentUrl\":\"https:\\\/\\\/secure.gravatar.com\\\/avatar\\\/37d968a2e67a6fd04c169c4bdef102d0bc5d31b2546345219e348575eb80e9a0?s=96&d=mm&r=g\",\"caption\":\"redazione\"},\"sameAs\":[\"http:\\\/\\\/www.bellunopress.it\",\"https:\\\/\\\/x.com\\\/bellunopress\"],\"url\":\"https:\\\/\\\/www.bellunopress.it\\\/fr\\\/author\\\/redazione\\\/\"}]}<\/script>\n<!-- \/ Yoast SEO plugin. -->","yoast_head_json":{"title":"Il futuro della sanit\u00e0 in montagna  * di Renato Bressan - Bellunopress - Dolomiti","robots":{"index":"index","follow":"follow","max-snippet":"max-snippet:-1","max-image-preview":"max-image-preview:large","max-video-preview":"max-video-preview:-1"},"canonical":"https:\/\/www.bellunopress.it\/fr\/2012\/01\/20\/il-futuro-della-sanita-in-montagna-di-renato-bressan\/","og_locale":"fr_FR","og_type":"article","og_title":"Il futuro della sanit\u00e0 in montagna  * di Renato Bressan - Bellunopress - Dolomiti","og_description":"In questi giorni la quinta commissione della Regione Veneto sta discutendo gli emendamenti al nuovo Piano Socio Sanitario Regionale. All\u2019interno di un percorso di ascolto e di raccolta di contributi e proposte, organizzato dalla conferenza dei sindaci dell\u2019Ulss 1, ancora l\u2019estate scorsa assieme alle confederazione e alle categorie dei pensionati di Cisl e Uil abbiamo [&hellip;]","og_url":"https:\/\/www.bellunopress.it\/fr\/2012\/01\/20\/il-futuro-della-sanita-in-montagna-di-renato-bressan\/","og_site_name":"Bellunopress - Dolomiti","article_publisher":"https:\/\/www.facebook.com\/profile.php?id=100008943462799","article_published_time":"2012-01-20T20:31:42+00:00","og_image":[{"url":"http:\/\/www.bellunopress.it\/wp-content\/uploads\/2011\/09\/renato-bressan-300x256.jpg","type":"","width":"","height":""}],"author":"redazione","twitter_card":"summary_large_image","twitter_creator":"@bellunopress","twitter_site":"@bellunopress","twitter_misc":{"\u00c9crit par":"redazione","Dur\u00e9e de lecture estim\u00e9e":"1 minute"},"schema":{"@context":"https:\/\/schema.org","@graph":[{"@type":"Article","@id":"https:\/\/www.bellunopress.it\/2012\/01\/20\/il-futuro-della-sanita-in-montagna-di-renato-bressan\/#article","isPartOf":{"@id":"https:\/\/www.bellunopress.it\/2012\/01\/20\/il-futuro-della-sanita-in-montagna-di-renato-bressan\/"},"author":{"name":"redazione","@id":"https:\/\/www.bellunopress.it\/#\/schema\/person\/79bb06722b37ece1c03d3e94beb30d73"},"headline":"Il futuro della sanit\u00e0 in montagna * di Renato Bressan","datePublished":"2012-01-20T20:31:42+00:00","mainEntityOfPage":{"@id":"https:\/\/www.bellunopress.it\/2012\/01\/20\/il-futuro-della-sanita-in-montagna-di-renato-bressan\/"},"wordCount":273,"publisher":{"@id":"https:\/\/www.bellunopress.it\/#organization"},"image":{"@id":"https:\/\/www.bellunopress.it\/2012\/01\/20\/il-futuro-della-sanita-in-montagna-di-renato-bressan\/#primaryimage"},"thumbnailUrl":"http:\/\/www.bellunopress.it\/wp-content\/uploads\/2011\/09\/renato-bressan-300x256.jpg","articleSection":["Prima Pagina","Sanit\u00e0 Medicina"],"inLanguage":"fr-FR"},{"@type":"WebPage","@id":"https:\/\/www.bellunopress.it\/2012\/01\/20\/il-futuro-della-sanita-in-montagna-di-renato-bressan\/","url":"https:\/\/www.bellunopress.it\/2012\/01\/20\/il-futuro-della-sanita-in-montagna-di-renato-bressan\/","name":"Il futuro della sanit\u00e0 in montagna * di Renato Bressan - Bellunopress - Dolomiti","isPartOf":{"@id":"https:\/\/www.bellunopress.it\/#website"},"primaryImageOfPage":{"@id":"https:\/\/www.bellunopress.it\/2012\/01\/20\/il-futuro-della-sanita-in-montagna-di-renato-bressan\/#primaryimage"},"image":{"@id":"https:\/\/www.bellunopress.it\/2012\/01\/20\/il-futuro-della-sanita-in-montagna-di-renato-bressan\/#primaryimage"},"thumbnailUrl":"http:\/\/www.bellunopress.it\/wp-content\/uploads\/2011\/09\/renato-bressan-300x256.jpg","datePublished":"2012-01-20T20:31:42+00:00","breadcrumb":{"@id":"https:\/\/www.bellunopress.it\/2012\/01\/20\/il-futuro-della-sanita-in-montagna-di-renato-bressan\/#breadcrumb"},"inLanguage":"fr-FR","potentialAction":[{"@type":"ReadAction","target":["https:\/\/www.bellunopress.it\/2012\/01\/20\/il-futuro-della-sanita-in-montagna-di-renato-bressan\/"]}]},{"@type":"ImageObject","inLanguage":"fr-FR","@id":"https:\/\/www.bellunopress.it\/2012\/01\/20\/il-futuro-della-sanita-in-montagna-di-renato-bressan\/#primaryimage","url":"http:\/\/www.bellunopress.it\/wp-content\/uploads\/2011\/09\/renato-bressan-300x256.jpg","contentUrl":"http:\/\/www.bellunopress.it\/wp-content\/uploads\/2011\/09\/renato-bressan-300x256.jpg"},{"@type":"BreadcrumbList","@id":"https:\/\/www.bellunopress.it\/2012\/01\/20\/il-futuro-della-sanita-in-montagna-di-renato-bressan\/#breadcrumb","itemListElement":[{"@type":"ListItem","position":1,"name":"Home","item":"https:\/\/www.bellunopress.it\/"},{"@type":"ListItem","position":2,"name":"Il futuro della sanit\u00e0 in montagna * di Renato Bressan"}]},{"@type":"WebSite","@id":"https:\/\/www.bellunopress.it\/#website","url":"https:\/\/www.bellunopress.it\/","name":"Bellunopress - Dolomiti","description":"e-mail: redazione@bellunopress.it","publisher":{"@id":"https:\/\/www.bellunopress.it\/#organization"},"potentialAction":[{"@type":"SearchAction","target":{"@type":"EntryPoint","urlTemplate":"https:\/\/www.bellunopress.it\/?s={search_term_string}"},"query-input":{"@type":"PropertyValueSpecification","valueRequired":true,"valueName":"search_term_string"}}],"inLanguage":"fr-FR"},{"@type":"Organization","@id":"https:\/\/www.bellunopress.it\/#organization","name":"Bellunopress","url":"https:\/\/www.bellunopress.it\/","logo":{"@type":"ImageObject","inLanguage":"fr-FR","@id":"https:\/\/www.bellunopress.it\/#\/schema\/logo\/image\/","url":"https:\/\/www.bellunopress.it\/wp-content\/uploads\/2011\/05\/cropped-logo-bellunopress-.jpg","contentUrl":"https:\/\/www.bellunopress.it\/wp-content\/uploads\/2011\/05\/cropped-logo-bellunopress-.jpg","width":512,"height":512,"caption":"Bellunopress"},"image":{"@id":"https:\/\/www.bellunopress.it\/#\/schema\/logo\/image\/"},"sameAs":["https:\/\/www.facebook.com\/profile.php?id=100008943462799","https:\/\/x.com\/bellunopress","https:\/\/www.linkedin.com\/hp\/?dnr=JBzUWaJfMUw8vbXJJ2tVW5-I3jZKvC4wsoxE&amp;amp;amp;amp;amp;amp;trk=nav_responsive_tab_home","https:\/\/www.youtube.com\/channel\/UCxL0wu1uN0_3_7hGG0306cw"]},{"@type":"Person","@id":"https:\/\/www.bellunopress.it\/#\/schema\/person\/79bb06722b37ece1c03d3e94beb30d73","name":"r\u00e9daction","image":{"@type":"ImageObject","inLanguage":"fr-FR","@id":"https:\/\/secure.gravatar.com\/avatar\/37d968a2e67a6fd04c169c4bdef102d0bc5d31b2546345219e348575eb80e9a0?s=96&d=mm&r=g","url":"https:\/\/secure.gravatar.com\/avatar\/37d968a2e67a6fd04c169c4bdef102d0bc5d31b2546345219e348575eb80e9a0?s=96&d=mm&r=g","contentUrl":"https:\/\/secure.gravatar.com\/avatar\/37d968a2e67a6fd04c169c4bdef102d0bc5d31b2546345219e348575eb80e9a0?s=96&d=mm&r=g","caption":"redazione"},"sameAs":["http:\/\/www.bellunopress.it","https:\/\/x.com\/bellunopress"],"url":"https:\/\/www.bellunopress.it\/fr\/author\/redazione\/"}]}},"_links":{"self":[{"href":"https:\/\/www.bellunopress.it\/fr\/wp-json\/wp\/v2\/posts\/34305","targetHints":{"allow":["GET"]}}],"collection":[{"href":"https:\/\/www.bellunopress.it\/fr\/wp-json\/wp\/v2\/posts"}],"about":[{"href":"https:\/\/www.bellunopress.it\/fr\/wp-json\/wp\/v2\/types\/post"}],"author":[{"embeddable":true,"href":"https:\/\/www.bellunopress.it\/fr\/wp-json\/wp\/v2\/users\/2"}],"replies":[{"embeddable":true,"href":"https:\/\/www.bellunopress.it\/fr\/wp-json\/wp\/v2\/comments?post=34305"}],"version-history":[{"count":2,"href":"https:\/\/www.bellunopress.it\/fr\/wp-json\/wp\/v2\/posts\/34305\/revisions"}],"predecessor-version":[{"id":34307,"href":"https:\/\/www.bellunopress.it\/fr\/wp-json\/wp\/v2\/posts\/34305\/revisions\/34307"}],"wp:attachment":[{"href":"https:\/\/www.bellunopress.it\/fr\/wp-json\/wp\/v2\/media?parent=34305"}],"wp:term":[{"taxonomy":"category","embeddable":true,"href":"https:\/\/www.bellunopress.it\/fr\/wp-json\/wp\/v2\/categories?post=34305"},{"taxonomy":"post_tag","embeddable":true,"href":"https:\/\/www.bellunopress.it\/fr\/wp-json\/wp\/v2\/tags?post=34305"}],"curies":[{"name":"wp","href":"https:\/\/api.w.org\/{rel}","templated":true}]}}