{"id":34302,"date":"2012-01-20T14:22:27","date_gmt":"2012-01-20T13:22:27","guid":{"rendered":"http:\/\/www.bellunopress.it\/?p=34302"},"modified":"2012-01-20T14:22:27","modified_gmt":"2012-01-20T13:22:27","slug":"cansiglio-una-macelleria-a-cielo-aperto-zanoni-idv-sono-pronto-a-denunciare-il-caso-allue","status":"publish","type":"post","link":"https:\/\/www.bellunopress.it\/fr\/2012\/01\/20\/cansiglio-una-macelleria-a-cielo-aperto-zanoni-idv-sono-pronto-a-denunciare-il-caso-allue\/","title":{"rendered":"Cansiglio, una macelleria a cielo aperto.  Zanoni (IdV): &#8220;Sono pronto a denunciare il caso all\u2019UE\u201d"},"content":{"rendered":"<p><a href=\"http:\/\/www.bellunopress.it\/wp-content\/uploads\/2012\/01\/andrea-zanoni.jpg\"><img loading=\"lazy\" decoding=\"async\" class=\"alignleft size-full wp-image-34303\" title=\"andrea zanoni\" src=\"http:\/\/www.bellunopress.it\/wp-content\/uploads\/2012\/01\/andrea-zanoni.jpg\" alt=\"\" width=\"220\" height=\"220\" srcset=\"https:\/\/www.bellunopress.it\/wp-content\/uploads\/2012\/01\/andrea-zanoni.jpg 220w, https:\/\/www.bellunopress.it\/wp-content\/uploads\/2012\/01\/andrea-zanoni-150x150.jpg 150w\" sizes=\"auto, (max-width: 220px) 100vw, 220px\" \/><\/a>La Regione Veneto insieme alle provincie di Belluno, Treviso e Pordenone, ha recentemente approvato l\u2019abbattimento di ben 1.600 Cervi nei prossimi 3 anni in Cansiglio, una foresta demaniale situata per lo pi\u00f9 in provincia di Treviso e in buona parte protetta come Sic (Sito di importanza comunitaria) e Zps (Zone di Protezione Speciale) oltre che da sempre preclusa all\u2019attivit\u00e0 di caccia.<br \/>\nLa mattanza \u00e8 prescritta dal &#8220;Piano di controllo del cervo nel comprensorio del Cansiglio, 2011- 2013\u201d che prevede in particolare l\u2019abbattimento soprattutto delle femmine e dei piccoli sotto i 12 mesi, per fermare la crescita della popolazione. A breve partir\u00e0 la caccia fuori dal Cansiglio e a primavera addirittura dentro alla foresta protetta.<br \/>\n\u201cQuesto non \u00e8 un piano di controllo del cervo &#8211; dichiara Andrea Zanoni, europarlamentare IDV \u2013 ma una vera e propria mattanza legalizzata, addirittura all\u2019interno della foresta demaniale dove da sempre \u00e8 vietata la caccia, ma evidentemente al nostro governatore Zaia e alla Lega, diventata ormai il partito delle doppiette, questo non interessa\u201d.<br \/>\n\u201cDopo aver trasformato il Veneto in una macelleria di piccoli uccelli migratori, protetti dall\u2019Unione Europea, dallo Stato italiano e molto utili all\u2019agricoltura, con la caccia in deroga, \u2013 continua Zanoni \u2013 la Lega adesso sta trasformando in una macelleria una tra le poche e pi\u00f9 belle aree protette della regione, che mai prima aveva ospitato le doppiette\u201d.<br \/>\n\u201cFa rabbrividire il fatto di prevedere addirittura in via preferenziale l\u2019abbattimento delle femmine e dei piccoli sotto i 12 mesi. Il Cansiglio \u00e8 sempre stato un paradiso, anche per le migliaia di turisti e di appassionati che venivano a farci visita, dando lavoro a guide naturalistiche, hotel, rifugi e le osterie di tutto il comprensorio. Cosa troveranno nei prossimi anni? Branchi di cacciatori con binocoli e fucili di precisione, cervi braccati e in fuga e i loro cuccioli sterminati?\u201d.<br \/>\n\u201cTra l&#8217;altro sono gli stessi cacciatori a lamentare il fatto che non riescono ad abbattere le quote di cervi gi\u00e0 assegnate per la caccia ordinaria nelle aree esterne al Cansiglio, prova che il numero di Cervi non \u00e8 quello che ci vogliono far credere ma molto, molto inferiore\u201d.<br \/>\n\u201cVoglio andare fino in fondo a questa vicenda, sto valutando eventuali infrazioni alla Direttiva Habitat per poi denunciare formalmente la questione alla Commissione Europea &#8211; conclude Zanoni \u2013 non \u00e8 accettabile autorizzare una simile mattanza, per di pi\u00f9 senza cercare dei veri metodi alternativi per risolvere il problema, e quando ci sono enti in Italia che stanno portando avanti una politica di ripopolamento dei cervi, come in Abruzzo, e li comprano addirittura da altri stati, mentre noi li facciamo ammazzare per il piacere di una sparutissima schiera di cacciatori\u201d.<\/p>","protected":false},"excerpt":{"rendered":"<p>La Regione Veneto insieme alle provincie di Belluno, Treviso e Pordenone, ha recentemente approvato l\u2019abbattimento di ben 1.600 Cervi nei prossimi 3 anni in Cansiglio, una foresta demaniale situata per lo pi\u00f9 in provincia di Treviso e in buona parte protetta come Sic (Sito di importanza comunitaria) e Zps (Zone di Protezione Speciale) oltre che [&hellip;]<\/p>\n","protected":false},"author":2,"featured_media":0,"comment_status":"closed","ping_status":"open","sticky":false,"template":"","format":"standard","meta":{"footnotes":""},"categories":[1],"tags":[],"class_list":["post-34302","post","type-post","status-publish","format-standard","category-leo"],"yoast_head":"<!-- This site is optimized with the Yoast SEO plugin v28.4 - https:\/\/yoast.com\/product\/yoast-seo-wordpress\/ -->\n<title>Cansiglio, una macelleria a cielo aperto. Zanoni (IdV): &quot;Sono pronto a denunciare il caso all\u2019UE\u201d - Bellunopress - Dolomiti<\/title>\n<meta name=\"robots\" content=\"index, follow, max-snippet:-1, max-image-preview:large, max-video-preview:-1\" \/>\n<link rel=\"canonical\" href=\"https:\/\/www.bellunopress.it\/fr\/2012\/01\/20\/cansiglio-una-macelleria-a-cielo-aperto-zanoni-idv-sono-pronto-a-denunciare-il-caso-allue\/\" \/>\n<meta property=\"og:locale\" content=\"fr_FR\" \/>\n<meta property=\"og:type\" content=\"article\" \/>\n<meta property=\"og:title\" content=\"Cansiglio, una macelleria a cielo aperto. Zanoni (IdV): &quot;Sono pronto a denunciare il caso all\u2019UE\u201d - Bellunopress - Dolomiti\" \/>\n<meta property=\"og:description\" content=\"La Regione Veneto insieme alle provincie di Belluno, Treviso e Pordenone, ha recentemente approvato l\u2019abbattimento di ben 1.600 Cervi nei prossimi 3 anni in Cansiglio, una foresta demaniale situata per lo pi\u00f9 in provincia di Treviso e in buona parte protetta come Sic (Sito di importanza comunitaria) e Zps (Zone di Protezione Speciale) oltre che [&hellip;]\" \/>\n<meta property=\"og:url\" content=\"https:\/\/www.bellunopress.it\/fr\/2012\/01\/20\/cansiglio-una-macelleria-a-cielo-aperto-zanoni-idv-sono-pronto-a-denunciare-il-caso-allue\/\" \/>\n<meta property=\"og:site_name\" content=\"Bellunopress - Dolomiti\" \/>\n<meta property=\"article:publisher\" content=\"https:\/\/www.facebook.com\/profile.php?id=100008943462799\" \/>\n<meta property=\"article:published_time\" content=\"2012-01-20T13:22:27+00:00\" \/>\n<meta property=\"og:image\" content=\"http:\/\/www.bellunopress.it\/wp-content\/uploads\/2012\/01\/andrea-zanoni.jpg\" \/>\n<meta name=\"author\" content=\"redazione\" \/>\n<meta name=\"twitter:card\" content=\"summary_large_image\" \/>\n<meta name=\"twitter:creator\" content=\"@bellunopress\" \/>\n<meta name=\"twitter:site\" content=\"@bellunopress\" \/>\n<meta name=\"twitter:label1\" content=\"\u00c9crit par\" \/>\n\t<meta name=\"twitter:data1\" content=\"redazione\" \/>\n\t<meta name=\"twitter:label2\" content=\"Dur\u00e9e de lecture estim\u00e9e\" \/>\n\t<meta name=\"twitter:data2\" content=\"2 minutes\" \/>\n<script type=\"application\/ld+json\" class=\"yoast-schema-graph\">{\"@context\":\"https:\\\/\\\/schema.org\",\"@graph\":[{\"@type\":\"Article\",\"@id\":\"https:\\\/\\\/www.bellunopress.it\\\/2012\\\/01\\\/20\\\/cansiglio-una-macelleria-a-cielo-aperto-zanoni-idv-sono-pronto-a-denunciare-il-caso-allue\\\/#article\",\"isPartOf\":{\"@id\":\"https:\\\/\\\/www.bellunopress.it\\\/2012\\\/01\\\/20\\\/cansiglio-una-macelleria-a-cielo-aperto-zanoni-idv-sono-pronto-a-denunciare-il-caso-allue\\\/\"},\"author\":{\"name\":\"redazione\",\"@id\":\"https:\\\/\\\/www.bellunopress.it\\\/#\\\/schema\\\/person\\\/79bb06722b37ece1c03d3e94beb30d73\"},\"headline\":\"Cansiglio, una macelleria a cielo aperto. Zanoni (IdV): &#8220;Sono pronto a denunciare il caso all\u2019UE\u201d\",\"datePublished\":\"2012-01-20T13:22:27+00:00\",\"mainEntityOfPage\":{\"@id\":\"https:\\\/\\\/www.bellunopress.it\\\/2012\\\/01\\\/20\\\/cansiglio-una-macelleria-a-cielo-aperto-zanoni-idv-sono-pronto-a-denunciare-il-caso-allue\\\/\"},\"wordCount\":449,\"publisher\":{\"@id\":\"https:\\\/\\\/www.bellunopress.it\\\/#organization\"},\"image\":{\"@id\":\"https:\\\/\\\/www.bellunopress.it\\\/2012\\\/01\\\/20\\\/cansiglio-una-macelleria-a-cielo-aperto-zanoni-idv-sono-pronto-a-denunciare-il-caso-allue\\\/#primaryimage\"},\"thumbnailUrl\":\"http:\\\/\\\/www.bellunopress.it\\\/wp-content\\\/uploads\\\/2012\\\/01\\\/andrea-zanoni.jpg\",\"articleSection\":[\"Lettere Opinioni\"],\"inLanguage\":\"fr-FR\"},{\"@type\":\"WebPage\",\"@id\":\"https:\\\/\\\/www.bellunopress.it\\\/2012\\\/01\\\/20\\\/cansiglio-una-macelleria-a-cielo-aperto-zanoni-idv-sono-pronto-a-denunciare-il-caso-allue\\\/\",\"url\":\"https:\\\/\\\/www.bellunopress.it\\\/2012\\\/01\\\/20\\\/cansiglio-una-macelleria-a-cielo-aperto-zanoni-idv-sono-pronto-a-denunciare-il-caso-allue\\\/\",\"name\":\"Cansiglio, una macelleria a cielo aperto. Zanoni (IdV): \\\"Sono pronto a denunciare il caso all\u2019UE\u201d - Bellunopress - Dolomiti\",\"isPartOf\":{\"@id\":\"https:\\\/\\\/www.bellunopress.it\\\/#website\"},\"primaryImageOfPage\":{\"@id\":\"https:\\\/\\\/www.bellunopress.it\\\/2012\\\/01\\\/20\\\/cansiglio-una-macelleria-a-cielo-aperto-zanoni-idv-sono-pronto-a-denunciare-il-caso-allue\\\/#primaryimage\"},\"image\":{\"@id\":\"https:\\\/\\\/www.bellunopress.it\\\/2012\\\/01\\\/20\\\/cansiglio-una-macelleria-a-cielo-aperto-zanoni-idv-sono-pronto-a-denunciare-il-caso-allue\\\/#primaryimage\"},\"thumbnailUrl\":\"http:\\\/\\\/www.bellunopress.it\\\/wp-content\\\/uploads\\\/2012\\\/01\\\/andrea-zanoni.jpg\",\"datePublished\":\"2012-01-20T13:22:27+00:00\",\"breadcrumb\":{\"@id\":\"https:\\\/\\\/www.bellunopress.it\\\/2012\\\/01\\\/20\\\/cansiglio-una-macelleria-a-cielo-aperto-zanoni-idv-sono-pronto-a-denunciare-il-caso-allue\\\/#breadcrumb\"},\"inLanguage\":\"fr-FR\",\"potentialAction\":[{\"@type\":\"ReadAction\",\"target\":[\"https:\\\/\\\/www.bellunopress.it\\\/2012\\\/01\\\/20\\\/cansiglio-una-macelleria-a-cielo-aperto-zanoni-idv-sono-pronto-a-denunciare-il-caso-allue\\\/\"]}]},{\"@type\":\"ImageObject\",\"inLanguage\":\"fr-FR\",\"@id\":\"https:\\\/\\\/www.bellunopress.it\\\/2012\\\/01\\\/20\\\/cansiglio-una-macelleria-a-cielo-aperto-zanoni-idv-sono-pronto-a-denunciare-il-caso-allue\\\/#primaryimage\",\"url\":\"http:\\\/\\\/www.bellunopress.it\\\/wp-content\\\/uploads\\\/2012\\\/01\\\/andrea-zanoni.jpg\",\"contentUrl\":\"http:\\\/\\\/www.bellunopress.it\\\/wp-content\\\/uploads\\\/2012\\\/01\\\/andrea-zanoni.jpg\"},{\"@type\":\"BreadcrumbList\",\"@id\":\"https:\\\/\\\/www.bellunopress.it\\\/2012\\\/01\\\/20\\\/cansiglio-una-macelleria-a-cielo-aperto-zanoni-idv-sono-pronto-a-denunciare-il-caso-allue\\\/#breadcrumb\",\"itemListElement\":[{\"@type\":\"ListItem\",\"position\":1,\"name\":\"Home\",\"item\":\"https:\\\/\\\/www.bellunopress.it\\\/\"},{\"@type\":\"ListItem\",\"position\":2,\"name\":\"Cansiglio, una macelleria a cielo aperto. Zanoni (IdV): &#8220;Sono pronto a denunciare il caso all\u2019UE\u201d\"}]},{\"@type\":\"WebSite\",\"@id\":\"https:\\\/\\\/www.bellunopress.it\\\/#website\",\"url\":\"https:\\\/\\\/www.bellunopress.it\\\/\",\"name\":\"Bellunopress - Dolomiti\",\"description\":\"e-mail: redazione@bellunopress.it\",\"publisher\":{\"@id\":\"https:\\\/\\\/www.bellunopress.it\\\/#organization\"},\"potentialAction\":[{\"@type\":\"SearchAction\",\"target\":{\"@type\":\"EntryPoint\",\"urlTemplate\":\"https:\\\/\\\/www.bellunopress.it\\\/?s={search_term_string}\"},\"query-input\":{\"@type\":\"PropertyValueSpecification\",\"valueRequired\":true,\"valueName\":\"search_term_string\"}}],\"inLanguage\":\"fr-FR\"},{\"@type\":\"Organization\",\"@id\":\"https:\\\/\\\/www.bellunopress.it\\\/#organization\",\"name\":\"Bellunopress\",\"url\":\"https:\\\/\\\/www.bellunopress.it\\\/\",\"logo\":{\"@type\":\"ImageObject\",\"inLanguage\":\"fr-FR\",\"@id\":\"https:\\\/\\\/www.bellunopress.it\\\/#\\\/schema\\\/logo\\\/image\\\/\",\"url\":\"https:\\\/\\\/www.bellunopress.it\\\/wp-content\\\/uploads\\\/2011\\\/05\\\/cropped-logo-bellunopress-.jpg\",\"contentUrl\":\"https:\\\/\\\/www.bellunopress.it\\\/wp-content\\\/uploads\\\/2011\\\/05\\\/cropped-logo-bellunopress-.jpg\",\"width\":512,\"height\":512,\"caption\":\"Bellunopress\"},\"image\":{\"@id\":\"https:\\\/\\\/www.bellunopress.it\\\/#\\\/schema\\\/logo\\\/image\\\/\"},\"sameAs\":[\"https:\\\/\\\/www.facebook.com\\\/profile.php?id=100008943462799\",\"https:\\\/\\\/x.com\\\/bellunopress\",\"https:\\\/\\\/www.linkedin.com\\\/hp\\\/?dnr=JBzUWaJfMUw8vbXJJ2tVW5-I3jZKvC4wsoxE&amp;amp;amp;amp;amp;amp;trk=nav_responsive_tab_home\",\"https:\\\/\\\/www.youtube.com\\\/channel\\\/UCxL0wu1uN0_3_7hGG0306cw\"]},{\"@type\":\"Person\",\"@id\":\"https:\\\/\\\/www.bellunopress.it\\\/#\\\/schema\\\/person\\\/79bb06722b37ece1c03d3e94beb30d73\",\"name\":\"redazione\",\"image\":{\"@type\":\"ImageObject\",\"inLanguage\":\"fr-FR\",\"@id\":\"https:\\\/\\\/secure.gravatar.com\\\/avatar\\\/37d968a2e67a6fd04c169c4bdef102d0bc5d31b2546345219e348575eb80e9a0?s=96&d=mm&r=g\",\"url\":\"https:\\\/\\\/secure.gravatar.com\\\/avatar\\\/37d968a2e67a6fd04c169c4bdef102d0bc5d31b2546345219e348575eb80e9a0?s=96&d=mm&r=g\",\"contentUrl\":\"https:\\\/\\\/secure.gravatar.com\\\/avatar\\\/37d968a2e67a6fd04c169c4bdef102d0bc5d31b2546345219e348575eb80e9a0?s=96&d=mm&r=g\",\"caption\":\"redazione\"},\"sameAs\":[\"http:\\\/\\\/www.bellunopress.it\",\"https:\\\/\\\/x.com\\\/bellunopress\"],\"url\":\"https:\\\/\\\/www.bellunopress.it\\\/fr\\\/author\\\/redazione\\\/\"}]}<\/script>\n<!-- \/ Yoast SEO plugin. -->","yoast_head_json":{"title":"Cansiglio, una macelleria a cielo aperto. Zanoni (IdV): \"Sono pronto a denunciare il caso all\u2019UE\u201d - Bellunopress - Dolomiti","robots":{"index":"index","follow":"follow","max-snippet":"max-snippet:-1","max-image-preview":"max-image-preview:large","max-video-preview":"max-video-preview:-1"},"canonical":"https:\/\/www.bellunopress.it\/fr\/2012\/01\/20\/cansiglio-una-macelleria-a-cielo-aperto-zanoni-idv-sono-pronto-a-denunciare-il-caso-allue\/","og_locale":"fr_FR","og_type":"article","og_title":"Cansiglio, una macelleria a cielo aperto. Zanoni (IdV): \"Sono pronto a denunciare il caso all\u2019UE\u201d - Bellunopress - Dolomiti","og_description":"La Regione Veneto insieme alle provincie di Belluno, Treviso e Pordenone, ha recentemente approvato l\u2019abbattimento di ben 1.600 Cervi nei prossimi 3 anni in Cansiglio, una foresta demaniale situata per lo pi\u00f9 in provincia di Treviso e in buona parte protetta come Sic (Sito di importanza comunitaria) e Zps (Zone di Protezione Speciale) oltre che [&hellip;]","og_url":"https:\/\/www.bellunopress.it\/fr\/2012\/01\/20\/cansiglio-una-macelleria-a-cielo-aperto-zanoni-idv-sono-pronto-a-denunciare-il-caso-allue\/","og_site_name":"Bellunopress - Dolomiti","article_publisher":"https:\/\/www.facebook.com\/profile.php?id=100008943462799","article_published_time":"2012-01-20T13:22:27+00:00","og_image":[{"url":"http:\/\/www.bellunopress.it\/wp-content\/uploads\/2012\/01\/andrea-zanoni.jpg","type":"","width":"","height":""}],"author":"redazione","twitter_card":"summary_large_image","twitter_creator":"@bellunopress","twitter_site":"@bellunopress","twitter_misc":{"\u00c9crit par":"redazione","Dur\u00e9e de lecture estim\u00e9e":"2 minutes"},"schema":{"@context":"https:\/\/schema.org","@graph":[{"@type":"Article","@id":"https:\/\/www.bellunopress.it\/2012\/01\/20\/cansiglio-una-macelleria-a-cielo-aperto-zanoni-idv-sono-pronto-a-denunciare-il-caso-allue\/#article","isPartOf":{"@id":"https:\/\/www.bellunopress.it\/2012\/01\/20\/cansiglio-una-macelleria-a-cielo-aperto-zanoni-idv-sono-pronto-a-denunciare-il-caso-allue\/"},"author":{"name":"redazione","@id":"https:\/\/www.bellunopress.it\/#\/schema\/person\/79bb06722b37ece1c03d3e94beb30d73"},"headline":"Cansiglio, una macelleria a cielo aperto. Zanoni (IdV): &#8220;Sono pronto a denunciare il caso all\u2019UE\u201d","datePublished":"2012-01-20T13:22:27+00:00","mainEntityOfPage":{"@id":"https:\/\/www.bellunopress.it\/2012\/01\/20\/cansiglio-una-macelleria-a-cielo-aperto-zanoni-idv-sono-pronto-a-denunciare-il-caso-allue\/"},"wordCount":449,"publisher":{"@id":"https:\/\/www.bellunopress.it\/#organization"},"image":{"@id":"https:\/\/www.bellunopress.it\/2012\/01\/20\/cansiglio-una-macelleria-a-cielo-aperto-zanoni-idv-sono-pronto-a-denunciare-il-caso-allue\/#primaryimage"},"thumbnailUrl":"http:\/\/www.bellunopress.it\/wp-content\/uploads\/2012\/01\/andrea-zanoni.jpg","articleSection":["Lettere Opinioni"],"inLanguage":"fr-FR"},{"@type":"WebPage","@id":"https:\/\/www.bellunopress.it\/2012\/01\/20\/cansiglio-una-macelleria-a-cielo-aperto-zanoni-idv-sono-pronto-a-denunciare-il-caso-allue\/","url":"https:\/\/www.bellunopress.it\/2012\/01\/20\/cansiglio-una-macelleria-a-cielo-aperto-zanoni-idv-sono-pronto-a-denunciare-il-caso-allue\/","name":"Cansiglio, una macelleria a cielo aperto. Zanoni (IdV): \"Sono pronto a denunciare il caso all\u2019UE\u201d - Bellunopress - Dolomiti","isPartOf":{"@id":"https:\/\/www.bellunopress.it\/#website"},"primaryImageOfPage":{"@id":"https:\/\/www.bellunopress.it\/2012\/01\/20\/cansiglio-una-macelleria-a-cielo-aperto-zanoni-idv-sono-pronto-a-denunciare-il-caso-allue\/#primaryimage"},"image":{"@id":"https:\/\/www.bellunopress.it\/2012\/01\/20\/cansiglio-una-macelleria-a-cielo-aperto-zanoni-idv-sono-pronto-a-denunciare-il-caso-allue\/#primaryimage"},"thumbnailUrl":"http:\/\/www.bellunopress.it\/wp-content\/uploads\/2012\/01\/andrea-zanoni.jpg","datePublished":"2012-01-20T13:22:27+00:00","breadcrumb":{"@id":"https:\/\/www.bellunopress.it\/2012\/01\/20\/cansiglio-una-macelleria-a-cielo-aperto-zanoni-idv-sono-pronto-a-denunciare-il-caso-allue\/#breadcrumb"},"inLanguage":"fr-FR","potentialAction":[{"@type":"ReadAction","target":["https:\/\/www.bellunopress.it\/2012\/01\/20\/cansiglio-una-macelleria-a-cielo-aperto-zanoni-idv-sono-pronto-a-denunciare-il-caso-allue\/"]}]},{"@type":"ImageObject","inLanguage":"fr-FR","@id":"https:\/\/www.bellunopress.it\/2012\/01\/20\/cansiglio-una-macelleria-a-cielo-aperto-zanoni-idv-sono-pronto-a-denunciare-il-caso-allue\/#primaryimage","url":"http:\/\/www.bellunopress.it\/wp-content\/uploads\/2012\/01\/andrea-zanoni.jpg","contentUrl":"http:\/\/www.bellunopress.it\/wp-content\/uploads\/2012\/01\/andrea-zanoni.jpg"},{"@type":"BreadcrumbList","@id":"https:\/\/www.bellunopress.it\/2012\/01\/20\/cansiglio-una-macelleria-a-cielo-aperto-zanoni-idv-sono-pronto-a-denunciare-il-caso-allue\/#breadcrumb","itemListElement":[{"@type":"ListItem","position":1,"name":"Home","item":"https:\/\/www.bellunopress.it\/"},{"@type":"ListItem","position":2,"name":"Cansiglio, una macelleria a cielo aperto. Zanoni (IdV): &#8220;Sono pronto a denunciare il caso all\u2019UE\u201d"}]},{"@type":"WebSite","@id":"https:\/\/www.bellunopress.it\/#website","url":"https:\/\/www.bellunopress.it\/","name":"Bellunopress - Dolomiti","description":"e-mail: redazione@bellunopress.it","publisher":{"@id":"https:\/\/www.bellunopress.it\/#organization"},"potentialAction":[{"@type":"SearchAction","target":{"@type":"EntryPoint","urlTemplate":"https:\/\/www.bellunopress.it\/?s={search_term_string}"},"query-input":{"@type":"PropertyValueSpecification","valueRequired":true,"valueName":"search_term_string"}}],"inLanguage":"fr-FR"},{"@type":"Organization","@id":"https:\/\/www.bellunopress.it\/#organization","name":"Bellunopress","url":"https:\/\/www.bellunopress.it\/","logo":{"@type":"ImageObject","inLanguage":"fr-FR","@id":"https:\/\/www.bellunopress.it\/#\/schema\/logo\/image\/","url":"https:\/\/www.bellunopress.it\/wp-content\/uploads\/2011\/05\/cropped-logo-bellunopress-.jpg","contentUrl":"https:\/\/www.bellunopress.it\/wp-content\/uploads\/2011\/05\/cropped-logo-bellunopress-.jpg","width":512,"height":512,"caption":"Bellunopress"},"image":{"@id":"https:\/\/www.bellunopress.it\/#\/schema\/logo\/image\/"},"sameAs":["https:\/\/www.facebook.com\/profile.php?id=100008943462799","https:\/\/x.com\/bellunopress","https:\/\/www.linkedin.com\/hp\/?dnr=JBzUWaJfMUw8vbXJJ2tVW5-I3jZKvC4wsoxE&amp;amp;amp;amp;amp;amp;trk=nav_responsive_tab_home","https:\/\/www.youtube.com\/channel\/UCxL0wu1uN0_3_7hGG0306cw"]},{"@type":"Person","@id":"https:\/\/www.bellunopress.it\/#\/schema\/person\/79bb06722b37ece1c03d3e94beb30d73","name":"r\u00e9daction","image":{"@type":"ImageObject","inLanguage":"fr-FR","@id":"https:\/\/secure.gravatar.com\/avatar\/37d968a2e67a6fd04c169c4bdef102d0bc5d31b2546345219e348575eb80e9a0?s=96&d=mm&r=g","url":"https:\/\/secure.gravatar.com\/avatar\/37d968a2e67a6fd04c169c4bdef102d0bc5d31b2546345219e348575eb80e9a0?s=96&d=mm&r=g","contentUrl":"https:\/\/secure.gravatar.com\/avatar\/37d968a2e67a6fd04c169c4bdef102d0bc5d31b2546345219e348575eb80e9a0?s=96&d=mm&r=g","caption":"redazione"},"sameAs":["http:\/\/www.bellunopress.it","https:\/\/x.com\/bellunopress"],"url":"https:\/\/www.bellunopress.it\/fr\/author\/redazione\/"}]}},"_links":{"self":[{"href":"https:\/\/www.bellunopress.it\/fr\/wp-json\/wp\/v2\/posts\/34302","targetHints":{"allow":["GET"]}}],"collection":[{"href":"https:\/\/www.bellunopress.it\/fr\/wp-json\/wp\/v2\/posts"}],"about":[{"href":"https:\/\/www.bellunopress.it\/fr\/wp-json\/wp\/v2\/types\/post"}],"author":[{"embeddable":true,"href":"https:\/\/www.bellunopress.it\/fr\/wp-json\/wp\/v2\/users\/2"}],"replies":[{"embeddable":true,"href":"https:\/\/www.bellunopress.it\/fr\/wp-json\/wp\/v2\/comments?post=34302"}],"version-history":[{"count":1,"href":"https:\/\/www.bellunopress.it\/fr\/wp-json\/wp\/v2\/posts\/34302\/revisions"}],"predecessor-version":[{"id":34304,"href":"https:\/\/www.bellunopress.it\/fr\/wp-json\/wp\/v2\/posts\/34302\/revisions\/34304"}],"wp:attachment":[{"href":"https:\/\/www.bellunopress.it\/fr\/wp-json\/wp\/v2\/media?parent=34302"}],"wp:term":[{"taxonomy":"category","embeddable":true,"href":"https:\/\/www.bellunopress.it\/fr\/wp-json\/wp\/v2\/categories?post=34302"},{"taxonomy":"post_tag","embeddable":true,"href":"https:\/\/www.bellunopress.it\/fr\/wp-json\/wp\/v2\/tags?post=34302"}],"curies":[{"name":"wp","href":"https:\/\/api.w.org\/{rel}","templated":true}]}}