{"id":34264,"date":"2012-01-18T20:17:26","date_gmt":"2012-01-18T19:17:26","guid":{"rendered":"http:\/\/www.bellunopress.it\/?p=34264"},"modified":"2012-01-18T20:17:26","modified_gmt":"2012-01-18T19:17:26","slug":"strigliata-allassessore-passuello-da-francesco-dagostino-presidente-dellassociazione-nazionale-delle-compagnie-e-delle-residenze-di-innovazione-teatrale","status":"publish","type":"post","link":"https:\/\/www.bellunopress.it\/fr\/2012\/01\/18\/strigliata-allassessore-passuello-da-francesco-dagostino-presidente-dellassociazione-nazionale-delle-compagnie-e-delle-residenze-di-innovazione-teatrale\/","title":{"rendered":"Strigliata all&#8217;assessore Passuello da Francesco D&#8217;Agostino, presidente dell&#8217;Associazione nazionale delle Compagnie e delle Residenze di Innovazione Teatrale"},"content":{"rendered":"<p>Scrivo in relazione a quanto pubblicato in data 17 gennaio u.s. a nome della scrivente associazione che presiedo e che rappresenta l\u2019attivit\u00e0 di quelle imprese inquadrabili come \u201cResidenze\u201d.<\/p>\n<p>A precisazione di quanto asserito dall\u2019Assessore Passuello, vorrei sottolineare che, seppure il Ministero dei Beni e delle Attivit\u00e0 Culturali in questo momento non abbia ancora normato l\u2019attivit\u00e0 delle Residenze, in incontri ufficiali avuti per la riformulazione di quei decreti che regolano l\u2019accesso ai contributi statali, \u00e8 stata data rassicurazione sulla introduzione di nuove norme che ne confermino l\u2019esistenza. Scrivo confermino perch\u00e9, in realt\u00e0, le Residenze sono esperienze gi\u00e0 esistenti, tanto da essere state previste in alcune leggi regionali gi\u00e0 approvate (ed in altre in via di approvazione), oltre che nel DDL \u201cLegge quadro sullo spettacolo dal vivo\u201d attualmente in discussione in Commissione Cultura, sezione redigente, alla Camera dei Deputati. E d&#8217;altronde l\u2019assessore Passuello sa di aver fatto una premessa alquanto inutile, tanto pi\u00f9 che poco pi\u00f9 avanti \u00e8 lei stessa ad ammettere testualmente [\u2026] Inoltre le convenzioni di \u201cresidenze teatrali\u201d sono sottoscritte previo bando pubblico dove possono partecipare tutte le compagnie i cui obiettivi vengono decisi dall\u2019ente proprietario dello spazio. [\u2026] Dove sta quindi il problema? Si attrezzi, l\u2019Assessore, a pubblicare un bando pubblico dove si facciano concorrere tutte le strutture professionali del territorio affinch\u00e9 possano gestire al meglio la struttura del Teatro Comunale in ordine alla produzione di spettacoli, organizzazione di una o pi\u00f9 stagioni aperte ad un pubblico, il pi\u00f9 ampio possibile, e tutte le altre funzioni il Comune voglia mettere come linee per una gestione ottimale di un BENE PUBBLICO rappresentato dal Teatro Comunale. Non credo che a questo eventuale bando, il Tib si sottrarrebbe, ben conoscendo le qualit\u00e0 artistiche ed imprenditoriali di quella struttura.<\/p>\n<p>Francesco D&#8217;Agostino *<\/p>\n<p>* Presidente A.N.C.R.I.T. Associazione Nazionale delle Compagnie e delle Residenze di Innovazione Teatrale Via di Villa Patrizi, 10 \u2013 00161 Roma E-mail: <a href=\"mailto:UfficioTeatro@agisweb.it\">UfficioTeatro@agisweb.it<\/a><\/p>\n","protected":false},"excerpt":{"rendered":"<p>Scrivo in relazione a quanto pubblicato in data 17 gennaio u.s. a nome della scrivente associazione che presiedo e che rappresenta l\u2019attivit\u00e0 di quelle imprese inquadrabili come \u201cResidenze\u201d. A precisazione di quanto asserito dall\u2019Assessore Passuello, vorrei sottolineare che, seppure il Ministero dei Beni e delle Attivit\u00e0 Culturali in questo momento non abbia ancora normato l\u2019attivit\u00e0 [&hellip;]<\/p>\n","protected":false},"author":2,"featured_media":0,"comment_status":"closed","ping_status":"open","sticky":false,"template":"","format":"standard","meta":{"footnotes":""},"categories":[3,1,26],"tags":[],"class_list":["post-34264","post","type-post","status-publish","format-standard","category-arte-cultura-spettacoli-scienza-archivi","category-leo","category-prima-pagina"],"yoast_head":"<!-- This site is optimized with the Yoast SEO plugin v28.4 - https:\/\/yoast.com\/product\/yoast-seo-wordpress\/ -->\n<title>Strigliata all&#039;assessore Passuello da Francesco D&#039;Agostino, presidente dell&#039;Associazione nazionale delle Compagnie e delle Residenze di Innovazione Teatrale - Bellunopress - Dolomiti<\/title>\n<meta name=\"robots\" content=\"index, follow, max-snippet:-1, max-image-preview:large, max-video-preview:-1\" \/>\n<link rel=\"canonical\" href=\"https:\/\/www.bellunopress.it\/fr\/2012\/01\/18\/strigliata-allassessore-passuello-da-francesco-dagostino-presidente-dellassociazione-nazionale-delle-compagnie-e-delle-residenze-di-innovazione-teatrale\/\" \/>\n<meta property=\"og:locale\" content=\"fr_FR\" \/>\n<meta property=\"og:type\" content=\"article\" \/>\n<meta property=\"og:title\" content=\"Strigliata all&#039;assessore Passuello da Francesco D&#039;Agostino, presidente dell&#039;Associazione nazionale delle Compagnie e delle Residenze di Innovazione Teatrale - Bellunopress - Dolomiti\" \/>\n<meta property=\"og:description\" content=\"Scrivo in relazione a quanto pubblicato in data 17 gennaio u.s. a nome della scrivente associazione che presiedo e che rappresenta l\u2019attivit\u00e0 di quelle imprese inquadrabili come \u201cResidenze\u201d. A precisazione di quanto asserito dall\u2019Assessore Passuello, vorrei sottolineare che, seppure il Ministero dei Beni e delle Attivit\u00e0 Culturali in questo momento non abbia ancora normato l\u2019attivit\u00e0 [&hellip;]\" \/>\n<meta property=\"og:url\" content=\"https:\/\/www.bellunopress.it\/fr\/2012\/01\/18\/strigliata-allassessore-passuello-da-francesco-dagostino-presidente-dellassociazione-nazionale-delle-compagnie-e-delle-residenze-di-innovazione-teatrale\/\" \/>\n<meta property=\"og:site_name\" content=\"Bellunopress - Dolomiti\" \/>\n<meta property=\"article:publisher\" content=\"https:\/\/www.facebook.com\/profile.php?id=100008943462799\" \/>\n<meta property=\"article:published_time\" content=\"2012-01-18T19:17:26+00:00\" \/>\n<meta property=\"og:image\" content=\"http:\/\/www.bellunopress.it\/wp-content\/uploads\/2012\/07\/logo-bellunopress-250x250-2012.jpg\" \/>\n<meta name=\"author\" content=\"redazione\" \/>\n<meta name=\"twitter:card\" content=\"summary_large_image\" \/>\n<meta name=\"twitter:creator\" content=\"@bellunopress\" \/>\n<meta name=\"twitter:site\" content=\"@bellunopress\" \/>\n<meta name=\"twitter:label1\" content=\"Written by\" \/>\n\t<meta name=\"twitter:data1\" content=\"redazione\" \/>\n\t<meta name=\"twitter:label2\" content=\"Est. reading time\" \/>\n\t<meta name=\"twitter:data2\" content=\"2 minutes\" \/>\n<script type=\"application\/ld+json\" class=\"yoast-schema-graph\">{\"@context\":\"https:\\\/\\\/schema.org\",\"@graph\":[{\"@type\":\"Article\",\"@id\":\"https:\\\/\\\/www.bellunopress.it\\\/2012\\\/01\\\/18\\\/strigliata-allassessore-passuello-da-francesco-dagostino-presidente-dellassociazione-nazionale-delle-compagnie-e-delle-residenze-di-innovazione-teatrale\\\/#article\",\"isPartOf\":{\"@id\":\"https:\\\/\\\/www.bellunopress.it\\\/2012\\\/01\\\/18\\\/strigliata-allassessore-passuello-da-francesco-dagostino-presidente-dellassociazione-nazionale-delle-compagnie-e-delle-residenze-di-innovazione-teatrale\\\/\"},\"author\":{\"name\":\"redazione\",\"@id\":\"https:\\\/\\\/www.bellunopress.it\\\/#\\\/schema\\\/person\\\/79bb06722b37ece1c03d3e94beb30d73\"},\"headline\":\"Strigliata all&#8217;assessore Passuello da Francesco D&#8217;Agostino, presidente dell&#8217;Associazione nazionale delle Compagnie e delle Residenze di Innovazione Teatrale\",\"datePublished\":\"2012-01-18T19:17:26+00:00\",\"mainEntityOfPage\":{\"@id\":\"https:\\\/\\\/www.bellunopress.it\\\/2012\\\/01\\\/18\\\/strigliata-allassessore-passuello-da-francesco-dagostino-presidente-dellassociazione-nazionale-delle-compagnie-e-delle-residenze-di-innovazione-teatrale\\\/\"},\"wordCount\":340,\"publisher\":{\"@id\":\"https:\\\/\\\/www.bellunopress.it\\\/#organization\"},\"articleSection\":[\"Arte, Cultura, Spettacoli, Scienza\",\"Lettere Opinioni\",\"Prima Pagina\"],\"inLanguage\":\"fr-FR\"},{\"@type\":\"WebPage\",\"@id\":\"https:\\\/\\\/www.bellunopress.it\\\/2012\\\/01\\\/18\\\/strigliata-allassessore-passuello-da-francesco-dagostino-presidente-dellassociazione-nazionale-delle-compagnie-e-delle-residenze-di-innovazione-teatrale\\\/\",\"url\":\"https:\\\/\\\/www.bellunopress.it\\\/2012\\\/01\\\/18\\\/strigliata-allassessore-passuello-da-francesco-dagostino-presidente-dellassociazione-nazionale-delle-compagnie-e-delle-residenze-di-innovazione-teatrale\\\/\",\"name\":\"Strigliata all'assessore Passuello da Francesco D'Agostino, presidente dell'Associazione nazionale delle Compagnie e delle Residenze di Innovazione Teatrale - Bellunopress - Dolomiti\",\"isPartOf\":{\"@id\":\"https:\\\/\\\/www.bellunopress.it\\\/#website\"},\"datePublished\":\"2012-01-18T19:17:26+00:00\",\"breadcrumb\":{\"@id\":\"https:\\\/\\\/www.bellunopress.it\\\/2012\\\/01\\\/18\\\/strigliata-allassessore-passuello-da-francesco-dagostino-presidente-dellassociazione-nazionale-delle-compagnie-e-delle-residenze-di-innovazione-teatrale\\\/#breadcrumb\"},\"inLanguage\":\"fr-FR\",\"potentialAction\":[{\"@type\":\"ReadAction\",\"target\":[\"https:\\\/\\\/www.bellunopress.it\\\/2012\\\/01\\\/18\\\/strigliata-allassessore-passuello-da-francesco-dagostino-presidente-dellassociazione-nazionale-delle-compagnie-e-delle-residenze-di-innovazione-teatrale\\\/\"]}]},{\"@type\":\"BreadcrumbList\",\"@id\":\"https:\\\/\\\/www.bellunopress.it\\\/2012\\\/01\\\/18\\\/strigliata-allassessore-passuello-da-francesco-dagostino-presidente-dellassociazione-nazionale-delle-compagnie-e-delle-residenze-di-innovazione-teatrale\\\/#breadcrumb\",\"itemListElement\":[{\"@type\":\"ListItem\",\"position\":1,\"name\":\"Home\",\"item\":\"https:\\\/\\\/www.bellunopress.it\\\/\"},{\"@type\":\"ListItem\",\"position\":2,\"name\":\"Strigliata all&#8217;assessore Passuello da Francesco D&#8217;Agostino, presidente dell&#8217;Associazione nazionale delle Compagnie e delle Residenze di Innovazione Teatrale\"}]},{\"@type\":\"WebSite\",\"@id\":\"https:\\\/\\\/www.bellunopress.it\\\/#website\",\"url\":\"https:\\\/\\\/www.bellunopress.it\\\/\",\"name\":\"Bellunopress - Dolomiti\",\"description\":\"e-mail: redazione@bellunopress.it\",\"publisher\":{\"@id\":\"https:\\\/\\\/www.bellunopress.it\\\/#organization\"},\"potentialAction\":[{\"@type\":\"SearchAction\",\"target\":{\"@type\":\"EntryPoint\",\"urlTemplate\":\"https:\\\/\\\/www.bellunopress.it\\\/?s={search_term_string}\"},\"query-input\":{\"@type\":\"PropertyValueSpecification\",\"valueRequired\":true,\"valueName\":\"search_term_string\"}}],\"inLanguage\":\"fr-FR\"},{\"@type\":\"Organization\",\"@id\":\"https:\\\/\\\/www.bellunopress.it\\\/#organization\",\"name\":\"Bellunopress\",\"url\":\"https:\\\/\\\/www.bellunopress.it\\\/\",\"logo\":{\"@type\":\"ImageObject\",\"inLanguage\":\"fr-FR\",\"@id\":\"https:\\\/\\\/www.bellunopress.it\\\/#\\\/schema\\\/logo\\\/image\\\/\",\"url\":\"https:\\\/\\\/www.bellunopress.it\\\/wp-content\\\/uploads\\\/2011\\\/05\\\/cropped-logo-bellunopress-.jpg\",\"contentUrl\":\"https:\\\/\\\/www.bellunopress.it\\\/wp-content\\\/uploads\\\/2011\\\/05\\\/cropped-logo-bellunopress-.jpg\",\"width\":512,\"height\":512,\"caption\":\"Bellunopress\"},\"image\":{\"@id\":\"https:\\\/\\\/www.bellunopress.it\\\/#\\\/schema\\\/logo\\\/image\\\/\"},\"sameAs\":[\"https:\\\/\\\/www.facebook.com\\\/profile.php?id=100008943462799\",\"https:\\\/\\\/x.com\\\/bellunopress\",\"https:\\\/\\\/www.linkedin.com\\\/hp\\\/?dnr=JBzUWaJfMUw8vbXJJ2tVW5-I3jZKvC4wsoxE&amp;amp;amp;amp;amp;amp;trk=nav_responsive_tab_home\",\"https:\\\/\\\/www.youtube.com\\\/channel\\\/UCxL0wu1uN0_3_7hGG0306cw\"]},{\"@type\":\"Person\",\"@id\":\"https:\\\/\\\/www.bellunopress.it\\\/#\\\/schema\\\/person\\\/79bb06722b37ece1c03d3e94beb30d73\",\"name\":\"redazione\",\"image\":{\"@type\":\"ImageObject\",\"inLanguage\":\"fr-FR\",\"@id\":\"https:\\\/\\\/secure.gravatar.com\\\/avatar\\\/37d968a2e67a6fd04c169c4bdef102d0bc5d31b2546345219e348575eb80e9a0?s=96&d=mm&r=g\",\"url\":\"https:\\\/\\\/secure.gravatar.com\\\/avatar\\\/37d968a2e67a6fd04c169c4bdef102d0bc5d31b2546345219e348575eb80e9a0?s=96&d=mm&r=g\",\"contentUrl\":\"https:\\\/\\\/secure.gravatar.com\\\/avatar\\\/37d968a2e67a6fd04c169c4bdef102d0bc5d31b2546345219e348575eb80e9a0?s=96&d=mm&r=g\",\"caption\":\"redazione\"},\"sameAs\":[\"http:\\\/\\\/www.bellunopress.it\",\"https:\\\/\\\/x.com\\\/bellunopress\"],\"url\":\"https:\\\/\\\/www.bellunopress.it\\\/fr\\\/author\\\/redazione\\\/\"}]}<\/script>\n<!-- \/ Yoast SEO plugin. -->","yoast_head_json":{"title":"Strigliata all'assessore Passuello da Francesco D'Agostino, presidente dell'Associazione nazionale delle Compagnie e delle Residenze di Innovazione Teatrale - Bellunopress - Dolomiti","robots":{"index":"index","follow":"follow","max-snippet":"max-snippet:-1","max-image-preview":"max-image-preview:large","max-video-preview":"max-video-preview:-1"},"canonical":"https:\/\/www.bellunopress.it\/fr\/2012\/01\/18\/strigliata-allassessore-passuello-da-francesco-dagostino-presidente-dellassociazione-nazionale-delle-compagnie-e-delle-residenze-di-innovazione-teatrale\/","og_locale":"fr_FR","og_type":"article","og_title":"Strigliata all'assessore Passuello da Francesco D'Agostino, presidente dell'Associazione nazionale delle Compagnie e delle Residenze di Innovazione Teatrale - Bellunopress - Dolomiti","og_description":"Scrivo in relazione a quanto pubblicato in data 17 gennaio u.s. a nome della scrivente associazione che presiedo e che rappresenta l\u2019attivit\u00e0 di quelle imprese inquadrabili come \u201cResidenze\u201d. A precisazione di quanto asserito dall\u2019Assessore Passuello, vorrei sottolineare che, seppure il Ministero dei Beni e delle Attivit\u00e0 Culturali in questo momento non abbia ancora normato l\u2019attivit\u00e0 [&hellip;]","og_url":"https:\/\/www.bellunopress.it\/fr\/2012\/01\/18\/strigliata-allassessore-passuello-da-francesco-dagostino-presidente-dellassociazione-nazionale-delle-compagnie-e-delle-residenze-di-innovazione-teatrale\/","og_site_name":"Bellunopress - Dolomiti","article_publisher":"https:\/\/www.facebook.com\/profile.php?id=100008943462799","article_published_time":"2012-01-18T19:17:26+00:00","og_image":[{"url":"http:\/\/www.bellunopress.it\/wp-content\/uploads\/2012\/07\/logo-bellunopress-250x250-2012.jpg","type":"","width":"","height":""}],"author":"redazione","twitter_card":"summary_large_image","twitter_creator":"@bellunopress","twitter_site":"@bellunopress","twitter_misc":{"Written by":"redazione","Est. reading time":"2 minutes"},"schema":{"@context":"https:\/\/schema.org","@graph":[{"@type":"Article","@id":"https:\/\/www.bellunopress.it\/2012\/01\/18\/strigliata-allassessore-passuello-da-francesco-dagostino-presidente-dellassociazione-nazionale-delle-compagnie-e-delle-residenze-di-innovazione-teatrale\/#article","isPartOf":{"@id":"https:\/\/www.bellunopress.it\/2012\/01\/18\/strigliata-allassessore-passuello-da-francesco-dagostino-presidente-dellassociazione-nazionale-delle-compagnie-e-delle-residenze-di-innovazione-teatrale\/"},"author":{"name":"redazione","@id":"https:\/\/www.bellunopress.it\/#\/schema\/person\/79bb06722b37ece1c03d3e94beb30d73"},"headline":"Strigliata all&#8217;assessore Passuello da Francesco D&#8217;Agostino, presidente dell&#8217;Associazione nazionale delle Compagnie e delle Residenze di Innovazione Teatrale","datePublished":"2012-01-18T19:17:26+00:00","mainEntityOfPage":{"@id":"https:\/\/www.bellunopress.it\/2012\/01\/18\/strigliata-allassessore-passuello-da-francesco-dagostino-presidente-dellassociazione-nazionale-delle-compagnie-e-delle-residenze-di-innovazione-teatrale\/"},"wordCount":340,"publisher":{"@id":"https:\/\/www.bellunopress.it\/#organization"},"articleSection":["Arte, Cultura, Spettacoli, Scienza","Lettere Opinioni","Prima Pagina"],"inLanguage":"fr-FR"},{"@type":"WebPage","@id":"https:\/\/www.bellunopress.it\/2012\/01\/18\/strigliata-allassessore-passuello-da-francesco-dagostino-presidente-dellassociazione-nazionale-delle-compagnie-e-delle-residenze-di-innovazione-teatrale\/","url":"https:\/\/www.bellunopress.it\/2012\/01\/18\/strigliata-allassessore-passuello-da-francesco-dagostino-presidente-dellassociazione-nazionale-delle-compagnie-e-delle-residenze-di-innovazione-teatrale\/","name":"Strigliata all'assessore Passuello da Francesco D'Agostino, presidente dell'Associazione nazionale delle Compagnie e delle Residenze di Innovazione Teatrale - Bellunopress - Dolomiti","isPartOf":{"@id":"https:\/\/www.bellunopress.it\/#website"},"datePublished":"2012-01-18T19:17:26+00:00","breadcrumb":{"@id":"https:\/\/www.bellunopress.it\/2012\/01\/18\/strigliata-allassessore-passuello-da-francesco-dagostino-presidente-dellassociazione-nazionale-delle-compagnie-e-delle-residenze-di-innovazione-teatrale\/#breadcrumb"},"inLanguage":"fr-FR","potentialAction":[{"@type":"ReadAction","target":["https:\/\/www.bellunopress.it\/2012\/01\/18\/strigliata-allassessore-passuello-da-francesco-dagostino-presidente-dellassociazione-nazionale-delle-compagnie-e-delle-residenze-di-innovazione-teatrale\/"]}]},{"@type":"BreadcrumbList","@id":"https:\/\/www.bellunopress.it\/2012\/01\/18\/strigliata-allassessore-passuello-da-francesco-dagostino-presidente-dellassociazione-nazionale-delle-compagnie-e-delle-residenze-di-innovazione-teatrale\/#breadcrumb","itemListElement":[{"@type":"ListItem","position":1,"name":"Home","item":"https:\/\/www.bellunopress.it\/"},{"@type":"ListItem","position":2,"name":"Strigliata all&#8217;assessore Passuello da Francesco D&#8217;Agostino, presidente dell&#8217;Associazione nazionale delle Compagnie e delle Residenze di Innovazione Teatrale"}]},{"@type":"WebSite","@id":"https:\/\/www.bellunopress.it\/#website","url":"https:\/\/www.bellunopress.it\/","name":"Bellunopress - Dolomiti","description":"e-mail: redazione@bellunopress.it","publisher":{"@id":"https:\/\/www.bellunopress.it\/#organization"},"potentialAction":[{"@type":"SearchAction","target":{"@type":"EntryPoint","urlTemplate":"https:\/\/www.bellunopress.it\/?s={search_term_string}"},"query-input":{"@type":"PropertyValueSpecification","valueRequired":true,"valueName":"search_term_string"}}],"inLanguage":"fr-FR"},{"@type":"Organization","@id":"https:\/\/www.bellunopress.it\/#organization","name":"Bellunopress","url":"https:\/\/www.bellunopress.it\/","logo":{"@type":"ImageObject","inLanguage":"fr-FR","@id":"https:\/\/www.bellunopress.it\/#\/schema\/logo\/image\/","url":"https:\/\/www.bellunopress.it\/wp-content\/uploads\/2011\/05\/cropped-logo-bellunopress-.jpg","contentUrl":"https:\/\/www.bellunopress.it\/wp-content\/uploads\/2011\/05\/cropped-logo-bellunopress-.jpg","width":512,"height":512,"caption":"Bellunopress"},"image":{"@id":"https:\/\/www.bellunopress.it\/#\/schema\/logo\/image\/"},"sameAs":["https:\/\/www.facebook.com\/profile.php?id=100008943462799","https:\/\/x.com\/bellunopress","https:\/\/www.linkedin.com\/hp\/?dnr=JBzUWaJfMUw8vbXJJ2tVW5-I3jZKvC4wsoxE&amp;amp;amp;amp;amp;amp;trk=nav_responsive_tab_home","https:\/\/www.youtube.com\/channel\/UCxL0wu1uN0_3_7hGG0306cw"]},{"@type":"Person","@id":"https:\/\/www.bellunopress.it\/#\/schema\/person\/79bb06722b37ece1c03d3e94beb30d73","name":"r\u00e9daction","image":{"@type":"ImageObject","inLanguage":"fr-FR","@id":"https:\/\/secure.gravatar.com\/avatar\/37d968a2e67a6fd04c169c4bdef102d0bc5d31b2546345219e348575eb80e9a0?s=96&d=mm&r=g","url":"https:\/\/secure.gravatar.com\/avatar\/37d968a2e67a6fd04c169c4bdef102d0bc5d31b2546345219e348575eb80e9a0?s=96&d=mm&r=g","contentUrl":"https:\/\/secure.gravatar.com\/avatar\/37d968a2e67a6fd04c169c4bdef102d0bc5d31b2546345219e348575eb80e9a0?s=96&d=mm&r=g","caption":"redazione"},"sameAs":["http:\/\/www.bellunopress.it","https:\/\/x.com\/bellunopress"],"url":"https:\/\/www.bellunopress.it\/fr\/author\/redazione\/"}]}},"_links":{"self":[{"href":"https:\/\/www.bellunopress.it\/fr\/wp-json\/wp\/v2\/posts\/34264","targetHints":{"allow":["GET"]}}],"collection":[{"href":"https:\/\/www.bellunopress.it\/fr\/wp-json\/wp\/v2\/posts"}],"about":[{"href":"https:\/\/www.bellunopress.it\/fr\/wp-json\/wp\/v2\/types\/post"}],"author":[{"embeddable":true,"href":"https:\/\/www.bellunopress.it\/fr\/wp-json\/wp\/v2\/users\/2"}],"replies":[{"embeddable":true,"href":"https:\/\/www.bellunopress.it\/fr\/wp-json\/wp\/v2\/comments?post=34264"}],"version-history":[{"count":1,"href":"https:\/\/www.bellunopress.it\/fr\/wp-json\/wp\/v2\/posts\/34264\/revisions"}],"predecessor-version":[{"id":34265,"href":"https:\/\/www.bellunopress.it\/fr\/wp-json\/wp\/v2\/posts\/34264\/revisions\/34265"}],"wp:attachment":[{"href":"https:\/\/www.bellunopress.it\/fr\/wp-json\/wp\/v2\/media?parent=34264"}],"wp:term":[{"taxonomy":"category","embeddable":true,"href":"https:\/\/www.bellunopress.it\/fr\/wp-json\/wp\/v2\/categories?post=34264"},{"taxonomy":"post_tag","embeddable":true,"href":"https:\/\/www.bellunopress.it\/fr\/wp-json\/wp\/v2\/tags?post=34264"}],"curies":[{"name":"wp","href":"https:\/\/api.w.org\/{rel}","templated":true}]}}