{"id":34258,"date":"2012-01-18T19:37:19","date_gmt":"2012-01-18T18:37:19","guid":{"rendered":"http:\/\/www.bellunopress.it\/?p=34258"},"modified":"2012-01-18T19:37:19","modified_gmt":"2012-01-18T18:37:19","slug":"la-precisazione-di-tib-teatro-allassessore-passuello","status":"publish","type":"post","link":"https:\/\/www.bellunopress.it\/fr\/2012\/01\/18\/la-precisazione-di-tib-teatro-allassessore-passuello\/","title":{"rendered":"La precisazione di Tib Teatro all&#8217;assessore Passuello"},"content":{"rendered":"<p>&nbsp;<\/p>\n<figure id=\"attachment_19196\" aria-describedby=\"caption-attachment-19196\" style=\"width: 119px\" class=\"wp-caption alignright\"><a href=\"http:\/\/www.bellunopress.it\/wp-content\/uploads\/2010\/09\/daniela-nicosia-140x119.jpg\"><img loading=\"lazy\" decoding=\"async\" class=\"size-full wp-image-19196\" title=\"daniela-nicosia-140x119\" src=\"http:\/\/www.bellunopress.it\/wp-content\/uploads\/2010\/09\/daniela-nicosia-140x119.jpg\" alt=\"\" width=\"119\" height=\"140\" \/><\/a><figcaption id=\"caption-attachment-19196\" class=\"wp-caption-text\">Daniela Nicosia<\/figcaption><\/figure>\n<figure id=\"attachment_32286\" aria-describedby=\"caption-attachment-32286\" style=\"width: 123px\" class=\"wp-caption alignleft\"><a href=\"http:\/\/www.bellunopress.it\/wp-content\/uploads\/2011\/11\/labros-mangheras.jpg\"><img loading=\"lazy\" decoding=\"async\" class=\"size-full wp-image-32286\" title=\"labros mangheras\" src=\"http:\/\/www.bellunopress.it\/wp-content\/uploads\/2011\/11\/labros-mangheras.jpg\" alt=\"\" width=\"123\" height=\"150\" \/><\/a><figcaption id=\"caption-attachment-32286\" class=\"wp-caption-text\">Labros Mangheras<\/figcaption><\/figure>\n<p>Caro Assessore,<\/p>\n<p>troppe le &#8220;inesattezze&#8221; contenute nella &#8220;sua&#8221; risposta, questa volta non saremo noi a rispondere ma l&#8217; Art.1 della Delibera della Convenzione che Lei cita:<\/p>\n<p>Articolo 1<\/p>\n<p>1) TIB Teatro,\u00a0 ente teatrale territoriale, compagnia di progetto e di residenza multidisciplinare nell&#8217;ambito del Teatro Municipale di Belluno, realizza in collaborazione con il Comune di Belluno e la Fondazione Teatri delle Dolomiti la Stagione di Teatro per l&#8217;Infanzie e la Giovent\u00f9 deonominata &#8220;Comincio dai 3&#8221; e la Stagione di Teatro Contemporaneo &#8220;DOC&#8221;, con produzioni proprie e\/o di compagnie di settore, secondo un progetto artistico ed in ragione di 28 repliche di cui almeno 3 della Stagione di Teatro Contemporaneo&#8221;DOC&#8221;, come da programma annualmente presentato corredato di relativo piano finanziario.<\/p>\n<p>La Convenzione 2006-2008 non era solo per Comincio dai 3, come Lei sostiene, ma anche per DOC (spettacoli di prosa serali). Repliche annuali 28 d&#8217;obbligo, repliche effettivamente realizzate fino a 34 l&#8217;anno, e cio\u00e8 84 spettacoli d&#8217;obbligo nel triennio, ricaduti interamente sulla nostra citt\u00e0. Contributo comunale \u20ac 50.000+IVA l&#8217;anno.<\/p>\n<p>Per quanto riguarda il Filo d&#8217;Arianna: 120 eventi di teatro, danza, musica, arti visive, letteratura in 3 anni! 40 eventi l&#8217;anno per la nostra citt\u00e0.<\/p>\n<p>I benefit di cui Lei parla esprimono la condivisione dei progetti da parte delle precedenti Amministrazioni, attitudine a Lei poco nota giacch\u00e8 gi\u00e0 il 18 settembre 2006, poco pi\u00f9 di 3 mesi dopo la sua nomina di Assessore, come attesta la lettera in allegato, vengono messe in discussione le convenzioni (identica lettera anche per il Filo d&#8217;Arianna).<\/p>\n<p>Il termine &#8220;rendite di posizione&#8221;, poi, non era stato usato da altri a Lei assai vicini? Possiamo fornire rassegna stampa in proposito.<\/p>\n<p>Le &#8220;inesattezze&#8221; contenute nella sua risposta sono molteplici, ma preferiamo rispondere solo su questi punti emblematici perch\u00e8 ci\u00f2 che pi\u00f9 dispiace \u00e8 che le sue &#8220;inesattezze&#8221; continuano a colpire il lavoro.<\/p>\n<p>Tib Teatro<\/p>\n<p>&nbsp;<\/p>","protected":false},"excerpt":{"rendered":"<p>&nbsp; Caro Assessore, troppe le &#8220;inesattezze&#8221; contenute nella &#8220;sua&#8221; risposta, questa volta non saremo noi a rispondere ma l&#8217; Art.1 della Delibera della Convenzione che Lei cita: Articolo 1 1) TIB Teatro,\u00a0 ente teatrale territoriale, compagnia di progetto e di residenza multidisciplinare nell&#8217;ambito del Teatro Municipale di Belluno, realizza in collaborazione con il Comune di [&hellip;]<\/p>\n","protected":false},"author":2,"featured_media":0,"comment_status":"closed","ping_status":"open","sticky":false,"template":"","format":"standard","meta":{"footnotes":""},"categories":[3,5,26],"tags":[],"class_list":["post-34258","post","type-post","status-publish","format-standard","category-arte-cultura-spettacoli-scienza-archivi","category-cronaca","category-prima-pagina"],"yoast_head":"<!-- This site is optimized with the Yoast SEO plugin v28.4 - https:\/\/yoast.com\/product\/yoast-seo-wordpress\/ -->\n<title>La precisazione di Tib Teatro all&#039;assessore Passuello - Bellunopress - Dolomiti<\/title>\n<meta name=\"robots\" content=\"index, follow, max-snippet:-1, max-image-preview:large, max-video-preview:-1\" \/>\n<link rel=\"canonical\" href=\"https:\/\/www.bellunopress.it\/fr\/2012\/01\/18\/la-precisazione-di-tib-teatro-allassessore-passuello\/\" \/>\n<meta property=\"og:locale\" content=\"fr_FR\" \/>\n<meta property=\"og:type\" content=\"article\" \/>\n<meta property=\"og:title\" content=\"La precisazione di Tib Teatro all&#039;assessore Passuello - Bellunopress - Dolomiti\" \/>\n<meta property=\"og:description\" content=\"&nbsp; Caro Assessore, troppe le &#8220;inesattezze&#8221; contenute nella &#8220;sua&#8221; risposta, questa volta non saremo noi a rispondere ma l&#8217; Art.1 della Delibera della Convenzione che Lei cita: Articolo 1 1) TIB Teatro,\u00a0 ente teatrale territoriale, compagnia di progetto e di residenza multidisciplinare nell&#8217;ambito del Teatro Municipale di Belluno, realizza in collaborazione con il Comune di [&hellip;]\" \/>\n<meta property=\"og:url\" content=\"https:\/\/www.bellunopress.it\/fr\/2012\/01\/18\/la-precisazione-di-tib-teatro-allassessore-passuello\/\" \/>\n<meta property=\"og:site_name\" content=\"Bellunopress - Dolomiti\" \/>\n<meta property=\"article:publisher\" content=\"https:\/\/www.facebook.com\/profile.php?id=100008943462799\" \/>\n<meta property=\"article:published_time\" content=\"2012-01-18T18:37:19+00:00\" \/>\n<meta property=\"og:image\" content=\"http:\/\/www.bellunopress.it\/wp-content\/uploads\/2010\/09\/daniela-nicosia-140x119.jpg\" \/>\n<meta name=\"author\" content=\"redazione\" \/>\n<meta name=\"twitter:card\" content=\"summary_large_image\" \/>\n<meta name=\"twitter:creator\" content=\"@bellunopress\" \/>\n<meta name=\"twitter:site\" content=\"@bellunopress\" \/>\n<meta name=\"twitter:label1\" content=\"Written by\" \/>\n\t<meta name=\"twitter:data1\" content=\"redazione\" \/>\n\t<meta name=\"twitter:label2\" content=\"Est. reading time\" \/>\n\t<meta name=\"twitter:data2\" content=\"2 minutes\" \/>\n<script type=\"application\/ld+json\" class=\"yoast-schema-graph\">{\"@context\":\"https:\\\/\\\/schema.org\",\"@graph\":[{\"@type\":\"Article\",\"@id\":\"https:\\\/\\\/www.bellunopress.it\\\/2012\\\/01\\\/18\\\/la-precisazione-di-tib-teatro-allassessore-passuello\\\/#article\",\"isPartOf\":{\"@id\":\"https:\\\/\\\/www.bellunopress.it\\\/2012\\\/01\\\/18\\\/la-precisazione-di-tib-teatro-allassessore-passuello\\\/\"},\"author\":{\"name\":\"redazione\",\"@id\":\"https:\\\/\\\/www.bellunopress.it\\\/#\\\/schema\\\/person\\\/79bb06722b37ece1c03d3e94beb30d73\"},\"headline\":\"La precisazione di Tib Teatro all&#8217;assessore Passuello\",\"datePublished\":\"2012-01-18T18:37:19+00:00\",\"mainEntityOfPage\":{\"@id\":\"https:\\\/\\\/www.bellunopress.it\\\/2012\\\/01\\\/18\\\/la-precisazione-di-tib-teatro-allassessore-passuello\\\/\"},\"wordCount\":328,\"publisher\":{\"@id\":\"https:\\\/\\\/www.bellunopress.it\\\/#organization\"},\"image\":{\"@id\":\"https:\\\/\\\/www.bellunopress.it\\\/2012\\\/01\\\/18\\\/la-precisazione-di-tib-teatro-allassessore-passuello\\\/#primaryimage\"},\"thumbnailUrl\":\"http:\\\/\\\/www.bellunopress.it\\\/wp-content\\\/uploads\\\/2010\\\/09\\\/daniela-nicosia-140x119.jpg\",\"articleSection\":[\"Arte, Cultura, Spettacoli, Scienza\",\"Cronaca\\\/Politica\",\"Prima Pagina\"],\"inLanguage\":\"fr-FR\"},{\"@type\":\"WebPage\",\"@id\":\"https:\\\/\\\/www.bellunopress.it\\\/2012\\\/01\\\/18\\\/la-precisazione-di-tib-teatro-allassessore-passuello\\\/\",\"url\":\"https:\\\/\\\/www.bellunopress.it\\\/2012\\\/01\\\/18\\\/la-precisazione-di-tib-teatro-allassessore-passuello\\\/\",\"name\":\"La precisazione di Tib Teatro all'assessore Passuello - Bellunopress - Dolomiti\",\"isPartOf\":{\"@id\":\"https:\\\/\\\/www.bellunopress.it\\\/#website\"},\"primaryImageOfPage\":{\"@id\":\"https:\\\/\\\/www.bellunopress.it\\\/2012\\\/01\\\/18\\\/la-precisazione-di-tib-teatro-allassessore-passuello\\\/#primaryimage\"},\"image\":{\"@id\":\"https:\\\/\\\/www.bellunopress.it\\\/2012\\\/01\\\/18\\\/la-precisazione-di-tib-teatro-allassessore-passuello\\\/#primaryimage\"},\"thumbnailUrl\":\"http:\\\/\\\/www.bellunopress.it\\\/wp-content\\\/uploads\\\/2010\\\/09\\\/daniela-nicosia-140x119.jpg\",\"datePublished\":\"2012-01-18T18:37:19+00:00\",\"breadcrumb\":{\"@id\":\"https:\\\/\\\/www.bellunopress.it\\\/2012\\\/01\\\/18\\\/la-precisazione-di-tib-teatro-allassessore-passuello\\\/#breadcrumb\"},\"inLanguage\":\"fr-FR\",\"potentialAction\":[{\"@type\":\"ReadAction\",\"target\":[\"https:\\\/\\\/www.bellunopress.it\\\/2012\\\/01\\\/18\\\/la-precisazione-di-tib-teatro-allassessore-passuello\\\/\"]}]},{\"@type\":\"ImageObject\",\"inLanguage\":\"fr-FR\",\"@id\":\"https:\\\/\\\/www.bellunopress.it\\\/2012\\\/01\\\/18\\\/la-precisazione-di-tib-teatro-allassessore-passuello\\\/#primaryimage\",\"url\":\"http:\\\/\\\/www.bellunopress.it\\\/wp-content\\\/uploads\\\/2010\\\/09\\\/daniela-nicosia-140x119.jpg\",\"contentUrl\":\"http:\\\/\\\/www.bellunopress.it\\\/wp-content\\\/uploads\\\/2010\\\/09\\\/daniela-nicosia-140x119.jpg\"},{\"@type\":\"BreadcrumbList\",\"@id\":\"https:\\\/\\\/www.bellunopress.it\\\/2012\\\/01\\\/18\\\/la-precisazione-di-tib-teatro-allassessore-passuello\\\/#breadcrumb\",\"itemListElement\":[{\"@type\":\"ListItem\",\"position\":1,\"name\":\"Home\",\"item\":\"https:\\\/\\\/www.bellunopress.it\\\/\"},{\"@type\":\"ListItem\",\"position\":2,\"name\":\"La precisazione di Tib Teatro all&#8217;assessore Passuello\"}]},{\"@type\":\"WebSite\",\"@id\":\"https:\\\/\\\/www.bellunopress.it\\\/#website\",\"url\":\"https:\\\/\\\/www.bellunopress.it\\\/\",\"name\":\"Bellunopress - Dolomiti\",\"description\":\"e-mail: redazione@bellunopress.it\",\"publisher\":{\"@id\":\"https:\\\/\\\/www.bellunopress.it\\\/#organization\"},\"potentialAction\":[{\"@type\":\"SearchAction\",\"target\":{\"@type\":\"EntryPoint\",\"urlTemplate\":\"https:\\\/\\\/www.bellunopress.it\\\/?s={search_term_string}\"},\"query-input\":{\"@type\":\"PropertyValueSpecification\",\"valueRequired\":true,\"valueName\":\"search_term_string\"}}],\"inLanguage\":\"fr-FR\"},{\"@type\":\"Organization\",\"@id\":\"https:\\\/\\\/www.bellunopress.it\\\/#organization\",\"name\":\"Bellunopress\",\"url\":\"https:\\\/\\\/www.bellunopress.it\\\/\",\"logo\":{\"@type\":\"ImageObject\",\"inLanguage\":\"fr-FR\",\"@id\":\"https:\\\/\\\/www.bellunopress.it\\\/#\\\/schema\\\/logo\\\/image\\\/\",\"url\":\"https:\\\/\\\/www.bellunopress.it\\\/wp-content\\\/uploads\\\/2011\\\/05\\\/cropped-logo-bellunopress-.jpg\",\"contentUrl\":\"https:\\\/\\\/www.bellunopress.it\\\/wp-content\\\/uploads\\\/2011\\\/05\\\/cropped-logo-bellunopress-.jpg\",\"width\":512,\"height\":512,\"caption\":\"Bellunopress\"},\"image\":{\"@id\":\"https:\\\/\\\/www.bellunopress.it\\\/#\\\/schema\\\/logo\\\/image\\\/\"},\"sameAs\":[\"https:\\\/\\\/www.facebook.com\\\/profile.php?id=100008943462799\",\"https:\\\/\\\/x.com\\\/bellunopress\",\"https:\\\/\\\/www.linkedin.com\\\/hp\\\/?dnr=JBzUWaJfMUw8vbXJJ2tVW5-I3jZKvC4wsoxE&amp;amp;amp;amp;amp;amp;trk=nav_responsive_tab_home\",\"https:\\\/\\\/www.youtube.com\\\/channel\\\/UCxL0wu1uN0_3_7hGG0306cw\"]},{\"@type\":\"Person\",\"@id\":\"https:\\\/\\\/www.bellunopress.it\\\/#\\\/schema\\\/person\\\/79bb06722b37ece1c03d3e94beb30d73\",\"name\":\"redazione\",\"image\":{\"@type\":\"ImageObject\",\"inLanguage\":\"fr-FR\",\"@id\":\"https:\\\/\\\/secure.gravatar.com\\\/avatar\\\/37d968a2e67a6fd04c169c4bdef102d0bc5d31b2546345219e348575eb80e9a0?s=96&d=mm&r=g\",\"url\":\"https:\\\/\\\/secure.gravatar.com\\\/avatar\\\/37d968a2e67a6fd04c169c4bdef102d0bc5d31b2546345219e348575eb80e9a0?s=96&d=mm&r=g\",\"contentUrl\":\"https:\\\/\\\/secure.gravatar.com\\\/avatar\\\/37d968a2e67a6fd04c169c4bdef102d0bc5d31b2546345219e348575eb80e9a0?s=96&d=mm&r=g\",\"caption\":\"redazione\"},\"sameAs\":[\"http:\\\/\\\/www.bellunopress.it\",\"https:\\\/\\\/x.com\\\/bellunopress\"],\"url\":\"https:\\\/\\\/www.bellunopress.it\\\/fr\\\/author\\\/redazione\\\/\"}]}<\/script>\n<!-- \/ Yoast SEO plugin. -->","yoast_head_json":{"title":"La precisazione di Tib Teatro all'assessore Passuello - Bellunopress - Dolomiti","robots":{"index":"index","follow":"follow","max-snippet":"max-snippet:-1","max-image-preview":"max-image-preview:large","max-video-preview":"max-video-preview:-1"},"canonical":"https:\/\/www.bellunopress.it\/fr\/2012\/01\/18\/la-precisazione-di-tib-teatro-allassessore-passuello\/","og_locale":"fr_FR","og_type":"article","og_title":"La precisazione di Tib Teatro all'assessore Passuello - Bellunopress - Dolomiti","og_description":"&nbsp; Caro Assessore, troppe le &#8220;inesattezze&#8221; contenute nella &#8220;sua&#8221; risposta, questa volta non saremo noi a rispondere ma l&#8217; Art.1 della Delibera della Convenzione che Lei cita: Articolo 1 1) TIB Teatro,\u00a0 ente teatrale territoriale, compagnia di progetto e di residenza multidisciplinare nell&#8217;ambito del Teatro Municipale di Belluno, realizza in collaborazione con il Comune di [&hellip;]","og_url":"https:\/\/www.bellunopress.it\/fr\/2012\/01\/18\/la-precisazione-di-tib-teatro-allassessore-passuello\/","og_site_name":"Bellunopress - Dolomiti","article_publisher":"https:\/\/www.facebook.com\/profile.php?id=100008943462799","article_published_time":"2012-01-18T18:37:19+00:00","og_image":[{"url":"http:\/\/www.bellunopress.it\/wp-content\/uploads\/2010\/09\/daniela-nicosia-140x119.jpg","type":"","width":"","height":""}],"author":"redazione","twitter_card":"summary_large_image","twitter_creator":"@bellunopress","twitter_site":"@bellunopress","twitter_misc":{"Written by":"redazione","Est. reading time":"2 minutes"},"schema":{"@context":"https:\/\/schema.org","@graph":[{"@type":"Article","@id":"https:\/\/www.bellunopress.it\/2012\/01\/18\/la-precisazione-di-tib-teatro-allassessore-passuello\/#article","isPartOf":{"@id":"https:\/\/www.bellunopress.it\/2012\/01\/18\/la-precisazione-di-tib-teatro-allassessore-passuello\/"},"author":{"name":"redazione","@id":"https:\/\/www.bellunopress.it\/#\/schema\/person\/79bb06722b37ece1c03d3e94beb30d73"},"headline":"La precisazione di Tib Teatro all&#8217;assessore Passuello","datePublished":"2012-01-18T18:37:19+00:00","mainEntityOfPage":{"@id":"https:\/\/www.bellunopress.it\/2012\/01\/18\/la-precisazione-di-tib-teatro-allassessore-passuello\/"},"wordCount":328,"publisher":{"@id":"https:\/\/www.bellunopress.it\/#organization"},"image":{"@id":"https:\/\/www.bellunopress.it\/2012\/01\/18\/la-precisazione-di-tib-teatro-allassessore-passuello\/#primaryimage"},"thumbnailUrl":"http:\/\/www.bellunopress.it\/wp-content\/uploads\/2010\/09\/daniela-nicosia-140x119.jpg","articleSection":["Arte, Cultura, Spettacoli, Scienza","Cronaca\/Politica","Prima Pagina"],"inLanguage":"fr-FR"},{"@type":"WebPage","@id":"https:\/\/www.bellunopress.it\/2012\/01\/18\/la-precisazione-di-tib-teatro-allassessore-passuello\/","url":"https:\/\/www.bellunopress.it\/2012\/01\/18\/la-precisazione-di-tib-teatro-allassessore-passuello\/","name":"La precisazione di Tib Teatro all'assessore Passuello - Bellunopress - Dolomiti","isPartOf":{"@id":"https:\/\/www.bellunopress.it\/#website"},"primaryImageOfPage":{"@id":"https:\/\/www.bellunopress.it\/2012\/01\/18\/la-precisazione-di-tib-teatro-allassessore-passuello\/#primaryimage"},"image":{"@id":"https:\/\/www.bellunopress.it\/2012\/01\/18\/la-precisazione-di-tib-teatro-allassessore-passuello\/#primaryimage"},"thumbnailUrl":"http:\/\/www.bellunopress.it\/wp-content\/uploads\/2010\/09\/daniela-nicosia-140x119.jpg","datePublished":"2012-01-18T18:37:19+00:00","breadcrumb":{"@id":"https:\/\/www.bellunopress.it\/2012\/01\/18\/la-precisazione-di-tib-teatro-allassessore-passuello\/#breadcrumb"},"inLanguage":"fr-FR","potentialAction":[{"@type":"ReadAction","target":["https:\/\/www.bellunopress.it\/2012\/01\/18\/la-precisazione-di-tib-teatro-allassessore-passuello\/"]}]},{"@type":"ImageObject","inLanguage":"fr-FR","@id":"https:\/\/www.bellunopress.it\/2012\/01\/18\/la-precisazione-di-tib-teatro-allassessore-passuello\/#primaryimage","url":"http:\/\/www.bellunopress.it\/wp-content\/uploads\/2010\/09\/daniela-nicosia-140x119.jpg","contentUrl":"http:\/\/www.bellunopress.it\/wp-content\/uploads\/2010\/09\/daniela-nicosia-140x119.jpg"},{"@type":"BreadcrumbList","@id":"https:\/\/www.bellunopress.it\/2012\/01\/18\/la-precisazione-di-tib-teatro-allassessore-passuello\/#breadcrumb","itemListElement":[{"@type":"ListItem","position":1,"name":"Home","item":"https:\/\/www.bellunopress.it\/"},{"@type":"ListItem","position":2,"name":"La precisazione di Tib Teatro all&#8217;assessore Passuello"}]},{"@type":"WebSite","@id":"https:\/\/www.bellunopress.it\/#website","url":"https:\/\/www.bellunopress.it\/","name":"Bellunopress - Dolomiti","description":"e-mail: redazione@bellunopress.it","publisher":{"@id":"https:\/\/www.bellunopress.it\/#organization"},"potentialAction":[{"@type":"SearchAction","target":{"@type":"EntryPoint","urlTemplate":"https:\/\/www.bellunopress.it\/?s={search_term_string}"},"query-input":{"@type":"PropertyValueSpecification","valueRequired":true,"valueName":"search_term_string"}}],"inLanguage":"fr-FR"},{"@type":"Organization","@id":"https:\/\/www.bellunopress.it\/#organization","name":"Bellunopress","url":"https:\/\/www.bellunopress.it\/","logo":{"@type":"ImageObject","inLanguage":"fr-FR","@id":"https:\/\/www.bellunopress.it\/#\/schema\/logo\/image\/","url":"https:\/\/www.bellunopress.it\/wp-content\/uploads\/2011\/05\/cropped-logo-bellunopress-.jpg","contentUrl":"https:\/\/www.bellunopress.it\/wp-content\/uploads\/2011\/05\/cropped-logo-bellunopress-.jpg","width":512,"height":512,"caption":"Bellunopress"},"image":{"@id":"https:\/\/www.bellunopress.it\/#\/schema\/logo\/image\/"},"sameAs":["https:\/\/www.facebook.com\/profile.php?id=100008943462799","https:\/\/x.com\/bellunopress","https:\/\/www.linkedin.com\/hp\/?dnr=JBzUWaJfMUw8vbXJJ2tVW5-I3jZKvC4wsoxE&amp;amp;amp;amp;amp;amp;trk=nav_responsive_tab_home","https:\/\/www.youtube.com\/channel\/UCxL0wu1uN0_3_7hGG0306cw"]},{"@type":"Person","@id":"https:\/\/www.bellunopress.it\/#\/schema\/person\/79bb06722b37ece1c03d3e94beb30d73","name":"r\u00e9daction","image":{"@type":"ImageObject","inLanguage":"fr-FR","@id":"https:\/\/secure.gravatar.com\/avatar\/37d968a2e67a6fd04c169c4bdef102d0bc5d31b2546345219e348575eb80e9a0?s=96&d=mm&r=g","url":"https:\/\/secure.gravatar.com\/avatar\/37d968a2e67a6fd04c169c4bdef102d0bc5d31b2546345219e348575eb80e9a0?s=96&d=mm&r=g","contentUrl":"https:\/\/secure.gravatar.com\/avatar\/37d968a2e67a6fd04c169c4bdef102d0bc5d31b2546345219e348575eb80e9a0?s=96&d=mm&r=g","caption":"redazione"},"sameAs":["http:\/\/www.bellunopress.it","https:\/\/x.com\/bellunopress"],"url":"https:\/\/www.bellunopress.it\/fr\/author\/redazione\/"}]}},"_links":{"self":[{"href":"https:\/\/www.bellunopress.it\/fr\/wp-json\/wp\/v2\/posts\/34258","targetHints":{"allow":["GET"]}}],"collection":[{"href":"https:\/\/www.bellunopress.it\/fr\/wp-json\/wp\/v2\/posts"}],"about":[{"href":"https:\/\/www.bellunopress.it\/fr\/wp-json\/wp\/v2\/types\/post"}],"author":[{"embeddable":true,"href":"https:\/\/www.bellunopress.it\/fr\/wp-json\/wp\/v2\/users\/2"}],"replies":[{"embeddable":true,"href":"https:\/\/www.bellunopress.it\/fr\/wp-json\/wp\/v2\/comments?post=34258"}],"version-history":[{"count":1,"href":"https:\/\/www.bellunopress.it\/fr\/wp-json\/wp\/v2\/posts\/34258\/revisions"}],"predecessor-version":[{"id":34259,"href":"https:\/\/www.bellunopress.it\/fr\/wp-json\/wp\/v2\/posts\/34258\/revisions\/34259"}],"wp:attachment":[{"href":"https:\/\/www.bellunopress.it\/fr\/wp-json\/wp\/v2\/media?parent=34258"}],"wp:term":[{"taxonomy":"category","embeddable":true,"href":"https:\/\/www.bellunopress.it\/fr\/wp-json\/wp\/v2\/categories?post=34258"},{"taxonomy":"post_tag","embeddable":true,"href":"https:\/\/www.bellunopress.it\/fr\/wp-json\/wp\/v2\/tags?post=34258"}],"curies":[{"name":"wp","href":"https:\/\/api.w.org\/{rel}","templated":true}]}}