{"id":34253,"date":"2012-01-18T18:13:41","date_gmt":"2012-01-18T17:13:41","guid":{"rendered":"http:\/\/www.bellunopress.it\/?p=34253"},"modified":"2012-01-18T18:13:41","modified_gmt":"2012-01-18T17:13:41","slug":"scuola-comunale-di-musicaantonio-miari-storia-di-un-successo","status":"publish","type":"post","link":"https:\/\/www.bellunopress.it\/fr\/2012\/01\/18\/scuola-comunale-di-musicaantonio-miari-storia-di-un-successo\/","title":{"rendered":"Scuola Comunale di Musica\u201dAntonio Miari\u201d: storia di un successo"},"content":{"rendered":"<figure id=\"attachment_33894\" aria-describedby=\"caption-attachment-33894\" style=\"width: 232px\" class=\"wp-caption alignleft\"><a href=\"http:\/\/www.bellunopress.it\/wp-content\/uploads\/2012\/01\/auditorium.jpg\"><img loading=\"lazy\" decoding=\"async\" class=\"size-full wp-image-33894\" title=\"auditorium\" src=\"http:\/\/www.bellunopress.it\/wp-content\/uploads\/2012\/01\/auditorium.jpg\" alt=\"\" width=\"232\" height=\"290\" \/><\/a><figcaption id=\"caption-attachment-33894\" class=\"wp-caption-text\">Auditorium comunale di Belluno<\/figcaption><\/figure>\n<p>\u201cLa relazione sull&#8217;andamento degli anni accademici che vanno dal 2007 al 2012, a firma della coordinatrice della Scuola Comunale di Musica \u201cAntonio Miari\u201d, \u00e8 la conferma che avevamo visto giusto quando abbiamo deciso di trasformare la nostra Scuola Comunale in Dipartimento provinciale del Conservatorio di Vicenza. Il numero degli iscritti e di coloro che hanno raggiunto l&#8217;idoneit\u00e0, i corsi svolti, le attivit\u00e0 musicali in Citt\u00e0, la preparazione degli studenti hanno avuto un significativo salto di qualit\u00e0. Oggi la Scuola Miari \u00e8 a pieno titolo un soggetto culturale di questa Citt\u00e0, risultato per il quale ringrazio, oltre alle centinaia di studenti e ai numerosi insegnanti, la professoressa Melita Fontana, vera artefice d questo successo\u201d. Questo \u00e8 stato il commento del Sindaco di Belluno, Antonio Prade, alla lettura della relazione sullo svolgimento degli anni accademici che vanno dal 2007 al 2012.<\/p>\n<p>La Scuola<\/p>\n<p>Coordinatrice della Scuola, Dipartimento provinciale del Conservatorio di Vicenza, \u00e8 la professoressa Melita Fontana. Nella scuola prestano servizio 40 persone: 39 docenti e 1 personale di segreteria. Gli studenti iscritti nell&#8217;anno scolastico 2011\/2012 sono 253, con un aumento del 56% rispetto all&#8217;anno scolastico 2007\/2008, quando erano 143. Dei 253 allievi, 176 risiedono nel Comune di Belluno, 75 vengono da altri Comuni bellunesi e 2 da fuori provincia. Agli strumenti tradizionali, in questi ultimi anni si \u00e8 aggiunto l&#8217;insegnamento di arpa, arpa celtica, basso elettrico, batteria e strumenti a percussione, Chitarra elettrica, contrabbasso, fisarmonica, musica folk, musica jazz, organo, pianoforte Suzuki, sassofono, tromba e violino Suzuki. In questi anni \u00e8 stato significativamente incrementato il patrimonio musicale, con l&#8217;acquisto di molti nuovi strumenti, fra i quali un pianoforte a tre quarti di coda Yamaha, un&#8217;arpa, un violoncello. Significativa \u00e8 stata l&#8217;offerta culturale, sia in Citt\u00e0 che in altri luoghi della provincia di Belluno. Sono state inoltre avviate collaborazioni con decine di associazioni culturali e non.<\/p>\n<p>\u201cIl futuro \u00e8 dunque roseo\u201d \u2013 ha concluso il sindaco Prade. \u201cE in questo futuro roseo vedo il nuovo Auditorium, i cui lavori partiranno a breve. Sar\u00e0 la sede di prestigio che la Scuola Miari, scuola di prestigio, si merita\u201d.<\/p>","protected":false},"excerpt":{"rendered":"<p>\u201cLa relazione sull&#8217;andamento degli anni accademici che vanno dal 2007 al 2012, a firma della coordinatrice della Scuola Comunale di Musica \u201cAntonio Miari\u201d, \u00e8 la conferma che avevamo visto giusto quando abbiamo deciso di trasformare la nostra Scuola Comunale in Dipartimento provinciale del Conservatorio di Vicenza. Il numero degli iscritti e di coloro che hanno [&hellip;]<\/p>\n","protected":false},"author":2,"featured_media":0,"comment_status":"closed","ping_status":"open","sticky":false,"template":"","format":"standard","meta":{"footnotes":""},"categories":[3,26],"tags":[],"class_list":["post-34253","post","type-post","status-publish","format-standard","category-arte-cultura-spettacoli-scienza-archivi","category-prima-pagina"],"yoast_head":"<!-- This site is optimized with the Yoast SEO plugin v28.4 - https:\/\/yoast.com\/product\/yoast-seo-wordpress\/ -->\n<title>Scuola Comunale di Musica\u201dAntonio Miari\u201d: storia di un successo - Bellunopress - Dolomiti<\/title>\n<meta name=\"robots\" content=\"index, follow, max-snippet:-1, max-image-preview:large, max-video-preview:-1\" \/>\n<link rel=\"canonical\" href=\"https:\/\/www.bellunopress.it\/fr\/2012\/01\/18\/scuola-comunale-di-musicaantonio-miari-storia-di-un-successo\/\" \/>\n<meta property=\"og:locale\" content=\"fr_FR\" \/>\n<meta property=\"og:type\" content=\"article\" \/>\n<meta property=\"og:title\" content=\"Scuola Comunale di Musica\u201dAntonio Miari\u201d: storia di un successo - Bellunopress - Dolomiti\" \/>\n<meta property=\"og:description\" content=\"\u201cLa relazione sull&#8217;andamento degli anni accademici che vanno dal 2007 al 2012, a firma della coordinatrice della Scuola Comunale di Musica \u201cAntonio Miari\u201d, \u00e8 la conferma che avevamo visto giusto quando abbiamo deciso di trasformare la nostra Scuola Comunale in Dipartimento provinciale del Conservatorio di Vicenza. Il numero degli iscritti e di coloro che hanno [&hellip;]\" \/>\n<meta property=\"og:url\" content=\"https:\/\/www.bellunopress.it\/fr\/2012\/01\/18\/scuola-comunale-di-musicaantonio-miari-storia-di-un-successo\/\" \/>\n<meta property=\"og:site_name\" content=\"Bellunopress - Dolomiti\" \/>\n<meta property=\"article:publisher\" content=\"https:\/\/www.facebook.com\/profile.php?id=100008943462799\" \/>\n<meta property=\"article:published_time\" content=\"2012-01-18T17:13:41+00:00\" \/>\n<meta property=\"og:image\" content=\"http:\/\/www.bellunopress.it\/wp-content\/uploads\/2012\/01\/auditorium.jpg\" \/>\n<meta name=\"author\" content=\"redazione\" \/>\n<meta name=\"twitter:card\" content=\"summary_large_image\" \/>\n<meta name=\"twitter:creator\" content=\"@bellunopress\" \/>\n<meta name=\"twitter:site\" content=\"@bellunopress\" \/>\n<meta name=\"twitter:label1\" content=\"Written by\" \/>\n\t<meta name=\"twitter:data1\" content=\"redazione\" \/>\n\t<meta name=\"twitter:label2\" content=\"Est. reading time\" \/>\n\t<meta name=\"twitter:data2\" content=\"2 minutes\" \/>\n<script type=\"application\/ld+json\" class=\"yoast-schema-graph\">{\"@context\":\"https:\\\/\\\/schema.org\",\"@graph\":[{\"@type\":\"Article\",\"@id\":\"https:\\\/\\\/www.bellunopress.it\\\/2012\\\/01\\\/18\\\/scuola-comunale-di-musicaantonio-miari-storia-di-un-successo\\\/#article\",\"isPartOf\":{\"@id\":\"https:\\\/\\\/www.bellunopress.it\\\/2012\\\/01\\\/18\\\/scuola-comunale-di-musicaantonio-miari-storia-di-un-successo\\\/\"},\"author\":{\"name\":\"redazione\",\"@id\":\"https:\\\/\\\/www.bellunopress.it\\\/#\\\/schema\\\/person\\\/79bb06722b37ece1c03d3e94beb30d73\"},\"headline\":\"Scuola Comunale di Musica\u201dAntonio Miari\u201d: storia di un successo\",\"datePublished\":\"2012-01-18T17:13:41+00:00\",\"mainEntityOfPage\":{\"@id\":\"https:\\\/\\\/www.bellunopress.it\\\/2012\\\/01\\\/18\\\/scuola-comunale-di-musicaantonio-miari-storia-di-un-successo\\\/\"},\"wordCount\":349,\"publisher\":{\"@id\":\"https:\\\/\\\/www.bellunopress.it\\\/#organization\"},\"image\":{\"@id\":\"https:\\\/\\\/www.bellunopress.it\\\/2012\\\/01\\\/18\\\/scuola-comunale-di-musicaantonio-miari-storia-di-un-successo\\\/#primaryimage\"},\"thumbnailUrl\":\"http:\\\/\\\/www.bellunopress.it\\\/wp-content\\\/uploads\\\/2012\\\/01\\\/auditorium.jpg\",\"articleSection\":[\"Arte, Cultura, Spettacoli, Scienza\",\"Prima Pagina\"],\"inLanguage\":\"fr-FR\"},{\"@type\":\"WebPage\",\"@id\":\"https:\\\/\\\/www.bellunopress.it\\\/2012\\\/01\\\/18\\\/scuola-comunale-di-musicaantonio-miari-storia-di-un-successo\\\/\",\"url\":\"https:\\\/\\\/www.bellunopress.it\\\/2012\\\/01\\\/18\\\/scuola-comunale-di-musicaantonio-miari-storia-di-un-successo\\\/\",\"name\":\"Scuola Comunale di Musica\u201dAntonio Miari\u201d: storia di un successo - Bellunopress - Dolomiti\",\"isPartOf\":{\"@id\":\"https:\\\/\\\/www.bellunopress.it\\\/#website\"},\"primaryImageOfPage\":{\"@id\":\"https:\\\/\\\/www.bellunopress.it\\\/2012\\\/01\\\/18\\\/scuola-comunale-di-musicaantonio-miari-storia-di-un-successo\\\/#primaryimage\"},\"image\":{\"@id\":\"https:\\\/\\\/www.bellunopress.it\\\/2012\\\/01\\\/18\\\/scuola-comunale-di-musicaantonio-miari-storia-di-un-successo\\\/#primaryimage\"},\"thumbnailUrl\":\"http:\\\/\\\/www.bellunopress.it\\\/wp-content\\\/uploads\\\/2012\\\/01\\\/auditorium.jpg\",\"datePublished\":\"2012-01-18T17:13:41+00:00\",\"breadcrumb\":{\"@id\":\"https:\\\/\\\/www.bellunopress.it\\\/2012\\\/01\\\/18\\\/scuola-comunale-di-musicaantonio-miari-storia-di-un-successo\\\/#breadcrumb\"},\"inLanguage\":\"fr-FR\",\"potentialAction\":[{\"@type\":\"ReadAction\",\"target\":[\"https:\\\/\\\/www.bellunopress.it\\\/2012\\\/01\\\/18\\\/scuola-comunale-di-musicaantonio-miari-storia-di-un-successo\\\/\"]}]},{\"@type\":\"ImageObject\",\"inLanguage\":\"fr-FR\",\"@id\":\"https:\\\/\\\/www.bellunopress.it\\\/2012\\\/01\\\/18\\\/scuola-comunale-di-musicaantonio-miari-storia-di-un-successo\\\/#primaryimage\",\"url\":\"http:\\\/\\\/www.bellunopress.it\\\/wp-content\\\/uploads\\\/2012\\\/01\\\/auditorium.jpg\",\"contentUrl\":\"http:\\\/\\\/www.bellunopress.it\\\/wp-content\\\/uploads\\\/2012\\\/01\\\/auditorium.jpg\"},{\"@type\":\"BreadcrumbList\",\"@id\":\"https:\\\/\\\/www.bellunopress.it\\\/2012\\\/01\\\/18\\\/scuola-comunale-di-musicaantonio-miari-storia-di-un-successo\\\/#breadcrumb\",\"itemListElement\":[{\"@type\":\"ListItem\",\"position\":1,\"name\":\"Home\",\"item\":\"https:\\\/\\\/www.bellunopress.it\\\/\"},{\"@type\":\"ListItem\",\"position\":2,\"name\":\"Scuola Comunale di Musica\u201dAntonio Miari\u201d: storia di un successo\"}]},{\"@type\":\"WebSite\",\"@id\":\"https:\\\/\\\/www.bellunopress.it\\\/#website\",\"url\":\"https:\\\/\\\/www.bellunopress.it\\\/\",\"name\":\"Bellunopress - Dolomiti\",\"description\":\"e-mail: redazione@bellunopress.it\",\"publisher\":{\"@id\":\"https:\\\/\\\/www.bellunopress.it\\\/#organization\"},\"potentialAction\":[{\"@type\":\"SearchAction\",\"target\":{\"@type\":\"EntryPoint\",\"urlTemplate\":\"https:\\\/\\\/www.bellunopress.it\\\/?s={search_term_string}\"},\"query-input\":{\"@type\":\"PropertyValueSpecification\",\"valueRequired\":true,\"valueName\":\"search_term_string\"}}],\"inLanguage\":\"fr-FR\"},{\"@type\":\"Organization\",\"@id\":\"https:\\\/\\\/www.bellunopress.it\\\/#organization\",\"name\":\"Bellunopress\",\"url\":\"https:\\\/\\\/www.bellunopress.it\\\/\",\"logo\":{\"@type\":\"ImageObject\",\"inLanguage\":\"fr-FR\",\"@id\":\"https:\\\/\\\/www.bellunopress.it\\\/#\\\/schema\\\/logo\\\/image\\\/\",\"url\":\"https:\\\/\\\/www.bellunopress.it\\\/wp-content\\\/uploads\\\/2011\\\/05\\\/cropped-logo-bellunopress-.jpg\",\"contentUrl\":\"https:\\\/\\\/www.bellunopress.it\\\/wp-content\\\/uploads\\\/2011\\\/05\\\/cropped-logo-bellunopress-.jpg\",\"width\":512,\"height\":512,\"caption\":\"Bellunopress\"},\"image\":{\"@id\":\"https:\\\/\\\/www.bellunopress.it\\\/#\\\/schema\\\/logo\\\/image\\\/\"},\"sameAs\":[\"https:\\\/\\\/www.facebook.com\\\/profile.php?id=100008943462799\",\"https:\\\/\\\/x.com\\\/bellunopress\",\"https:\\\/\\\/www.linkedin.com\\\/hp\\\/?dnr=JBzUWaJfMUw8vbXJJ2tVW5-I3jZKvC4wsoxE&amp;amp;amp;amp;amp;amp;trk=nav_responsive_tab_home\",\"https:\\\/\\\/www.youtube.com\\\/channel\\\/UCxL0wu1uN0_3_7hGG0306cw\"]},{\"@type\":\"Person\",\"@id\":\"https:\\\/\\\/www.bellunopress.it\\\/#\\\/schema\\\/person\\\/79bb06722b37ece1c03d3e94beb30d73\",\"name\":\"redazione\",\"image\":{\"@type\":\"ImageObject\",\"inLanguage\":\"fr-FR\",\"@id\":\"https:\\\/\\\/secure.gravatar.com\\\/avatar\\\/37d968a2e67a6fd04c169c4bdef102d0bc5d31b2546345219e348575eb80e9a0?s=96&d=mm&r=g\",\"url\":\"https:\\\/\\\/secure.gravatar.com\\\/avatar\\\/37d968a2e67a6fd04c169c4bdef102d0bc5d31b2546345219e348575eb80e9a0?s=96&d=mm&r=g\",\"contentUrl\":\"https:\\\/\\\/secure.gravatar.com\\\/avatar\\\/37d968a2e67a6fd04c169c4bdef102d0bc5d31b2546345219e348575eb80e9a0?s=96&d=mm&r=g\",\"caption\":\"redazione\"},\"sameAs\":[\"http:\\\/\\\/www.bellunopress.it\",\"https:\\\/\\\/x.com\\\/bellunopress\"],\"url\":\"https:\\\/\\\/www.bellunopress.it\\\/fr\\\/author\\\/redazione\\\/\"}]}<\/script>\n<!-- \/ Yoast SEO plugin. -->","yoast_head_json":{"title":"Scuola Comunale di Musica\u201dAntonio Miari\u201d: storia di un successo - Bellunopress - Dolomiti","robots":{"index":"index","follow":"follow","max-snippet":"max-snippet:-1","max-image-preview":"max-image-preview:large","max-video-preview":"max-video-preview:-1"},"canonical":"https:\/\/www.bellunopress.it\/fr\/2012\/01\/18\/scuola-comunale-di-musicaantonio-miari-storia-di-un-successo\/","og_locale":"fr_FR","og_type":"article","og_title":"Scuola Comunale di Musica\u201dAntonio Miari\u201d: storia di un successo - Bellunopress - Dolomiti","og_description":"\u201cLa relazione sull&#8217;andamento degli anni accademici che vanno dal 2007 al 2012, a firma della coordinatrice della Scuola Comunale di Musica \u201cAntonio Miari\u201d, \u00e8 la conferma che avevamo visto giusto quando abbiamo deciso di trasformare la nostra Scuola Comunale in Dipartimento provinciale del Conservatorio di Vicenza. Il numero degli iscritti e di coloro che hanno [&hellip;]","og_url":"https:\/\/www.bellunopress.it\/fr\/2012\/01\/18\/scuola-comunale-di-musicaantonio-miari-storia-di-un-successo\/","og_site_name":"Bellunopress - Dolomiti","article_publisher":"https:\/\/www.facebook.com\/profile.php?id=100008943462799","article_published_time":"2012-01-18T17:13:41+00:00","og_image":[{"url":"http:\/\/www.bellunopress.it\/wp-content\/uploads\/2012\/01\/auditorium.jpg","type":"","width":"","height":""}],"author":"redazione","twitter_card":"summary_large_image","twitter_creator":"@bellunopress","twitter_site":"@bellunopress","twitter_misc":{"Written by":"redazione","Est. reading time":"2 minutes"},"schema":{"@context":"https:\/\/schema.org","@graph":[{"@type":"Article","@id":"https:\/\/www.bellunopress.it\/2012\/01\/18\/scuola-comunale-di-musicaantonio-miari-storia-di-un-successo\/#article","isPartOf":{"@id":"https:\/\/www.bellunopress.it\/2012\/01\/18\/scuola-comunale-di-musicaantonio-miari-storia-di-un-successo\/"},"author":{"name":"redazione","@id":"https:\/\/www.bellunopress.it\/#\/schema\/person\/79bb06722b37ece1c03d3e94beb30d73"},"headline":"Scuola Comunale di Musica\u201dAntonio Miari\u201d: storia di un successo","datePublished":"2012-01-18T17:13:41+00:00","mainEntityOfPage":{"@id":"https:\/\/www.bellunopress.it\/2012\/01\/18\/scuola-comunale-di-musicaantonio-miari-storia-di-un-successo\/"},"wordCount":349,"publisher":{"@id":"https:\/\/www.bellunopress.it\/#organization"},"image":{"@id":"https:\/\/www.bellunopress.it\/2012\/01\/18\/scuola-comunale-di-musicaantonio-miari-storia-di-un-successo\/#primaryimage"},"thumbnailUrl":"http:\/\/www.bellunopress.it\/wp-content\/uploads\/2012\/01\/auditorium.jpg","articleSection":["Arte, Cultura, Spettacoli, Scienza","Prima Pagina"],"inLanguage":"fr-FR"},{"@type":"WebPage","@id":"https:\/\/www.bellunopress.it\/2012\/01\/18\/scuola-comunale-di-musicaantonio-miari-storia-di-un-successo\/","url":"https:\/\/www.bellunopress.it\/2012\/01\/18\/scuola-comunale-di-musicaantonio-miari-storia-di-un-successo\/","name":"Scuola Comunale di Musica\u201dAntonio Miari\u201d: storia di un successo - Bellunopress - Dolomiti","isPartOf":{"@id":"https:\/\/www.bellunopress.it\/#website"},"primaryImageOfPage":{"@id":"https:\/\/www.bellunopress.it\/2012\/01\/18\/scuola-comunale-di-musicaantonio-miari-storia-di-un-successo\/#primaryimage"},"image":{"@id":"https:\/\/www.bellunopress.it\/2012\/01\/18\/scuola-comunale-di-musicaantonio-miari-storia-di-un-successo\/#primaryimage"},"thumbnailUrl":"http:\/\/www.bellunopress.it\/wp-content\/uploads\/2012\/01\/auditorium.jpg","datePublished":"2012-01-18T17:13:41+00:00","breadcrumb":{"@id":"https:\/\/www.bellunopress.it\/2012\/01\/18\/scuola-comunale-di-musicaantonio-miari-storia-di-un-successo\/#breadcrumb"},"inLanguage":"fr-FR","potentialAction":[{"@type":"ReadAction","target":["https:\/\/www.bellunopress.it\/2012\/01\/18\/scuola-comunale-di-musicaantonio-miari-storia-di-un-successo\/"]}]},{"@type":"ImageObject","inLanguage":"fr-FR","@id":"https:\/\/www.bellunopress.it\/2012\/01\/18\/scuola-comunale-di-musicaantonio-miari-storia-di-un-successo\/#primaryimage","url":"http:\/\/www.bellunopress.it\/wp-content\/uploads\/2012\/01\/auditorium.jpg","contentUrl":"http:\/\/www.bellunopress.it\/wp-content\/uploads\/2012\/01\/auditorium.jpg"},{"@type":"BreadcrumbList","@id":"https:\/\/www.bellunopress.it\/2012\/01\/18\/scuola-comunale-di-musicaantonio-miari-storia-di-un-successo\/#breadcrumb","itemListElement":[{"@type":"ListItem","position":1,"name":"Home","item":"https:\/\/www.bellunopress.it\/"},{"@type":"ListItem","position":2,"name":"Scuola Comunale di Musica\u201dAntonio Miari\u201d: storia di un successo"}]},{"@type":"WebSite","@id":"https:\/\/www.bellunopress.it\/#website","url":"https:\/\/www.bellunopress.it\/","name":"Bellunopress - Dolomiti","description":"e-mail: redazione@bellunopress.it","publisher":{"@id":"https:\/\/www.bellunopress.it\/#organization"},"potentialAction":[{"@type":"SearchAction","target":{"@type":"EntryPoint","urlTemplate":"https:\/\/www.bellunopress.it\/?s={search_term_string}"},"query-input":{"@type":"PropertyValueSpecification","valueRequired":true,"valueName":"search_term_string"}}],"inLanguage":"fr-FR"},{"@type":"Organization","@id":"https:\/\/www.bellunopress.it\/#organization","name":"Bellunopress","url":"https:\/\/www.bellunopress.it\/","logo":{"@type":"ImageObject","inLanguage":"fr-FR","@id":"https:\/\/www.bellunopress.it\/#\/schema\/logo\/image\/","url":"https:\/\/www.bellunopress.it\/wp-content\/uploads\/2011\/05\/cropped-logo-bellunopress-.jpg","contentUrl":"https:\/\/www.bellunopress.it\/wp-content\/uploads\/2011\/05\/cropped-logo-bellunopress-.jpg","width":512,"height":512,"caption":"Bellunopress"},"image":{"@id":"https:\/\/www.bellunopress.it\/#\/schema\/logo\/image\/"},"sameAs":["https:\/\/www.facebook.com\/profile.php?id=100008943462799","https:\/\/x.com\/bellunopress","https:\/\/www.linkedin.com\/hp\/?dnr=JBzUWaJfMUw8vbXJJ2tVW5-I3jZKvC4wsoxE&amp;amp;amp;amp;amp;amp;trk=nav_responsive_tab_home","https:\/\/www.youtube.com\/channel\/UCxL0wu1uN0_3_7hGG0306cw"]},{"@type":"Person","@id":"https:\/\/www.bellunopress.it\/#\/schema\/person\/79bb06722b37ece1c03d3e94beb30d73","name":"r\u00e9daction","image":{"@type":"ImageObject","inLanguage":"fr-FR","@id":"https:\/\/secure.gravatar.com\/avatar\/37d968a2e67a6fd04c169c4bdef102d0bc5d31b2546345219e348575eb80e9a0?s=96&d=mm&r=g","url":"https:\/\/secure.gravatar.com\/avatar\/37d968a2e67a6fd04c169c4bdef102d0bc5d31b2546345219e348575eb80e9a0?s=96&d=mm&r=g","contentUrl":"https:\/\/secure.gravatar.com\/avatar\/37d968a2e67a6fd04c169c4bdef102d0bc5d31b2546345219e348575eb80e9a0?s=96&d=mm&r=g","caption":"redazione"},"sameAs":["http:\/\/www.bellunopress.it","https:\/\/x.com\/bellunopress"],"url":"https:\/\/www.bellunopress.it\/fr\/author\/redazione\/"}]}},"_links":{"self":[{"href":"https:\/\/www.bellunopress.it\/fr\/wp-json\/wp\/v2\/posts\/34253","targetHints":{"allow":["GET"]}}],"collection":[{"href":"https:\/\/www.bellunopress.it\/fr\/wp-json\/wp\/v2\/posts"}],"about":[{"href":"https:\/\/www.bellunopress.it\/fr\/wp-json\/wp\/v2\/types\/post"}],"author":[{"embeddable":true,"href":"https:\/\/www.bellunopress.it\/fr\/wp-json\/wp\/v2\/users\/2"}],"replies":[{"embeddable":true,"href":"https:\/\/www.bellunopress.it\/fr\/wp-json\/wp\/v2\/comments?post=34253"}],"version-history":[{"count":1,"href":"https:\/\/www.bellunopress.it\/fr\/wp-json\/wp\/v2\/posts\/34253\/revisions"}],"predecessor-version":[{"id":34254,"href":"https:\/\/www.bellunopress.it\/fr\/wp-json\/wp\/v2\/posts\/34253\/revisions\/34254"}],"wp:attachment":[{"href":"https:\/\/www.bellunopress.it\/fr\/wp-json\/wp\/v2\/media?parent=34253"}],"wp:term":[{"taxonomy":"category","embeddable":true,"href":"https:\/\/www.bellunopress.it\/fr\/wp-json\/wp\/v2\/categories?post=34253"},{"taxonomy":"post_tag","embeddable":true,"href":"https:\/\/www.bellunopress.it\/fr\/wp-json\/wp\/v2\/tags?post=34253"}],"curies":[{"name":"wp","href":"https:\/\/api.w.org\/{rel}","templated":true}]}}