{"id":34249,"date":"2012-01-18T17:49:51","date_gmt":"2012-01-18T16:49:51","guid":{"rendered":"http:\/\/www.bellunopress.it\/?p=34249"},"modified":"2012-01-18T17:49:51","modified_gmt":"2012-01-18T16:49:51","slug":"il-movimento-5-stelle-correra-da-solo-alle-amministrative","status":"publish","type":"post","link":"https:\/\/www.bellunopress.it\/fr\/2012\/01\/18\/il-movimento-5-stelle-correra-da-solo-alle-amministrative\/","title":{"rendered":"Il Movimento 5 Stelle correr\u00e0 da solo alle amministrative"},"content":{"rendered":"<p>Il gruppo di lavoro per Belluno 2012 prosegue il suo cammino di avvicinamento alle elezioni comunali. Nei molti gazebo svolti fino a questo momento sono state raccolte decine di questionari a 5 stelle dove viene chiesto ai cittadini di descrivere le problematiche rilevate a Belluno e di proporre delle soluzioni, nell&#8217;intento di creare dal basso il nostro programma elettorale. I risultati sono consultabili anche online. \u00a0 Sempre attraverso i gazebo continuiamo a cercare adesioni al nostro gruppo di lavoro, per creare un solido gruppo di persone che andranno a costruire il network, il cui terminale sar\u00e0 un eventuale consigliere comunale (che speriamo venga eletto). In queste settimane siamo tutti in moVimento per mettere a punto il programma partendo dalle 5 stelle: acqua, ambiente, energia, trasporti, connettivit\u00e0. E&#8217; possibile aderire al gruppo di lavoro anche online.\u00a0<a href=\"http:\/\/www.bellunopress.it\/wp-content\/uploads\/2010\/08\/5-stelle-beppe-grillo-130x130.jpg\"><img loading=\"lazy\" decoding=\"async\" class=\"alignleft size-full wp-image-18277\" title=\"5-stelle-beppe-grillo-130x130\" src=\"http:\/\/www.bellunopress.it\/wp-content\/uploads\/2010\/08\/5-stelle-beppe-grillo-130x130.jpg\" alt=\"\" width=\"135\" height=\"132\" \/><\/a><\/p>\n<p><a href=\"https:\/\/docs.google.com\/spreadsheet\/embeddedform?formkey=dFRtS3ExNmtWSlM1dGpKOUl6T3JpVEE6MQ\">https:\/\/docs.google.com\/spreadsheet\/embeddedform?formkey=dFRtS3ExNmtWSlM1dGpKOUl6T3JpVEE6MQ<\/a><\/p>\n<p>Come gi\u00e0 dichiarato anche pubblicamente (ma \u00e8 sempre bene ribadirlo!), il moVimento 5 Stelle non far\u00e0 alleanze con nessun partito e si presenter\u00e0 da solo con un proprio portavoce-candidato sindaco e nell&#8217;eventualit\u00e0 del ballottaggio lascer\u00e0 libert\u00e0 di voto agli elettori che nel primo turno lo hanno sostenuto.<\/p>\n<p>I prossimi appuntamenti sono previsti per sabato 21 gennaio, con un gazebo in Piazza dei Martiri dalle ore 9 alle 12:30, e con una riunione comunale dalle 16 alle 18 presso l&#8217;ufficio Perin (di fronte all&#8217;ITI Segato) in via Psaro 21 (al secondo piano).<\/p>\n<p>Ulteriori informazioni sono disponibili sul sito <a href=\"http:\/\/www.belluno5stelle.it\">www.belluno5stelle.it<\/a><\/p>","protected":false},"excerpt":{"rendered":"<p>Il gruppo di lavoro per Belluno 2012 prosegue il suo cammino di avvicinamento alle elezioni comunali. Nei molti gazebo svolti fino a questo momento sono state raccolte decine di questionari a 5 stelle dove viene chiesto ai cittadini di descrivere le problematiche rilevate a Belluno e di proporre delle soluzioni, nell&#8217;intento di creare dal basso [&hellip;]<\/p>\n","protected":false},"author":2,"featured_media":0,"comment_status":"closed","ping_status":"open","sticky":false,"template":"","format":"standard","meta":{"footnotes":""},"categories":[5,26],"tags":[],"class_list":["post-34249","post","type-post","status-publish","format-standard","category-cronaca","category-prima-pagina"],"yoast_head":"<!-- This site is optimized with the Yoast SEO plugin v28.4 - https:\/\/yoast.com\/product\/yoast-seo-wordpress\/ -->\n<title>Il Movimento 5 Stelle correr\u00e0 da solo alle amministrative  - Bellunopress - Dolomiti<\/title>\n<meta name=\"robots\" content=\"index, follow, max-snippet:-1, max-image-preview:large, max-video-preview:-1\" \/>\n<link rel=\"canonical\" href=\"https:\/\/www.bellunopress.it\/fr\/2012\/01\/18\/il-movimento-5-stelle-correra-da-solo-alle-amministrative\/\" \/>\n<meta property=\"og:locale\" content=\"fr_FR\" \/>\n<meta property=\"og:type\" content=\"article\" \/>\n<meta property=\"og:title\" content=\"Il Movimento 5 Stelle correr\u00e0 da solo alle amministrative  - Bellunopress - Dolomiti\" \/>\n<meta property=\"og:description\" content=\"Il gruppo di lavoro per Belluno 2012 prosegue il suo cammino di avvicinamento alle elezioni comunali. Nei molti gazebo svolti fino a questo momento sono state raccolte decine di questionari a 5 stelle dove viene chiesto ai cittadini di descrivere le problematiche rilevate a Belluno e di proporre delle soluzioni, nell&#8217;intento di creare dal basso [&hellip;]\" \/>\n<meta property=\"og:url\" content=\"https:\/\/www.bellunopress.it\/fr\/2012\/01\/18\/il-movimento-5-stelle-correra-da-solo-alle-amministrative\/\" \/>\n<meta property=\"og:site_name\" content=\"Bellunopress - Dolomiti\" \/>\n<meta property=\"article:publisher\" content=\"https:\/\/www.facebook.com\/profile.php?id=100008943462799\" \/>\n<meta property=\"article:published_time\" content=\"2012-01-18T16:49:51+00:00\" \/>\n<meta property=\"og:image\" content=\"http:\/\/www.bellunopress.it\/wp-content\/uploads\/2010\/08\/5-stelle-beppe-grillo-130x130.jpg\" \/>\n<meta name=\"author\" content=\"redazione\" \/>\n<meta name=\"twitter:card\" content=\"summary_large_image\" \/>\n<meta name=\"twitter:creator\" content=\"@bellunopress\" \/>\n<meta name=\"twitter:site\" content=\"@bellunopress\" \/>\n<meta name=\"twitter:label1\" content=\"Written by\" \/>\n\t<meta name=\"twitter:data1\" content=\"redazione\" \/>\n\t<meta name=\"twitter:label2\" content=\"Est. reading time\" \/>\n\t<meta name=\"twitter:data2\" content=\"1 minute\" \/>\n<script type=\"application\/ld+json\" class=\"yoast-schema-graph\">{\"@context\":\"https:\\\/\\\/schema.org\",\"@graph\":[{\"@type\":\"Article\",\"@id\":\"https:\\\/\\\/www.bellunopress.it\\\/2012\\\/01\\\/18\\\/il-movimento-5-stelle-correra-da-solo-alle-amministrative\\\/#article\",\"isPartOf\":{\"@id\":\"https:\\\/\\\/www.bellunopress.it\\\/2012\\\/01\\\/18\\\/il-movimento-5-stelle-correra-da-solo-alle-amministrative\\\/\"},\"author\":{\"name\":\"redazione\",\"@id\":\"https:\\\/\\\/www.bellunopress.it\\\/#\\\/schema\\\/person\\\/79bb06722b37ece1c03d3e94beb30d73\"},\"headline\":\"Il Movimento 5 Stelle correr\u00e0 da solo alle amministrative\",\"datePublished\":\"2012-01-18T16:49:51+00:00\",\"mainEntityOfPage\":{\"@id\":\"https:\\\/\\\/www.bellunopress.it\\\/2012\\\/01\\\/18\\\/il-movimento-5-stelle-correra-da-solo-alle-amministrative\\\/\"},\"wordCount\":249,\"publisher\":{\"@id\":\"https:\\\/\\\/www.bellunopress.it\\\/#organization\"},\"image\":{\"@id\":\"https:\\\/\\\/www.bellunopress.it\\\/2012\\\/01\\\/18\\\/il-movimento-5-stelle-correra-da-solo-alle-amministrative\\\/#primaryimage\"},\"thumbnailUrl\":\"http:\\\/\\\/www.bellunopress.it\\\/wp-content\\\/uploads\\\/2010\\\/08\\\/5-stelle-beppe-grillo-130x130.jpg\",\"articleSection\":[\"Cronaca\\\/Politica\",\"Prima Pagina\"],\"inLanguage\":\"fr-FR\"},{\"@type\":\"WebPage\",\"@id\":\"https:\\\/\\\/www.bellunopress.it\\\/2012\\\/01\\\/18\\\/il-movimento-5-stelle-correra-da-solo-alle-amministrative\\\/\",\"url\":\"https:\\\/\\\/www.bellunopress.it\\\/2012\\\/01\\\/18\\\/il-movimento-5-stelle-correra-da-solo-alle-amministrative\\\/\",\"name\":\"Il Movimento 5 Stelle correr\u00e0 da solo alle amministrative - Bellunopress - Dolomiti\",\"isPartOf\":{\"@id\":\"https:\\\/\\\/www.bellunopress.it\\\/#website\"},\"primaryImageOfPage\":{\"@id\":\"https:\\\/\\\/www.bellunopress.it\\\/2012\\\/01\\\/18\\\/il-movimento-5-stelle-correra-da-solo-alle-amministrative\\\/#primaryimage\"},\"image\":{\"@id\":\"https:\\\/\\\/www.bellunopress.it\\\/2012\\\/01\\\/18\\\/il-movimento-5-stelle-correra-da-solo-alle-amministrative\\\/#primaryimage\"},\"thumbnailUrl\":\"http:\\\/\\\/www.bellunopress.it\\\/wp-content\\\/uploads\\\/2010\\\/08\\\/5-stelle-beppe-grillo-130x130.jpg\",\"datePublished\":\"2012-01-18T16:49:51+00:00\",\"breadcrumb\":{\"@id\":\"https:\\\/\\\/www.bellunopress.it\\\/2012\\\/01\\\/18\\\/il-movimento-5-stelle-correra-da-solo-alle-amministrative\\\/#breadcrumb\"},\"inLanguage\":\"fr-FR\",\"potentialAction\":[{\"@type\":\"ReadAction\",\"target\":[\"https:\\\/\\\/www.bellunopress.it\\\/2012\\\/01\\\/18\\\/il-movimento-5-stelle-correra-da-solo-alle-amministrative\\\/\"]}]},{\"@type\":\"ImageObject\",\"inLanguage\":\"fr-FR\",\"@id\":\"https:\\\/\\\/www.bellunopress.it\\\/2012\\\/01\\\/18\\\/il-movimento-5-stelle-correra-da-solo-alle-amministrative\\\/#primaryimage\",\"url\":\"http:\\\/\\\/www.bellunopress.it\\\/wp-content\\\/uploads\\\/2010\\\/08\\\/5-stelle-beppe-grillo-130x130.jpg\",\"contentUrl\":\"http:\\\/\\\/www.bellunopress.it\\\/wp-content\\\/uploads\\\/2010\\\/08\\\/5-stelle-beppe-grillo-130x130.jpg\"},{\"@type\":\"BreadcrumbList\",\"@id\":\"https:\\\/\\\/www.bellunopress.it\\\/2012\\\/01\\\/18\\\/il-movimento-5-stelle-correra-da-solo-alle-amministrative\\\/#breadcrumb\",\"itemListElement\":[{\"@type\":\"ListItem\",\"position\":1,\"name\":\"Home\",\"item\":\"https:\\\/\\\/www.bellunopress.it\\\/\"},{\"@type\":\"ListItem\",\"position\":2,\"name\":\"Il Movimento 5 Stelle correr\u00e0 da solo alle amministrative\"}]},{\"@type\":\"WebSite\",\"@id\":\"https:\\\/\\\/www.bellunopress.it\\\/#website\",\"url\":\"https:\\\/\\\/www.bellunopress.it\\\/\",\"name\":\"Bellunopress - Dolomiti\",\"description\":\"e-mail: redazione@bellunopress.it\",\"publisher\":{\"@id\":\"https:\\\/\\\/www.bellunopress.it\\\/#organization\"},\"potentialAction\":[{\"@type\":\"SearchAction\",\"target\":{\"@type\":\"EntryPoint\",\"urlTemplate\":\"https:\\\/\\\/www.bellunopress.it\\\/?s={search_term_string}\"},\"query-input\":{\"@type\":\"PropertyValueSpecification\",\"valueRequired\":true,\"valueName\":\"search_term_string\"}}],\"inLanguage\":\"fr-FR\"},{\"@type\":\"Organization\",\"@id\":\"https:\\\/\\\/www.bellunopress.it\\\/#organization\",\"name\":\"Bellunopress\",\"url\":\"https:\\\/\\\/www.bellunopress.it\\\/\",\"logo\":{\"@type\":\"ImageObject\",\"inLanguage\":\"fr-FR\",\"@id\":\"https:\\\/\\\/www.bellunopress.it\\\/#\\\/schema\\\/logo\\\/image\\\/\",\"url\":\"https:\\\/\\\/www.bellunopress.it\\\/wp-content\\\/uploads\\\/2011\\\/05\\\/cropped-logo-bellunopress-.jpg\",\"contentUrl\":\"https:\\\/\\\/www.bellunopress.it\\\/wp-content\\\/uploads\\\/2011\\\/05\\\/cropped-logo-bellunopress-.jpg\",\"width\":512,\"height\":512,\"caption\":\"Bellunopress\"},\"image\":{\"@id\":\"https:\\\/\\\/www.bellunopress.it\\\/#\\\/schema\\\/logo\\\/image\\\/\"},\"sameAs\":[\"https:\\\/\\\/www.facebook.com\\\/profile.php?id=100008943462799\",\"https:\\\/\\\/x.com\\\/bellunopress\",\"https:\\\/\\\/www.linkedin.com\\\/hp\\\/?dnr=JBzUWaJfMUw8vbXJJ2tVW5-I3jZKvC4wsoxE&amp;amp;amp;amp;amp;amp;trk=nav_responsive_tab_home\",\"https:\\\/\\\/www.youtube.com\\\/channel\\\/UCxL0wu1uN0_3_7hGG0306cw\"]},{\"@type\":\"Person\",\"@id\":\"https:\\\/\\\/www.bellunopress.it\\\/#\\\/schema\\\/person\\\/79bb06722b37ece1c03d3e94beb30d73\",\"name\":\"redazione\",\"image\":{\"@type\":\"ImageObject\",\"inLanguage\":\"fr-FR\",\"@id\":\"https:\\\/\\\/secure.gravatar.com\\\/avatar\\\/37d968a2e67a6fd04c169c4bdef102d0bc5d31b2546345219e348575eb80e9a0?s=96&d=mm&r=g\",\"url\":\"https:\\\/\\\/secure.gravatar.com\\\/avatar\\\/37d968a2e67a6fd04c169c4bdef102d0bc5d31b2546345219e348575eb80e9a0?s=96&d=mm&r=g\",\"contentUrl\":\"https:\\\/\\\/secure.gravatar.com\\\/avatar\\\/37d968a2e67a6fd04c169c4bdef102d0bc5d31b2546345219e348575eb80e9a0?s=96&d=mm&r=g\",\"caption\":\"redazione\"},\"sameAs\":[\"http:\\\/\\\/www.bellunopress.it\",\"https:\\\/\\\/x.com\\\/bellunopress\"],\"url\":\"https:\\\/\\\/www.bellunopress.it\\\/fr\\\/author\\\/redazione\\\/\"}]}<\/script>\n<!-- \/ Yoast SEO plugin. -->","yoast_head_json":{"title":"Il Movimento 5 Stelle correr\u00e0 da solo alle amministrative  - Bellunopress - Dolomiti","robots":{"index":"index","follow":"follow","max-snippet":"max-snippet:-1","max-image-preview":"max-image-preview:large","max-video-preview":"max-video-preview:-1"},"canonical":"https:\/\/www.bellunopress.it\/fr\/2012\/01\/18\/il-movimento-5-stelle-correra-da-solo-alle-amministrative\/","og_locale":"fr_FR","og_type":"article","og_title":"Il Movimento 5 Stelle correr\u00e0 da solo alle amministrative  - Bellunopress - Dolomiti","og_description":"Il gruppo di lavoro per Belluno 2012 prosegue il suo cammino di avvicinamento alle elezioni comunali. Nei molti gazebo svolti fino a questo momento sono state raccolte decine di questionari a 5 stelle dove viene chiesto ai cittadini di descrivere le problematiche rilevate a Belluno e di proporre delle soluzioni, nell&#8217;intento di creare dal basso [&hellip;]","og_url":"https:\/\/www.bellunopress.it\/fr\/2012\/01\/18\/il-movimento-5-stelle-correra-da-solo-alle-amministrative\/","og_site_name":"Bellunopress - Dolomiti","article_publisher":"https:\/\/www.facebook.com\/profile.php?id=100008943462799","article_published_time":"2012-01-18T16:49:51+00:00","og_image":[{"url":"http:\/\/www.bellunopress.it\/wp-content\/uploads\/2010\/08\/5-stelle-beppe-grillo-130x130.jpg","type":"","width":"","height":""}],"author":"redazione","twitter_card":"summary_large_image","twitter_creator":"@bellunopress","twitter_site":"@bellunopress","twitter_misc":{"Written by":"redazione","Est. reading time":"1 minute"},"schema":{"@context":"https:\/\/schema.org","@graph":[{"@type":"Article","@id":"https:\/\/www.bellunopress.it\/2012\/01\/18\/il-movimento-5-stelle-correra-da-solo-alle-amministrative\/#article","isPartOf":{"@id":"https:\/\/www.bellunopress.it\/2012\/01\/18\/il-movimento-5-stelle-correra-da-solo-alle-amministrative\/"},"author":{"name":"redazione","@id":"https:\/\/www.bellunopress.it\/#\/schema\/person\/79bb06722b37ece1c03d3e94beb30d73"},"headline":"Il Movimento 5 Stelle correr\u00e0 da solo alle amministrative","datePublished":"2012-01-18T16:49:51+00:00","mainEntityOfPage":{"@id":"https:\/\/www.bellunopress.it\/2012\/01\/18\/il-movimento-5-stelle-correra-da-solo-alle-amministrative\/"},"wordCount":249,"publisher":{"@id":"https:\/\/www.bellunopress.it\/#organization"},"image":{"@id":"https:\/\/www.bellunopress.it\/2012\/01\/18\/il-movimento-5-stelle-correra-da-solo-alle-amministrative\/#primaryimage"},"thumbnailUrl":"http:\/\/www.bellunopress.it\/wp-content\/uploads\/2010\/08\/5-stelle-beppe-grillo-130x130.jpg","articleSection":["Cronaca\/Politica","Prima Pagina"],"inLanguage":"fr-FR"},{"@type":"WebPage","@id":"https:\/\/www.bellunopress.it\/2012\/01\/18\/il-movimento-5-stelle-correra-da-solo-alle-amministrative\/","url":"https:\/\/www.bellunopress.it\/2012\/01\/18\/il-movimento-5-stelle-correra-da-solo-alle-amministrative\/","name":"Il Movimento 5 Stelle correr\u00e0 da solo alle amministrative - Bellunopress - Dolomiti","isPartOf":{"@id":"https:\/\/www.bellunopress.it\/#website"},"primaryImageOfPage":{"@id":"https:\/\/www.bellunopress.it\/2012\/01\/18\/il-movimento-5-stelle-correra-da-solo-alle-amministrative\/#primaryimage"},"image":{"@id":"https:\/\/www.bellunopress.it\/2012\/01\/18\/il-movimento-5-stelle-correra-da-solo-alle-amministrative\/#primaryimage"},"thumbnailUrl":"http:\/\/www.bellunopress.it\/wp-content\/uploads\/2010\/08\/5-stelle-beppe-grillo-130x130.jpg","datePublished":"2012-01-18T16:49:51+00:00","breadcrumb":{"@id":"https:\/\/www.bellunopress.it\/2012\/01\/18\/il-movimento-5-stelle-correra-da-solo-alle-amministrative\/#breadcrumb"},"inLanguage":"fr-FR","potentialAction":[{"@type":"ReadAction","target":["https:\/\/www.bellunopress.it\/2012\/01\/18\/il-movimento-5-stelle-correra-da-solo-alle-amministrative\/"]}]},{"@type":"ImageObject","inLanguage":"fr-FR","@id":"https:\/\/www.bellunopress.it\/2012\/01\/18\/il-movimento-5-stelle-correra-da-solo-alle-amministrative\/#primaryimage","url":"http:\/\/www.bellunopress.it\/wp-content\/uploads\/2010\/08\/5-stelle-beppe-grillo-130x130.jpg","contentUrl":"http:\/\/www.bellunopress.it\/wp-content\/uploads\/2010\/08\/5-stelle-beppe-grillo-130x130.jpg"},{"@type":"BreadcrumbList","@id":"https:\/\/www.bellunopress.it\/2012\/01\/18\/il-movimento-5-stelle-correra-da-solo-alle-amministrative\/#breadcrumb","itemListElement":[{"@type":"ListItem","position":1,"name":"Home","item":"https:\/\/www.bellunopress.it\/"},{"@type":"ListItem","position":2,"name":"Il Movimento 5 Stelle correr\u00e0 da solo alle amministrative"}]},{"@type":"WebSite","@id":"https:\/\/www.bellunopress.it\/#website","url":"https:\/\/www.bellunopress.it\/","name":"Bellunopress - Dolomiti","description":"e-mail: redazione@bellunopress.it","publisher":{"@id":"https:\/\/www.bellunopress.it\/#organization"},"potentialAction":[{"@type":"SearchAction","target":{"@type":"EntryPoint","urlTemplate":"https:\/\/www.bellunopress.it\/?s={search_term_string}"},"query-input":{"@type":"PropertyValueSpecification","valueRequired":true,"valueName":"search_term_string"}}],"inLanguage":"fr-FR"},{"@type":"Organization","@id":"https:\/\/www.bellunopress.it\/#organization","name":"Bellunopress","url":"https:\/\/www.bellunopress.it\/","logo":{"@type":"ImageObject","inLanguage":"fr-FR","@id":"https:\/\/www.bellunopress.it\/#\/schema\/logo\/image\/","url":"https:\/\/www.bellunopress.it\/wp-content\/uploads\/2011\/05\/cropped-logo-bellunopress-.jpg","contentUrl":"https:\/\/www.bellunopress.it\/wp-content\/uploads\/2011\/05\/cropped-logo-bellunopress-.jpg","width":512,"height":512,"caption":"Bellunopress"},"image":{"@id":"https:\/\/www.bellunopress.it\/#\/schema\/logo\/image\/"},"sameAs":["https:\/\/www.facebook.com\/profile.php?id=100008943462799","https:\/\/x.com\/bellunopress","https:\/\/www.linkedin.com\/hp\/?dnr=JBzUWaJfMUw8vbXJJ2tVW5-I3jZKvC4wsoxE&amp;amp;amp;amp;amp;amp;trk=nav_responsive_tab_home","https:\/\/www.youtube.com\/channel\/UCxL0wu1uN0_3_7hGG0306cw"]},{"@type":"Person","@id":"https:\/\/www.bellunopress.it\/#\/schema\/person\/79bb06722b37ece1c03d3e94beb30d73","name":"r\u00e9daction","image":{"@type":"ImageObject","inLanguage":"fr-FR","@id":"https:\/\/secure.gravatar.com\/avatar\/37d968a2e67a6fd04c169c4bdef102d0bc5d31b2546345219e348575eb80e9a0?s=96&d=mm&r=g","url":"https:\/\/secure.gravatar.com\/avatar\/37d968a2e67a6fd04c169c4bdef102d0bc5d31b2546345219e348575eb80e9a0?s=96&d=mm&r=g","contentUrl":"https:\/\/secure.gravatar.com\/avatar\/37d968a2e67a6fd04c169c4bdef102d0bc5d31b2546345219e348575eb80e9a0?s=96&d=mm&r=g","caption":"redazione"},"sameAs":["http:\/\/www.bellunopress.it","https:\/\/x.com\/bellunopress"],"url":"https:\/\/www.bellunopress.it\/fr\/author\/redazione\/"}]}},"_links":{"self":[{"href":"https:\/\/www.bellunopress.it\/fr\/wp-json\/wp\/v2\/posts\/34249","targetHints":{"allow":["GET"]}}],"collection":[{"href":"https:\/\/www.bellunopress.it\/fr\/wp-json\/wp\/v2\/posts"}],"about":[{"href":"https:\/\/www.bellunopress.it\/fr\/wp-json\/wp\/v2\/types\/post"}],"author":[{"embeddable":true,"href":"https:\/\/www.bellunopress.it\/fr\/wp-json\/wp\/v2\/users\/2"}],"replies":[{"embeddable":true,"href":"https:\/\/www.bellunopress.it\/fr\/wp-json\/wp\/v2\/comments?post=34249"}],"version-history":[{"count":1,"href":"https:\/\/www.bellunopress.it\/fr\/wp-json\/wp\/v2\/posts\/34249\/revisions"}],"predecessor-version":[{"id":34250,"href":"https:\/\/www.bellunopress.it\/fr\/wp-json\/wp\/v2\/posts\/34249\/revisions\/34250"}],"wp:attachment":[{"href":"https:\/\/www.bellunopress.it\/fr\/wp-json\/wp\/v2\/media?parent=34249"}],"wp:term":[{"taxonomy":"category","embeddable":true,"href":"https:\/\/www.bellunopress.it\/fr\/wp-json\/wp\/v2\/categories?post=34249"},{"taxonomy":"post_tag","embeddable":true,"href":"https:\/\/www.bellunopress.it\/fr\/wp-json\/wp\/v2\/tags?post=34249"}],"curies":[{"name":"wp","href":"https:\/\/api.w.org\/{rel}","templated":true}]}}