{"id":34246,"date":"2012-01-18T17:42:32","date_gmt":"2012-01-18T16:42:32","guid":{"rendered":"http:\/\/www.bellunopress.it\/?p=34246"},"modified":"2012-01-18T17:42:32","modified_gmt":"2012-01-18T16:42:32","slug":"quello-che-prende-gli-schiaffi-sabato-e-domenica-al-teatro-comunale-glauco-mauri-interpreta-una-fiaba-su-un-mondo-migliore","status":"publish","type":"post","link":"https:\/\/www.bellunopress.it\/fr\/2012\/01\/18\/quello-che-prende-gli-schiaffi-sabato-e-domenica-al-teatro-comunale-glauco-mauri-interpreta-una-fiaba-su-un-mondo-migliore\/","title":{"rendered":"&#8220;Quello che prende gli schiaffi&#8221;. Sabato e domenica al Teatro comunale Glauco Mauri interpreta una fiaba su un mondo migliore"},"content":{"rendered":"<p>La Stagione di Prosa 2011-2012 del Teatro Comunale di Belluno, organizzata da Tib Teatro per la direzione artistica di Daniela Nicosia, in collaborazione con la Fondazione Teatri delle Dolomiti, e con il Ministero per il Beni e le Attivit\u00e0 Culturali e A.I.C.S. per la cultura, prosegue sabato 21 (turno A) e domenica 22 (turno B) gennaio 2012 con &#8220;Quello che prende gli schiaffi&#8221; dal testo di Leonid Andreev, di e con Glauco Mauri e Roberto Sturno, con un nutrito gruppo di bravi attori. <a href=\"http:\/\/www.bellunopress.it\/wp-content\/uploads\/2011\/12\/teatro-comunale-notte.jpg\"><img loading=\"lazy\" decoding=\"async\" class=\"alignleft size-full wp-image-33329\" title=\"teatro comunale notte\" src=\"http:\/\/www.bellunopress.it\/wp-content\/uploads\/2011\/12\/teatro-comunale-notte.jpg\" alt=\"\" width=\"290\" height=\"238\" \/><\/a>Quest\u2019uomo sceglier\u00e0 il palcoscenico quale luogo della salvezza, in cui, mascherata dalla finzione scenica, la verit\u00e0 pi\u00f9 intima della vita, pu\u00f2 palesarsi. Egli spera ancora che sia possibile costruire un mondo migliore e per farlo fa ricorso al teatro. Inizio spettacoli ore 20:45. \u00a0 Quello che prende gli schiaffi \u00e8 una libera versione tratta dall&#8217;omonimo testo teatrale diLeonid Nikolaevi\u010d Andreev, che fu subito un grandissimo successo nella Russia del primo Novecento. Lo spettacolo possiede tutti i colori di quel caleidoscopio che \u00e8 la vita: dramma e farsa, risate e lacrime, un piccolo capolavoro realizzato dal regista Glauco Mauri che ha sentito \u00abil dovere di portare sulla scena un testo che, attraverso l&#8217;emozione e il divertimento, possa comunicare al pubblico la civile utilit\u00e0 del Teatro\u00bb. \u00a0 Un uomo vuole fuggire dalla societ\u00e0 egoista nella quale vive, dove tutto \u00e8 dominato dall&#8217;egoismo, dall&#8217;indifferenza e dal denaro con cui tutto si compra, anche i sentimenti pi\u00f9 puri. E allora diventer\u00e0 un clown! Salir\u00e0 su un palcoscenico da dove comincer\u00e0 la sua nuova vita; potr\u00e0 ridere del suo dolore e potr\u00e0 gridare la sua ribellione. \u00c8 un pazzo? No! \u00c8 uno di quei rari uomini che sperano si possa costruire un mondo migliore. Un colpo di scena metter\u00e0 fine al suo sogno, ma in noi resta la commossa gratitudine per tutti quelli che ancora credono in quelle cose alle quali non siamo pi\u00f9 abituati a credere. \u00a0 In una sorta di non-luogo, attraverso la finzione, si raccontano le verit\u00e0 della vita e questo \u00e8 il Teatro! \u00a0 Lo spettacolo \u00e8 una produzione della Compagnia Mauri Sturno, da un testo di Leonid Nikolaevi\u010d Andreev su libera versione Glauco Mauri, regia Glauco Mauri, con Glauco Mauri e Roberto Sturno, e con Leonardo Aloi, Barbara Begala, Marco Blanchi, Mauro Mandolini, Lucia Nicolini, Roberto Palermo, David Paryla, Stefano Sartore, Paolo Benvenuto Vezzoso. Scene di Mauro Carosi, costumi di Odette Nicoletti, musiche Germano Mazzocchetti. \u00a0 Glauco Mauri \u00e8 stato recentemente protagonista di una intensa puntata di Retroscena, nel corso della quale ha raccontato, oltre al suo percorso di uomo di teatro, una interessante lettura contemporanea proprio del testo in scena al Comunale di Belluno <a href=\"http:\/\/www.retroscena.tv2000.it\/pls\/tv2000\/v3_s2ew_CONSULTAZIONE.mostra_pagina?id_pagina=4187\">http:\/\/www.retroscena.tv2000.it\/pls\/tv2000\/v3_s2ew_CONSULTAZIONE.mostra_pagina?id_pagina=4187<\/a> \u00a0 INFO E PRENOTAZIONI fino a gioved\u00ec 19 gennaio 0437-943303 &#8211; venerd\u00ec 20, sabato 21 e domenica 22 gennaio presso il Teatro Comunale di Belluno 0437-940349, dalle 11 alle 13 e dalle 17 alle 20. <a href=\"http:\/\/www.tibteatro.it\">www.tibteatro.it<\/a><\/p>","protected":false},"excerpt":{"rendered":"<p>La Stagione di Prosa 2011-2012 del Teatro Comunale di Belluno, organizzata da Tib Teatro per la direzione artistica di Daniela Nicosia, in collaborazione con la Fondazione Teatri delle Dolomiti, e con il Ministero per il Beni e le Attivit\u00e0 Culturali e A.I.C.S. per la cultura, prosegue sabato 21 (turno A) e domenica 22 (turno B) [&hellip;]<\/p>\n","protected":false},"author":2,"featured_media":0,"comment_status":"closed","ping_status":"open","sticky":false,"template":"","format":"standard","meta":{"footnotes":""},"categories":[27,3,25],"tags":[],"class_list":["post-34246","post","type-post","status-publish","format-standard","category-appuntamenti","category-arte-cultura-spettacoli-scienza-archivi","category-pausa-caffe"],"yoast_head":"<!-- This site is optimized with the Yoast SEO plugin v28.4 - https:\/\/yoast.com\/product\/yoast-seo-wordpress\/ -->\n<title>&quot;Quello che prende gli schiaffi&quot;. Sabato e domenica al Teatro comunale Glauco Mauri interpreta una fiaba su un mondo migliore    - Bellunopress - Dolomiti<\/title>\n<meta name=\"robots\" content=\"index, follow, max-snippet:-1, max-image-preview:large, max-video-preview:-1\" \/>\n<link rel=\"canonical\" href=\"https:\/\/www.bellunopress.it\/fr\/2012\/01\/18\/quello-che-prende-gli-schiaffi-sabato-e-domenica-al-teatro-comunale-glauco-mauri-interpreta-una-fiaba-su-un-mondo-migliore\/\" \/>\n<meta property=\"og:locale\" content=\"fr_FR\" \/>\n<meta property=\"og:type\" content=\"article\" \/>\n<meta property=\"og:title\" content=\"&quot;Quello che prende gli schiaffi&quot;. Sabato e domenica al Teatro comunale Glauco Mauri interpreta una fiaba su un mondo migliore    - Bellunopress - Dolomiti\" \/>\n<meta property=\"og:description\" content=\"La Stagione di Prosa 2011-2012 del Teatro Comunale di Belluno, organizzata da Tib Teatro per la direzione artistica di Daniela Nicosia, in collaborazione con la Fondazione Teatri delle Dolomiti, e con il Ministero per il Beni e le Attivit\u00e0 Culturali e A.I.C.S. per la cultura, prosegue sabato 21 (turno A) e domenica 22 (turno B) [&hellip;]\" \/>\n<meta property=\"og:url\" content=\"https:\/\/www.bellunopress.it\/fr\/2012\/01\/18\/quello-che-prende-gli-schiaffi-sabato-e-domenica-al-teatro-comunale-glauco-mauri-interpreta-una-fiaba-su-un-mondo-migliore\/\" \/>\n<meta property=\"og:site_name\" content=\"Bellunopress - Dolomiti\" \/>\n<meta property=\"article:publisher\" content=\"https:\/\/www.facebook.com\/profile.php?id=100008943462799\" \/>\n<meta property=\"article:published_time\" content=\"2012-01-18T16:42:32+00:00\" \/>\n<meta property=\"og:image\" content=\"http:\/\/www.bellunopress.it\/wp-content\/uploads\/2011\/12\/teatro-comunale-notte.jpg\" \/>\n<meta name=\"author\" content=\"redazione\" \/>\n<meta name=\"twitter:card\" content=\"summary_large_image\" \/>\n<meta name=\"twitter:creator\" content=\"@bellunopress\" \/>\n<meta name=\"twitter:site\" content=\"@bellunopress\" \/>\n<meta name=\"twitter:label1\" content=\"Written by\" \/>\n\t<meta name=\"twitter:data1\" content=\"redazione\" \/>\n\t<meta name=\"twitter:label2\" content=\"Est. reading time\" \/>\n\t<meta name=\"twitter:data2\" content=\"2 minutes\" \/>\n<script type=\"application\/ld+json\" class=\"yoast-schema-graph\">{\"@context\":\"https:\\\/\\\/schema.org\",\"@graph\":[{\"@type\":\"Article\",\"@id\":\"https:\\\/\\\/www.bellunopress.it\\\/2012\\\/01\\\/18\\\/quello-che-prende-gli-schiaffi-sabato-e-domenica-al-teatro-comunale-glauco-mauri-interpreta-una-fiaba-su-un-mondo-migliore\\\/#article\",\"isPartOf\":{\"@id\":\"https:\\\/\\\/www.bellunopress.it\\\/2012\\\/01\\\/18\\\/quello-che-prende-gli-schiaffi-sabato-e-domenica-al-teatro-comunale-glauco-mauri-interpreta-una-fiaba-su-un-mondo-migliore\\\/\"},\"author\":{\"name\":\"redazione\",\"@id\":\"https:\\\/\\\/www.bellunopress.it\\\/#\\\/schema\\\/person\\\/79bb06722b37ece1c03d3e94beb30d73\"},\"headline\":\"&#8220;Quello che prende gli schiaffi&#8221;. Sabato e domenica al Teatro comunale Glauco Mauri interpreta una fiaba su un mondo migliore\",\"datePublished\":\"2012-01-18T16:42:32+00:00\",\"mainEntityOfPage\":{\"@id\":\"https:\\\/\\\/www.bellunopress.it\\\/2012\\\/01\\\/18\\\/quello-che-prende-gli-schiaffi-sabato-e-domenica-al-teatro-comunale-glauco-mauri-interpreta-una-fiaba-su-un-mondo-migliore\\\/\"},\"wordCount\":493,\"publisher\":{\"@id\":\"https:\\\/\\\/www.bellunopress.it\\\/#organization\"},\"image\":{\"@id\":\"https:\\\/\\\/www.bellunopress.it\\\/2012\\\/01\\\/18\\\/quello-che-prende-gli-schiaffi-sabato-e-domenica-al-teatro-comunale-glauco-mauri-interpreta-una-fiaba-su-un-mondo-migliore\\\/#primaryimage\"},\"thumbnailUrl\":\"http:\\\/\\\/www.bellunopress.it\\\/wp-content\\\/uploads\\\/2011\\\/12\\\/teatro-comunale-notte.jpg\",\"articleSection\":[\"Appuntamenti, Eventi\",\"Arte, Cultura, Spettacoli, Scienza\",\"Pausa Caff\u00e8\"],\"inLanguage\":\"fr-FR\"},{\"@type\":\"WebPage\",\"@id\":\"https:\\\/\\\/www.bellunopress.it\\\/2012\\\/01\\\/18\\\/quello-che-prende-gli-schiaffi-sabato-e-domenica-al-teatro-comunale-glauco-mauri-interpreta-una-fiaba-su-un-mondo-migliore\\\/\",\"url\":\"https:\\\/\\\/www.bellunopress.it\\\/2012\\\/01\\\/18\\\/quello-che-prende-gli-schiaffi-sabato-e-domenica-al-teatro-comunale-glauco-mauri-interpreta-una-fiaba-su-un-mondo-migliore\\\/\",\"name\":\"\\\"Quello che prende gli schiaffi\\\". Sabato e domenica al Teatro comunale Glauco Mauri interpreta una fiaba su un mondo migliore - Bellunopress - Dolomiti\",\"isPartOf\":{\"@id\":\"https:\\\/\\\/www.bellunopress.it\\\/#website\"},\"primaryImageOfPage\":{\"@id\":\"https:\\\/\\\/www.bellunopress.it\\\/2012\\\/01\\\/18\\\/quello-che-prende-gli-schiaffi-sabato-e-domenica-al-teatro-comunale-glauco-mauri-interpreta-una-fiaba-su-un-mondo-migliore\\\/#primaryimage\"},\"image\":{\"@id\":\"https:\\\/\\\/www.bellunopress.it\\\/2012\\\/01\\\/18\\\/quello-che-prende-gli-schiaffi-sabato-e-domenica-al-teatro-comunale-glauco-mauri-interpreta-una-fiaba-su-un-mondo-migliore\\\/#primaryimage\"},\"thumbnailUrl\":\"http:\\\/\\\/www.bellunopress.it\\\/wp-content\\\/uploads\\\/2011\\\/12\\\/teatro-comunale-notte.jpg\",\"datePublished\":\"2012-01-18T16:42:32+00:00\",\"breadcrumb\":{\"@id\":\"https:\\\/\\\/www.bellunopress.it\\\/2012\\\/01\\\/18\\\/quello-che-prende-gli-schiaffi-sabato-e-domenica-al-teatro-comunale-glauco-mauri-interpreta-una-fiaba-su-un-mondo-migliore\\\/#breadcrumb\"},\"inLanguage\":\"fr-FR\",\"potentialAction\":[{\"@type\":\"ReadAction\",\"target\":[\"https:\\\/\\\/www.bellunopress.it\\\/2012\\\/01\\\/18\\\/quello-che-prende-gli-schiaffi-sabato-e-domenica-al-teatro-comunale-glauco-mauri-interpreta-una-fiaba-su-un-mondo-migliore\\\/\"]}]},{\"@type\":\"ImageObject\",\"inLanguage\":\"fr-FR\",\"@id\":\"https:\\\/\\\/www.bellunopress.it\\\/2012\\\/01\\\/18\\\/quello-che-prende-gli-schiaffi-sabato-e-domenica-al-teatro-comunale-glauco-mauri-interpreta-una-fiaba-su-un-mondo-migliore\\\/#primaryimage\",\"url\":\"http:\\\/\\\/www.bellunopress.it\\\/wp-content\\\/uploads\\\/2011\\\/12\\\/teatro-comunale-notte.jpg\",\"contentUrl\":\"http:\\\/\\\/www.bellunopress.it\\\/wp-content\\\/uploads\\\/2011\\\/12\\\/teatro-comunale-notte.jpg\"},{\"@type\":\"BreadcrumbList\",\"@id\":\"https:\\\/\\\/www.bellunopress.it\\\/2012\\\/01\\\/18\\\/quello-che-prende-gli-schiaffi-sabato-e-domenica-al-teatro-comunale-glauco-mauri-interpreta-una-fiaba-su-un-mondo-migliore\\\/#breadcrumb\",\"itemListElement\":[{\"@type\":\"ListItem\",\"position\":1,\"name\":\"Home\",\"item\":\"https:\\\/\\\/www.bellunopress.it\\\/\"},{\"@type\":\"ListItem\",\"position\":2,\"name\":\"&#8220;Quello che prende gli schiaffi&#8221;. Sabato e domenica al Teatro comunale Glauco Mauri interpreta una fiaba su un mondo migliore\"}]},{\"@type\":\"WebSite\",\"@id\":\"https:\\\/\\\/www.bellunopress.it\\\/#website\",\"url\":\"https:\\\/\\\/www.bellunopress.it\\\/\",\"name\":\"Bellunopress - Dolomiti\",\"description\":\"e-mail: redazione@bellunopress.it\",\"publisher\":{\"@id\":\"https:\\\/\\\/www.bellunopress.it\\\/#organization\"},\"potentialAction\":[{\"@type\":\"SearchAction\",\"target\":{\"@type\":\"EntryPoint\",\"urlTemplate\":\"https:\\\/\\\/www.bellunopress.it\\\/?s={search_term_string}\"},\"query-input\":{\"@type\":\"PropertyValueSpecification\",\"valueRequired\":true,\"valueName\":\"search_term_string\"}}],\"inLanguage\":\"fr-FR\"},{\"@type\":\"Organization\",\"@id\":\"https:\\\/\\\/www.bellunopress.it\\\/#organization\",\"name\":\"Bellunopress\",\"url\":\"https:\\\/\\\/www.bellunopress.it\\\/\",\"logo\":{\"@type\":\"ImageObject\",\"inLanguage\":\"fr-FR\",\"@id\":\"https:\\\/\\\/www.bellunopress.it\\\/#\\\/schema\\\/logo\\\/image\\\/\",\"url\":\"https:\\\/\\\/www.bellunopress.it\\\/wp-content\\\/uploads\\\/2011\\\/05\\\/cropped-logo-bellunopress-.jpg\",\"contentUrl\":\"https:\\\/\\\/www.bellunopress.it\\\/wp-content\\\/uploads\\\/2011\\\/05\\\/cropped-logo-bellunopress-.jpg\",\"width\":512,\"height\":512,\"caption\":\"Bellunopress\"},\"image\":{\"@id\":\"https:\\\/\\\/www.bellunopress.it\\\/#\\\/schema\\\/logo\\\/image\\\/\"},\"sameAs\":[\"https:\\\/\\\/www.facebook.com\\\/profile.php?id=100008943462799\",\"https:\\\/\\\/x.com\\\/bellunopress\",\"https:\\\/\\\/www.linkedin.com\\\/hp\\\/?dnr=JBzUWaJfMUw8vbXJJ2tVW5-I3jZKvC4wsoxE&amp;amp;amp;amp;amp;amp;trk=nav_responsive_tab_home\",\"https:\\\/\\\/www.youtube.com\\\/channel\\\/UCxL0wu1uN0_3_7hGG0306cw\"]},{\"@type\":\"Person\",\"@id\":\"https:\\\/\\\/www.bellunopress.it\\\/#\\\/schema\\\/person\\\/79bb06722b37ece1c03d3e94beb30d73\",\"name\":\"redazione\",\"image\":{\"@type\":\"ImageObject\",\"inLanguage\":\"fr-FR\",\"@id\":\"https:\\\/\\\/secure.gravatar.com\\\/avatar\\\/37d968a2e67a6fd04c169c4bdef102d0bc5d31b2546345219e348575eb80e9a0?s=96&d=mm&r=g\",\"url\":\"https:\\\/\\\/secure.gravatar.com\\\/avatar\\\/37d968a2e67a6fd04c169c4bdef102d0bc5d31b2546345219e348575eb80e9a0?s=96&d=mm&r=g\",\"contentUrl\":\"https:\\\/\\\/secure.gravatar.com\\\/avatar\\\/37d968a2e67a6fd04c169c4bdef102d0bc5d31b2546345219e348575eb80e9a0?s=96&d=mm&r=g\",\"caption\":\"redazione\"},\"sameAs\":[\"http:\\\/\\\/www.bellunopress.it\",\"https:\\\/\\\/x.com\\\/bellunopress\"],\"url\":\"https:\\\/\\\/www.bellunopress.it\\\/fr\\\/author\\\/redazione\\\/\"}]}<\/script>\n<!-- \/ Yoast SEO plugin. -->","yoast_head_json":{"title":"\"Quello che prende gli schiaffi\". Sabato e domenica al Teatro comunale Glauco Mauri interpreta una fiaba su un mondo migliore    - Bellunopress - Dolomiti","robots":{"index":"index","follow":"follow","max-snippet":"max-snippet:-1","max-image-preview":"max-image-preview:large","max-video-preview":"max-video-preview:-1"},"canonical":"https:\/\/www.bellunopress.it\/fr\/2012\/01\/18\/quello-che-prende-gli-schiaffi-sabato-e-domenica-al-teatro-comunale-glauco-mauri-interpreta-una-fiaba-su-un-mondo-migliore\/","og_locale":"fr_FR","og_type":"article","og_title":"\"Quello che prende gli schiaffi\". Sabato e domenica al Teatro comunale Glauco Mauri interpreta una fiaba su un mondo migliore    - Bellunopress - Dolomiti","og_description":"La Stagione di Prosa 2011-2012 del Teatro Comunale di Belluno, organizzata da Tib Teatro per la direzione artistica di Daniela Nicosia, in collaborazione con la Fondazione Teatri delle Dolomiti, e con il Ministero per il Beni e le Attivit\u00e0 Culturali e A.I.C.S. per la cultura, prosegue sabato 21 (turno A) e domenica 22 (turno B) [&hellip;]","og_url":"https:\/\/www.bellunopress.it\/fr\/2012\/01\/18\/quello-che-prende-gli-schiaffi-sabato-e-domenica-al-teatro-comunale-glauco-mauri-interpreta-una-fiaba-su-un-mondo-migliore\/","og_site_name":"Bellunopress - Dolomiti","article_publisher":"https:\/\/www.facebook.com\/profile.php?id=100008943462799","article_published_time":"2012-01-18T16:42:32+00:00","og_image":[{"url":"http:\/\/www.bellunopress.it\/wp-content\/uploads\/2011\/12\/teatro-comunale-notte.jpg","type":"","width":"","height":""}],"author":"redazione","twitter_card":"summary_large_image","twitter_creator":"@bellunopress","twitter_site":"@bellunopress","twitter_misc":{"Written by":"redazione","Est. reading time":"2 minutes"},"schema":{"@context":"https:\/\/schema.org","@graph":[{"@type":"Article","@id":"https:\/\/www.bellunopress.it\/2012\/01\/18\/quello-che-prende-gli-schiaffi-sabato-e-domenica-al-teatro-comunale-glauco-mauri-interpreta-una-fiaba-su-un-mondo-migliore\/#article","isPartOf":{"@id":"https:\/\/www.bellunopress.it\/2012\/01\/18\/quello-che-prende-gli-schiaffi-sabato-e-domenica-al-teatro-comunale-glauco-mauri-interpreta-una-fiaba-su-un-mondo-migliore\/"},"author":{"name":"redazione","@id":"https:\/\/www.bellunopress.it\/#\/schema\/person\/79bb06722b37ece1c03d3e94beb30d73"},"headline":"&#8220;Quello che prende gli schiaffi&#8221;. Sabato e domenica al Teatro comunale Glauco Mauri interpreta una fiaba su un mondo migliore","datePublished":"2012-01-18T16:42:32+00:00","mainEntityOfPage":{"@id":"https:\/\/www.bellunopress.it\/2012\/01\/18\/quello-che-prende-gli-schiaffi-sabato-e-domenica-al-teatro-comunale-glauco-mauri-interpreta-una-fiaba-su-un-mondo-migliore\/"},"wordCount":493,"publisher":{"@id":"https:\/\/www.bellunopress.it\/#organization"},"image":{"@id":"https:\/\/www.bellunopress.it\/2012\/01\/18\/quello-che-prende-gli-schiaffi-sabato-e-domenica-al-teatro-comunale-glauco-mauri-interpreta-una-fiaba-su-un-mondo-migliore\/#primaryimage"},"thumbnailUrl":"http:\/\/www.bellunopress.it\/wp-content\/uploads\/2011\/12\/teatro-comunale-notte.jpg","articleSection":["Appuntamenti, Eventi","Arte, Cultura, Spettacoli, Scienza","Pausa Caff\u00e8"],"inLanguage":"fr-FR"},{"@type":"WebPage","@id":"https:\/\/www.bellunopress.it\/2012\/01\/18\/quello-che-prende-gli-schiaffi-sabato-e-domenica-al-teatro-comunale-glauco-mauri-interpreta-una-fiaba-su-un-mondo-migliore\/","url":"https:\/\/www.bellunopress.it\/2012\/01\/18\/quello-che-prende-gli-schiaffi-sabato-e-domenica-al-teatro-comunale-glauco-mauri-interpreta-una-fiaba-su-un-mondo-migliore\/","name":"\"Quello che prende gli schiaffi\". Sabato e domenica al Teatro comunale Glauco Mauri interpreta una fiaba su un mondo migliore - Bellunopress - Dolomiti","isPartOf":{"@id":"https:\/\/www.bellunopress.it\/#website"},"primaryImageOfPage":{"@id":"https:\/\/www.bellunopress.it\/2012\/01\/18\/quello-che-prende-gli-schiaffi-sabato-e-domenica-al-teatro-comunale-glauco-mauri-interpreta-una-fiaba-su-un-mondo-migliore\/#primaryimage"},"image":{"@id":"https:\/\/www.bellunopress.it\/2012\/01\/18\/quello-che-prende-gli-schiaffi-sabato-e-domenica-al-teatro-comunale-glauco-mauri-interpreta-una-fiaba-su-un-mondo-migliore\/#primaryimage"},"thumbnailUrl":"http:\/\/www.bellunopress.it\/wp-content\/uploads\/2011\/12\/teatro-comunale-notte.jpg","datePublished":"2012-01-18T16:42:32+00:00","breadcrumb":{"@id":"https:\/\/www.bellunopress.it\/2012\/01\/18\/quello-che-prende-gli-schiaffi-sabato-e-domenica-al-teatro-comunale-glauco-mauri-interpreta-una-fiaba-su-un-mondo-migliore\/#breadcrumb"},"inLanguage":"fr-FR","potentialAction":[{"@type":"ReadAction","target":["https:\/\/www.bellunopress.it\/2012\/01\/18\/quello-che-prende-gli-schiaffi-sabato-e-domenica-al-teatro-comunale-glauco-mauri-interpreta-una-fiaba-su-un-mondo-migliore\/"]}]},{"@type":"ImageObject","inLanguage":"fr-FR","@id":"https:\/\/www.bellunopress.it\/2012\/01\/18\/quello-che-prende-gli-schiaffi-sabato-e-domenica-al-teatro-comunale-glauco-mauri-interpreta-una-fiaba-su-un-mondo-migliore\/#primaryimage","url":"http:\/\/www.bellunopress.it\/wp-content\/uploads\/2011\/12\/teatro-comunale-notte.jpg","contentUrl":"http:\/\/www.bellunopress.it\/wp-content\/uploads\/2011\/12\/teatro-comunale-notte.jpg"},{"@type":"BreadcrumbList","@id":"https:\/\/www.bellunopress.it\/2012\/01\/18\/quello-che-prende-gli-schiaffi-sabato-e-domenica-al-teatro-comunale-glauco-mauri-interpreta-una-fiaba-su-un-mondo-migliore\/#breadcrumb","itemListElement":[{"@type":"ListItem","position":1,"name":"Home","item":"https:\/\/www.bellunopress.it\/"},{"@type":"ListItem","position":2,"name":"&#8220;Quello che prende gli schiaffi&#8221;. Sabato e domenica al Teatro comunale Glauco Mauri interpreta una fiaba su un mondo migliore"}]},{"@type":"WebSite","@id":"https:\/\/www.bellunopress.it\/#website","url":"https:\/\/www.bellunopress.it\/","name":"Bellunopress - Dolomiti","description":"e-mail: redazione@bellunopress.it","publisher":{"@id":"https:\/\/www.bellunopress.it\/#organization"},"potentialAction":[{"@type":"SearchAction","target":{"@type":"EntryPoint","urlTemplate":"https:\/\/www.bellunopress.it\/?s={search_term_string}"},"query-input":{"@type":"PropertyValueSpecification","valueRequired":true,"valueName":"search_term_string"}}],"inLanguage":"fr-FR"},{"@type":"Organization","@id":"https:\/\/www.bellunopress.it\/#organization","name":"Bellunopress","url":"https:\/\/www.bellunopress.it\/","logo":{"@type":"ImageObject","inLanguage":"fr-FR","@id":"https:\/\/www.bellunopress.it\/#\/schema\/logo\/image\/","url":"https:\/\/www.bellunopress.it\/wp-content\/uploads\/2011\/05\/cropped-logo-bellunopress-.jpg","contentUrl":"https:\/\/www.bellunopress.it\/wp-content\/uploads\/2011\/05\/cropped-logo-bellunopress-.jpg","width":512,"height":512,"caption":"Bellunopress"},"image":{"@id":"https:\/\/www.bellunopress.it\/#\/schema\/logo\/image\/"},"sameAs":["https:\/\/www.facebook.com\/profile.php?id=100008943462799","https:\/\/x.com\/bellunopress","https:\/\/www.linkedin.com\/hp\/?dnr=JBzUWaJfMUw8vbXJJ2tVW5-I3jZKvC4wsoxE&amp;amp;amp;amp;amp;amp;trk=nav_responsive_tab_home","https:\/\/www.youtube.com\/channel\/UCxL0wu1uN0_3_7hGG0306cw"]},{"@type":"Person","@id":"https:\/\/www.bellunopress.it\/#\/schema\/person\/79bb06722b37ece1c03d3e94beb30d73","name":"r\u00e9daction","image":{"@type":"ImageObject","inLanguage":"fr-FR","@id":"https:\/\/secure.gravatar.com\/avatar\/37d968a2e67a6fd04c169c4bdef102d0bc5d31b2546345219e348575eb80e9a0?s=96&d=mm&r=g","url":"https:\/\/secure.gravatar.com\/avatar\/37d968a2e67a6fd04c169c4bdef102d0bc5d31b2546345219e348575eb80e9a0?s=96&d=mm&r=g","contentUrl":"https:\/\/secure.gravatar.com\/avatar\/37d968a2e67a6fd04c169c4bdef102d0bc5d31b2546345219e348575eb80e9a0?s=96&d=mm&r=g","caption":"redazione"},"sameAs":["http:\/\/www.bellunopress.it","https:\/\/x.com\/bellunopress"],"url":"https:\/\/www.bellunopress.it\/fr\/author\/redazione\/"}]}},"_links":{"self":[{"href":"https:\/\/www.bellunopress.it\/fr\/wp-json\/wp\/v2\/posts\/34246","targetHints":{"allow":["GET"]}}],"collection":[{"href":"https:\/\/www.bellunopress.it\/fr\/wp-json\/wp\/v2\/posts"}],"about":[{"href":"https:\/\/www.bellunopress.it\/fr\/wp-json\/wp\/v2\/types\/post"}],"author":[{"embeddable":true,"href":"https:\/\/www.bellunopress.it\/fr\/wp-json\/wp\/v2\/users\/2"}],"replies":[{"embeddable":true,"href":"https:\/\/www.bellunopress.it\/fr\/wp-json\/wp\/v2\/comments?post=34246"}],"version-history":[{"count":2,"href":"https:\/\/www.bellunopress.it\/fr\/wp-json\/wp\/v2\/posts\/34246\/revisions"}],"predecessor-version":[{"id":34248,"href":"https:\/\/www.bellunopress.it\/fr\/wp-json\/wp\/v2\/posts\/34246\/revisions\/34248"}],"wp:attachment":[{"href":"https:\/\/www.bellunopress.it\/fr\/wp-json\/wp\/v2\/media?parent=34246"}],"wp:term":[{"taxonomy":"category","embeddable":true,"href":"https:\/\/www.bellunopress.it\/fr\/wp-json\/wp\/v2\/categories?post=34246"},{"taxonomy":"post_tag","embeddable":true,"href":"https:\/\/www.bellunopress.it\/fr\/wp-json\/wp\/v2\/tags?post=34246"}],"curies":[{"name":"wp","href":"https:\/\/api.w.org\/{rel}","templated":true}]}}