{"id":34242,"date":"2012-01-18T12:52:33","date_gmt":"2012-01-18T11:52:33","guid":{"rendered":"http:\/\/www.bellunopress.it\/?p=34242"},"modified":"2012-01-18T12:52:33","modified_gmt":"2012-01-18T11:52:33","slug":"45enne-trevigiano-alla-guida-ubriaco-danneggia-una-colonnina-telefonica-ritirata-la-patente-e-sequestrata-lauto","status":"publish","type":"post","link":"https:\/\/www.bellunopress.it\/fr\/2012\/01\/18\/45enne-trevigiano-alla-guida-ubriaco-danneggia-una-colonnina-telefonica-ritirata-la-patente-e-sequestrata-lauto\/","title":{"rendered":"45enne trevigiano alla guida ubriaco danneggia una colonnina telefonica. Ritirata la patente e sequestrata l&#8217;auto"},"content":{"rendered":"<p><a href=\"http:\/\/www.bellunopress.it\/wp-content\/uploads\/2011\/08\/polizia-150x113.jpg\"><img loading=\"lazy\" decoding=\"async\" class=\"alignleft size-full wp-image-29780\" title=\"polizia 150x113\" src=\"http:\/\/www.bellunopress.it\/wp-content\/uploads\/2011\/08\/polizia-150x113.jpg\" alt=\"\" width=\"150\" height=\"113\" \/><\/a>Una pattuglia della Squadra Volante della Questura di Belluno, su segnalazione della Sala Operativa, \u00e8 intervenuta luned\u00ec 16 gennaio, alle 14.00, in via Agordo, in quanto era stata segnalata un\u2019autovettura il cui conducente teneva una guida pericolosa. L\u2019equipaggio incrociava l\u2019autovettura Volkswagen Tuareg che procedeva a \u201czig-zag\u201d e ne intimava l\u2019alt con i sistemi di emergenza. Il conducente arrestava il mezzo nei pressi dell\u2019area del distributore di carburanti \u201cAzzalini\u201d, ma durante tale manovra andava a collidere contro una colonnina in plastica della \u201cSIPTEL\u201d piegandola e conseguentemente danneggiandola.<br \/>\nIl mezzo era condotto da B.R., di anni 45, della provincia di Treviso, il quale dopo essere sceso dall\u2019auto ed un breve colloquio, evidenziava i sintomi riconducibili ad una persona che aveva abusato di sostanze alcoliche poich\u00e9 presentava difficolt\u00e0, sia di espressione verbale, che di coordinamento dei movimenti, inoltre un alito alcoolico ed occhi lucidi. L&#8217;uomo veniva quindi sottoposto all\u2019esame alcolemico che dava un valore di 3,15 g\/l (prima prova) e 2,94 g\/l (seconda prova).<br \/>\nConsiderando la positivit\u00e0 del tasso alcolemico gli agenti procedevano al ritiro della patente con conseguente denuncia in stato di libert\u00e0 per il reato di cui all\u2019Art.186 c.2\u00b0 lett.C. L&#8217;auto, di sua propriet\u00e0, veniva sottoposta a sequestro amministrativo e affidato in custodia ad una ditta specializzata di Belluno.<br \/>\nPer quanto concerne il danneggiamento della colonnina SIP-TEL, veniva contattato il personale della Telecom che assicurava l\u2019intervento sul posto.<\/p>","protected":false},"excerpt":{"rendered":"<p>Una pattuglia della Squadra Volante della Questura di Belluno, su segnalazione della Sala Operativa, \u00e8 intervenuta luned\u00ec 16 gennaio, alle 14.00, in via Agordo, in quanto era stata segnalata un\u2019autovettura il cui conducente teneva una guida pericolosa. L\u2019equipaggio incrociava l\u2019autovettura Volkswagen Tuareg che procedeva a \u201czig-zag\u201d e ne intimava l\u2019alt con i sistemi di emergenza. [&hellip;]<\/p>\n","protected":false},"author":2,"featured_media":0,"comment_status":"closed","ping_status":"open","sticky":false,"template":"","format":"standard","meta":{"footnotes":""},"categories":[5,26],"tags":[],"class_list":["post-34242","post","type-post","status-publish","format-standard","category-cronaca","category-prima-pagina"],"yoast_head":"<!-- This site is optimized with the Yoast SEO plugin v28.4 - https:\/\/yoast.com\/product\/yoast-seo-wordpress\/ -->\n<title>45enne trevigiano alla guida ubriaco danneggia una colonnina telefonica. Ritirata la patente e sequestrata l&#039;auto - Bellunopress - Dolomiti<\/title>\n<meta name=\"robots\" content=\"index, follow, max-snippet:-1, max-image-preview:large, max-video-preview:-1\" \/>\n<link rel=\"canonical\" href=\"https:\/\/www.bellunopress.it\/fr\/2012\/01\/18\/45enne-trevigiano-alla-guida-ubriaco-danneggia-una-colonnina-telefonica-ritirata-la-patente-e-sequestrata-lauto\/\" \/>\n<meta property=\"og:locale\" content=\"fr_FR\" \/>\n<meta property=\"og:type\" content=\"article\" \/>\n<meta property=\"og:title\" content=\"45enne trevigiano alla guida ubriaco danneggia una colonnina telefonica. Ritirata la patente e sequestrata l&#039;auto - Bellunopress - Dolomiti\" \/>\n<meta property=\"og:description\" content=\"Una pattuglia della Squadra Volante della Questura di Belluno, su segnalazione della Sala Operativa, \u00e8 intervenuta luned\u00ec 16 gennaio, alle 14.00, in via Agordo, in quanto era stata segnalata un\u2019autovettura il cui conducente teneva una guida pericolosa. L\u2019equipaggio incrociava l\u2019autovettura Volkswagen Tuareg che procedeva a \u201czig-zag\u201d e ne intimava l\u2019alt con i sistemi di emergenza. [&hellip;]\" \/>\n<meta property=\"og:url\" content=\"https:\/\/www.bellunopress.it\/fr\/2012\/01\/18\/45enne-trevigiano-alla-guida-ubriaco-danneggia-una-colonnina-telefonica-ritirata-la-patente-e-sequestrata-lauto\/\" \/>\n<meta property=\"og:site_name\" content=\"Bellunopress - Dolomiti\" \/>\n<meta property=\"article:publisher\" content=\"https:\/\/www.facebook.com\/profile.php?id=100008943462799\" \/>\n<meta property=\"article:published_time\" content=\"2012-01-18T11:52:33+00:00\" \/>\n<meta property=\"og:image\" content=\"http:\/\/www.bellunopress.it\/wp-content\/uploads\/2011\/08\/polizia-150x113.jpg\" \/>\n<meta name=\"author\" content=\"redazione\" \/>\n<meta name=\"twitter:card\" content=\"summary_large_image\" \/>\n<meta name=\"twitter:creator\" content=\"@bellunopress\" \/>\n<meta name=\"twitter:site\" content=\"@bellunopress\" \/>\n<meta name=\"twitter:label1\" content=\"\u00c9crit par\" \/>\n\t<meta name=\"twitter:data1\" content=\"redazione\" \/>\n\t<meta name=\"twitter:label2\" content=\"Dur\u00e9e de lecture estim\u00e9e\" \/>\n\t<meta name=\"twitter:data2\" content=\"1 minute\" \/>\n<script type=\"application\/ld+json\" class=\"yoast-schema-graph\">{\"@context\":\"https:\\\/\\\/schema.org\",\"@graph\":[{\"@type\":\"Article\",\"@id\":\"https:\\\/\\\/www.bellunopress.it\\\/2012\\\/01\\\/18\\\/45enne-trevigiano-alla-guida-ubriaco-danneggia-una-colonnina-telefonica-ritirata-la-patente-e-sequestrata-lauto\\\/#article\",\"isPartOf\":{\"@id\":\"https:\\\/\\\/www.bellunopress.it\\\/2012\\\/01\\\/18\\\/45enne-trevigiano-alla-guida-ubriaco-danneggia-una-colonnina-telefonica-ritirata-la-patente-e-sequestrata-lauto\\\/\"},\"author\":{\"name\":\"redazione\",\"@id\":\"https:\\\/\\\/www.bellunopress.it\\\/#\\\/schema\\\/person\\\/79bb06722b37ece1c03d3e94beb30d73\"},\"headline\":\"45enne trevigiano alla guida ubriaco danneggia una colonnina telefonica. Ritirata la patente e sequestrata l&#8217;auto\",\"datePublished\":\"2012-01-18T11:52:33+00:00\",\"mainEntityOfPage\":{\"@id\":\"https:\\\/\\\/www.bellunopress.it\\\/2012\\\/01\\\/18\\\/45enne-trevigiano-alla-guida-ubriaco-danneggia-una-colonnina-telefonica-ritirata-la-patente-e-sequestrata-lauto\\\/\"},\"wordCount\":252,\"publisher\":{\"@id\":\"https:\\\/\\\/www.bellunopress.it\\\/#organization\"},\"image\":{\"@id\":\"https:\\\/\\\/www.bellunopress.it\\\/2012\\\/01\\\/18\\\/45enne-trevigiano-alla-guida-ubriaco-danneggia-una-colonnina-telefonica-ritirata-la-patente-e-sequestrata-lauto\\\/#primaryimage\"},\"thumbnailUrl\":\"http:\\\/\\\/www.bellunopress.it\\\/wp-content\\\/uploads\\\/2011\\\/08\\\/polizia-150x113.jpg\",\"articleSection\":[\"Cronaca\\\/Politica\",\"Prima Pagina\"],\"inLanguage\":\"fr-FR\"},{\"@type\":\"WebPage\",\"@id\":\"https:\\\/\\\/www.bellunopress.it\\\/2012\\\/01\\\/18\\\/45enne-trevigiano-alla-guida-ubriaco-danneggia-una-colonnina-telefonica-ritirata-la-patente-e-sequestrata-lauto\\\/\",\"url\":\"https:\\\/\\\/www.bellunopress.it\\\/2012\\\/01\\\/18\\\/45enne-trevigiano-alla-guida-ubriaco-danneggia-una-colonnina-telefonica-ritirata-la-patente-e-sequestrata-lauto\\\/\",\"name\":\"45enne trevigiano alla guida ubriaco danneggia una colonnina telefonica. Ritirata la patente e sequestrata l'auto - Bellunopress - Dolomiti\",\"isPartOf\":{\"@id\":\"https:\\\/\\\/www.bellunopress.it\\\/#website\"},\"primaryImageOfPage\":{\"@id\":\"https:\\\/\\\/www.bellunopress.it\\\/2012\\\/01\\\/18\\\/45enne-trevigiano-alla-guida-ubriaco-danneggia-una-colonnina-telefonica-ritirata-la-patente-e-sequestrata-lauto\\\/#primaryimage\"},\"image\":{\"@id\":\"https:\\\/\\\/www.bellunopress.it\\\/2012\\\/01\\\/18\\\/45enne-trevigiano-alla-guida-ubriaco-danneggia-una-colonnina-telefonica-ritirata-la-patente-e-sequestrata-lauto\\\/#primaryimage\"},\"thumbnailUrl\":\"http:\\\/\\\/www.bellunopress.it\\\/wp-content\\\/uploads\\\/2011\\\/08\\\/polizia-150x113.jpg\",\"datePublished\":\"2012-01-18T11:52:33+00:00\",\"breadcrumb\":{\"@id\":\"https:\\\/\\\/www.bellunopress.it\\\/2012\\\/01\\\/18\\\/45enne-trevigiano-alla-guida-ubriaco-danneggia-una-colonnina-telefonica-ritirata-la-patente-e-sequestrata-lauto\\\/#breadcrumb\"},\"inLanguage\":\"fr-FR\",\"potentialAction\":[{\"@type\":\"ReadAction\",\"target\":[\"https:\\\/\\\/www.bellunopress.it\\\/2012\\\/01\\\/18\\\/45enne-trevigiano-alla-guida-ubriaco-danneggia-una-colonnina-telefonica-ritirata-la-patente-e-sequestrata-lauto\\\/\"]}]},{\"@type\":\"ImageObject\",\"inLanguage\":\"fr-FR\",\"@id\":\"https:\\\/\\\/www.bellunopress.it\\\/2012\\\/01\\\/18\\\/45enne-trevigiano-alla-guida-ubriaco-danneggia-una-colonnina-telefonica-ritirata-la-patente-e-sequestrata-lauto\\\/#primaryimage\",\"url\":\"http:\\\/\\\/www.bellunopress.it\\\/wp-content\\\/uploads\\\/2011\\\/08\\\/polizia-150x113.jpg\",\"contentUrl\":\"http:\\\/\\\/www.bellunopress.it\\\/wp-content\\\/uploads\\\/2011\\\/08\\\/polizia-150x113.jpg\"},{\"@type\":\"BreadcrumbList\",\"@id\":\"https:\\\/\\\/www.bellunopress.it\\\/2012\\\/01\\\/18\\\/45enne-trevigiano-alla-guida-ubriaco-danneggia-una-colonnina-telefonica-ritirata-la-patente-e-sequestrata-lauto\\\/#breadcrumb\",\"itemListElement\":[{\"@type\":\"ListItem\",\"position\":1,\"name\":\"Home\",\"item\":\"https:\\\/\\\/www.bellunopress.it\\\/\"},{\"@type\":\"ListItem\",\"position\":2,\"name\":\"45enne trevigiano alla guida ubriaco danneggia una colonnina telefonica. Ritirata la patente e sequestrata l&#8217;auto\"}]},{\"@type\":\"WebSite\",\"@id\":\"https:\\\/\\\/www.bellunopress.it\\\/#website\",\"url\":\"https:\\\/\\\/www.bellunopress.it\\\/\",\"name\":\"Bellunopress - Dolomiti\",\"description\":\"e-mail: redazione@bellunopress.it\",\"publisher\":{\"@id\":\"https:\\\/\\\/www.bellunopress.it\\\/#organization\"},\"potentialAction\":[{\"@type\":\"SearchAction\",\"target\":{\"@type\":\"EntryPoint\",\"urlTemplate\":\"https:\\\/\\\/www.bellunopress.it\\\/?s={search_term_string}\"},\"query-input\":{\"@type\":\"PropertyValueSpecification\",\"valueRequired\":true,\"valueName\":\"search_term_string\"}}],\"inLanguage\":\"fr-FR\"},{\"@type\":\"Organization\",\"@id\":\"https:\\\/\\\/www.bellunopress.it\\\/#organization\",\"name\":\"Bellunopress\",\"url\":\"https:\\\/\\\/www.bellunopress.it\\\/\",\"logo\":{\"@type\":\"ImageObject\",\"inLanguage\":\"fr-FR\",\"@id\":\"https:\\\/\\\/www.bellunopress.it\\\/#\\\/schema\\\/logo\\\/image\\\/\",\"url\":\"https:\\\/\\\/www.bellunopress.it\\\/wp-content\\\/uploads\\\/2011\\\/05\\\/cropped-logo-bellunopress-.jpg\",\"contentUrl\":\"https:\\\/\\\/www.bellunopress.it\\\/wp-content\\\/uploads\\\/2011\\\/05\\\/cropped-logo-bellunopress-.jpg\",\"width\":512,\"height\":512,\"caption\":\"Bellunopress\"},\"image\":{\"@id\":\"https:\\\/\\\/www.bellunopress.it\\\/#\\\/schema\\\/logo\\\/image\\\/\"},\"sameAs\":[\"https:\\\/\\\/www.facebook.com\\\/profile.php?id=100008943462799\",\"https:\\\/\\\/x.com\\\/bellunopress\",\"https:\\\/\\\/www.linkedin.com\\\/hp\\\/?dnr=JBzUWaJfMUw8vbXJJ2tVW5-I3jZKvC4wsoxE&amp;amp;amp;amp;amp;amp;trk=nav_responsive_tab_home\",\"https:\\\/\\\/www.youtube.com\\\/channel\\\/UCxL0wu1uN0_3_7hGG0306cw\"]},{\"@type\":\"Person\",\"@id\":\"https:\\\/\\\/www.bellunopress.it\\\/#\\\/schema\\\/person\\\/79bb06722b37ece1c03d3e94beb30d73\",\"name\":\"redazione\",\"image\":{\"@type\":\"ImageObject\",\"inLanguage\":\"fr-FR\",\"@id\":\"https:\\\/\\\/secure.gravatar.com\\\/avatar\\\/37d968a2e67a6fd04c169c4bdef102d0bc5d31b2546345219e348575eb80e9a0?s=96&d=mm&r=g\",\"url\":\"https:\\\/\\\/secure.gravatar.com\\\/avatar\\\/37d968a2e67a6fd04c169c4bdef102d0bc5d31b2546345219e348575eb80e9a0?s=96&d=mm&r=g\",\"contentUrl\":\"https:\\\/\\\/secure.gravatar.com\\\/avatar\\\/37d968a2e67a6fd04c169c4bdef102d0bc5d31b2546345219e348575eb80e9a0?s=96&d=mm&r=g\",\"caption\":\"redazione\"},\"sameAs\":[\"http:\\\/\\\/www.bellunopress.it\",\"https:\\\/\\\/x.com\\\/bellunopress\"],\"url\":\"https:\\\/\\\/www.bellunopress.it\\\/fr\\\/author\\\/redazione\\\/\"}]}<\/script>\n<!-- \/ Yoast SEO plugin. -->","yoast_head_json":{"title":"45enne trevigiano alla guida ubriaco danneggia una colonnina telefonica. Ritirata la patente e sequestrata l'auto - Bellunopress - Dolomiti","robots":{"index":"index","follow":"follow","max-snippet":"max-snippet:-1","max-image-preview":"max-image-preview:large","max-video-preview":"max-video-preview:-1"},"canonical":"https:\/\/www.bellunopress.it\/fr\/2012\/01\/18\/45enne-trevigiano-alla-guida-ubriaco-danneggia-una-colonnina-telefonica-ritirata-la-patente-e-sequestrata-lauto\/","og_locale":"fr_FR","og_type":"article","og_title":"45enne trevigiano alla guida ubriaco danneggia una colonnina telefonica. Ritirata la patente e sequestrata l'auto - Bellunopress - Dolomiti","og_description":"Una pattuglia della Squadra Volante della Questura di Belluno, su segnalazione della Sala Operativa, \u00e8 intervenuta luned\u00ec 16 gennaio, alle 14.00, in via Agordo, in quanto era stata segnalata un\u2019autovettura il cui conducente teneva una guida pericolosa. L\u2019equipaggio incrociava l\u2019autovettura Volkswagen Tuareg che procedeva a \u201czig-zag\u201d e ne intimava l\u2019alt con i sistemi di emergenza. [&hellip;]","og_url":"https:\/\/www.bellunopress.it\/fr\/2012\/01\/18\/45enne-trevigiano-alla-guida-ubriaco-danneggia-una-colonnina-telefonica-ritirata-la-patente-e-sequestrata-lauto\/","og_site_name":"Bellunopress - Dolomiti","article_publisher":"https:\/\/www.facebook.com\/profile.php?id=100008943462799","article_published_time":"2012-01-18T11:52:33+00:00","og_image":[{"url":"http:\/\/www.bellunopress.it\/wp-content\/uploads\/2011\/08\/polizia-150x113.jpg","type":"","width":"","height":""}],"author":"redazione","twitter_card":"summary_large_image","twitter_creator":"@bellunopress","twitter_site":"@bellunopress","twitter_misc":{"\u00c9crit par":"redazione","Dur\u00e9e de lecture estim\u00e9e":"1 minute"},"schema":{"@context":"https:\/\/schema.org","@graph":[{"@type":"Article","@id":"https:\/\/www.bellunopress.it\/2012\/01\/18\/45enne-trevigiano-alla-guida-ubriaco-danneggia-una-colonnina-telefonica-ritirata-la-patente-e-sequestrata-lauto\/#article","isPartOf":{"@id":"https:\/\/www.bellunopress.it\/2012\/01\/18\/45enne-trevigiano-alla-guida-ubriaco-danneggia-una-colonnina-telefonica-ritirata-la-patente-e-sequestrata-lauto\/"},"author":{"name":"redazione","@id":"https:\/\/www.bellunopress.it\/#\/schema\/person\/79bb06722b37ece1c03d3e94beb30d73"},"headline":"45enne trevigiano alla guida ubriaco danneggia una colonnina telefonica. Ritirata la patente e sequestrata l&#8217;auto","datePublished":"2012-01-18T11:52:33+00:00","mainEntityOfPage":{"@id":"https:\/\/www.bellunopress.it\/2012\/01\/18\/45enne-trevigiano-alla-guida-ubriaco-danneggia-una-colonnina-telefonica-ritirata-la-patente-e-sequestrata-lauto\/"},"wordCount":252,"publisher":{"@id":"https:\/\/www.bellunopress.it\/#organization"},"image":{"@id":"https:\/\/www.bellunopress.it\/2012\/01\/18\/45enne-trevigiano-alla-guida-ubriaco-danneggia-una-colonnina-telefonica-ritirata-la-patente-e-sequestrata-lauto\/#primaryimage"},"thumbnailUrl":"http:\/\/www.bellunopress.it\/wp-content\/uploads\/2011\/08\/polizia-150x113.jpg","articleSection":["Cronaca\/Politica","Prima Pagina"],"inLanguage":"fr-FR"},{"@type":"WebPage","@id":"https:\/\/www.bellunopress.it\/2012\/01\/18\/45enne-trevigiano-alla-guida-ubriaco-danneggia-una-colonnina-telefonica-ritirata-la-patente-e-sequestrata-lauto\/","url":"https:\/\/www.bellunopress.it\/2012\/01\/18\/45enne-trevigiano-alla-guida-ubriaco-danneggia-una-colonnina-telefonica-ritirata-la-patente-e-sequestrata-lauto\/","name":"45enne trevigiano alla guida ubriaco danneggia una colonnina telefonica. Ritirata la patente e sequestrata l'auto - Bellunopress - Dolomiti","isPartOf":{"@id":"https:\/\/www.bellunopress.it\/#website"},"primaryImageOfPage":{"@id":"https:\/\/www.bellunopress.it\/2012\/01\/18\/45enne-trevigiano-alla-guida-ubriaco-danneggia-una-colonnina-telefonica-ritirata-la-patente-e-sequestrata-lauto\/#primaryimage"},"image":{"@id":"https:\/\/www.bellunopress.it\/2012\/01\/18\/45enne-trevigiano-alla-guida-ubriaco-danneggia-una-colonnina-telefonica-ritirata-la-patente-e-sequestrata-lauto\/#primaryimage"},"thumbnailUrl":"http:\/\/www.bellunopress.it\/wp-content\/uploads\/2011\/08\/polizia-150x113.jpg","datePublished":"2012-01-18T11:52:33+00:00","breadcrumb":{"@id":"https:\/\/www.bellunopress.it\/2012\/01\/18\/45enne-trevigiano-alla-guida-ubriaco-danneggia-una-colonnina-telefonica-ritirata-la-patente-e-sequestrata-lauto\/#breadcrumb"},"inLanguage":"fr-FR","potentialAction":[{"@type":"ReadAction","target":["https:\/\/www.bellunopress.it\/2012\/01\/18\/45enne-trevigiano-alla-guida-ubriaco-danneggia-una-colonnina-telefonica-ritirata-la-patente-e-sequestrata-lauto\/"]}]},{"@type":"ImageObject","inLanguage":"fr-FR","@id":"https:\/\/www.bellunopress.it\/2012\/01\/18\/45enne-trevigiano-alla-guida-ubriaco-danneggia-una-colonnina-telefonica-ritirata-la-patente-e-sequestrata-lauto\/#primaryimage","url":"http:\/\/www.bellunopress.it\/wp-content\/uploads\/2011\/08\/polizia-150x113.jpg","contentUrl":"http:\/\/www.bellunopress.it\/wp-content\/uploads\/2011\/08\/polizia-150x113.jpg"},{"@type":"BreadcrumbList","@id":"https:\/\/www.bellunopress.it\/2012\/01\/18\/45enne-trevigiano-alla-guida-ubriaco-danneggia-una-colonnina-telefonica-ritirata-la-patente-e-sequestrata-lauto\/#breadcrumb","itemListElement":[{"@type":"ListItem","position":1,"name":"Home","item":"https:\/\/www.bellunopress.it\/"},{"@type":"ListItem","position":2,"name":"45enne trevigiano alla guida ubriaco danneggia una colonnina telefonica. Ritirata la patente e sequestrata l&#8217;auto"}]},{"@type":"WebSite","@id":"https:\/\/www.bellunopress.it\/#website","url":"https:\/\/www.bellunopress.it\/","name":"Bellunopress - Dolomiti","description":"e-mail: redazione@bellunopress.it","publisher":{"@id":"https:\/\/www.bellunopress.it\/#organization"},"potentialAction":[{"@type":"SearchAction","target":{"@type":"EntryPoint","urlTemplate":"https:\/\/www.bellunopress.it\/?s={search_term_string}"},"query-input":{"@type":"PropertyValueSpecification","valueRequired":true,"valueName":"search_term_string"}}],"inLanguage":"fr-FR"},{"@type":"Organization","@id":"https:\/\/www.bellunopress.it\/#organization","name":"Bellunopress","url":"https:\/\/www.bellunopress.it\/","logo":{"@type":"ImageObject","inLanguage":"fr-FR","@id":"https:\/\/www.bellunopress.it\/#\/schema\/logo\/image\/","url":"https:\/\/www.bellunopress.it\/wp-content\/uploads\/2011\/05\/cropped-logo-bellunopress-.jpg","contentUrl":"https:\/\/www.bellunopress.it\/wp-content\/uploads\/2011\/05\/cropped-logo-bellunopress-.jpg","width":512,"height":512,"caption":"Bellunopress"},"image":{"@id":"https:\/\/www.bellunopress.it\/#\/schema\/logo\/image\/"},"sameAs":["https:\/\/www.facebook.com\/profile.php?id=100008943462799","https:\/\/x.com\/bellunopress","https:\/\/www.linkedin.com\/hp\/?dnr=JBzUWaJfMUw8vbXJJ2tVW5-I3jZKvC4wsoxE&amp;amp;amp;amp;amp;amp;trk=nav_responsive_tab_home","https:\/\/www.youtube.com\/channel\/UCxL0wu1uN0_3_7hGG0306cw"]},{"@type":"Person","@id":"https:\/\/www.bellunopress.it\/#\/schema\/person\/79bb06722b37ece1c03d3e94beb30d73","name":"r\u00e9daction","image":{"@type":"ImageObject","inLanguage":"fr-FR","@id":"https:\/\/secure.gravatar.com\/avatar\/37d968a2e67a6fd04c169c4bdef102d0bc5d31b2546345219e348575eb80e9a0?s=96&d=mm&r=g","url":"https:\/\/secure.gravatar.com\/avatar\/37d968a2e67a6fd04c169c4bdef102d0bc5d31b2546345219e348575eb80e9a0?s=96&d=mm&r=g","contentUrl":"https:\/\/secure.gravatar.com\/avatar\/37d968a2e67a6fd04c169c4bdef102d0bc5d31b2546345219e348575eb80e9a0?s=96&d=mm&r=g","caption":"redazione"},"sameAs":["http:\/\/www.bellunopress.it","https:\/\/x.com\/bellunopress"],"url":"https:\/\/www.bellunopress.it\/fr\/author\/redazione\/"}]}},"_links":{"self":[{"href":"https:\/\/www.bellunopress.it\/fr\/wp-json\/wp\/v2\/posts\/34242","targetHints":{"allow":["GET"]}}],"collection":[{"href":"https:\/\/www.bellunopress.it\/fr\/wp-json\/wp\/v2\/posts"}],"about":[{"href":"https:\/\/www.bellunopress.it\/fr\/wp-json\/wp\/v2\/types\/post"}],"author":[{"embeddable":true,"href":"https:\/\/www.bellunopress.it\/fr\/wp-json\/wp\/v2\/users\/2"}],"replies":[{"embeddable":true,"href":"https:\/\/www.bellunopress.it\/fr\/wp-json\/wp\/v2\/comments?post=34242"}],"version-history":[{"count":2,"href":"https:\/\/www.bellunopress.it\/fr\/wp-json\/wp\/v2\/posts\/34242\/revisions"}],"predecessor-version":[{"id":34244,"href":"https:\/\/www.bellunopress.it\/fr\/wp-json\/wp\/v2\/posts\/34242\/revisions\/34244"}],"wp:attachment":[{"href":"https:\/\/www.bellunopress.it\/fr\/wp-json\/wp\/v2\/media?parent=34242"}],"wp:term":[{"taxonomy":"category","embeddable":true,"href":"https:\/\/www.bellunopress.it\/fr\/wp-json\/wp\/v2\/categories?post=34242"},{"taxonomy":"post_tag","embeddable":true,"href":"https:\/\/www.bellunopress.it\/fr\/wp-json\/wp\/v2\/tags?post=34242"}],"curies":[{"name":"wp","href":"https:\/\/api.w.org\/{rel}","templated":true}]}}