{"id":34239,"date":"2012-01-18T12:42:03","date_gmt":"2012-01-18T11:42:03","guid":{"rendered":"http:\/\/www.bellunopress.it\/?p=34239"},"modified":"2012-01-18T12:42:03","modified_gmt":"2012-01-18T11:42:03","slug":"confindustria-belluno-dolomiti-cgil-cisl-e-uil-siglano-un-accordo-sulla-detassazione-del-salario-di-produttivita","status":"publish","type":"post","link":"https:\/\/www.bellunopress.it\/fr\/2012\/01\/18\/confindustria-belluno-dolomiti-cgil-cisl-e-uil-siglano-un-accordo-sulla-detassazione-del-salario-di-produttivita\/","title":{"rendered":"Confindustria Belluno Dolomiti, Cgil, Cisl e Uil siglano un accordo sulla detassazione del salario di produttivit\u00e0"},"content":{"rendered":"<figure id=\"attachment_6413\" aria-describedby=\"caption-attachment-6413\" style=\"width: 300px\" class=\"wp-caption alignleft\"><a href=\"http:\/\/www.bellunopress.it\/wp-content\/uploads\/2009\/07\/confindustria-belluno-dolomiti-300x170.jpg\"><img loading=\"lazy\" decoding=\"async\" class=\"size-full wp-image-6413\" title=\"confindustria-belluno-dolomiti-300x170\" src=\"http:\/\/www.bellunopress.it\/wp-content\/uploads\/2009\/07\/confindustria-belluno-dolomiti-300x170.jpg\" alt=\"\" width=\"300\" height=\"169\" \/><\/a><figcaption id=\"caption-attachment-6413\" class=\"wp-caption-text\">Palazzo Doglioni-Dalmas sede Confindustria Belluno Dolomiti<\/figcaption><\/figure>\n<p>Confindustria Belluno Dolomiti e le Organizzazioni Sindacali della provincia hanno sottoscritto nei giorni scorsi un accordo che conferma anche per il 2012 la detassazione dei premi di produttivit\u00e0. Le imprese associate potranno usufruire di un\u2019agevolazione fiscale pari al 10% per lavoro notturno, straordinari e premi di produttivit\u00e0, in pratica per quasi tutte le componenti accessorie alla retribuzione dei dipendenti. Le parti sociali hanno seguito la strada intrapresa a livello nazionale firmando un protocollo territoriale che garantisce un\u2019applicazione omogenea della detassazione sul salario di produttivit\u00e0. Si tratta di una intesa molto importante che rende operativa la disposizione di legge e la successiva circolare del Ministero del Lavoro e dell\u2019Agenzia delle Entrate n.3\/2011, circa la detassazione delle voci retributive corrisposte con gli incrementi di produttivit\u00e0. Il presidente di Confindustria Belluno Dolomiti Gian Domenico Cappellaro, dopo la stipula, sottolinea: \u201cin questo delicato momento per l\u2019economia nazionale e locale la firma di questa intesa, che ottiene un consenso trasversale da tutte le parti sociali, favorisce le imprese a premiare la produttivit\u00e0 e tutela i lavoratori con criteri uniformi e indipendenti dalla dimensione d\u2019impresa e dal settore di appartenenza\u201d. Nell\u2019accordo \u00e8 previsto l\u2019impegno da parte delle aziende di informare le rispettive Rsu e i lavoratori sulla sua attuazione.<\/p>","protected":false},"excerpt":{"rendered":"<p>Confindustria Belluno Dolomiti e le Organizzazioni Sindacali della provincia hanno sottoscritto nei giorni scorsi un accordo che conferma anche per il 2012 la detassazione dei premi di produttivit\u00e0. Le imprese associate potranno usufruire di un\u2019agevolazione fiscale pari al 10% per lavoro notturno, straordinari e premi di produttivit\u00e0, in pratica per quasi tutte le componenti accessorie [&hellip;]<\/p>\n","protected":false},"author":2,"featured_media":0,"comment_status":"closed","ping_status":"open","sticky":false,"template":"","format":"standard","meta":{"footnotes":""},"categories":[36,26],"tags":[],"class_list":["post-34239","post","type-post","status-publish","format-standard","category-lavoro-economia","category-prima-pagina"],"yoast_head":"<!-- This site is optimized with the Yoast SEO plugin v28.4 - https:\/\/yoast.com\/product\/yoast-seo-wordpress\/ -->\n<title>Confindustria Belluno Dolomiti, Cgil, Cisl e Uil siglano un accordo sulla detassazione del salario di produttivit\u00e0  - Bellunopress - Dolomiti<\/title>\n<meta name=\"robots\" content=\"index, follow, max-snippet:-1, max-image-preview:large, max-video-preview:-1\" \/>\n<link rel=\"canonical\" href=\"https:\/\/www.bellunopress.it\/fr\/2012\/01\/18\/confindustria-belluno-dolomiti-cgil-cisl-e-uil-siglano-un-accordo-sulla-detassazione-del-salario-di-produttivita\/\" \/>\n<meta property=\"og:locale\" content=\"fr_FR\" \/>\n<meta property=\"og:type\" content=\"article\" \/>\n<meta property=\"og:title\" content=\"Confindustria Belluno Dolomiti, Cgil, Cisl e Uil siglano un accordo sulla detassazione del salario di produttivit\u00e0  - Bellunopress - Dolomiti\" \/>\n<meta property=\"og:description\" content=\"Confindustria Belluno Dolomiti e le Organizzazioni Sindacali della provincia hanno sottoscritto nei giorni scorsi un accordo che conferma anche per il 2012 la detassazione dei premi di produttivit\u00e0. Le imprese associate potranno usufruire di un\u2019agevolazione fiscale pari al 10% per lavoro notturno, straordinari e premi di produttivit\u00e0, in pratica per quasi tutte le componenti accessorie [&hellip;]\" \/>\n<meta property=\"og:url\" content=\"https:\/\/www.bellunopress.it\/fr\/2012\/01\/18\/confindustria-belluno-dolomiti-cgil-cisl-e-uil-siglano-un-accordo-sulla-detassazione-del-salario-di-produttivita\/\" \/>\n<meta property=\"og:site_name\" content=\"Bellunopress - Dolomiti\" \/>\n<meta property=\"article:publisher\" content=\"https:\/\/www.facebook.com\/profile.php?id=100008943462799\" \/>\n<meta property=\"article:published_time\" content=\"2012-01-18T11:42:03+00:00\" \/>\n<meta property=\"og:image\" content=\"http:\/\/www.bellunopress.it\/wp-content\/uploads\/2009\/07\/confindustria-belluno-dolomiti-300x170.jpg\" \/>\n<meta name=\"author\" content=\"redazione\" \/>\n<meta name=\"twitter:card\" content=\"summary_large_image\" \/>\n<meta name=\"twitter:creator\" content=\"@bellunopress\" \/>\n<meta name=\"twitter:site\" content=\"@bellunopress\" \/>\n<meta name=\"twitter:label1\" content=\"\u00c9crit par\" \/>\n\t<meta name=\"twitter:data1\" content=\"redazione\" \/>\n\t<meta name=\"twitter:label2\" content=\"Dur\u00e9e de lecture estim\u00e9e\" \/>\n\t<meta name=\"twitter:data2\" content=\"1 minute\" \/>\n<script type=\"application\/ld+json\" class=\"yoast-schema-graph\">{\"@context\":\"https:\\\/\\\/schema.org\",\"@graph\":[{\"@type\":\"Article\",\"@id\":\"https:\\\/\\\/www.bellunopress.it\\\/2012\\\/01\\\/18\\\/confindustria-belluno-dolomiti-cgil-cisl-e-uil-siglano-un-accordo-sulla-detassazione-del-salario-di-produttivita\\\/#article\",\"isPartOf\":{\"@id\":\"https:\\\/\\\/www.bellunopress.it\\\/2012\\\/01\\\/18\\\/confindustria-belluno-dolomiti-cgil-cisl-e-uil-siglano-un-accordo-sulla-detassazione-del-salario-di-produttivita\\\/\"},\"author\":{\"name\":\"redazione\",\"@id\":\"https:\\\/\\\/www.bellunopress.it\\\/#\\\/schema\\\/person\\\/79bb06722b37ece1c03d3e94beb30d73\"},\"headline\":\"Confindustria Belluno Dolomiti, Cgil, Cisl e Uil siglano un accordo sulla detassazione del salario di produttivit\u00e0\",\"datePublished\":\"2012-01-18T11:42:03+00:00\",\"mainEntityOfPage\":{\"@id\":\"https:\\\/\\\/www.bellunopress.it\\\/2012\\\/01\\\/18\\\/confindustria-belluno-dolomiti-cgil-cisl-e-uil-siglano-un-accordo-sulla-detassazione-del-salario-di-produttivita\\\/\"},\"wordCount\":237,\"publisher\":{\"@id\":\"https:\\\/\\\/www.bellunopress.it\\\/#organization\"},\"image\":{\"@id\":\"https:\\\/\\\/www.bellunopress.it\\\/2012\\\/01\\\/18\\\/confindustria-belluno-dolomiti-cgil-cisl-e-uil-siglano-un-accordo-sulla-detassazione-del-salario-di-produttivita\\\/#primaryimage\"},\"thumbnailUrl\":\"http:\\\/\\\/www.bellunopress.it\\\/wp-content\\\/uploads\\\/2009\\\/07\\\/confindustria-belluno-dolomiti-300x170.jpg\",\"articleSection\":[\"Lavoro, Economia, Turismo\",\"Prima Pagina\"],\"inLanguage\":\"fr-FR\"},{\"@type\":\"WebPage\",\"@id\":\"https:\\\/\\\/www.bellunopress.it\\\/2012\\\/01\\\/18\\\/confindustria-belluno-dolomiti-cgil-cisl-e-uil-siglano-un-accordo-sulla-detassazione-del-salario-di-produttivita\\\/\",\"url\":\"https:\\\/\\\/www.bellunopress.it\\\/2012\\\/01\\\/18\\\/confindustria-belluno-dolomiti-cgil-cisl-e-uil-siglano-un-accordo-sulla-detassazione-del-salario-di-produttivita\\\/\",\"name\":\"Confindustria Belluno Dolomiti, Cgil, Cisl e Uil siglano un accordo sulla detassazione del salario di produttivit\u00e0 - Bellunopress - Dolomiti\",\"isPartOf\":{\"@id\":\"https:\\\/\\\/www.bellunopress.it\\\/#website\"},\"primaryImageOfPage\":{\"@id\":\"https:\\\/\\\/www.bellunopress.it\\\/2012\\\/01\\\/18\\\/confindustria-belluno-dolomiti-cgil-cisl-e-uil-siglano-un-accordo-sulla-detassazione-del-salario-di-produttivita\\\/#primaryimage\"},\"image\":{\"@id\":\"https:\\\/\\\/www.bellunopress.it\\\/2012\\\/01\\\/18\\\/confindustria-belluno-dolomiti-cgil-cisl-e-uil-siglano-un-accordo-sulla-detassazione-del-salario-di-produttivita\\\/#primaryimage\"},\"thumbnailUrl\":\"http:\\\/\\\/www.bellunopress.it\\\/wp-content\\\/uploads\\\/2009\\\/07\\\/confindustria-belluno-dolomiti-300x170.jpg\",\"datePublished\":\"2012-01-18T11:42:03+00:00\",\"breadcrumb\":{\"@id\":\"https:\\\/\\\/www.bellunopress.it\\\/2012\\\/01\\\/18\\\/confindustria-belluno-dolomiti-cgil-cisl-e-uil-siglano-un-accordo-sulla-detassazione-del-salario-di-produttivita\\\/#breadcrumb\"},\"inLanguage\":\"fr-FR\",\"potentialAction\":[{\"@type\":\"ReadAction\",\"target\":[\"https:\\\/\\\/www.bellunopress.it\\\/2012\\\/01\\\/18\\\/confindustria-belluno-dolomiti-cgil-cisl-e-uil-siglano-un-accordo-sulla-detassazione-del-salario-di-produttivita\\\/\"]}]},{\"@type\":\"ImageObject\",\"inLanguage\":\"fr-FR\",\"@id\":\"https:\\\/\\\/www.bellunopress.it\\\/2012\\\/01\\\/18\\\/confindustria-belluno-dolomiti-cgil-cisl-e-uil-siglano-un-accordo-sulla-detassazione-del-salario-di-produttivita\\\/#primaryimage\",\"url\":\"http:\\\/\\\/www.bellunopress.it\\\/wp-content\\\/uploads\\\/2009\\\/07\\\/confindustria-belluno-dolomiti-300x170.jpg\",\"contentUrl\":\"http:\\\/\\\/www.bellunopress.it\\\/wp-content\\\/uploads\\\/2009\\\/07\\\/confindustria-belluno-dolomiti-300x170.jpg\"},{\"@type\":\"BreadcrumbList\",\"@id\":\"https:\\\/\\\/www.bellunopress.it\\\/2012\\\/01\\\/18\\\/confindustria-belluno-dolomiti-cgil-cisl-e-uil-siglano-un-accordo-sulla-detassazione-del-salario-di-produttivita\\\/#breadcrumb\",\"itemListElement\":[{\"@type\":\"ListItem\",\"position\":1,\"name\":\"Home\",\"item\":\"https:\\\/\\\/www.bellunopress.it\\\/\"},{\"@type\":\"ListItem\",\"position\":2,\"name\":\"Confindustria Belluno Dolomiti, Cgil, Cisl e Uil siglano un accordo sulla detassazione del salario di produttivit\u00e0\"}]},{\"@type\":\"WebSite\",\"@id\":\"https:\\\/\\\/www.bellunopress.it\\\/#website\",\"url\":\"https:\\\/\\\/www.bellunopress.it\\\/\",\"name\":\"Bellunopress - Dolomiti\",\"description\":\"e-mail: redazione@bellunopress.it\",\"publisher\":{\"@id\":\"https:\\\/\\\/www.bellunopress.it\\\/#organization\"},\"potentialAction\":[{\"@type\":\"SearchAction\",\"target\":{\"@type\":\"EntryPoint\",\"urlTemplate\":\"https:\\\/\\\/www.bellunopress.it\\\/?s={search_term_string}\"},\"query-input\":{\"@type\":\"PropertyValueSpecification\",\"valueRequired\":true,\"valueName\":\"search_term_string\"}}],\"inLanguage\":\"fr-FR\"},{\"@type\":\"Organization\",\"@id\":\"https:\\\/\\\/www.bellunopress.it\\\/#organization\",\"name\":\"Bellunopress\",\"url\":\"https:\\\/\\\/www.bellunopress.it\\\/\",\"logo\":{\"@type\":\"ImageObject\",\"inLanguage\":\"fr-FR\",\"@id\":\"https:\\\/\\\/www.bellunopress.it\\\/#\\\/schema\\\/logo\\\/image\\\/\",\"url\":\"https:\\\/\\\/www.bellunopress.it\\\/wp-content\\\/uploads\\\/2011\\\/05\\\/cropped-logo-bellunopress-.jpg\",\"contentUrl\":\"https:\\\/\\\/www.bellunopress.it\\\/wp-content\\\/uploads\\\/2011\\\/05\\\/cropped-logo-bellunopress-.jpg\",\"width\":512,\"height\":512,\"caption\":\"Bellunopress\"},\"image\":{\"@id\":\"https:\\\/\\\/www.bellunopress.it\\\/#\\\/schema\\\/logo\\\/image\\\/\"},\"sameAs\":[\"https:\\\/\\\/www.facebook.com\\\/profile.php?id=100008943462799\",\"https:\\\/\\\/x.com\\\/bellunopress\",\"https:\\\/\\\/www.linkedin.com\\\/hp\\\/?dnr=JBzUWaJfMUw8vbXJJ2tVW5-I3jZKvC4wsoxE&amp;amp;amp;amp;amp;amp;trk=nav_responsive_tab_home\",\"https:\\\/\\\/www.youtube.com\\\/channel\\\/UCxL0wu1uN0_3_7hGG0306cw\"]},{\"@type\":\"Person\",\"@id\":\"https:\\\/\\\/www.bellunopress.it\\\/#\\\/schema\\\/person\\\/79bb06722b37ece1c03d3e94beb30d73\",\"name\":\"redazione\",\"image\":{\"@type\":\"ImageObject\",\"inLanguage\":\"fr-FR\",\"@id\":\"https:\\\/\\\/secure.gravatar.com\\\/avatar\\\/37d968a2e67a6fd04c169c4bdef102d0bc5d31b2546345219e348575eb80e9a0?s=96&d=mm&r=g\",\"url\":\"https:\\\/\\\/secure.gravatar.com\\\/avatar\\\/37d968a2e67a6fd04c169c4bdef102d0bc5d31b2546345219e348575eb80e9a0?s=96&d=mm&r=g\",\"contentUrl\":\"https:\\\/\\\/secure.gravatar.com\\\/avatar\\\/37d968a2e67a6fd04c169c4bdef102d0bc5d31b2546345219e348575eb80e9a0?s=96&d=mm&r=g\",\"caption\":\"redazione\"},\"sameAs\":[\"http:\\\/\\\/www.bellunopress.it\",\"https:\\\/\\\/x.com\\\/bellunopress\"],\"url\":\"https:\\\/\\\/www.bellunopress.it\\\/fr\\\/author\\\/redazione\\\/\"}]}<\/script>\n<!-- \/ Yoast SEO plugin. -->","yoast_head_json":{"title":"Confindustria Belluno Dolomiti, Cgil, Cisl e Uil siglano un accordo sulla detassazione del salario di produttivit\u00e0  - Bellunopress - Dolomiti","robots":{"index":"index","follow":"follow","max-snippet":"max-snippet:-1","max-image-preview":"max-image-preview:large","max-video-preview":"max-video-preview:-1"},"canonical":"https:\/\/www.bellunopress.it\/fr\/2012\/01\/18\/confindustria-belluno-dolomiti-cgil-cisl-e-uil-siglano-un-accordo-sulla-detassazione-del-salario-di-produttivita\/","og_locale":"fr_FR","og_type":"article","og_title":"Confindustria Belluno Dolomiti, Cgil, Cisl e Uil siglano un accordo sulla detassazione del salario di produttivit\u00e0  - Bellunopress - Dolomiti","og_description":"Confindustria Belluno Dolomiti e le Organizzazioni Sindacali della provincia hanno sottoscritto nei giorni scorsi un accordo che conferma anche per il 2012 la detassazione dei premi di produttivit\u00e0. Le imprese associate potranno usufruire di un\u2019agevolazione fiscale pari al 10% per lavoro notturno, straordinari e premi di produttivit\u00e0, in pratica per quasi tutte le componenti accessorie [&hellip;]","og_url":"https:\/\/www.bellunopress.it\/fr\/2012\/01\/18\/confindustria-belluno-dolomiti-cgil-cisl-e-uil-siglano-un-accordo-sulla-detassazione-del-salario-di-produttivita\/","og_site_name":"Bellunopress - Dolomiti","article_publisher":"https:\/\/www.facebook.com\/profile.php?id=100008943462799","article_published_time":"2012-01-18T11:42:03+00:00","og_image":[{"url":"http:\/\/www.bellunopress.it\/wp-content\/uploads\/2009\/07\/confindustria-belluno-dolomiti-300x170.jpg","type":"","width":"","height":""}],"author":"redazione","twitter_card":"summary_large_image","twitter_creator":"@bellunopress","twitter_site":"@bellunopress","twitter_misc":{"\u00c9crit par":"redazione","Dur\u00e9e de lecture estim\u00e9e":"1 minute"},"schema":{"@context":"https:\/\/schema.org","@graph":[{"@type":"Article","@id":"https:\/\/www.bellunopress.it\/2012\/01\/18\/confindustria-belluno-dolomiti-cgil-cisl-e-uil-siglano-un-accordo-sulla-detassazione-del-salario-di-produttivita\/#article","isPartOf":{"@id":"https:\/\/www.bellunopress.it\/2012\/01\/18\/confindustria-belluno-dolomiti-cgil-cisl-e-uil-siglano-un-accordo-sulla-detassazione-del-salario-di-produttivita\/"},"author":{"name":"redazione","@id":"https:\/\/www.bellunopress.it\/#\/schema\/person\/79bb06722b37ece1c03d3e94beb30d73"},"headline":"Confindustria Belluno Dolomiti, Cgil, Cisl e Uil siglano un accordo sulla detassazione del salario di produttivit\u00e0","datePublished":"2012-01-18T11:42:03+00:00","mainEntityOfPage":{"@id":"https:\/\/www.bellunopress.it\/2012\/01\/18\/confindustria-belluno-dolomiti-cgil-cisl-e-uil-siglano-un-accordo-sulla-detassazione-del-salario-di-produttivita\/"},"wordCount":237,"publisher":{"@id":"https:\/\/www.bellunopress.it\/#organization"},"image":{"@id":"https:\/\/www.bellunopress.it\/2012\/01\/18\/confindustria-belluno-dolomiti-cgil-cisl-e-uil-siglano-un-accordo-sulla-detassazione-del-salario-di-produttivita\/#primaryimage"},"thumbnailUrl":"http:\/\/www.bellunopress.it\/wp-content\/uploads\/2009\/07\/confindustria-belluno-dolomiti-300x170.jpg","articleSection":["Lavoro, Economia, Turismo","Prima Pagina"],"inLanguage":"fr-FR"},{"@type":"WebPage","@id":"https:\/\/www.bellunopress.it\/2012\/01\/18\/confindustria-belluno-dolomiti-cgil-cisl-e-uil-siglano-un-accordo-sulla-detassazione-del-salario-di-produttivita\/","url":"https:\/\/www.bellunopress.it\/2012\/01\/18\/confindustria-belluno-dolomiti-cgil-cisl-e-uil-siglano-un-accordo-sulla-detassazione-del-salario-di-produttivita\/","name":"Confindustria Belluno Dolomiti, Cgil, Cisl e Uil siglano un accordo sulla detassazione del salario di produttivit\u00e0 - Bellunopress - Dolomiti","isPartOf":{"@id":"https:\/\/www.bellunopress.it\/#website"},"primaryImageOfPage":{"@id":"https:\/\/www.bellunopress.it\/2012\/01\/18\/confindustria-belluno-dolomiti-cgil-cisl-e-uil-siglano-un-accordo-sulla-detassazione-del-salario-di-produttivita\/#primaryimage"},"image":{"@id":"https:\/\/www.bellunopress.it\/2012\/01\/18\/confindustria-belluno-dolomiti-cgil-cisl-e-uil-siglano-un-accordo-sulla-detassazione-del-salario-di-produttivita\/#primaryimage"},"thumbnailUrl":"http:\/\/www.bellunopress.it\/wp-content\/uploads\/2009\/07\/confindustria-belluno-dolomiti-300x170.jpg","datePublished":"2012-01-18T11:42:03+00:00","breadcrumb":{"@id":"https:\/\/www.bellunopress.it\/2012\/01\/18\/confindustria-belluno-dolomiti-cgil-cisl-e-uil-siglano-un-accordo-sulla-detassazione-del-salario-di-produttivita\/#breadcrumb"},"inLanguage":"fr-FR","potentialAction":[{"@type":"ReadAction","target":["https:\/\/www.bellunopress.it\/2012\/01\/18\/confindustria-belluno-dolomiti-cgil-cisl-e-uil-siglano-un-accordo-sulla-detassazione-del-salario-di-produttivita\/"]}]},{"@type":"ImageObject","inLanguage":"fr-FR","@id":"https:\/\/www.bellunopress.it\/2012\/01\/18\/confindustria-belluno-dolomiti-cgil-cisl-e-uil-siglano-un-accordo-sulla-detassazione-del-salario-di-produttivita\/#primaryimage","url":"http:\/\/www.bellunopress.it\/wp-content\/uploads\/2009\/07\/confindustria-belluno-dolomiti-300x170.jpg","contentUrl":"http:\/\/www.bellunopress.it\/wp-content\/uploads\/2009\/07\/confindustria-belluno-dolomiti-300x170.jpg"},{"@type":"BreadcrumbList","@id":"https:\/\/www.bellunopress.it\/2012\/01\/18\/confindustria-belluno-dolomiti-cgil-cisl-e-uil-siglano-un-accordo-sulla-detassazione-del-salario-di-produttivita\/#breadcrumb","itemListElement":[{"@type":"ListItem","position":1,"name":"Home","item":"https:\/\/www.bellunopress.it\/"},{"@type":"ListItem","position":2,"name":"Confindustria Belluno Dolomiti, Cgil, Cisl e Uil siglano un accordo sulla detassazione del salario di produttivit\u00e0"}]},{"@type":"WebSite","@id":"https:\/\/www.bellunopress.it\/#website","url":"https:\/\/www.bellunopress.it\/","name":"Bellunopress - Dolomiti","description":"e-mail: redazione@bellunopress.it","publisher":{"@id":"https:\/\/www.bellunopress.it\/#organization"},"potentialAction":[{"@type":"SearchAction","target":{"@type":"EntryPoint","urlTemplate":"https:\/\/www.bellunopress.it\/?s={search_term_string}"},"query-input":{"@type":"PropertyValueSpecification","valueRequired":true,"valueName":"search_term_string"}}],"inLanguage":"fr-FR"},{"@type":"Organization","@id":"https:\/\/www.bellunopress.it\/#organization","name":"Bellunopress","url":"https:\/\/www.bellunopress.it\/","logo":{"@type":"ImageObject","inLanguage":"fr-FR","@id":"https:\/\/www.bellunopress.it\/#\/schema\/logo\/image\/","url":"https:\/\/www.bellunopress.it\/wp-content\/uploads\/2011\/05\/cropped-logo-bellunopress-.jpg","contentUrl":"https:\/\/www.bellunopress.it\/wp-content\/uploads\/2011\/05\/cropped-logo-bellunopress-.jpg","width":512,"height":512,"caption":"Bellunopress"},"image":{"@id":"https:\/\/www.bellunopress.it\/#\/schema\/logo\/image\/"},"sameAs":["https:\/\/www.facebook.com\/profile.php?id=100008943462799","https:\/\/x.com\/bellunopress","https:\/\/www.linkedin.com\/hp\/?dnr=JBzUWaJfMUw8vbXJJ2tVW5-I3jZKvC4wsoxE&amp;amp;amp;amp;amp;amp;trk=nav_responsive_tab_home","https:\/\/www.youtube.com\/channel\/UCxL0wu1uN0_3_7hGG0306cw"]},{"@type":"Person","@id":"https:\/\/www.bellunopress.it\/#\/schema\/person\/79bb06722b37ece1c03d3e94beb30d73","name":"r\u00e9daction","image":{"@type":"ImageObject","inLanguage":"fr-FR","@id":"https:\/\/secure.gravatar.com\/avatar\/37d968a2e67a6fd04c169c4bdef102d0bc5d31b2546345219e348575eb80e9a0?s=96&d=mm&r=g","url":"https:\/\/secure.gravatar.com\/avatar\/37d968a2e67a6fd04c169c4bdef102d0bc5d31b2546345219e348575eb80e9a0?s=96&d=mm&r=g","contentUrl":"https:\/\/secure.gravatar.com\/avatar\/37d968a2e67a6fd04c169c4bdef102d0bc5d31b2546345219e348575eb80e9a0?s=96&d=mm&r=g","caption":"redazione"},"sameAs":["http:\/\/www.bellunopress.it","https:\/\/x.com\/bellunopress"],"url":"https:\/\/www.bellunopress.it\/fr\/author\/redazione\/"}]}},"_links":{"self":[{"href":"https:\/\/www.bellunopress.it\/fr\/wp-json\/wp\/v2\/posts\/34239","targetHints":{"allow":["GET"]}}],"collection":[{"href":"https:\/\/www.bellunopress.it\/fr\/wp-json\/wp\/v2\/posts"}],"about":[{"href":"https:\/\/www.bellunopress.it\/fr\/wp-json\/wp\/v2\/types\/post"}],"author":[{"embeddable":true,"href":"https:\/\/www.bellunopress.it\/fr\/wp-json\/wp\/v2\/users\/2"}],"replies":[{"embeddable":true,"href":"https:\/\/www.bellunopress.it\/fr\/wp-json\/wp\/v2\/comments?post=34239"}],"version-history":[{"count":2,"href":"https:\/\/www.bellunopress.it\/fr\/wp-json\/wp\/v2\/posts\/34239\/revisions"}],"predecessor-version":[{"id":34241,"href":"https:\/\/www.bellunopress.it\/fr\/wp-json\/wp\/v2\/posts\/34239\/revisions\/34241"}],"wp:attachment":[{"href":"https:\/\/www.bellunopress.it\/fr\/wp-json\/wp\/v2\/media?parent=34239"}],"wp:term":[{"taxonomy":"category","embeddable":true,"href":"https:\/\/www.bellunopress.it\/fr\/wp-json\/wp\/v2\/categories?post=34239"},{"taxonomy":"post_tag","embeddable":true,"href":"https:\/\/www.bellunopress.it\/fr\/wp-json\/wp\/v2\/tags?post=34239"}],"curies":[{"name":"wp","href":"https:\/\/api.w.org\/{rel}","templated":true}]}}