{"id":34212,"date":"2012-01-17T08:29:36","date_gmt":"2012-01-17T07:29:36","guid":{"rendered":"http:\/\/www.bellunopress.it\/?p=34212"},"modified":"2012-01-17T08:29:36","modified_gmt":"2012-01-17T07:29:36","slug":"lassessore-maria-grazia-passuello-risponde-a-tib-teatro-e-conferma-la-volonta-di-riprende-la-gestione-del-teatro-comunale-azzerando-la-fondazione-teatri-delle-dolomiti","status":"publish","type":"post","link":"https:\/\/www.bellunopress.it\/fr\/2012\/01\/17\/lassessore-maria-grazia-passuello-risponde-a-tib-teatro-e-conferma-la-volonta-di-riprende-la-gestione-del-teatro-comunale-azzerando-la-fondazione-teatri-delle-dolomiti\/","title":{"rendered":"L&#8217;assessore Maria Grazia Passuello risponde a Tib Teatro. E conferma la volont\u00e0 di riprende la gestione del Teatro comunale azzerando la Fondazione Teatri delle Dolomiti"},"content":{"rendered":"<p><a href=\"http:\/\/www.bellunopress.it\/wp-content\/uploads\/2011\/04\/maria-grazia-passuello-140x140.jpg\"><img loading=\"lazy\" decoding=\"async\" src=\"http:\/\/www.bellunopress.it\/wp-content\/uploads\/2011\/04\/maria-grazia-passuello-140x140.jpg\" alt=\"\" title=\"maria grazia passuello 140x140\" width=\"140\" height=\"140\" class=\"alignleft size-full wp-image-25377\" \/><\/a><strong>Si \u00e8 svolta presso gli uffici di Tib Teatro una conferenza stampa che ha esplicitato un&#8217;analisi che nasce dalla lettura delle ultime dichiarazioni dell&#8217;Assessore Passuello agli organi di stampa.<\/strong><\/p>\n<p>Quali? Il 2011 si \u00e8 chiuso con un&#8217;impressionante mole di rassegna stampa composta dalle polemiche riguardanti la gestione del Teatro Comunale di Belluno, &#8211; l\u2019impressionante mole di polemiche \u00e8 stata prodotta principalmente dal Tib, dagli Amici del Tib, dal Cat e da altri che hanno continuato a andare sulla stampa anzich\u00e9 affrontare le problematiche con gli organi competenti, facendo terrorismo con notizie spesso false e fuorvianti. In difesa degli interessi del Tib si \u00e8 anche molto speso il vicesindaco leghista Colle e a volte anche il Sindaco. mentre le prospettive per il 2012 sono ancora molte incerte, si delinea un futuro non certo roseo, se avranno corso queste profetiche visioni. Il Tib Teatro, con lo scenario di una possibile chiusura e liquidazione della Fondazione Teatri delle Dolomiti, immagina la messa a punto di strategie da parte dell&#8217;Assessore volte ad affossare definitivamente il progetto della Residenza Teatrale, un modello gestionale innovativo ed economico, con progettualit\u00e0 rivolte in primo luogo al territorio, un progetto &#8211; peraltro gi\u00e0 approvato dalla Giunta Comunale nel mese di aprile &#8211; che si fa garante dell&#8217;apertura del Teatro a tutte le Associazioni e per ogni attivit\u00e0, sviluppando al contempo nuove professionalit\u00e0 e aumentando i posti di lavoro. Nessuna delibera comunale ha mai approvato il progetto di residenza. I soci della Fondazione Teatri non hanno mai manifestato interesse a questo progetto.<\/p>\n<p><strong>PROFETICHE VISIONI quali scenari per il Teatro della nostra Citt\u00e0?<\/strong><br \/>\nFatti: il neo presidente Mario Neri nominato, con la mission di salvare la Fondazione Teatri delle Dolomiti (primo atto chiedere indietro le chiavi del Teatro al Tib) il Presidente Neri nominato il 3 ottobre chiede dopo ripetuti incontri e cortesi inviti la collaborazione del Tib al fine di gestire al meglio gli spettacoli in corso e gli impegni assunti dalla Fondazione stessa con altri soggetti in ottemperanza al contratto di custodato in essere fino al 6.11.11. Il Tib risponde con ostruzionismo e ricatto pretendendo la proroga del contratto scaduto a maggio e minacciando di non aprire il teatro per le iniziative legate al santo Patrono. La restituzione delle chiavi viene chiesta a seguito della scadenza del secondo contratto (quello di custodato) in quanto il Tib non ne aveva pi\u00f9 alcun titolo.<\/p>\n<p><strong>si dimette improvvisamente, dopo che l\u201911 dicembre aveva partecipato all\u2019incontro, indetto dall\u2019Assessore Passuello, \u201ccollaborazione condivisa\u201d, celebrando il suo \u201cmatrimonio\u201d di intenti con l\u2019Assessore e dichiarandosi per \u201cspirito di servizio\u201d pronto a onorare il suo mandato fino alle elezioni.<\/strong><\/p>\n<p>L\u201911.12 vengono convocate tutte le 10 associazioni che operano sul territorio e utilizzano il Teatro per concordare una politica culturale di comune intento, in una stretta sinergia tra Assessorato, Fondazione Teatri e associazioni cittadine. Nessun matrimonio, ma la convinta volont\u00e0 di collaborare insieme a vantaggio della Citt\u00e0.<\/p>\n<p><strong>Stesse dichiarazioni ricorrono sulla stampa, fino al 30.12.2011, e dopo cinque giorni le dimissioni, 4.1.2012.<\/strong><\/p>\n<p>Le dimissioni di Mario Neri avvengono a seguito del clima di sfiducia espresso dal Comune di Feltre, dalla fuoriuscita di Cariverona, ventilata ma mai data per certa, nemmeno nelle dichiarazioni del suo rappresentante in Consiglio di Indirizzo nella riunione del 5 dicembre (vedi verbale)<\/p>\n<p><strong>Il VicePresidente Celeste Levis &#8211; che da mesi sedeva inopportunamente al suo posto, a rappresentare prima, una Provincia, che non metteva pi\u00f9 un euro (e cio\u00e8 75.000 euro in meno per la Fondazione Teatri) e pretendeva di governare, poi una Provincia commissariata &#8211; si dimette improvvisamente anch\u2019esso il 6.1.2012<\/strong><\/p>\n<p>Le tristi vicende della Provincia sono note a tutti. Nei consigli di Indirizzo la stessa \u00e8 sempre stata rappresentata dal subcommissario Castelli o Di Stefano e le dimissioni di Levis non sono in discussione, ma per correttezza sono messe a disposizione.<\/p>\n<p><strong>La precedente fuoriuscita di Cariverona il 29 dicembre, minimizzata dall\u2019Assessore, che spara incongrue cifre dichiarando che prima della Fondazione, il Teatro costava al Comune molto meno!!!<\/strong><\/p>\n<p>VERO. il costo della stagione teatrale organizzata dal Comune era di circa 300 milioni di lire cio\u00e8 euro 150.000, esattamente la cifra che il Comune ha messo a disposizione per l\u2019avvio della Fondazione Teatri con convenzione triennale.<\/p>\n<p><strong>Cosa bolle in pentola? Quali i nuovi disegni strategici dell\u2019Assessore Passuello? Proviamo a immaginare: \u00b7 Il Teatro deve ritornare al Comune<\/strong><\/p>\n<p>VERO. Il Comune come legittimo proprietario e come socio di una Fondazione non pi\u00f9 in grado di garantire il regolare svolgimento delle manifestazioni gi\u00e0 prenotate, si assume l\u2019onere.<\/p>\n<p><strong>\u00b7 La Fondazione deve essere messa in liquidazione, ha contratto un debito di 300.000 euro, per cattiva gestione!!!<\/strong><br \/>\nVERO. Il presidente Romanelli ha sottoscritto contratti con le associazioni per 108.000 euro senza avere la copertura in bilancio, ha firmato una proroga con Tib di 52.000 senza la ratifica del Consiglio di gestione, ha accumulato spese di creditori per circa 120.000 euro. Sulla liquidazione della Fondazione decideranno i soci, ad oggi non c\u2019\u00e8 un legale rappresentante e l\u2019organo di gestione non pu\u00f2 deliberare per mancanza di numero legale, o la Fondazione chiude o viene \u201ccongelata\u201d per un anno, in attesa di un nuovo assetto societario.<\/p>\n<p><strong>\u00b7 Bisogna dare un segno di forza prima delle prossime elezioni!<\/strong><br \/>\nVERO. L\u2019immobilismo \u00e8 segno di debolezza. Il Comune propone un progetto di gestione per il teatro che garantisca la stagione in corso e ponga le basi per la prossima.<\/p>\n<p><strong>\u00b7 Urge presentare il prossimo cartellone del Teatro prima delle elezioni, un cartellone a spese di chi? Ma certo c\u2019\u00e8 l\u2019associazionismo locale!<\/strong><\/p>\n<p>VERO: In Citt\u00e0 esistono associazioni che da anni propongono eventi culturali di qualit\u00e0: il Circolo culturale bellunese da 60 anni propone concerti di musica classica, sinfonica e molto altro, il Circolo cultura e stampa da 34 anni propone la stagione di prosa e molto altro, Scoppio spettacoli da 17 anni propone musica leggera, ottimi artisti e cabaret, l\u2019Orchestra Dolomiti Symphonia propone da 21 anni il concerto di san Martino, Bretelle Lasche, Nova Cantica ecc. ecc. tutti questi soggetti con scarse risorse e molta attitudine al volontariato, in regime di rischio d\u2019impresa hanno garantito da anni la proposta culturale in Citt\u00e0 e non solo. Rappresentano una ricchezza con cui collaborare. Anche il Tib rappresenta una ricchezza con cui collaborare come \u00e8 stato fatto in questi anni, ma la differenza \u00e8 che spettacoli e attivit\u00e0 teatrale sono stati svolti con il totale sostegno dell\u2019ente pubblico: Es. \u201cComincio dai tre\u201d rassegna di teatro per l\u2019infanzia, anni 2006-08 euro 180.000 per convenzione comunale, pi\u00f9 la gratuit\u00e0 su spedizioni postali, affissioni, utilizzo suolo pubblico, utilizzo sale comunali e teatro, utilizzo mezzi e operai comunali, totale in 3 anni euro 220.000. Inoltre i bambini e i loro genitori hanno pagato un biglietto di circa 5 euro. Il costo di uno spettacolo per bambini si aggira mediamente intorno a 3-4 mila euro, 7-8 gli spettacoli per stagione. Nel 2009 il Comune, gi\u00e0 in difficolt\u00e0 finanziaria (sforamento del patto), eroga a Tib per \u201cComincio dai tre\u201d un contributo di 30.000 euro, e nel 2010 euro 25.000. Per il festival teatrale \u201cFilo d\u2019Arianna\u201d il Comune sostiene la convenzione triennale 2006-08 con 135.000 euro pi\u00f9 i benefits di cui sopra, per un totale di 150.000 euro. In tutto 425.000 euro dati al Tib dal Comune. Scusate se \u00e8 poco!!! Oggi tutto questo denaro non c\u2019\u00e8 pi\u00f9 e non dipende da me. Chi ha avuto tanto, fatica ad abituarsi al poco. Amministrare con equit\u00e0 impone l\u2019eliminazione dei privilegi e delle rendite di posizione, questo il Tib non l\u2019accetta e mi accusa di un complotto nei suoi confronti.<\/p>\n<p><strong>\u00b7 L\u2019Assessore far\u00e0 tutto lei, con un direttore di sua fiducia (ha gi\u00e0 fatto e distrutto la Fondazione Teatri allontanando persino Cariverona) ora prova a distruggere il Comune! Va be\u2019 manco mal! Ma \u00e8 necessario sbaragliare gli avversari!!!<\/strong><\/p>\n<p>FALSO. Nessun avversario, come ho dimostrato il Tib \u00e8 stato ampiamente sostenuto, sempre pubblicamente elogiato per il suo operato e sempre invitato al tavolo di concertazione. Ora vi \u00e8 la necessit\u00e0 di scrivere una nuova pagina avvalendosi di una persona super partes che sappia ricondurre ciascuno al giusto ruolo.<\/p>\n<p><strong>Ma chi sono gli avversari? Il progetto di Residenza Teatrale, l\u2019unico che ha saputo trasversalmente aggregare in citt\u00e0, e a livello nazionale, soggetti politici diversi da destra a sinistra, l\u2019unica strada per apportare nuove risorse al territorio, garantire una gestione professionale del Teatro, con un ottimo rapporto costi benefici, obiettivo strategico anche dell\u2019ex Ministro Galan che alle Giornate Professionali del Teatro Italiano ha giudicato l\u2019Istituzione delle Residenze nei territori, risposta prioritaria, ottimale per l\u2019Innovazione del Sistema Teatrale Italiano. Ma a Belluno no! Non \u00e8 possibile, perch\u00e9 la professionalit\u00e0, cio\u00e8 il lavoro, deve essere offeso e perseguitato, come lo \u00e8 stato il Tib in questi anni, dall\u2019Assessore Passuello, che a dispetto delle diffuse buone pratiche teatrali nazionali, sa tutto e fa di tutto pur di far naufragare ci\u00f2 che realmente potr\u00e0 far fare un passo avanti al nostro Teatro sviluppando professionalit\u00e0 e occupazione, garantendo un Teatro gestito, sicuro e attrezzato per tutte le Associazioni che vorranno usufruirne. Un teatro aperto a tutti ma abitato da chi fa questo lavoro, un Teatro in cui tutti potranno sentirsi accolti, in condizioni di pari dignit\u00e0. Insomma nella pentola dell\u2019Assessore e dei suoi amici, prevediamo, stia ribollendo l\u2019antico brodo intriso di personalismi e di livori, intento a far tornare il Teatro di Belluno ci\u00f2 che i bellunesi ricordano essere stato, fino a trent\u2019anni fa: una nicchia per pochi eletti, un luogo di generica offerta e cio\u00e8 un contenitore vuoto. Noi che in Teatro lavoriamo, pensiamo invece che il Teatro debba essere bene comune, luogo aperto alla citt\u00e0, che accolga e sviluppi talenti e occupazione attraverso la produzione, luogo animato da pensiero e progettualit\u00e0 artistiche del e per il territorio. \u00c8 il momento di percorrere idee che aggregano per il bene comune, perch\u00e9 di questo ha bisogno la cultura, e la nostra citt\u00e0 non pi\u00f9 di scontri giocati nelle sedi dei partiti!<\/strong><br \/>\nA prescindere che le Residenze Teatrali non sono mai state riconosciute dal Ministero e non esiste alcuna norma che le disciplini o alla quale fare riferimento, si \u00e8 voluto tuttavia condurre un\u2019analisi anche su questa formula organizzativa denominata \u201cresidenza teatrale\u201d che significa la permanenza di soggetti teatrali professionali in una struttura teatrale messa a disposizione generalmente da un Comune, regolata da una convenzione di varia durata temporale con l\u2019intento di utilizzare e valorizzare spazi (teatri, auditorium, ecc.) che generalmente sono chiusi o utilizzati saltuariamente e vengono affidati ad uso esclusivo della compagnia teatrale. Inoltre le convenzioni di &#8220;residenze teatrali&#8221; sono sottoscritte previo bando pubblico dove possono partecipare tutte le compagnie i cui obiettivi vengono decisi dall&#8217;ente proprietario dello spazio. La Regione del Veneto non finanzia da tempo progetti di residenza e nel Veneto non esistono progetti di questo tipo. Nemmeno la Regione Lombardia finanzia le \u201cresidenze\u201d, ma la Fondazione Cariplo attraverso il progetto Etre (2007-09) sostiene, o meglio ha sostenuto circa 20 compagnie emergenti Esperienze positive si annoverano in Toscana, Puglia e Piemonte, ma in tutti i casi i luoghi di \u201cteatri abitati\u201d sono teatri di secondo ordine, luoghi rimasti chiusi che necessitano di importanti interventi per la loro valorizzazione. Cos\u00ec anche in Calabria a Lamezia Terme l\u2019avviso per la concessione in uso delle strutture teatrali \u201cresidenziali\u201d \u00e8 subordinato al finanziamento della Regione Calabria. E altri esempi si aggiungono alla lista per evidenziare che il progetto delle residenze risulta oggi difficilmente sostenibile dagli Enti pubblici. Quindi non solo il progetto di residenza richiede ingenti finanziamenti, ma in una Citt\u00e0 come Belluno, in cui il Teatro Comunale risulta essere l\u2019unico in tutta la Citt\u00e0 e in tutto il vasto territorio provinciale, concedere ad un\u2019unica compagnia la &#8220;residenza teatrale&#8221; costituisce un limite molto gravoso per la programmazione e l&#8217;organizzazione dell\u2019attivit\u00e0 artistica e culturale (concerti, opere, danza) legata alle proposte dei soggetti presenti sul territorio, che operano da molti anni in sintonia alle diverse esigenze della popolazione, riscuotendo da questa grande consenso. Infatti in nessun teatro cittadino italiano, simile al Teatro Comunale di Belluno, la cui attivit\u00e0 di spettacolo \u00e8 legata ai vari generi artistici, e non solo alla prosa, sono attive convenzioni relative a &#8220;Residenze Teatrali&#8221; e nessun Comune capoluogo di Provincia ha sottoscritto per il proprio teatro comunale (o sociale) questo tipo di convenzioni.<\/p>","protected":false},"excerpt":{"rendered":"<p>Si \u00e8 svolta presso gli uffici di Tib Teatro una conferenza stampa che ha esplicitato un&#8217;analisi che nasce dalla lettura delle ultime dichiarazioni dell&#8217;Assessore Passuello agli organi di stampa. Quali? Il 2011 si \u00e8 chiuso con un&#8217;impressionante mole di rassegna stampa composta dalle polemiche riguardanti la gestione del Teatro Comunale di Belluno, &#8211; l\u2019impressionante mole [&hellip;]<\/p>\n","protected":false},"author":2,"featured_media":0,"comment_status":"closed","ping_status":"open","sticky":false,"template":"","format":"standard","meta":{"footnotes":""},"categories":[3,5,26],"tags":[],"class_list":["post-34212","post","type-post","status-publish","format-standard","category-arte-cultura-spettacoli-scienza-archivi","category-cronaca","category-prima-pagina"],"yoast_head":"<!-- This site is optimized with the Yoast SEO plugin v28.4 - https:\/\/yoast.com\/product\/yoast-seo-wordpress\/ -->\n<title>L&#039;assessore Maria Grazia Passuello risponde a Tib Teatro. E conferma la volont\u00e0 di riprende la gestione del Teatro comunale azzerando la Fondazione Teatri delle Dolomiti - Bellunopress - Dolomiti<\/title>\n<meta name=\"robots\" content=\"index, follow, max-snippet:-1, max-image-preview:large, max-video-preview:-1\" \/>\n<link rel=\"canonical\" href=\"https:\/\/www.bellunopress.it\/fr\/2012\/01\/17\/lassessore-maria-grazia-passuello-risponde-a-tib-teatro-e-conferma-la-volonta-di-riprende-la-gestione-del-teatro-comunale-azzerando-la-fondazione-teatri-delle-dolomiti\/\" \/>\n<meta property=\"og:locale\" content=\"fr_FR\" \/>\n<meta property=\"og:type\" content=\"article\" \/>\n<meta property=\"og:title\" content=\"L&#039;assessore Maria Grazia Passuello risponde a Tib Teatro. E conferma la volont\u00e0 di riprende la gestione del Teatro comunale azzerando la Fondazione Teatri delle Dolomiti - Bellunopress - Dolomiti\" \/>\n<meta property=\"og:description\" content=\"Si \u00e8 svolta presso gli uffici di Tib Teatro una conferenza stampa che ha esplicitato un&#8217;analisi che nasce dalla lettura delle ultime dichiarazioni dell&#8217;Assessore Passuello agli organi di stampa. Quali? Il 2011 si \u00e8 chiuso con un&#8217;impressionante mole di rassegna stampa composta dalle polemiche riguardanti la gestione del Teatro Comunale di Belluno, &#8211; l\u2019impressionante mole [&hellip;]\" \/>\n<meta property=\"og:url\" content=\"https:\/\/www.bellunopress.it\/fr\/2012\/01\/17\/lassessore-maria-grazia-passuello-risponde-a-tib-teatro-e-conferma-la-volonta-di-riprende-la-gestione-del-teatro-comunale-azzerando-la-fondazione-teatri-delle-dolomiti\/\" \/>\n<meta property=\"og:site_name\" content=\"Bellunopress - Dolomiti\" \/>\n<meta property=\"article:publisher\" content=\"https:\/\/www.facebook.com\/profile.php?id=100008943462799\" \/>\n<meta property=\"article:published_time\" content=\"2012-01-17T07:29:36+00:00\" \/>\n<meta property=\"og:image\" content=\"http:\/\/www.bellunopress.it\/wp-content\/uploads\/2011\/04\/maria-grazia-passuello-140x140.jpg\" \/>\n<meta name=\"author\" content=\"redazione\" \/>\n<meta name=\"twitter:card\" content=\"summary_large_image\" \/>\n<meta name=\"twitter:creator\" content=\"@bellunopress\" \/>\n<meta name=\"twitter:site\" content=\"@bellunopress\" \/>\n<meta name=\"twitter:label1\" content=\"Written by\" \/>\n\t<meta name=\"twitter:data1\" content=\"redazione\" \/>\n\t<meta name=\"twitter:label2\" content=\"Est. reading time\" \/>\n\t<meta name=\"twitter:data2\" content=\"10 minutes\" \/>\n<script type=\"application\/ld+json\" class=\"yoast-schema-graph\">{\"@context\":\"https:\\\/\\\/schema.org\",\"@graph\":[{\"@type\":\"Article\",\"@id\":\"https:\\\/\\\/www.bellunopress.it\\\/2012\\\/01\\\/17\\\/lassessore-maria-grazia-passuello-risponde-a-tib-teatro-e-conferma-la-volonta-di-riprende-la-gestione-del-teatro-comunale-azzerando-la-fondazione-teatri-delle-dolomiti\\\/#article\",\"isPartOf\":{\"@id\":\"https:\\\/\\\/www.bellunopress.it\\\/2012\\\/01\\\/17\\\/lassessore-maria-grazia-passuello-risponde-a-tib-teatro-e-conferma-la-volonta-di-riprende-la-gestione-del-teatro-comunale-azzerando-la-fondazione-teatri-delle-dolomiti\\\/\"},\"author\":{\"name\":\"redazione\",\"@id\":\"https:\\\/\\\/www.bellunopress.it\\\/#\\\/schema\\\/person\\\/79bb06722b37ece1c03d3e94beb30d73\"},\"headline\":\"L&#8217;assessore Maria Grazia Passuello risponde a Tib Teatro. E conferma la volont\u00e0 di riprende la gestione del Teatro comunale azzerando la Fondazione Teatri delle Dolomiti\",\"datePublished\":\"2012-01-17T07:29:36+00:00\",\"mainEntityOfPage\":{\"@id\":\"https:\\\/\\\/www.bellunopress.it\\\/2012\\\/01\\\/17\\\/lassessore-maria-grazia-passuello-risponde-a-tib-teatro-e-conferma-la-volonta-di-riprende-la-gestione-del-teatro-comunale-azzerando-la-fondazione-teatri-delle-dolomiti\\\/\"},\"wordCount\":2029,\"publisher\":{\"@id\":\"https:\\\/\\\/www.bellunopress.it\\\/#organization\"},\"image\":{\"@id\":\"https:\\\/\\\/www.bellunopress.it\\\/2012\\\/01\\\/17\\\/lassessore-maria-grazia-passuello-risponde-a-tib-teatro-e-conferma-la-volonta-di-riprende-la-gestione-del-teatro-comunale-azzerando-la-fondazione-teatri-delle-dolomiti\\\/#primaryimage\"},\"thumbnailUrl\":\"http:\\\/\\\/www.bellunopress.it\\\/wp-content\\\/uploads\\\/2011\\\/04\\\/maria-grazia-passuello-140x140.jpg\",\"articleSection\":[\"Arte, Cultura, Spettacoli, Scienza\",\"Cronaca\\\/Politica\",\"Prima Pagina\"],\"inLanguage\":\"fr-FR\"},{\"@type\":\"WebPage\",\"@id\":\"https:\\\/\\\/www.bellunopress.it\\\/2012\\\/01\\\/17\\\/lassessore-maria-grazia-passuello-risponde-a-tib-teatro-e-conferma-la-volonta-di-riprende-la-gestione-del-teatro-comunale-azzerando-la-fondazione-teatri-delle-dolomiti\\\/\",\"url\":\"https:\\\/\\\/www.bellunopress.it\\\/2012\\\/01\\\/17\\\/lassessore-maria-grazia-passuello-risponde-a-tib-teatro-e-conferma-la-volonta-di-riprende-la-gestione-del-teatro-comunale-azzerando-la-fondazione-teatri-delle-dolomiti\\\/\",\"name\":\"L'assessore Maria Grazia Passuello risponde a Tib Teatro. E conferma la volont\u00e0 di riprende la gestione del Teatro comunale azzerando la Fondazione Teatri delle Dolomiti - Bellunopress - Dolomiti\",\"isPartOf\":{\"@id\":\"https:\\\/\\\/www.bellunopress.it\\\/#website\"},\"primaryImageOfPage\":{\"@id\":\"https:\\\/\\\/www.bellunopress.it\\\/2012\\\/01\\\/17\\\/lassessore-maria-grazia-passuello-risponde-a-tib-teatro-e-conferma-la-volonta-di-riprende-la-gestione-del-teatro-comunale-azzerando-la-fondazione-teatri-delle-dolomiti\\\/#primaryimage\"},\"image\":{\"@id\":\"https:\\\/\\\/www.bellunopress.it\\\/2012\\\/01\\\/17\\\/lassessore-maria-grazia-passuello-risponde-a-tib-teatro-e-conferma-la-volonta-di-riprende-la-gestione-del-teatro-comunale-azzerando-la-fondazione-teatri-delle-dolomiti\\\/#primaryimage\"},\"thumbnailUrl\":\"http:\\\/\\\/www.bellunopress.it\\\/wp-content\\\/uploads\\\/2011\\\/04\\\/maria-grazia-passuello-140x140.jpg\",\"datePublished\":\"2012-01-17T07:29:36+00:00\",\"breadcrumb\":{\"@id\":\"https:\\\/\\\/www.bellunopress.it\\\/2012\\\/01\\\/17\\\/lassessore-maria-grazia-passuello-risponde-a-tib-teatro-e-conferma-la-volonta-di-riprende-la-gestione-del-teatro-comunale-azzerando-la-fondazione-teatri-delle-dolomiti\\\/#breadcrumb\"},\"inLanguage\":\"fr-FR\",\"potentialAction\":[{\"@type\":\"ReadAction\",\"target\":[\"https:\\\/\\\/www.bellunopress.it\\\/2012\\\/01\\\/17\\\/lassessore-maria-grazia-passuello-risponde-a-tib-teatro-e-conferma-la-volonta-di-riprende-la-gestione-del-teatro-comunale-azzerando-la-fondazione-teatri-delle-dolomiti\\\/\"]}]},{\"@type\":\"ImageObject\",\"inLanguage\":\"fr-FR\",\"@id\":\"https:\\\/\\\/www.bellunopress.it\\\/2012\\\/01\\\/17\\\/lassessore-maria-grazia-passuello-risponde-a-tib-teatro-e-conferma-la-volonta-di-riprende-la-gestione-del-teatro-comunale-azzerando-la-fondazione-teatri-delle-dolomiti\\\/#primaryimage\",\"url\":\"http:\\\/\\\/www.bellunopress.it\\\/wp-content\\\/uploads\\\/2011\\\/04\\\/maria-grazia-passuello-140x140.jpg\",\"contentUrl\":\"http:\\\/\\\/www.bellunopress.it\\\/wp-content\\\/uploads\\\/2011\\\/04\\\/maria-grazia-passuello-140x140.jpg\"},{\"@type\":\"BreadcrumbList\",\"@id\":\"https:\\\/\\\/www.bellunopress.it\\\/2012\\\/01\\\/17\\\/lassessore-maria-grazia-passuello-risponde-a-tib-teatro-e-conferma-la-volonta-di-riprende-la-gestione-del-teatro-comunale-azzerando-la-fondazione-teatri-delle-dolomiti\\\/#breadcrumb\",\"itemListElement\":[{\"@type\":\"ListItem\",\"position\":1,\"name\":\"Home\",\"item\":\"https:\\\/\\\/www.bellunopress.it\\\/\"},{\"@type\":\"ListItem\",\"position\":2,\"name\":\"L&#8217;assessore Maria Grazia Passuello risponde a Tib Teatro. E conferma la volont\u00e0 di riprende la gestione del Teatro comunale azzerando la Fondazione Teatri delle Dolomiti\"}]},{\"@type\":\"WebSite\",\"@id\":\"https:\\\/\\\/www.bellunopress.it\\\/#website\",\"url\":\"https:\\\/\\\/www.bellunopress.it\\\/\",\"name\":\"Bellunopress - Dolomiti\",\"description\":\"e-mail: redazione@bellunopress.it\",\"publisher\":{\"@id\":\"https:\\\/\\\/www.bellunopress.it\\\/#organization\"},\"potentialAction\":[{\"@type\":\"SearchAction\",\"target\":{\"@type\":\"EntryPoint\",\"urlTemplate\":\"https:\\\/\\\/www.bellunopress.it\\\/?s={search_term_string}\"},\"query-input\":{\"@type\":\"PropertyValueSpecification\",\"valueRequired\":true,\"valueName\":\"search_term_string\"}}],\"inLanguage\":\"fr-FR\"},{\"@type\":\"Organization\",\"@id\":\"https:\\\/\\\/www.bellunopress.it\\\/#organization\",\"name\":\"Bellunopress\",\"url\":\"https:\\\/\\\/www.bellunopress.it\\\/\",\"logo\":{\"@type\":\"ImageObject\",\"inLanguage\":\"fr-FR\",\"@id\":\"https:\\\/\\\/www.bellunopress.it\\\/#\\\/schema\\\/logo\\\/image\\\/\",\"url\":\"https:\\\/\\\/www.bellunopress.it\\\/wp-content\\\/uploads\\\/2011\\\/05\\\/cropped-logo-bellunopress-.jpg\",\"contentUrl\":\"https:\\\/\\\/www.bellunopress.it\\\/wp-content\\\/uploads\\\/2011\\\/05\\\/cropped-logo-bellunopress-.jpg\",\"width\":512,\"height\":512,\"caption\":\"Bellunopress\"},\"image\":{\"@id\":\"https:\\\/\\\/www.bellunopress.it\\\/#\\\/schema\\\/logo\\\/image\\\/\"},\"sameAs\":[\"https:\\\/\\\/www.facebook.com\\\/profile.php?id=100008943462799\",\"https:\\\/\\\/x.com\\\/bellunopress\",\"https:\\\/\\\/www.linkedin.com\\\/hp\\\/?dnr=JBzUWaJfMUw8vbXJJ2tVW5-I3jZKvC4wsoxE&amp;amp;amp;amp;amp;amp;trk=nav_responsive_tab_home\",\"https:\\\/\\\/www.youtube.com\\\/channel\\\/UCxL0wu1uN0_3_7hGG0306cw\"]},{\"@type\":\"Person\",\"@id\":\"https:\\\/\\\/www.bellunopress.it\\\/#\\\/schema\\\/person\\\/79bb06722b37ece1c03d3e94beb30d73\",\"name\":\"redazione\",\"image\":{\"@type\":\"ImageObject\",\"inLanguage\":\"fr-FR\",\"@id\":\"https:\\\/\\\/secure.gravatar.com\\\/avatar\\\/37d968a2e67a6fd04c169c4bdef102d0bc5d31b2546345219e348575eb80e9a0?s=96&d=mm&r=g\",\"url\":\"https:\\\/\\\/secure.gravatar.com\\\/avatar\\\/37d968a2e67a6fd04c169c4bdef102d0bc5d31b2546345219e348575eb80e9a0?s=96&d=mm&r=g\",\"contentUrl\":\"https:\\\/\\\/secure.gravatar.com\\\/avatar\\\/37d968a2e67a6fd04c169c4bdef102d0bc5d31b2546345219e348575eb80e9a0?s=96&d=mm&r=g\",\"caption\":\"redazione\"},\"sameAs\":[\"http:\\\/\\\/www.bellunopress.it\",\"https:\\\/\\\/x.com\\\/bellunopress\"],\"url\":\"https:\\\/\\\/www.bellunopress.it\\\/fr\\\/author\\\/redazione\\\/\"}]}<\/script>\n<!-- \/ Yoast SEO plugin. -->","yoast_head_json":{"title":"L'assessore Maria Grazia Passuello risponde a Tib Teatro. E conferma la volont\u00e0 di riprende la gestione del Teatro comunale azzerando la Fondazione Teatri delle Dolomiti - Bellunopress - Dolomiti","robots":{"index":"index","follow":"follow","max-snippet":"max-snippet:-1","max-image-preview":"max-image-preview:large","max-video-preview":"max-video-preview:-1"},"canonical":"https:\/\/www.bellunopress.it\/fr\/2012\/01\/17\/lassessore-maria-grazia-passuello-risponde-a-tib-teatro-e-conferma-la-volonta-di-riprende-la-gestione-del-teatro-comunale-azzerando-la-fondazione-teatri-delle-dolomiti\/","og_locale":"fr_FR","og_type":"article","og_title":"L'assessore Maria Grazia Passuello risponde a Tib Teatro. E conferma la volont\u00e0 di riprende la gestione del Teatro comunale azzerando la Fondazione Teatri delle Dolomiti - Bellunopress - Dolomiti","og_description":"Si \u00e8 svolta presso gli uffici di Tib Teatro una conferenza stampa che ha esplicitato un&#8217;analisi che nasce dalla lettura delle ultime dichiarazioni dell&#8217;Assessore Passuello agli organi di stampa. Quali? Il 2011 si \u00e8 chiuso con un&#8217;impressionante mole di rassegna stampa composta dalle polemiche riguardanti la gestione del Teatro Comunale di Belluno, &#8211; l\u2019impressionante mole [&hellip;]","og_url":"https:\/\/www.bellunopress.it\/fr\/2012\/01\/17\/lassessore-maria-grazia-passuello-risponde-a-tib-teatro-e-conferma-la-volonta-di-riprende-la-gestione-del-teatro-comunale-azzerando-la-fondazione-teatri-delle-dolomiti\/","og_site_name":"Bellunopress - Dolomiti","article_publisher":"https:\/\/www.facebook.com\/profile.php?id=100008943462799","article_published_time":"2012-01-17T07:29:36+00:00","og_image":[{"url":"http:\/\/www.bellunopress.it\/wp-content\/uploads\/2011\/04\/maria-grazia-passuello-140x140.jpg","type":"","width":"","height":""}],"author":"redazione","twitter_card":"summary_large_image","twitter_creator":"@bellunopress","twitter_site":"@bellunopress","twitter_misc":{"Written by":"redazione","Est. reading time":"10 minutes"},"schema":{"@context":"https:\/\/schema.org","@graph":[{"@type":"Article","@id":"https:\/\/www.bellunopress.it\/2012\/01\/17\/lassessore-maria-grazia-passuello-risponde-a-tib-teatro-e-conferma-la-volonta-di-riprende-la-gestione-del-teatro-comunale-azzerando-la-fondazione-teatri-delle-dolomiti\/#article","isPartOf":{"@id":"https:\/\/www.bellunopress.it\/2012\/01\/17\/lassessore-maria-grazia-passuello-risponde-a-tib-teatro-e-conferma-la-volonta-di-riprende-la-gestione-del-teatro-comunale-azzerando-la-fondazione-teatri-delle-dolomiti\/"},"author":{"name":"redazione","@id":"https:\/\/www.bellunopress.it\/#\/schema\/person\/79bb06722b37ece1c03d3e94beb30d73"},"headline":"L&#8217;assessore Maria Grazia Passuello risponde a Tib Teatro. E conferma la volont\u00e0 di riprende la gestione del Teatro comunale azzerando la Fondazione Teatri delle Dolomiti","datePublished":"2012-01-17T07:29:36+00:00","mainEntityOfPage":{"@id":"https:\/\/www.bellunopress.it\/2012\/01\/17\/lassessore-maria-grazia-passuello-risponde-a-tib-teatro-e-conferma-la-volonta-di-riprende-la-gestione-del-teatro-comunale-azzerando-la-fondazione-teatri-delle-dolomiti\/"},"wordCount":2029,"publisher":{"@id":"https:\/\/www.bellunopress.it\/#organization"},"image":{"@id":"https:\/\/www.bellunopress.it\/2012\/01\/17\/lassessore-maria-grazia-passuello-risponde-a-tib-teatro-e-conferma-la-volonta-di-riprende-la-gestione-del-teatro-comunale-azzerando-la-fondazione-teatri-delle-dolomiti\/#primaryimage"},"thumbnailUrl":"http:\/\/www.bellunopress.it\/wp-content\/uploads\/2011\/04\/maria-grazia-passuello-140x140.jpg","articleSection":["Arte, Cultura, Spettacoli, Scienza","Cronaca\/Politica","Prima Pagina"],"inLanguage":"fr-FR"},{"@type":"WebPage","@id":"https:\/\/www.bellunopress.it\/2012\/01\/17\/lassessore-maria-grazia-passuello-risponde-a-tib-teatro-e-conferma-la-volonta-di-riprende-la-gestione-del-teatro-comunale-azzerando-la-fondazione-teatri-delle-dolomiti\/","url":"https:\/\/www.bellunopress.it\/2012\/01\/17\/lassessore-maria-grazia-passuello-risponde-a-tib-teatro-e-conferma-la-volonta-di-riprende-la-gestione-del-teatro-comunale-azzerando-la-fondazione-teatri-delle-dolomiti\/","name":"L'assessore Maria Grazia Passuello risponde a Tib Teatro. E conferma la volont\u00e0 di riprende la gestione del Teatro comunale azzerando la Fondazione Teatri delle Dolomiti - Bellunopress - Dolomiti","isPartOf":{"@id":"https:\/\/www.bellunopress.it\/#website"},"primaryImageOfPage":{"@id":"https:\/\/www.bellunopress.it\/2012\/01\/17\/lassessore-maria-grazia-passuello-risponde-a-tib-teatro-e-conferma-la-volonta-di-riprende-la-gestione-del-teatro-comunale-azzerando-la-fondazione-teatri-delle-dolomiti\/#primaryimage"},"image":{"@id":"https:\/\/www.bellunopress.it\/2012\/01\/17\/lassessore-maria-grazia-passuello-risponde-a-tib-teatro-e-conferma-la-volonta-di-riprende-la-gestione-del-teatro-comunale-azzerando-la-fondazione-teatri-delle-dolomiti\/#primaryimage"},"thumbnailUrl":"http:\/\/www.bellunopress.it\/wp-content\/uploads\/2011\/04\/maria-grazia-passuello-140x140.jpg","datePublished":"2012-01-17T07:29:36+00:00","breadcrumb":{"@id":"https:\/\/www.bellunopress.it\/2012\/01\/17\/lassessore-maria-grazia-passuello-risponde-a-tib-teatro-e-conferma-la-volonta-di-riprende-la-gestione-del-teatro-comunale-azzerando-la-fondazione-teatri-delle-dolomiti\/#breadcrumb"},"inLanguage":"fr-FR","potentialAction":[{"@type":"ReadAction","target":["https:\/\/www.bellunopress.it\/2012\/01\/17\/lassessore-maria-grazia-passuello-risponde-a-tib-teatro-e-conferma-la-volonta-di-riprende-la-gestione-del-teatro-comunale-azzerando-la-fondazione-teatri-delle-dolomiti\/"]}]},{"@type":"ImageObject","inLanguage":"fr-FR","@id":"https:\/\/www.bellunopress.it\/2012\/01\/17\/lassessore-maria-grazia-passuello-risponde-a-tib-teatro-e-conferma-la-volonta-di-riprende-la-gestione-del-teatro-comunale-azzerando-la-fondazione-teatri-delle-dolomiti\/#primaryimage","url":"http:\/\/www.bellunopress.it\/wp-content\/uploads\/2011\/04\/maria-grazia-passuello-140x140.jpg","contentUrl":"http:\/\/www.bellunopress.it\/wp-content\/uploads\/2011\/04\/maria-grazia-passuello-140x140.jpg"},{"@type":"BreadcrumbList","@id":"https:\/\/www.bellunopress.it\/2012\/01\/17\/lassessore-maria-grazia-passuello-risponde-a-tib-teatro-e-conferma-la-volonta-di-riprende-la-gestione-del-teatro-comunale-azzerando-la-fondazione-teatri-delle-dolomiti\/#breadcrumb","itemListElement":[{"@type":"ListItem","position":1,"name":"Home","item":"https:\/\/www.bellunopress.it\/"},{"@type":"ListItem","position":2,"name":"L&#8217;assessore Maria Grazia Passuello risponde a Tib Teatro. E conferma la volont\u00e0 di riprende la gestione del Teatro comunale azzerando la Fondazione Teatri delle Dolomiti"}]},{"@type":"WebSite","@id":"https:\/\/www.bellunopress.it\/#website","url":"https:\/\/www.bellunopress.it\/","name":"Bellunopress - Dolomiti","description":"e-mail: redazione@bellunopress.it","publisher":{"@id":"https:\/\/www.bellunopress.it\/#organization"},"potentialAction":[{"@type":"SearchAction","target":{"@type":"EntryPoint","urlTemplate":"https:\/\/www.bellunopress.it\/?s={search_term_string}"},"query-input":{"@type":"PropertyValueSpecification","valueRequired":true,"valueName":"search_term_string"}}],"inLanguage":"fr-FR"},{"@type":"Organization","@id":"https:\/\/www.bellunopress.it\/#organization","name":"Bellunopress","url":"https:\/\/www.bellunopress.it\/","logo":{"@type":"ImageObject","inLanguage":"fr-FR","@id":"https:\/\/www.bellunopress.it\/#\/schema\/logo\/image\/","url":"https:\/\/www.bellunopress.it\/wp-content\/uploads\/2011\/05\/cropped-logo-bellunopress-.jpg","contentUrl":"https:\/\/www.bellunopress.it\/wp-content\/uploads\/2011\/05\/cropped-logo-bellunopress-.jpg","width":512,"height":512,"caption":"Bellunopress"},"image":{"@id":"https:\/\/www.bellunopress.it\/#\/schema\/logo\/image\/"},"sameAs":["https:\/\/www.facebook.com\/profile.php?id=100008943462799","https:\/\/x.com\/bellunopress","https:\/\/www.linkedin.com\/hp\/?dnr=JBzUWaJfMUw8vbXJJ2tVW5-I3jZKvC4wsoxE&amp;amp;amp;amp;amp;amp;trk=nav_responsive_tab_home","https:\/\/www.youtube.com\/channel\/UCxL0wu1uN0_3_7hGG0306cw"]},{"@type":"Person","@id":"https:\/\/www.bellunopress.it\/#\/schema\/person\/79bb06722b37ece1c03d3e94beb30d73","name":"r\u00e9daction","image":{"@type":"ImageObject","inLanguage":"fr-FR","@id":"https:\/\/secure.gravatar.com\/avatar\/37d968a2e67a6fd04c169c4bdef102d0bc5d31b2546345219e348575eb80e9a0?s=96&d=mm&r=g","url":"https:\/\/secure.gravatar.com\/avatar\/37d968a2e67a6fd04c169c4bdef102d0bc5d31b2546345219e348575eb80e9a0?s=96&d=mm&r=g","contentUrl":"https:\/\/secure.gravatar.com\/avatar\/37d968a2e67a6fd04c169c4bdef102d0bc5d31b2546345219e348575eb80e9a0?s=96&d=mm&r=g","caption":"redazione"},"sameAs":["http:\/\/www.bellunopress.it","https:\/\/x.com\/bellunopress"],"url":"https:\/\/www.bellunopress.it\/fr\/author\/redazione\/"}]}},"_links":{"self":[{"href":"https:\/\/www.bellunopress.it\/fr\/wp-json\/wp\/v2\/posts\/34212","targetHints":{"allow":["GET"]}}],"collection":[{"href":"https:\/\/www.bellunopress.it\/fr\/wp-json\/wp\/v2\/posts"}],"about":[{"href":"https:\/\/www.bellunopress.it\/fr\/wp-json\/wp\/v2\/types\/post"}],"author":[{"embeddable":true,"href":"https:\/\/www.bellunopress.it\/fr\/wp-json\/wp\/v2\/users\/2"}],"replies":[{"embeddable":true,"href":"https:\/\/www.bellunopress.it\/fr\/wp-json\/wp\/v2\/comments?post=34212"}],"version-history":[{"count":1,"href":"https:\/\/www.bellunopress.it\/fr\/wp-json\/wp\/v2\/posts\/34212\/revisions"}],"predecessor-version":[{"id":34213,"href":"https:\/\/www.bellunopress.it\/fr\/wp-json\/wp\/v2\/posts\/34212\/revisions\/34213"}],"wp:attachment":[{"href":"https:\/\/www.bellunopress.it\/fr\/wp-json\/wp\/v2\/media?parent=34212"}],"wp:term":[{"taxonomy":"category","embeddable":true,"href":"https:\/\/www.bellunopress.it\/fr\/wp-json\/wp\/v2\/categories?post=34212"},{"taxonomy":"post_tag","embeddable":true,"href":"https:\/\/www.bellunopress.it\/fr\/wp-json\/wp\/v2\/tags?post=34212"}],"curies":[{"name":"wp","href":"https:\/\/api.w.org\/{rel}","templated":true}]}}