{"id":34204,"date":"2012-01-16T21:38:33","date_gmt":"2012-01-16T20:38:33","guid":{"rendered":"http:\/\/www.bellunopress.it\/?p=34204"},"modified":"2012-01-16T21:38:33","modified_gmt":"2012-01-16T20:38:33","slug":"candidati-sindaco-del-pd-jacopo-massaro-non-presenta-la-sua-candidatura","status":"publish","type":"post","link":"https:\/\/www.bellunopress.it\/fr\/2012\/01\/16\/candidati-sindaco-del-pd-jacopo-massaro-non-presenta-la-sua-candidatura\/","title":{"rendered":"Candidati sindaco del Pd: Jacopo Massaro non presenta la sua candidatura"},"content":{"rendered":"<figure id=\"attachment_34205\" aria-describedby=\"caption-attachment-34205\" style=\"width: 236px\" class=\"wp-caption alignleft\"><a href=\"http:\/\/www.bellunopress.it\/wp-content\/uploads\/2012\/01\/jacopo-massaro.jpg\"><img loading=\"lazy\" decoding=\"async\" class=\"size-full wp-image-34205\" title=\"jacopo massaro\" src=\"http:\/\/www.bellunopress.it\/wp-content\/uploads\/2012\/01\/jacopo-massaro.jpg\" alt=\"\" width=\"236\" height=\"290\" \/><\/a><figcaption id=\"caption-attachment-34205\" class=\"wp-caption-text\">Jacopo Massaro<\/figcaption><\/figure>\n<p>Jacopo Massaro non ha depositato la propria candidatura a sindaco di Belluno. Si chiudeva alle 18,30 di oggi &#8211; luned\u00ec 16 gennaio &#8211; infatti, il termine fissato dal Partito democratico per la presentazione dei propri candidati sindaco, in previsione delle amministrative 2012. \u00abHo ritenuto di non presentarmi &#8211; ha detto Massaro &#8211; a dimostrazione che da parte mia non c&#8217;\u00e8 alcun livore, n\u00e9 rancore. Gioved\u00ec sera, dinanzi all&#8217;Assemblea del Pd, spiegher\u00f2 i dettagli di questa mia scelta\u00bb. Avanza cos\u00ec l&#8217;ipotesi che sar\u00e0 Claudia Bettiol, ex vicepresidente della provincia, il candidato sindaco del Pd che verr\u00e0 poi proposto alla coalizione di centrosinistra. Ma la partita non \u00e8 del tutto chiusa, perch\u00e9 potrebbero sorgere liste civiche a raccogliere il dissenso che serpeggia all&#8217;interno del Pd. Un fatto per tutti: in pochi giorni il bar L&#8217;insolita storia ha raccolto pi\u00f9 di 200 firme per sostenere le votazioni primarie. Che in questa tornata elettorale, e dopo aver commissionato il sondaggio, il Pd ha deciso di non fare.<\/p>","protected":false},"excerpt":{"rendered":"<p>Jacopo Massaro non ha depositato la propria candidatura a sindaco di Belluno. Si chiudeva alle 18,30 di oggi &#8211; luned\u00ec 16 gennaio &#8211; infatti, il termine fissato dal Partito democratico per la presentazione dei propri candidati sindaco, in previsione delle amministrative 2012. \u00abHo ritenuto di non presentarmi &#8211; ha detto Massaro &#8211; a dimostrazione che [&hellip;]<\/p>\n","protected":false},"author":2,"featured_media":0,"comment_status":"closed","ping_status":"open","sticky":false,"template":"","format":"standard","meta":{"footnotes":""},"categories":[5,26],"tags":[],"class_list":["post-34204","post","type-post","status-publish","format-standard","category-cronaca","category-prima-pagina"],"yoast_head":"<!-- This site is optimized with the Yoast SEO plugin v28.4 - https:\/\/yoast.com\/product\/yoast-seo-wordpress\/ -->\n<title>Candidati sindaco del Pd: Jacopo Massaro non presenta la sua candidatura - Bellunopress - Dolomiti<\/title>\n<meta name=\"robots\" content=\"index, follow, max-snippet:-1, max-image-preview:large, max-video-preview:-1\" \/>\n<link rel=\"canonical\" href=\"https:\/\/www.bellunopress.it\/fr\/2012\/01\/16\/candidati-sindaco-del-pd-jacopo-massaro-non-presenta-la-sua-candidatura\/\" \/>\n<meta property=\"og:locale\" content=\"fr_FR\" \/>\n<meta property=\"og:type\" content=\"article\" \/>\n<meta property=\"og:title\" content=\"Candidati sindaco del Pd: Jacopo Massaro non presenta la sua candidatura - Bellunopress - Dolomiti\" \/>\n<meta property=\"og:description\" content=\"Jacopo Massaro non ha depositato la propria candidatura a sindaco di Belluno. Si chiudeva alle 18,30 di oggi &#8211; luned\u00ec 16 gennaio &#8211; infatti, il termine fissato dal Partito democratico per la presentazione dei propri candidati sindaco, in previsione delle amministrative 2012. \u00abHo ritenuto di non presentarmi &#8211; ha detto Massaro &#8211; a dimostrazione che [&hellip;]\" \/>\n<meta property=\"og:url\" content=\"https:\/\/www.bellunopress.it\/fr\/2012\/01\/16\/candidati-sindaco-del-pd-jacopo-massaro-non-presenta-la-sua-candidatura\/\" \/>\n<meta property=\"og:site_name\" content=\"Bellunopress - Dolomiti\" \/>\n<meta property=\"article:publisher\" content=\"https:\/\/www.facebook.com\/profile.php?id=100008943462799\" \/>\n<meta property=\"article:published_time\" content=\"2012-01-16T20:38:33+00:00\" \/>\n<meta property=\"og:image\" content=\"http:\/\/www.bellunopress.it\/wp-content\/uploads\/2012\/01\/jacopo-massaro.jpg\" \/>\n<meta name=\"author\" content=\"redazione\" \/>\n<meta name=\"twitter:card\" content=\"summary_large_image\" \/>\n<meta name=\"twitter:creator\" content=\"@bellunopress\" \/>\n<meta name=\"twitter:site\" content=\"@bellunopress\" \/>\n<meta name=\"twitter:label1\" content=\"\u00c9crit par\" \/>\n\t<meta name=\"twitter:data1\" content=\"redazione\" \/>\n\t<meta name=\"twitter:label2\" content=\"Dur\u00e9e de lecture estim\u00e9e\" \/>\n\t<meta name=\"twitter:data2\" content=\"1 minute\" \/>\n<script type=\"application\/ld+json\" class=\"yoast-schema-graph\">{\"@context\":\"https:\\\/\\\/schema.org\",\"@graph\":[{\"@type\":\"Article\",\"@id\":\"https:\\\/\\\/www.bellunopress.it\\\/2012\\\/01\\\/16\\\/candidati-sindaco-del-pd-jacopo-massaro-non-presenta-la-sua-candidatura\\\/#article\",\"isPartOf\":{\"@id\":\"https:\\\/\\\/www.bellunopress.it\\\/2012\\\/01\\\/16\\\/candidati-sindaco-del-pd-jacopo-massaro-non-presenta-la-sua-candidatura\\\/\"},\"author\":{\"name\":\"redazione\",\"@id\":\"https:\\\/\\\/www.bellunopress.it\\\/#\\\/schema\\\/person\\\/79bb06722b37ece1c03d3e94beb30d73\"},\"headline\":\"Candidati sindaco del Pd: Jacopo Massaro non presenta la sua candidatura\",\"datePublished\":\"2012-01-16T20:38:33+00:00\",\"mainEntityOfPage\":{\"@id\":\"https:\\\/\\\/www.bellunopress.it\\\/2012\\\/01\\\/16\\\/candidati-sindaco-del-pd-jacopo-massaro-non-presenta-la-sua-candidatura\\\/\"},\"wordCount\":183,\"publisher\":{\"@id\":\"https:\\\/\\\/www.bellunopress.it\\\/#organization\"},\"image\":{\"@id\":\"https:\\\/\\\/www.bellunopress.it\\\/2012\\\/01\\\/16\\\/candidati-sindaco-del-pd-jacopo-massaro-non-presenta-la-sua-candidatura\\\/#primaryimage\"},\"thumbnailUrl\":\"http:\\\/\\\/www.bellunopress.it\\\/wp-content\\\/uploads\\\/2012\\\/01\\\/jacopo-massaro.jpg\",\"articleSection\":[\"Cronaca\\\/Politica\",\"Prima Pagina\"],\"inLanguage\":\"fr-FR\"},{\"@type\":\"WebPage\",\"@id\":\"https:\\\/\\\/www.bellunopress.it\\\/2012\\\/01\\\/16\\\/candidati-sindaco-del-pd-jacopo-massaro-non-presenta-la-sua-candidatura\\\/\",\"url\":\"https:\\\/\\\/www.bellunopress.it\\\/2012\\\/01\\\/16\\\/candidati-sindaco-del-pd-jacopo-massaro-non-presenta-la-sua-candidatura\\\/\",\"name\":\"Candidati sindaco del Pd: Jacopo Massaro non presenta la sua candidatura - Bellunopress - Dolomiti\",\"isPartOf\":{\"@id\":\"https:\\\/\\\/www.bellunopress.it\\\/#website\"},\"primaryImageOfPage\":{\"@id\":\"https:\\\/\\\/www.bellunopress.it\\\/2012\\\/01\\\/16\\\/candidati-sindaco-del-pd-jacopo-massaro-non-presenta-la-sua-candidatura\\\/#primaryimage\"},\"image\":{\"@id\":\"https:\\\/\\\/www.bellunopress.it\\\/2012\\\/01\\\/16\\\/candidati-sindaco-del-pd-jacopo-massaro-non-presenta-la-sua-candidatura\\\/#primaryimage\"},\"thumbnailUrl\":\"http:\\\/\\\/www.bellunopress.it\\\/wp-content\\\/uploads\\\/2012\\\/01\\\/jacopo-massaro.jpg\",\"datePublished\":\"2012-01-16T20:38:33+00:00\",\"breadcrumb\":{\"@id\":\"https:\\\/\\\/www.bellunopress.it\\\/2012\\\/01\\\/16\\\/candidati-sindaco-del-pd-jacopo-massaro-non-presenta-la-sua-candidatura\\\/#breadcrumb\"},\"inLanguage\":\"fr-FR\",\"potentialAction\":[{\"@type\":\"ReadAction\",\"target\":[\"https:\\\/\\\/www.bellunopress.it\\\/2012\\\/01\\\/16\\\/candidati-sindaco-del-pd-jacopo-massaro-non-presenta-la-sua-candidatura\\\/\"]}]},{\"@type\":\"ImageObject\",\"inLanguage\":\"fr-FR\",\"@id\":\"https:\\\/\\\/www.bellunopress.it\\\/2012\\\/01\\\/16\\\/candidati-sindaco-del-pd-jacopo-massaro-non-presenta-la-sua-candidatura\\\/#primaryimage\",\"url\":\"http:\\\/\\\/www.bellunopress.it\\\/wp-content\\\/uploads\\\/2012\\\/01\\\/jacopo-massaro.jpg\",\"contentUrl\":\"http:\\\/\\\/www.bellunopress.it\\\/wp-content\\\/uploads\\\/2012\\\/01\\\/jacopo-massaro.jpg\"},{\"@type\":\"BreadcrumbList\",\"@id\":\"https:\\\/\\\/www.bellunopress.it\\\/2012\\\/01\\\/16\\\/candidati-sindaco-del-pd-jacopo-massaro-non-presenta-la-sua-candidatura\\\/#breadcrumb\",\"itemListElement\":[{\"@type\":\"ListItem\",\"position\":1,\"name\":\"Home\",\"item\":\"https:\\\/\\\/www.bellunopress.it\\\/\"},{\"@type\":\"ListItem\",\"position\":2,\"name\":\"Candidati sindaco del Pd: Jacopo Massaro non presenta la sua candidatura\"}]},{\"@type\":\"WebSite\",\"@id\":\"https:\\\/\\\/www.bellunopress.it\\\/#website\",\"url\":\"https:\\\/\\\/www.bellunopress.it\\\/\",\"name\":\"Bellunopress - Dolomiti\",\"description\":\"e-mail: redazione@bellunopress.it\",\"publisher\":{\"@id\":\"https:\\\/\\\/www.bellunopress.it\\\/#organization\"},\"potentialAction\":[{\"@type\":\"SearchAction\",\"target\":{\"@type\":\"EntryPoint\",\"urlTemplate\":\"https:\\\/\\\/www.bellunopress.it\\\/?s={search_term_string}\"},\"query-input\":{\"@type\":\"PropertyValueSpecification\",\"valueRequired\":true,\"valueName\":\"search_term_string\"}}],\"inLanguage\":\"fr-FR\"},{\"@type\":\"Organization\",\"@id\":\"https:\\\/\\\/www.bellunopress.it\\\/#organization\",\"name\":\"Bellunopress\",\"url\":\"https:\\\/\\\/www.bellunopress.it\\\/\",\"logo\":{\"@type\":\"ImageObject\",\"inLanguage\":\"fr-FR\",\"@id\":\"https:\\\/\\\/www.bellunopress.it\\\/#\\\/schema\\\/logo\\\/image\\\/\",\"url\":\"https:\\\/\\\/www.bellunopress.it\\\/wp-content\\\/uploads\\\/2011\\\/05\\\/cropped-logo-bellunopress-.jpg\",\"contentUrl\":\"https:\\\/\\\/www.bellunopress.it\\\/wp-content\\\/uploads\\\/2011\\\/05\\\/cropped-logo-bellunopress-.jpg\",\"width\":512,\"height\":512,\"caption\":\"Bellunopress\"},\"image\":{\"@id\":\"https:\\\/\\\/www.bellunopress.it\\\/#\\\/schema\\\/logo\\\/image\\\/\"},\"sameAs\":[\"https:\\\/\\\/www.facebook.com\\\/profile.php?id=100008943462799\",\"https:\\\/\\\/x.com\\\/bellunopress\",\"https:\\\/\\\/www.linkedin.com\\\/hp\\\/?dnr=JBzUWaJfMUw8vbXJJ2tVW5-I3jZKvC4wsoxE&amp;amp;amp;amp;amp;amp;trk=nav_responsive_tab_home\",\"https:\\\/\\\/www.youtube.com\\\/channel\\\/UCxL0wu1uN0_3_7hGG0306cw\"]},{\"@type\":\"Person\",\"@id\":\"https:\\\/\\\/www.bellunopress.it\\\/#\\\/schema\\\/person\\\/79bb06722b37ece1c03d3e94beb30d73\",\"name\":\"redazione\",\"image\":{\"@type\":\"ImageObject\",\"inLanguage\":\"fr-FR\",\"@id\":\"https:\\\/\\\/secure.gravatar.com\\\/avatar\\\/37d968a2e67a6fd04c169c4bdef102d0bc5d31b2546345219e348575eb80e9a0?s=96&d=mm&r=g\",\"url\":\"https:\\\/\\\/secure.gravatar.com\\\/avatar\\\/37d968a2e67a6fd04c169c4bdef102d0bc5d31b2546345219e348575eb80e9a0?s=96&d=mm&r=g\",\"contentUrl\":\"https:\\\/\\\/secure.gravatar.com\\\/avatar\\\/37d968a2e67a6fd04c169c4bdef102d0bc5d31b2546345219e348575eb80e9a0?s=96&d=mm&r=g\",\"caption\":\"redazione\"},\"sameAs\":[\"http:\\\/\\\/www.bellunopress.it\",\"https:\\\/\\\/x.com\\\/bellunopress\"],\"url\":\"https:\\\/\\\/www.bellunopress.it\\\/fr\\\/author\\\/redazione\\\/\"}]}<\/script>\n<!-- \/ Yoast SEO plugin. -->","yoast_head_json":{"title":"Candidati sindaco del Pd: Jacopo Massaro non presenta la sua candidatura - Bellunopress - Dolomiti","robots":{"index":"index","follow":"follow","max-snippet":"max-snippet:-1","max-image-preview":"max-image-preview:large","max-video-preview":"max-video-preview:-1"},"canonical":"https:\/\/www.bellunopress.it\/fr\/2012\/01\/16\/candidati-sindaco-del-pd-jacopo-massaro-non-presenta-la-sua-candidatura\/","og_locale":"fr_FR","og_type":"article","og_title":"Candidati sindaco del Pd: Jacopo Massaro non presenta la sua candidatura - Bellunopress - Dolomiti","og_description":"Jacopo Massaro non ha depositato la propria candidatura a sindaco di Belluno. Si chiudeva alle 18,30 di oggi &#8211; luned\u00ec 16 gennaio &#8211; infatti, il termine fissato dal Partito democratico per la presentazione dei propri candidati sindaco, in previsione delle amministrative 2012. \u00abHo ritenuto di non presentarmi &#8211; ha detto Massaro &#8211; a dimostrazione che [&hellip;]","og_url":"https:\/\/www.bellunopress.it\/fr\/2012\/01\/16\/candidati-sindaco-del-pd-jacopo-massaro-non-presenta-la-sua-candidatura\/","og_site_name":"Bellunopress - Dolomiti","article_publisher":"https:\/\/www.facebook.com\/profile.php?id=100008943462799","article_published_time":"2012-01-16T20:38:33+00:00","og_image":[{"url":"http:\/\/www.bellunopress.it\/wp-content\/uploads\/2012\/01\/jacopo-massaro.jpg","type":"","width":"","height":""}],"author":"redazione","twitter_card":"summary_large_image","twitter_creator":"@bellunopress","twitter_site":"@bellunopress","twitter_misc":{"\u00c9crit par":"redazione","Dur\u00e9e de lecture estim\u00e9e":"1 minute"},"schema":{"@context":"https:\/\/schema.org","@graph":[{"@type":"Article","@id":"https:\/\/www.bellunopress.it\/2012\/01\/16\/candidati-sindaco-del-pd-jacopo-massaro-non-presenta-la-sua-candidatura\/#article","isPartOf":{"@id":"https:\/\/www.bellunopress.it\/2012\/01\/16\/candidati-sindaco-del-pd-jacopo-massaro-non-presenta-la-sua-candidatura\/"},"author":{"name":"redazione","@id":"https:\/\/www.bellunopress.it\/#\/schema\/person\/79bb06722b37ece1c03d3e94beb30d73"},"headline":"Candidati sindaco del Pd: Jacopo Massaro non presenta la sua candidatura","datePublished":"2012-01-16T20:38:33+00:00","mainEntityOfPage":{"@id":"https:\/\/www.bellunopress.it\/2012\/01\/16\/candidati-sindaco-del-pd-jacopo-massaro-non-presenta-la-sua-candidatura\/"},"wordCount":183,"publisher":{"@id":"https:\/\/www.bellunopress.it\/#organization"},"image":{"@id":"https:\/\/www.bellunopress.it\/2012\/01\/16\/candidati-sindaco-del-pd-jacopo-massaro-non-presenta-la-sua-candidatura\/#primaryimage"},"thumbnailUrl":"http:\/\/www.bellunopress.it\/wp-content\/uploads\/2012\/01\/jacopo-massaro.jpg","articleSection":["Cronaca\/Politica","Prima Pagina"],"inLanguage":"fr-FR"},{"@type":"WebPage","@id":"https:\/\/www.bellunopress.it\/2012\/01\/16\/candidati-sindaco-del-pd-jacopo-massaro-non-presenta-la-sua-candidatura\/","url":"https:\/\/www.bellunopress.it\/2012\/01\/16\/candidati-sindaco-del-pd-jacopo-massaro-non-presenta-la-sua-candidatura\/","name":"Candidati sindaco del Pd: Jacopo Massaro non presenta la sua candidatura - Bellunopress - Dolomiti","isPartOf":{"@id":"https:\/\/www.bellunopress.it\/#website"},"primaryImageOfPage":{"@id":"https:\/\/www.bellunopress.it\/2012\/01\/16\/candidati-sindaco-del-pd-jacopo-massaro-non-presenta-la-sua-candidatura\/#primaryimage"},"image":{"@id":"https:\/\/www.bellunopress.it\/2012\/01\/16\/candidati-sindaco-del-pd-jacopo-massaro-non-presenta-la-sua-candidatura\/#primaryimage"},"thumbnailUrl":"http:\/\/www.bellunopress.it\/wp-content\/uploads\/2012\/01\/jacopo-massaro.jpg","datePublished":"2012-01-16T20:38:33+00:00","breadcrumb":{"@id":"https:\/\/www.bellunopress.it\/2012\/01\/16\/candidati-sindaco-del-pd-jacopo-massaro-non-presenta-la-sua-candidatura\/#breadcrumb"},"inLanguage":"fr-FR","potentialAction":[{"@type":"ReadAction","target":["https:\/\/www.bellunopress.it\/2012\/01\/16\/candidati-sindaco-del-pd-jacopo-massaro-non-presenta-la-sua-candidatura\/"]}]},{"@type":"ImageObject","inLanguage":"fr-FR","@id":"https:\/\/www.bellunopress.it\/2012\/01\/16\/candidati-sindaco-del-pd-jacopo-massaro-non-presenta-la-sua-candidatura\/#primaryimage","url":"http:\/\/www.bellunopress.it\/wp-content\/uploads\/2012\/01\/jacopo-massaro.jpg","contentUrl":"http:\/\/www.bellunopress.it\/wp-content\/uploads\/2012\/01\/jacopo-massaro.jpg"},{"@type":"BreadcrumbList","@id":"https:\/\/www.bellunopress.it\/2012\/01\/16\/candidati-sindaco-del-pd-jacopo-massaro-non-presenta-la-sua-candidatura\/#breadcrumb","itemListElement":[{"@type":"ListItem","position":1,"name":"Home","item":"https:\/\/www.bellunopress.it\/"},{"@type":"ListItem","position":2,"name":"Candidati sindaco del Pd: Jacopo Massaro non presenta la sua candidatura"}]},{"@type":"WebSite","@id":"https:\/\/www.bellunopress.it\/#website","url":"https:\/\/www.bellunopress.it\/","name":"Bellunopress - Dolomiti","description":"e-mail: redazione@bellunopress.it","publisher":{"@id":"https:\/\/www.bellunopress.it\/#organization"},"potentialAction":[{"@type":"SearchAction","target":{"@type":"EntryPoint","urlTemplate":"https:\/\/www.bellunopress.it\/?s={search_term_string}"},"query-input":{"@type":"PropertyValueSpecification","valueRequired":true,"valueName":"search_term_string"}}],"inLanguage":"fr-FR"},{"@type":"Organization","@id":"https:\/\/www.bellunopress.it\/#organization","name":"Bellunopress","url":"https:\/\/www.bellunopress.it\/","logo":{"@type":"ImageObject","inLanguage":"fr-FR","@id":"https:\/\/www.bellunopress.it\/#\/schema\/logo\/image\/","url":"https:\/\/www.bellunopress.it\/wp-content\/uploads\/2011\/05\/cropped-logo-bellunopress-.jpg","contentUrl":"https:\/\/www.bellunopress.it\/wp-content\/uploads\/2011\/05\/cropped-logo-bellunopress-.jpg","width":512,"height":512,"caption":"Bellunopress"},"image":{"@id":"https:\/\/www.bellunopress.it\/#\/schema\/logo\/image\/"},"sameAs":["https:\/\/www.facebook.com\/profile.php?id=100008943462799","https:\/\/x.com\/bellunopress","https:\/\/www.linkedin.com\/hp\/?dnr=JBzUWaJfMUw8vbXJJ2tVW5-I3jZKvC4wsoxE&amp;amp;amp;amp;amp;amp;trk=nav_responsive_tab_home","https:\/\/www.youtube.com\/channel\/UCxL0wu1uN0_3_7hGG0306cw"]},{"@type":"Person","@id":"https:\/\/www.bellunopress.it\/#\/schema\/person\/79bb06722b37ece1c03d3e94beb30d73","name":"r\u00e9daction","image":{"@type":"ImageObject","inLanguage":"fr-FR","@id":"https:\/\/secure.gravatar.com\/avatar\/37d968a2e67a6fd04c169c4bdef102d0bc5d31b2546345219e348575eb80e9a0?s=96&d=mm&r=g","url":"https:\/\/secure.gravatar.com\/avatar\/37d968a2e67a6fd04c169c4bdef102d0bc5d31b2546345219e348575eb80e9a0?s=96&d=mm&r=g","contentUrl":"https:\/\/secure.gravatar.com\/avatar\/37d968a2e67a6fd04c169c4bdef102d0bc5d31b2546345219e348575eb80e9a0?s=96&d=mm&r=g","caption":"redazione"},"sameAs":["http:\/\/www.bellunopress.it","https:\/\/x.com\/bellunopress"],"url":"https:\/\/www.bellunopress.it\/fr\/author\/redazione\/"}]}},"_links":{"self":[{"href":"https:\/\/www.bellunopress.it\/fr\/wp-json\/wp\/v2\/posts\/34204","targetHints":{"allow":["GET"]}}],"collection":[{"href":"https:\/\/www.bellunopress.it\/fr\/wp-json\/wp\/v2\/posts"}],"about":[{"href":"https:\/\/www.bellunopress.it\/fr\/wp-json\/wp\/v2\/types\/post"}],"author":[{"embeddable":true,"href":"https:\/\/www.bellunopress.it\/fr\/wp-json\/wp\/v2\/users\/2"}],"replies":[{"embeddable":true,"href":"https:\/\/www.bellunopress.it\/fr\/wp-json\/wp\/v2\/comments?post=34204"}],"version-history":[{"count":1,"href":"https:\/\/www.bellunopress.it\/fr\/wp-json\/wp\/v2\/posts\/34204\/revisions"}],"predecessor-version":[{"id":34206,"href":"https:\/\/www.bellunopress.it\/fr\/wp-json\/wp\/v2\/posts\/34204\/revisions\/34206"}],"wp:attachment":[{"href":"https:\/\/www.bellunopress.it\/fr\/wp-json\/wp\/v2\/media?parent=34204"}],"wp:term":[{"taxonomy":"category","embeddable":true,"href":"https:\/\/www.bellunopress.it\/fr\/wp-json\/wp\/v2\/categories?post=34204"},{"taxonomy":"post_tag","embeddable":true,"href":"https:\/\/www.bellunopress.it\/fr\/wp-json\/wp\/v2\/tags?post=34204"}],"curies":[{"name":"wp","href":"https:\/\/api.w.org\/{rel}","templated":true}]}}