{"id":34201,"date":"2012-01-16T21:07:41","date_gmt":"2012-01-16T20:07:41","guid":{"rendered":"http:\/\/www.bellunopress.it\/?p=34201"},"modified":"2012-01-16T21:10:24","modified_gmt":"2012-01-16T20:10:24","slug":"pagelle-ai-sindaci-del-sole-24-ore-antonio-prade-ultimo-nel-veneto-all86mo-posto-ma-il-sindaco-pidiellino-bellunese-non-si-perde-danimo-e-trasforma-la-sconfitta-in-una-vittoria","status":"publish","type":"post","link":"https:\/\/www.bellunopress.it\/fr\/2012\/01\/16\/pagelle-ai-sindaci-del-sole-24-ore-antonio-prade-ultimo-nel-veneto-all86mo-posto-ma-il-sindaco-pidiellino-bellunese-non-si-perde-danimo-e-trasforma-la-sconfitta-in-una-vittoria\/","title":{"rendered":"Pagelle ai sindaci del Sole 24 Ore: Antonio Prade  ultimo nel Veneto, all&#8217;86mo posto. Ma il sindaco pidiellino bellunese non si perde d&#8217;animo e trasforma la sconfitta in una vittoria"},"content":{"rendered":"<p><a href=\"http:\/\/www.bellunopress.it\/wp-content\/uploads\/2011\/10\/prade-280x240.jpg\"><img loading=\"lazy\" decoding=\"async\" class=\"alignleft size-full wp-image-31277\" title=\"prade 280x240\" src=\"http:\/\/www.bellunopress.it\/wp-content\/uploads\/2011\/10\/prade-280x240.jpg\" alt=\"\" width=\"248\" height=\"280\" \/><\/a>Luigi De Magistris sindaco di Napoli si \u00e8 aggiudicato la \u201cGovernance poll\u201d seguito da Massimo Zedda (Cagliari), e in terza posizione Vincenzo De Luca (Salerno) a pari merito con Michele Emiliano (Bari) e Flavio Tosi (Verona). Stiamo parlando dei sindaci pi\u00f9 amati d&#8217;Italia, secondo i dati elaborati dall&#8217;Istituto Ipr Marketing, pubblicati per il quotidiano economico Il Sole 24 Ore. Nel Veneto, dunque, la classifica dei primi cittadini \u00e8 guidata ancora dal veronese Flavio Tosi. Per trovare un altro sindaco veneto dobbiamo scendere al 29mo posto con Achille Variati (Vicenza). Pi\u00f9 gi\u00f9 troviamo il sindaco di Treviso, Gian Paolo Gobbo, che si aggiudica il 62mo posto, a pari merito con\u00a0 Bruno Piva, di Rovigo e con il sindaco di Venezia Giorgio Orsoni. All&#8217;83mo posto c&#8217;\u00e8 Flavio Zanonato sindaco di Padova. Ultimo dei sindaci veneti \u00e8 in \u201cnostro\u201d Antonio Prade che si classifica all&#8217;86mo posto. E tuttavia, con la performance peggiore dei suoi colleghi veneti, Antonio Prade non perde il suo ottimismo e dichiara: \u201cSono stato eletto con il 53,66 % dei voti, dunque considero il gradimento del 49,5% dei miei cittadini, dopo cinque anni di duro lavoro, un buon risultato. Diciamo che il 53,66% era il voto dato alle promesse che ho fatto, mentre il 49,5% \u00e8 il gradimento dei risultati ottenuti. Ma io dei sondaggi, come si sa, non mi fido\u201d.<\/p>","protected":false},"excerpt":{"rendered":"<p>Luigi De Magistris sindaco di Napoli si \u00e8 aggiudicato la \u201cGovernance poll\u201d seguito da Massimo Zedda (Cagliari), e in terza posizione Vincenzo De Luca (Salerno) a pari merito con Michele Emiliano (Bari) e Flavio Tosi (Verona). Stiamo parlando dei sindaci pi\u00f9 amati d&#8217;Italia, secondo i dati elaborati dall&#8217;Istituto Ipr Marketing, pubblicati per il quotidiano economico [&hellip;]<\/p>\n","protected":false},"author":2,"featured_media":0,"comment_status":"closed","ping_status":"open","sticky":false,"template":"","format":"standard","meta":{"footnotes":""},"categories":[1],"tags":[],"class_list":["post-34201","post","type-post","status-publish","format-standard","category-leo"],"yoast_head":"<!-- This site is optimized with the Yoast SEO plugin v28.4 - https:\/\/yoast.com\/product\/yoast-seo-wordpress\/ -->\n<title>Pagelle ai sindaci del Sole 24 Ore: Antonio Prade ultimo nel Veneto, all&#039;86mo posto. Ma il sindaco pidiellino bellunese non si perde d&#039;animo e trasforma la sconfitta in una vittoria  - Bellunopress - Dolomiti<\/title>\n<meta name=\"robots\" content=\"index, follow, max-snippet:-1, max-image-preview:large, max-video-preview:-1\" \/>\n<link rel=\"canonical\" href=\"https:\/\/www.bellunopress.it\/fr\/2012\/01\/16\/pagelle-ai-sindaci-del-sole-24-ore-antonio-prade-ultimo-nel-veneto-all86mo-posto-ma-il-sindaco-pidiellino-bellunese-non-si-perde-danimo-e-trasforma-la-sconfitta-in-una-vittoria\/\" \/>\n<meta property=\"og:locale\" content=\"fr_FR\" \/>\n<meta property=\"og:type\" content=\"article\" \/>\n<meta property=\"og:title\" content=\"Pagelle ai sindaci del Sole 24 Ore: Antonio Prade ultimo nel Veneto, all&#039;86mo posto. Ma il sindaco pidiellino bellunese non si perde d&#039;animo e trasforma la sconfitta in una vittoria  - Bellunopress - Dolomiti\" \/>\n<meta property=\"og:description\" content=\"Luigi De Magistris sindaco di Napoli si \u00e8 aggiudicato la \u201cGovernance poll\u201d seguito da Massimo Zedda (Cagliari), e in terza posizione Vincenzo De Luca (Salerno) a pari merito con Michele Emiliano (Bari) e Flavio Tosi (Verona). Stiamo parlando dei sindaci pi\u00f9 amati d&#8217;Italia, secondo i dati elaborati dall&#8217;Istituto Ipr Marketing, pubblicati per il quotidiano economico [&hellip;]\" \/>\n<meta property=\"og:url\" content=\"https:\/\/www.bellunopress.it\/fr\/2012\/01\/16\/pagelle-ai-sindaci-del-sole-24-ore-antonio-prade-ultimo-nel-veneto-all86mo-posto-ma-il-sindaco-pidiellino-bellunese-non-si-perde-danimo-e-trasforma-la-sconfitta-in-una-vittoria\/\" \/>\n<meta property=\"og:site_name\" content=\"Bellunopress - Dolomiti\" \/>\n<meta property=\"article:publisher\" content=\"https:\/\/www.facebook.com\/profile.php?id=100008943462799\" \/>\n<meta property=\"article:published_time\" content=\"2012-01-16T20:07:41+00:00\" \/>\n<meta property=\"article:modified_time\" content=\"2012-01-16T20:10:24+00:00\" \/>\n<meta property=\"og:image\" content=\"http:\/\/www.bellunopress.it\/wp-content\/uploads\/2011\/10\/prade-280x240.jpg\" \/>\n<meta name=\"author\" content=\"redazione\" \/>\n<meta name=\"twitter:card\" content=\"summary_large_image\" \/>\n<meta name=\"twitter:creator\" content=\"@bellunopress\" \/>\n<meta name=\"twitter:site\" content=\"@bellunopress\" \/>\n<meta name=\"twitter:label1\" content=\"\u00c9crit par\" \/>\n\t<meta name=\"twitter:data1\" content=\"redazione\" \/>\n\t<meta name=\"twitter:label2\" content=\"Dur\u00e9e de lecture estim\u00e9e\" \/>\n\t<meta name=\"twitter:data2\" content=\"1 minute\" \/>\n<script type=\"application\/ld+json\" class=\"yoast-schema-graph\">{\"@context\":\"https:\\\/\\\/schema.org\",\"@graph\":[{\"@type\":\"Article\",\"@id\":\"https:\\\/\\\/www.bellunopress.it\\\/2012\\\/01\\\/16\\\/pagelle-ai-sindaci-del-sole-24-ore-antonio-prade-ultimo-nel-veneto-all86mo-posto-ma-il-sindaco-pidiellino-bellunese-non-si-perde-danimo-e-trasforma-la-sconfitta-in-una-vittoria\\\/#article\",\"isPartOf\":{\"@id\":\"https:\\\/\\\/www.bellunopress.it\\\/2012\\\/01\\\/16\\\/pagelle-ai-sindaci-del-sole-24-ore-antonio-prade-ultimo-nel-veneto-all86mo-posto-ma-il-sindaco-pidiellino-bellunese-non-si-perde-danimo-e-trasforma-la-sconfitta-in-una-vittoria\\\/\"},\"author\":{\"name\":\"redazione\",\"@id\":\"https:\\\/\\\/www.bellunopress.it\\\/#\\\/schema\\\/person\\\/79bb06722b37ece1c03d3e94beb30d73\"},\"headline\":\"Pagelle ai sindaci del Sole 24 Ore: Antonio Prade ultimo nel Veneto, all&#8217;86mo posto. Ma il sindaco pidiellino bellunese non si perde d&#8217;animo e trasforma la sconfitta in una vittoria\",\"datePublished\":\"2012-01-16T20:07:41+00:00\",\"dateModified\":\"2012-01-16T20:10:24+00:00\",\"mainEntityOfPage\":{\"@id\":\"https:\\\/\\\/www.bellunopress.it\\\/2012\\\/01\\\/16\\\/pagelle-ai-sindaci-del-sole-24-ore-antonio-prade-ultimo-nel-veneto-all86mo-posto-ma-il-sindaco-pidiellino-bellunese-non-si-perde-danimo-e-trasforma-la-sconfitta-in-una-vittoria\\\/\"},\"wordCount\":246,\"publisher\":{\"@id\":\"https:\\\/\\\/www.bellunopress.it\\\/#organization\"},\"image\":{\"@id\":\"https:\\\/\\\/www.bellunopress.it\\\/2012\\\/01\\\/16\\\/pagelle-ai-sindaci-del-sole-24-ore-antonio-prade-ultimo-nel-veneto-all86mo-posto-ma-il-sindaco-pidiellino-bellunese-non-si-perde-danimo-e-trasforma-la-sconfitta-in-una-vittoria\\\/#primaryimage\"},\"thumbnailUrl\":\"http:\\\/\\\/www.bellunopress.it\\\/wp-content\\\/uploads\\\/2011\\\/10\\\/prade-280x240.jpg\",\"articleSection\":[\"Lettere Opinioni\"],\"inLanguage\":\"fr-FR\"},{\"@type\":\"WebPage\",\"@id\":\"https:\\\/\\\/www.bellunopress.it\\\/2012\\\/01\\\/16\\\/pagelle-ai-sindaci-del-sole-24-ore-antonio-prade-ultimo-nel-veneto-all86mo-posto-ma-il-sindaco-pidiellino-bellunese-non-si-perde-danimo-e-trasforma-la-sconfitta-in-una-vittoria\\\/\",\"url\":\"https:\\\/\\\/www.bellunopress.it\\\/2012\\\/01\\\/16\\\/pagelle-ai-sindaci-del-sole-24-ore-antonio-prade-ultimo-nel-veneto-all86mo-posto-ma-il-sindaco-pidiellino-bellunese-non-si-perde-danimo-e-trasforma-la-sconfitta-in-una-vittoria\\\/\",\"name\":\"Pagelle ai sindaci del Sole 24 Ore: Antonio Prade ultimo nel Veneto, all'86mo posto. Ma il sindaco pidiellino bellunese non si perde d'animo e trasforma la sconfitta in una vittoria - Bellunopress - Dolomiti\",\"isPartOf\":{\"@id\":\"https:\\\/\\\/www.bellunopress.it\\\/#website\"},\"primaryImageOfPage\":{\"@id\":\"https:\\\/\\\/www.bellunopress.it\\\/2012\\\/01\\\/16\\\/pagelle-ai-sindaci-del-sole-24-ore-antonio-prade-ultimo-nel-veneto-all86mo-posto-ma-il-sindaco-pidiellino-bellunese-non-si-perde-danimo-e-trasforma-la-sconfitta-in-una-vittoria\\\/#primaryimage\"},\"image\":{\"@id\":\"https:\\\/\\\/www.bellunopress.it\\\/2012\\\/01\\\/16\\\/pagelle-ai-sindaci-del-sole-24-ore-antonio-prade-ultimo-nel-veneto-all86mo-posto-ma-il-sindaco-pidiellino-bellunese-non-si-perde-danimo-e-trasforma-la-sconfitta-in-una-vittoria\\\/#primaryimage\"},\"thumbnailUrl\":\"http:\\\/\\\/www.bellunopress.it\\\/wp-content\\\/uploads\\\/2011\\\/10\\\/prade-280x240.jpg\",\"datePublished\":\"2012-01-16T20:07:41+00:00\",\"dateModified\":\"2012-01-16T20:10:24+00:00\",\"breadcrumb\":{\"@id\":\"https:\\\/\\\/www.bellunopress.it\\\/2012\\\/01\\\/16\\\/pagelle-ai-sindaci-del-sole-24-ore-antonio-prade-ultimo-nel-veneto-all86mo-posto-ma-il-sindaco-pidiellino-bellunese-non-si-perde-danimo-e-trasforma-la-sconfitta-in-una-vittoria\\\/#breadcrumb\"},\"inLanguage\":\"fr-FR\",\"potentialAction\":[{\"@type\":\"ReadAction\",\"target\":[\"https:\\\/\\\/www.bellunopress.it\\\/2012\\\/01\\\/16\\\/pagelle-ai-sindaci-del-sole-24-ore-antonio-prade-ultimo-nel-veneto-all86mo-posto-ma-il-sindaco-pidiellino-bellunese-non-si-perde-danimo-e-trasforma-la-sconfitta-in-una-vittoria\\\/\"]}]},{\"@type\":\"ImageObject\",\"inLanguage\":\"fr-FR\",\"@id\":\"https:\\\/\\\/www.bellunopress.it\\\/2012\\\/01\\\/16\\\/pagelle-ai-sindaci-del-sole-24-ore-antonio-prade-ultimo-nel-veneto-all86mo-posto-ma-il-sindaco-pidiellino-bellunese-non-si-perde-danimo-e-trasforma-la-sconfitta-in-una-vittoria\\\/#primaryimage\",\"url\":\"http:\\\/\\\/www.bellunopress.it\\\/wp-content\\\/uploads\\\/2011\\\/10\\\/prade-280x240.jpg\",\"contentUrl\":\"http:\\\/\\\/www.bellunopress.it\\\/wp-content\\\/uploads\\\/2011\\\/10\\\/prade-280x240.jpg\"},{\"@type\":\"BreadcrumbList\",\"@id\":\"https:\\\/\\\/www.bellunopress.it\\\/2012\\\/01\\\/16\\\/pagelle-ai-sindaci-del-sole-24-ore-antonio-prade-ultimo-nel-veneto-all86mo-posto-ma-il-sindaco-pidiellino-bellunese-non-si-perde-danimo-e-trasforma-la-sconfitta-in-una-vittoria\\\/#breadcrumb\",\"itemListElement\":[{\"@type\":\"ListItem\",\"position\":1,\"name\":\"Home\",\"item\":\"https:\\\/\\\/www.bellunopress.it\\\/\"},{\"@type\":\"ListItem\",\"position\":2,\"name\":\"Pagelle ai sindaci del Sole 24 Ore: Antonio Prade ultimo nel Veneto, all&#8217;86mo posto. Ma il sindaco pidiellino bellunese non si perde d&#8217;animo e trasforma la sconfitta in una vittoria\"}]},{\"@type\":\"WebSite\",\"@id\":\"https:\\\/\\\/www.bellunopress.it\\\/#website\",\"url\":\"https:\\\/\\\/www.bellunopress.it\\\/\",\"name\":\"Bellunopress - Dolomiti\",\"description\":\"e-mail: redazione@bellunopress.it\",\"publisher\":{\"@id\":\"https:\\\/\\\/www.bellunopress.it\\\/#organization\"},\"potentialAction\":[{\"@type\":\"SearchAction\",\"target\":{\"@type\":\"EntryPoint\",\"urlTemplate\":\"https:\\\/\\\/www.bellunopress.it\\\/?s={search_term_string}\"},\"query-input\":{\"@type\":\"PropertyValueSpecification\",\"valueRequired\":true,\"valueName\":\"search_term_string\"}}],\"inLanguage\":\"fr-FR\"},{\"@type\":\"Organization\",\"@id\":\"https:\\\/\\\/www.bellunopress.it\\\/#organization\",\"name\":\"Bellunopress\",\"url\":\"https:\\\/\\\/www.bellunopress.it\\\/\",\"logo\":{\"@type\":\"ImageObject\",\"inLanguage\":\"fr-FR\",\"@id\":\"https:\\\/\\\/www.bellunopress.it\\\/#\\\/schema\\\/logo\\\/image\\\/\",\"url\":\"https:\\\/\\\/www.bellunopress.it\\\/wp-content\\\/uploads\\\/2011\\\/05\\\/cropped-logo-bellunopress-.jpg\",\"contentUrl\":\"https:\\\/\\\/www.bellunopress.it\\\/wp-content\\\/uploads\\\/2011\\\/05\\\/cropped-logo-bellunopress-.jpg\",\"width\":512,\"height\":512,\"caption\":\"Bellunopress\"},\"image\":{\"@id\":\"https:\\\/\\\/www.bellunopress.it\\\/#\\\/schema\\\/logo\\\/image\\\/\"},\"sameAs\":[\"https:\\\/\\\/www.facebook.com\\\/profile.php?id=100008943462799\",\"https:\\\/\\\/x.com\\\/bellunopress\",\"https:\\\/\\\/www.linkedin.com\\\/hp\\\/?dnr=JBzUWaJfMUw8vbXJJ2tVW5-I3jZKvC4wsoxE&amp;amp;amp;amp;amp;amp;trk=nav_responsive_tab_home\",\"https:\\\/\\\/www.youtube.com\\\/channel\\\/UCxL0wu1uN0_3_7hGG0306cw\"]},{\"@type\":\"Person\",\"@id\":\"https:\\\/\\\/www.bellunopress.it\\\/#\\\/schema\\\/person\\\/79bb06722b37ece1c03d3e94beb30d73\",\"name\":\"redazione\",\"image\":{\"@type\":\"ImageObject\",\"inLanguage\":\"fr-FR\",\"@id\":\"https:\\\/\\\/secure.gravatar.com\\\/avatar\\\/37d968a2e67a6fd04c169c4bdef102d0bc5d31b2546345219e348575eb80e9a0?s=96&d=mm&r=g\",\"url\":\"https:\\\/\\\/secure.gravatar.com\\\/avatar\\\/37d968a2e67a6fd04c169c4bdef102d0bc5d31b2546345219e348575eb80e9a0?s=96&d=mm&r=g\",\"contentUrl\":\"https:\\\/\\\/secure.gravatar.com\\\/avatar\\\/37d968a2e67a6fd04c169c4bdef102d0bc5d31b2546345219e348575eb80e9a0?s=96&d=mm&r=g\",\"caption\":\"redazione\"},\"sameAs\":[\"http:\\\/\\\/www.bellunopress.it\",\"https:\\\/\\\/x.com\\\/bellunopress\"],\"url\":\"https:\\\/\\\/www.bellunopress.it\\\/fr\\\/author\\\/redazione\\\/\"}]}<\/script>\n<!-- \/ Yoast SEO plugin. -->","yoast_head_json":{"title":"Pagelle ai sindaci del Sole 24 Ore: Antonio Prade ultimo nel Veneto, all'86mo posto. Ma il sindaco pidiellino bellunese non si perde d'animo e trasforma la sconfitta in una vittoria  - Bellunopress - Dolomiti","robots":{"index":"index","follow":"follow","max-snippet":"max-snippet:-1","max-image-preview":"max-image-preview:large","max-video-preview":"max-video-preview:-1"},"canonical":"https:\/\/www.bellunopress.it\/fr\/2012\/01\/16\/pagelle-ai-sindaci-del-sole-24-ore-antonio-prade-ultimo-nel-veneto-all86mo-posto-ma-il-sindaco-pidiellino-bellunese-non-si-perde-danimo-e-trasforma-la-sconfitta-in-una-vittoria\/","og_locale":"fr_FR","og_type":"article","og_title":"Pagelle ai sindaci del Sole 24 Ore: Antonio Prade ultimo nel Veneto, all'86mo posto. Ma il sindaco pidiellino bellunese non si perde d'animo e trasforma la sconfitta in una vittoria  - Bellunopress - Dolomiti","og_description":"Luigi De Magistris sindaco di Napoli si \u00e8 aggiudicato la \u201cGovernance poll\u201d seguito da Massimo Zedda (Cagliari), e in terza posizione Vincenzo De Luca (Salerno) a pari merito con Michele Emiliano (Bari) e Flavio Tosi (Verona). Stiamo parlando dei sindaci pi\u00f9 amati d&#8217;Italia, secondo i dati elaborati dall&#8217;Istituto Ipr Marketing, pubblicati per il quotidiano economico [&hellip;]","og_url":"https:\/\/www.bellunopress.it\/fr\/2012\/01\/16\/pagelle-ai-sindaci-del-sole-24-ore-antonio-prade-ultimo-nel-veneto-all86mo-posto-ma-il-sindaco-pidiellino-bellunese-non-si-perde-danimo-e-trasforma-la-sconfitta-in-una-vittoria\/","og_site_name":"Bellunopress - Dolomiti","article_publisher":"https:\/\/www.facebook.com\/profile.php?id=100008943462799","article_published_time":"2012-01-16T20:07:41+00:00","article_modified_time":"2012-01-16T20:10:24+00:00","og_image":[{"url":"http:\/\/www.bellunopress.it\/wp-content\/uploads\/2011\/10\/prade-280x240.jpg","type":"","width":"","height":""}],"author":"redazione","twitter_card":"summary_large_image","twitter_creator":"@bellunopress","twitter_site":"@bellunopress","twitter_misc":{"\u00c9crit par":"redazione","Dur\u00e9e de lecture estim\u00e9e":"1 minute"},"schema":{"@context":"https:\/\/schema.org","@graph":[{"@type":"Article","@id":"https:\/\/www.bellunopress.it\/2012\/01\/16\/pagelle-ai-sindaci-del-sole-24-ore-antonio-prade-ultimo-nel-veneto-all86mo-posto-ma-il-sindaco-pidiellino-bellunese-non-si-perde-danimo-e-trasforma-la-sconfitta-in-una-vittoria\/#article","isPartOf":{"@id":"https:\/\/www.bellunopress.it\/2012\/01\/16\/pagelle-ai-sindaci-del-sole-24-ore-antonio-prade-ultimo-nel-veneto-all86mo-posto-ma-il-sindaco-pidiellino-bellunese-non-si-perde-danimo-e-trasforma-la-sconfitta-in-una-vittoria\/"},"author":{"name":"redazione","@id":"https:\/\/www.bellunopress.it\/#\/schema\/person\/79bb06722b37ece1c03d3e94beb30d73"},"headline":"Pagelle ai sindaci del Sole 24 Ore: Antonio Prade ultimo nel Veneto, all&#8217;86mo posto. Ma il sindaco pidiellino bellunese non si perde d&#8217;animo e trasforma la sconfitta in una vittoria","datePublished":"2012-01-16T20:07:41+00:00","dateModified":"2012-01-16T20:10:24+00:00","mainEntityOfPage":{"@id":"https:\/\/www.bellunopress.it\/2012\/01\/16\/pagelle-ai-sindaci-del-sole-24-ore-antonio-prade-ultimo-nel-veneto-all86mo-posto-ma-il-sindaco-pidiellino-bellunese-non-si-perde-danimo-e-trasforma-la-sconfitta-in-una-vittoria\/"},"wordCount":246,"publisher":{"@id":"https:\/\/www.bellunopress.it\/#organization"},"image":{"@id":"https:\/\/www.bellunopress.it\/2012\/01\/16\/pagelle-ai-sindaci-del-sole-24-ore-antonio-prade-ultimo-nel-veneto-all86mo-posto-ma-il-sindaco-pidiellino-bellunese-non-si-perde-danimo-e-trasforma-la-sconfitta-in-una-vittoria\/#primaryimage"},"thumbnailUrl":"http:\/\/www.bellunopress.it\/wp-content\/uploads\/2011\/10\/prade-280x240.jpg","articleSection":["Lettere Opinioni"],"inLanguage":"fr-FR"},{"@type":"WebPage","@id":"https:\/\/www.bellunopress.it\/2012\/01\/16\/pagelle-ai-sindaci-del-sole-24-ore-antonio-prade-ultimo-nel-veneto-all86mo-posto-ma-il-sindaco-pidiellino-bellunese-non-si-perde-danimo-e-trasforma-la-sconfitta-in-una-vittoria\/","url":"https:\/\/www.bellunopress.it\/2012\/01\/16\/pagelle-ai-sindaci-del-sole-24-ore-antonio-prade-ultimo-nel-veneto-all86mo-posto-ma-il-sindaco-pidiellino-bellunese-non-si-perde-danimo-e-trasforma-la-sconfitta-in-una-vittoria\/","name":"Pagelle ai sindaci del Sole 24 Ore: Antonio Prade ultimo nel Veneto, all'86mo posto. Ma il sindaco pidiellino bellunese non si perde d'animo e trasforma la sconfitta in una vittoria - Bellunopress - Dolomiti","isPartOf":{"@id":"https:\/\/www.bellunopress.it\/#website"},"primaryImageOfPage":{"@id":"https:\/\/www.bellunopress.it\/2012\/01\/16\/pagelle-ai-sindaci-del-sole-24-ore-antonio-prade-ultimo-nel-veneto-all86mo-posto-ma-il-sindaco-pidiellino-bellunese-non-si-perde-danimo-e-trasforma-la-sconfitta-in-una-vittoria\/#primaryimage"},"image":{"@id":"https:\/\/www.bellunopress.it\/2012\/01\/16\/pagelle-ai-sindaci-del-sole-24-ore-antonio-prade-ultimo-nel-veneto-all86mo-posto-ma-il-sindaco-pidiellino-bellunese-non-si-perde-danimo-e-trasforma-la-sconfitta-in-una-vittoria\/#primaryimage"},"thumbnailUrl":"http:\/\/www.bellunopress.it\/wp-content\/uploads\/2011\/10\/prade-280x240.jpg","datePublished":"2012-01-16T20:07:41+00:00","dateModified":"2012-01-16T20:10:24+00:00","breadcrumb":{"@id":"https:\/\/www.bellunopress.it\/2012\/01\/16\/pagelle-ai-sindaci-del-sole-24-ore-antonio-prade-ultimo-nel-veneto-all86mo-posto-ma-il-sindaco-pidiellino-bellunese-non-si-perde-danimo-e-trasforma-la-sconfitta-in-una-vittoria\/#breadcrumb"},"inLanguage":"fr-FR","potentialAction":[{"@type":"ReadAction","target":["https:\/\/www.bellunopress.it\/2012\/01\/16\/pagelle-ai-sindaci-del-sole-24-ore-antonio-prade-ultimo-nel-veneto-all86mo-posto-ma-il-sindaco-pidiellino-bellunese-non-si-perde-danimo-e-trasforma-la-sconfitta-in-una-vittoria\/"]}]},{"@type":"ImageObject","inLanguage":"fr-FR","@id":"https:\/\/www.bellunopress.it\/2012\/01\/16\/pagelle-ai-sindaci-del-sole-24-ore-antonio-prade-ultimo-nel-veneto-all86mo-posto-ma-il-sindaco-pidiellino-bellunese-non-si-perde-danimo-e-trasforma-la-sconfitta-in-una-vittoria\/#primaryimage","url":"http:\/\/www.bellunopress.it\/wp-content\/uploads\/2011\/10\/prade-280x240.jpg","contentUrl":"http:\/\/www.bellunopress.it\/wp-content\/uploads\/2011\/10\/prade-280x240.jpg"},{"@type":"BreadcrumbList","@id":"https:\/\/www.bellunopress.it\/2012\/01\/16\/pagelle-ai-sindaci-del-sole-24-ore-antonio-prade-ultimo-nel-veneto-all86mo-posto-ma-il-sindaco-pidiellino-bellunese-non-si-perde-danimo-e-trasforma-la-sconfitta-in-una-vittoria\/#breadcrumb","itemListElement":[{"@type":"ListItem","position":1,"name":"Home","item":"https:\/\/www.bellunopress.it\/"},{"@type":"ListItem","position":2,"name":"Pagelle ai sindaci del Sole 24 Ore: Antonio Prade ultimo nel Veneto, all&#8217;86mo posto. Ma il sindaco pidiellino bellunese non si perde d&#8217;animo e trasforma la sconfitta in una vittoria"}]},{"@type":"WebSite","@id":"https:\/\/www.bellunopress.it\/#website","url":"https:\/\/www.bellunopress.it\/","name":"Bellunopress - Dolomiti","description":"e-mail: redazione@bellunopress.it","publisher":{"@id":"https:\/\/www.bellunopress.it\/#organization"},"potentialAction":[{"@type":"SearchAction","target":{"@type":"EntryPoint","urlTemplate":"https:\/\/www.bellunopress.it\/?s={search_term_string}"},"query-input":{"@type":"PropertyValueSpecification","valueRequired":true,"valueName":"search_term_string"}}],"inLanguage":"fr-FR"},{"@type":"Organization","@id":"https:\/\/www.bellunopress.it\/#organization","name":"Bellunopress","url":"https:\/\/www.bellunopress.it\/","logo":{"@type":"ImageObject","inLanguage":"fr-FR","@id":"https:\/\/www.bellunopress.it\/#\/schema\/logo\/image\/","url":"https:\/\/www.bellunopress.it\/wp-content\/uploads\/2011\/05\/cropped-logo-bellunopress-.jpg","contentUrl":"https:\/\/www.bellunopress.it\/wp-content\/uploads\/2011\/05\/cropped-logo-bellunopress-.jpg","width":512,"height":512,"caption":"Bellunopress"},"image":{"@id":"https:\/\/www.bellunopress.it\/#\/schema\/logo\/image\/"},"sameAs":["https:\/\/www.facebook.com\/profile.php?id=100008943462799","https:\/\/x.com\/bellunopress","https:\/\/www.linkedin.com\/hp\/?dnr=JBzUWaJfMUw8vbXJJ2tVW5-I3jZKvC4wsoxE&amp;amp;amp;amp;amp;amp;trk=nav_responsive_tab_home","https:\/\/www.youtube.com\/channel\/UCxL0wu1uN0_3_7hGG0306cw"]},{"@type":"Person","@id":"https:\/\/www.bellunopress.it\/#\/schema\/person\/79bb06722b37ece1c03d3e94beb30d73","name":"r\u00e9daction","image":{"@type":"ImageObject","inLanguage":"fr-FR","@id":"https:\/\/secure.gravatar.com\/avatar\/37d968a2e67a6fd04c169c4bdef102d0bc5d31b2546345219e348575eb80e9a0?s=96&d=mm&r=g","url":"https:\/\/secure.gravatar.com\/avatar\/37d968a2e67a6fd04c169c4bdef102d0bc5d31b2546345219e348575eb80e9a0?s=96&d=mm&r=g","contentUrl":"https:\/\/secure.gravatar.com\/avatar\/37d968a2e67a6fd04c169c4bdef102d0bc5d31b2546345219e348575eb80e9a0?s=96&d=mm&r=g","caption":"redazione"},"sameAs":["http:\/\/www.bellunopress.it","https:\/\/x.com\/bellunopress"],"url":"https:\/\/www.bellunopress.it\/fr\/author\/redazione\/"}]}},"_links":{"self":[{"href":"https:\/\/www.bellunopress.it\/fr\/wp-json\/wp\/v2\/posts\/34201","targetHints":{"allow":["GET"]}}],"collection":[{"href":"https:\/\/www.bellunopress.it\/fr\/wp-json\/wp\/v2\/posts"}],"about":[{"href":"https:\/\/www.bellunopress.it\/fr\/wp-json\/wp\/v2\/types\/post"}],"author":[{"embeddable":true,"href":"https:\/\/www.bellunopress.it\/fr\/wp-json\/wp\/v2\/users\/2"}],"replies":[{"embeddable":true,"href":"https:\/\/www.bellunopress.it\/fr\/wp-json\/wp\/v2\/comments?post=34201"}],"version-history":[{"count":2,"href":"https:\/\/www.bellunopress.it\/fr\/wp-json\/wp\/v2\/posts\/34201\/revisions"}],"predecessor-version":[{"id":34203,"href":"https:\/\/www.bellunopress.it\/fr\/wp-json\/wp\/v2\/posts\/34201\/revisions\/34203"}],"wp:attachment":[{"href":"https:\/\/www.bellunopress.it\/fr\/wp-json\/wp\/v2\/media?parent=34201"}],"wp:term":[{"taxonomy":"category","embeddable":true,"href":"https:\/\/www.bellunopress.it\/fr\/wp-json\/wp\/v2\/categories?post=34201"},{"taxonomy":"post_tag","embeddable":true,"href":"https:\/\/www.bellunopress.it\/fr\/wp-json\/wp\/v2\/tags?post=34201"}],"curies":[{"name":"wp","href":"https:\/\/api.w.org\/{rel}","templated":true}]}}