{"id":34199,"date":"2012-01-16T18:43:31","date_gmt":"2012-01-16T17:43:31","guid":{"rendered":"http:\/\/www.bellunopress.it\/?p=34199"},"modified":"2012-01-16T18:43:31","modified_gmt":"2012-01-16T17:43:31","slug":"la-cisl-lancia-una-piattaforma-di-dialogo-orsini-creare-obiettivi-comuni-che-diano-dignita-e-centralita-alla-persona","status":"publish","type":"post","link":"https:\/\/www.bellunopress.it\/fr\/2012\/01\/16\/la-cisl-lancia-una-piattaforma-di-dialogo-orsini-creare-obiettivi-comuni-che-diano-dignita-e-centralita-alla-persona\/","title":{"rendered":"La Cisl lancia una piattaforma di dialogo. Orsini: &#8220;creare obiettivi comuni che diano dignit\u00e0 e centralit\u00e0 alla persona&#8221;"},"content":{"rendered":"<figure id=\"attachment_33436\" aria-describedby=\"caption-attachment-33436\" style=\"width: 145px\" class=\"wp-caption alignleft\"><a href=\"http:\/\/www.bellunopress.it\/wp-content\/uploads\/2011\/12\/anna-orsini-cisl.jpg\"><img loading=\"lazy\" decoding=\"async\" class=\"size-full wp-image-33436\" title=\"anna orsini cisl\" src=\"http:\/\/www.bellunopress.it\/wp-content\/uploads\/2011\/12\/anna-orsini-cisl.jpg\" alt=\"\" width=\"145\" height=\"145\" \/><\/a><figcaption id=\"caption-attachment-33436\" class=\"wp-caption-text\">Anna Orsini<\/figcaption><\/figure>\n<p>Le priorit\u00e0 per il territorio passano attraverso le alleanze tra soggetti istituzionali. Questo il tema\u00a0 trattato da pi\u00f9 interlocutori, in primis il segretario generale Cisl Veneto, Franca Porto, nel Convegno \u201cAl lavoro dentro la crisi: priorit\u00e0 e alleanze per il territorio \u201c organizzato dalla Cisl di Belluno. Che ha visto venerd\u00ec scorso al ristorante Nogherazza di Belluno come moderatrice Anna Orsini, segretario provinciale della Cisl, con interlocutori Gian Domenico Cappelaro, presidente Confindustria di Belluno, Luigi Curto, presidente Uapi di Belluno, Giovanni Piccoli, sindaco di Sedico e Irma Visalli, esperta di Pianificazione territoriale. Il dibattito ha avuto come tematiche l\u2019analisi, l\u2019approfondimento e le possibili vie d\u2019uscita relative al delicato contesto storico economico che sta vivendo la nostra Provincia.\u201cRispetto al profondo processo di cambiamento che il paese sta vivendo &#8211; ha detto Anna Orsini, segretario Provinciale Cisl &#8211; \u00e8 necessaria un\u2019attenta analisi delle concause ed una dichiarazione di intenti che deve provenire soprattutto tra quelle forze che sono sorgente di aggregazione istituzionale, politica e sociale, al fine di creare obbiettivi comuni che diano dignit\u00e0 e centralit\u00e0 alla persona, tenendo conto delle grandi potenzialit\u00e0 che il nostro territorio ha sempre dimostrato\u201d. In questo contesto l\u2019architettura istituzionale e le dinamiche di governance vanno rivisitate nelle modalit\u00e0 e nei comportamenti, alla luce anche di opportunit\u00e0 quali il Fondo Brancher,che richiede una progettualit\u00e0 territoriale pi\u00f9 coesa\u00a0 sollecitando ad una riorganizzazione del tessuto sociale ed economico per rendere pi\u00f9 competitivo il nostro territorio. \u201cIl territorio bellunese &#8211; ha dichiarato Giovanni Piccoli, sindaco di Sedico e Presidente del Consorzio Comuni Bim Piave &#8211; ha risorse enormi nel campo dell\u2019idroelettrico e della biomassa che utilizzate con equilibrio devono ricadere, in forma di progetti e di benefici, nella nostra Provincia. Ecco quindi che la sinergia tra soggetti istituzionali diviene obbiettivo primario per avere pi\u00f9 voce in capitolo presso i livelli superiori di governo\u201d. Le tematiche discusse hanno trovato conferma anche nelle dichiarazioni di Paolo Doglioni, presidente della Camera di Commercio di Belluno, che conferma la necessit\u00e0 di un tavolo di lavoro che contempli le associazioni di categoria ed enti per dare voce unica alla nostra provincia.<\/p>","protected":false},"excerpt":{"rendered":"<p>Le priorit\u00e0 per il territorio passano attraverso le alleanze tra soggetti istituzionali. Questo il tema\u00a0 trattato da pi\u00f9 interlocutori, in primis il segretario generale Cisl Veneto, Franca Porto, nel Convegno \u201cAl lavoro dentro la crisi: priorit\u00e0 e alleanze per il territorio \u201c organizzato dalla Cisl di Belluno. Che ha visto venerd\u00ec scorso al ristorante Nogherazza [&hellip;]<\/p>\n","protected":false},"author":2,"featured_media":0,"comment_status":"closed","ping_status":"open","sticky":false,"template":"","format":"standard","meta":{"footnotes":""},"categories":[36,26],"tags":[],"class_list":["post-34199","post","type-post","status-publish","format-standard","category-lavoro-economia","category-prima-pagina"],"yoast_head":"<!-- This site is optimized with the Yoast SEO plugin v28.4 - https:\/\/yoast.com\/product\/yoast-seo-wordpress\/ -->\n<title>La Cisl lancia una piattaforma di dialogo. Orsini: &quot;creare obiettivi comuni che diano dignit\u00e0 e centralit\u00e0 alla persona&quot; - Bellunopress - Dolomiti<\/title>\n<meta name=\"robots\" content=\"index, follow, max-snippet:-1, max-image-preview:large, max-video-preview:-1\" \/>\n<link rel=\"canonical\" href=\"https:\/\/www.bellunopress.it\/fr\/2012\/01\/16\/la-cisl-lancia-una-piattaforma-di-dialogo-orsini-creare-obiettivi-comuni-che-diano-dignita-e-centralita-alla-persona\/\" \/>\n<meta property=\"og:locale\" content=\"fr_FR\" \/>\n<meta property=\"og:type\" content=\"article\" \/>\n<meta property=\"og:title\" content=\"La Cisl lancia una piattaforma di dialogo. Orsini: &quot;creare obiettivi comuni che diano dignit\u00e0 e centralit\u00e0 alla persona&quot; - Bellunopress - Dolomiti\" \/>\n<meta property=\"og:description\" content=\"Le priorit\u00e0 per il territorio passano attraverso le alleanze tra soggetti istituzionali. Questo il tema\u00a0 trattato da pi\u00f9 interlocutori, in primis il segretario generale Cisl Veneto, Franca Porto, nel Convegno \u201cAl lavoro dentro la crisi: priorit\u00e0 e alleanze per il territorio \u201c organizzato dalla Cisl di Belluno. Che ha visto venerd\u00ec scorso al ristorante Nogherazza [&hellip;]\" \/>\n<meta property=\"og:url\" content=\"https:\/\/www.bellunopress.it\/fr\/2012\/01\/16\/la-cisl-lancia-una-piattaforma-di-dialogo-orsini-creare-obiettivi-comuni-che-diano-dignita-e-centralita-alla-persona\/\" \/>\n<meta property=\"og:site_name\" content=\"Bellunopress - Dolomiti\" \/>\n<meta property=\"article:publisher\" content=\"https:\/\/www.facebook.com\/profile.php?id=100008943462799\" \/>\n<meta property=\"article:published_time\" content=\"2012-01-16T17:43:31+00:00\" \/>\n<meta property=\"og:image\" content=\"http:\/\/www.bellunopress.it\/wp-content\/uploads\/2011\/12\/anna-orsini-cisl.jpg\" \/>\n<meta name=\"author\" content=\"redazione\" \/>\n<meta name=\"twitter:card\" content=\"summary_large_image\" \/>\n<meta name=\"twitter:creator\" content=\"@bellunopress\" \/>\n<meta name=\"twitter:site\" content=\"@bellunopress\" \/>\n<meta name=\"twitter:label1\" content=\"Written by\" \/>\n\t<meta name=\"twitter:data1\" content=\"redazione\" \/>\n\t<meta name=\"twitter:label2\" content=\"Est. reading time\" \/>\n\t<meta name=\"twitter:data2\" content=\"2 minutes\" \/>\n<script type=\"application\/ld+json\" class=\"yoast-schema-graph\">{\"@context\":\"https:\\\/\\\/schema.org\",\"@graph\":[{\"@type\":\"Article\",\"@id\":\"https:\\\/\\\/www.bellunopress.it\\\/2012\\\/01\\\/16\\\/la-cisl-lancia-una-piattaforma-di-dialogo-orsini-creare-obiettivi-comuni-che-diano-dignita-e-centralita-alla-persona\\\/#article\",\"isPartOf\":{\"@id\":\"https:\\\/\\\/www.bellunopress.it\\\/2012\\\/01\\\/16\\\/la-cisl-lancia-una-piattaforma-di-dialogo-orsini-creare-obiettivi-comuni-che-diano-dignita-e-centralita-alla-persona\\\/\"},\"author\":{\"name\":\"redazione\",\"@id\":\"https:\\\/\\\/www.bellunopress.it\\\/#\\\/schema\\\/person\\\/79bb06722b37ece1c03d3e94beb30d73\"},\"headline\":\"La Cisl lancia una piattaforma di dialogo. Orsini: &#8220;creare obiettivi comuni che diano dignit\u00e0 e centralit\u00e0 alla persona&#8221;\",\"datePublished\":\"2012-01-16T17:43:31+00:00\",\"mainEntityOfPage\":{\"@id\":\"https:\\\/\\\/www.bellunopress.it\\\/2012\\\/01\\\/16\\\/la-cisl-lancia-una-piattaforma-di-dialogo-orsini-creare-obiettivi-comuni-che-diano-dignita-e-centralita-alla-persona\\\/\"},\"wordCount\":380,\"publisher\":{\"@id\":\"https:\\\/\\\/www.bellunopress.it\\\/#organization\"},\"image\":{\"@id\":\"https:\\\/\\\/www.bellunopress.it\\\/2012\\\/01\\\/16\\\/la-cisl-lancia-una-piattaforma-di-dialogo-orsini-creare-obiettivi-comuni-che-diano-dignita-e-centralita-alla-persona\\\/#primaryimage\"},\"thumbnailUrl\":\"http:\\\/\\\/www.bellunopress.it\\\/wp-content\\\/uploads\\\/2011\\\/12\\\/anna-orsini-cisl.jpg\",\"articleSection\":[\"Lavoro, Economia, Turismo\",\"Prima Pagina\"],\"inLanguage\":\"fr-FR\"},{\"@type\":\"WebPage\",\"@id\":\"https:\\\/\\\/www.bellunopress.it\\\/2012\\\/01\\\/16\\\/la-cisl-lancia-una-piattaforma-di-dialogo-orsini-creare-obiettivi-comuni-che-diano-dignita-e-centralita-alla-persona\\\/\",\"url\":\"https:\\\/\\\/www.bellunopress.it\\\/2012\\\/01\\\/16\\\/la-cisl-lancia-una-piattaforma-di-dialogo-orsini-creare-obiettivi-comuni-che-diano-dignita-e-centralita-alla-persona\\\/\",\"name\":\"La Cisl lancia una piattaforma di dialogo. Orsini: \\\"creare obiettivi comuni che diano dignit\u00e0 e centralit\u00e0 alla persona\\\" - Bellunopress - Dolomiti\",\"isPartOf\":{\"@id\":\"https:\\\/\\\/www.bellunopress.it\\\/#website\"},\"primaryImageOfPage\":{\"@id\":\"https:\\\/\\\/www.bellunopress.it\\\/2012\\\/01\\\/16\\\/la-cisl-lancia-una-piattaforma-di-dialogo-orsini-creare-obiettivi-comuni-che-diano-dignita-e-centralita-alla-persona\\\/#primaryimage\"},\"image\":{\"@id\":\"https:\\\/\\\/www.bellunopress.it\\\/2012\\\/01\\\/16\\\/la-cisl-lancia-una-piattaforma-di-dialogo-orsini-creare-obiettivi-comuni-che-diano-dignita-e-centralita-alla-persona\\\/#primaryimage\"},\"thumbnailUrl\":\"http:\\\/\\\/www.bellunopress.it\\\/wp-content\\\/uploads\\\/2011\\\/12\\\/anna-orsini-cisl.jpg\",\"datePublished\":\"2012-01-16T17:43:31+00:00\",\"breadcrumb\":{\"@id\":\"https:\\\/\\\/www.bellunopress.it\\\/2012\\\/01\\\/16\\\/la-cisl-lancia-una-piattaforma-di-dialogo-orsini-creare-obiettivi-comuni-che-diano-dignita-e-centralita-alla-persona\\\/#breadcrumb\"},\"inLanguage\":\"fr-FR\",\"potentialAction\":[{\"@type\":\"ReadAction\",\"target\":[\"https:\\\/\\\/www.bellunopress.it\\\/2012\\\/01\\\/16\\\/la-cisl-lancia-una-piattaforma-di-dialogo-orsini-creare-obiettivi-comuni-che-diano-dignita-e-centralita-alla-persona\\\/\"]}]},{\"@type\":\"ImageObject\",\"inLanguage\":\"fr-FR\",\"@id\":\"https:\\\/\\\/www.bellunopress.it\\\/2012\\\/01\\\/16\\\/la-cisl-lancia-una-piattaforma-di-dialogo-orsini-creare-obiettivi-comuni-che-diano-dignita-e-centralita-alla-persona\\\/#primaryimage\",\"url\":\"http:\\\/\\\/www.bellunopress.it\\\/wp-content\\\/uploads\\\/2011\\\/12\\\/anna-orsini-cisl.jpg\",\"contentUrl\":\"http:\\\/\\\/www.bellunopress.it\\\/wp-content\\\/uploads\\\/2011\\\/12\\\/anna-orsini-cisl.jpg\"},{\"@type\":\"BreadcrumbList\",\"@id\":\"https:\\\/\\\/www.bellunopress.it\\\/2012\\\/01\\\/16\\\/la-cisl-lancia-una-piattaforma-di-dialogo-orsini-creare-obiettivi-comuni-che-diano-dignita-e-centralita-alla-persona\\\/#breadcrumb\",\"itemListElement\":[{\"@type\":\"ListItem\",\"position\":1,\"name\":\"Home\",\"item\":\"https:\\\/\\\/www.bellunopress.it\\\/\"},{\"@type\":\"ListItem\",\"position\":2,\"name\":\"La Cisl lancia una piattaforma di dialogo. Orsini: &#8220;creare obiettivi comuni che diano dignit\u00e0 e centralit\u00e0 alla persona&#8221;\"}]},{\"@type\":\"WebSite\",\"@id\":\"https:\\\/\\\/www.bellunopress.it\\\/#website\",\"url\":\"https:\\\/\\\/www.bellunopress.it\\\/\",\"name\":\"Bellunopress - Dolomiti\",\"description\":\"e-mail: redazione@bellunopress.it\",\"publisher\":{\"@id\":\"https:\\\/\\\/www.bellunopress.it\\\/#organization\"},\"potentialAction\":[{\"@type\":\"SearchAction\",\"target\":{\"@type\":\"EntryPoint\",\"urlTemplate\":\"https:\\\/\\\/www.bellunopress.it\\\/?s={search_term_string}\"},\"query-input\":{\"@type\":\"PropertyValueSpecification\",\"valueRequired\":true,\"valueName\":\"search_term_string\"}}],\"inLanguage\":\"fr-FR\"},{\"@type\":\"Organization\",\"@id\":\"https:\\\/\\\/www.bellunopress.it\\\/#organization\",\"name\":\"Bellunopress\",\"url\":\"https:\\\/\\\/www.bellunopress.it\\\/\",\"logo\":{\"@type\":\"ImageObject\",\"inLanguage\":\"fr-FR\",\"@id\":\"https:\\\/\\\/www.bellunopress.it\\\/#\\\/schema\\\/logo\\\/image\\\/\",\"url\":\"https:\\\/\\\/www.bellunopress.it\\\/wp-content\\\/uploads\\\/2011\\\/05\\\/cropped-logo-bellunopress-.jpg\",\"contentUrl\":\"https:\\\/\\\/www.bellunopress.it\\\/wp-content\\\/uploads\\\/2011\\\/05\\\/cropped-logo-bellunopress-.jpg\",\"width\":512,\"height\":512,\"caption\":\"Bellunopress\"},\"image\":{\"@id\":\"https:\\\/\\\/www.bellunopress.it\\\/#\\\/schema\\\/logo\\\/image\\\/\"},\"sameAs\":[\"https:\\\/\\\/www.facebook.com\\\/profile.php?id=100008943462799\",\"https:\\\/\\\/x.com\\\/bellunopress\",\"https:\\\/\\\/www.linkedin.com\\\/hp\\\/?dnr=JBzUWaJfMUw8vbXJJ2tVW5-I3jZKvC4wsoxE&amp;amp;amp;amp;amp;amp;trk=nav_responsive_tab_home\",\"https:\\\/\\\/www.youtube.com\\\/channel\\\/UCxL0wu1uN0_3_7hGG0306cw\"]},{\"@type\":\"Person\",\"@id\":\"https:\\\/\\\/www.bellunopress.it\\\/#\\\/schema\\\/person\\\/79bb06722b37ece1c03d3e94beb30d73\",\"name\":\"redazione\",\"image\":{\"@type\":\"ImageObject\",\"inLanguage\":\"fr-FR\",\"@id\":\"https:\\\/\\\/secure.gravatar.com\\\/avatar\\\/37d968a2e67a6fd04c169c4bdef102d0bc5d31b2546345219e348575eb80e9a0?s=96&d=mm&r=g\",\"url\":\"https:\\\/\\\/secure.gravatar.com\\\/avatar\\\/37d968a2e67a6fd04c169c4bdef102d0bc5d31b2546345219e348575eb80e9a0?s=96&d=mm&r=g\",\"contentUrl\":\"https:\\\/\\\/secure.gravatar.com\\\/avatar\\\/37d968a2e67a6fd04c169c4bdef102d0bc5d31b2546345219e348575eb80e9a0?s=96&d=mm&r=g\",\"caption\":\"redazione\"},\"sameAs\":[\"http:\\\/\\\/www.bellunopress.it\",\"https:\\\/\\\/x.com\\\/bellunopress\"],\"url\":\"https:\\\/\\\/www.bellunopress.it\\\/fr\\\/author\\\/redazione\\\/\"}]}<\/script>\n<!-- \/ Yoast SEO plugin. -->","yoast_head_json":{"title":"La Cisl lancia una piattaforma di dialogo. Orsini: \"creare obiettivi comuni che diano dignit\u00e0 e centralit\u00e0 alla persona\" - Bellunopress - Dolomiti","robots":{"index":"index","follow":"follow","max-snippet":"max-snippet:-1","max-image-preview":"max-image-preview:large","max-video-preview":"max-video-preview:-1"},"canonical":"https:\/\/www.bellunopress.it\/fr\/2012\/01\/16\/la-cisl-lancia-una-piattaforma-di-dialogo-orsini-creare-obiettivi-comuni-che-diano-dignita-e-centralita-alla-persona\/","og_locale":"fr_FR","og_type":"article","og_title":"La Cisl lancia una piattaforma di dialogo. Orsini: \"creare obiettivi comuni che diano dignit\u00e0 e centralit\u00e0 alla persona\" - Bellunopress - Dolomiti","og_description":"Le priorit\u00e0 per il territorio passano attraverso le alleanze tra soggetti istituzionali. Questo il tema\u00a0 trattato da pi\u00f9 interlocutori, in primis il segretario generale Cisl Veneto, Franca Porto, nel Convegno \u201cAl lavoro dentro la crisi: priorit\u00e0 e alleanze per il territorio \u201c organizzato dalla Cisl di Belluno. Che ha visto venerd\u00ec scorso al ristorante Nogherazza [&hellip;]","og_url":"https:\/\/www.bellunopress.it\/fr\/2012\/01\/16\/la-cisl-lancia-una-piattaforma-di-dialogo-orsini-creare-obiettivi-comuni-che-diano-dignita-e-centralita-alla-persona\/","og_site_name":"Bellunopress - Dolomiti","article_publisher":"https:\/\/www.facebook.com\/profile.php?id=100008943462799","article_published_time":"2012-01-16T17:43:31+00:00","og_image":[{"url":"http:\/\/www.bellunopress.it\/wp-content\/uploads\/2011\/12\/anna-orsini-cisl.jpg","type":"","width":"","height":""}],"author":"redazione","twitter_card":"summary_large_image","twitter_creator":"@bellunopress","twitter_site":"@bellunopress","twitter_misc":{"Written by":"redazione","Est. reading time":"2 minutes"},"schema":{"@context":"https:\/\/schema.org","@graph":[{"@type":"Article","@id":"https:\/\/www.bellunopress.it\/2012\/01\/16\/la-cisl-lancia-una-piattaforma-di-dialogo-orsini-creare-obiettivi-comuni-che-diano-dignita-e-centralita-alla-persona\/#article","isPartOf":{"@id":"https:\/\/www.bellunopress.it\/2012\/01\/16\/la-cisl-lancia-una-piattaforma-di-dialogo-orsini-creare-obiettivi-comuni-che-diano-dignita-e-centralita-alla-persona\/"},"author":{"name":"redazione","@id":"https:\/\/www.bellunopress.it\/#\/schema\/person\/79bb06722b37ece1c03d3e94beb30d73"},"headline":"La Cisl lancia una piattaforma di dialogo. Orsini: &#8220;creare obiettivi comuni che diano dignit\u00e0 e centralit\u00e0 alla persona&#8221;","datePublished":"2012-01-16T17:43:31+00:00","mainEntityOfPage":{"@id":"https:\/\/www.bellunopress.it\/2012\/01\/16\/la-cisl-lancia-una-piattaforma-di-dialogo-orsini-creare-obiettivi-comuni-che-diano-dignita-e-centralita-alla-persona\/"},"wordCount":380,"publisher":{"@id":"https:\/\/www.bellunopress.it\/#organization"},"image":{"@id":"https:\/\/www.bellunopress.it\/2012\/01\/16\/la-cisl-lancia-una-piattaforma-di-dialogo-orsini-creare-obiettivi-comuni-che-diano-dignita-e-centralita-alla-persona\/#primaryimage"},"thumbnailUrl":"http:\/\/www.bellunopress.it\/wp-content\/uploads\/2011\/12\/anna-orsini-cisl.jpg","articleSection":["Lavoro, Economia, Turismo","Prima Pagina"],"inLanguage":"fr-FR"},{"@type":"WebPage","@id":"https:\/\/www.bellunopress.it\/2012\/01\/16\/la-cisl-lancia-una-piattaforma-di-dialogo-orsini-creare-obiettivi-comuni-che-diano-dignita-e-centralita-alla-persona\/","url":"https:\/\/www.bellunopress.it\/2012\/01\/16\/la-cisl-lancia-una-piattaforma-di-dialogo-orsini-creare-obiettivi-comuni-che-diano-dignita-e-centralita-alla-persona\/","name":"La Cisl lancia una piattaforma di dialogo. Orsini: \"creare obiettivi comuni che diano dignit\u00e0 e centralit\u00e0 alla persona\" - Bellunopress - Dolomiti","isPartOf":{"@id":"https:\/\/www.bellunopress.it\/#website"},"primaryImageOfPage":{"@id":"https:\/\/www.bellunopress.it\/2012\/01\/16\/la-cisl-lancia-una-piattaforma-di-dialogo-orsini-creare-obiettivi-comuni-che-diano-dignita-e-centralita-alla-persona\/#primaryimage"},"image":{"@id":"https:\/\/www.bellunopress.it\/2012\/01\/16\/la-cisl-lancia-una-piattaforma-di-dialogo-orsini-creare-obiettivi-comuni-che-diano-dignita-e-centralita-alla-persona\/#primaryimage"},"thumbnailUrl":"http:\/\/www.bellunopress.it\/wp-content\/uploads\/2011\/12\/anna-orsini-cisl.jpg","datePublished":"2012-01-16T17:43:31+00:00","breadcrumb":{"@id":"https:\/\/www.bellunopress.it\/2012\/01\/16\/la-cisl-lancia-una-piattaforma-di-dialogo-orsini-creare-obiettivi-comuni-che-diano-dignita-e-centralita-alla-persona\/#breadcrumb"},"inLanguage":"fr-FR","potentialAction":[{"@type":"ReadAction","target":["https:\/\/www.bellunopress.it\/2012\/01\/16\/la-cisl-lancia-una-piattaforma-di-dialogo-orsini-creare-obiettivi-comuni-che-diano-dignita-e-centralita-alla-persona\/"]}]},{"@type":"ImageObject","inLanguage":"fr-FR","@id":"https:\/\/www.bellunopress.it\/2012\/01\/16\/la-cisl-lancia-una-piattaforma-di-dialogo-orsini-creare-obiettivi-comuni-che-diano-dignita-e-centralita-alla-persona\/#primaryimage","url":"http:\/\/www.bellunopress.it\/wp-content\/uploads\/2011\/12\/anna-orsini-cisl.jpg","contentUrl":"http:\/\/www.bellunopress.it\/wp-content\/uploads\/2011\/12\/anna-orsini-cisl.jpg"},{"@type":"BreadcrumbList","@id":"https:\/\/www.bellunopress.it\/2012\/01\/16\/la-cisl-lancia-una-piattaforma-di-dialogo-orsini-creare-obiettivi-comuni-che-diano-dignita-e-centralita-alla-persona\/#breadcrumb","itemListElement":[{"@type":"ListItem","position":1,"name":"Home","item":"https:\/\/www.bellunopress.it\/"},{"@type":"ListItem","position":2,"name":"La Cisl lancia una piattaforma di dialogo. Orsini: &#8220;creare obiettivi comuni che diano dignit\u00e0 e centralit\u00e0 alla persona&#8221;"}]},{"@type":"WebSite","@id":"https:\/\/www.bellunopress.it\/#website","url":"https:\/\/www.bellunopress.it\/","name":"Bellunopress - Dolomiti","description":"e-mail: redazione@bellunopress.it","publisher":{"@id":"https:\/\/www.bellunopress.it\/#organization"},"potentialAction":[{"@type":"SearchAction","target":{"@type":"EntryPoint","urlTemplate":"https:\/\/www.bellunopress.it\/?s={search_term_string}"},"query-input":{"@type":"PropertyValueSpecification","valueRequired":true,"valueName":"search_term_string"}}],"inLanguage":"fr-FR"},{"@type":"Organization","@id":"https:\/\/www.bellunopress.it\/#organization","name":"Bellunopress","url":"https:\/\/www.bellunopress.it\/","logo":{"@type":"ImageObject","inLanguage":"fr-FR","@id":"https:\/\/www.bellunopress.it\/#\/schema\/logo\/image\/","url":"https:\/\/www.bellunopress.it\/wp-content\/uploads\/2011\/05\/cropped-logo-bellunopress-.jpg","contentUrl":"https:\/\/www.bellunopress.it\/wp-content\/uploads\/2011\/05\/cropped-logo-bellunopress-.jpg","width":512,"height":512,"caption":"Bellunopress"},"image":{"@id":"https:\/\/www.bellunopress.it\/#\/schema\/logo\/image\/"},"sameAs":["https:\/\/www.facebook.com\/profile.php?id=100008943462799","https:\/\/x.com\/bellunopress","https:\/\/www.linkedin.com\/hp\/?dnr=JBzUWaJfMUw8vbXJJ2tVW5-I3jZKvC4wsoxE&amp;amp;amp;amp;amp;amp;trk=nav_responsive_tab_home","https:\/\/www.youtube.com\/channel\/UCxL0wu1uN0_3_7hGG0306cw"]},{"@type":"Person","@id":"https:\/\/www.bellunopress.it\/#\/schema\/person\/79bb06722b37ece1c03d3e94beb30d73","name":"r\u00e9daction","image":{"@type":"ImageObject","inLanguage":"fr-FR","@id":"https:\/\/secure.gravatar.com\/avatar\/37d968a2e67a6fd04c169c4bdef102d0bc5d31b2546345219e348575eb80e9a0?s=96&d=mm&r=g","url":"https:\/\/secure.gravatar.com\/avatar\/37d968a2e67a6fd04c169c4bdef102d0bc5d31b2546345219e348575eb80e9a0?s=96&d=mm&r=g","contentUrl":"https:\/\/secure.gravatar.com\/avatar\/37d968a2e67a6fd04c169c4bdef102d0bc5d31b2546345219e348575eb80e9a0?s=96&d=mm&r=g","caption":"redazione"},"sameAs":["http:\/\/www.bellunopress.it","https:\/\/x.com\/bellunopress"],"url":"https:\/\/www.bellunopress.it\/fr\/author\/redazione\/"}]}},"_links":{"self":[{"href":"https:\/\/www.bellunopress.it\/fr\/wp-json\/wp\/v2\/posts\/34199","targetHints":{"allow":["GET"]}}],"collection":[{"href":"https:\/\/www.bellunopress.it\/fr\/wp-json\/wp\/v2\/posts"}],"about":[{"href":"https:\/\/www.bellunopress.it\/fr\/wp-json\/wp\/v2\/types\/post"}],"author":[{"embeddable":true,"href":"https:\/\/www.bellunopress.it\/fr\/wp-json\/wp\/v2\/users\/2"}],"replies":[{"embeddable":true,"href":"https:\/\/www.bellunopress.it\/fr\/wp-json\/wp\/v2\/comments?post=34199"}],"version-history":[{"count":1,"href":"https:\/\/www.bellunopress.it\/fr\/wp-json\/wp\/v2\/posts\/34199\/revisions"}],"predecessor-version":[{"id":34200,"href":"https:\/\/www.bellunopress.it\/fr\/wp-json\/wp\/v2\/posts\/34199\/revisions\/34200"}],"wp:attachment":[{"href":"https:\/\/www.bellunopress.it\/fr\/wp-json\/wp\/v2\/media?parent=34199"}],"wp:term":[{"taxonomy":"category","embeddable":true,"href":"https:\/\/www.bellunopress.it\/fr\/wp-json\/wp\/v2\/categories?post=34199"},{"taxonomy":"post_tag","embeddable":true,"href":"https:\/\/www.bellunopress.it\/fr\/wp-json\/wp\/v2\/tags?post=34199"}],"curies":[{"name":"wp","href":"https:\/\/api.w.org\/{rel}","templated":true}]}}