{"id":34195,"date":"2012-01-16T17:08:09","date_gmt":"2012-01-16T16:08:09","guid":{"rendered":"http:\/\/www.bellunopress.it\/?p=34195"},"modified":"2012-01-16T17:08:09","modified_gmt":"2012-01-16T16:08:09","slug":"i-10-appuntamenti-della-libreria-mondolibri-in-via-mezzaterra-a-belluno","status":"publish","type":"post","link":"https:\/\/www.bellunopress.it\/fr\/2012\/01\/16\/i-10-appuntamenti-della-libreria-mondolibri-in-via-mezzaterra-a-belluno\/","title":{"rendered":"I 10 appuntamenti della libreria MondoLibri in via Mezzaterra a Belluno"},"content":{"rendered":"<p>\u201cUn libro, un tema, un\u2019idea\u201d. E&#8217; il titolo della seconda edizione del del percorso letterario nel mondo della comunicazione organizzato a Belluno dal Direttivo Triveneto della Ferpi \u2013 Federazione Italiana Relatori Pubblici e dall&#8217;Associazione Comunicazione pubblica, con il patrocinio e il sostegno di Provincia di Belluno, Comune di Belluno, Confindustria Belluno Dolomiti, Uapi, Appia, Confcommercio, Ordine dei Giornalisti del Veneto, Librerie MondoLibri, Flashfactory e Maxima srl.<\/p>\n<p>Il primo appuntamento \u00e8 fissato per il 20 gennaio 2012 alle 18.15 nella libreria di MondoLibri di Via Mezzaterra a Belluno. Protagonista sar\u00e0 Fabio Bistoncini con il libro \u201cVent\u2019anni da sporco lobbista\u201d.<\/p>\n<p>Il progetto \u00e8 nato per cercare di dare una risposta ad una serie di domande: quanti cittadini conoscono la complessit\u00e0 del lavoro che i comunicatori fanno dietro le quinte delle organizzazioni, pi\u00f9 o meno grandi, quotidianamente? Quanti sanno quali competenze, conoscenze e caratteristiche personali devono possedere? Cosa vuol dire veramente \u201ccomunicazione\u201d? Nella consapevolezza che probabilmente sono pochi i cittadini che conoscono veramente questa professione, complessa e variamente articolata, malgrado siano i destinatari principali della attivit\u00e0 del comunicatore, Ferpi e Comunicazione pubblica hanno pensato che, per diffondere la cultura della comunicazione anche tra i non addetti ai lavori, il punto di partenza potesse essere un libro.<\/p>\n<p>Gli appuntamenti in programma sono dieci: un modo per avvicinare anche il cittadino comune ai temi della comunicazione in modo semplice, divulgativo, assolutamente non tecnico e, dall&#8217;altro, per gli operatori un&#8217;occasione di riflessione e di approfondimento culturale e professionale.<\/p>\n<p>Gli appuntamenti, tutti organizzati alle ore 18.15 nella Libreria di MondoLibri di Via Mezzaterra a Belluno, si susseguiranno con il seguente calendario:<\/p>\n<p>Venerd\u00ec 20 gennaio &#8211; Fabio Bistoncini presenta \u201cVent&#8217;anni da sporco lobbista\u201d<\/p>\n<p>Venerd\u00ec 27 gennaio &#8211; Gianluca Sgreva presenta \u201cIl ponte narrativo\u201d Le scienze della narrazione per le leadership politiche contemporanee<\/p>\n<p>Venerd\u00ec 3 febbraio &#8211; Alessandra Mazzei presenta \u201cLa comunicazione interna nelle fasi di sviluppo, crisi e ripresa dell&#8217;azienda\u201d Cooperazione creativa e alleanza nelle relazioni organizzative<\/p>\n<p>Venerd\u00ec 17 febbraio &#8211; Gabriele Qualizza presenta \u201cTransparent factory\u201d Quando gli spazi del lavoro fanno comunicazione<\/p>\n<p>Venerd\u00ec 24 febbraio &#8211; Stefano Rolando presenta \u201cLa comunicazione pubblica per una grande societ\u00e0\u201d Ragioni e regole per un miglior dibattito pubblico<\/p>\n<p>Venerd\u00ec 2 marzo &#8211; Francesco Pira presenta \u201cLa net politica\u201d Comunicare con i cittadini-elettori nell\u2019era dei social network<\/p>\n<p>Venerd\u00ec 16 marzo &#8211; Mauro Pecchenino presenta \u201cLa comunicazione d&#8217;impresa\u201d<\/p>\n<p>Venerd\u00ec 23 marzo &#8211; Daniele Chieffi presenta \u201cOnline media relation\u201d L\u2019ufficio stampa su Internet ovvero il web raccontato ai comunicatori<\/p>\n<p>Venerd\u00ec 30 marzo &#8211; Giampietro Vecchiato presenta \u201cSostenibilit\u00e0 e rischio greenwashing\u201d<\/p>\n<p>Venerd\u00ec 13 aprile &#8211; Alessandro Rovinetti presenta \u201cComunicazione pubblica. Sapere&amp;Fare\u201d<\/p>","protected":false},"excerpt":{"rendered":"<p>\u201cUn libro, un tema, un\u2019idea\u201d. E&#8217; il titolo della seconda edizione del del percorso letterario nel mondo della comunicazione organizzato a Belluno dal Direttivo Triveneto della Ferpi \u2013 Federazione Italiana Relatori Pubblici e dall&#8217;Associazione Comunicazione pubblica, con il patrocinio e il sostegno di Provincia di Belluno, Comune di Belluno, Confindustria Belluno Dolomiti, Uapi, Appia, Confcommercio, [&hellip;]<\/p>\n","protected":false},"author":2,"featured_media":0,"comment_status":"closed","ping_status":"open","sticky":false,"template":"","format":"standard","meta":{"footnotes":""},"categories":[27,25],"tags":[],"class_list":["post-34195","post","type-post","status-publish","format-standard","category-appuntamenti","category-pausa-caffe"],"yoast_head":"<!-- This site is optimized with the Yoast SEO plugin v28.4 - https:\/\/yoast.com\/product\/yoast-seo-wordpress\/ -->\n<title>I 10 appuntamenti della libreria MondoLibri in via Mezzaterra a Belluno  - Bellunopress - Dolomiti<\/title>\n<meta name=\"robots\" content=\"index, follow, max-snippet:-1, max-image-preview:large, max-video-preview:-1\" \/>\n<link rel=\"canonical\" href=\"https:\/\/www.bellunopress.it\/fr\/2012\/01\/16\/i-10-appuntamenti-della-libreria-mondolibri-in-via-mezzaterra-a-belluno\/\" \/>\n<meta property=\"og:locale\" content=\"fr_FR\" \/>\n<meta property=\"og:type\" content=\"article\" \/>\n<meta property=\"og:title\" content=\"I 10 appuntamenti della libreria MondoLibri in via Mezzaterra a Belluno  - Bellunopress - Dolomiti\" \/>\n<meta property=\"og:description\" content=\"\u201cUn libro, un tema, un\u2019idea\u201d. E&#8217; il titolo della seconda edizione del del percorso letterario nel mondo della comunicazione organizzato a Belluno dal Direttivo Triveneto della Ferpi \u2013 Federazione Italiana Relatori Pubblici e dall&#8217;Associazione Comunicazione pubblica, con il patrocinio e il sostegno di Provincia di Belluno, Comune di Belluno, Confindustria Belluno Dolomiti, Uapi, Appia, Confcommercio, [&hellip;]\" \/>\n<meta property=\"og:url\" content=\"https:\/\/www.bellunopress.it\/fr\/2012\/01\/16\/i-10-appuntamenti-della-libreria-mondolibri-in-via-mezzaterra-a-belluno\/\" \/>\n<meta property=\"og:site_name\" content=\"Bellunopress - Dolomiti\" \/>\n<meta property=\"article:publisher\" content=\"https:\/\/www.facebook.com\/profile.php?id=100008943462799\" \/>\n<meta property=\"article:published_time\" content=\"2012-01-16T16:08:09+00:00\" \/>\n<meta property=\"og:image\" content=\"http:\/\/www.bellunopress.it\/wp-content\/uploads\/2012\/07\/logo-bellunopress-250x250-2012.jpg\" \/>\n<meta name=\"author\" content=\"redazione\" \/>\n<meta name=\"twitter:card\" content=\"summary_large_image\" \/>\n<meta name=\"twitter:creator\" content=\"@bellunopress\" \/>\n<meta name=\"twitter:site\" content=\"@bellunopress\" \/>\n<meta name=\"twitter:label1\" content=\"Written by\" \/>\n\t<meta name=\"twitter:data1\" content=\"redazione\" \/>\n\t<meta name=\"twitter:label2\" content=\"Est. reading time\" \/>\n\t<meta name=\"twitter:data2\" content=\"2 minutes\" \/>\n<script type=\"application\/ld+json\" class=\"yoast-schema-graph\">{\"@context\":\"https:\\\/\\\/schema.org\",\"@graph\":[{\"@type\":\"Article\",\"@id\":\"https:\\\/\\\/www.bellunopress.it\\\/2012\\\/01\\\/16\\\/i-10-appuntamenti-della-libreria-mondolibri-in-via-mezzaterra-a-belluno\\\/#article\",\"isPartOf\":{\"@id\":\"https:\\\/\\\/www.bellunopress.it\\\/2012\\\/01\\\/16\\\/i-10-appuntamenti-della-libreria-mondolibri-in-via-mezzaterra-a-belluno\\\/\"},\"author\":{\"name\":\"redazione\",\"@id\":\"https:\\\/\\\/www.bellunopress.it\\\/#\\\/schema\\\/person\\\/79bb06722b37ece1c03d3e94beb30d73\"},\"headline\":\"I 10 appuntamenti della libreria MondoLibri in via Mezzaterra a Belluno\",\"datePublished\":\"2012-01-16T16:08:09+00:00\",\"mainEntityOfPage\":{\"@id\":\"https:\\\/\\\/www.bellunopress.it\\\/2012\\\/01\\\/16\\\/i-10-appuntamenti-della-libreria-mondolibri-in-via-mezzaterra-a-belluno\\\/\"},\"wordCount\":431,\"publisher\":{\"@id\":\"https:\\\/\\\/www.bellunopress.it\\\/#organization\"},\"articleSection\":[\"Appuntamenti, Eventi\",\"Pausa Caff\u00e8\"],\"inLanguage\":\"fr-FR\"},{\"@type\":\"WebPage\",\"@id\":\"https:\\\/\\\/www.bellunopress.it\\\/2012\\\/01\\\/16\\\/i-10-appuntamenti-della-libreria-mondolibri-in-via-mezzaterra-a-belluno\\\/\",\"url\":\"https:\\\/\\\/www.bellunopress.it\\\/2012\\\/01\\\/16\\\/i-10-appuntamenti-della-libreria-mondolibri-in-via-mezzaterra-a-belluno\\\/\",\"name\":\"I 10 appuntamenti della libreria MondoLibri in via Mezzaterra a Belluno - Bellunopress - Dolomiti\",\"isPartOf\":{\"@id\":\"https:\\\/\\\/www.bellunopress.it\\\/#website\"},\"datePublished\":\"2012-01-16T16:08:09+00:00\",\"breadcrumb\":{\"@id\":\"https:\\\/\\\/www.bellunopress.it\\\/2012\\\/01\\\/16\\\/i-10-appuntamenti-della-libreria-mondolibri-in-via-mezzaterra-a-belluno\\\/#breadcrumb\"},\"inLanguage\":\"fr-FR\",\"potentialAction\":[{\"@type\":\"ReadAction\",\"target\":[\"https:\\\/\\\/www.bellunopress.it\\\/2012\\\/01\\\/16\\\/i-10-appuntamenti-della-libreria-mondolibri-in-via-mezzaterra-a-belluno\\\/\"]}]},{\"@type\":\"BreadcrumbList\",\"@id\":\"https:\\\/\\\/www.bellunopress.it\\\/2012\\\/01\\\/16\\\/i-10-appuntamenti-della-libreria-mondolibri-in-via-mezzaterra-a-belluno\\\/#breadcrumb\",\"itemListElement\":[{\"@type\":\"ListItem\",\"position\":1,\"name\":\"Home\",\"item\":\"https:\\\/\\\/www.bellunopress.it\\\/\"},{\"@type\":\"ListItem\",\"position\":2,\"name\":\"I 10 appuntamenti della libreria MondoLibri in via Mezzaterra a Belluno\"}]},{\"@type\":\"WebSite\",\"@id\":\"https:\\\/\\\/www.bellunopress.it\\\/#website\",\"url\":\"https:\\\/\\\/www.bellunopress.it\\\/\",\"name\":\"Bellunopress - Dolomiti\",\"description\":\"e-mail: redazione@bellunopress.it\",\"publisher\":{\"@id\":\"https:\\\/\\\/www.bellunopress.it\\\/#organization\"},\"potentialAction\":[{\"@type\":\"SearchAction\",\"target\":{\"@type\":\"EntryPoint\",\"urlTemplate\":\"https:\\\/\\\/www.bellunopress.it\\\/?s={search_term_string}\"},\"query-input\":{\"@type\":\"PropertyValueSpecification\",\"valueRequired\":true,\"valueName\":\"search_term_string\"}}],\"inLanguage\":\"fr-FR\"},{\"@type\":\"Organization\",\"@id\":\"https:\\\/\\\/www.bellunopress.it\\\/#organization\",\"name\":\"Bellunopress\",\"url\":\"https:\\\/\\\/www.bellunopress.it\\\/\",\"logo\":{\"@type\":\"ImageObject\",\"inLanguage\":\"fr-FR\",\"@id\":\"https:\\\/\\\/www.bellunopress.it\\\/#\\\/schema\\\/logo\\\/image\\\/\",\"url\":\"https:\\\/\\\/www.bellunopress.it\\\/wp-content\\\/uploads\\\/2011\\\/05\\\/cropped-logo-bellunopress-.jpg\",\"contentUrl\":\"https:\\\/\\\/www.bellunopress.it\\\/wp-content\\\/uploads\\\/2011\\\/05\\\/cropped-logo-bellunopress-.jpg\",\"width\":512,\"height\":512,\"caption\":\"Bellunopress\"},\"image\":{\"@id\":\"https:\\\/\\\/www.bellunopress.it\\\/#\\\/schema\\\/logo\\\/image\\\/\"},\"sameAs\":[\"https:\\\/\\\/www.facebook.com\\\/profile.php?id=100008943462799\",\"https:\\\/\\\/x.com\\\/bellunopress\",\"https:\\\/\\\/www.linkedin.com\\\/hp\\\/?dnr=JBzUWaJfMUw8vbXJJ2tVW5-I3jZKvC4wsoxE&amp;amp;amp;amp;amp;amp;trk=nav_responsive_tab_home\",\"https:\\\/\\\/www.youtube.com\\\/channel\\\/UCxL0wu1uN0_3_7hGG0306cw\"]},{\"@type\":\"Person\",\"@id\":\"https:\\\/\\\/www.bellunopress.it\\\/#\\\/schema\\\/person\\\/79bb06722b37ece1c03d3e94beb30d73\",\"name\":\"redazione\",\"image\":{\"@type\":\"ImageObject\",\"inLanguage\":\"fr-FR\",\"@id\":\"https:\\\/\\\/secure.gravatar.com\\\/avatar\\\/37d968a2e67a6fd04c169c4bdef102d0bc5d31b2546345219e348575eb80e9a0?s=96&d=mm&r=g\",\"url\":\"https:\\\/\\\/secure.gravatar.com\\\/avatar\\\/37d968a2e67a6fd04c169c4bdef102d0bc5d31b2546345219e348575eb80e9a0?s=96&d=mm&r=g\",\"contentUrl\":\"https:\\\/\\\/secure.gravatar.com\\\/avatar\\\/37d968a2e67a6fd04c169c4bdef102d0bc5d31b2546345219e348575eb80e9a0?s=96&d=mm&r=g\",\"caption\":\"redazione\"},\"sameAs\":[\"http:\\\/\\\/www.bellunopress.it\",\"https:\\\/\\\/x.com\\\/bellunopress\"],\"url\":\"https:\\\/\\\/www.bellunopress.it\\\/fr\\\/author\\\/redazione\\\/\"}]}<\/script>\n<!-- \/ Yoast SEO plugin. -->","yoast_head_json":{"title":"I 10 appuntamenti della libreria MondoLibri in via Mezzaterra a Belluno  - Bellunopress - Dolomiti","robots":{"index":"index","follow":"follow","max-snippet":"max-snippet:-1","max-image-preview":"max-image-preview:large","max-video-preview":"max-video-preview:-1"},"canonical":"https:\/\/www.bellunopress.it\/fr\/2012\/01\/16\/i-10-appuntamenti-della-libreria-mondolibri-in-via-mezzaterra-a-belluno\/","og_locale":"fr_FR","og_type":"article","og_title":"I 10 appuntamenti della libreria MondoLibri in via Mezzaterra a Belluno  - Bellunopress - Dolomiti","og_description":"\u201cUn libro, un tema, un\u2019idea\u201d. E&#8217; il titolo della seconda edizione del del percorso letterario nel mondo della comunicazione organizzato a Belluno dal Direttivo Triveneto della Ferpi \u2013 Federazione Italiana Relatori Pubblici e dall&#8217;Associazione Comunicazione pubblica, con il patrocinio e il sostegno di Provincia di Belluno, Comune di Belluno, Confindustria Belluno Dolomiti, Uapi, Appia, Confcommercio, [&hellip;]","og_url":"https:\/\/www.bellunopress.it\/fr\/2012\/01\/16\/i-10-appuntamenti-della-libreria-mondolibri-in-via-mezzaterra-a-belluno\/","og_site_name":"Bellunopress - Dolomiti","article_publisher":"https:\/\/www.facebook.com\/profile.php?id=100008943462799","article_published_time":"2012-01-16T16:08:09+00:00","og_image":[{"url":"http:\/\/www.bellunopress.it\/wp-content\/uploads\/2012\/07\/logo-bellunopress-250x250-2012.jpg","type":"","width":"","height":""}],"author":"redazione","twitter_card":"summary_large_image","twitter_creator":"@bellunopress","twitter_site":"@bellunopress","twitter_misc":{"Written by":"redazione","Est. reading time":"2 minutes"},"schema":{"@context":"https:\/\/schema.org","@graph":[{"@type":"Article","@id":"https:\/\/www.bellunopress.it\/2012\/01\/16\/i-10-appuntamenti-della-libreria-mondolibri-in-via-mezzaterra-a-belluno\/#article","isPartOf":{"@id":"https:\/\/www.bellunopress.it\/2012\/01\/16\/i-10-appuntamenti-della-libreria-mondolibri-in-via-mezzaterra-a-belluno\/"},"author":{"name":"redazione","@id":"https:\/\/www.bellunopress.it\/#\/schema\/person\/79bb06722b37ece1c03d3e94beb30d73"},"headline":"I 10 appuntamenti della libreria MondoLibri in via Mezzaterra a Belluno","datePublished":"2012-01-16T16:08:09+00:00","mainEntityOfPage":{"@id":"https:\/\/www.bellunopress.it\/2012\/01\/16\/i-10-appuntamenti-della-libreria-mondolibri-in-via-mezzaterra-a-belluno\/"},"wordCount":431,"publisher":{"@id":"https:\/\/www.bellunopress.it\/#organization"},"articleSection":["Appuntamenti, Eventi","Pausa Caff\u00e8"],"inLanguage":"fr-FR"},{"@type":"WebPage","@id":"https:\/\/www.bellunopress.it\/2012\/01\/16\/i-10-appuntamenti-della-libreria-mondolibri-in-via-mezzaterra-a-belluno\/","url":"https:\/\/www.bellunopress.it\/2012\/01\/16\/i-10-appuntamenti-della-libreria-mondolibri-in-via-mezzaterra-a-belluno\/","name":"I 10 appuntamenti della libreria MondoLibri in via Mezzaterra a Belluno - Bellunopress - Dolomiti","isPartOf":{"@id":"https:\/\/www.bellunopress.it\/#website"},"datePublished":"2012-01-16T16:08:09+00:00","breadcrumb":{"@id":"https:\/\/www.bellunopress.it\/2012\/01\/16\/i-10-appuntamenti-della-libreria-mondolibri-in-via-mezzaterra-a-belluno\/#breadcrumb"},"inLanguage":"fr-FR","potentialAction":[{"@type":"ReadAction","target":["https:\/\/www.bellunopress.it\/2012\/01\/16\/i-10-appuntamenti-della-libreria-mondolibri-in-via-mezzaterra-a-belluno\/"]}]},{"@type":"BreadcrumbList","@id":"https:\/\/www.bellunopress.it\/2012\/01\/16\/i-10-appuntamenti-della-libreria-mondolibri-in-via-mezzaterra-a-belluno\/#breadcrumb","itemListElement":[{"@type":"ListItem","position":1,"name":"Home","item":"https:\/\/www.bellunopress.it\/"},{"@type":"ListItem","position":2,"name":"I 10 appuntamenti della libreria MondoLibri in via Mezzaterra a Belluno"}]},{"@type":"WebSite","@id":"https:\/\/www.bellunopress.it\/#website","url":"https:\/\/www.bellunopress.it\/","name":"Bellunopress - Dolomiti","description":"e-mail: redazione@bellunopress.it","publisher":{"@id":"https:\/\/www.bellunopress.it\/#organization"},"potentialAction":[{"@type":"SearchAction","target":{"@type":"EntryPoint","urlTemplate":"https:\/\/www.bellunopress.it\/?s={search_term_string}"},"query-input":{"@type":"PropertyValueSpecification","valueRequired":true,"valueName":"search_term_string"}}],"inLanguage":"fr-FR"},{"@type":"Organization","@id":"https:\/\/www.bellunopress.it\/#organization","name":"Bellunopress","url":"https:\/\/www.bellunopress.it\/","logo":{"@type":"ImageObject","inLanguage":"fr-FR","@id":"https:\/\/www.bellunopress.it\/#\/schema\/logo\/image\/","url":"https:\/\/www.bellunopress.it\/wp-content\/uploads\/2011\/05\/cropped-logo-bellunopress-.jpg","contentUrl":"https:\/\/www.bellunopress.it\/wp-content\/uploads\/2011\/05\/cropped-logo-bellunopress-.jpg","width":512,"height":512,"caption":"Bellunopress"},"image":{"@id":"https:\/\/www.bellunopress.it\/#\/schema\/logo\/image\/"},"sameAs":["https:\/\/www.facebook.com\/profile.php?id=100008943462799","https:\/\/x.com\/bellunopress","https:\/\/www.linkedin.com\/hp\/?dnr=JBzUWaJfMUw8vbXJJ2tVW5-I3jZKvC4wsoxE&amp;amp;amp;amp;amp;amp;trk=nav_responsive_tab_home","https:\/\/www.youtube.com\/channel\/UCxL0wu1uN0_3_7hGG0306cw"]},{"@type":"Person","@id":"https:\/\/www.bellunopress.it\/#\/schema\/person\/79bb06722b37ece1c03d3e94beb30d73","name":"r\u00e9daction","image":{"@type":"ImageObject","inLanguage":"fr-FR","@id":"https:\/\/secure.gravatar.com\/avatar\/37d968a2e67a6fd04c169c4bdef102d0bc5d31b2546345219e348575eb80e9a0?s=96&d=mm&r=g","url":"https:\/\/secure.gravatar.com\/avatar\/37d968a2e67a6fd04c169c4bdef102d0bc5d31b2546345219e348575eb80e9a0?s=96&d=mm&r=g","contentUrl":"https:\/\/secure.gravatar.com\/avatar\/37d968a2e67a6fd04c169c4bdef102d0bc5d31b2546345219e348575eb80e9a0?s=96&d=mm&r=g","caption":"redazione"},"sameAs":["http:\/\/www.bellunopress.it","https:\/\/x.com\/bellunopress"],"url":"https:\/\/www.bellunopress.it\/fr\/author\/redazione\/"}]}},"_links":{"self":[{"href":"https:\/\/www.bellunopress.it\/fr\/wp-json\/wp\/v2\/posts\/34195","targetHints":{"allow":["GET"]}}],"collection":[{"href":"https:\/\/www.bellunopress.it\/fr\/wp-json\/wp\/v2\/posts"}],"about":[{"href":"https:\/\/www.bellunopress.it\/fr\/wp-json\/wp\/v2\/types\/post"}],"author":[{"embeddable":true,"href":"https:\/\/www.bellunopress.it\/fr\/wp-json\/wp\/v2\/users\/2"}],"replies":[{"embeddable":true,"href":"https:\/\/www.bellunopress.it\/fr\/wp-json\/wp\/v2\/comments?post=34195"}],"version-history":[{"count":1,"href":"https:\/\/www.bellunopress.it\/fr\/wp-json\/wp\/v2\/posts\/34195\/revisions"}],"predecessor-version":[{"id":34196,"href":"https:\/\/www.bellunopress.it\/fr\/wp-json\/wp\/v2\/posts\/34195\/revisions\/34196"}],"wp:attachment":[{"href":"https:\/\/www.bellunopress.it\/fr\/wp-json\/wp\/v2\/media?parent=34195"}],"wp:term":[{"taxonomy":"category","embeddable":true,"href":"https:\/\/www.bellunopress.it\/fr\/wp-json\/wp\/v2\/categories?post=34195"},{"taxonomy":"post_tag","embeddable":true,"href":"https:\/\/www.bellunopress.it\/fr\/wp-json\/wp\/v2\/tags?post=34195"}],"curies":[{"name":"wp","href":"https:\/\/api.w.org\/{rel}","templated":true}]}}