{"id":34193,"date":"2012-01-16T15:51:49","date_gmt":"2012-01-16T14:51:49","guid":{"rendered":"http:\/\/www.bellunopress.it\/?p=34193"},"modified":"2012-01-16T15:51:49","modified_gmt":"2012-01-16T14:51:49","slug":"confermata-la-pitturina-ski-race-del-29-gennaio-a-candide-di-cadore","status":"publish","type":"post","link":"https:\/\/www.bellunopress.it\/fr\/2012\/01\/16\/confermata-la-pitturina-ski-race-del-29-gennaio-a-candide-di-cadore\/","title":{"rendered":"Confermata la Pitturina ski race del 29 gennaio a Candide di Cadore"},"content":{"rendered":"<p>La Pitturina ski race in programma il 29 gennaio aprir\u00e0 la stagione della Coppa Italia e sar\u00e0 la prima prova &#8220;senior&#8221; della Coppa delle Dolomiti. I ragazzi dello Spiquy Team, coordinati da Michele Festini, in questi ultimi giorni hanno percorso in lungo il largo le montagne della Val Comelico alla ricerca di un campo di gara che permetta il regolare svolgimento della gara per l&#8217;assegnazione dei titoli tricolore. \u00abPurtroppo il manto nevoso lungo il percorso originale della Pitturina non ci permette di preparare il tracciato come era stato pensato\u00bb. Ha raccontato Michele Festini. \u00abPer fare una gita domenicale non ci sono problemi &#8211; ha continuato il presidente dello Spiquy Team &#8211; ma fare passare centinaia di persone negli stessi tratti sarebbe molto pericoloso e il manto nevoso non garantirebbe la tenuta. Con il passaggio di pochi atleti, soprattutto in discesa, i sassi riaffiorerebbero immediatamente\u00bb. \u00abAnche se la situazione \u00e8 critica &#8211; ha concluso Festini &#8211; abbiamo pensato a delle opzioni che ci permettano di disputare il Campionato Italiano in sicurezza, mantenendo alta la tecnicit\u00e0 e la spettacolarit\u00e0 del percorso. In accordo con il Comitato e le istituzioni stiamo lavorando per portare la gara a Padola. Padola dista solo pochi chilometri da Sega Digon, quindi ci sarebbero molti problemi. In questa nuova location potremmo utilizzare i sentieri nel bosco per la salita e le piste da sci per scendere in sicurezza. Inoltre stiamo studiando delle rampe verticali per far salire gli atleti a piedi con gli sci nello zaino. La cosa interessante \u00e8 che l&#8217;interno percorso potrebbe essere completamente visibile dal parterre. A questo punto anche il raduno destinato a tutti gli appassionati si sposterebbe a Padola raggiungendo il Rifugio a monte degli impianti di risalita, dando cos\u00ec la possibilit\u00e0 anche agli spettatori senza sci si vedere le fasi pi\u00f9 spettacolari della gara\u00bb. Nei prossimi giorni i responsabili del tracciato prenderanno le decisioni definitive per l&#8217;assegnazione dei titoli tricolore.<\/p>\n<p>Il programma sar\u00e0 modificato nei prossimi giorni a seconda della localit\u00e0 che ospiter\u00e0 la gara.<\/p>\n<p>GIOVEDI&#8217; 19 GENNAIO 2012 \u00a0ORE 18.30 &#8211; RITROVO IN PIAZZA DI DOSOLEDO \u00a0Giorgio Marco Leonardo Fabrizio Patrik &#8211; Escursione con gli sci d&#8217;alpinismo, ciaspe e a piedi dal P.sso M.Croce Comelico alla Croda Rossa e cena &#8220;Da Rudi&#8221; &#8211; per i nostri Amici. Per la partecipazione \u00e8 gradita la conferma entro il 10 gennaio alla mail <a href=\"mailto:info@lapitturina.it\">info@lapitturina.it<\/a> oppure telefonando a Michele 348 6020664<\/p>\n<p>VENERDI&#8217; 27 GENNAIO 2011 \u00a0ORE 21.00 &#8211; SALA POLIFUNZIONALE DI DOSOLEDO \u00a0&#8220;La&#8221; Montagna al Femminile &#8211; Serata con le Sorelle Alpiniste Bostjan?i?. Spedizione femminile Croata al Mount Everest (8.850m)<\/p>\n<p>SABATO 28 GENNAIO 2011 \u00a0DALLE 10:30 ALLE 13:30 E DALLE ORE 16:30 ALLE 19:30 &#8211; Winter Comelian Tour \u00a0I Bandaros e i Fegatini alla Comeliana in tour nelle osterie e nei locali del Comelico in attesa della partenza della IV Pitturina Ski Race \u00a0ORE 18.00 &#8211; TENSOSTRUTTURA ZONA PARTENZA \u00a0Briefing Gara con descrizione tracciato, condizioni meteo e neve, materiali e proiezione filmati sul percorso \u00a0ORE 21.00 &#8211; TENSOSTRUTTURA ZONA PARTENZA \u00a0Pitturina music contest<\/p>\n<p>DOMENICA 29 GENNAIO 2011 \u00a0Ore 6.30-8.30 Consegna pettorali e pacco gara ? zona partenza \u00a0Ore 6.30-8.45 Punzonatura materiali &#8211; zona partenza \u00a0Ore 8.30-9.00 Verifiche materiali &#8211; cancelletti di partenza \u00a0Ore 9.00 partenza II\u00b0 raduno ski alp Val Comelico \u00a0Ore 9.45 partenza categorie S\/M \u00a0Ore 10.00 partenza categorie J\/C \u00a0Ore 12.00-13.00 Arrivo atleti \u00a0Ore 13.00-14.30 Pranzo presso il tendone in zona arrivo \u00a0Ore 15.30 Premiazioni e molto altro \u00a0 Il programma potrebbe subire delle modifiche delle quali l&#8217;organizzazione vi terr\u00e0 informati sul sito <a href=\"http:\/\/www.lapitturina.it\">www.lapitturina.it<\/a> e su Facebook: La Pitturina ski race.<\/p>","protected":false},"excerpt":{"rendered":"<p>La Pitturina ski race in programma il 29 gennaio aprir\u00e0 la stagione della Coppa Italia e sar\u00e0 la prima prova &#8220;senior&#8221; della Coppa delle Dolomiti. I ragazzi dello Spiquy Team, coordinati da Michele Festini, in questi ultimi giorni hanno percorso in lungo il largo le montagne della Val Comelico alla ricerca di un campo di [&hellip;]<\/p>\n","protected":false},"author":2,"featured_media":0,"comment_status":"closed","ping_status":"open","sticky":false,"template":"","format":"standard","meta":{"footnotes":""},"categories":[25,4],"tags":[],"class_list":["post-34193","post","type-post","status-publish","format-standard","category-pausa-caffe","category-sport"],"yoast_head":"<!-- This site is optimized with the Yoast SEO plugin v28.4 - https:\/\/yoast.com\/product\/yoast-seo-wordpress\/ -->\n<title>Confermata la Pitturina ski race del 29 gennaio a Candide di Cadore - Bellunopress - Dolomiti<\/title>\n<meta name=\"robots\" content=\"index, follow, max-snippet:-1, max-image-preview:large, max-video-preview:-1\" \/>\n<link rel=\"canonical\" href=\"https:\/\/www.bellunopress.it\/fr\/2012\/01\/16\/confermata-la-pitturina-ski-race-del-29-gennaio-a-candide-di-cadore\/\" \/>\n<meta property=\"og:locale\" content=\"fr_FR\" \/>\n<meta property=\"og:type\" content=\"article\" \/>\n<meta property=\"og:title\" content=\"Confermata la Pitturina ski race del 29 gennaio a Candide di Cadore - Bellunopress - Dolomiti\" \/>\n<meta property=\"og:description\" content=\"La Pitturina ski race in programma il 29 gennaio aprir\u00e0 la stagione della Coppa Italia e sar\u00e0 la prima prova &#8220;senior&#8221; della Coppa delle Dolomiti. I ragazzi dello Spiquy Team, coordinati da Michele Festini, in questi ultimi giorni hanno percorso in lungo il largo le montagne della Val Comelico alla ricerca di un campo di [&hellip;]\" \/>\n<meta property=\"og:url\" content=\"https:\/\/www.bellunopress.it\/fr\/2012\/01\/16\/confermata-la-pitturina-ski-race-del-29-gennaio-a-candide-di-cadore\/\" \/>\n<meta property=\"og:site_name\" content=\"Bellunopress - Dolomiti\" \/>\n<meta property=\"article:publisher\" content=\"https:\/\/www.facebook.com\/profile.php?id=100008943462799\" \/>\n<meta property=\"article:published_time\" content=\"2012-01-16T14:51:49+00:00\" \/>\n<meta property=\"og:image\" content=\"http:\/\/www.bellunopress.it\/wp-content\/uploads\/2012\/07\/logo-bellunopress-250x250-2012.jpg\" \/>\n<meta name=\"author\" content=\"redazione\" \/>\n<meta name=\"twitter:card\" content=\"summary_large_image\" \/>\n<meta name=\"twitter:creator\" content=\"@bellunopress\" \/>\n<meta name=\"twitter:site\" content=\"@bellunopress\" \/>\n<meta name=\"twitter:label1\" content=\"Written by\" \/>\n\t<meta name=\"twitter:data1\" content=\"redazione\" \/>\n\t<meta name=\"twitter:label2\" content=\"Est. reading time\" \/>\n\t<meta name=\"twitter:data2\" content=\"3 minutes\" \/>\n<script type=\"application\/ld+json\" class=\"yoast-schema-graph\">{\"@context\":\"https:\\\/\\\/schema.org\",\"@graph\":[{\"@type\":\"Article\",\"@id\":\"https:\\\/\\\/www.bellunopress.it\\\/2012\\\/01\\\/16\\\/confermata-la-pitturina-ski-race-del-29-gennaio-a-candide-di-cadore\\\/#article\",\"isPartOf\":{\"@id\":\"https:\\\/\\\/www.bellunopress.it\\\/2012\\\/01\\\/16\\\/confermata-la-pitturina-ski-race-del-29-gennaio-a-candide-di-cadore\\\/\"},\"author\":{\"name\":\"redazione\",\"@id\":\"https:\\\/\\\/www.bellunopress.it\\\/#\\\/schema\\\/person\\\/79bb06722b37ece1c03d3e94beb30d73\"},\"headline\":\"Confermata la Pitturina ski race del 29 gennaio a Candide di Cadore\",\"datePublished\":\"2012-01-16T14:51:49+00:00\",\"mainEntityOfPage\":{\"@id\":\"https:\\\/\\\/www.bellunopress.it\\\/2012\\\/01\\\/16\\\/confermata-la-pitturina-ski-race-del-29-gennaio-a-candide-di-cadore\\\/\"},\"wordCount\":584,\"publisher\":{\"@id\":\"https:\\\/\\\/www.bellunopress.it\\\/#organization\"},\"articleSection\":[\"Pausa Caff\u00e8\",\"Sport, tempo libero\"],\"inLanguage\":\"fr-FR\"},{\"@type\":\"WebPage\",\"@id\":\"https:\\\/\\\/www.bellunopress.it\\\/2012\\\/01\\\/16\\\/confermata-la-pitturina-ski-race-del-29-gennaio-a-candide-di-cadore\\\/\",\"url\":\"https:\\\/\\\/www.bellunopress.it\\\/2012\\\/01\\\/16\\\/confermata-la-pitturina-ski-race-del-29-gennaio-a-candide-di-cadore\\\/\",\"name\":\"Confermata la Pitturina ski race del 29 gennaio a Candide di Cadore - Bellunopress - Dolomiti\",\"isPartOf\":{\"@id\":\"https:\\\/\\\/www.bellunopress.it\\\/#website\"},\"datePublished\":\"2012-01-16T14:51:49+00:00\",\"breadcrumb\":{\"@id\":\"https:\\\/\\\/www.bellunopress.it\\\/2012\\\/01\\\/16\\\/confermata-la-pitturina-ski-race-del-29-gennaio-a-candide-di-cadore\\\/#breadcrumb\"},\"inLanguage\":\"fr-FR\",\"potentialAction\":[{\"@type\":\"ReadAction\",\"target\":[\"https:\\\/\\\/www.bellunopress.it\\\/2012\\\/01\\\/16\\\/confermata-la-pitturina-ski-race-del-29-gennaio-a-candide-di-cadore\\\/\"]}]},{\"@type\":\"BreadcrumbList\",\"@id\":\"https:\\\/\\\/www.bellunopress.it\\\/2012\\\/01\\\/16\\\/confermata-la-pitturina-ski-race-del-29-gennaio-a-candide-di-cadore\\\/#breadcrumb\",\"itemListElement\":[{\"@type\":\"ListItem\",\"position\":1,\"name\":\"Home\",\"item\":\"https:\\\/\\\/www.bellunopress.it\\\/\"},{\"@type\":\"ListItem\",\"position\":2,\"name\":\"Confermata la Pitturina ski race del 29 gennaio a Candide di Cadore\"}]},{\"@type\":\"WebSite\",\"@id\":\"https:\\\/\\\/www.bellunopress.it\\\/#website\",\"url\":\"https:\\\/\\\/www.bellunopress.it\\\/\",\"name\":\"Bellunopress - Dolomiti\",\"description\":\"e-mail: redazione@bellunopress.it\",\"publisher\":{\"@id\":\"https:\\\/\\\/www.bellunopress.it\\\/#organization\"},\"potentialAction\":[{\"@type\":\"SearchAction\",\"target\":{\"@type\":\"EntryPoint\",\"urlTemplate\":\"https:\\\/\\\/www.bellunopress.it\\\/?s={search_term_string}\"},\"query-input\":{\"@type\":\"PropertyValueSpecification\",\"valueRequired\":true,\"valueName\":\"search_term_string\"}}],\"inLanguage\":\"fr-FR\"},{\"@type\":\"Organization\",\"@id\":\"https:\\\/\\\/www.bellunopress.it\\\/#organization\",\"name\":\"Bellunopress\",\"url\":\"https:\\\/\\\/www.bellunopress.it\\\/\",\"logo\":{\"@type\":\"ImageObject\",\"inLanguage\":\"fr-FR\",\"@id\":\"https:\\\/\\\/www.bellunopress.it\\\/#\\\/schema\\\/logo\\\/image\\\/\",\"url\":\"https:\\\/\\\/www.bellunopress.it\\\/wp-content\\\/uploads\\\/2011\\\/05\\\/cropped-logo-bellunopress-.jpg\",\"contentUrl\":\"https:\\\/\\\/www.bellunopress.it\\\/wp-content\\\/uploads\\\/2011\\\/05\\\/cropped-logo-bellunopress-.jpg\",\"width\":512,\"height\":512,\"caption\":\"Bellunopress\"},\"image\":{\"@id\":\"https:\\\/\\\/www.bellunopress.it\\\/#\\\/schema\\\/logo\\\/image\\\/\"},\"sameAs\":[\"https:\\\/\\\/www.facebook.com\\\/profile.php?id=100008943462799\",\"https:\\\/\\\/x.com\\\/bellunopress\",\"https:\\\/\\\/www.linkedin.com\\\/hp\\\/?dnr=JBzUWaJfMUw8vbXJJ2tVW5-I3jZKvC4wsoxE&amp;amp;amp;amp;amp;amp;trk=nav_responsive_tab_home\",\"https:\\\/\\\/www.youtube.com\\\/channel\\\/UCxL0wu1uN0_3_7hGG0306cw\"]},{\"@type\":\"Person\",\"@id\":\"https:\\\/\\\/www.bellunopress.it\\\/#\\\/schema\\\/person\\\/79bb06722b37ece1c03d3e94beb30d73\",\"name\":\"redazione\",\"image\":{\"@type\":\"ImageObject\",\"inLanguage\":\"fr-FR\",\"@id\":\"https:\\\/\\\/secure.gravatar.com\\\/avatar\\\/37d968a2e67a6fd04c169c4bdef102d0bc5d31b2546345219e348575eb80e9a0?s=96&d=mm&r=g\",\"url\":\"https:\\\/\\\/secure.gravatar.com\\\/avatar\\\/37d968a2e67a6fd04c169c4bdef102d0bc5d31b2546345219e348575eb80e9a0?s=96&d=mm&r=g\",\"contentUrl\":\"https:\\\/\\\/secure.gravatar.com\\\/avatar\\\/37d968a2e67a6fd04c169c4bdef102d0bc5d31b2546345219e348575eb80e9a0?s=96&d=mm&r=g\",\"caption\":\"redazione\"},\"sameAs\":[\"http:\\\/\\\/www.bellunopress.it\",\"https:\\\/\\\/x.com\\\/bellunopress\"],\"url\":\"https:\\\/\\\/www.bellunopress.it\\\/fr\\\/author\\\/redazione\\\/\"}]}<\/script>\n<!-- \/ Yoast SEO plugin. -->","yoast_head_json":{"title":"Confermata la Pitturina ski race del 29 gennaio a Candide di Cadore - Bellunopress - Dolomiti","robots":{"index":"index","follow":"follow","max-snippet":"max-snippet:-1","max-image-preview":"max-image-preview:large","max-video-preview":"max-video-preview:-1"},"canonical":"https:\/\/www.bellunopress.it\/fr\/2012\/01\/16\/confermata-la-pitturina-ski-race-del-29-gennaio-a-candide-di-cadore\/","og_locale":"fr_FR","og_type":"article","og_title":"Confermata la Pitturina ski race del 29 gennaio a Candide di Cadore - Bellunopress - Dolomiti","og_description":"La Pitturina ski race in programma il 29 gennaio aprir\u00e0 la stagione della Coppa Italia e sar\u00e0 la prima prova &#8220;senior&#8221; della Coppa delle Dolomiti. I ragazzi dello Spiquy Team, coordinati da Michele Festini, in questi ultimi giorni hanno percorso in lungo il largo le montagne della Val Comelico alla ricerca di un campo di [&hellip;]","og_url":"https:\/\/www.bellunopress.it\/fr\/2012\/01\/16\/confermata-la-pitturina-ski-race-del-29-gennaio-a-candide-di-cadore\/","og_site_name":"Bellunopress - Dolomiti","article_publisher":"https:\/\/www.facebook.com\/profile.php?id=100008943462799","article_published_time":"2012-01-16T14:51:49+00:00","og_image":[{"url":"http:\/\/www.bellunopress.it\/wp-content\/uploads\/2012\/07\/logo-bellunopress-250x250-2012.jpg","type":"","width":"","height":""}],"author":"redazione","twitter_card":"summary_large_image","twitter_creator":"@bellunopress","twitter_site":"@bellunopress","twitter_misc":{"Written by":"redazione","Est. reading time":"3 minutes"},"schema":{"@context":"https:\/\/schema.org","@graph":[{"@type":"Article","@id":"https:\/\/www.bellunopress.it\/2012\/01\/16\/confermata-la-pitturina-ski-race-del-29-gennaio-a-candide-di-cadore\/#article","isPartOf":{"@id":"https:\/\/www.bellunopress.it\/2012\/01\/16\/confermata-la-pitturina-ski-race-del-29-gennaio-a-candide-di-cadore\/"},"author":{"name":"redazione","@id":"https:\/\/www.bellunopress.it\/#\/schema\/person\/79bb06722b37ece1c03d3e94beb30d73"},"headline":"Confermata la Pitturina ski race del 29 gennaio a Candide di Cadore","datePublished":"2012-01-16T14:51:49+00:00","mainEntityOfPage":{"@id":"https:\/\/www.bellunopress.it\/2012\/01\/16\/confermata-la-pitturina-ski-race-del-29-gennaio-a-candide-di-cadore\/"},"wordCount":584,"publisher":{"@id":"https:\/\/www.bellunopress.it\/#organization"},"articleSection":["Pausa Caff\u00e8","Sport, tempo libero"],"inLanguage":"fr-FR"},{"@type":"WebPage","@id":"https:\/\/www.bellunopress.it\/2012\/01\/16\/confermata-la-pitturina-ski-race-del-29-gennaio-a-candide-di-cadore\/","url":"https:\/\/www.bellunopress.it\/2012\/01\/16\/confermata-la-pitturina-ski-race-del-29-gennaio-a-candide-di-cadore\/","name":"Confermata la Pitturina ski race del 29 gennaio a Candide di Cadore - Bellunopress - Dolomiti","isPartOf":{"@id":"https:\/\/www.bellunopress.it\/#website"},"datePublished":"2012-01-16T14:51:49+00:00","breadcrumb":{"@id":"https:\/\/www.bellunopress.it\/2012\/01\/16\/confermata-la-pitturina-ski-race-del-29-gennaio-a-candide-di-cadore\/#breadcrumb"},"inLanguage":"fr-FR","potentialAction":[{"@type":"ReadAction","target":["https:\/\/www.bellunopress.it\/2012\/01\/16\/confermata-la-pitturina-ski-race-del-29-gennaio-a-candide-di-cadore\/"]}]},{"@type":"BreadcrumbList","@id":"https:\/\/www.bellunopress.it\/2012\/01\/16\/confermata-la-pitturina-ski-race-del-29-gennaio-a-candide-di-cadore\/#breadcrumb","itemListElement":[{"@type":"ListItem","position":1,"name":"Home","item":"https:\/\/www.bellunopress.it\/"},{"@type":"ListItem","position":2,"name":"Confermata la Pitturina ski race del 29 gennaio a Candide di Cadore"}]},{"@type":"WebSite","@id":"https:\/\/www.bellunopress.it\/#website","url":"https:\/\/www.bellunopress.it\/","name":"Bellunopress - Dolomiti","description":"e-mail: redazione@bellunopress.it","publisher":{"@id":"https:\/\/www.bellunopress.it\/#organization"},"potentialAction":[{"@type":"SearchAction","target":{"@type":"EntryPoint","urlTemplate":"https:\/\/www.bellunopress.it\/?s={search_term_string}"},"query-input":{"@type":"PropertyValueSpecification","valueRequired":true,"valueName":"search_term_string"}}],"inLanguage":"fr-FR"},{"@type":"Organization","@id":"https:\/\/www.bellunopress.it\/#organization","name":"Bellunopress","url":"https:\/\/www.bellunopress.it\/","logo":{"@type":"ImageObject","inLanguage":"fr-FR","@id":"https:\/\/www.bellunopress.it\/#\/schema\/logo\/image\/","url":"https:\/\/www.bellunopress.it\/wp-content\/uploads\/2011\/05\/cropped-logo-bellunopress-.jpg","contentUrl":"https:\/\/www.bellunopress.it\/wp-content\/uploads\/2011\/05\/cropped-logo-bellunopress-.jpg","width":512,"height":512,"caption":"Bellunopress"},"image":{"@id":"https:\/\/www.bellunopress.it\/#\/schema\/logo\/image\/"},"sameAs":["https:\/\/www.facebook.com\/profile.php?id=100008943462799","https:\/\/x.com\/bellunopress","https:\/\/www.linkedin.com\/hp\/?dnr=JBzUWaJfMUw8vbXJJ2tVW5-I3jZKvC4wsoxE&amp;amp;amp;amp;amp;amp;trk=nav_responsive_tab_home","https:\/\/www.youtube.com\/channel\/UCxL0wu1uN0_3_7hGG0306cw"]},{"@type":"Person","@id":"https:\/\/www.bellunopress.it\/#\/schema\/person\/79bb06722b37ece1c03d3e94beb30d73","name":"r\u00e9daction","image":{"@type":"ImageObject","inLanguage":"fr-FR","@id":"https:\/\/secure.gravatar.com\/avatar\/37d968a2e67a6fd04c169c4bdef102d0bc5d31b2546345219e348575eb80e9a0?s=96&d=mm&r=g","url":"https:\/\/secure.gravatar.com\/avatar\/37d968a2e67a6fd04c169c4bdef102d0bc5d31b2546345219e348575eb80e9a0?s=96&d=mm&r=g","contentUrl":"https:\/\/secure.gravatar.com\/avatar\/37d968a2e67a6fd04c169c4bdef102d0bc5d31b2546345219e348575eb80e9a0?s=96&d=mm&r=g","caption":"redazione"},"sameAs":["http:\/\/www.bellunopress.it","https:\/\/x.com\/bellunopress"],"url":"https:\/\/www.bellunopress.it\/fr\/author\/redazione\/"}]}},"_links":{"self":[{"href":"https:\/\/www.bellunopress.it\/fr\/wp-json\/wp\/v2\/posts\/34193","targetHints":{"allow":["GET"]}}],"collection":[{"href":"https:\/\/www.bellunopress.it\/fr\/wp-json\/wp\/v2\/posts"}],"about":[{"href":"https:\/\/www.bellunopress.it\/fr\/wp-json\/wp\/v2\/types\/post"}],"author":[{"embeddable":true,"href":"https:\/\/www.bellunopress.it\/fr\/wp-json\/wp\/v2\/users\/2"}],"replies":[{"embeddable":true,"href":"https:\/\/www.bellunopress.it\/fr\/wp-json\/wp\/v2\/comments?post=34193"}],"version-history":[{"count":1,"href":"https:\/\/www.bellunopress.it\/fr\/wp-json\/wp\/v2\/posts\/34193\/revisions"}],"predecessor-version":[{"id":34194,"href":"https:\/\/www.bellunopress.it\/fr\/wp-json\/wp\/v2\/posts\/34193\/revisions\/34194"}],"wp:attachment":[{"href":"https:\/\/www.bellunopress.it\/fr\/wp-json\/wp\/v2\/media?parent=34193"}],"wp:term":[{"taxonomy":"category","embeddable":true,"href":"https:\/\/www.bellunopress.it\/fr\/wp-json\/wp\/v2\/categories?post=34193"},{"taxonomy":"post_tag","embeddable":true,"href":"https:\/\/www.bellunopress.it\/fr\/wp-json\/wp\/v2\/tags?post=34193"}],"curies":[{"name":"wp","href":"https:\/\/api.w.org\/{rel}","templated":true}]}}