{"id":34191,"date":"2012-01-16T15:44:05","date_gmt":"2012-01-16T14:44:05","guid":{"rendered":"http:\/\/www.bellunopress.it\/?p=34191"},"modified":"2012-01-16T15:44:05","modified_gmt":"2012-01-16T14:44:05","slug":"lhafro-cortina-si-impone-sul-bolzano-e-porta-a-casa-la-coppa-italia-dopo-i-tiri-di-rigore","status":"publish","type":"post","link":"https:\/\/www.bellunopress.it\/fr\/2012\/01\/16\/lhafro-cortina-si-impone-sul-bolzano-e-porta-a-casa-la-coppa-italia-dopo-i-tiri-di-rigore\/","title":{"rendered":"L\u2019Hafro Cortina si impone sul Bolzano e porta a casa la Coppa Italia dopo i tiri di rigore"},"content":{"rendered":"<figure id=\"attachment_32126\" aria-describedby=\"caption-attachment-32126\" style=\"width: 145px\" class=\"wp-caption alignleft\"><a href=\"http:\/\/www.bellunopress.it\/wp-content\/uploads\/2011\/11\/sportivi-ghiaccio-cortina.jpg\"><img loading=\"lazy\" decoding=\"async\" class=\"size-full wp-image-32126\" title=\"sportivi ghiaccio cortina\" src=\"http:\/\/www.bellunopress.it\/wp-content\/uploads\/2011\/11\/sportivi-ghiaccio-cortina.jpg\" alt=\"\" width=\"145\" height=\"138\" \/><\/a><figcaption id=\"caption-attachment-32126\" class=\"wp-caption-text\">Sportivi Ghiaccio Cortina<\/figcaption><\/figure>\n<p>\u00abChe soddisfazione, che soddisfazione!\u00bb.Era davvero contento, subito dopo il match di ieri contro il Bolzano, il presidente della Sportivi Ghiaccio Cortina Sandro Moser per la vittoria dell\u2019Hafro Cortina in Coppa Italia, dopo una partita al cardiopalma che ha fatto tenere con il fiato sospeso gli oltre duemila del PalaOnda, compreso un drappello di tifosi ampezzani che, poche decine, hanno saputo tener testa al tifo dei bolzanini.<\/p>\n<p>Dopo essere stati avanti per 2 a 0, i ragazzi di coach Stefan Mair hanno subito due goal all\u2019inizio del terzo tempo, e a un minuto e mezzo dalla fine \u00e8 arrivato anche il 3 a 2 per i bolzanini.<\/p>\n<p>\u00abQuasi non ci credevo pi\u00f9\u00bb, ha commentato ancora Moser. Ma, sotto di un goal, ecco il piccolo capolavoro di Mair e della squadra: il coach chiama il time out, disegna sulla sua lavagnetta, il gioco riprende, il disco arriva in zona d\u2019attacco, Mair guarda la sua prima linea costruire il gioco, a trentacinque secondi dalla sirena fa segno a JP Levasseur di uscire dai pali per far entrare il sesto uomo di movimento. I tifosi del Bolzano sono gi\u00e0 pronti per festeggiare la loro quarta Coppa Italia; il tabellone segna che mancano 13 secondi alla fine del match e ci pensa Fraser a freddare gli entusiasmi del PalaOnda, rimettendo la contesa in pareggio e portando poi il Cortina a vincere ai rigori, dopo tre ottimi tiri di Menei, Adami e Johansson (a segno il primo e il terzo) e una superlativa prestazione del portiere ampezzano JP Levasseur.<\/p>\n<p>\u00ab\u00c8 una grande vittoria\u00bb, ha detto ai microfoni della Rai un visibilmente soddisfatto Stefan Mair; \u00abce l\u2019abbiamo messa tutta, e alla fine abbiamo portato a casa il risultato. Meritatamente. Grazie ai ragazzi, che in campo hanno dato tutto per questa coppa\u00bb.<\/p>\n<p>\u00abSe non hai spogliatoio, una cosa del genere non riesci a farla\u00bb, \u00e8 il commento di un tifoso del Cortina alla fine della partita, che valuta la sproporzione delle forze in campo. \u00abSiamo riusciti a battere prima il Valpusteria e poi il Bolzano, che non per niente sono le prime squadre del campionato. Una doppia vittoria contro queste compagini significa che abbiamo vinto con il cuore, con il sudore, con un gruppo che \u00e8 davvero straordinario. Guarda come sono contenti: questa \u00e8 una vittoria che fa bene al morale, che ripaga tutti \u2013 atleti, allenatori, dirigenti, tifosi \u2013 degli sforzi che sono stati fatti fino a oggi\u00bb.<\/p>\n<p>\u00c8 d\u2019accordo con questa analisi proprio il presidente Moser: \u00abNon \u00e8 un miracolo, perch\u00e9 i miracoli accadono per volont\u00e0 di altri. Alla vittoria, ieri sera, ci hanno invece portati la volont\u00e0 di questi ragazzi e il loro crederci fino alla fine, il non mollare mai, il non darsi per vinti. Credo che sia una soddisfazione grandissima per tutti, non solo per la dirigenza della societ\u00e0 ma anche per un paese intero e per tutti i tifosi\u00bb.<\/p>\n<p>\u00abOra dobbiamo tornare a pensare al campionato. Per\u00f2 vorrei dire ancora due parole\u00bb ha concluso Moser. \u00abLa prima \u00e8 una parola di ringraziamento per tutti coloro senza i quali non sarebbe possibile andare avanti: al team che segue la squadra, a tutti coloro che collaborano in vari modi, e soprattutto ai partner e agli sponsor, che al pari di noi hanno creduto in questa squadra. La seconda \u00e8 una parola che rivolgo a tutto il paese: la vittoria di ieri, che riporta la Coppa Italia sotto le Tofane (l\u2019ultima volta era il 1974), \u00e8 un motivo di orgoglio per tutti. Andiamo fieri di questo team che d\u00e0 lustro all\u2019intero paese\u00bb.<\/p>\n<p>&nbsp;<\/p>","protected":false},"excerpt":{"rendered":"<p>\u00abChe soddisfazione, che soddisfazione!\u00bb.Era davvero contento, subito dopo il match di ieri contro il Bolzano, il presidente della Sportivi Ghiaccio Cortina Sandro Moser per la vittoria dell\u2019Hafro Cortina in Coppa Italia, dopo una partita al cardiopalma che ha fatto tenere con il fiato sospeso gli oltre duemila del PalaOnda, compreso un drappello di tifosi ampezzani [&hellip;]<\/p>\n","protected":false},"author":2,"featured_media":0,"comment_status":"closed","ping_status":"open","sticky":false,"template":"","format":"standard","meta":{"footnotes":""},"categories":[26,4],"tags":[],"class_list":["post-34191","post","type-post","status-publish","format-standard","category-prima-pagina","category-sport"],"yoast_head":"<!-- This site is optimized with the Yoast SEO plugin v28.4 - https:\/\/yoast.com\/product\/yoast-seo-wordpress\/ -->\n<title>L\u2019Hafro Cortina si impone sul Bolzano e porta a casa la Coppa Italia dopo i tiri di rigore - Bellunopress - Dolomiti<\/title>\n<meta name=\"robots\" content=\"index, follow, max-snippet:-1, max-image-preview:large, max-video-preview:-1\" \/>\n<link rel=\"canonical\" href=\"https:\/\/www.bellunopress.it\/fr\/2012\/01\/16\/lhafro-cortina-si-impone-sul-bolzano-e-porta-a-casa-la-coppa-italia-dopo-i-tiri-di-rigore\/\" \/>\n<meta property=\"og:locale\" content=\"fr_FR\" \/>\n<meta property=\"og:type\" content=\"article\" \/>\n<meta property=\"og:title\" content=\"L\u2019Hafro Cortina si impone sul Bolzano e porta a casa la Coppa Italia dopo i tiri di rigore - Bellunopress - Dolomiti\" \/>\n<meta property=\"og:description\" content=\"\u00abChe soddisfazione, che soddisfazione!\u00bb.Era davvero contento, subito dopo il match di ieri contro il Bolzano, il presidente della Sportivi Ghiaccio Cortina Sandro Moser per la vittoria dell\u2019Hafro Cortina in Coppa Italia, dopo una partita al cardiopalma che ha fatto tenere con il fiato sospeso gli oltre duemila del PalaOnda, compreso un drappello di tifosi ampezzani [&hellip;]\" \/>\n<meta property=\"og:url\" content=\"https:\/\/www.bellunopress.it\/fr\/2012\/01\/16\/lhafro-cortina-si-impone-sul-bolzano-e-porta-a-casa-la-coppa-italia-dopo-i-tiri-di-rigore\/\" \/>\n<meta property=\"og:site_name\" content=\"Bellunopress - Dolomiti\" \/>\n<meta property=\"article:publisher\" content=\"https:\/\/www.facebook.com\/profile.php?id=100008943462799\" \/>\n<meta property=\"article:published_time\" content=\"2012-01-16T14:44:05+00:00\" \/>\n<meta property=\"og:image\" content=\"http:\/\/www.bellunopress.it\/wp-content\/uploads\/2011\/11\/sportivi-ghiaccio-cortina.jpg\" \/>\n<meta name=\"author\" content=\"redazione\" \/>\n<meta name=\"twitter:card\" content=\"summary_large_image\" \/>\n<meta name=\"twitter:creator\" content=\"@bellunopress\" \/>\n<meta name=\"twitter:site\" content=\"@bellunopress\" \/>\n<meta name=\"twitter:label1\" content=\"Written by\" \/>\n\t<meta name=\"twitter:data1\" content=\"redazione\" \/>\n\t<meta name=\"twitter:label2\" content=\"Est. reading time\" \/>\n\t<meta name=\"twitter:data2\" content=\"3 minutes\" \/>\n<script type=\"application\/ld+json\" class=\"yoast-schema-graph\">{\"@context\":\"https:\\\/\\\/schema.org\",\"@graph\":[{\"@type\":\"Article\",\"@id\":\"https:\\\/\\\/www.bellunopress.it\\\/2012\\\/01\\\/16\\\/lhafro-cortina-si-impone-sul-bolzano-e-porta-a-casa-la-coppa-italia-dopo-i-tiri-di-rigore\\\/#article\",\"isPartOf\":{\"@id\":\"https:\\\/\\\/www.bellunopress.it\\\/2012\\\/01\\\/16\\\/lhafro-cortina-si-impone-sul-bolzano-e-porta-a-casa-la-coppa-italia-dopo-i-tiri-di-rigore\\\/\"},\"author\":{\"name\":\"redazione\",\"@id\":\"https:\\\/\\\/www.bellunopress.it\\\/#\\\/schema\\\/person\\\/79bb06722b37ece1c03d3e94beb30d73\"},\"headline\":\"L\u2019Hafro Cortina si impone sul Bolzano e porta a casa la Coppa Italia dopo i tiri di rigore\",\"datePublished\":\"2012-01-16T14:44:05+00:00\",\"mainEntityOfPage\":{\"@id\":\"https:\\\/\\\/www.bellunopress.it\\\/2012\\\/01\\\/16\\\/lhafro-cortina-si-impone-sul-bolzano-e-porta-a-casa-la-coppa-italia-dopo-i-tiri-di-rigore\\\/\"},\"wordCount\":608,\"publisher\":{\"@id\":\"https:\\\/\\\/www.bellunopress.it\\\/#organization\"},\"image\":{\"@id\":\"https:\\\/\\\/www.bellunopress.it\\\/2012\\\/01\\\/16\\\/lhafro-cortina-si-impone-sul-bolzano-e-porta-a-casa-la-coppa-italia-dopo-i-tiri-di-rigore\\\/#primaryimage\"},\"thumbnailUrl\":\"http:\\\/\\\/www.bellunopress.it\\\/wp-content\\\/uploads\\\/2011\\\/11\\\/sportivi-ghiaccio-cortina.jpg\",\"articleSection\":[\"Prima Pagina\",\"Sport, tempo libero\"],\"inLanguage\":\"fr-FR\"},{\"@type\":\"WebPage\",\"@id\":\"https:\\\/\\\/www.bellunopress.it\\\/2012\\\/01\\\/16\\\/lhafro-cortina-si-impone-sul-bolzano-e-porta-a-casa-la-coppa-italia-dopo-i-tiri-di-rigore\\\/\",\"url\":\"https:\\\/\\\/www.bellunopress.it\\\/2012\\\/01\\\/16\\\/lhafro-cortina-si-impone-sul-bolzano-e-porta-a-casa-la-coppa-italia-dopo-i-tiri-di-rigore\\\/\",\"name\":\"L\u2019Hafro Cortina si impone sul Bolzano e porta a casa la Coppa Italia dopo i tiri di rigore - Bellunopress - Dolomiti\",\"isPartOf\":{\"@id\":\"https:\\\/\\\/www.bellunopress.it\\\/#website\"},\"primaryImageOfPage\":{\"@id\":\"https:\\\/\\\/www.bellunopress.it\\\/2012\\\/01\\\/16\\\/lhafro-cortina-si-impone-sul-bolzano-e-porta-a-casa-la-coppa-italia-dopo-i-tiri-di-rigore\\\/#primaryimage\"},\"image\":{\"@id\":\"https:\\\/\\\/www.bellunopress.it\\\/2012\\\/01\\\/16\\\/lhafro-cortina-si-impone-sul-bolzano-e-porta-a-casa-la-coppa-italia-dopo-i-tiri-di-rigore\\\/#primaryimage\"},\"thumbnailUrl\":\"http:\\\/\\\/www.bellunopress.it\\\/wp-content\\\/uploads\\\/2011\\\/11\\\/sportivi-ghiaccio-cortina.jpg\",\"datePublished\":\"2012-01-16T14:44:05+00:00\",\"breadcrumb\":{\"@id\":\"https:\\\/\\\/www.bellunopress.it\\\/2012\\\/01\\\/16\\\/lhafro-cortina-si-impone-sul-bolzano-e-porta-a-casa-la-coppa-italia-dopo-i-tiri-di-rigore\\\/#breadcrumb\"},\"inLanguage\":\"fr-FR\",\"potentialAction\":[{\"@type\":\"ReadAction\",\"target\":[\"https:\\\/\\\/www.bellunopress.it\\\/2012\\\/01\\\/16\\\/lhafro-cortina-si-impone-sul-bolzano-e-porta-a-casa-la-coppa-italia-dopo-i-tiri-di-rigore\\\/\"]}]},{\"@type\":\"ImageObject\",\"inLanguage\":\"fr-FR\",\"@id\":\"https:\\\/\\\/www.bellunopress.it\\\/2012\\\/01\\\/16\\\/lhafro-cortina-si-impone-sul-bolzano-e-porta-a-casa-la-coppa-italia-dopo-i-tiri-di-rigore\\\/#primaryimage\",\"url\":\"http:\\\/\\\/www.bellunopress.it\\\/wp-content\\\/uploads\\\/2011\\\/11\\\/sportivi-ghiaccio-cortina.jpg\",\"contentUrl\":\"http:\\\/\\\/www.bellunopress.it\\\/wp-content\\\/uploads\\\/2011\\\/11\\\/sportivi-ghiaccio-cortina.jpg\"},{\"@type\":\"BreadcrumbList\",\"@id\":\"https:\\\/\\\/www.bellunopress.it\\\/2012\\\/01\\\/16\\\/lhafro-cortina-si-impone-sul-bolzano-e-porta-a-casa-la-coppa-italia-dopo-i-tiri-di-rigore\\\/#breadcrumb\",\"itemListElement\":[{\"@type\":\"ListItem\",\"position\":1,\"name\":\"Home\",\"item\":\"https:\\\/\\\/www.bellunopress.it\\\/\"},{\"@type\":\"ListItem\",\"position\":2,\"name\":\"L\u2019Hafro Cortina si impone sul Bolzano e porta a casa la Coppa Italia dopo i tiri di rigore\"}]},{\"@type\":\"WebSite\",\"@id\":\"https:\\\/\\\/www.bellunopress.it\\\/#website\",\"url\":\"https:\\\/\\\/www.bellunopress.it\\\/\",\"name\":\"Bellunopress - Dolomiti\",\"description\":\"e-mail: redazione@bellunopress.it\",\"publisher\":{\"@id\":\"https:\\\/\\\/www.bellunopress.it\\\/#organization\"},\"potentialAction\":[{\"@type\":\"SearchAction\",\"target\":{\"@type\":\"EntryPoint\",\"urlTemplate\":\"https:\\\/\\\/www.bellunopress.it\\\/?s={search_term_string}\"},\"query-input\":{\"@type\":\"PropertyValueSpecification\",\"valueRequired\":true,\"valueName\":\"search_term_string\"}}],\"inLanguage\":\"fr-FR\"},{\"@type\":\"Organization\",\"@id\":\"https:\\\/\\\/www.bellunopress.it\\\/#organization\",\"name\":\"Bellunopress\",\"url\":\"https:\\\/\\\/www.bellunopress.it\\\/\",\"logo\":{\"@type\":\"ImageObject\",\"inLanguage\":\"fr-FR\",\"@id\":\"https:\\\/\\\/www.bellunopress.it\\\/#\\\/schema\\\/logo\\\/image\\\/\",\"url\":\"https:\\\/\\\/www.bellunopress.it\\\/wp-content\\\/uploads\\\/2011\\\/05\\\/cropped-logo-bellunopress-.jpg\",\"contentUrl\":\"https:\\\/\\\/www.bellunopress.it\\\/wp-content\\\/uploads\\\/2011\\\/05\\\/cropped-logo-bellunopress-.jpg\",\"width\":512,\"height\":512,\"caption\":\"Bellunopress\"},\"image\":{\"@id\":\"https:\\\/\\\/www.bellunopress.it\\\/#\\\/schema\\\/logo\\\/image\\\/\"},\"sameAs\":[\"https:\\\/\\\/www.facebook.com\\\/profile.php?id=100008943462799\",\"https:\\\/\\\/x.com\\\/bellunopress\",\"https:\\\/\\\/www.linkedin.com\\\/hp\\\/?dnr=JBzUWaJfMUw8vbXJJ2tVW5-I3jZKvC4wsoxE&amp;amp;amp;amp;amp;amp;trk=nav_responsive_tab_home\",\"https:\\\/\\\/www.youtube.com\\\/channel\\\/UCxL0wu1uN0_3_7hGG0306cw\"]},{\"@type\":\"Person\",\"@id\":\"https:\\\/\\\/www.bellunopress.it\\\/#\\\/schema\\\/person\\\/79bb06722b37ece1c03d3e94beb30d73\",\"name\":\"redazione\",\"image\":{\"@type\":\"ImageObject\",\"inLanguage\":\"fr-FR\",\"@id\":\"https:\\\/\\\/secure.gravatar.com\\\/avatar\\\/37d968a2e67a6fd04c169c4bdef102d0bc5d31b2546345219e348575eb80e9a0?s=96&d=mm&r=g\",\"url\":\"https:\\\/\\\/secure.gravatar.com\\\/avatar\\\/37d968a2e67a6fd04c169c4bdef102d0bc5d31b2546345219e348575eb80e9a0?s=96&d=mm&r=g\",\"contentUrl\":\"https:\\\/\\\/secure.gravatar.com\\\/avatar\\\/37d968a2e67a6fd04c169c4bdef102d0bc5d31b2546345219e348575eb80e9a0?s=96&d=mm&r=g\",\"caption\":\"redazione\"},\"sameAs\":[\"http:\\\/\\\/www.bellunopress.it\",\"https:\\\/\\\/x.com\\\/bellunopress\"],\"url\":\"https:\\\/\\\/www.bellunopress.it\\\/fr\\\/author\\\/redazione\\\/\"}]}<\/script>\n<!-- \/ Yoast SEO plugin. -->","yoast_head_json":{"title":"L\u2019Hafro Cortina si impone sul Bolzano e porta a casa la Coppa Italia dopo i tiri di rigore - Bellunopress - Dolomiti","robots":{"index":"index","follow":"follow","max-snippet":"max-snippet:-1","max-image-preview":"max-image-preview:large","max-video-preview":"max-video-preview:-1"},"canonical":"https:\/\/www.bellunopress.it\/fr\/2012\/01\/16\/lhafro-cortina-si-impone-sul-bolzano-e-porta-a-casa-la-coppa-italia-dopo-i-tiri-di-rigore\/","og_locale":"fr_FR","og_type":"article","og_title":"L\u2019Hafro Cortina si impone sul Bolzano e porta a casa la Coppa Italia dopo i tiri di rigore - Bellunopress - Dolomiti","og_description":"\u00abChe soddisfazione, che soddisfazione!\u00bb.Era davvero contento, subito dopo il match di ieri contro il Bolzano, il presidente della Sportivi Ghiaccio Cortina Sandro Moser per la vittoria dell\u2019Hafro Cortina in Coppa Italia, dopo una partita al cardiopalma che ha fatto tenere con il fiato sospeso gli oltre duemila del PalaOnda, compreso un drappello di tifosi ampezzani [&hellip;]","og_url":"https:\/\/www.bellunopress.it\/fr\/2012\/01\/16\/lhafro-cortina-si-impone-sul-bolzano-e-porta-a-casa-la-coppa-italia-dopo-i-tiri-di-rigore\/","og_site_name":"Bellunopress - Dolomiti","article_publisher":"https:\/\/www.facebook.com\/profile.php?id=100008943462799","article_published_time":"2012-01-16T14:44:05+00:00","og_image":[{"url":"http:\/\/www.bellunopress.it\/wp-content\/uploads\/2011\/11\/sportivi-ghiaccio-cortina.jpg","type":"","width":"","height":""}],"author":"redazione","twitter_card":"summary_large_image","twitter_creator":"@bellunopress","twitter_site":"@bellunopress","twitter_misc":{"Written by":"redazione","Est. reading time":"3 minutes"},"schema":{"@context":"https:\/\/schema.org","@graph":[{"@type":"Article","@id":"https:\/\/www.bellunopress.it\/2012\/01\/16\/lhafro-cortina-si-impone-sul-bolzano-e-porta-a-casa-la-coppa-italia-dopo-i-tiri-di-rigore\/#article","isPartOf":{"@id":"https:\/\/www.bellunopress.it\/2012\/01\/16\/lhafro-cortina-si-impone-sul-bolzano-e-porta-a-casa-la-coppa-italia-dopo-i-tiri-di-rigore\/"},"author":{"name":"redazione","@id":"https:\/\/www.bellunopress.it\/#\/schema\/person\/79bb06722b37ece1c03d3e94beb30d73"},"headline":"L\u2019Hafro Cortina si impone sul Bolzano e porta a casa la Coppa Italia dopo i tiri di rigore","datePublished":"2012-01-16T14:44:05+00:00","mainEntityOfPage":{"@id":"https:\/\/www.bellunopress.it\/2012\/01\/16\/lhafro-cortina-si-impone-sul-bolzano-e-porta-a-casa-la-coppa-italia-dopo-i-tiri-di-rigore\/"},"wordCount":608,"publisher":{"@id":"https:\/\/www.bellunopress.it\/#organization"},"image":{"@id":"https:\/\/www.bellunopress.it\/2012\/01\/16\/lhafro-cortina-si-impone-sul-bolzano-e-porta-a-casa-la-coppa-italia-dopo-i-tiri-di-rigore\/#primaryimage"},"thumbnailUrl":"http:\/\/www.bellunopress.it\/wp-content\/uploads\/2011\/11\/sportivi-ghiaccio-cortina.jpg","articleSection":["Prima Pagina","Sport, tempo libero"],"inLanguage":"fr-FR"},{"@type":"WebPage","@id":"https:\/\/www.bellunopress.it\/2012\/01\/16\/lhafro-cortina-si-impone-sul-bolzano-e-porta-a-casa-la-coppa-italia-dopo-i-tiri-di-rigore\/","url":"https:\/\/www.bellunopress.it\/2012\/01\/16\/lhafro-cortina-si-impone-sul-bolzano-e-porta-a-casa-la-coppa-italia-dopo-i-tiri-di-rigore\/","name":"L\u2019Hafro Cortina si impone sul Bolzano e porta a casa la Coppa Italia dopo i tiri di rigore - Bellunopress - Dolomiti","isPartOf":{"@id":"https:\/\/www.bellunopress.it\/#website"},"primaryImageOfPage":{"@id":"https:\/\/www.bellunopress.it\/2012\/01\/16\/lhafro-cortina-si-impone-sul-bolzano-e-porta-a-casa-la-coppa-italia-dopo-i-tiri-di-rigore\/#primaryimage"},"image":{"@id":"https:\/\/www.bellunopress.it\/2012\/01\/16\/lhafro-cortina-si-impone-sul-bolzano-e-porta-a-casa-la-coppa-italia-dopo-i-tiri-di-rigore\/#primaryimage"},"thumbnailUrl":"http:\/\/www.bellunopress.it\/wp-content\/uploads\/2011\/11\/sportivi-ghiaccio-cortina.jpg","datePublished":"2012-01-16T14:44:05+00:00","breadcrumb":{"@id":"https:\/\/www.bellunopress.it\/2012\/01\/16\/lhafro-cortina-si-impone-sul-bolzano-e-porta-a-casa-la-coppa-italia-dopo-i-tiri-di-rigore\/#breadcrumb"},"inLanguage":"fr-FR","potentialAction":[{"@type":"ReadAction","target":["https:\/\/www.bellunopress.it\/2012\/01\/16\/lhafro-cortina-si-impone-sul-bolzano-e-porta-a-casa-la-coppa-italia-dopo-i-tiri-di-rigore\/"]}]},{"@type":"ImageObject","inLanguage":"fr-FR","@id":"https:\/\/www.bellunopress.it\/2012\/01\/16\/lhafro-cortina-si-impone-sul-bolzano-e-porta-a-casa-la-coppa-italia-dopo-i-tiri-di-rigore\/#primaryimage","url":"http:\/\/www.bellunopress.it\/wp-content\/uploads\/2011\/11\/sportivi-ghiaccio-cortina.jpg","contentUrl":"http:\/\/www.bellunopress.it\/wp-content\/uploads\/2011\/11\/sportivi-ghiaccio-cortina.jpg"},{"@type":"BreadcrumbList","@id":"https:\/\/www.bellunopress.it\/2012\/01\/16\/lhafro-cortina-si-impone-sul-bolzano-e-porta-a-casa-la-coppa-italia-dopo-i-tiri-di-rigore\/#breadcrumb","itemListElement":[{"@type":"ListItem","position":1,"name":"Home","item":"https:\/\/www.bellunopress.it\/"},{"@type":"ListItem","position":2,"name":"L\u2019Hafro Cortina si impone sul Bolzano e porta a casa la Coppa Italia dopo i tiri di rigore"}]},{"@type":"WebSite","@id":"https:\/\/www.bellunopress.it\/#website","url":"https:\/\/www.bellunopress.it\/","name":"Bellunopress - Dolomiti","description":"e-mail: redazione@bellunopress.it","publisher":{"@id":"https:\/\/www.bellunopress.it\/#organization"},"potentialAction":[{"@type":"SearchAction","target":{"@type":"EntryPoint","urlTemplate":"https:\/\/www.bellunopress.it\/?s={search_term_string}"},"query-input":{"@type":"PropertyValueSpecification","valueRequired":true,"valueName":"search_term_string"}}],"inLanguage":"fr-FR"},{"@type":"Organization","@id":"https:\/\/www.bellunopress.it\/#organization","name":"Bellunopress","url":"https:\/\/www.bellunopress.it\/","logo":{"@type":"ImageObject","inLanguage":"fr-FR","@id":"https:\/\/www.bellunopress.it\/#\/schema\/logo\/image\/","url":"https:\/\/www.bellunopress.it\/wp-content\/uploads\/2011\/05\/cropped-logo-bellunopress-.jpg","contentUrl":"https:\/\/www.bellunopress.it\/wp-content\/uploads\/2011\/05\/cropped-logo-bellunopress-.jpg","width":512,"height":512,"caption":"Bellunopress"},"image":{"@id":"https:\/\/www.bellunopress.it\/#\/schema\/logo\/image\/"},"sameAs":["https:\/\/www.facebook.com\/profile.php?id=100008943462799","https:\/\/x.com\/bellunopress","https:\/\/www.linkedin.com\/hp\/?dnr=JBzUWaJfMUw8vbXJJ2tVW5-I3jZKvC4wsoxE&amp;amp;amp;amp;amp;amp;trk=nav_responsive_tab_home","https:\/\/www.youtube.com\/channel\/UCxL0wu1uN0_3_7hGG0306cw"]},{"@type":"Person","@id":"https:\/\/www.bellunopress.it\/#\/schema\/person\/79bb06722b37ece1c03d3e94beb30d73","name":"r\u00e9daction","image":{"@type":"ImageObject","inLanguage":"fr-FR","@id":"https:\/\/secure.gravatar.com\/avatar\/37d968a2e67a6fd04c169c4bdef102d0bc5d31b2546345219e348575eb80e9a0?s=96&d=mm&r=g","url":"https:\/\/secure.gravatar.com\/avatar\/37d968a2e67a6fd04c169c4bdef102d0bc5d31b2546345219e348575eb80e9a0?s=96&d=mm&r=g","contentUrl":"https:\/\/secure.gravatar.com\/avatar\/37d968a2e67a6fd04c169c4bdef102d0bc5d31b2546345219e348575eb80e9a0?s=96&d=mm&r=g","caption":"redazione"},"sameAs":["http:\/\/www.bellunopress.it","https:\/\/x.com\/bellunopress"],"url":"https:\/\/www.bellunopress.it\/fr\/author\/redazione\/"}]}},"_links":{"self":[{"href":"https:\/\/www.bellunopress.it\/fr\/wp-json\/wp\/v2\/posts\/34191","targetHints":{"allow":["GET"]}}],"collection":[{"href":"https:\/\/www.bellunopress.it\/fr\/wp-json\/wp\/v2\/posts"}],"about":[{"href":"https:\/\/www.bellunopress.it\/fr\/wp-json\/wp\/v2\/types\/post"}],"author":[{"embeddable":true,"href":"https:\/\/www.bellunopress.it\/fr\/wp-json\/wp\/v2\/users\/2"}],"replies":[{"embeddable":true,"href":"https:\/\/www.bellunopress.it\/fr\/wp-json\/wp\/v2\/comments?post=34191"}],"version-history":[{"count":1,"href":"https:\/\/www.bellunopress.it\/fr\/wp-json\/wp\/v2\/posts\/34191\/revisions"}],"predecessor-version":[{"id":34192,"href":"https:\/\/www.bellunopress.it\/fr\/wp-json\/wp\/v2\/posts\/34191\/revisions\/34192"}],"wp:attachment":[{"href":"https:\/\/www.bellunopress.it\/fr\/wp-json\/wp\/v2\/media?parent=34191"}],"wp:term":[{"taxonomy":"category","embeddable":true,"href":"https:\/\/www.bellunopress.it\/fr\/wp-json\/wp\/v2\/categories?post=34191"},{"taxonomy":"post_tag","embeddable":true,"href":"https:\/\/www.bellunopress.it\/fr\/wp-json\/wp\/v2\/tags?post=34191"}],"curies":[{"name":"wp","href":"https:\/\/api.w.org\/{rel}","templated":true}]}}