{"id":34185,"date":"2012-01-16T13:31:10","date_gmt":"2012-01-16T12:31:10","guid":{"rendered":"http:\/\/www.bellunopress.it\/?p=34185"},"modified":"2012-01-16T13:31:10","modified_gmt":"2012-01-16T12:31:10","slug":"bando-per-lassegnazione-di-legna-da-ardere-2011-le-domande-entro-il-27-gennaio-2012","status":"publish","type":"post","link":"https:\/\/www.bellunopress.it\/fr\/2012\/01\/16\/bando-per-lassegnazione-di-legna-da-ardere-2011-le-domande-entro-il-27-gennaio-2012\/","title":{"rendered":"Bando per l&#8217;assegnazione di legna da ardere 2011. Le domande entro il 27 gennaio 2012"},"content":{"rendered":"<p><a href=\"http:\/\/www.bellunopress.it\/wp-content\/uploads\/2010\/08\/palazzo-rosso-municipio.jpg\"><img loading=\"lazy\" decoding=\"async\" class=\"alignleft size-full wp-image-18399\" title=\"palazzo-rosso-municipio\" src=\"http:\/\/www.bellunopress.it\/wp-content\/uploads\/2010\/08\/palazzo-rosso-municipio.jpg\" alt=\"\" width=\"270\" height=\"270\" srcset=\"https:\/\/www.bellunopress.it\/wp-content\/uploads\/2010\/08\/palazzo-rosso-municipio.jpg 270w, https:\/\/www.bellunopress.it\/wp-content\/uploads\/2010\/08\/palazzo-rosso-municipio-150x150.jpg 150w\" sizes=\"auto, (max-width: 270px) 100vw, 270px\" \/><\/a>Il Comune di Belluno ha pubblicato un bando per l&#8217;assegnazione di legna da ardere a raccolta diretta.<br \/>\nSono messi a disposizione 96 lotti di materiale legnoso per ricavarne legna da ardere, nelle zone di Castion, Val Piana\/Col della Crocetta, Valle di S.Antonio e Vaus\/Col di Roanza e Sotto Pradora. Per ogni domanda verranno di norma assegnati circa 40 quintali stimati di legna da ardere di latifoglie. Il prezzo unico di vendita della legna da ardere 2011, \u00e8 stato stabilito con delibera di Giunta in Euro 2,00 al quintale pi\u00f9 IVA 10%.<br \/>\nPossono presentare domanda tutti i cittadini abitanti e residenti nel Comune di Belluno; ogni nucleo familiare ha diritto ad una sola assegnazione di legna (\u201cSort\u201d), in relazione alla disponibilit\u00e0 del bosco.<br \/>\nI nuclei familiari che pur avendone i requisiti, non possono provvedere al taglio e alla raccolta del legnatico assegnato possono delegare tali operazioni, indicandone il soggetto nell&#8217;apposito modello di domanda.<br \/>\nGli interessati devono compilare e presentare l\u2019apposito modello di domanda (ALLEGATO A) corredato da fotocopia di un valido documento d&#8217;identit\u00e0.<br \/>\nLe domande dovranno pervenire entro il 27 gennaio 2012; non saranno prese in considerazione le offerte pervenute successivamente entro questa data, anche se spedite entro il termine medesimo.<br \/>\nVerr\u00e0 stilata una graduatoria, secondo la quale, entro il 3 febbraio 2012, il Responsabile del Servizio Tributi\/Usi Civici, coadiuvato dalla Guardia Boschiva, provveder\u00e0 all\u2019assegnazione delle parti di legna. A tutti i richiedenti assegnatari verr\u00e0 data comunicazione scritta della legna e delle modalit\u00e0 di utilizzazione come specificatamente riportato nel bando.<br \/>\nIn via transitoria (e come disposto con delibera di Giunta), per gli utilizzatori dei \u201cFitti Fondi Rustici\u201d, l&#8217;assegnazione sulle rispettive particelle catastali\/forestali (ex fondi rustici) sar\u00e0 garantita solo in presenza di sufficiente massa legnosa (come riportato dal P.E.F.) e per un quantitativo massimo di Q.li 40 per nucleo familiare (corrispondente all&#8217;assegnazione media delle sort 2011) e allo stesso prezzo al quintale di Euro 2.00\/q.le pi\u00f9 IVA 10%, previa dichiarazione o relazione di taglio redatta dalla guardia boschiva comunale ed autorizzata dai Servizi Forestali Regionali.<br \/>\nLa relativa richiesta di assegnazione dovr\u00e0 essere compilata sull&#8217;apposito modello di domanda (ALLEGATO B\/Fitti) e presentata nei termini e modalit\u00e0 del presente bando.<br \/>\nLe operazioni allestimento ed esbosco della legna assegnata dovranno essere effettuate entro il 31 maggio 2012.<br \/>\nIl bando e i modelli sono disponibili presso lo Sportello del Cittadino e sul sito internet del Comune <a href=\"http:\/\/www.comune.belluno.it\/\">www.comune.belluno.it<\/a>.<\/p>\n<p>&nbsp;<\/p>","protected":false},"excerpt":{"rendered":"<p>Il Comune di Belluno ha pubblicato un bando per l&#8217;assegnazione di legna da ardere a raccolta diretta. Sono messi a disposizione 96 lotti di materiale legnoso per ricavarne legna da ardere, nelle zone di Castion, Val Piana\/Col della Crocetta, Valle di S.Antonio e Vaus\/Col di Roanza e Sotto Pradora. Per ogni domanda verranno di norma [&hellip;]<\/p>\n","protected":false},"author":2,"featured_media":0,"comment_status":"closed","ping_status":"open","sticky":false,"template":"","format":"standard","meta":{"footnotes":""},"categories":[36,26,8],"tags":[],"class_list":["post-34185","post","type-post","status-publish","format-standard","category-lavoro-economia","category-prima-pagina","category-societa-istituzioni"],"yoast_head":"<!-- This site is optimized with the Yoast SEO plugin v28.4 - https:\/\/yoast.com\/product\/yoast-seo-wordpress\/ -->\n<title>Bando per l&#039;assegnazione di legna da ardere 2011. Le domande entro il 27 gennaio 2012 - Bellunopress - Dolomiti<\/title>\n<meta name=\"robots\" content=\"index, follow, max-snippet:-1, max-image-preview:large, max-video-preview:-1\" \/>\n<link rel=\"canonical\" href=\"https:\/\/www.bellunopress.it\/fr\/2012\/01\/16\/bando-per-lassegnazione-di-legna-da-ardere-2011-le-domande-entro-il-27-gennaio-2012\/\" \/>\n<meta property=\"og:locale\" content=\"fr_FR\" \/>\n<meta property=\"og:type\" content=\"article\" \/>\n<meta property=\"og:title\" content=\"Bando per l&#039;assegnazione di legna da ardere 2011. Le domande entro il 27 gennaio 2012 - Bellunopress - Dolomiti\" \/>\n<meta property=\"og:description\" content=\"Il Comune di Belluno ha pubblicato un bando per l&#8217;assegnazione di legna da ardere a raccolta diretta. Sono messi a disposizione 96 lotti di materiale legnoso per ricavarne legna da ardere, nelle zone di Castion, Val Piana\/Col della Crocetta, Valle di S.Antonio e Vaus\/Col di Roanza e Sotto Pradora. Per ogni domanda verranno di norma [&hellip;]\" \/>\n<meta property=\"og:url\" content=\"https:\/\/www.bellunopress.it\/fr\/2012\/01\/16\/bando-per-lassegnazione-di-legna-da-ardere-2011-le-domande-entro-il-27-gennaio-2012\/\" \/>\n<meta property=\"og:site_name\" content=\"Bellunopress - Dolomiti\" \/>\n<meta property=\"article:publisher\" content=\"https:\/\/www.facebook.com\/profile.php?id=100008943462799\" \/>\n<meta property=\"article:published_time\" content=\"2012-01-16T12:31:10+00:00\" \/>\n<meta property=\"og:image\" content=\"http:\/\/www.bellunopress.it\/wp-content\/uploads\/2010\/08\/palazzo-rosso-municipio.jpg\" \/>\n<meta name=\"author\" content=\"redazione\" \/>\n<meta name=\"twitter:card\" content=\"summary_large_image\" \/>\n<meta name=\"twitter:creator\" content=\"@bellunopress\" \/>\n<meta name=\"twitter:site\" content=\"@bellunopress\" \/>\n<meta name=\"twitter:label1\" content=\"\u00c9crit par\" \/>\n\t<meta name=\"twitter:data1\" content=\"redazione\" \/>\n\t<meta name=\"twitter:label2\" content=\"Dur\u00e9e de lecture estim\u00e9e\" \/>\n\t<meta name=\"twitter:data2\" content=\"2 minutes\" \/>\n<script type=\"application\/ld+json\" class=\"yoast-schema-graph\">{\"@context\":\"https:\\\/\\\/schema.org\",\"@graph\":[{\"@type\":\"Article\",\"@id\":\"https:\\\/\\\/www.bellunopress.it\\\/2012\\\/01\\\/16\\\/bando-per-lassegnazione-di-legna-da-ardere-2011-le-domande-entro-il-27-gennaio-2012\\\/#article\",\"isPartOf\":{\"@id\":\"https:\\\/\\\/www.bellunopress.it\\\/2012\\\/01\\\/16\\\/bando-per-lassegnazione-di-legna-da-ardere-2011-le-domande-entro-il-27-gennaio-2012\\\/\"},\"author\":{\"name\":\"redazione\",\"@id\":\"https:\\\/\\\/www.bellunopress.it\\\/#\\\/schema\\\/person\\\/79bb06722b37ece1c03d3e94beb30d73\"},\"headline\":\"Bando per l&#8217;assegnazione di legna da ardere 2011. Le domande entro il 27 gennaio 2012\",\"datePublished\":\"2012-01-16T12:31:10+00:00\",\"mainEntityOfPage\":{\"@id\":\"https:\\\/\\\/www.bellunopress.it\\\/2012\\\/01\\\/16\\\/bando-per-lassegnazione-di-legna-da-ardere-2011-le-domande-entro-il-27-gennaio-2012\\\/\"},\"wordCount\":411,\"publisher\":{\"@id\":\"https:\\\/\\\/www.bellunopress.it\\\/#organization\"},\"image\":{\"@id\":\"https:\\\/\\\/www.bellunopress.it\\\/2012\\\/01\\\/16\\\/bando-per-lassegnazione-di-legna-da-ardere-2011-le-domande-entro-il-27-gennaio-2012\\\/#primaryimage\"},\"thumbnailUrl\":\"http:\\\/\\\/www.bellunopress.it\\\/wp-content\\\/uploads\\\/2010\\\/08\\\/palazzo-rosso-municipio.jpg\",\"articleSection\":[\"Lavoro, Economia, Turismo\",\"Prima Pagina\",\"Societ\u00e0, Associazioni, Istituzioni\"],\"inLanguage\":\"fr-FR\"},{\"@type\":\"WebPage\",\"@id\":\"https:\\\/\\\/www.bellunopress.it\\\/2012\\\/01\\\/16\\\/bando-per-lassegnazione-di-legna-da-ardere-2011-le-domande-entro-il-27-gennaio-2012\\\/\",\"url\":\"https:\\\/\\\/www.bellunopress.it\\\/2012\\\/01\\\/16\\\/bando-per-lassegnazione-di-legna-da-ardere-2011-le-domande-entro-il-27-gennaio-2012\\\/\",\"name\":\"Bando per l'assegnazione di legna da ardere 2011. Le domande entro il 27 gennaio 2012 - Bellunopress - Dolomiti\",\"isPartOf\":{\"@id\":\"https:\\\/\\\/www.bellunopress.it\\\/#website\"},\"primaryImageOfPage\":{\"@id\":\"https:\\\/\\\/www.bellunopress.it\\\/2012\\\/01\\\/16\\\/bando-per-lassegnazione-di-legna-da-ardere-2011-le-domande-entro-il-27-gennaio-2012\\\/#primaryimage\"},\"image\":{\"@id\":\"https:\\\/\\\/www.bellunopress.it\\\/2012\\\/01\\\/16\\\/bando-per-lassegnazione-di-legna-da-ardere-2011-le-domande-entro-il-27-gennaio-2012\\\/#primaryimage\"},\"thumbnailUrl\":\"http:\\\/\\\/www.bellunopress.it\\\/wp-content\\\/uploads\\\/2010\\\/08\\\/palazzo-rosso-municipio.jpg\",\"datePublished\":\"2012-01-16T12:31:10+00:00\",\"breadcrumb\":{\"@id\":\"https:\\\/\\\/www.bellunopress.it\\\/2012\\\/01\\\/16\\\/bando-per-lassegnazione-di-legna-da-ardere-2011-le-domande-entro-il-27-gennaio-2012\\\/#breadcrumb\"},\"inLanguage\":\"fr-FR\",\"potentialAction\":[{\"@type\":\"ReadAction\",\"target\":[\"https:\\\/\\\/www.bellunopress.it\\\/2012\\\/01\\\/16\\\/bando-per-lassegnazione-di-legna-da-ardere-2011-le-domande-entro-il-27-gennaio-2012\\\/\"]}]},{\"@type\":\"ImageObject\",\"inLanguage\":\"fr-FR\",\"@id\":\"https:\\\/\\\/www.bellunopress.it\\\/2012\\\/01\\\/16\\\/bando-per-lassegnazione-di-legna-da-ardere-2011-le-domande-entro-il-27-gennaio-2012\\\/#primaryimage\",\"url\":\"http:\\\/\\\/www.bellunopress.it\\\/wp-content\\\/uploads\\\/2010\\\/08\\\/palazzo-rosso-municipio.jpg\",\"contentUrl\":\"http:\\\/\\\/www.bellunopress.it\\\/wp-content\\\/uploads\\\/2010\\\/08\\\/palazzo-rosso-municipio.jpg\"},{\"@type\":\"BreadcrumbList\",\"@id\":\"https:\\\/\\\/www.bellunopress.it\\\/2012\\\/01\\\/16\\\/bando-per-lassegnazione-di-legna-da-ardere-2011-le-domande-entro-il-27-gennaio-2012\\\/#breadcrumb\",\"itemListElement\":[{\"@type\":\"ListItem\",\"position\":1,\"name\":\"Home\",\"item\":\"https:\\\/\\\/www.bellunopress.it\\\/\"},{\"@type\":\"ListItem\",\"position\":2,\"name\":\"Bando per l&#8217;assegnazione di legna da ardere 2011. Le domande entro il 27 gennaio 2012\"}]},{\"@type\":\"WebSite\",\"@id\":\"https:\\\/\\\/www.bellunopress.it\\\/#website\",\"url\":\"https:\\\/\\\/www.bellunopress.it\\\/\",\"name\":\"Bellunopress - Dolomiti\",\"description\":\"e-mail: redazione@bellunopress.it\",\"publisher\":{\"@id\":\"https:\\\/\\\/www.bellunopress.it\\\/#organization\"},\"potentialAction\":[{\"@type\":\"SearchAction\",\"target\":{\"@type\":\"EntryPoint\",\"urlTemplate\":\"https:\\\/\\\/www.bellunopress.it\\\/?s={search_term_string}\"},\"query-input\":{\"@type\":\"PropertyValueSpecification\",\"valueRequired\":true,\"valueName\":\"search_term_string\"}}],\"inLanguage\":\"fr-FR\"},{\"@type\":\"Organization\",\"@id\":\"https:\\\/\\\/www.bellunopress.it\\\/#organization\",\"name\":\"Bellunopress\",\"url\":\"https:\\\/\\\/www.bellunopress.it\\\/\",\"logo\":{\"@type\":\"ImageObject\",\"inLanguage\":\"fr-FR\",\"@id\":\"https:\\\/\\\/www.bellunopress.it\\\/#\\\/schema\\\/logo\\\/image\\\/\",\"url\":\"https:\\\/\\\/www.bellunopress.it\\\/wp-content\\\/uploads\\\/2011\\\/05\\\/cropped-logo-bellunopress-.jpg\",\"contentUrl\":\"https:\\\/\\\/www.bellunopress.it\\\/wp-content\\\/uploads\\\/2011\\\/05\\\/cropped-logo-bellunopress-.jpg\",\"width\":512,\"height\":512,\"caption\":\"Bellunopress\"},\"image\":{\"@id\":\"https:\\\/\\\/www.bellunopress.it\\\/#\\\/schema\\\/logo\\\/image\\\/\"},\"sameAs\":[\"https:\\\/\\\/www.facebook.com\\\/profile.php?id=100008943462799\",\"https:\\\/\\\/x.com\\\/bellunopress\",\"https:\\\/\\\/www.linkedin.com\\\/hp\\\/?dnr=JBzUWaJfMUw8vbXJJ2tVW5-I3jZKvC4wsoxE&amp;amp;amp;amp;amp;amp;trk=nav_responsive_tab_home\",\"https:\\\/\\\/www.youtube.com\\\/channel\\\/UCxL0wu1uN0_3_7hGG0306cw\"]},{\"@type\":\"Person\",\"@id\":\"https:\\\/\\\/www.bellunopress.it\\\/#\\\/schema\\\/person\\\/79bb06722b37ece1c03d3e94beb30d73\",\"name\":\"redazione\",\"image\":{\"@type\":\"ImageObject\",\"inLanguage\":\"fr-FR\",\"@id\":\"https:\\\/\\\/secure.gravatar.com\\\/avatar\\\/37d968a2e67a6fd04c169c4bdef102d0bc5d31b2546345219e348575eb80e9a0?s=96&d=mm&r=g\",\"url\":\"https:\\\/\\\/secure.gravatar.com\\\/avatar\\\/37d968a2e67a6fd04c169c4bdef102d0bc5d31b2546345219e348575eb80e9a0?s=96&d=mm&r=g\",\"contentUrl\":\"https:\\\/\\\/secure.gravatar.com\\\/avatar\\\/37d968a2e67a6fd04c169c4bdef102d0bc5d31b2546345219e348575eb80e9a0?s=96&d=mm&r=g\",\"caption\":\"redazione\"},\"sameAs\":[\"http:\\\/\\\/www.bellunopress.it\",\"https:\\\/\\\/x.com\\\/bellunopress\"],\"url\":\"https:\\\/\\\/www.bellunopress.it\\\/fr\\\/author\\\/redazione\\\/\"}]}<\/script>\n<!-- \/ Yoast SEO plugin. -->","yoast_head_json":{"title":"Bando per l'assegnazione di legna da ardere 2011. Le domande entro il 27 gennaio 2012 - Bellunopress - Dolomiti","robots":{"index":"index","follow":"follow","max-snippet":"max-snippet:-1","max-image-preview":"max-image-preview:large","max-video-preview":"max-video-preview:-1"},"canonical":"https:\/\/www.bellunopress.it\/fr\/2012\/01\/16\/bando-per-lassegnazione-di-legna-da-ardere-2011-le-domande-entro-il-27-gennaio-2012\/","og_locale":"fr_FR","og_type":"article","og_title":"Bando per l'assegnazione di legna da ardere 2011. Le domande entro il 27 gennaio 2012 - Bellunopress - Dolomiti","og_description":"Il Comune di Belluno ha pubblicato un bando per l&#8217;assegnazione di legna da ardere a raccolta diretta. Sono messi a disposizione 96 lotti di materiale legnoso per ricavarne legna da ardere, nelle zone di Castion, Val Piana\/Col della Crocetta, Valle di S.Antonio e Vaus\/Col di Roanza e Sotto Pradora. Per ogni domanda verranno di norma [&hellip;]","og_url":"https:\/\/www.bellunopress.it\/fr\/2012\/01\/16\/bando-per-lassegnazione-di-legna-da-ardere-2011-le-domande-entro-il-27-gennaio-2012\/","og_site_name":"Bellunopress - Dolomiti","article_publisher":"https:\/\/www.facebook.com\/profile.php?id=100008943462799","article_published_time":"2012-01-16T12:31:10+00:00","og_image":[{"url":"http:\/\/www.bellunopress.it\/wp-content\/uploads\/2010\/08\/palazzo-rosso-municipio.jpg","type":"","width":"","height":""}],"author":"redazione","twitter_card":"summary_large_image","twitter_creator":"@bellunopress","twitter_site":"@bellunopress","twitter_misc":{"\u00c9crit par":"redazione","Dur\u00e9e de lecture estim\u00e9e":"2 minutes"},"schema":{"@context":"https:\/\/schema.org","@graph":[{"@type":"Article","@id":"https:\/\/www.bellunopress.it\/2012\/01\/16\/bando-per-lassegnazione-di-legna-da-ardere-2011-le-domande-entro-il-27-gennaio-2012\/#article","isPartOf":{"@id":"https:\/\/www.bellunopress.it\/2012\/01\/16\/bando-per-lassegnazione-di-legna-da-ardere-2011-le-domande-entro-il-27-gennaio-2012\/"},"author":{"name":"redazione","@id":"https:\/\/www.bellunopress.it\/#\/schema\/person\/79bb06722b37ece1c03d3e94beb30d73"},"headline":"Bando per l&#8217;assegnazione di legna da ardere 2011. Le domande entro il 27 gennaio 2012","datePublished":"2012-01-16T12:31:10+00:00","mainEntityOfPage":{"@id":"https:\/\/www.bellunopress.it\/2012\/01\/16\/bando-per-lassegnazione-di-legna-da-ardere-2011-le-domande-entro-il-27-gennaio-2012\/"},"wordCount":411,"publisher":{"@id":"https:\/\/www.bellunopress.it\/#organization"},"image":{"@id":"https:\/\/www.bellunopress.it\/2012\/01\/16\/bando-per-lassegnazione-di-legna-da-ardere-2011-le-domande-entro-il-27-gennaio-2012\/#primaryimage"},"thumbnailUrl":"http:\/\/www.bellunopress.it\/wp-content\/uploads\/2010\/08\/palazzo-rosso-municipio.jpg","articleSection":["Lavoro, Economia, Turismo","Prima Pagina","Societ\u00e0, Associazioni, Istituzioni"],"inLanguage":"fr-FR"},{"@type":"WebPage","@id":"https:\/\/www.bellunopress.it\/2012\/01\/16\/bando-per-lassegnazione-di-legna-da-ardere-2011-le-domande-entro-il-27-gennaio-2012\/","url":"https:\/\/www.bellunopress.it\/2012\/01\/16\/bando-per-lassegnazione-di-legna-da-ardere-2011-le-domande-entro-il-27-gennaio-2012\/","name":"Bando per l'assegnazione di legna da ardere 2011. Le domande entro il 27 gennaio 2012 - Bellunopress - Dolomiti","isPartOf":{"@id":"https:\/\/www.bellunopress.it\/#website"},"primaryImageOfPage":{"@id":"https:\/\/www.bellunopress.it\/2012\/01\/16\/bando-per-lassegnazione-di-legna-da-ardere-2011-le-domande-entro-il-27-gennaio-2012\/#primaryimage"},"image":{"@id":"https:\/\/www.bellunopress.it\/2012\/01\/16\/bando-per-lassegnazione-di-legna-da-ardere-2011-le-domande-entro-il-27-gennaio-2012\/#primaryimage"},"thumbnailUrl":"http:\/\/www.bellunopress.it\/wp-content\/uploads\/2010\/08\/palazzo-rosso-municipio.jpg","datePublished":"2012-01-16T12:31:10+00:00","breadcrumb":{"@id":"https:\/\/www.bellunopress.it\/2012\/01\/16\/bando-per-lassegnazione-di-legna-da-ardere-2011-le-domande-entro-il-27-gennaio-2012\/#breadcrumb"},"inLanguage":"fr-FR","potentialAction":[{"@type":"ReadAction","target":["https:\/\/www.bellunopress.it\/2012\/01\/16\/bando-per-lassegnazione-di-legna-da-ardere-2011-le-domande-entro-il-27-gennaio-2012\/"]}]},{"@type":"ImageObject","inLanguage":"fr-FR","@id":"https:\/\/www.bellunopress.it\/2012\/01\/16\/bando-per-lassegnazione-di-legna-da-ardere-2011-le-domande-entro-il-27-gennaio-2012\/#primaryimage","url":"http:\/\/www.bellunopress.it\/wp-content\/uploads\/2010\/08\/palazzo-rosso-municipio.jpg","contentUrl":"http:\/\/www.bellunopress.it\/wp-content\/uploads\/2010\/08\/palazzo-rosso-municipio.jpg"},{"@type":"BreadcrumbList","@id":"https:\/\/www.bellunopress.it\/2012\/01\/16\/bando-per-lassegnazione-di-legna-da-ardere-2011-le-domande-entro-il-27-gennaio-2012\/#breadcrumb","itemListElement":[{"@type":"ListItem","position":1,"name":"Home","item":"https:\/\/www.bellunopress.it\/"},{"@type":"ListItem","position":2,"name":"Bando per l&#8217;assegnazione di legna da ardere 2011. Le domande entro il 27 gennaio 2012"}]},{"@type":"WebSite","@id":"https:\/\/www.bellunopress.it\/#website","url":"https:\/\/www.bellunopress.it\/","name":"Bellunopress - Dolomiti","description":"e-mail: redazione@bellunopress.it","publisher":{"@id":"https:\/\/www.bellunopress.it\/#organization"},"potentialAction":[{"@type":"SearchAction","target":{"@type":"EntryPoint","urlTemplate":"https:\/\/www.bellunopress.it\/?s={search_term_string}"},"query-input":{"@type":"PropertyValueSpecification","valueRequired":true,"valueName":"search_term_string"}}],"inLanguage":"fr-FR"},{"@type":"Organization","@id":"https:\/\/www.bellunopress.it\/#organization","name":"Bellunopress","url":"https:\/\/www.bellunopress.it\/","logo":{"@type":"ImageObject","inLanguage":"fr-FR","@id":"https:\/\/www.bellunopress.it\/#\/schema\/logo\/image\/","url":"https:\/\/www.bellunopress.it\/wp-content\/uploads\/2011\/05\/cropped-logo-bellunopress-.jpg","contentUrl":"https:\/\/www.bellunopress.it\/wp-content\/uploads\/2011\/05\/cropped-logo-bellunopress-.jpg","width":512,"height":512,"caption":"Bellunopress"},"image":{"@id":"https:\/\/www.bellunopress.it\/#\/schema\/logo\/image\/"},"sameAs":["https:\/\/www.facebook.com\/profile.php?id=100008943462799","https:\/\/x.com\/bellunopress","https:\/\/www.linkedin.com\/hp\/?dnr=JBzUWaJfMUw8vbXJJ2tVW5-I3jZKvC4wsoxE&amp;amp;amp;amp;amp;amp;trk=nav_responsive_tab_home","https:\/\/www.youtube.com\/channel\/UCxL0wu1uN0_3_7hGG0306cw"]},{"@type":"Person","@id":"https:\/\/www.bellunopress.it\/#\/schema\/person\/79bb06722b37ece1c03d3e94beb30d73","name":"r\u00e9daction","image":{"@type":"ImageObject","inLanguage":"fr-FR","@id":"https:\/\/secure.gravatar.com\/avatar\/37d968a2e67a6fd04c169c4bdef102d0bc5d31b2546345219e348575eb80e9a0?s=96&d=mm&r=g","url":"https:\/\/secure.gravatar.com\/avatar\/37d968a2e67a6fd04c169c4bdef102d0bc5d31b2546345219e348575eb80e9a0?s=96&d=mm&r=g","contentUrl":"https:\/\/secure.gravatar.com\/avatar\/37d968a2e67a6fd04c169c4bdef102d0bc5d31b2546345219e348575eb80e9a0?s=96&d=mm&r=g","caption":"redazione"},"sameAs":["http:\/\/www.bellunopress.it","https:\/\/x.com\/bellunopress"],"url":"https:\/\/www.bellunopress.it\/fr\/author\/redazione\/"}]}},"_links":{"self":[{"href":"https:\/\/www.bellunopress.it\/fr\/wp-json\/wp\/v2\/posts\/34185","targetHints":{"allow":["GET"]}}],"collection":[{"href":"https:\/\/www.bellunopress.it\/fr\/wp-json\/wp\/v2\/posts"}],"about":[{"href":"https:\/\/www.bellunopress.it\/fr\/wp-json\/wp\/v2\/types\/post"}],"author":[{"embeddable":true,"href":"https:\/\/www.bellunopress.it\/fr\/wp-json\/wp\/v2\/users\/2"}],"replies":[{"embeddable":true,"href":"https:\/\/www.bellunopress.it\/fr\/wp-json\/wp\/v2\/comments?post=34185"}],"version-history":[{"count":2,"href":"https:\/\/www.bellunopress.it\/fr\/wp-json\/wp\/v2\/posts\/34185\/revisions"}],"predecessor-version":[{"id":34187,"href":"https:\/\/www.bellunopress.it\/fr\/wp-json\/wp\/v2\/posts\/34185\/revisions\/34187"}],"wp:attachment":[{"href":"https:\/\/www.bellunopress.it\/fr\/wp-json\/wp\/v2\/media?parent=34185"}],"wp:term":[{"taxonomy":"category","embeddable":true,"href":"https:\/\/www.bellunopress.it\/fr\/wp-json\/wp\/v2\/categories?post=34185"},{"taxonomy":"post_tag","embeddable":true,"href":"https:\/\/www.bellunopress.it\/fr\/wp-json\/wp\/v2\/tags?post=34185"}],"curies":[{"name":"wp","href":"https:\/\/api.w.org\/{rel}","templated":true}]}}