{"id":34178,"date":"2012-01-15T13:44:51","date_gmt":"2012-01-15T12:44:51","guid":{"rendered":"http:\/\/www.bellunopress.it\/?p=34178"},"modified":"2012-01-15T13:44:51","modified_gmt":"2012-01-15T12:44:51","slug":"venerdi-20-gennaio-incontro-allistituto-tecnico-segato-di-belluno-con-la-scrittrice-daria-de-pellegrini","status":"publish","type":"post","link":"https:\/\/www.bellunopress.it\/fr\/2012\/01\/15\/venerdi-20-gennaio-incontro-allistituto-tecnico-segato-di-belluno-con-la-scrittrice-daria-de-pellegrini\/","title":{"rendered":"Venerd\u00ec 20 gennaio incontro all&#8217;Istituto tecnico &#8220;Segato&#8221; di Belluno con la scrittrice Daria De Pellegrini"},"content":{"rendered":"<p>Nuovo appuntamento venerd\u00ec 20 gennaio 2012 con il ciclo di incontri con l&#8217;autore organizzato dall&#8217;Istituto di Istruzione Superiore \u201cSegato &#8211; Brustolon\u201d di Belluno nell&#8217;ambito del \u201cProgetto Biblioteca\u201d.<a href=\"http:\/\/www.bellunopress.it\/wp-content\/uploads\/2010\/05\/istituto-tecnico-industriale.jpg\"><img loading=\"lazy\" decoding=\"async\" class=\"alignleft size-full wp-image-15754\" title=\"istituto-tecnico-industriale\" src=\"http:\/\/www.bellunopress.it\/wp-content\/uploads\/2010\/05\/istituto-tecnico-industriale.jpg\" alt=\"\" width=\"280\" height=\"280\" srcset=\"https:\/\/www.bellunopress.it\/wp-content\/uploads\/2010\/05\/istituto-tecnico-industriale.jpg 280w, https:\/\/www.bellunopress.it\/wp-content\/uploads\/2010\/05\/istituto-tecnico-industriale-150x150.jpg 150w\" sizes=\"auto, (max-width: 280px) 100vw, 280px\" \/><\/a> Daria De Pellegrini, che \u00e8 nata e vive in provincia di Belluno, terr\u00e0 un incontro dal titolo intrigante: \u201cCome nasce, e muore per strada, un romanzo giallo\u201d. Non poteva essere diversamente, per una scrittrice che con il giallo ha una storia da raccontare: a questo genere appartengono il romanzo Avevo una vita tranquilla, (Robin Edizioni) e il racconto Se fu tuo destino (Mondadori). Con queste e diverse altre pubblicazioni, la De Pellegrini ha attirato l&#8217;interesse di molti e ricevuto riconoscimenti importanti. Nel 1998, con Se fu tuo destino, ha vinto il Gran Giallo Citt\u00e0 di Cattolica, mentre nel 2002 si \u00e8 aggiudicata il Premio Navile &#8211; Citt\u00e0 di Bologna con Ragazzi del Bosconero (Mobydick) con cui l&#8217;autrice, che \u00e8 anche un&#8217;insegnante, si \u00e8 misurata con il romanzo per ragazzi. Daria De Pellegrini insegna all&#8217;ITI Segato e questo secondo incontro, dopo quello del mese scorso con Alfonso Lentini, sar\u00e0 un&#8217;occasione di incontro tra la scuola e la citt\u00e0, ma soprattutto un&#8217;opportunit\u00e0 per conoscere meglio la scrittrice che non ci presenter\u00e0 un nuovo libro, ma ci racconter\u00e0 una storia&#8230; una storia in cui l&#8217;ultima vittima \u00e8 il romanzo stesso, morto per strada. L&#8217;appuntamento \u00e8 alle ore 18 nell&#8217;aula magna del Segato, in Piazza Piloni.<\/p>","protected":false},"excerpt":{"rendered":"<p>Nuovo appuntamento venerd\u00ec 20 gennaio 2012 con il ciclo di incontri con l&#8217;autore organizzato dall&#8217;Istituto di Istruzione Superiore \u201cSegato &#8211; Brustolon\u201d di Belluno nell&#8217;ambito del \u201cProgetto Biblioteca\u201d. Daria De Pellegrini, che \u00e8 nata e vive in provincia di Belluno, terr\u00e0 un incontro dal titolo intrigante: \u201cCome nasce, e muore per strada, un romanzo giallo\u201d. Non [&hellip;]<\/p>\n","protected":false},"author":2,"featured_media":0,"comment_status":"closed","ping_status":"open","sticky":false,"template":"","format":"standard","meta":{"footnotes":""},"categories":[27,3,25],"tags":[],"class_list":["post-34178","post","type-post","status-publish","format-standard","category-appuntamenti","category-arte-cultura-spettacoli-scienza-archivi","category-pausa-caffe"],"yoast_head":"<!-- This site is optimized with the Yoast SEO plugin v28.4 - https:\/\/yoast.com\/product\/yoast-seo-wordpress\/ -->\n<title>Venerd\u00ec 20 gennaio incontro all&#039;Istituto tecnico &quot;Segato&quot; di Belluno con la scrittrice Daria De Pellegrini - Bellunopress - Dolomiti<\/title>\n<meta name=\"robots\" content=\"index, follow, max-snippet:-1, max-image-preview:large, max-video-preview:-1\" \/>\n<link rel=\"canonical\" href=\"https:\/\/www.bellunopress.it\/fr\/2012\/01\/15\/venerdi-20-gennaio-incontro-allistituto-tecnico-segato-di-belluno-con-la-scrittrice-daria-de-pellegrini\/\" \/>\n<meta property=\"og:locale\" content=\"fr_FR\" \/>\n<meta property=\"og:type\" content=\"article\" \/>\n<meta property=\"og:title\" content=\"Venerd\u00ec 20 gennaio incontro all&#039;Istituto tecnico &quot;Segato&quot; di Belluno con la scrittrice Daria De Pellegrini - Bellunopress - Dolomiti\" \/>\n<meta property=\"og:description\" content=\"Nuovo appuntamento venerd\u00ec 20 gennaio 2012 con il ciclo di incontri con l&#8217;autore organizzato dall&#8217;Istituto di Istruzione Superiore \u201cSegato &#8211; Brustolon\u201d di Belluno nell&#8217;ambito del \u201cProgetto Biblioteca\u201d. Daria De Pellegrini, che \u00e8 nata e vive in provincia di Belluno, terr\u00e0 un incontro dal titolo intrigante: \u201cCome nasce, e muore per strada, un romanzo giallo\u201d. Non [&hellip;]\" \/>\n<meta property=\"og:url\" content=\"https:\/\/www.bellunopress.it\/fr\/2012\/01\/15\/venerdi-20-gennaio-incontro-allistituto-tecnico-segato-di-belluno-con-la-scrittrice-daria-de-pellegrini\/\" \/>\n<meta property=\"og:site_name\" content=\"Bellunopress - Dolomiti\" \/>\n<meta property=\"article:publisher\" content=\"https:\/\/www.facebook.com\/profile.php?id=100008943462799\" \/>\n<meta property=\"article:published_time\" content=\"2012-01-15T12:44:51+00:00\" \/>\n<meta property=\"og:image\" content=\"http:\/\/www.bellunopress.it\/wp-content\/uploads\/2010\/05\/istituto-tecnico-industriale.jpg\" \/>\n<meta name=\"author\" content=\"redazione\" \/>\n<meta name=\"twitter:card\" content=\"summary_large_image\" \/>\n<meta name=\"twitter:creator\" content=\"@bellunopress\" \/>\n<meta name=\"twitter:site\" content=\"@bellunopress\" \/>\n<meta name=\"twitter:label1\" content=\"Written by\" \/>\n\t<meta name=\"twitter:data1\" content=\"redazione\" \/>\n\t<meta name=\"twitter:label2\" content=\"Est. reading time\" \/>\n\t<meta name=\"twitter:data2\" content=\"1 minute\" \/>\n<script type=\"application\/ld+json\" class=\"yoast-schema-graph\">{\"@context\":\"https:\\\/\\\/schema.org\",\"@graph\":[{\"@type\":\"Article\",\"@id\":\"https:\\\/\\\/www.bellunopress.it\\\/2012\\\/01\\\/15\\\/venerdi-20-gennaio-incontro-allistituto-tecnico-segato-di-belluno-con-la-scrittrice-daria-de-pellegrini\\\/#article\",\"isPartOf\":{\"@id\":\"https:\\\/\\\/www.bellunopress.it\\\/2012\\\/01\\\/15\\\/venerdi-20-gennaio-incontro-allistituto-tecnico-segato-di-belluno-con-la-scrittrice-daria-de-pellegrini\\\/\"},\"author\":{\"name\":\"redazione\",\"@id\":\"https:\\\/\\\/www.bellunopress.it\\\/#\\\/schema\\\/person\\\/79bb06722b37ece1c03d3e94beb30d73\"},\"headline\":\"Venerd\u00ec 20 gennaio incontro all&#8217;Istituto tecnico &#8220;Segato&#8221; di Belluno con la scrittrice Daria De Pellegrini\",\"datePublished\":\"2012-01-15T12:44:51+00:00\",\"mainEntityOfPage\":{\"@id\":\"https:\\\/\\\/www.bellunopress.it\\\/2012\\\/01\\\/15\\\/venerdi-20-gennaio-incontro-allistituto-tecnico-segato-di-belluno-con-la-scrittrice-daria-de-pellegrini\\\/\"},\"wordCount\":245,\"publisher\":{\"@id\":\"https:\\\/\\\/www.bellunopress.it\\\/#organization\"},\"image\":{\"@id\":\"https:\\\/\\\/www.bellunopress.it\\\/2012\\\/01\\\/15\\\/venerdi-20-gennaio-incontro-allistituto-tecnico-segato-di-belluno-con-la-scrittrice-daria-de-pellegrini\\\/#primaryimage\"},\"thumbnailUrl\":\"http:\\\/\\\/www.bellunopress.it\\\/wp-content\\\/uploads\\\/2010\\\/05\\\/istituto-tecnico-industriale.jpg\",\"articleSection\":[\"Appuntamenti, Eventi\",\"Arte, Cultura, Spettacoli, Scienza\",\"Pausa Caff\u00e8\"],\"inLanguage\":\"fr-FR\"},{\"@type\":\"WebPage\",\"@id\":\"https:\\\/\\\/www.bellunopress.it\\\/2012\\\/01\\\/15\\\/venerdi-20-gennaio-incontro-allistituto-tecnico-segato-di-belluno-con-la-scrittrice-daria-de-pellegrini\\\/\",\"url\":\"https:\\\/\\\/www.bellunopress.it\\\/2012\\\/01\\\/15\\\/venerdi-20-gennaio-incontro-allistituto-tecnico-segato-di-belluno-con-la-scrittrice-daria-de-pellegrini\\\/\",\"name\":\"Venerd\u00ec 20 gennaio incontro all'Istituto tecnico \\\"Segato\\\" di Belluno con la scrittrice Daria De Pellegrini - Bellunopress - Dolomiti\",\"isPartOf\":{\"@id\":\"https:\\\/\\\/www.bellunopress.it\\\/#website\"},\"primaryImageOfPage\":{\"@id\":\"https:\\\/\\\/www.bellunopress.it\\\/2012\\\/01\\\/15\\\/venerdi-20-gennaio-incontro-allistituto-tecnico-segato-di-belluno-con-la-scrittrice-daria-de-pellegrini\\\/#primaryimage\"},\"image\":{\"@id\":\"https:\\\/\\\/www.bellunopress.it\\\/2012\\\/01\\\/15\\\/venerdi-20-gennaio-incontro-allistituto-tecnico-segato-di-belluno-con-la-scrittrice-daria-de-pellegrini\\\/#primaryimage\"},\"thumbnailUrl\":\"http:\\\/\\\/www.bellunopress.it\\\/wp-content\\\/uploads\\\/2010\\\/05\\\/istituto-tecnico-industriale.jpg\",\"datePublished\":\"2012-01-15T12:44:51+00:00\",\"breadcrumb\":{\"@id\":\"https:\\\/\\\/www.bellunopress.it\\\/2012\\\/01\\\/15\\\/venerdi-20-gennaio-incontro-allistituto-tecnico-segato-di-belluno-con-la-scrittrice-daria-de-pellegrini\\\/#breadcrumb\"},\"inLanguage\":\"fr-FR\",\"potentialAction\":[{\"@type\":\"ReadAction\",\"target\":[\"https:\\\/\\\/www.bellunopress.it\\\/2012\\\/01\\\/15\\\/venerdi-20-gennaio-incontro-allistituto-tecnico-segato-di-belluno-con-la-scrittrice-daria-de-pellegrini\\\/\"]}]},{\"@type\":\"ImageObject\",\"inLanguage\":\"fr-FR\",\"@id\":\"https:\\\/\\\/www.bellunopress.it\\\/2012\\\/01\\\/15\\\/venerdi-20-gennaio-incontro-allistituto-tecnico-segato-di-belluno-con-la-scrittrice-daria-de-pellegrini\\\/#primaryimage\",\"url\":\"http:\\\/\\\/www.bellunopress.it\\\/wp-content\\\/uploads\\\/2010\\\/05\\\/istituto-tecnico-industriale.jpg\",\"contentUrl\":\"http:\\\/\\\/www.bellunopress.it\\\/wp-content\\\/uploads\\\/2010\\\/05\\\/istituto-tecnico-industriale.jpg\"},{\"@type\":\"BreadcrumbList\",\"@id\":\"https:\\\/\\\/www.bellunopress.it\\\/2012\\\/01\\\/15\\\/venerdi-20-gennaio-incontro-allistituto-tecnico-segato-di-belluno-con-la-scrittrice-daria-de-pellegrini\\\/#breadcrumb\",\"itemListElement\":[{\"@type\":\"ListItem\",\"position\":1,\"name\":\"Home\",\"item\":\"https:\\\/\\\/www.bellunopress.it\\\/\"},{\"@type\":\"ListItem\",\"position\":2,\"name\":\"Venerd\u00ec 20 gennaio incontro all&#8217;Istituto tecnico &#8220;Segato&#8221; di Belluno con la scrittrice Daria De Pellegrini\"}]},{\"@type\":\"WebSite\",\"@id\":\"https:\\\/\\\/www.bellunopress.it\\\/#website\",\"url\":\"https:\\\/\\\/www.bellunopress.it\\\/\",\"name\":\"Bellunopress - Dolomiti\",\"description\":\"e-mail: redazione@bellunopress.it\",\"publisher\":{\"@id\":\"https:\\\/\\\/www.bellunopress.it\\\/#organization\"},\"potentialAction\":[{\"@type\":\"SearchAction\",\"target\":{\"@type\":\"EntryPoint\",\"urlTemplate\":\"https:\\\/\\\/www.bellunopress.it\\\/?s={search_term_string}\"},\"query-input\":{\"@type\":\"PropertyValueSpecification\",\"valueRequired\":true,\"valueName\":\"search_term_string\"}}],\"inLanguage\":\"fr-FR\"},{\"@type\":\"Organization\",\"@id\":\"https:\\\/\\\/www.bellunopress.it\\\/#organization\",\"name\":\"Bellunopress\",\"url\":\"https:\\\/\\\/www.bellunopress.it\\\/\",\"logo\":{\"@type\":\"ImageObject\",\"inLanguage\":\"fr-FR\",\"@id\":\"https:\\\/\\\/www.bellunopress.it\\\/#\\\/schema\\\/logo\\\/image\\\/\",\"url\":\"https:\\\/\\\/www.bellunopress.it\\\/wp-content\\\/uploads\\\/2011\\\/05\\\/cropped-logo-bellunopress-.jpg\",\"contentUrl\":\"https:\\\/\\\/www.bellunopress.it\\\/wp-content\\\/uploads\\\/2011\\\/05\\\/cropped-logo-bellunopress-.jpg\",\"width\":512,\"height\":512,\"caption\":\"Bellunopress\"},\"image\":{\"@id\":\"https:\\\/\\\/www.bellunopress.it\\\/#\\\/schema\\\/logo\\\/image\\\/\"},\"sameAs\":[\"https:\\\/\\\/www.facebook.com\\\/profile.php?id=100008943462799\",\"https:\\\/\\\/x.com\\\/bellunopress\",\"https:\\\/\\\/www.linkedin.com\\\/hp\\\/?dnr=JBzUWaJfMUw8vbXJJ2tVW5-I3jZKvC4wsoxE&amp;amp;amp;amp;amp;amp;trk=nav_responsive_tab_home\",\"https:\\\/\\\/www.youtube.com\\\/channel\\\/UCxL0wu1uN0_3_7hGG0306cw\"]},{\"@type\":\"Person\",\"@id\":\"https:\\\/\\\/www.bellunopress.it\\\/#\\\/schema\\\/person\\\/79bb06722b37ece1c03d3e94beb30d73\",\"name\":\"redazione\",\"image\":{\"@type\":\"ImageObject\",\"inLanguage\":\"fr-FR\",\"@id\":\"https:\\\/\\\/secure.gravatar.com\\\/avatar\\\/37d968a2e67a6fd04c169c4bdef102d0bc5d31b2546345219e348575eb80e9a0?s=96&d=mm&r=g\",\"url\":\"https:\\\/\\\/secure.gravatar.com\\\/avatar\\\/37d968a2e67a6fd04c169c4bdef102d0bc5d31b2546345219e348575eb80e9a0?s=96&d=mm&r=g\",\"contentUrl\":\"https:\\\/\\\/secure.gravatar.com\\\/avatar\\\/37d968a2e67a6fd04c169c4bdef102d0bc5d31b2546345219e348575eb80e9a0?s=96&d=mm&r=g\",\"caption\":\"redazione\"},\"sameAs\":[\"http:\\\/\\\/www.bellunopress.it\",\"https:\\\/\\\/x.com\\\/bellunopress\"],\"url\":\"https:\\\/\\\/www.bellunopress.it\\\/fr\\\/author\\\/redazione\\\/\"}]}<\/script>\n<!-- \/ Yoast SEO plugin. -->","yoast_head_json":{"title":"Venerd\u00ec 20 gennaio incontro all'Istituto tecnico \"Segato\" di Belluno con la scrittrice Daria De Pellegrini - Bellunopress - Dolomiti","robots":{"index":"index","follow":"follow","max-snippet":"max-snippet:-1","max-image-preview":"max-image-preview:large","max-video-preview":"max-video-preview:-1"},"canonical":"https:\/\/www.bellunopress.it\/fr\/2012\/01\/15\/venerdi-20-gennaio-incontro-allistituto-tecnico-segato-di-belluno-con-la-scrittrice-daria-de-pellegrini\/","og_locale":"fr_FR","og_type":"article","og_title":"Venerd\u00ec 20 gennaio incontro all'Istituto tecnico \"Segato\" di Belluno con la scrittrice Daria De Pellegrini - Bellunopress - Dolomiti","og_description":"Nuovo appuntamento venerd\u00ec 20 gennaio 2012 con il ciclo di incontri con l&#8217;autore organizzato dall&#8217;Istituto di Istruzione Superiore \u201cSegato &#8211; Brustolon\u201d di Belluno nell&#8217;ambito del \u201cProgetto Biblioteca\u201d. Daria De Pellegrini, che \u00e8 nata e vive in provincia di Belluno, terr\u00e0 un incontro dal titolo intrigante: \u201cCome nasce, e muore per strada, un romanzo giallo\u201d. Non [&hellip;]","og_url":"https:\/\/www.bellunopress.it\/fr\/2012\/01\/15\/venerdi-20-gennaio-incontro-allistituto-tecnico-segato-di-belluno-con-la-scrittrice-daria-de-pellegrini\/","og_site_name":"Bellunopress - Dolomiti","article_publisher":"https:\/\/www.facebook.com\/profile.php?id=100008943462799","article_published_time":"2012-01-15T12:44:51+00:00","og_image":[{"url":"http:\/\/www.bellunopress.it\/wp-content\/uploads\/2010\/05\/istituto-tecnico-industriale.jpg","type":"","width":"","height":""}],"author":"redazione","twitter_card":"summary_large_image","twitter_creator":"@bellunopress","twitter_site":"@bellunopress","twitter_misc":{"Written by":"redazione","Est. reading time":"1 minute"},"schema":{"@context":"https:\/\/schema.org","@graph":[{"@type":"Article","@id":"https:\/\/www.bellunopress.it\/2012\/01\/15\/venerdi-20-gennaio-incontro-allistituto-tecnico-segato-di-belluno-con-la-scrittrice-daria-de-pellegrini\/#article","isPartOf":{"@id":"https:\/\/www.bellunopress.it\/2012\/01\/15\/venerdi-20-gennaio-incontro-allistituto-tecnico-segato-di-belluno-con-la-scrittrice-daria-de-pellegrini\/"},"author":{"name":"redazione","@id":"https:\/\/www.bellunopress.it\/#\/schema\/person\/79bb06722b37ece1c03d3e94beb30d73"},"headline":"Venerd\u00ec 20 gennaio incontro all&#8217;Istituto tecnico &#8220;Segato&#8221; di Belluno con la scrittrice Daria De Pellegrini","datePublished":"2012-01-15T12:44:51+00:00","mainEntityOfPage":{"@id":"https:\/\/www.bellunopress.it\/2012\/01\/15\/venerdi-20-gennaio-incontro-allistituto-tecnico-segato-di-belluno-con-la-scrittrice-daria-de-pellegrini\/"},"wordCount":245,"publisher":{"@id":"https:\/\/www.bellunopress.it\/#organization"},"image":{"@id":"https:\/\/www.bellunopress.it\/2012\/01\/15\/venerdi-20-gennaio-incontro-allistituto-tecnico-segato-di-belluno-con-la-scrittrice-daria-de-pellegrini\/#primaryimage"},"thumbnailUrl":"http:\/\/www.bellunopress.it\/wp-content\/uploads\/2010\/05\/istituto-tecnico-industriale.jpg","articleSection":["Appuntamenti, Eventi","Arte, Cultura, Spettacoli, Scienza","Pausa Caff\u00e8"],"inLanguage":"fr-FR"},{"@type":"WebPage","@id":"https:\/\/www.bellunopress.it\/2012\/01\/15\/venerdi-20-gennaio-incontro-allistituto-tecnico-segato-di-belluno-con-la-scrittrice-daria-de-pellegrini\/","url":"https:\/\/www.bellunopress.it\/2012\/01\/15\/venerdi-20-gennaio-incontro-allistituto-tecnico-segato-di-belluno-con-la-scrittrice-daria-de-pellegrini\/","name":"Venerd\u00ec 20 gennaio incontro all'Istituto tecnico \"Segato\" di Belluno con la scrittrice Daria De Pellegrini - Bellunopress - Dolomiti","isPartOf":{"@id":"https:\/\/www.bellunopress.it\/#website"},"primaryImageOfPage":{"@id":"https:\/\/www.bellunopress.it\/2012\/01\/15\/venerdi-20-gennaio-incontro-allistituto-tecnico-segato-di-belluno-con-la-scrittrice-daria-de-pellegrini\/#primaryimage"},"image":{"@id":"https:\/\/www.bellunopress.it\/2012\/01\/15\/venerdi-20-gennaio-incontro-allistituto-tecnico-segato-di-belluno-con-la-scrittrice-daria-de-pellegrini\/#primaryimage"},"thumbnailUrl":"http:\/\/www.bellunopress.it\/wp-content\/uploads\/2010\/05\/istituto-tecnico-industriale.jpg","datePublished":"2012-01-15T12:44:51+00:00","breadcrumb":{"@id":"https:\/\/www.bellunopress.it\/2012\/01\/15\/venerdi-20-gennaio-incontro-allistituto-tecnico-segato-di-belluno-con-la-scrittrice-daria-de-pellegrini\/#breadcrumb"},"inLanguage":"fr-FR","potentialAction":[{"@type":"ReadAction","target":["https:\/\/www.bellunopress.it\/2012\/01\/15\/venerdi-20-gennaio-incontro-allistituto-tecnico-segato-di-belluno-con-la-scrittrice-daria-de-pellegrini\/"]}]},{"@type":"ImageObject","inLanguage":"fr-FR","@id":"https:\/\/www.bellunopress.it\/2012\/01\/15\/venerdi-20-gennaio-incontro-allistituto-tecnico-segato-di-belluno-con-la-scrittrice-daria-de-pellegrini\/#primaryimage","url":"http:\/\/www.bellunopress.it\/wp-content\/uploads\/2010\/05\/istituto-tecnico-industriale.jpg","contentUrl":"http:\/\/www.bellunopress.it\/wp-content\/uploads\/2010\/05\/istituto-tecnico-industriale.jpg"},{"@type":"BreadcrumbList","@id":"https:\/\/www.bellunopress.it\/2012\/01\/15\/venerdi-20-gennaio-incontro-allistituto-tecnico-segato-di-belluno-con-la-scrittrice-daria-de-pellegrini\/#breadcrumb","itemListElement":[{"@type":"ListItem","position":1,"name":"Home","item":"https:\/\/www.bellunopress.it\/"},{"@type":"ListItem","position":2,"name":"Venerd\u00ec 20 gennaio incontro all&#8217;Istituto tecnico &#8220;Segato&#8221; di Belluno con la scrittrice Daria De Pellegrini"}]},{"@type":"WebSite","@id":"https:\/\/www.bellunopress.it\/#website","url":"https:\/\/www.bellunopress.it\/","name":"Bellunopress - Dolomiti","description":"e-mail: redazione@bellunopress.it","publisher":{"@id":"https:\/\/www.bellunopress.it\/#organization"},"potentialAction":[{"@type":"SearchAction","target":{"@type":"EntryPoint","urlTemplate":"https:\/\/www.bellunopress.it\/?s={search_term_string}"},"query-input":{"@type":"PropertyValueSpecification","valueRequired":true,"valueName":"search_term_string"}}],"inLanguage":"fr-FR"},{"@type":"Organization","@id":"https:\/\/www.bellunopress.it\/#organization","name":"Bellunopress","url":"https:\/\/www.bellunopress.it\/","logo":{"@type":"ImageObject","inLanguage":"fr-FR","@id":"https:\/\/www.bellunopress.it\/#\/schema\/logo\/image\/","url":"https:\/\/www.bellunopress.it\/wp-content\/uploads\/2011\/05\/cropped-logo-bellunopress-.jpg","contentUrl":"https:\/\/www.bellunopress.it\/wp-content\/uploads\/2011\/05\/cropped-logo-bellunopress-.jpg","width":512,"height":512,"caption":"Bellunopress"},"image":{"@id":"https:\/\/www.bellunopress.it\/#\/schema\/logo\/image\/"},"sameAs":["https:\/\/www.facebook.com\/profile.php?id=100008943462799","https:\/\/x.com\/bellunopress","https:\/\/www.linkedin.com\/hp\/?dnr=JBzUWaJfMUw8vbXJJ2tVW5-I3jZKvC4wsoxE&amp;amp;amp;amp;amp;amp;trk=nav_responsive_tab_home","https:\/\/www.youtube.com\/channel\/UCxL0wu1uN0_3_7hGG0306cw"]},{"@type":"Person","@id":"https:\/\/www.bellunopress.it\/#\/schema\/person\/79bb06722b37ece1c03d3e94beb30d73","name":"r\u00e9daction","image":{"@type":"ImageObject","inLanguage":"fr-FR","@id":"https:\/\/secure.gravatar.com\/avatar\/37d968a2e67a6fd04c169c4bdef102d0bc5d31b2546345219e348575eb80e9a0?s=96&d=mm&r=g","url":"https:\/\/secure.gravatar.com\/avatar\/37d968a2e67a6fd04c169c4bdef102d0bc5d31b2546345219e348575eb80e9a0?s=96&d=mm&r=g","contentUrl":"https:\/\/secure.gravatar.com\/avatar\/37d968a2e67a6fd04c169c4bdef102d0bc5d31b2546345219e348575eb80e9a0?s=96&d=mm&r=g","caption":"redazione"},"sameAs":["http:\/\/www.bellunopress.it","https:\/\/x.com\/bellunopress"],"url":"https:\/\/www.bellunopress.it\/fr\/author\/redazione\/"}]}},"_links":{"self":[{"href":"https:\/\/www.bellunopress.it\/fr\/wp-json\/wp\/v2\/posts\/34178","targetHints":{"allow":["GET"]}}],"collection":[{"href":"https:\/\/www.bellunopress.it\/fr\/wp-json\/wp\/v2\/posts"}],"about":[{"href":"https:\/\/www.bellunopress.it\/fr\/wp-json\/wp\/v2\/types\/post"}],"author":[{"embeddable":true,"href":"https:\/\/www.bellunopress.it\/fr\/wp-json\/wp\/v2\/users\/2"}],"replies":[{"embeddable":true,"href":"https:\/\/www.bellunopress.it\/fr\/wp-json\/wp\/v2\/comments?post=34178"}],"version-history":[{"count":1,"href":"https:\/\/www.bellunopress.it\/fr\/wp-json\/wp\/v2\/posts\/34178\/revisions"}],"predecessor-version":[{"id":34179,"href":"https:\/\/www.bellunopress.it\/fr\/wp-json\/wp\/v2\/posts\/34178\/revisions\/34179"}],"wp:attachment":[{"href":"https:\/\/www.bellunopress.it\/fr\/wp-json\/wp\/v2\/media?parent=34178"}],"wp:term":[{"taxonomy":"category","embeddable":true,"href":"https:\/\/www.bellunopress.it\/fr\/wp-json\/wp\/v2\/categories?post=34178"},{"taxonomy":"post_tag","embeddable":true,"href":"https:\/\/www.bellunopress.it\/fr\/wp-json\/wp\/v2\/tags?post=34178"}],"curies":[{"name":"wp","href":"https:\/\/api.w.org\/{rel}","templated":true}]}}