{"id":34175,"date":"2012-01-15T13:39:33","date_gmt":"2012-01-15T12:39:33","guid":{"rendered":"http:\/\/www.bellunopress.it\/?p=34175"},"modified":"2012-01-15T13:39:33","modified_gmt":"2012-01-15T12:39:33","slug":"coppa-del-mondo-di-cortina-un-assaggio-del-mondiale-franceschile-prove-di-coppa-del-mondo-hanno-dimostrato-la-capacita-della-nostra-macchina-organizzativa","status":"publish","type":"post","link":"https:\/\/www.bellunopress.it\/fr\/2012\/01\/15\/coppa-del-mondo-di-cortina-un-assaggio-del-mondiale-franceschile-prove-di-coppa-del-mondo-hanno-dimostrato-la-capacita-della-nostra-macchina-organizzativa\/","title":{"rendered":"Coppa del Mondo di Cortina, un assaggio del Mondiale. Franceschi:&#8221;Le prove di Coppa del Mondo hanno dimostrato la capacit\u00e0 della nostra macchina organizzativa&#8221;"},"content":{"rendered":"<p><a href=\"http:\/\/www.bellunopress.it\/wp-content\/uploads\/2012\/01\/andrea-franceschi.jpg\"><img loading=\"lazy\" decoding=\"async\" class=\"alignleft size-full wp-image-34176\" title=\"andrea franceschi\" src=\"http:\/\/www.bellunopress.it\/wp-content\/uploads\/2012\/01\/andrea-franceschi.jpg\" alt=\"\" width=\"280\" height=\"280\" srcset=\"https:\/\/www.bellunopress.it\/wp-content\/uploads\/2012\/01\/andrea-franceschi.jpg 280w, https:\/\/www.bellunopress.it\/wp-content\/uploads\/2012\/01\/andrea-franceschi-150x150.jpg 150w\" sizes=\"auto, (max-width: 280px) 100vw, 280px\" \/><\/a>\u201cCortina ha tutte le carte in regola per organizzare un Mondiale di Sci &#8211; ha dichiarato il sindaco di Cortina, Andrea Franceschi &#8211; . Le prove di Coppa del Mondo hanno dimostrato la capacit\u00e0 della nostra macchina organizzativa, sia per quanto riguarda gli aspetti squisitamente tecnici che per tutta l\u2019attivit\u00e0 di animazione collaterale. Il gruppo Cortina 2017 ha saputo creare una squadra e coinvolgere tutta la popolazione, un elemento fondamentale in prospettiva dell\u2019impegno che l\u2019organizzazione di un Mondiale richiederebbe\u201d. Un successo raggiunto grazie al comitato organizzatore della Coppa del Mondo di Sci in collaborazione con il team di Cortina 2017: un altro fondamentale tassello e un ottimo biglietto da visita per il progetto di candidatura ai Mondiali di sci alpino del 2017.<\/p>\n<p>Metti insieme un evento su neve di rilevanza internazionale e iscritto ormai nella tradizione sportiva invernale, una scenografia naturale senza eguali, tutto l\u2019entusiasmo e l\u2019energia di un giovanissimo gruppo e la forza di un obiettivo comune, la conquista del Mondiale di sci alpino del 2017, e il gioco \u00e8 fatto. Sabato e14 e domenica 15 gennaio a Rumerlo Cortina ha dato prova concreta della sua competenza e della capacit\u00e0 del sistema di organizzare un evento impeccabile in qualsiasi condizione. Le premesse non erano le pi\u00f9 rosee, soprattutto per quanto riguarda la mancanza di neve naturale.\u00a0 Ma l\u2019edizione 2012 del Coppa del Mondo, giunta al ventesimo anno nella conca ampezzana, ha tutte le caratteristiche e le premesse per essere un esempio di capacit\u00e0 e virt\u00f9 del sistema Cortina. L\u2019Olympia delle Tofane era perfetta, un tracciato impeccabile, amato da tutte le atlete del circo bianco. Anche Daniela Merighetti, vincitrice della discesa libera ha dichiarato che vincere a Cortina, sulla sua pista preferita e davanti al pubblico di casa \u00e8 stata un\u2019emozione unica e irripetibile. E nella stessa occasione la campionessa bresciana ha ribadito tutto il suo sostegno in favore di Cortina per i mondiali di sci del 2017 (v. foto). Un pubblico partecipe e presente numeroso: un obiettivo dichiarato e perseguito con grande energia e grande lavoro dal gruppo di Cortina 2017. Ad attendere le frecce dello sci in rosa all\u2019arrivo a Rumerlo c\u2019erano quest\u2019anno migliaia di curiosi, sportivi e appassionati. E un folto pubblico a salutare le atlete in anche nel centro cittadino in piazza Venezia. Insomma, un\u2019ottima prova per Cortina, soprattutto in vista del congresso FIS del prossimo maggio, quando in Corea sar\u00e0 scelta la destinazione destinata a ospitare le gare mondiali del 2017.<\/p>\n<p>&nbsp;<\/p>\n<p>&nbsp;<\/p>","protected":false},"excerpt":{"rendered":"<p>\u201cCortina ha tutte le carte in regola per organizzare un Mondiale di Sci &#8211; ha dichiarato il sindaco di Cortina, Andrea Franceschi &#8211; . Le prove di Coppa del Mondo hanno dimostrato la capacit\u00e0 della nostra macchina organizzativa, sia per quanto riguarda gli aspetti squisitamente tecnici che per tutta l\u2019attivit\u00e0 di animazione collaterale. Il gruppo [&hellip;]<\/p>\n","protected":false},"author":2,"featured_media":0,"comment_status":"closed","ping_status":"open","sticky":false,"template":"","format":"standard","meta":{"footnotes":""},"categories":[8,4],"tags":[],"class_list":["post-34175","post","type-post","status-publish","format-standard","category-societa-istituzioni","category-sport"],"yoast_head":"<!-- This site is optimized with the Yoast SEO plugin v28.4 - https:\/\/yoast.com\/product\/yoast-seo-wordpress\/ -->\n<title>Coppa del Mondo di Cortina, un assaggio del Mondiale. Franceschi:&quot;Le prove di Coppa del Mondo hanno dimostrato la capacit\u00e0 della nostra macchina organizzativa&quot; - Bellunopress - Dolomiti<\/title>\n<meta name=\"robots\" content=\"index, follow, max-snippet:-1, max-image-preview:large, max-video-preview:-1\" \/>\n<link rel=\"canonical\" href=\"https:\/\/www.bellunopress.it\/fr\/2012\/01\/15\/coppa-del-mondo-di-cortina-un-assaggio-del-mondiale-franceschile-prove-di-coppa-del-mondo-hanno-dimostrato-la-capacita-della-nostra-macchina-organizzativa\/\" \/>\n<meta property=\"og:locale\" content=\"fr_FR\" \/>\n<meta property=\"og:type\" content=\"article\" \/>\n<meta property=\"og:title\" content=\"Coppa del Mondo di Cortina, un assaggio del Mondiale. Franceschi:&quot;Le prove di Coppa del Mondo hanno dimostrato la capacit\u00e0 della nostra macchina organizzativa&quot; - Bellunopress - Dolomiti\" \/>\n<meta property=\"og:description\" content=\"\u201cCortina ha tutte le carte in regola per organizzare un Mondiale di Sci &#8211; ha dichiarato il sindaco di Cortina, Andrea Franceschi &#8211; . Le prove di Coppa del Mondo hanno dimostrato la capacit\u00e0 della nostra macchina organizzativa, sia per quanto riguarda gli aspetti squisitamente tecnici che per tutta l\u2019attivit\u00e0 di animazione collaterale. Il gruppo [&hellip;]\" \/>\n<meta property=\"og:url\" content=\"https:\/\/www.bellunopress.it\/fr\/2012\/01\/15\/coppa-del-mondo-di-cortina-un-assaggio-del-mondiale-franceschile-prove-di-coppa-del-mondo-hanno-dimostrato-la-capacita-della-nostra-macchina-organizzativa\/\" \/>\n<meta property=\"og:site_name\" content=\"Bellunopress - Dolomiti\" \/>\n<meta property=\"article:publisher\" content=\"https:\/\/www.facebook.com\/profile.php?id=100008943462799\" \/>\n<meta property=\"article:published_time\" content=\"2012-01-15T12:39:33+00:00\" \/>\n<meta property=\"og:image\" content=\"http:\/\/www.bellunopress.it\/wp-content\/uploads\/2012\/01\/andrea-franceschi.jpg\" \/>\n<meta name=\"author\" content=\"redazione\" \/>\n<meta name=\"twitter:card\" content=\"summary_large_image\" \/>\n<meta name=\"twitter:creator\" content=\"@bellunopress\" \/>\n<meta name=\"twitter:site\" content=\"@bellunopress\" \/>\n<meta name=\"twitter:label1\" content=\"Written by\" \/>\n\t<meta name=\"twitter:data1\" content=\"redazione\" \/>\n\t<meta name=\"twitter:label2\" content=\"Est. reading time\" \/>\n\t<meta name=\"twitter:data2\" content=\"2 minutes\" \/>\n<script type=\"application\/ld+json\" class=\"yoast-schema-graph\">{\"@context\":\"https:\\\/\\\/schema.org\",\"@graph\":[{\"@type\":\"Article\",\"@id\":\"https:\\\/\\\/www.bellunopress.it\\\/2012\\\/01\\\/15\\\/coppa-del-mondo-di-cortina-un-assaggio-del-mondiale-franceschile-prove-di-coppa-del-mondo-hanno-dimostrato-la-capacita-della-nostra-macchina-organizzativa\\\/#article\",\"isPartOf\":{\"@id\":\"https:\\\/\\\/www.bellunopress.it\\\/2012\\\/01\\\/15\\\/coppa-del-mondo-di-cortina-un-assaggio-del-mondiale-franceschile-prove-di-coppa-del-mondo-hanno-dimostrato-la-capacita-della-nostra-macchina-organizzativa\\\/\"},\"author\":{\"name\":\"redazione\",\"@id\":\"https:\\\/\\\/www.bellunopress.it\\\/#\\\/schema\\\/person\\\/79bb06722b37ece1c03d3e94beb30d73\"},\"headline\":\"Coppa del Mondo di Cortina, un assaggio del Mondiale. Franceschi:&#8221;Le prove di Coppa del Mondo hanno dimostrato la capacit\u00e0 della nostra macchina organizzativa&#8221;\",\"datePublished\":\"2012-01-15T12:39:33+00:00\",\"mainEntityOfPage\":{\"@id\":\"https:\\\/\\\/www.bellunopress.it\\\/2012\\\/01\\\/15\\\/coppa-del-mondo-di-cortina-un-assaggio-del-mondiale-franceschile-prove-di-coppa-del-mondo-hanno-dimostrato-la-capacita-della-nostra-macchina-organizzativa\\\/\"},\"wordCount\":432,\"publisher\":{\"@id\":\"https:\\\/\\\/www.bellunopress.it\\\/#organization\"},\"image\":{\"@id\":\"https:\\\/\\\/www.bellunopress.it\\\/2012\\\/01\\\/15\\\/coppa-del-mondo-di-cortina-un-assaggio-del-mondiale-franceschile-prove-di-coppa-del-mondo-hanno-dimostrato-la-capacita-della-nostra-macchina-organizzativa\\\/#primaryimage\"},\"thumbnailUrl\":\"http:\\\/\\\/www.bellunopress.it\\\/wp-content\\\/uploads\\\/2012\\\/01\\\/andrea-franceschi.jpg\",\"articleSection\":[\"Societ\u00e0, Associazioni, Istituzioni\",\"Sport, tempo libero\"],\"inLanguage\":\"fr-FR\"},{\"@type\":\"WebPage\",\"@id\":\"https:\\\/\\\/www.bellunopress.it\\\/2012\\\/01\\\/15\\\/coppa-del-mondo-di-cortina-un-assaggio-del-mondiale-franceschile-prove-di-coppa-del-mondo-hanno-dimostrato-la-capacita-della-nostra-macchina-organizzativa\\\/\",\"url\":\"https:\\\/\\\/www.bellunopress.it\\\/2012\\\/01\\\/15\\\/coppa-del-mondo-di-cortina-un-assaggio-del-mondiale-franceschile-prove-di-coppa-del-mondo-hanno-dimostrato-la-capacita-della-nostra-macchina-organizzativa\\\/\",\"name\":\"Coppa del Mondo di Cortina, un assaggio del Mondiale. Franceschi:\\\"Le prove di Coppa del Mondo hanno dimostrato la capacit\u00e0 della nostra macchina organizzativa\\\" - Bellunopress - Dolomiti\",\"isPartOf\":{\"@id\":\"https:\\\/\\\/www.bellunopress.it\\\/#website\"},\"primaryImageOfPage\":{\"@id\":\"https:\\\/\\\/www.bellunopress.it\\\/2012\\\/01\\\/15\\\/coppa-del-mondo-di-cortina-un-assaggio-del-mondiale-franceschile-prove-di-coppa-del-mondo-hanno-dimostrato-la-capacita-della-nostra-macchina-organizzativa\\\/#primaryimage\"},\"image\":{\"@id\":\"https:\\\/\\\/www.bellunopress.it\\\/2012\\\/01\\\/15\\\/coppa-del-mondo-di-cortina-un-assaggio-del-mondiale-franceschile-prove-di-coppa-del-mondo-hanno-dimostrato-la-capacita-della-nostra-macchina-organizzativa\\\/#primaryimage\"},\"thumbnailUrl\":\"http:\\\/\\\/www.bellunopress.it\\\/wp-content\\\/uploads\\\/2012\\\/01\\\/andrea-franceschi.jpg\",\"datePublished\":\"2012-01-15T12:39:33+00:00\",\"breadcrumb\":{\"@id\":\"https:\\\/\\\/www.bellunopress.it\\\/2012\\\/01\\\/15\\\/coppa-del-mondo-di-cortina-un-assaggio-del-mondiale-franceschile-prove-di-coppa-del-mondo-hanno-dimostrato-la-capacita-della-nostra-macchina-organizzativa\\\/#breadcrumb\"},\"inLanguage\":\"fr-FR\",\"potentialAction\":[{\"@type\":\"ReadAction\",\"target\":[\"https:\\\/\\\/www.bellunopress.it\\\/2012\\\/01\\\/15\\\/coppa-del-mondo-di-cortina-un-assaggio-del-mondiale-franceschile-prove-di-coppa-del-mondo-hanno-dimostrato-la-capacita-della-nostra-macchina-organizzativa\\\/\"]}]},{\"@type\":\"ImageObject\",\"inLanguage\":\"fr-FR\",\"@id\":\"https:\\\/\\\/www.bellunopress.it\\\/2012\\\/01\\\/15\\\/coppa-del-mondo-di-cortina-un-assaggio-del-mondiale-franceschile-prove-di-coppa-del-mondo-hanno-dimostrato-la-capacita-della-nostra-macchina-organizzativa\\\/#primaryimage\",\"url\":\"http:\\\/\\\/www.bellunopress.it\\\/wp-content\\\/uploads\\\/2012\\\/01\\\/andrea-franceschi.jpg\",\"contentUrl\":\"http:\\\/\\\/www.bellunopress.it\\\/wp-content\\\/uploads\\\/2012\\\/01\\\/andrea-franceschi.jpg\"},{\"@type\":\"BreadcrumbList\",\"@id\":\"https:\\\/\\\/www.bellunopress.it\\\/2012\\\/01\\\/15\\\/coppa-del-mondo-di-cortina-un-assaggio-del-mondiale-franceschile-prove-di-coppa-del-mondo-hanno-dimostrato-la-capacita-della-nostra-macchina-organizzativa\\\/#breadcrumb\",\"itemListElement\":[{\"@type\":\"ListItem\",\"position\":1,\"name\":\"Home\",\"item\":\"https:\\\/\\\/www.bellunopress.it\\\/\"},{\"@type\":\"ListItem\",\"position\":2,\"name\":\"Coppa del Mondo di Cortina, un assaggio del Mondiale. Franceschi:&#8221;Le prove di Coppa del Mondo hanno dimostrato la capacit\u00e0 della nostra macchina organizzativa&#8221;\"}]},{\"@type\":\"WebSite\",\"@id\":\"https:\\\/\\\/www.bellunopress.it\\\/#website\",\"url\":\"https:\\\/\\\/www.bellunopress.it\\\/\",\"name\":\"Bellunopress - Dolomiti\",\"description\":\"e-mail: redazione@bellunopress.it\",\"publisher\":{\"@id\":\"https:\\\/\\\/www.bellunopress.it\\\/#organization\"},\"potentialAction\":[{\"@type\":\"SearchAction\",\"target\":{\"@type\":\"EntryPoint\",\"urlTemplate\":\"https:\\\/\\\/www.bellunopress.it\\\/?s={search_term_string}\"},\"query-input\":{\"@type\":\"PropertyValueSpecification\",\"valueRequired\":true,\"valueName\":\"search_term_string\"}}],\"inLanguage\":\"fr-FR\"},{\"@type\":\"Organization\",\"@id\":\"https:\\\/\\\/www.bellunopress.it\\\/#organization\",\"name\":\"Bellunopress\",\"url\":\"https:\\\/\\\/www.bellunopress.it\\\/\",\"logo\":{\"@type\":\"ImageObject\",\"inLanguage\":\"fr-FR\",\"@id\":\"https:\\\/\\\/www.bellunopress.it\\\/#\\\/schema\\\/logo\\\/image\\\/\",\"url\":\"https:\\\/\\\/www.bellunopress.it\\\/wp-content\\\/uploads\\\/2011\\\/05\\\/cropped-logo-bellunopress-.jpg\",\"contentUrl\":\"https:\\\/\\\/www.bellunopress.it\\\/wp-content\\\/uploads\\\/2011\\\/05\\\/cropped-logo-bellunopress-.jpg\",\"width\":512,\"height\":512,\"caption\":\"Bellunopress\"},\"image\":{\"@id\":\"https:\\\/\\\/www.bellunopress.it\\\/#\\\/schema\\\/logo\\\/image\\\/\"},\"sameAs\":[\"https:\\\/\\\/www.facebook.com\\\/profile.php?id=100008943462799\",\"https:\\\/\\\/x.com\\\/bellunopress\",\"https:\\\/\\\/www.linkedin.com\\\/hp\\\/?dnr=JBzUWaJfMUw8vbXJJ2tVW5-I3jZKvC4wsoxE&amp;amp;amp;amp;amp;amp;trk=nav_responsive_tab_home\",\"https:\\\/\\\/www.youtube.com\\\/channel\\\/UCxL0wu1uN0_3_7hGG0306cw\"]},{\"@type\":\"Person\",\"@id\":\"https:\\\/\\\/www.bellunopress.it\\\/#\\\/schema\\\/person\\\/79bb06722b37ece1c03d3e94beb30d73\",\"name\":\"redazione\",\"image\":{\"@type\":\"ImageObject\",\"inLanguage\":\"fr-FR\",\"@id\":\"https:\\\/\\\/secure.gravatar.com\\\/avatar\\\/37d968a2e67a6fd04c169c4bdef102d0bc5d31b2546345219e348575eb80e9a0?s=96&d=mm&r=g\",\"url\":\"https:\\\/\\\/secure.gravatar.com\\\/avatar\\\/37d968a2e67a6fd04c169c4bdef102d0bc5d31b2546345219e348575eb80e9a0?s=96&d=mm&r=g\",\"contentUrl\":\"https:\\\/\\\/secure.gravatar.com\\\/avatar\\\/37d968a2e67a6fd04c169c4bdef102d0bc5d31b2546345219e348575eb80e9a0?s=96&d=mm&r=g\",\"caption\":\"redazione\"},\"sameAs\":[\"http:\\\/\\\/www.bellunopress.it\",\"https:\\\/\\\/x.com\\\/bellunopress\"],\"url\":\"https:\\\/\\\/www.bellunopress.it\\\/fr\\\/author\\\/redazione\\\/\"}]}<\/script>\n<!-- \/ Yoast SEO plugin. -->","yoast_head_json":{"title":"Coppa del Mondo di Cortina, un assaggio del Mondiale. Franceschi:\"Le prove di Coppa del Mondo hanno dimostrato la capacit\u00e0 della nostra macchina organizzativa\" - Bellunopress - Dolomiti","robots":{"index":"index","follow":"follow","max-snippet":"max-snippet:-1","max-image-preview":"max-image-preview:large","max-video-preview":"max-video-preview:-1"},"canonical":"https:\/\/www.bellunopress.it\/fr\/2012\/01\/15\/coppa-del-mondo-di-cortina-un-assaggio-del-mondiale-franceschile-prove-di-coppa-del-mondo-hanno-dimostrato-la-capacita-della-nostra-macchina-organizzativa\/","og_locale":"fr_FR","og_type":"article","og_title":"Coppa del Mondo di Cortina, un assaggio del Mondiale. Franceschi:\"Le prove di Coppa del Mondo hanno dimostrato la capacit\u00e0 della nostra macchina organizzativa\" - Bellunopress - Dolomiti","og_description":"\u201cCortina ha tutte le carte in regola per organizzare un Mondiale di Sci &#8211; ha dichiarato il sindaco di Cortina, Andrea Franceschi &#8211; . Le prove di Coppa del Mondo hanno dimostrato la capacit\u00e0 della nostra macchina organizzativa, sia per quanto riguarda gli aspetti squisitamente tecnici che per tutta l\u2019attivit\u00e0 di animazione collaterale. Il gruppo [&hellip;]","og_url":"https:\/\/www.bellunopress.it\/fr\/2012\/01\/15\/coppa-del-mondo-di-cortina-un-assaggio-del-mondiale-franceschile-prove-di-coppa-del-mondo-hanno-dimostrato-la-capacita-della-nostra-macchina-organizzativa\/","og_site_name":"Bellunopress - Dolomiti","article_publisher":"https:\/\/www.facebook.com\/profile.php?id=100008943462799","article_published_time":"2012-01-15T12:39:33+00:00","og_image":[{"url":"http:\/\/www.bellunopress.it\/wp-content\/uploads\/2012\/01\/andrea-franceschi.jpg","type":"","width":"","height":""}],"author":"redazione","twitter_card":"summary_large_image","twitter_creator":"@bellunopress","twitter_site":"@bellunopress","twitter_misc":{"Written by":"redazione","Est. reading time":"2 minutes"},"schema":{"@context":"https:\/\/schema.org","@graph":[{"@type":"Article","@id":"https:\/\/www.bellunopress.it\/2012\/01\/15\/coppa-del-mondo-di-cortina-un-assaggio-del-mondiale-franceschile-prove-di-coppa-del-mondo-hanno-dimostrato-la-capacita-della-nostra-macchina-organizzativa\/#article","isPartOf":{"@id":"https:\/\/www.bellunopress.it\/2012\/01\/15\/coppa-del-mondo-di-cortina-un-assaggio-del-mondiale-franceschile-prove-di-coppa-del-mondo-hanno-dimostrato-la-capacita-della-nostra-macchina-organizzativa\/"},"author":{"name":"redazione","@id":"https:\/\/www.bellunopress.it\/#\/schema\/person\/79bb06722b37ece1c03d3e94beb30d73"},"headline":"Coppa del Mondo di Cortina, un assaggio del Mondiale. Franceschi:&#8221;Le prove di Coppa del Mondo hanno dimostrato la capacit\u00e0 della nostra macchina organizzativa&#8221;","datePublished":"2012-01-15T12:39:33+00:00","mainEntityOfPage":{"@id":"https:\/\/www.bellunopress.it\/2012\/01\/15\/coppa-del-mondo-di-cortina-un-assaggio-del-mondiale-franceschile-prove-di-coppa-del-mondo-hanno-dimostrato-la-capacita-della-nostra-macchina-organizzativa\/"},"wordCount":432,"publisher":{"@id":"https:\/\/www.bellunopress.it\/#organization"},"image":{"@id":"https:\/\/www.bellunopress.it\/2012\/01\/15\/coppa-del-mondo-di-cortina-un-assaggio-del-mondiale-franceschile-prove-di-coppa-del-mondo-hanno-dimostrato-la-capacita-della-nostra-macchina-organizzativa\/#primaryimage"},"thumbnailUrl":"http:\/\/www.bellunopress.it\/wp-content\/uploads\/2012\/01\/andrea-franceschi.jpg","articleSection":["Societ\u00e0, Associazioni, Istituzioni","Sport, tempo libero"],"inLanguage":"fr-FR"},{"@type":"WebPage","@id":"https:\/\/www.bellunopress.it\/2012\/01\/15\/coppa-del-mondo-di-cortina-un-assaggio-del-mondiale-franceschile-prove-di-coppa-del-mondo-hanno-dimostrato-la-capacita-della-nostra-macchina-organizzativa\/","url":"https:\/\/www.bellunopress.it\/2012\/01\/15\/coppa-del-mondo-di-cortina-un-assaggio-del-mondiale-franceschile-prove-di-coppa-del-mondo-hanno-dimostrato-la-capacita-della-nostra-macchina-organizzativa\/","name":"Coppa del Mondo di Cortina, un assaggio del Mondiale. Franceschi:\"Le prove di Coppa del Mondo hanno dimostrato la capacit\u00e0 della nostra macchina organizzativa\" - Bellunopress - Dolomiti","isPartOf":{"@id":"https:\/\/www.bellunopress.it\/#website"},"primaryImageOfPage":{"@id":"https:\/\/www.bellunopress.it\/2012\/01\/15\/coppa-del-mondo-di-cortina-un-assaggio-del-mondiale-franceschile-prove-di-coppa-del-mondo-hanno-dimostrato-la-capacita-della-nostra-macchina-organizzativa\/#primaryimage"},"image":{"@id":"https:\/\/www.bellunopress.it\/2012\/01\/15\/coppa-del-mondo-di-cortina-un-assaggio-del-mondiale-franceschile-prove-di-coppa-del-mondo-hanno-dimostrato-la-capacita-della-nostra-macchina-organizzativa\/#primaryimage"},"thumbnailUrl":"http:\/\/www.bellunopress.it\/wp-content\/uploads\/2012\/01\/andrea-franceschi.jpg","datePublished":"2012-01-15T12:39:33+00:00","breadcrumb":{"@id":"https:\/\/www.bellunopress.it\/2012\/01\/15\/coppa-del-mondo-di-cortina-un-assaggio-del-mondiale-franceschile-prove-di-coppa-del-mondo-hanno-dimostrato-la-capacita-della-nostra-macchina-organizzativa\/#breadcrumb"},"inLanguage":"fr-FR","potentialAction":[{"@type":"ReadAction","target":["https:\/\/www.bellunopress.it\/2012\/01\/15\/coppa-del-mondo-di-cortina-un-assaggio-del-mondiale-franceschile-prove-di-coppa-del-mondo-hanno-dimostrato-la-capacita-della-nostra-macchina-organizzativa\/"]}]},{"@type":"ImageObject","inLanguage":"fr-FR","@id":"https:\/\/www.bellunopress.it\/2012\/01\/15\/coppa-del-mondo-di-cortina-un-assaggio-del-mondiale-franceschile-prove-di-coppa-del-mondo-hanno-dimostrato-la-capacita-della-nostra-macchina-organizzativa\/#primaryimage","url":"http:\/\/www.bellunopress.it\/wp-content\/uploads\/2012\/01\/andrea-franceschi.jpg","contentUrl":"http:\/\/www.bellunopress.it\/wp-content\/uploads\/2012\/01\/andrea-franceschi.jpg"},{"@type":"BreadcrumbList","@id":"https:\/\/www.bellunopress.it\/2012\/01\/15\/coppa-del-mondo-di-cortina-un-assaggio-del-mondiale-franceschile-prove-di-coppa-del-mondo-hanno-dimostrato-la-capacita-della-nostra-macchina-organizzativa\/#breadcrumb","itemListElement":[{"@type":"ListItem","position":1,"name":"Home","item":"https:\/\/www.bellunopress.it\/"},{"@type":"ListItem","position":2,"name":"Coppa del Mondo di Cortina, un assaggio del Mondiale. Franceschi:&#8221;Le prove di Coppa del Mondo hanno dimostrato la capacit\u00e0 della nostra macchina organizzativa&#8221;"}]},{"@type":"WebSite","@id":"https:\/\/www.bellunopress.it\/#website","url":"https:\/\/www.bellunopress.it\/","name":"Bellunopress - Dolomiti","description":"e-mail: redazione@bellunopress.it","publisher":{"@id":"https:\/\/www.bellunopress.it\/#organization"},"potentialAction":[{"@type":"SearchAction","target":{"@type":"EntryPoint","urlTemplate":"https:\/\/www.bellunopress.it\/?s={search_term_string}"},"query-input":{"@type":"PropertyValueSpecification","valueRequired":true,"valueName":"search_term_string"}}],"inLanguage":"fr-FR"},{"@type":"Organization","@id":"https:\/\/www.bellunopress.it\/#organization","name":"Bellunopress","url":"https:\/\/www.bellunopress.it\/","logo":{"@type":"ImageObject","inLanguage":"fr-FR","@id":"https:\/\/www.bellunopress.it\/#\/schema\/logo\/image\/","url":"https:\/\/www.bellunopress.it\/wp-content\/uploads\/2011\/05\/cropped-logo-bellunopress-.jpg","contentUrl":"https:\/\/www.bellunopress.it\/wp-content\/uploads\/2011\/05\/cropped-logo-bellunopress-.jpg","width":512,"height":512,"caption":"Bellunopress"},"image":{"@id":"https:\/\/www.bellunopress.it\/#\/schema\/logo\/image\/"},"sameAs":["https:\/\/www.facebook.com\/profile.php?id=100008943462799","https:\/\/x.com\/bellunopress","https:\/\/www.linkedin.com\/hp\/?dnr=JBzUWaJfMUw8vbXJJ2tVW5-I3jZKvC4wsoxE&amp;amp;amp;amp;amp;amp;trk=nav_responsive_tab_home","https:\/\/www.youtube.com\/channel\/UCxL0wu1uN0_3_7hGG0306cw"]},{"@type":"Person","@id":"https:\/\/www.bellunopress.it\/#\/schema\/person\/79bb06722b37ece1c03d3e94beb30d73","name":"r\u00e9daction","image":{"@type":"ImageObject","inLanguage":"fr-FR","@id":"https:\/\/secure.gravatar.com\/avatar\/37d968a2e67a6fd04c169c4bdef102d0bc5d31b2546345219e348575eb80e9a0?s=96&d=mm&r=g","url":"https:\/\/secure.gravatar.com\/avatar\/37d968a2e67a6fd04c169c4bdef102d0bc5d31b2546345219e348575eb80e9a0?s=96&d=mm&r=g","contentUrl":"https:\/\/secure.gravatar.com\/avatar\/37d968a2e67a6fd04c169c4bdef102d0bc5d31b2546345219e348575eb80e9a0?s=96&d=mm&r=g","caption":"redazione"},"sameAs":["http:\/\/www.bellunopress.it","https:\/\/x.com\/bellunopress"],"url":"https:\/\/www.bellunopress.it\/fr\/author\/redazione\/"}]}},"_links":{"self":[{"href":"https:\/\/www.bellunopress.it\/fr\/wp-json\/wp\/v2\/posts\/34175","targetHints":{"allow":["GET"]}}],"collection":[{"href":"https:\/\/www.bellunopress.it\/fr\/wp-json\/wp\/v2\/posts"}],"about":[{"href":"https:\/\/www.bellunopress.it\/fr\/wp-json\/wp\/v2\/types\/post"}],"author":[{"embeddable":true,"href":"https:\/\/www.bellunopress.it\/fr\/wp-json\/wp\/v2\/users\/2"}],"replies":[{"embeddable":true,"href":"https:\/\/www.bellunopress.it\/fr\/wp-json\/wp\/v2\/comments?post=34175"}],"version-history":[{"count":1,"href":"https:\/\/www.bellunopress.it\/fr\/wp-json\/wp\/v2\/posts\/34175\/revisions"}],"predecessor-version":[{"id":34177,"href":"https:\/\/www.bellunopress.it\/fr\/wp-json\/wp\/v2\/posts\/34175\/revisions\/34177"}],"wp:attachment":[{"href":"https:\/\/www.bellunopress.it\/fr\/wp-json\/wp\/v2\/media?parent=34175"}],"wp:term":[{"taxonomy":"category","embeddable":true,"href":"https:\/\/www.bellunopress.it\/fr\/wp-json\/wp\/v2\/categories?post=34175"},{"taxonomy":"post_tag","embeddable":true,"href":"https:\/\/www.bellunopress.it\/fr\/wp-json\/wp\/v2\/tags?post=34175"}],"curies":[{"name":"wp","href":"https:\/\/api.w.org\/{rel}","templated":true}]}}