{"id":34168,"date":"2012-01-14T23:35:19","date_gmt":"2012-01-14T22:35:19","guid":{"rendered":"http:\/\/www.bellunopress.it\/?p=34168"},"modified":"2012-01-14T23:35:19","modified_gmt":"2012-01-14T22:35:19","slug":"alberi-monumentali-e-di-pregio-una-legge-senza-attuazione-di-anacleto-boranga","status":"publish","type":"post","link":"https:\/\/www.bellunopress.it\/fr\/2012\/01\/14\/alberi-monumentali-e-di-pregio-una-legge-senza-attuazione-di-anacleto-boranga\/","title":{"rendered":"Alberi monumentali e di pregio: una legge senza attuazione   * di Anacleto Boranga"},"content":{"rendered":"<figure id=\"attachment_34169\" aria-describedby=\"caption-attachment-34169\" style=\"width: 192px\" class=\"wp-caption alignleft\"><a href=\"http:\/\/www.bellunopress.it\/wp-content\/uploads\/2012\/01\/Albero-Unit\u00e0-dItalia-a-Sospirolo.jpg\"><img loading=\"lazy\" decoding=\"async\" class=\"size-full wp-image-34169\" title=\"Albero Unit\u00e0 d'Italia a Sospirolo\" src=\"http:\/\/www.bellunopress.it\/wp-content\/uploads\/2012\/01\/Albero-Unit\u00e0-dItalia-a-Sospirolo.jpg\" alt=\"\" width=\"192\" height=\"290\" \/><\/a><figcaption id=\"caption-attachment-34169\" class=\"wp-caption-text\">Albero Unit\u00e0 d&#39;Italia a Sospirolo<\/figcaption><\/figure>\n<p>Intervengo a proposito delle rimostranze per l\u2019abbattimento degli alberi secolari del giardino del Park Hotel di Sospirolo da taluni considerati un patrimonio affettivo oltre che un valore ambientale per l\u2019intero paese. In proposito il Comune non ha ritenuto di eccepire alcunch\u00e8 in quanto gli alberi non sono di propriet\u00e0 comunale, mentre i Servizi Forestali Regionali hanno osservato che non ci sono attualmente norme che tutelino gli alberi secolari e monumentali esistenti in Provincia di Belluno. Effettivamente esiste un solo albero monumentale tutelato dallo Stato ed \u00e8 la Regina della Caiada (un maestoso abete bianco) che con decreto ministeriale \u00e8 stato scelto a rappresentare\u00a0 tutti i patriarchi arborei del Veneto. Con la legge n.20 del 9 agosto 2002 la Regione Veneto, che gi\u00e0 aveva finanziato il censimento e la pubblicazione di un libro sugli alberi monumentali della provincia di Belluno, ha incaricato Veneto Agricoltura di istituire un elenco regionale degli alberi da tutelare e valorizzare, tra i quali diverse decine di esemplari esistenti in provincia. Dopo 10 anni tale legge non ha ancora, deplorevolmente, trovato attuazione! Ci\u00f2 non toglie che alcune amministrazioni comunali si siano attivate per salvaguardare gli alberi di pregio esistenti sia in un ambito pubblico che privato, considerandoli comunque un bene memoriale ed estetico da tutelare a beneficio di tutta la collettivit\u00e0. Cito a questo proposito il Comune di Limana che si sta attivando per redigere un elenco degli alberi, sia monumentali che di pregio, degni di essere tutelati previo, ove occorra, un\u00a0 accordo con i proprietari. Anche il Comune di Belluno, nella propria variante del Piano Regolatore, prevede siano mantenute le alberature e la organizzazione del verde esistente nei parchi e giardini pubblici e privati, anche se poi ha lasciato impunito l\u2019abbattimento dell\u2019ippocastano (Albero dell\u2019Unit\u00e0 d\u2019Italia) di via Feltre (annesso alla villa ex Bettiol) messo a dimora nel 1861. Faccio in conclusione appello al Sindaco di Sospirolo (dove esistono molti alberi pregevoli e monumentali) ed a tutte le Amministrazioni Comunali della provincia affinch\u00e8 considerino con maggiore attenzione la tutela del verde sia pubblico che privato e ai nostri rappresentanti regionali perch\u00e9 si attivino a promuovere l\u2019applicazione della legge regionale 20\/2002.<\/p>\n<p><a href=\"http:\/\/www.bellunopress.it\/wp-content\/uploads\/2012\/01\/anacleto-boranga-foto-di-Francesco-Sovilla.jpg\"><img loading=\"lazy\" decoding=\"async\" class=\"alignleft size-full wp-image-34170\" title=\"anacleto boranga  foto di Francesco Sovilla\" src=\"http:\/\/www.bellunopress.it\/wp-content\/uploads\/2012\/01\/anacleto-boranga-foto-di-Francesco-Sovilla.jpg\" alt=\"\" width=\"133\" height=\"140\" \/><\/a>Anacleto Boranga * coautore del censimento e della pubblicazione sugli Alberi Monumentali del Bellunese<\/p>\n<p>(foto di Francesco Sovilla)<\/p>","protected":false},"excerpt":{"rendered":"<p>Intervengo a proposito delle rimostranze per l\u2019abbattimento degli alberi secolari del giardino del Park Hotel di Sospirolo da taluni considerati un patrimonio affettivo oltre che un valore ambientale per l\u2019intero paese. In proposito il Comune non ha ritenuto di eccepire alcunch\u00e8 in quanto gli alberi non sono di propriet\u00e0 comunale, mentre i Servizi Forestali Regionali [&hellip;]<\/p>\n","protected":false},"author":2,"featured_media":0,"comment_status":"closed","ping_status":"open","sticky":false,"template":"","format":"standard","meta":{"footnotes":""},"categories":[1,26],"tags":[],"class_list":["post-34168","post","type-post","status-publish","format-standard","category-leo","category-prima-pagina"],"yoast_head":"<!-- This site is optimized with the Yoast SEO plugin v28.4 - https:\/\/yoast.com\/product\/yoast-seo-wordpress\/ -->\n<title>Alberi monumentali e di pregio: una legge senza attuazione  * di Anacleto Boranga - Bellunopress - Dolomiti<\/title>\n<meta name=\"robots\" content=\"index, follow, max-snippet:-1, max-image-preview:large, max-video-preview:-1\" \/>\n<link rel=\"canonical\" href=\"https:\/\/www.bellunopress.it\/fr\/2012\/01\/14\/alberi-monumentali-e-di-pregio-una-legge-senza-attuazione-di-anacleto-boranga\/\" \/>\n<meta property=\"og:locale\" content=\"fr_FR\" \/>\n<meta property=\"og:type\" content=\"article\" \/>\n<meta property=\"og:title\" content=\"Alberi monumentali e di pregio: una legge senza attuazione  * di Anacleto Boranga - Bellunopress - Dolomiti\" \/>\n<meta property=\"og:description\" content=\"Intervengo a proposito delle rimostranze per l\u2019abbattimento degli alberi secolari del giardino del Park Hotel di Sospirolo da taluni considerati un patrimonio affettivo oltre che un valore ambientale per l\u2019intero paese. In proposito il Comune non ha ritenuto di eccepire alcunch\u00e8 in quanto gli alberi non sono di propriet\u00e0 comunale, mentre i Servizi Forestali Regionali [&hellip;]\" \/>\n<meta property=\"og:url\" content=\"https:\/\/www.bellunopress.it\/fr\/2012\/01\/14\/alberi-monumentali-e-di-pregio-una-legge-senza-attuazione-di-anacleto-boranga\/\" \/>\n<meta property=\"og:site_name\" content=\"Bellunopress - Dolomiti\" \/>\n<meta property=\"article:publisher\" content=\"https:\/\/www.facebook.com\/profile.php?id=100008943462799\" \/>\n<meta property=\"article:published_time\" content=\"2012-01-14T22:35:19+00:00\" \/>\n<meta property=\"og:image\" content=\"http:\/\/www.bellunopress.it\/wp-content\/uploads\/2012\/01\/Albero-Unit\u00e0-dItalia-a-Sospirolo.jpg\" \/>\n<meta name=\"author\" content=\"redazione\" \/>\n<meta name=\"twitter:card\" content=\"summary_large_image\" \/>\n<meta name=\"twitter:creator\" content=\"@bellunopress\" \/>\n<meta name=\"twitter:site\" content=\"@bellunopress\" \/>\n<meta name=\"twitter:label1\" content=\"\u00c9crit par\" \/>\n\t<meta name=\"twitter:data1\" content=\"redazione\" \/>\n\t<meta name=\"twitter:label2\" content=\"Dur\u00e9e de lecture estim\u00e9e\" \/>\n\t<meta name=\"twitter:data2\" content=\"2 minutes\" \/>\n<script type=\"application\/ld+json\" class=\"yoast-schema-graph\">{\"@context\":\"https:\\\/\\\/schema.org\",\"@graph\":[{\"@type\":\"Article\",\"@id\":\"https:\\\/\\\/www.bellunopress.it\\\/2012\\\/01\\\/14\\\/alberi-monumentali-e-di-pregio-una-legge-senza-attuazione-di-anacleto-boranga\\\/#article\",\"isPartOf\":{\"@id\":\"https:\\\/\\\/www.bellunopress.it\\\/2012\\\/01\\\/14\\\/alberi-monumentali-e-di-pregio-una-legge-senza-attuazione-di-anacleto-boranga\\\/\"},\"author\":{\"name\":\"redazione\",\"@id\":\"https:\\\/\\\/www.bellunopress.it\\\/#\\\/schema\\\/person\\\/79bb06722b37ece1c03d3e94beb30d73\"},\"headline\":\"Alberi monumentali e di pregio: una legge senza attuazione * di Anacleto Boranga\",\"datePublished\":\"2012-01-14T22:35:19+00:00\",\"mainEntityOfPage\":{\"@id\":\"https:\\\/\\\/www.bellunopress.it\\\/2012\\\/01\\\/14\\\/alberi-monumentali-e-di-pregio-una-legge-senza-attuazione-di-anacleto-boranga\\\/\"},\"wordCount\":396,\"publisher\":{\"@id\":\"https:\\\/\\\/www.bellunopress.it\\\/#organization\"},\"image\":{\"@id\":\"https:\\\/\\\/www.bellunopress.it\\\/2012\\\/01\\\/14\\\/alberi-monumentali-e-di-pregio-una-legge-senza-attuazione-di-anacleto-boranga\\\/#primaryimage\"},\"thumbnailUrl\":\"http:\\\/\\\/www.bellunopress.it\\\/wp-content\\\/uploads\\\/2012\\\/01\\\/anacleto-boranga-foto-di-Francesco-Sovilla.jpg\",\"articleSection\":[\"Lettere Opinioni\",\"Prima Pagina\"],\"inLanguage\":\"fr-FR\"},{\"@type\":\"WebPage\",\"@id\":\"https:\\\/\\\/www.bellunopress.it\\\/2012\\\/01\\\/14\\\/alberi-monumentali-e-di-pregio-una-legge-senza-attuazione-di-anacleto-boranga\\\/\",\"url\":\"https:\\\/\\\/www.bellunopress.it\\\/2012\\\/01\\\/14\\\/alberi-monumentali-e-di-pregio-una-legge-senza-attuazione-di-anacleto-boranga\\\/\",\"name\":\"Alberi monumentali e di pregio: una legge senza attuazione * di Anacleto Boranga - Bellunopress - Dolomiti\",\"isPartOf\":{\"@id\":\"https:\\\/\\\/www.bellunopress.it\\\/#website\"},\"primaryImageOfPage\":{\"@id\":\"https:\\\/\\\/www.bellunopress.it\\\/2012\\\/01\\\/14\\\/alberi-monumentali-e-di-pregio-una-legge-senza-attuazione-di-anacleto-boranga\\\/#primaryimage\"},\"image\":{\"@id\":\"https:\\\/\\\/www.bellunopress.it\\\/2012\\\/01\\\/14\\\/alberi-monumentali-e-di-pregio-una-legge-senza-attuazione-di-anacleto-boranga\\\/#primaryimage\"},\"thumbnailUrl\":\"http:\\\/\\\/www.bellunopress.it\\\/wp-content\\\/uploads\\\/2012\\\/01\\\/anacleto-boranga-foto-di-Francesco-Sovilla.jpg\",\"datePublished\":\"2012-01-14T22:35:19+00:00\",\"breadcrumb\":{\"@id\":\"https:\\\/\\\/www.bellunopress.it\\\/2012\\\/01\\\/14\\\/alberi-monumentali-e-di-pregio-una-legge-senza-attuazione-di-anacleto-boranga\\\/#breadcrumb\"},\"inLanguage\":\"fr-FR\",\"potentialAction\":[{\"@type\":\"ReadAction\",\"target\":[\"https:\\\/\\\/www.bellunopress.it\\\/2012\\\/01\\\/14\\\/alberi-monumentali-e-di-pregio-una-legge-senza-attuazione-di-anacleto-boranga\\\/\"]}]},{\"@type\":\"ImageObject\",\"inLanguage\":\"fr-FR\",\"@id\":\"https:\\\/\\\/www.bellunopress.it\\\/2012\\\/01\\\/14\\\/alberi-monumentali-e-di-pregio-una-legge-senza-attuazione-di-anacleto-boranga\\\/#primaryimage\",\"url\":\"http:\\\/\\\/www.bellunopress.it\\\/wp-content\\\/uploads\\\/2012\\\/01\\\/anacleto-boranga-foto-di-Francesco-Sovilla.jpg\",\"contentUrl\":\"http:\\\/\\\/www.bellunopress.it\\\/wp-content\\\/uploads\\\/2012\\\/01\\\/anacleto-boranga-foto-di-Francesco-Sovilla.jpg\"},{\"@type\":\"BreadcrumbList\",\"@id\":\"https:\\\/\\\/www.bellunopress.it\\\/2012\\\/01\\\/14\\\/alberi-monumentali-e-di-pregio-una-legge-senza-attuazione-di-anacleto-boranga\\\/#breadcrumb\",\"itemListElement\":[{\"@type\":\"ListItem\",\"position\":1,\"name\":\"Home\",\"item\":\"https:\\\/\\\/www.bellunopress.it\\\/\"},{\"@type\":\"ListItem\",\"position\":2,\"name\":\"Alberi monumentali e di pregio: una legge senza attuazione * di Anacleto Boranga\"}]},{\"@type\":\"WebSite\",\"@id\":\"https:\\\/\\\/www.bellunopress.it\\\/#website\",\"url\":\"https:\\\/\\\/www.bellunopress.it\\\/\",\"name\":\"Bellunopress - Dolomiti\",\"description\":\"e-mail: redazione@bellunopress.it\",\"publisher\":{\"@id\":\"https:\\\/\\\/www.bellunopress.it\\\/#organization\"},\"potentialAction\":[{\"@type\":\"SearchAction\",\"target\":{\"@type\":\"EntryPoint\",\"urlTemplate\":\"https:\\\/\\\/www.bellunopress.it\\\/?s={search_term_string}\"},\"query-input\":{\"@type\":\"PropertyValueSpecification\",\"valueRequired\":true,\"valueName\":\"search_term_string\"}}],\"inLanguage\":\"fr-FR\"},{\"@type\":\"Organization\",\"@id\":\"https:\\\/\\\/www.bellunopress.it\\\/#organization\",\"name\":\"Bellunopress\",\"url\":\"https:\\\/\\\/www.bellunopress.it\\\/\",\"logo\":{\"@type\":\"ImageObject\",\"inLanguage\":\"fr-FR\",\"@id\":\"https:\\\/\\\/www.bellunopress.it\\\/#\\\/schema\\\/logo\\\/image\\\/\",\"url\":\"https:\\\/\\\/www.bellunopress.it\\\/wp-content\\\/uploads\\\/2011\\\/05\\\/cropped-logo-bellunopress-.jpg\",\"contentUrl\":\"https:\\\/\\\/www.bellunopress.it\\\/wp-content\\\/uploads\\\/2011\\\/05\\\/cropped-logo-bellunopress-.jpg\",\"width\":512,\"height\":512,\"caption\":\"Bellunopress\"},\"image\":{\"@id\":\"https:\\\/\\\/www.bellunopress.it\\\/#\\\/schema\\\/logo\\\/image\\\/\"},\"sameAs\":[\"https:\\\/\\\/www.facebook.com\\\/profile.php?id=100008943462799\",\"https:\\\/\\\/x.com\\\/bellunopress\",\"https:\\\/\\\/www.linkedin.com\\\/hp\\\/?dnr=JBzUWaJfMUw8vbXJJ2tVW5-I3jZKvC4wsoxE&amp;amp;amp;amp;amp;amp;trk=nav_responsive_tab_home\",\"https:\\\/\\\/www.youtube.com\\\/channel\\\/UCxL0wu1uN0_3_7hGG0306cw\"]},{\"@type\":\"Person\",\"@id\":\"https:\\\/\\\/www.bellunopress.it\\\/#\\\/schema\\\/person\\\/79bb06722b37ece1c03d3e94beb30d73\",\"name\":\"redazione\",\"image\":{\"@type\":\"ImageObject\",\"inLanguage\":\"fr-FR\",\"@id\":\"https:\\\/\\\/secure.gravatar.com\\\/avatar\\\/37d968a2e67a6fd04c169c4bdef102d0bc5d31b2546345219e348575eb80e9a0?s=96&d=mm&r=g\",\"url\":\"https:\\\/\\\/secure.gravatar.com\\\/avatar\\\/37d968a2e67a6fd04c169c4bdef102d0bc5d31b2546345219e348575eb80e9a0?s=96&d=mm&r=g\",\"contentUrl\":\"https:\\\/\\\/secure.gravatar.com\\\/avatar\\\/37d968a2e67a6fd04c169c4bdef102d0bc5d31b2546345219e348575eb80e9a0?s=96&d=mm&r=g\",\"caption\":\"redazione\"},\"sameAs\":[\"http:\\\/\\\/www.bellunopress.it\",\"https:\\\/\\\/x.com\\\/bellunopress\"],\"url\":\"https:\\\/\\\/www.bellunopress.it\\\/fr\\\/author\\\/redazione\\\/\"}]}<\/script>\n<!-- \/ Yoast SEO plugin. -->","yoast_head_json":{"title":"Alberi monumentali e di pregio: una legge senza attuazione  * di Anacleto Boranga - Bellunopress - Dolomiti","robots":{"index":"index","follow":"follow","max-snippet":"max-snippet:-1","max-image-preview":"max-image-preview:large","max-video-preview":"max-video-preview:-1"},"canonical":"https:\/\/www.bellunopress.it\/fr\/2012\/01\/14\/alberi-monumentali-e-di-pregio-una-legge-senza-attuazione-di-anacleto-boranga\/","og_locale":"fr_FR","og_type":"article","og_title":"Alberi monumentali e di pregio: una legge senza attuazione  * di Anacleto Boranga - Bellunopress - Dolomiti","og_description":"Intervengo a proposito delle rimostranze per l\u2019abbattimento degli alberi secolari del giardino del Park Hotel di Sospirolo da taluni considerati un patrimonio affettivo oltre che un valore ambientale per l\u2019intero paese. In proposito il Comune non ha ritenuto di eccepire alcunch\u00e8 in quanto gli alberi non sono di propriet\u00e0 comunale, mentre i Servizi Forestali Regionali [&hellip;]","og_url":"https:\/\/www.bellunopress.it\/fr\/2012\/01\/14\/alberi-monumentali-e-di-pregio-una-legge-senza-attuazione-di-anacleto-boranga\/","og_site_name":"Bellunopress - Dolomiti","article_publisher":"https:\/\/www.facebook.com\/profile.php?id=100008943462799","article_published_time":"2012-01-14T22:35:19+00:00","og_image":[{"url":"http:\/\/www.bellunopress.it\/wp-content\/uploads\/2012\/01\/Albero-Unit\u00e0-dItalia-a-Sospirolo.jpg","type":"","width":"","height":""}],"author":"redazione","twitter_card":"summary_large_image","twitter_creator":"@bellunopress","twitter_site":"@bellunopress","twitter_misc":{"\u00c9crit par":"redazione","Dur\u00e9e de lecture estim\u00e9e":"2 minutes"},"schema":{"@context":"https:\/\/schema.org","@graph":[{"@type":"Article","@id":"https:\/\/www.bellunopress.it\/2012\/01\/14\/alberi-monumentali-e-di-pregio-una-legge-senza-attuazione-di-anacleto-boranga\/#article","isPartOf":{"@id":"https:\/\/www.bellunopress.it\/2012\/01\/14\/alberi-monumentali-e-di-pregio-una-legge-senza-attuazione-di-anacleto-boranga\/"},"author":{"name":"redazione","@id":"https:\/\/www.bellunopress.it\/#\/schema\/person\/79bb06722b37ece1c03d3e94beb30d73"},"headline":"Alberi monumentali e di pregio: una legge senza attuazione * di Anacleto Boranga","datePublished":"2012-01-14T22:35:19+00:00","mainEntityOfPage":{"@id":"https:\/\/www.bellunopress.it\/2012\/01\/14\/alberi-monumentali-e-di-pregio-una-legge-senza-attuazione-di-anacleto-boranga\/"},"wordCount":396,"publisher":{"@id":"https:\/\/www.bellunopress.it\/#organization"},"image":{"@id":"https:\/\/www.bellunopress.it\/2012\/01\/14\/alberi-monumentali-e-di-pregio-una-legge-senza-attuazione-di-anacleto-boranga\/#primaryimage"},"thumbnailUrl":"http:\/\/www.bellunopress.it\/wp-content\/uploads\/2012\/01\/anacleto-boranga-foto-di-Francesco-Sovilla.jpg","articleSection":["Lettere Opinioni","Prima Pagina"],"inLanguage":"fr-FR"},{"@type":"WebPage","@id":"https:\/\/www.bellunopress.it\/2012\/01\/14\/alberi-monumentali-e-di-pregio-una-legge-senza-attuazione-di-anacleto-boranga\/","url":"https:\/\/www.bellunopress.it\/2012\/01\/14\/alberi-monumentali-e-di-pregio-una-legge-senza-attuazione-di-anacleto-boranga\/","name":"Alberi monumentali e di pregio: una legge senza attuazione * di Anacleto Boranga - Bellunopress - Dolomiti","isPartOf":{"@id":"https:\/\/www.bellunopress.it\/#website"},"primaryImageOfPage":{"@id":"https:\/\/www.bellunopress.it\/2012\/01\/14\/alberi-monumentali-e-di-pregio-una-legge-senza-attuazione-di-anacleto-boranga\/#primaryimage"},"image":{"@id":"https:\/\/www.bellunopress.it\/2012\/01\/14\/alberi-monumentali-e-di-pregio-una-legge-senza-attuazione-di-anacleto-boranga\/#primaryimage"},"thumbnailUrl":"http:\/\/www.bellunopress.it\/wp-content\/uploads\/2012\/01\/anacleto-boranga-foto-di-Francesco-Sovilla.jpg","datePublished":"2012-01-14T22:35:19+00:00","breadcrumb":{"@id":"https:\/\/www.bellunopress.it\/2012\/01\/14\/alberi-monumentali-e-di-pregio-una-legge-senza-attuazione-di-anacleto-boranga\/#breadcrumb"},"inLanguage":"fr-FR","potentialAction":[{"@type":"ReadAction","target":["https:\/\/www.bellunopress.it\/2012\/01\/14\/alberi-monumentali-e-di-pregio-una-legge-senza-attuazione-di-anacleto-boranga\/"]}]},{"@type":"ImageObject","inLanguage":"fr-FR","@id":"https:\/\/www.bellunopress.it\/2012\/01\/14\/alberi-monumentali-e-di-pregio-una-legge-senza-attuazione-di-anacleto-boranga\/#primaryimage","url":"http:\/\/www.bellunopress.it\/wp-content\/uploads\/2012\/01\/anacleto-boranga-foto-di-Francesco-Sovilla.jpg","contentUrl":"http:\/\/www.bellunopress.it\/wp-content\/uploads\/2012\/01\/anacleto-boranga-foto-di-Francesco-Sovilla.jpg"},{"@type":"BreadcrumbList","@id":"https:\/\/www.bellunopress.it\/2012\/01\/14\/alberi-monumentali-e-di-pregio-una-legge-senza-attuazione-di-anacleto-boranga\/#breadcrumb","itemListElement":[{"@type":"ListItem","position":1,"name":"Home","item":"https:\/\/www.bellunopress.it\/"},{"@type":"ListItem","position":2,"name":"Alberi monumentali e di pregio: una legge senza attuazione * di Anacleto Boranga"}]},{"@type":"WebSite","@id":"https:\/\/www.bellunopress.it\/#website","url":"https:\/\/www.bellunopress.it\/","name":"Bellunopress - Dolomiti","description":"e-mail: redazione@bellunopress.it","publisher":{"@id":"https:\/\/www.bellunopress.it\/#organization"},"potentialAction":[{"@type":"SearchAction","target":{"@type":"EntryPoint","urlTemplate":"https:\/\/www.bellunopress.it\/?s={search_term_string}"},"query-input":{"@type":"PropertyValueSpecification","valueRequired":true,"valueName":"search_term_string"}}],"inLanguage":"fr-FR"},{"@type":"Organization","@id":"https:\/\/www.bellunopress.it\/#organization","name":"Bellunopress","url":"https:\/\/www.bellunopress.it\/","logo":{"@type":"ImageObject","inLanguage":"fr-FR","@id":"https:\/\/www.bellunopress.it\/#\/schema\/logo\/image\/","url":"https:\/\/www.bellunopress.it\/wp-content\/uploads\/2011\/05\/cropped-logo-bellunopress-.jpg","contentUrl":"https:\/\/www.bellunopress.it\/wp-content\/uploads\/2011\/05\/cropped-logo-bellunopress-.jpg","width":512,"height":512,"caption":"Bellunopress"},"image":{"@id":"https:\/\/www.bellunopress.it\/#\/schema\/logo\/image\/"},"sameAs":["https:\/\/www.facebook.com\/profile.php?id=100008943462799","https:\/\/x.com\/bellunopress","https:\/\/www.linkedin.com\/hp\/?dnr=JBzUWaJfMUw8vbXJJ2tVW5-I3jZKvC4wsoxE&amp;amp;amp;amp;amp;amp;trk=nav_responsive_tab_home","https:\/\/www.youtube.com\/channel\/UCxL0wu1uN0_3_7hGG0306cw"]},{"@type":"Person","@id":"https:\/\/www.bellunopress.it\/#\/schema\/person\/79bb06722b37ece1c03d3e94beb30d73","name":"r\u00e9daction","image":{"@type":"ImageObject","inLanguage":"fr-FR","@id":"https:\/\/secure.gravatar.com\/avatar\/37d968a2e67a6fd04c169c4bdef102d0bc5d31b2546345219e348575eb80e9a0?s=96&d=mm&r=g","url":"https:\/\/secure.gravatar.com\/avatar\/37d968a2e67a6fd04c169c4bdef102d0bc5d31b2546345219e348575eb80e9a0?s=96&d=mm&r=g","contentUrl":"https:\/\/secure.gravatar.com\/avatar\/37d968a2e67a6fd04c169c4bdef102d0bc5d31b2546345219e348575eb80e9a0?s=96&d=mm&r=g","caption":"redazione"},"sameAs":["http:\/\/www.bellunopress.it","https:\/\/x.com\/bellunopress"],"url":"https:\/\/www.bellunopress.it\/fr\/author\/redazione\/"}]}},"_links":{"self":[{"href":"https:\/\/www.bellunopress.it\/fr\/wp-json\/wp\/v2\/posts\/34168","targetHints":{"allow":["GET"]}}],"collection":[{"href":"https:\/\/www.bellunopress.it\/fr\/wp-json\/wp\/v2\/posts"}],"about":[{"href":"https:\/\/www.bellunopress.it\/fr\/wp-json\/wp\/v2\/types\/post"}],"author":[{"embeddable":true,"href":"https:\/\/www.bellunopress.it\/fr\/wp-json\/wp\/v2\/users\/2"}],"replies":[{"embeddable":true,"href":"https:\/\/www.bellunopress.it\/fr\/wp-json\/wp\/v2\/comments?post=34168"}],"version-history":[{"count":1,"href":"https:\/\/www.bellunopress.it\/fr\/wp-json\/wp\/v2\/posts\/34168\/revisions"}],"predecessor-version":[{"id":34171,"href":"https:\/\/www.bellunopress.it\/fr\/wp-json\/wp\/v2\/posts\/34168\/revisions\/34171"}],"wp:attachment":[{"href":"https:\/\/www.bellunopress.it\/fr\/wp-json\/wp\/v2\/media?parent=34168"}],"wp:term":[{"taxonomy":"category","embeddable":true,"href":"https:\/\/www.bellunopress.it\/fr\/wp-json\/wp\/v2\/categories?post=34168"},{"taxonomy":"post_tag","embeddable":true,"href":"https:\/\/www.bellunopress.it\/fr\/wp-json\/wp\/v2\/tags?post=34168"}],"curies":[{"name":"wp","href":"https:\/\/api.w.org\/{rel}","templated":true}]}}