{"id":34146,"date":"2012-01-14T17:28:45","date_gmt":"2012-01-14T16:28:45","guid":{"rendered":"http:\/\/www.bellunopress.it\/?p=34146"},"modified":"2012-01-14T17:28:45","modified_gmt":"2012-01-14T16:28:45","slug":"in-crepadona-dal-21-gennaio-le-reti-frattali-di-fernando-garbellotto","status":"publish","type":"post","link":"https:\/\/www.bellunopress.it\/fr\/2012\/01\/14\/in-crepadona-dal-21-gennaio-le-reti-frattali-di-fernando-garbellotto\/","title":{"rendered":"In Crepadona dal 21 gennaio: le reti frattali di Fernando Garbellotto"},"content":{"rendered":"<p>Belluno, Palazzo Crepadona 21 gennaio \u2013 19 febbraio 2012 In collaborazione con Anti: Galleria d\u2019Arte Contemporanea, Mestre Inaugurazione sabato 21 gennaio 2012, ore 18.00<\/p>\n<p><a href=\"http:\/\/www.bellunopress.it\/wp-content\/uploads\/2012\/01\/mostra-crepadona-ferdinando-garbellotto-.jpg\"><img loading=\"lazy\" decoding=\"async\" class=\"alignleft size-full wp-image-34147\" title=\"mostra crepadona ferdinando garbellotto\" src=\"http:\/\/www.bellunopress.it\/wp-content\/uploads\/2012\/01\/mostra-crepadona-ferdinando-garbellotto-.jpg\" alt=\"\" width=\"188\" height=\"268\" \/><\/a>La mostra antologica racchiude il percorso dell\u2019artista veneziano dal 1969 a oggi. Clou dell\u2019esposizione le 20 reti frattali installate nel loggiato di Palazzo Crepadona. Sabato 4 febbraio dalle 17.00 performance dal vivo in piazza Duomo a Belluno Una mostra antologica che racconta una carriera iniziata pi\u00f9 di 40 anni fa, ma che nella pur esemplare coerenza, non smette di essere innovativa e apprezzata attraverso continui riconoscimenti. Fractal Net Singing. Respirare l\u2019ombra \u00e8 come toccare un corpo, aperta dal 21 gennaio al 19 febbraio 2012 nelle sale di Palazzo Crepadona a Belluno, racchiude il percorso artistico di Fernando Garbellotto (Portogruaro, Venezia, 1955) a partire dalle prime opere del 1969 per giungere alle reti, approfondimento sulle ricerche compiute dall\u2019artista attraverso i frattali. L\u2019esposizione, a cura del critico Antonella Alban e realizzata su iniziativa di Duilio Dal Fabbro dalla Galleria d\u2019Arte Contemporanea Anti: di Mestre, con il patrocinio del Comune di Belluno e dell\u2019assessorato alla Cultura della Provincia di Venezia, presenta circa venti opere di Fernando Garbellotto, frutto di un lungo lavoro di ricerca sul senso e la profondit\u00e0 dell\u2019esistenza, che l\u2019artista ha esemplificato in reti. Come spiega Garbellotto stesso \u00abla rete \u00e8 il segno invisibile delle relazioni fra tutti i viventi, \u00e8 il segno indelebile della vita, fin dalla sua origine\u00bb. Sono esposte quindi in mostra opere su tela e carta di fine anni sessanta, che riprendono questo motivo conduttore dell\u2019indagine artistico-filosofica del Maestro, gli assemblaggi con reti annodate degli ultimi anni, realizzate con le comuni tele destinate ai quadri, alcune precedentemente dipinte, tagliate in strisce delle medesime dimensioni e annodate rispettando distanze uguali, secondo una sequenza artigianale che recupera la tessitura tradizionale, tra cui la serie dedicata alle bandiere flags (2008), e le opere Crocifisso e Inginocchiatoio, e infine un\u2019installazione creata ad hoc per l\u2019evento: 20 reti frattali disposte in fila lungo il loggiato di Palazzo Crepadona, che si fonderanno a suoni registrati direttamente a Belluno e diffusi nello spazio espositivo. Saranno inoltre proiettati due video: Fractal Net Thinking. Sliding Venice realizzato in occasione della mostra allestita alla Collezione Peggy Guggenheim, e Fractal Net Singing, scelto per il Padiglione Italia della 54\u00b0 Esposizione Internazionale d\u2019Arte di Venezia e presentato anche nell\u2019ambito dell\u2019ultima Mostra del Cinema lagunare, frutto dal lavoro di collaborazione tra l\u2019artista e il regista vicentino Giancarlo Marinelli, con la sonorizzazione della cantante Elisa. Fanno parte della mostra antologica anche alcune fotografie con rete ricavate dal video Fractal Net Singing. Infine sabato 4 febbraio 2012, a partire dalle ore 17.00, in piazza Duomo a Belluno \u00e8 in programma una performance con proiezioni sulle pareti del Duomo e del Municipio, sullo sfondo dei suoni raccolti dal vivo in citt\u00e0. Saranno presenti il Maestro Fernando Garbellotto e il regista Giancarlo Marinelli. Il catalogo dell\u2019esposizione, edito da Silvana Editoriale, \u00e8 curato da Antonella Alban e ospita interventi critici di Andrea Bruciati, Giovanni Granzotto e Lorena Gava. Fernando Garbellotto nasce a Portogruaro nel 1955. Vive e lavora a Portogruaro. Dopo gli studi umanistici e la laurea in giurisprudenza, all\u2019inizio degli anni Ottanta Garbellotto \u201cprende a riflettere intensamente e sistematicamente sulle ragioni della pittura\u201d (Flaminio Gualdoni). E\u2019 di questo periodo il primo ciclo pittorico chiamato \u201cEmergenze\u201d. Nella seconda met\u00e0 degli anni ottanta la trattazione della superficie si fa a-pittorica, per confluire in una sorta di geometrismo dove la luce, da fisica, diventa metafisica. Questo secondo ciclo prende il nome di \u201cSospensioni\u201d. Verso la fine del decennio, affascinato dalle recentissime teorie di Benoit Mandelbrot sul caos e sui frattali, Garbellotto si dedica intensamente a nuove sperimentazioni iconografiche e traccia un altro campo di ricerca che prosegue tuttora, quello dei \u201cFrattali\u201d. Nel 1997 fonda a Milano con altri otto artisti, il movimento \u201cCaos italiano\u201d che effettua una dozzina di mostre in Italia e all\u2019estero. Nel 2007 giunge all\u2019elaborazione di ci\u00f2 che egli stesso definisce il punto di sintesi della ricerca degli ultimi vent\u2019anni: le reti frattali. Realizza per Christian Dior, l\u2019immagine per il lancio di un nuovo prodotto. Nel 2008 inizia la sua collaborazione con la Galleria d\u2019Arte Contemporanea Anti: di Mestre. Nel 2009 inizia a realizzare anche video e video installazioni; la sua prima performance \u201cFractal Net Thinking\u201d viene presentata alla Peggy Guggenheim Collection di Venezia. Nel 2011 \u00e8 stato presente al Padiglione Italia della Biennale di Venezia con la video-installazione \u201cFractal Net Singing\u201d realizzata con la regia di Giancarlo Marinelli e sonorizzazione di Elisa e con l\u2019installazione \u201cTrama\u201d a Palazzo Fortuny di Venezia nell\u2019ambito della mostra TRA \u2013 Edge of Becoming. Fernando Garbellotto Fractal Net Singing Respirare l\u2019ombra \u00e8 come toccare un corpo Belluno, Palazzo Crepadona Dal 21 gennaio al 19 febbraio 2012 Aperto tutti i giorni dalle 15.00 alle 18.30 Sabato dalle 10.00 alle 13.00 Luned\u00ec chiuso Ingresso libero<\/p>\n<p>&nbsp;<\/p>\n<p><a href=\"http:\/\/www.bellunopress.it\/wp-content\/uploads\/2012\/01\/crepadona-mostra-garbellotto.jpg\"><img loading=\"lazy\" decoding=\"async\" class=\"alignleft size-full wp-image-34148\" title=\"crepadona mostra garbellotto\" src=\"http:\/\/www.bellunopress.it\/wp-content\/uploads\/2012\/01\/crepadona-mostra-garbellotto.jpg\" alt=\"\" width=\"275\" height=\"300\" \/><\/a>Belluno apre il 2012 accogliendo un artista di fama internazionale: Fernando Garbellotto. Le sue opere sono state esposte alla Peggy Guggenheim Collection di Venezia e alla 54a Biennale Internazionale d\u2019Arte, sempre di Venezia, solo per citare alcune tra le tappe della sua carriera. L\u2019arte di Garbellotto \u00e8 moderna, modernissima, frutto di riflessioni sulla nostra civilt\u00e0, e si esplica attraverso installazioni anche multimediali che abbracciano letteralmente il visitatore sollecitandone le percezioni. Un artista di questo calibro ha scelto Belluno per la sua Fractal Net Singing \u2013 Respirare l\u2019ombra \u00e8 come toccare un corpo, mostra antologica che racchiude il suo percorso artistico, a partire dalle prime opere del 1969 per giungere alle reti, approfondimento sulle ricerche compiute dall\u2019artista attraverso la complessa geometria dei frattali. Questo \u00e8 il primo motivo di orgoglio, a testimonianza che la nostra citt\u00e0, negli anni e grazie al susseguirsi di grandi mostre, si \u00e8 fatta un nome nel mondo artistico, per la capacit\u00e0 di realizzare progetti importanti e per la disponibilit\u00e0 degli spazi espositivi: la nostra Crepadona, con i rinnovati loggiati e il Cubo, benissimo si presta ad accogliere l\u2019arte in ogni sua manifestazione. Il secondo motivo di soddisfazione \u00e8 la modernit\u00e0 assoluta di questo evento incentrato sul tema della rete sia nella sua accezione relativa al web, che ormai permea le nostre vite, sia in riferimento al concetto pi\u00f9 antico e sempre valido di solidariet\u00e0, di relazioni, di collaborazione, e ancora come simbolo del crocevia, della scelta, delle possibilit\u00e0. La mostra che accoglieremo non porta con s\u00e9 la rassicurante solidit\u00e0 dell\u2019arte classica figurativa, ma la destabilizzante e continua ricerca espressiva propria dell\u2019arte contemporanea, solo in parte anticipata a Belluno dal progetto GaBLs. Ci auguriamo che questo omaggio di Garbellotto alla nostra citt\u00e0 incuriosisca e giunga gradito al pubblico. Maria Grazia Passuello Assessore alla Cultura Antonio Prade Sindaco<\/p>\n<p>&nbsp;<\/p>\n<p>Si \u00e8 chiuso il fantastico ciclo espositivo dell\u2019artista Fernando Garbellotto nelle rilevanti sedi museali di Venezia: alla Peggy Guggenheim Collection, proposto dal direttore Philip Rylands, a Palazzo Fortuny, nella straordinaria collettiva TRA-Edge of Becoming, al Palazzo del Cinema, nella 68a Mostra Internazionale d\u2019Arte Cinematografica e all\u2019Arsenale nel Padiglione Italia, nella 54a Esposizione d\u2019Arte. Ottimi i consensi, grande la visibilit\u00e0 e notevoli i riscontri in ambito nazionale e internazionale. Dopo tali contesti con il nuovo anno continua l\u2019iter espositivo e \u201cl\u2019avvocato\u201d si concede un\u2019altra grande occasione proponendo \u2013 in una mirabile personale \u2013 i primi lavori su carta (carte-frattali di fine anni sessanta), gli assemblaggi con reti e videoregistrazioni, a Palazzo Crepadona, nel cuore del centro storico di Belluno, dal 21 gennaio fino al 19 febbraio 2012. Alla mostra si unisce la performance Fractal Net Thinking (videoproiezione esterna sulla facciata del duomo), un omaggio di Fernando Garbellotto alla citt\u00e0. Le complesse tematiche del lavoro artistico del Maestro richiedono grande professionalit\u00e0 e interventi in \u00e9quipe costituite da attori, cantanti professionisti, artisti multimediali. Il video d\u2019arte Fractal Net Singing, capolavoro di emozioni e abilit\u00e0 artistiche, nasce da un\u2019idea di Fernando Garbellotto con la regia di Giancarlo Marinelli. Fernando Garbellotto ha sempre mostrato un profondo interesse nei confronti dell\u2019espressione artistica. Dopo lunghe ricerche giunge a una sintesi circa le teorie geometrico-frattali: fare semplici nodi su strisce di tela dipinta per formare delle reti. Operazioni banali, semplici, forse casuali, ma di grande fantasia e valore artistico. Nodi d\u2019arte, dunque, come i \u201ccasuali\u201d tagli di un tale Lucio Fontana, le controverse scatolette di Piero Manzoni, i chiodi di Enrico Castellani e i legni di Agostino Bonalumi, fortunati Maestri concettuali della seconda met\u00e0 del Novecento italiano. Sono una vera sorpresa questi \u201cnodi a rete\u201d di Fernando Garbellotto e sono orgoglioso di collaborare con Anti: Galleria d\u2019Arte Contemporanea di Venezia Mestre, all\u2019organizzazione di questa importante mostra nel prestigioso Palazzo Crepadona. Si tratta di un evento culturale decisamente significativo patrocinato dalla Regione Veneto e dalla Provincia di Belluno con l\u2019amministrazione comunale della citt\u00e0. Un doveroso grazie alla dott.ssa Maria Grazia Passuello, Assessore alla Cultura, che ci onora ospitandoci in questo celebre Palazzo cinquecentesco. Un particolare ringraziamento alla curatrice prof.ssa Antonella Alban, alla dott.ssa Marta Mazza, storica dell\u2019arte della Soprintendenza per i beni storici, artistici ed etnoantropologici per le province di Venezia, Belluno, Padova e Treviso, al prof. Andrea Bruciati, al prof. Giovanni Granzotto e alla prof.ssa Lorena Gava per i testi in catalogo e le indagini storico-critiche. Infine, un sentito ringraziamento agli sponsor, in particolare alla Banca Prealpi, che dimostra grande sensibilit\u00e0 per la promozione dell\u2019arte e della cultura in generale. Duilio Dal Fabbro Responsabile organizzativo<\/p>\n<p>&nbsp;<\/p>\n<p>L\u2019era postmoderna in cui viviamo vede la presenza di numerose ed eclettiche istanze artistiche, tese a mettere in luce un\u2019inquietudine di ricerca che induce allo spaesamento, all\u2019esasperazione della soggettivit\u00e0, alla lacerazione ideologica. In questa spinta verso la frammentazione, la provvisoriet\u00e0, la fluidit\u00e0 vi \u00e8 un artista che ricerca strenuamente e caparbiamente la certezza della sopravvivenza dell\u2019Io nel caos della quotidianit\u00e0: Fernando Garbellotto. Un Io che viene ricostruito nel suo rapporto con la natura, con l\u2019essenza stessa dell\u2019essere, con l\u2019esistenza. Fare arte per Garbellotto significa interrogarsi sulle leggi che governano il mondo, operando una ricostruzione dell\u2019Io attraverso tutte le possibili interazioni e le infinite evoluzioni, in un processo continuo di conoscenza. Come la vita stessa, l\u2019Io si rigenera in molteplici relazioni che non hanno fine, che innescano altri racconti e altre scritture, diventando sempre pi\u00f9 corali e coinvolgenti. In quest\u2019ottica si innesta l\u2019approfondimento portato avanti da Garbellotto sulle reti frattali. Reti intrecciate e colorate per creare una fusione tra spazio reale e spazio ideale, reti che rappresentano relazioni tra presente e passato in un continuum infinito di possibilit\u00e0, reti che ritmano il respiro del tempo e dello spazio, della materia e del vuoto, dell\u2019essere e del non essere. Per dirla con l\u2019artista stesso: \u201cSpinto dalla volont\u00e0 di trovare nuovi sviluppi artistici all\u2019astrattismo geometrico, sostanzialmente euclideo, affascinato dalle allora recenti teorizzazioni proprio in materia di frattali di Beno\u00eet Mandelbrot, mi sono convinto che questa nuova geometria, post-euclidea, fosse in grado di \u2018spiegare\u2019 meglio la natura e le leggi che la governano. Dalla fine del 2006 i miei frattali sono delle reti. Gli allestimenti aggrovigliati che realizzavo in precedenza erano in realt\u00e0 delle grandi reti ove i corpi stessi ne rappresentavano i nodi. Ho cercato la massima semplicit\u00e0 della struttura e ho trovato la massima complessit\u00e0 dello schema: nodi, interrelazioni, biforcazioni, incroci, azioni e retroazioni, percorsi non lineari&#8230; la rete genera un sistema dove le propriet\u00e0 del tutto superano la somma delle propriet\u00e0 delle singole parti\u201d. Questo \u00e8 il punto di arrivo (o di partenza?) della ricerca di Garbellotto, che trova le sue origini lontano, negli anni ottanta, quando l\u2019artista, attirato da Mondrian e dalle sue teorie sull\u2019utilizzo dell\u2019arte astratta come legame assoluto tra arte e vita, tra estetica e progetto, propone la serie delle Emergenze. Le figurazioni frammentate galleggiano su superfici intonacate, quasi a determinare un distacco tra realt\u00e0 e immaginazione, che ben presto trova significazione nelle Sospensioni dei primi anni novanta, in cui la forma sembra de-sustanziarsi nello spazio metafisico e indefinito. Garbellotto continua ad approfondire le sue riflessioni alla ricerca di certezza, in mezzo alle molteplici interferenze comunicative del postmoderno. Il rigore tecnico e formale, la razionalit\u00e0 intrinseca delle sue opere lo portano a ragionare sul senso e la profondit\u00e0 dell\u2019esistenza e lo avvicinano alle teorie di Mandelbrot sui frattali. Folgorato dal principio geometrico secondo cui un oggetto si ripete nella sua struttura in modo uguale e ricorsivo su scale diverse attraverso un principio dinamico e aperto di trasformazione continua che conduce dal caos all\u2019ordine e viceversa, Garbellotto ha iniziato a moltiplicare il reticolo geometrico, privandolo di stabilit\u00e0 e di spazialit\u00e0. In questo modo i grafismi risultano privi di definizione spazio-temporale, paiono evolversi continuamente in una ri-creazione straniante, nella quale la luce diviene elemento fondamenta- Frattali come vita le per disarticolare la forma e stratificarla secondo nuove accezioni emotive. L\u2019artista comprende che questa deve essere soltanto una fase di passaggio, altrimenti potrebbero prendere il sopravvento gli aspetti estetici e lirici, fuorviando il suo ricercare da quello che \u00e8 l\u2019aspetto pi\u00f9 profondo e razionale. Nascono cos\u00ec opere come quelle della serie Opus Conclusum, in cui si delineano flussi di immagini filtrate attraverso una sorta di velatura creata da pellicole industriali che propongono una lettura simbolica della realt\u00e0. I grovigli iniziano a dipanarsi, si sustanziano in infinite forme regolari che si ripetono come in natura, amplificando le connessioni tra ci\u00f2 che \u00e8 e ci\u00f2 che \u00e8 stato, verso un\u2019unica visione totale dell\u2019esistere. La realt\u00e0 viene letta attraverso la storia presente e passata (per esempio nelle opere Flags della serie Fractal Net Thinking), attraverso la cultura religiosa (Crocifisso e inginocchiatoio della serie FNT WHO) e tutto alla fine riconduce al punto di partenza: il caos, l\u2019origine, l\u2019atto creativo, l\u2019inizio. Garbellotto si interroga sulla vita, sui processi che sono collegati ad essa, sul continuo rinnovamento. Parallelamente alle reti, emblemi di esistenza, la ricerca di Garbellotto ha iniziato a confrontarsi con un nuovo realismo, mediato dal video, per mezzo di performance in cui si percepisce l\u2019eterno dibattito tra mente e corpo, tra uomo e natura, in cui passato, presente e futuro si risolvono nell\u2019hic et nunc, per legittimare una realt\u00e0 che appare sempre pi\u00f9 fluida e imprevedibile. Il processo della vita prevale sul caos, nella condivisione della conoscenza la rete rappresenta la sintesi e la metafora della vita stessa, quindi l\u2019unica vera certezza.<\/p>","protected":false},"excerpt":{"rendered":"<p>Belluno, Palazzo Crepadona 21 gennaio \u2013 19 febbraio 2012 In collaborazione con Anti: Galleria d\u2019Arte Contemporanea, Mestre Inaugurazione sabato 21 gennaio 2012, ore 18.00 La mostra antologica racchiude il percorso dell\u2019artista veneziano dal 1969 a oggi. Clou dell\u2019esposizione le 20 reti frattali installate nel loggiato di Palazzo Crepadona. Sabato 4 febbraio dalle 17.00 performance dal [&hellip;]<\/p>\n","protected":false},"author":2,"featured_media":0,"comment_status":"closed","ping_status":"open","sticky":false,"template":"","format":"standard","meta":{"footnotes":""},"categories":[3,25],"tags":[],"class_list":["post-34146","post","type-post","status-publish","format-standard","category-arte-cultura-spettacoli-scienza-archivi","category-pausa-caffe"],"yoast_head":"<!-- This site is optimized with the Yoast SEO plugin v28.4 - https:\/\/yoast.com\/product\/yoast-seo-wordpress\/ -->\n<title>In Crepadona dal 21 gennaio: le reti frattali di Fernando Garbellotto - Bellunopress - Dolomiti<\/title>\n<meta name=\"robots\" content=\"index, follow, max-snippet:-1, max-image-preview:large, max-video-preview:-1\" \/>\n<link rel=\"canonical\" href=\"https:\/\/www.bellunopress.it\/fr\/2012\/01\/14\/in-crepadona-dal-21-gennaio-le-reti-frattali-di-fernando-garbellotto\/\" \/>\n<meta property=\"og:locale\" content=\"fr_FR\" \/>\n<meta property=\"og:type\" content=\"article\" \/>\n<meta property=\"og:title\" content=\"In Crepadona dal 21 gennaio: le reti frattali di Fernando Garbellotto - Bellunopress - Dolomiti\" \/>\n<meta property=\"og:description\" content=\"Belluno, Palazzo Crepadona 21 gennaio \u2013 19 febbraio 2012 In collaborazione con Anti: Galleria d\u2019Arte Contemporanea, Mestre Inaugurazione sabato 21 gennaio 2012, ore 18.00 La mostra antologica racchiude il percorso dell\u2019artista veneziano dal 1969 a oggi. Clou dell\u2019esposizione le 20 reti frattali installate nel loggiato di Palazzo Crepadona. Sabato 4 febbraio dalle 17.00 performance dal [&hellip;]\" \/>\n<meta property=\"og:url\" content=\"https:\/\/www.bellunopress.it\/fr\/2012\/01\/14\/in-crepadona-dal-21-gennaio-le-reti-frattali-di-fernando-garbellotto\/\" \/>\n<meta property=\"og:site_name\" content=\"Bellunopress - Dolomiti\" \/>\n<meta property=\"article:publisher\" content=\"https:\/\/www.facebook.com\/profile.php?id=100008943462799\" \/>\n<meta property=\"article:published_time\" content=\"2012-01-14T16:28:45+00:00\" \/>\n<meta property=\"og:image\" content=\"http:\/\/www.bellunopress.it\/wp-content\/uploads\/2012\/01\/mostra-crepadona-ferdinando-garbellotto-.jpg\" \/>\n<meta name=\"author\" content=\"redazione\" \/>\n<meta name=\"twitter:card\" content=\"summary_large_image\" \/>\n<meta name=\"twitter:creator\" content=\"@bellunopress\" \/>\n<meta name=\"twitter:site\" content=\"@bellunopress\" \/>\n<meta name=\"twitter:label1\" content=\"Written by\" \/>\n\t<meta name=\"twitter:data1\" content=\"redazione\" \/>\n\t<meta name=\"twitter:label2\" content=\"Est. reading time\" \/>\n\t<meta name=\"twitter:data2\" content=\"12 minutes\" \/>\n<script type=\"application\/ld+json\" class=\"yoast-schema-graph\">{\"@context\":\"https:\\\/\\\/schema.org\",\"@graph\":[{\"@type\":\"Article\",\"@id\":\"https:\\\/\\\/www.bellunopress.it\\\/2012\\\/01\\\/14\\\/in-crepadona-dal-21-gennaio-le-reti-frattali-di-fernando-garbellotto\\\/#article\",\"isPartOf\":{\"@id\":\"https:\\\/\\\/www.bellunopress.it\\\/2012\\\/01\\\/14\\\/in-crepadona-dal-21-gennaio-le-reti-frattali-di-fernando-garbellotto\\\/\"},\"author\":{\"name\":\"redazione\",\"@id\":\"https:\\\/\\\/www.bellunopress.it\\\/#\\\/schema\\\/person\\\/79bb06722b37ece1c03d3e94beb30d73\"},\"headline\":\"In Crepadona dal 21 gennaio: le reti frattali di Fernando Garbellotto\",\"datePublished\":\"2012-01-14T16:28:45+00:00\",\"mainEntityOfPage\":{\"@id\":\"https:\\\/\\\/www.bellunopress.it\\\/2012\\\/01\\\/14\\\/in-crepadona-dal-21-gennaio-le-reti-frattali-di-fernando-garbellotto\\\/\"},\"wordCount\":2367,\"publisher\":{\"@id\":\"https:\\\/\\\/www.bellunopress.it\\\/#organization\"},\"image\":{\"@id\":\"https:\\\/\\\/www.bellunopress.it\\\/2012\\\/01\\\/14\\\/in-crepadona-dal-21-gennaio-le-reti-frattali-di-fernando-garbellotto\\\/#primaryimage\"},\"thumbnailUrl\":\"http:\\\/\\\/www.bellunopress.it\\\/wp-content\\\/uploads\\\/2012\\\/01\\\/mostra-crepadona-ferdinando-garbellotto-.jpg\",\"articleSection\":[\"Arte, Cultura, Spettacoli, Scienza\",\"Pausa Caff\u00e8\"],\"inLanguage\":\"fr-FR\"},{\"@type\":\"WebPage\",\"@id\":\"https:\\\/\\\/www.bellunopress.it\\\/2012\\\/01\\\/14\\\/in-crepadona-dal-21-gennaio-le-reti-frattali-di-fernando-garbellotto\\\/\",\"url\":\"https:\\\/\\\/www.bellunopress.it\\\/2012\\\/01\\\/14\\\/in-crepadona-dal-21-gennaio-le-reti-frattali-di-fernando-garbellotto\\\/\",\"name\":\"In Crepadona dal 21 gennaio: le reti frattali di Fernando Garbellotto - Bellunopress - Dolomiti\",\"isPartOf\":{\"@id\":\"https:\\\/\\\/www.bellunopress.it\\\/#website\"},\"primaryImageOfPage\":{\"@id\":\"https:\\\/\\\/www.bellunopress.it\\\/2012\\\/01\\\/14\\\/in-crepadona-dal-21-gennaio-le-reti-frattali-di-fernando-garbellotto\\\/#primaryimage\"},\"image\":{\"@id\":\"https:\\\/\\\/www.bellunopress.it\\\/2012\\\/01\\\/14\\\/in-crepadona-dal-21-gennaio-le-reti-frattali-di-fernando-garbellotto\\\/#primaryimage\"},\"thumbnailUrl\":\"http:\\\/\\\/www.bellunopress.it\\\/wp-content\\\/uploads\\\/2012\\\/01\\\/mostra-crepadona-ferdinando-garbellotto-.jpg\",\"datePublished\":\"2012-01-14T16:28:45+00:00\",\"breadcrumb\":{\"@id\":\"https:\\\/\\\/www.bellunopress.it\\\/2012\\\/01\\\/14\\\/in-crepadona-dal-21-gennaio-le-reti-frattali-di-fernando-garbellotto\\\/#breadcrumb\"},\"inLanguage\":\"fr-FR\",\"potentialAction\":[{\"@type\":\"ReadAction\",\"target\":[\"https:\\\/\\\/www.bellunopress.it\\\/2012\\\/01\\\/14\\\/in-crepadona-dal-21-gennaio-le-reti-frattali-di-fernando-garbellotto\\\/\"]}]},{\"@type\":\"ImageObject\",\"inLanguage\":\"fr-FR\",\"@id\":\"https:\\\/\\\/www.bellunopress.it\\\/2012\\\/01\\\/14\\\/in-crepadona-dal-21-gennaio-le-reti-frattali-di-fernando-garbellotto\\\/#primaryimage\",\"url\":\"http:\\\/\\\/www.bellunopress.it\\\/wp-content\\\/uploads\\\/2012\\\/01\\\/mostra-crepadona-ferdinando-garbellotto-.jpg\",\"contentUrl\":\"http:\\\/\\\/www.bellunopress.it\\\/wp-content\\\/uploads\\\/2012\\\/01\\\/mostra-crepadona-ferdinando-garbellotto-.jpg\"},{\"@type\":\"BreadcrumbList\",\"@id\":\"https:\\\/\\\/www.bellunopress.it\\\/2012\\\/01\\\/14\\\/in-crepadona-dal-21-gennaio-le-reti-frattali-di-fernando-garbellotto\\\/#breadcrumb\",\"itemListElement\":[{\"@type\":\"ListItem\",\"position\":1,\"name\":\"Home\",\"item\":\"https:\\\/\\\/www.bellunopress.it\\\/\"},{\"@type\":\"ListItem\",\"position\":2,\"name\":\"In Crepadona dal 21 gennaio: le reti frattali di Fernando Garbellotto\"}]},{\"@type\":\"WebSite\",\"@id\":\"https:\\\/\\\/www.bellunopress.it\\\/#website\",\"url\":\"https:\\\/\\\/www.bellunopress.it\\\/\",\"name\":\"Bellunopress - Dolomiti\",\"description\":\"e-mail: redazione@bellunopress.it\",\"publisher\":{\"@id\":\"https:\\\/\\\/www.bellunopress.it\\\/#organization\"},\"potentialAction\":[{\"@type\":\"SearchAction\",\"target\":{\"@type\":\"EntryPoint\",\"urlTemplate\":\"https:\\\/\\\/www.bellunopress.it\\\/?s={search_term_string}\"},\"query-input\":{\"@type\":\"PropertyValueSpecification\",\"valueRequired\":true,\"valueName\":\"search_term_string\"}}],\"inLanguage\":\"fr-FR\"},{\"@type\":\"Organization\",\"@id\":\"https:\\\/\\\/www.bellunopress.it\\\/#organization\",\"name\":\"Bellunopress\",\"url\":\"https:\\\/\\\/www.bellunopress.it\\\/\",\"logo\":{\"@type\":\"ImageObject\",\"inLanguage\":\"fr-FR\",\"@id\":\"https:\\\/\\\/www.bellunopress.it\\\/#\\\/schema\\\/logo\\\/image\\\/\",\"url\":\"https:\\\/\\\/www.bellunopress.it\\\/wp-content\\\/uploads\\\/2011\\\/05\\\/cropped-logo-bellunopress-.jpg\",\"contentUrl\":\"https:\\\/\\\/www.bellunopress.it\\\/wp-content\\\/uploads\\\/2011\\\/05\\\/cropped-logo-bellunopress-.jpg\",\"width\":512,\"height\":512,\"caption\":\"Bellunopress\"},\"image\":{\"@id\":\"https:\\\/\\\/www.bellunopress.it\\\/#\\\/schema\\\/logo\\\/image\\\/\"},\"sameAs\":[\"https:\\\/\\\/www.facebook.com\\\/profile.php?id=100008943462799\",\"https:\\\/\\\/x.com\\\/bellunopress\",\"https:\\\/\\\/www.linkedin.com\\\/hp\\\/?dnr=JBzUWaJfMUw8vbXJJ2tVW5-I3jZKvC4wsoxE&amp;amp;amp;amp;amp;amp;trk=nav_responsive_tab_home\",\"https:\\\/\\\/www.youtube.com\\\/channel\\\/UCxL0wu1uN0_3_7hGG0306cw\"]},{\"@type\":\"Person\",\"@id\":\"https:\\\/\\\/www.bellunopress.it\\\/#\\\/schema\\\/person\\\/79bb06722b37ece1c03d3e94beb30d73\",\"name\":\"redazione\",\"image\":{\"@type\":\"ImageObject\",\"inLanguage\":\"fr-FR\",\"@id\":\"https:\\\/\\\/secure.gravatar.com\\\/avatar\\\/37d968a2e67a6fd04c169c4bdef102d0bc5d31b2546345219e348575eb80e9a0?s=96&d=mm&r=g\",\"url\":\"https:\\\/\\\/secure.gravatar.com\\\/avatar\\\/37d968a2e67a6fd04c169c4bdef102d0bc5d31b2546345219e348575eb80e9a0?s=96&d=mm&r=g\",\"contentUrl\":\"https:\\\/\\\/secure.gravatar.com\\\/avatar\\\/37d968a2e67a6fd04c169c4bdef102d0bc5d31b2546345219e348575eb80e9a0?s=96&d=mm&r=g\",\"caption\":\"redazione\"},\"sameAs\":[\"http:\\\/\\\/www.bellunopress.it\",\"https:\\\/\\\/x.com\\\/bellunopress\"],\"url\":\"https:\\\/\\\/www.bellunopress.it\\\/fr\\\/author\\\/redazione\\\/\"}]}<\/script>\n<!-- \/ Yoast SEO plugin. -->","yoast_head_json":{"title":"In Crepadona dal 21 gennaio: le reti frattali di Fernando Garbellotto - Bellunopress - Dolomiti","robots":{"index":"index","follow":"follow","max-snippet":"max-snippet:-1","max-image-preview":"max-image-preview:large","max-video-preview":"max-video-preview:-1"},"canonical":"https:\/\/www.bellunopress.it\/fr\/2012\/01\/14\/in-crepadona-dal-21-gennaio-le-reti-frattali-di-fernando-garbellotto\/","og_locale":"fr_FR","og_type":"article","og_title":"In Crepadona dal 21 gennaio: le reti frattali di Fernando Garbellotto - Bellunopress - Dolomiti","og_description":"Belluno, Palazzo Crepadona 21 gennaio \u2013 19 febbraio 2012 In collaborazione con Anti: Galleria d\u2019Arte Contemporanea, Mestre Inaugurazione sabato 21 gennaio 2012, ore 18.00 La mostra antologica racchiude il percorso dell\u2019artista veneziano dal 1969 a oggi. Clou dell\u2019esposizione le 20 reti frattali installate nel loggiato di Palazzo Crepadona. Sabato 4 febbraio dalle 17.00 performance dal [&hellip;]","og_url":"https:\/\/www.bellunopress.it\/fr\/2012\/01\/14\/in-crepadona-dal-21-gennaio-le-reti-frattali-di-fernando-garbellotto\/","og_site_name":"Bellunopress - Dolomiti","article_publisher":"https:\/\/www.facebook.com\/profile.php?id=100008943462799","article_published_time":"2012-01-14T16:28:45+00:00","og_image":[{"url":"http:\/\/www.bellunopress.it\/wp-content\/uploads\/2012\/01\/mostra-crepadona-ferdinando-garbellotto-.jpg","type":"","width":"","height":""}],"author":"redazione","twitter_card":"summary_large_image","twitter_creator":"@bellunopress","twitter_site":"@bellunopress","twitter_misc":{"Written by":"redazione","Est. reading time":"12 minutes"},"schema":{"@context":"https:\/\/schema.org","@graph":[{"@type":"Article","@id":"https:\/\/www.bellunopress.it\/2012\/01\/14\/in-crepadona-dal-21-gennaio-le-reti-frattali-di-fernando-garbellotto\/#article","isPartOf":{"@id":"https:\/\/www.bellunopress.it\/2012\/01\/14\/in-crepadona-dal-21-gennaio-le-reti-frattali-di-fernando-garbellotto\/"},"author":{"name":"redazione","@id":"https:\/\/www.bellunopress.it\/#\/schema\/person\/79bb06722b37ece1c03d3e94beb30d73"},"headline":"In Crepadona dal 21 gennaio: le reti frattali di Fernando Garbellotto","datePublished":"2012-01-14T16:28:45+00:00","mainEntityOfPage":{"@id":"https:\/\/www.bellunopress.it\/2012\/01\/14\/in-crepadona-dal-21-gennaio-le-reti-frattali-di-fernando-garbellotto\/"},"wordCount":2367,"publisher":{"@id":"https:\/\/www.bellunopress.it\/#organization"},"image":{"@id":"https:\/\/www.bellunopress.it\/2012\/01\/14\/in-crepadona-dal-21-gennaio-le-reti-frattali-di-fernando-garbellotto\/#primaryimage"},"thumbnailUrl":"http:\/\/www.bellunopress.it\/wp-content\/uploads\/2012\/01\/mostra-crepadona-ferdinando-garbellotto-.jpg","articleSection":["Arte, Cultura, Spettacoli, Scienza","Pausa Caff\u00e8"],"inLanguage":"fr-FR"},{"@type":"WebPage","@id":"https:\/\/www.bellunopress.it\/2012\/01\/14\/in-crepadona-dal-21-gennaio-le-reti-frattali-di-fernando-garbellotto\/","url":"https:\/\/www.bellunopress.it\/2012\/01\/14\/in-crepadona-dal-21-gennaio-le-reti-frattali-di-fernando-garbellotto\/","name":"In Crepadona dal 21 gennaio: le reti frattali di Fernando Garbellotto - Bellunopress - Dolomiti","isPartOf":{"@id":"https:\/\/www.bellunopress.it\/#website"},"primaryImageOfPage":{"@id":"https:\/\/www.bellunopress.it\/2012\/01\/14\/in-crepadona-dal-21-gennaio-le-reti-frattali-di-fernando-garbellotto\/#primaryimage"},"image":{"@id":"https:\/\/www.bellunopress.it\/2012\/01\/14\/in-crepadona-dal-21-gennaio-le-reti-frattali-di-fernando-garbellotto\/#primaryimage"},"thumbnailUrl":"http:\/\/www.bellunopress.it\/wp-content\/uploads\/2012\/01\/mostra-crepadona-ferdinando-garbellotto-.jpg","datePublished":"2012-01-14T16:28:45+00:00","breadcrumb":{"@id":"https:\/\/www.bellunopress.it\/2012\/01\/14\/in-crepadona-dal-21-gennaio-le-reti-frattali-di-fernando-garbellotto\/#breadcrumb"},"inLanguage":"fr-FR","potentialAction":[{"@type":"ReadAction","target":["https:\/\/www.bellunopress.it\/2012\/01\/14\/in-crepadona-dal-21-gennaio-le-reti-frattali-di-fernando-garbellotto\/"]}]},{"@type":"ImageObject","inLanguage":"fr-FR","@id":"https:\/\/www.bellunopress.it\/2012\/01\/14\/in-crepadona-dal-21-gennaio-le-reti-frattali-di-fernando-garbellotto\/#primaryimage","url":"http:\/\/www.bellunopress.it\/wp-content\/uploads\/2012\/01\/mostra-crepadona-ferdinando-garbellotto-.jpg","contentUrl":"http:\/\/www.bellunopress.it\/wp-content\/uploads\/2012\/01\/mostra-crepadona-ferdinando-garbellotto-.jpg"},{"@type":"BreadcrumbList","@id":"https:\/\/www.bellunopress.it\/2012\/01\/14\/in-crepadona-dal-21-gennaio-le-reti-frattali-di-fernando-garbellotto\/#breadcrumb","itemListElement":[{"@type":"ListItem","position":1,"name":"Home","item":"https:\/\/www.bellunopress.it\/"},{"@type":"ListItem","position":2,"name":"In Crepadona dal 21 gennaio: le reti frattali di Fernando Garbellotto"}]},{"@type":"WebSite","@id":"https:\/\/www.bellunopress.it\/#website","url":"https:\/\/www.bellunopress.it\/","name":"Bellunopress - Dolomiti","description":"e-mail: redazione@bellunopress.it","publisher":{"@id":"https:\/\/www.bellunopress.it\/#organization"},"potentialAction":[{"@type":"SearchAction","target":{"@type":"EntryPoint","urlTemplate":"https:\/\/www.bellunopress.it\/?s={search_term_string}"},"query-input":{"@type":"PropertyValueSpecification","valueRequired":true,"valueName":"search_term_string"}}],"inLanguage":"fr-FR"},{"@type":"Organization","@id":"https:\/\/www.bellunopress.it\/#organization","name":"Bellunopress","url":"https:\/\/www.bellunopress.it\/","logo":{"@type":"ImageObject","inLanguage":"fr-FR","@id":"https:\/\/www.bellunopress.it\/#\/schema\/logo\/image\/","url":"https:\/\/www.bellunopress.it\/wp-content\/uploads\/2011\/05\/cropped-logo-bellunopress-.jpg","contentUrl":"https:\/\/www.bellunopress.it\/wp-content\/uploads\/2011\/05\/cropped-logo-bellunopress-.jpg","width":512,"height":512,"caption":"Bellunopress"},"image":{"@id":"https:\/\/www.bellunopress.it\/#\/schema\/logo\/image\/"},"sameAs":["https:\/\/www.facebook.com\/profile.php?id=100008943462799","https:\/\/x.com\/bellunopress","https:\/\/www.linkedin.com\/hp\/?dnr=JBzUWaJfMUw8vbXJJ2tVW5-I3jZKvC4wsoxE&amp;amp;amp;amp;amp;amp;trk=nav_responsive_tab_home","https:\/\/www.youtube.com\/channel\/UCxL0wu1uN0_3_7hGG0306cw"]},{"@type":"Person","@id":"https:\/\/www.bellunopress.it\/#\/schema\/person\/79bb06722b37ece1c03d3e94beb30d73","name":"r\u00e9daction","image":{"@type":"ImageObject","inLanguage":"fr-FR","@id":"https:\/\/secure.gravatar.com\/avatar\/37d968a2e67a6fd04c169c4bdef102d0bc5d31b2546345219e348575eb80e9a0?s=96&d=mm&r=g","url":"https:\/\/secure.gravatar.com\/avatar\/37d968a2e67a6fd04c169c4bdef102d0bc5d31b2546345219e348575eb80e9a0?s=96&d=mm&r=g","contentUrl":"https:\/\/secure.gravatar.com\/avatar\/37d968a2e67a6fd04c169c4bdef102d0bc5d31b2546345219e348575eb80e9a0?s=96&d=mm&r=g","caption":"redazione"},"sameAs":["http:\/\/www.bellunopress.it","https:\/\/x.com\/bellunopress"],"url":"https:\/\/www.bellunopress.it\/fr\/author\/redazione\/"}]}},"_links":{"self":[{"href":"https:\/\/www.bellunopress.it\/fr\/wp-json\/wp\/v2\/posts\/34146","targetHints":{"allow":["GET"]}}],"collection":[{"href":"https:\/\/www.bellunopress.it\/fr\/wp-json\/wp\/v2\/posts"}],"about":[{"href":"https:\/\/www.bellunopress.it\/fr\/wp-json\/wp\/v2\/types\/post"}],"author":[{"embeddable":true,"href":"https:\/\/www.bellunopress.it\/fr\/wp-json\/wp\/v2\/users\/2"}],"replies":[{"embeddable":true,"href":"https:\/\/www.bellunopress.it\/fr\/wp-json\/wp\/v2\/comments?post=34146"}],"version-history":[{"count":1,"href":"https:\/\/www.bellunopress.it\/fr\/wp-json\/wp\/v2\/posts\/34146\/revisions"}],"predecessor-version":[{"id":34149,"href":"https:\/\/www.bellunopress.it\/fr\/wp-json\/wp\/v2\/posts\/34146\/revisions\/34149"}],"wp:attachment":[{"href":"https:\/\/www.bellunopress.it\/fr\/wp-json\/wp\/v2\/media?parent=34146"}],"wp:term":[{"taxonomy":"category","embeddable":true,"href":"https:\/\/www.bellunopress.it\/fr\/wp-json\/wp\/v2\/categories?post=34146"},{"taxonomy":"post_tag","embeddable":true,"href":"https:\/\/www.bellunopress.it\/fr\/wp-json\/wp\/v2\/tags?post=34146"}],"curies":[{"name":"wp","href":"https:\/\/api.w.org\/{rel}","templated":true}]}}