{"id":34133,"date":"2012-01-14T00:35:25","date_gmt":"2012-01-13T23:35:25","guid":{"rendered":"http:\/\/www.bellunopress.it\/?p=34133"},"modified":"2012-01-14T00:36:27","modified_gmt":"2012-01-13T23:36:27","slug":"sci-alpinismo-in-notturna-sabato-a-sappada-con-lassociazione-sportiva-i-camosci","status":"publish","type":"post","link":"https:\/\/www.bellunopress.it\/fr\/2012\/01\/14\/sci-alpinismo-in-notturna-sabato-a-sappada-con-lassociazione-sportiva-i-camosci\/","title":{"rendered":"Sci alpinismo in notturna sabato a Sappada con l&#8217;Associazione sportiva &#8220;I camosci&#8221;"},"content":{"rendered":"<p>Inizier\u00e0 sabato prossimo, 14 gennaio, la stagione organizzativa dell?Associazione sportiva Camosci di Sappada. Il sodalizio presieduto da Eliseo Sartor propone infatti il &#8220;Trofeo Lorenzo e Mario&#8221;, sci alpinistica in notturna. La manifestazione, aperta a tutti, si snoder\u00e0 su un tracciato alternativo rispetto a quello degli anni scorsi: la partenza (alle 19.30) avverr\u00e0 al campo sportivo, si proseguir\u00e0 quindi verso la seggiovia Pian dei Nidi, si scender\u00e0 di 50 metri (senza cambio pelli) e si risalir\u00e0 per la Turistica fino al traguardo del rifugio Monte Siera. Il rientro avverr\u00e0 per lo stesso itinerario. Le premiazioni e il pasta party si svolgeranno all&#8217;albergo Corona Ferrea. La quota di iscrizione \u00e8 stata fissata a 10 euro (non ci sar\u00e0 il gadget individuale). Per informazioni si pu\u00f2 consultare il rinnovato sito internet, <a href=\"http:\/\/www.camosci.it\">www.camosci.it<\/a>, oppure telefonare al 348.4281524.<\/p>","protected":false},"excerpt":{"rendered":"<p>Inizier\u00e0 sabato prossimo, 14 gennaio, la stagione organizzativa dell?Associazione sportiva Camosci di Sappada. Il sodalizio presieduto da Eliseo Sartor propone infatti il &#8220;Trofeo Lorenzo e Mario&#8221;, sci alpinistica in notturna. La manifestazione, aperta a tutti, si snoder\u00e0 su un tracciato alternativo rispetto a quello degli anni scorsi: la partenza (alle 19.30) avverr\u00e0 al campo sportivo, [&hellip;]<\/p>\n","protected":false},"author":2,"featured_media":0,"comment_status":"closed","ping_status":"open","sticky":false,"template":"","format":"standard","meta":{"footnotes":""},"categories":[27,25,4],"tags":[],"class_list":["post-34133","post","type-post","status-publish","format-standard","category-appuntamenti","category-pausa-caffe","category-sport"],"yoast_head":"<!-- This site is optimized with the Yoast SEO plugin v28.4 - https:\/\/yoast.com\/product\/yoast-seo-wordpress\/ -->\n<title>Sci alpinismo in notturna sabato a Sappada con l&#039;Associazione sportiva &quot;I camosci&quot;       - Bellunopress - Dolomiti<\/title>\n<meta name=\"robots\" content=\"index, follow, max-snippet:-1, max-image-preview:large, max-video-preview:-1\" \/>\n<link rel=\"canonical\" href=\"https:\/\/www.bellunopress.it\/fr\/2012\/01\/14\/sci-alpinismo-in-notturna-sabato-a-sappada-con-lassociazione-sportiva-i-camosci\/\" \/>\n<meta property=\"og:locale\" content=\"fr_FR\" \/>\n<meta property=\"og:type\" content=\"article\" \/>\n<meta property=\"og:title\" content=\"Sci alpinismo in notturna sabato a Sappada con l&#039;Associazione sportiva &quot;I camosci&quot;       - Bellunopress - Dolomiti\" \/>\n<meta property=\"og:description\" content=\"Inizier\u00e0 sabato prossimo, 14 gennaio, la stagione organizzativa dell?Associazione sportiva Camosci di Sappada. Il sodalizio presieduto da Eliseo Sartor propone infatti il &#8220;Trofeo Lorenzo e Mario&#8221;, sci alpinistica in notturna. La manifestazione, aperta a tutti, si snoder\u00e0 su un tracciato alternativo rispetto a quello degli anni scorsi: la partenza (alle 19.30) avverr\u00e0 al campo sportivo, [&hellip;]\" \/>\n<meta property=\"og:url\" content=\"https:\/\/www.bellunopress.it\/fr\/2012\/01\/14\/sci-alpinismo-in-notturna-sabato-a-sappada-con-lassociazione-sportiva-i-camosci\/\" \/>\n<meta property=\"og:site_name\" content=\"Bellunopress - Dolomiti\" \/>\n<meta property=\"article:publisher\" content=\"https:\/\/www.facebook.com\/profile.php?id=100008943462799\" \/>\n<meta property=\"article:published_time\" content=\"2012-01-13T23:35:25+00:00\" \/>\n<meta property=\"article:modified_time\" content=\"2012-01-13T23:36:27+00:00\" \/>\n<meta property=\"og:image\" content=\"http:\/\/www.bellunopress.it\/wp-content\/uploads\/2012\/07\/logo-bellunopress-250x250-2012.jpg\" \/>\n<meta name=\"author\" content=\"redazione\" \/>\n<meta name=\"twitter:card\" content=\"summary_large_image\" \/>\n<meta name=\"twitter:creator\" content=\"@bellunopress\" \/>\n<meta name=\"twitter:site\" content=\"@bellunopress\" \/>\n<meta name=\"twitter:label1\" content=\"Written by\" \/>\n\t<meta name=\"twitter:data1\" content=\"redazione\" \/>\n\t<meta name=\"twitter:label2\" content=\"Est. reading time\" \/>\n\t<meta name=\"twitter:data2\" content=\"1 minute\" \/>\n<script type=\"application\/ld+json\" class=\"yoast-schema-graph\">{\"@context\":\"https:\\\/\\\/schema.org\",\"@graph\":[{\"@type\":\"Article\",\"@id\":\"https:\\\/\\\/www.bellunopress.it\\\/2012\\\/01\\\/14\\\/sci-alpinismo-in-notturna-sabato-a-sappada-con-lassociazione-sportiva-i-camosci\\\/#article\",\"isPartOf\":{\"@id\":\"https:\\\/\\\/www.bellunopress.it\\\/2012\\\/01\\\/14\\\/sci-alpinismo-in-notturna-sabato-a-sappada-con-lassociazione-sportiva-i-camosci\\\/\"},\"author\":{\"name\":\"redazione\",\"@id\":\"https:\\\/\\\/www.bellunopress.it\\\/#\\\/schema\\\/person\\\/79bb06722b37ece1c03d3e94beb30d73\"},\"headline\":\"Sci alpinismo in notturna sabato a Sappada con l&#8217;Associazione sportiva &#8220;I camosci&#8221;\",\"datePublished\":\"2012-01-13T23:35:25+00:00\",\"dateModified\":\"2012-01-13T23:36:27+00:00\",\"mainEntityOfPage\":{\"@id\":\"https:\\\/\\\/www.bellunopress.it\\\/2012\\\/01\\\/14\\\/sci-alpinismo-in-notturna-sabato-a-sappada-con-lassociazione-sportiva-i-camosci\\\/\"},\"wordCount\":144,\"publisher\":{\"@id\":\"https:\\\/\\\/www.bellunopress.it\\\/#organization\"},\"articleSection\":[\"Appuntamenti, Eventi\",\"Pausa Caff\u00e8\",\"Sport, tempo libero\"],\"inLanguage\":\"fr-FR\"},{\"@type\":\"WebPage\",\"@id\":\"https:\\\/\\\/www.bellunopress.it\\\/2012\\\/01\\\/14\\\/sci-alpinismo-in-notturna-sabato-a-sappada-con-lassociazione-sportiva-i-camosci\\\/\",\"url\":\"https:\\\/\\\/www.bellunopress.it\\\/2012\\\/01\\\/14\\\/sci-alpinismo-in-notturna-sabato-a-sappada-con-lassociazione-sportiva-i-camosci\\\/\",\"name\":\"Sci alpinismo in notturna sabato a Sappada con l'Associazione sportiva \\\"I camosci\\\" - Bellunopress - Dolomiti\",\"isPartOf\":{\"@id\":\"https:\\\/\\\/www.bellunopress.it\\\/#website\"},\"datePublished\":\"2012-01-13T23:35:25+00:00\",\"dateModified\":\"2012-01-13T23:36:27+00:00\",\"breadcrumb\":{\"@id\":\"https:\\\/\\\/www.bellunopress.it\\\/2012\\\/01\\\/14\\\/sci-alpinismo-in-notturna-sabato-a-sappada-con-lassociazione-sportiva-i-camosci\\\/#breadcrumb\"},\"inLanguage\":\"fr-FR\",\"potentialAction\":[{\"@type\":\"ReadAction\",\"target\":[\"https:\\\/\\\/www.bellunopress.it\\\/2012\\\/01\\\/14\\\/sci-alpinismo-in-notturna-sabato-a-sappada-con-lassociazione-sportiva-i-camosci\\\/\"]}]},{\"@type\":\"BreadcrumbList\",\"@id\":\"https:\\\/\\\/www.bellunopress.it\\\/2012\\\/01\\\/14\\\/sci-alpinismo-in-notturna-sabato-a-sappada-con-lassociazione-sportiva-i-camosci\\\/#breadcrumb\",\"itemListElement\":[{\"@type\":\"ListItem\",\"position\":1,\"name\":\"Home\",\"item\":\"https:\\\/\\\/www.bellunopress.it\\\/\"},{\"@type\":\"ListItem\",\"position\":2,\"name\":\"Sci alpinismo in notturna sabato a Sappada con l&#8217;Associazione sportiva &#8220;I camosci&#8221;\"}]},{\"@type\":\"WebSite\",\"@id\":\"https:\\\/\\\/www.bellunopress.it\\\/#website\",\"url\":\"https:\\\/\\\/www.bellunopress.it\\\/\",\"name\":\"Bellunopress - Dolomiti\",\"description\":\"e-mail: redazione@bellunopress.it\",\"publisher\":{\"@id\":\"https:\\\/\\\/www.bellunopress.it\\\/#organization\"},\"potentialAction\":[{\"@type\":\"SearchAction\",\"target\":{\"@type\":\"EntryPoint\",\"urlTemplate\":\"https:\\\/\\\/www.bellunopress.it\\\/?s={search_term_string}\"},\"query-input\":{\"@type\":\"PropertyValueSpecification\",\"valueRequired\":true,\"valueName\":\"search_term_string\"}}],\"inLanguage\":\"fr-FR\"},{\"@type\":\"Organization\",\"@id\":\"https:\\\/\\\/www.bellunopress.it\\\/#organization\",\"name\":\"Bellunopress\",\"url\":\"https:\\\/\\\/www.bellunopress.it\\\/\",\"logo\":{\"@type\":\"ImageObject\",\"inLanguage\":\"fr-FR\",\"@id\":\"https:\\\/\\\/www.bellunopress.it\\\/#\\\/schema\\\/logo\\\/image\\\/\",\"url\":\"https:\\\/\\\/www.bellunopress.it\\\/wp-content\\\/uploads\\\/2011\\\/05\\\/cropped-logo-bellunopress-.jpg\",\"contentUrl\":\"https:\\\/\\\/www.bellunopress.it\\\/wp-content\\\/uploads\\\/2011\\\/05\\\/cropped-logo-bellunopress-.jpg\",\"width\":512,\"height\":512,\"caption\":\"Bellunopress\"},\"image\":{\"@id\":\"https:\\\/\\\/www.bellunopress.it\\\/#\\\/schema\\\/logo\\\/image\\\/\"},\"sameAs\":[\"https:\\\/\\\/www.facebook.com\\\/profile.php?id=100008943462799\",\"https:\\\/\\\/x.com\\\/bellunopress\",\"https:\\\/\\\/www.linkedin.com\\\/hp\\\/?dnr=JBzUWaJfMUw8vbXJJ2tVW5-I3jZKvC4wsoxE&amp;amp;amp;amp;amp;amp;trk=nav_responsive_tab_home\",\"https:\\\/\\\/www.youtube.com\\\/channel\\\/UCxL0wu1uN0_3_7hGG0306cw\"]},{\"@type\":\"Person\",\"@id\":\"https:\\\/\\\/www.bellunopress.it\\\/#\\\/schema\\\/person\\\/79bb06722b37ece1c03d3e94beb30d73\",\"name\":\"redazione\",\"image\":{\"@type\":\"ImageObject\",\"inLanguage\":\"fr-FR\",\"@id\":\"https:\\\/\\\/secure.gravatar.com\\\/avatar\\\/37d968a2e67a6fd04c169c4bdef102d0bc5d31b2546345219e348575eb80e9a0?s=96&d=mm&r=g\",\"url\":\"https:\\\/\\\/secure.gravatar.com\\\/avatar\\\/37d968a2e67a6fd04c169c4bdef102d0bc5d31b2546345219e348575eb80e9a0?s=96&d=mm&r=g\",\"contentUrl\":\"https:\\\/\\\/secure.gravatar.com\\\/avatar\\\/37d968a2e67a6fd04c169c4bdef102d0bc5d31b2546345219e348575eb80e9a0?s=96&d=mm&r=g\",\"caption\":\"redazione\"},\"sameAs\":[\"http:\\\/\\\/www.bellunopress.it\",\"https:\\\/\\\/x.com\\\/bellunopress\"],\"url\":\"https:\\\/\\\/www.bellunopress.it\\\/fr\\\/author\\\/redazione\\\/\"}]}<\/script>\n<!-- \/ Yoast SEO plugin. -->","yoast_head_json":{"title":"Sci alpinismo in notturna sabato a Sappada con l'Associazione sportiva \"I camosci\"       - Bellunopress - Dolomiti","robots":{"index":"index","follow":"follow","max-snippet":"max-snippet:-1","max-image-preview":"max-image-preview:large","max-video-preview":"max-video-preview:-1"},"canonical":"https:\/\/www.bellunopress.it\/fr\/2012\/01\/14\/sci-alpinismo-in-notturna-sabato-a-sappada-con-lassociazione-sportiva-i-camosci\/","og_locale":"fr_FR","og_type":"article","og_title":"Sci alpinismo in notturna sabato a Sappada con l'Associazione sportiva \"I camosci\"       - Bellunopress - Dolomiti","og_description":"Inizier\u00e0 sabato prossimo, 14 gennaio, la stagione organizzativa dell?Associazione sportiva Camosci di Sappada. Il sodalizio presieduto da Eliseo Sartor propone infatti il &#8220;Trofeo Lorenzo e Mario&#8221;, sci alpinistica in notturna. La manifestazione, aperta a tutti, si snoder\u00e0 su un tracciato alternativo rispetto a quello degli anni scorsi: la partenza (alle 19.30) avverr\u00e0 al campo sportivo, [&hellip;]","og_url":"https:\/\/www.bellunopress.it\/fr\/2012\/01\/14\/sci-alpinismo-in-notturna-sabato-a-sappada-con-lassociazione-sportiva-i-camosci\/","og_site_name":"Bellunopress - Dolomiti","article_publisher":"https:\/\/www.facebook.com\/profile.php?id=100008943462799","article_published_time":"2012-01-13T23:35:25+00:00","article_modified_time":"2012-01-13T23:36:27+00:00","og_image":[{"url":"http:\/\/www.bellunopress.it\/wp-content\/uploads\/2012\/07\/logo-bellunopress-250x250-2012.jpg","type":"","width":"","height":""}],"author":"redazione","twitter_card":"summary_large_image","twitter_creator":"@bellunopress","twitter_site":"@bellunopress","twitter_misc":{"Written by":"redazione","Est. reading time":"1 minute"},"schema":{"@context":"https:\/\/schema.org","@graph":[{"@type":"Article","@id":"https:\/\/www.bellunopress.it\/2012\/01\/14\/sci-alpinismo-in-notturna-sabato-a-sappada-con-lassociazione-sportiva-i-camosci\/#article","isPartOf":{"@id":"https:\/\/www.bellunopress.it\/2012\/01\/14\/sci-alpinismo-in-notturna-sabato-a-sappada-con-lassociazione-sportiva-i-camosci\/"},"author":{"name":"redazione","@id":"https:\/\/www.bellunopress.it\/#\/schema\/person\/79bb06722b37ece1c03d3e94beb30d73"},"headline":"Sci alpinismo in notturna sabato a Sappada con l&#8217;Associazione sportiva &#8220;I camosci&#8221;","datePublished":"2012-01-13T23:35:25+00:00","dateModified":"2012-01-13T23:36:27+00:00","mainEntityOfPage":{"@id":"https:\/\/www.bellunopress.it\/2012\/01\/14\/sci-alpinismo-in-notturna-sabato-a-sappada-con-lassociazione-sportiva-i-camosci\/"},"wordCount":144,"publisher":{"@id":"https:\/\/www.bellunopress.it\/#organization"},"articleSection":["Appuntamenti, Eventi","Pausa Caff\u00e8","Sport, tempo libero"],"inLanguage":"fr-FR"},{"@type":"WebPage","@id":"https:\/\/www.bellunopress.it\/2012\/01\/14\/sci-alpinismo-in-notturna-sabato-a-sappada-con-lassociazione-sportiva-i-camosci\/","url":"https:\/\/www.bellunopress.it\/2012\/01\/14\/sci-alpinismo-in-notturna-sabato-a-sappada-con-lassociazione-sportiva-i-camosci\/","name":"Sci alpinismo in notturna sabato a Sappada con l'Associazione sportiva \"I camosci\" - Bellunopress - Dolomiti","isPartOf":{"@id":"https:\/\/www.bellunopress.it\/#website"},"datePublished":"2012-01-13T23:35:25+00:00","dateModified":"2012-01-13T23:36:27+00:00","breadcrumb":{"@id":"https:\/\/www.bellunopress.it\/2012\/01\/14\/sci-alpinismo-in-notturna-sabato-a-sappada-con-lassociazione-sportiva-i-camosci\/#breadcrumb"},"inLanguage":"fr-FR","potentialAction":[{"@type":"ReadAction","target":["https:\/\/www.bellunopress.it\/2012\/01\/14\/sci-alpinismo-in-notturna-sabato-a-sappada-con-lassociazione-sportiva-i-camosci\/"]}]},{"@type":"BreadcrumbList","@id":"https:\/\/www.bellunopress.it\/2012\/01\/14\/sci-alpinismo-in-notturna-sabato-a-sappada-con-lassociazione-sportiva-i-camosci\/#breadcrumb","itemListElement":[{"@type":"ListItem","position":1,"name":"Home","item":"https:\/\/www.bellunopress.it\/"},{"@type":"ListItem","position":2,"name":"Sci alpinismo in notturna sabato a Sappada con l&#8217;Associazione sportiva &#8220;I camosci&#8221;"}]},{"@type":"WebSite","@id":"https:\/\/www.bellunopress.it\/#website","url":"https:\/\/www.bellunopress.it\/","name":"Bellunopress - Dolomiti","description":"e-mail: redazione@bellunopress.it","publisher":{"@id":"https:\/\/www.bellunopress.it\/#organization"},"potentialAction":[{"@type":"SearchAction","target":{"@type":"EntryPoint","urlTemplate":"https:\/\/www.bellunopress.it\/?s={search_term_string}"},"query-input":{"@type":"PropertyValueSpecification","valueRequired":true,"valueName":"search_term_string"}}],"inLanguage":"fr-FR"},{"@type":"Organization","@id":"https:\/\/www.bellunopress.it\/#organization","name":"Bellunopress","url":"https:\/\/www.bellunopress.it\/","logo":{"@type":"ImageObject","inLanguage":"fr-FR","@id":"https:\/\/www.bellunopress.it\/#\/schema\/logo\/image\/","url":"https:\/\/www.bellunopress.it\/wp-content\/uploads\/2011\/05\/cropped-logo-bellunopress-.jpg","contentUrl":"https:\/\/www.bellunopress.it\/wp-content\/uploads\/2011\/05\/cropped-logo-bellunopress-.jpg","width":512,"height":512,"caption":"Bellunopress"},"image":{"@id":"https:\/\/www.bellunopress.it\/#\/schema\/logo\/image\/"},"sameAs":["https:\/\/www.facebook.com\/profile.php?id=100008943462799","https:\/\/x.com\/bellunopress","https:\/\/www.linkedin.com\/hp\/?dnr=JBzUWaJfMUw8vbXJJ2tVW5-I3jZKvC4wsoxE&amp;amp;amp;amp;amp;amp;trk=nav_responsive_tab_home","https:\/\/www.youtube.com\/channel\/UCxL0wu1uN0_3_7hGG0306cw"]},{"@type":"Person","@id":"https:\/\/www.bellunopress.it\/#\/schema\/person\/79bb06722b37ece1c03d3e94beb30d73","name":"r\u00e9daction","image":{"@type":"ImageObject","inLanguage":"fr-FR","@id":"https:\/\/secure.gravatar.com\/avatar\/37d968a2e67a6fd04c169c4bdef102d0bc5d31b2546345219e348575eb80e9a0?s=96&d=mm&r=g","url":"https:\/\/secure.gravatar.com\/avatar\/37d968a2e67a6fd04c169c4bdef102d0bc5d31b2546345219e348575eb80e9a0?s=96&d=mm&r=g","contentUrl":"https:\/\/secure.gravatar.com\/avatar\/37d968a2e67a6fd04c169c4bdef102d0bc5d31b2546345219e348575eb80e9a0?s=96&d=mm&r=g","caption":"redazione"},"sameAs":["http:\/\/www.bellunopress.it","https:\/\/x.com\/bellunopress"],"url":"https:\/\/www.bellunopress.it\/fr\/author\/redazione\/"}]}},"_links":{"self":[{"href":"https:\/\/www.bellunopress.it\/fr\/wp-json\/wp\/v2\/posts\/34133","targetHints":{"allow":["GET"]}}],"collection":[{"href":"https:\/\/www.bellunopress.it\/fr\/wp-json\/wp\/v2\/posts"}],"about":[{"href":"https:\/\/www.bellunopress.it\/fr\/wp-json\/wp\/v2\/types\/post"}],"author":[{"embeddable":true,"href":"https:\/\/www.bellunopress.it\/fr\/wp-json\/wp\/v2\/users\/2"}],"replies":[{"embeddable":true,"href":"https:\/\/www.bellunopress.it\/fr\/wp-json\/wp\/v2\/comments?post=34133"}],"version-history":[{"count":2,"href":"https:\/\/www.bellunopress.it\/fr\/wp-json\/wp\/v2\/posts\/34133\/revisions"}],"predecessor-version":[{"id":34135,"href":"https:\/\/www.bellunopress.it\/fr\/wp-json\/wp\/v2\/posts\/34133\/revisions\/34135"}],"wp:attachment":[{"href":"https:\/\/www.bellunopress.it\/fr\/wp-json\/wp\/v2\/media?parent=34133"}],"wp:term":[{"taxonomy":"category","embeddable":true,"href":"https:\/\/www.bellunopress.it\/fr\/wp-json\/wp\/v2\/categories?post=34133"},{"taxonomy":"post_tag","embeddable":true,"href":"https:\/\/www.bellunopress.it\/fr\/wp-json\/wp\/v2\/tags?post=34133"}],"curies":[{"name":"wp","href":"https:\/\/api.w.org\/{rel}","templated":true}]}}