{"id":34130,"date":"2012-01-14T00:30:12","date_gmt":"2012-01-13T23:30:12","guid":{"rendered":"http:\/\/www.bellunopress.it\/?p=34130"},"modified":"2012-01-14T00:30:12","modified_gmt":"2012-01-13T23:30:12","slug":"25enne-bellunese-denunciato-per-violenza-privata-e-violazione-di-domicilio","status":"publish","type":"post","link":"https:\/\/www.bellunopress.it\/fr\/2012\/01\/14\/25enne-bellunese-denunciato-per-violenza-privata-e-violazione-di-domicilio\/","title":{"rendered":"25enne bellunese denunciato per violenza privata e violazione di domicilio"},"content":{"rendered":"<p><a href=\"http:\/\/www.bellunopress.it\/wp-content\/uploads\/2012\/01\/propriet\u00e0-privata.jpg\"><img loading=\"lazy\" decoding=\"async\" class=\"alignleft size-full wp-image-34131\" title=\"propriet\u00e0 privata\" src=\"http:\/\/www.bellunopress.it\/wp-content\/uploads\/2012\/01\/propriet\u00e0-privata.jpg\" alt=\"\" width=\"150\" height=\"132\" \/><\/a>BELLUNO Deve rispondere di violenza privata e violazione di domicilio perch\u00e9 ha posteggiato l\u2019auto in un parcheggio privato, dove non avrebbe potuto nemmeno entrare. Ad aggravare la sua posizione c\u2019\u00e8 l\u2019episodio in cui ha ostruito il passaggio verso il garage ad un residente (che gli aveva chiesto di spostare l\u2019auto di un metro), perch\u00e9 doveva andare dal suo medico di base a ritirare una ricetta. Un venticinquenne di Belluno \u00e8 stato denunciato d\u2019ufficio dai carabinieri e dovr\u00e0 rispondere di violenza privata e violazione di domicilio. Il fatto.\u00a0 Erano circa le 11.30 della mattina del 3 gennaio scorso, quando un ragazzo alla guida di un\u2019utilitaria, \u00e8 entrato deliberatamente nel parcheggio privato di un condominio di via Feltre (con tanto di cartello che segnalava \u201cPropriet\u00e0 privata\u201d e con i parcheggi segnati in giallo, con la R di riservato in bella mostra), e non avendo trovato alcun posto libero, ha lasciato la macchina in mezzo al piazzale, impedendo ad una Ford Focus di raggiungere il garage. La residente alla guida gli ha chiesto di spostare la vettura un metro pi\u00f9 indietro. Ma la risposta del ragazzo \u00e8 stata decisamente poco carina. E non ha sortito l\u2019effetto sperato dal condomino, tanto che il ragazzo, in modo perlopi\u00f9 arrogante, \u00e8 andato dal medico a ritirarsi la ricetta lasciando la Focus in attesa fino a quando sarebbe ritornato. Il condomino, bench\u00e9 gli avesse ripetuto di spostarsi pi\u00f9 e pi\u00f9 volte, e sottolineando che quello era un parcheggio privato e che non avrebbe nemmeno dovuto entrare perch\u00e9 c\u2019era una delibera condominiale che vietava ad estranei di abusare dei parcheggi, gli ha annunciato che avrebbe chiamato i carabinieri. Il giovane, evidentemente, non ha posto attenzione a quelle parole, ma si \u00e8 poi ricreduto. Infatti, dieci minuti pi\u00f9 tardi, quando \u00e8 tornato all\u2019auto, i carabinieri lo stavano aspettando. Le posizioni delle macchine non lasciavano spazi a dubbi. Mentre i militari effettuavano i rilievi del caso, due donne (probabilmente pazienti di uno dei due medici) che avevano parcheggiato in un posteggio giallo, hanno fatto presente \u2013 abbastanza scocciate &#8211; che dovevano uscire. Un altro condomino, sempre di fronte ai carabinieri, gli ha fatto notare che gli spazi erano riservati. E che c\u2019era il cartello di propriet\u00e0 privata. Ma di tutta risposta, l\u00ec davanti ai carabinieri, le due signore \u2013 adducendo scuse \u2013 hanno ribadito che quello era un parcheggio pubblico. Il reato di violenza privata \u00e8 punibile con la reclusione fino a 4 anni. A questo si \u00e8 aggiunta la violazione di domicilio, procedibile d\u2019ufficio (anche in mancanza di querela) e punita con la reclusione fino a 5 anni.<\/p>","protected":false},"excerpt":{"rendered":"<p>BELLUNO Deve rispondere di violenza privata e violazione di domicilio perch\u00e9 ha posteggiato l\u2019auto in un parcheggio privato, dove non avrebbe potuto nemmeno entrare. Ad aggravare la sua posizione c\u2019\u00e8 l\u2019episodio in cui ha ostruito il passaggio verso il garage ad un residente (che gli aveva chiesto di spostare l\u2019auto di un metro), perch\u00e9 doveva [&hellip;]<\/p>\n","protected":false},"author":2,"featured_media":0,"comment_status":"closed","ping_status":"open","sticky":false,"template":"","format":"standard","meta":{"footnotes":""},"categories":[5,26],"tags":[],"class_list":["post-34130","post","type-post","status-publish","format-standard","category-cronaca","category-prima-pagina"],"yoast_head":"<!-- This site is optimized with the Yoast SEO plugin v28.4 - https:\/\/yoast.com\/product\/yoast-seo-wordpress\/ -->\n<title>25enne bellunese denunciato per violenza privata e violazione di domicilio - Bellunopress - Dolomiti<\/title>\n<meta name=\"robots\" content=\"index, follow, max-snippet:-1, max-image-preview:large, max-video-preview:-1\" \/>\n<link rel=\"canonical\" href=\"https:\/\/www.bellunopress.it\/fr\/2012\/01\/14\/25enne-bellunese-denunciato-per-violenza-privata-e-violazione-di-domicilio\/\" \/>\n<meta property=\"og:locale\" content=\"fr_FR\" \/>\n<meta property=\"og:type\" content=\"article\" \/>\n<meta property=\"og:title\" content=\"25enne bellunese denunciato per violenza privata e violazione di domicilio - Bellunopress - Dolomiti\" \/>\n<meta property=\"og:description\" content=\"BELLUNO Deve rispondere di violenza privata e violazione di domicilio perch\u00e9 ha posteggiato l\u2019auto in un parcheggio privato, dove non avrebbe potuto nemmeno entrare. Ad aggravare la sua posizione c\u2019\u00e8 l\u2019episodio in cui ha ostruito il passaggio verso il garage ad un residente (che gli aveva chiesto di spostare l\u2019auto di un metro), perch\u00e9 doveva [&hellip;]\" \/>\n<meta property=\"og:url\" content=\"https:\/\/www.bellunopress.it\/fr\/2012\/01\/14\/25enne-bellunese-denunciato-per-violenza-privata-e-violazione-di-domicilio\/\" \/>\n<meta property=\"og:site_name\" content=\"Bellunopress - Dolomiti\" \/>\n<meta property=\"article:publisher\" content=\"https:\/\/www.facebook.com\/profile.php?id=100008943462799\" \/>\n<meta property=\"article:published_time\" content=\"2012-01-13T23:30:12+00:00\" \/>\n<meta property=\"og:image\" content=\"http:\/\/www.bellunopress.it\/wp-content\/uploads\/2012\/01\/propriet\u00e0-privata.jpg\" \/>\n<meta name=\"author\" content=\"redazione\" \/>\n<meta name=\"twitter:card\" content=\"summary_large_image\" \/>\n<meta name=\"twitter:creator\" content=\"@bellunopress\" \/>\n<meta name=\"twitter:site\" content=\"@bellunopress\" \/>\n<meta name=\"twitter:label1\" content=\"Written by\" \/>\n\t<meta name=\"twitter:data1\" content=\"redazione\" \/>\n\t<meta name=\"twitter:label2\" content=\"Est. reading time\" \/>\n\t<meta name=\"twitter:data2\" content=\"2 minutes\" \/>\n<script type=\"application\/ld+json\" class=\"yoast-schema-graph\">{\"@context\":\"https:\\\/\\\/schema.org\",\"@graph\":[{\"@type\":\"Article\",\"@id\":\"https:\\\/\\\/www.bellunopress.it\\\/2012\\\/01\\\/14\\\/25enne-bellunese-denunciato-per-violenza-privata-e-violazione-di-domicilio\\\/#article\",\"isPartOf\":{\"@id\":\"https:\\\/\\\/www.bellunopress.it\\\/2012\\\/01\\\/14\\\/25enne-bellunese-denunciato-per-violenza-privata-e-violazione-di-domicilio\\\/\"},\"author\":{\"name\":\"redazione\",\"@id\":\"https:\\\/\\\/www.bellunopress.it\\\/#\\\/schema\\\/person\\\/79bb06722b37ece1c03d3e94beb30d73\"},\"headline\":\"25enne bellunese denunciato per violenza privata e violazione di domicilio\",\"datePublished\":\"2012-01-13T23:30:12+00:00\",\"mainEntityOfPage\":{\"@id\":\"https:\\\/\\\/www.bellunopress.it\\\/2012\\\/01\\\/14\\\/25enne-bellunese-denunciato-per-violenza-privata-e-violazione-di-domicilio\\\/\"},\"wordCount\":434,\"publisher\":{\"@id\":\"https:\\\/\\\/www.bellunopress.it\\\/#organization\"},\"articleSection\":[\"Cronaca\\\/Politica\",\"Prima Pagina\"],\"inLanguage\":\"fr-FR\"},{\"@type\":\"WebPage\",\"@id\":\"https:\\\/\\\/www.bellunopress.it\\\/2012\\\/01\\\/14\\\/25enne-bellunese-denunciato-per-violenza-privata-e-violazione-di-domicilio\\\/\",\"url\":\"https:\\\/\\\/www.bellunopress.it\\\/2012\\\/01\\\/14\\\/25enne-bellunese-denunciato-per-violenza-privata-e-violazione-di-domicilio\\\/\",\"name\":\"25enne bellunese denunciato per violenza privata e violazione di domicilio - Bellunopress - Dolomiti\",\"isPartOf\":{\"@id\":\"https:\\\/\\\/www.bellunopress.it\\\/#website\"},\"datePublished\":\"2012-01-13T23:30:12+00:00\",\"breadcrumb\":{\"@id\":\"https:\\\/\\\/www.bellunopress.it\\\/2012\\\/01\\\/14\\\/25enne-bellunese-denunciato-per-violenza-privata-e-violazione-di-domicilio\\\/#breadcrumb\"},\"inLanguage\":\"fr-FR\",\"potentialAction\":[{\"@type\":\"ReadAction\",\"target\":[\"https:\\\/\\\/www.bellunopress.it\\\/2012\\\/01\\\/14\\\/25enne-bellunese-denunciato-per-violenza-privata-e-violazione-di-domicilio\\\/\"]}]},{\"@type\":\"BreadcrumbList\",\"@id\":\"https:\\\/\\\/www.bellunopress.it\\\/2012\\\/01\\\/14\\\/25enne-bellunese-denunciato-per-violenza-privata-e-violazione-di-domicilio\\\/#breadcrumb\",\"itemListElement\":[{\"@type\":\"ListItem\",\"position\":1,\"name\":\"Home\",\"item\":\"https:\\\/\\\/www.bellunopress.it\\\/\"},{\"@type\":\"ListItem\",\"position\":2,\"name\":\"25enne bellunese denunciato per violenza privata e violazione di domicilio\"}]},{\"@type\":\"WebSite\",\"@id\":\"https:\\\/\\\/www.bellunopress.it\\\/#website\",\"url\":\"https:\\\/\\\/www.bellunopress.it\\\/\",\"name\":\"Bellunopress - Dolomiti\",\"description\":\"e-mail: redazione@bellunopress.it\",\"publisher\":{\"@id\":\"https:\\\/\\\/www.bellunopress.it\\\/#organization\"},\"potentialAction\":[{\"@type\":\"SearchAction\",\"target\":{\"@type\":\"EntryPoint\",\"urlTemplate\":\"https:\\\/\\\/www.bellunopress.it\\\/?s={search_term_string}\"},\"query-input\":{\"@type\":\"PropertyValueSpecification\",\"valueRequired\":true,\"valueName\":\"search_term_string\"}}],\"inLanguage\":\"fr-FR\"},{\"@type\":\"Organization\",\"@id\":\"https:\\\/\\\/www.bellunopress.it\\\/#organization\",\"name\":\"Bellunopress\",\"url\":\"https:\\\/\\\/www.bellunopress.it\\\/\",\"logo\":{\"@type\":\"ImageObject\",\"inLanguage\":\"fr-FR\",\"@id\":\"https:\\\/\\\/www.bellunopress.it\\\/#\\\/schema\\\/logo\\\/image\\\/\",\"url\":\"https:\\\/\\\/www.bellunopress.it\\\/wp-content\\\/uploads\\\/2011\\\/05\\\/cropped-logo-bellunopress-.jpg\",\"contentUrl\":\"https:\\\/\\\/www.bellunopress.it\\\/wp-content\\\/uploads\\\/2011\\\/05\\\/cropped-logo-bellunopress-.jpg\",\"width\":512,\"height\":512,\"caption\":\"Bellunopress\"},\"image\":{\"@id\":\"https:\\\/\\\/www.bellunopress.it\\\/#\\\/schema\\\/logo\\\/image\\\/\"},\"sameAs\":[\"https:\\\/\\\/www.facebook.com\\\/profile.php?id=100008943462799\",\"https:\\\/\\\/x.com\\\/bellunopress\",\"https:\\\/\\\/www.linkedin.com\\\/hp\\\/?dnr=JBzUWaJfMUw8vbXJJ2tVW5-I3jZKvC4wsoxE&amp;amp;amp;amp;amp;amp;trk=nav_responsive_tab_home\",\"https:\\\/\\\/www.youtube.com\\\/channel\\\/UCxL0wu1uN0_3_7hGG0306cw\"]},{\"@type\":\"Person\",\"@id\":\"https:\\\/\\\/www.bellunopress.it\\\/#\\\/schema\\\/person\\\/79bb06722b37ece1c03d3e94beb30d73\",\"name\":\"redazione\",\"image\":{\"@type\":\"ImageObject\",\"inLanguage\":\"fr-FR\",\"@id\":\"https:\\\/\\\/secure.gravatar.com\\\/avatar\\\/37d968a2e67a6fd04c169c4bdef102d0bc5d31b2546345219e348575eb80e9a0?s=96&d=mm&r=g\",\"url\":\"https:\\\/\\\/secure.gravatar.com\\\/avatar\\\/37d968a2e67a6fd04c169c4bdef102d0bc5d31b2546345219e348575eb80e9a0?s=96&d=mm&r=g\",\"contentUrl\":\"https:\\\/\\\/secure.gravatar.com\\\/avatar\\\/37d968a2e67a6fd04c169c4bdef102d0bc5d31b2546345219e348575eb80e9a0?s=96&d=mm&r=g\",\"caption\":\"redazione\"},\"sameAs\":[\"http:\\\/\\\/www.bellunopress.it\",\"https:\\\/\\\/x.com\\\/bellunopress\"],\"url\":\"https:\\\/\\\/www.bellunopress.it\\\/fr\\\/author\\\/redazione\\\/\"}]}<\/script>\n<!-- \/ Yoast SEO plugin. -->","yoast_head_json":{"title":"25enne bellunese denunciato per violenza privata e violazione di domicilio - Bellunopress - Dolomiti","robots":{"index":"index","follow":"follow","max-snippet":"max-snippet:-1","max-image-preview":"max-image-preview:large","max-video-preview":"max-video-preview:-1"},"canonical":"https:\/\/www.bellunopress.it\/fr\/2012\/01\/14\/25enne-bellunese-denunciato-per-violenza-privata-e-violazione-di-domicilio\/","og_locale":"fr_FR","og_type":"article","og_title":"25enne bellunese denunciato per violenza privata e violazione di domicilio - Bellunopress - Dolomiti","og_description":"BELLUNO Deve rispondere di violenza privata e violazione di domicilio perch\u00e9 ha posteggiato l\u2019auto in un parcheggio privato, dove non avrebbe potuto nemmeno entrare. Ad aggravare la sua posizione c\u2019\u00e8 l\u2019episodio in cui ha ostruito il passaggio verso il garage ad un residente (che gli aveva chiesto di spostare l\u2019auto di un metro), perch\u00e9 doveva [&hellip;]","og_url":"https:\/\/www.bellunopress.it\/fr\/2012\/01\/14\/25enne-bellunese-denunciato-per-violenza-privata-e-violazione-di-domicilio\/","og_site_name":"Bellunopress - Dolomiti","article_publisher":"https:\/\/www.facebook.com\/profile.php?id=100008943462799","article_published_time":"2012-01-13T23:30:12+00:00","og_image":[{"url":"http:\/\/www.bellunopress.it\/wp-content\/uploads\/2012\/01\/propriet\u00e0-privata.jpg","type":"","width":"","height":""}],"author":"redazione","twitter_card":"summary_large_image","twitter_creator":"@bellunopress","twitter_site":"@bellunopress","twitter_misc":{"Written by":"redazione","Est. reading time":"2 minutes"},"schema":{"@context":"https:\/\/schema.org","@graph":[{"@type":"Article","@id":"https:\/\/www.bellunopress.it\/2012\/01\/14\/25enne-bellunese-denunciato-per-violenza-privata-e-violazione-di-domicilio\/#article","isPartOf":{"@id":"https:\/\/www.bellunopress.it\/2012\/01\/14\/25enne-bellunese-denunciato-per-violenza-privata-e-violazione-di-domicilio\/"},"author":{"name":"redazione","@id":"https:\/\/www.bellunopress.it\/#\/schema\/person\/79bb06722b37ece1c03d3e94beb30d73"},"headline":"25enne bellunese denunciato per violenza privata e violazione di domicilio","datePublished":"2012-01-13T23:30:12+00:00","mainEntityOfPage":{"@id":"https:\/\/www.bellunopress.it\/2012\/01\/14\/25enne-bellunese-denunciato-per-violenza-privata-e-violazione-di-domicilio\/"},"wordCount":434,"publisher":{"@id":"https:\/\/www.bellunopress.it\/#organization"},"articleSection":["Cronaca\/Politica","Prima Pagina"],"inLanguage":"fr-FR"},{"@type":"WebPage","@id":"https:\/\/www.bellunopress.it\/2012\/01\/14\/25enne-bellunese-denunciato-per-violenza-privata-e-violazione-di-domicilio\/","url":"https:\/\/www.bellunopress.it\/2012\/01\/14\/25enne-bellunese-denunciato-per-violenza-privata-e-violazione-di-domicilio\/","name":"25enne bellunese denunciato per violenza privata e violazione di domicilio - Bellunopress - Dolomiti","isPartOf":{"@id":"https:\/\/www.bellunopress.it\/#website"},"datePublished":"2012-01-13T23:30:12+00:00","breadcrumb":{"@id":"https:\/\/www.bellunopress.it\/2012\/01\/14\/25enne-bellunese-denunciato-per-violenza-privata-e-violazione-di-domicilio\/#breadcrumb"},"inLanguage":"fr-FR","potentialAction":[{"@type":"ReadAction","target":["https:\/\/www.bellunopress.it\/2012\/01\/14\/25enne-bellunese-denunciato-per-violenza-privata-e-violazione-di-domicilio\/"]}]},{"@type":"BreadcrumbList","@id":"https:\/\/www.bellunopress.it\/2012\/01\/14\/25enne-bellunese-denunciato-per-violenza-privata-e-violazione-di-domicilio\/#breadcrumb","itemListElement":[{"@type":"ListItem","position":1,"name":"Home","item":"https:\/\/www.bellunopress.it\/"},{"@type":"ListItem","position":2,"name":"25enne bellunese denunciato per violenza privata e violazione di domicilio"}]},{"@type":"WebSite","@id":"https:\/\/www.bellunopress.it\/#website","url":"https:\/\/www.bellunopress.it\/","name":"Bellunopress - Dolomiti","description":"e-mail: redazione@bellunopress.it","publisher":{"@id":"https:\/\/www.bellunopress.it\/#organization"},"potentialAction":[{"@type":"SearchAction","target":{"@type":"EntryPoint","urlTemplate":"https:\/\/www.bellunopress.it\/?s={search_term_string}"},"query-input":{"@type":"PropertyValueSpecification","valueRequired":true,"valueName":"search_term_string"}}],"inLanguage":"fr-FR"},{"@type":"Organization","@id":"https:\/\/www.bellunopress.it\/#organization","name":"Bellunopress","url":"https:\/\/www.bellunopress.it\/","logo":{"@type":"ImageObject","inLanguage":"fr-FR","@id":"https:\/\/www.bellunopress.it\/#\/schema\/logo\/image\/","url":"https:\/\/www.bellunopress.it\/wp-content\/uploads\/2011\/05\/cropped-logo-bellunopress-.jpg","contentUrl":"https:\/\/www.bellunopress.it\/wp-content\/uploads\/2011\/05\/cropped-logo-bellunopress-.jpg","width":512,"height":512,"caption":"Bellunopress"},"image":{"@id":"https:\/\/www.bellunopress.it\/#\/schema\/logo\/image\/"},"sameAs":["https:\/\/www.facebook.com\/profile.php?id=100008943462799","https:\/\/x.com\/bellunopress","https:\/\/www.linkedin.com\/hp\/?dnr=JBzUWaJfMUw8vbXJJ2tVW5-I3jZKvC4wsoxE&amp;amp;amp;amp;amp;amp;trk=nav_responsive_tab_home","https:\/\/www.youtube.com\/channel\/UCxL0wu1uN0_3_7hGG0306cw"]},{"@type":"Person","@id":"https:\/\/www.bellunopress.it\/#\/schema\/person\/79bb06722b37ece1c03d3e94beb30d73","name":"r\u00e9daction","image":{"@type":"ImageObject","inLanguage":"fr-FR","@id":"https:\/\/secure.gravatar.com\/avatar\/37d968a2e67a6fd04c169c4bdef102d0bc5d31b2546345219e348575eb80e9a0?s=96&d=mm&r=g","url":"https:\/\/secure.gravatar.com\/avatar\/37d968a2e67a6fd04c169c4bdef102d0bc5d31b2546345219e348575eb80e9a0?s=96&d=mm&r=g","contentUrl":"https:\/\/secure.gravatar.com\/avatar\/37d968a2e67a6fd04c169c4bdef102d0bc5d31b2546345219e348575eb80e9a0?s=96&d=mm&r=g","caption":"redazione"},"sameAs":["http:\/\/www.bellunopress.it","https:\/\/x.com\/bellunopress"],"url":"https:\/\/www.bellunopress.it\/fr\/author\/redazione\/"}]}},"_links":{"self":[{"href":"https:\/\/www.bellunopress.it\/fr\/wp-json\/wp\/v2\/posts\/34130","targetHints":{"allow":["GET"]}}],"collection":[{"href":"https:\/\/www.bellunopress.it\/fr\/wp-json\/wp\/v2\/posts"}],"about":[{"href":"https:\/\/www.bellunopress.it\/fr\/wp-json\/wp\/v2\/types\/post"}],"author":[{"embeddable":true,"href":"https:\/\/www.bellunopress.it\/fr\/wp-json\/wp\/v2\/users\/2"}],"replies":[{"embeddable":true,"href":"https:\/\/www.bellunopress.it\/fr\/wp-json\/wp\/v2\/comments?post=34130"}],"version-history":[{"count":1,"href":"https:\/\/www.bellunopress.it\/fr\/wp-json\/wp\/v2\/posts\/34130\/revisions"}],"predecessor-version":[{"id":34132,"href":"https:\/\/www.bellunopress.it\/fr\/wp-json\/wp\/v2\/posts\/34130\/revisions\/34132"}],"wp:attachment":[{"href":"https:\/\/www.bellunopress.it\/fr\/wp-json\/wp\/v2\/media?parent=34130"}],"wp:term":[{"taxonomy":"category","embeddable":true,"href":"https:\/\/www.bellunopress.it\/fr\/wp-json\/wp\/v2\/categories?post=34130"},{"taxonomy":"post_tag","embeddable":true,"href":"https:\/\/www.bellunopress.it\/fr\/wp-json\/wp\/v2\/tags?post=34130"}],"curies":[{"name":"wp","href":"https:\/\/api.w.org\/{rel}","templated":true}]}}