{"id":34125,"date":"2012-01-14T00:01:15","date_gmt":"2012-01-13T23:01:15","guid":{"rendered":"http:\/\/www.bellunopress.it\/?p=34125"},"modified":"2012-01-14T00:01:15","modified_gmt":"2012-01-13T23:01:15","slug":"cortina-ecco-il-gemellaggio-fra-sportivi-ghiaccio-e-coppa-del-mondo-di-sci-femminile","status":"publish","type":"post","link":"https:\/\/www.bellunopress.it\/fr\/2012\/01\/14\/cortina-ecco-il-gemellaggio-fra-sportivi-ghiaccio-e-coppa-del-mondo-di-sci-femminile\/","title":{"rendered":"Cortina: ecco il gemellaggio fra Sportivi Ghiaccio e Coppa del Mondo di sci femminile"},"content":{"rendered":"<p>I giocatori della\u00a0squadra di hockey Hafro Cortina, sono stati i protagonisti della tradizionale estrazione dei pettorali della discesa libera di Coppa del Mondo di sci femminile, la gara in programma sabato 14\u00a0gennaio alle 10.30 sull\u2019Olympia delle Tofane, che aprir\u00e0 la due giorni di Coppa del Mondo nel capoluogo ampezzano. Venerd\u00ec sera in Piazza Venezia, proprio sotto il campanile di Cortina, gli atleti del Cortina, uno dei vanti sportivi di questa localit\u00e0 nonch\u00e9 la squadra pi\u00f9 titolata d\u2019Italia insieme al Bolzano, con 16 scudetti e 2 coppe Italia, sono intervenuti alla cerimonia durante la quale le pi\u00f9 forti atlete femminili dello sci alpino hanno scelto i loro pettorali per la partenza della gara di sabato. Guidati dal capitano Giorgio De Bettin, i ragazzi di coach Stefan Mair hanno riservato anche una piccola sorpresa a Lindsey Vonn, la reginetta dello sci alpino, per il momento prima nella classifica generale di Coppa del Mondo. \u00abRingraziamo l\u2019Associazione Permanente per la Coppa del Mondo e il suo presidente Enrico Valle\u00bb, ha commentato il presidente della Sportivi Ghiaccio Cortina Sandro Moser, \u00abper la disponibilit\u00e0 che hanno dimostrato nei nostri confronti e per l\u2019interesse comune verso questi due sport, l\u2019hockey e lo sci, disputati in questi giorni a Cortina ai massimi livelli\u00bb.<\/p>","protected":false},"excerpt":{"rendered":"<p>I giocatori della\u00a0squadra di hockey Hafro Cortina, sono stati i protagonisti della tradizionale estrazione dei pettorali della discesa libera di Coppa del Mondo di sci femminile, la gara in programma sabato 14\u00a0gennaio alle 10.30 sull\u2019Olympia delle Tofane, che aprir\u00e0 la due giorni di Coppa del Mondo nel capoluogo ampezzano. Venerd\u00ec sera in Piazza Venezia, proprio [&hellip;]<\/p>\n","protected":false},"author":2,"featured_media":0,"comment_status":"closed","ping_status":"open","sticky":false,"template":"","format":"standard","meta":{"footnotes":""},"categories":[25,4],"tags":[],"class_list":["post-34125","post","type-post","status-publish","format-standard","category-pausa-caffe","category-sport"],"yoast_head":"<!-- This site is optimized with the Yoast SEO plugin v28.4 - https:\/\/yoast.com\/product\/yoast-seo-wordpress\/ -->\n<title>Cortina: ecco il gemellaggio fra Sportivi Ghiaccio e Coppa del Mondo di sci femminile - Bellunopress - Dolomiti<\/title>\n<meta name=\"robots\" content=\"index, follow, max-snippet:-1, max-image-preview:large, max-video-preview:-1\" \/>\n<link rel=\"canonical\" href=\"https:\/\/www.bellunopress.it\/fr\/2012\/01\/14\/cortina-ecco-il-gemellaggio-fra-sportivi-ghiaccio-e-coppa-del-mondo-di-sci-femminile\/\" \/>\n<meta property=\"og:locale\" content=\"fr_FR\" \/>\n<meta property=\"og:type\" content=\"article\" \/>\n<meta property=\"og:title\" content=\"Cortina: ecco il gemellaggio fra Sportivi Ghiaccio e Coppa del Mondo di sci femminile - Bellunopress - Dolomiti\" \/>\n<meta property=\"og:description\" content=\"I giocatori della\u00a0squadra di hockey Hafro Cortina, sono stati i protagonisti della tradizionale estrazione dei pettorali della discesa libera di Coppa del Mondo di sci femminile, la gara in programma sabato 14\u00a0gennaio alle 10.30 sull\u2019Olympia delle Tofane, che aprir\u00e0 la due giorni di Coppa del Mondo nel capoluogo ampezzano. Venerd\u00ec sera in Piazza Venezia, proprio [&hellip;]\" \/>\n<meta property=\"og:url\" content=\"https:\/\/www.bellunopress.it\/fr\/2012\/01\/14\/cortina-ecco-il-gemellaggio-fra-sportivi-ghiaccio-e-coppa-del-mondo-di-sci-femminile\/\" \/>\n<meta property=\"og:site_name\" content=\"Bellunopress - Dolomiti\" \/>\n<meta property=\"article:publisher\" content=\"https:\/\/www.facebook.com\/profile.php?id=100008943462799\" \/>\n<meta property=\"article:published_time\" content=\"2012-01-13T23:01:15+00:00\" \/>\n<meta property=\"og:image\" content=\"http:\/\/www.bellunopress.it\/wp-content\/uploads\/2012\/07\/logo-bellunopress-250x250-2012.jpg\" \/>\n<meta name=\"author\" content=\"redazione\" \/>\n<meta name=\"twitter:card\" content=\"summary_large_image\" \/>\n<meta name=\"twitter:creator\" content=\"@bellunopress\" \/>\n<meta name=\"twitter:site\" content=\"@bellunopress\" \/>\n<meta name=\"twitter:label1\" content=\"Written by\" \/>\n\t<meta name=\"twitter:data1\" content=\"redazione\" \/>\n\t<meta name=\"twitter:label2\" content=\"Est. reading time\" \/>\n\t<meta name=\"twitter:data2\" content=\"1 minute\" \/>\n<script type=\"application\/ld+json\" class=\"yoast-schema-graph\">{\"@context\":\"https:\\\/\\\/schema.org\",\"@graph\":[{\"@type\":\"Article\",\"@id\":\"https:\\\/\\\/www.bellunopress.it\\\/2012\\\/01\\\/14\\\/cortina-ecco-il-gemellaggio-fra-sportivi-ghiaccio-e-coppa-del-mondo-di-sci-femminile\\\/#article\",\"isPartOf\":{\"@id\":\"https:\\\/\\\/www.bellunopress.it\\\/2012\\\/01\\\/14\\\/cortina-ecco-il-gemellaggio-fra-sportivi-ghiaccio-e-coppa-del-mondo-di-sci-femminile\\\/\"},\"author\":{\"name\":\"redazione\",\"@id\":\"https:\\\/\\\/www.bellunopress.it\\\/#\\\/schema\\\/person\\\/79bb06722b37ece1c03d3e94beb30d73\"},\"headline\":\"Cortina: ecco il gemellaggio fra Sportivi Ghiaccio e Coppa del Mondo di sci femminile\",\"datePublished\":\"2012-01-13T23:01:15+00:00\",\"mainEntityOfPage\":{\"@id\":\"https:\\\/\\\/www.bellunopress.it\\\/2012\\\/01\\\/14\\\/cortina-ecco-il-gemellaggio-fra-sportivi-ghiaccio-e-coppa-del-mondo-di-sci-femminile\\\/\"},\"wordCount\":222,\"publisher\":{\"@id\":\"https:\\\/\\\/www.bellunopress.it\\\/#organization\"},\"articleSection\":[\"Pausa Caff\u00e8\",\"Sport, tempo libero\"],\"inLanguage\":\"fr-FR\"},{\"@type\":\"WebPage\",\"@id\":\"https:\\\/\\\/www.bellunopress.it\\\/2012\\\/01\\\/14\\\/cortina-ecco-il-gemellaggio-fra-sportivi-ghiaccio-e-coppa-del-mondo-di-sci-femminile\\\/\",\"url\":\"https:\\\/\\\/www.bellunopress.it\\\/2012\\\/01\\\/14\\\/cortina-ecco-il-gemellaggio-fra-sportivi-ghiaccio-e-coppa-del-mondo-di-sci-femminile\\\/\",\"name\":\"Cortina: ecco il gemellaggio fra Sportivi Ghiaccio e Coppa del Mondo di sci femminile - Bellunopress - Dolomiti\",\"isPartOf\":{\"@id\":\"https:\\\/\\\/www.bellunopress.it\\\/#website\"},\"datePublished\":\"2012-01-13T23:01:15+00:00\",\"breadcrumb\":{\"@id\":\"https:\\\/\\\/www.bellunopress.it\\\/2012\\\/01\\\/14\\\/cortina-ecco-il-gemellaggio-fra-sportivi-ghiaccio-e-coppa-del-mondo-di-sci-femminile\\\/#breadcrumb\"},\"inLanguage\":\"fr-FR\",\"potentialAction\":[{\"@type\":\"ReadAction\",\"target\":[\"https:\\\/\\\/www.bellunopress.it\\\/2012\\\/01\\\/14\\\/cortina-ecco-il-gemellaggio-fra-sportivi-ghiaccio-e-coppa-del-mondo-di-sci-femminile\\\/\"]}]},{\"@type\":\"BreadcrumbList\",\"@id\":\"https:\\\/\\\/www.bellunopress.it\\\/2012\\\/01\\\/14\\\/cortina-ecco-il-gemellaggio-fra-sportivi-ghiaccio-e-coppa-del-mondo-di-sci-femminile\\\/#breadcrumb\",\"itemListElement\":[{\"@type\":\"ListItem\",\"position\":1,\"name\":\"Home\",\"item\":\"https:\\\/\\\/www.bellunopress.it\\\/\"},{\"@type\":\"ListItem\",\"position\":2,\"name\":\"Cortina: ecco il gemellaggio fra Sportivi Ghiaccio e Coppa del Mondo di sci femminile\"}]},{\"@type\":\"WebSite\",\"@id\":\"https:\\\/\\\/www.bellunopress.it\\\/#website\",\"url\":\"https:\\\/\\\/www.bellunopress.it\\\/\",\"name\":\"Bellunopress - Dolomiti\",\"description\":\"e-mail: redazione@bellunopress.it\",\"publisher\":{\"@id\":\"https:\\\/\\\/www.bellunopress.it\\\/#organization\"},\"potentialAction\":[{\"@type\":\"SearchAction\",\"target\":{\"@type\":\"EntryPoint\",\"urlTemplate\":\"https:\\\/\\\/www.bellunopress.it\\\/?s={search_term_string}\"},\"query-input\":{\"@type\":\"PropertyValueSpecification\",\"valueRequired\":true,\"valueName\":\"search_term_string\"}}],\"inLanguage\":\"fr-FR\"},{\"@type\":\"Organization\",\"@id\":\"https:\\\/\\\/www.bellunopress.it\\\/#organization\",\"name\":\"Bellunopress\",\"url\":\"https:\\\/\\\/www.bellunopress.it\\\/\",\"logo\":{\"@type\":\"ImageObject\",\"inLanguage\":\"fr-FR\",\"@id\":\"https:\\\/\\\/www.bellunopress.it\\\/#\\\/schema\\\/logo\\\/image\\\/\",\"url\":\"https:\\\/\\\/www.bellunopress.it\\\/wp-content\\\/uploads\\\/2011\\\/05\\\/cropped-logo-bellunopress-.jpg\",\"contentUrl\":\"https:\\\/\\\/www.bellunopress.it\\\/wp-content\\\/uploads\\\/2011\\\/05\\\/cropped-logo-bellunopress-.jpg\",\"width\":512,\"height\":512,\"caption\":\"Bellunopress\"},\"image\":{\"@id\":\"https:\\\/\\\/www.bellunopress.it\\\/#\\\/schema\\\/logo\\\/image\\\/\"},\"sameAs\":[\"https:\\\/\\\/www.facebook.com\\\/profile.php?id=100008943462799\",\"https:\\\/\\\/x.com\\\/bellunopress\",\"https:\\\/\\\/www.linkedin.com\\\/hp\\\/?dnr=JBzUWaJfMUw8vbXJJ2tVW5-I3jZKvC4wsoxE&amp;amp;amp;amp;amp;amp;trk=nav_responsive_tab_home\",\"https:\\\/\\\/www.youtube.com\\\/channel\\\/UCxL0wu1uN0_3_7hGG0306cw\"]},{\"@type\":\"Person\",\"@id\":\"https:\\\/\\\/www.bellunopress.it\\\/#\\\/schema\\\/person\\\/79bb06722b37ece1c03d3e94beb30d73\",\"name\":\"redazione\",\"image\":{\"@type\":\"ImageObject\",\"inLanguage\":\"fr-FR\",\"@id\":\"https:\\\/\\\/secure.gravatar.com\\\/avatar\\\/37d968a2e67a6fd04c169c4bdef102d0bc5d31b2546345219e348575eb80e9a0?s=96&d=mm&r=g\",\"url\":\"https:\\\/\\\/secure.gravatar.com\\\/avatar\\\/37d968a2e67a6fd04c169c4bdef102d0bc5d31b2546345219e348575eb80e9a0?s=96&d=mm&r=g\",\"contentUrl\":\"https:\\\/\\\/secure.gravatar.com\\\/avatar\\\/37d968a2e67a6fd04c169c4bdef102d0bc5d31b2546345219e348575eb80e9a0?s=96&d=mm&r=g\",\"caption\":\"redazione\"},\"sameAs\":[\"http:\\\/\\\/www.bellunopress.it\",\"https:\\\/\\\/x.com\\\/bellunopress\"],\"url\":\"https:\\\/\\\/www.bellunopress.it\\\/fr\\\/author\\\/redazione\\\/\"}]}<\/script>\n<!-- \/ Yoast SEO plugin. -->","yoast_head_json":{"title":"Cortina: ecco il gemellaggio fra Sportivi Ghiaccio e Coppa del Mondo di sci femminile - Bellunopress - Dolomiti","robots":{"index":"index","follow":"follow","max-snippet":"max-snippet:-1","max-image-preview":"max-image-preview:large","max-video-preview":"max-video-preview:-1"},"canonical":"https:\/\/www.bellunopress.it\/fr\/2012\/01\/14\/cortina-ecco-il-gemellaggio-fra-sportivi-ghiaccio-e-coppa-del-mondo-di-sci-femminile\/","og_locale":"fr_FR","og_type":"article","og_title":"Cortina: ecco il gemellaggio fra Sportivi Ghiaccio e Coppa del Mondo di sci femminile - Bellunopress - Dolomiti","og_description":"I giocatori della\u00a0squadra di hockey Hafro Cortina, sono stati i protagonisti della tradizionale estrazione dei pettorali della discesa libera di Coppa del Mondo di sci femminile, la gara in programma sabato 14\u00a0gennaio alle 10.30 sull\u2019Olympia delle Tofane, che aprir\u00e0 la due giorni di Coppa del Mondo nel capoluogo ampezzano. Venerd\u00ec sera in Piazza Venezia, proprio [&hellip;]","og_url":"https:\/\/www.bellunopress.it\/fr\/2012\/01\/14\/cortina-ecco-il-gemellaggio-fra-sportivi-ghiaccio-e-coppa-del-mondo-di-sci-femminile\/","og_site_name":"Bellunopress - Dolomiti","article_publisher":"https:\/\/www.facebook.com\/profile.php?id=100008943462799","article_published_time":"2012-01-13T23:01:15+00:00","og_image":[{"url":"http:\/\/www.bellunopress.it\/wp-content\/uploads\/2012\/07\/logo-bellunopress-250x250-2012.jpg","type":"","width":"","height":""}],"author":"redazione","twitter_card":"summary_large_image","twitter_creator":"@bellunopress","twitter_site":"@bellunopress","twitter_misc":{"Written by":"redazione","Est. reading time":"1 minute"},"schema":{"@context":"https:\/\/schema.org","@graph":[{"@type":"Article","@id":"https:\/\/www.bellunopress.it\/2012\/01\/14\/cortina-ecco-il-gemellaggio-fra-sportivi-ghiaccio-e-coppa-del-mondo-di-sci-femminile\/#article","isPartOf":{"@id":"https:\/\/www.bellunopress.it\/2012\/01\/14\/cortina-ecco-il-gemellaggio-fra-sportivi-ghiaccio-e-coppa-del-mondo-di-sci-femminile\/"},"author":{"name":"redazione","@id":"https:\/\/www.bellunopress.it\/#\/schema\/person\/79bb06722b37ece1c03d3e94beb30d73"},"headline":"Cortina: ecco il gemellaggio fra Sportivi Ghiaccio e Coppa del Mondo di sci femminile","datePublished":"2012-01-13T23:01:15+00:00","mainEntityOfPage":{"@id":"https:\/\/www.bellunopress.it\/2012\/01\/14\/cortina-ecco-il-gemellaggio-fra-sportivi-ghiaccio-e-coppa-del-mondo-di-sci-femminile\/"},"wordCount":222,"publisher":{"@id":"https:\/\/www.bellunopress.it\/#organization"},"articleSection":["Pausa Caff\u00e8","Sport, tempo libero"],"inLanguage":"fr-FR"},{"@type":"WebPage","@id":"https:\/\/www.bellunopress.it\/2012\/01\/14\/cortina-ecco-il-gemellaggio-fra-sportivi-ghiaccio-e-coppa-del-mondo-di-sci-femminile\/","url":"https:\/\/www.bellunopress.it\/2012\/01\/14\/cortina-ecco-il-gemellaggio-fra-sportivi-ghiaccio-e-coppa-del-mondo-di-sci-femminile\/","name":"Cortina: ecco il gemellaggio fra Sportivi Ghiaccio e Coppa del Mondo di sci femminile - Bellunopress - Dolomiti","isPartOf":{"@id":"https:\/\/www.bellunopress.it\/#website"},"datePublished":"2012-01-13T23:01:15+00:00","breadcrumb":{"@id":"https:\/\/www.bellunopress.it\/2012\/01\/14\/cortina-ecco-il-gemellaggio-fra-sportivi-ghiaccio-e-coppa-del-mondo-di-sci-femminile\/#breadcrumb"},"inLanguage":"fr-FR","potentialAction":[{"@type":"ReadAction","target":["https:\/\/www.bellunopress.it\/2012\/01\/14\/cortina-ecco-il-gemellaggio-fra-sportivi-ghiaccio-e-coppa-del-mondo-di-sci-femminile\/"]}]},{"@type":"BreadcrumbList","@id":"https:\/\/www.bellunopress.it\/2012\/01\/14\/cortina-ecco-il-gemellaggio-fra-sportivi-ghiaccio-e-coppa-del-mondo-di-sci-femminile\/#breadcrumb","itemListElement":[{"@type":"ListItem","position":1,"name":"Home","item":"https:\/\/www.bellunopress.it\/"},{"@type":"ListItem","position":2,"name":"Cortina: ecco il gemellaggio fra Sportivi Ghiaccio e Coppa del Mondo di sci femminile"}]},{"@type":"WebSite","@id":"https:\/\/www.bellunopress.it\/#website","url":"https:\/\/www.bellunopress.it\/","name":"Bellunopress - Dolomiti","description":"e-mail: redazione@bellunopress.it","publisher":{"@id":"https:\/\/www.bellunopress.it\/#organization"},"potentialAction":[{"@type":"SearchAction","target":{"@type":"EntryPoint","urlTemplate":"https:\/\/www.bellunopress.it\/?s={search_term_string}"},"query-input":{"@type":"PropertyValueSpecification","valueRequired":true,"valueName":"search_term_string"}}],"inLanguage":"fr-FR"},{"@type":"Organization","@id":"https:\/\/www.bellunopress.it\/#organization","name":"Bellunopress","url":"https:\/\/www.bellunopress.it\/","logo":{"@type":"ImageObject","inLanguage":"fr-FR","@id":"https:\/\/www.bellunopress.it\/#\/schema\/logo\/image\/","url":"https:\/\/www.bellunopress.it\/wp-content\/uploads\/2011\/05\/cropped-logo-bellunopress-.jpg","contentUrl":"https:\/\/www.bellunopress.it\/wp-content\/uploads\/2011\/05\/cropped-logo-bellunopress-.jpg","width":512,"height":512,"caption":"Bellunopress"},"image":{"@id":"https:\/\/www.bellunopress.it\/#\/schema\/logo\/image\/"},"sameAs":["https:\/\/www.facebook.com\/profile.php?id=100008943462799","https:\/\/x.com\/bellunopress","https:\/\/www.linkedin.com\/hp\/?dnr=JBzUWaJfMUw8vbXJJ2tVW5-I3jZKvC4wsoxE&amp;amp;amp;amp;amp;amp;trk=nav_responsive_tab_home","https:\/\/www.youtube.com\/channel\/UCxL0wu1uN0_3_7hGG0306cw"]},{"@type":"Person","@id":"https:\/\/www.bellunopress.it\/#\/schema\/person\/79bb06722b37ece1c03d3e94beb30d73","name":"r\u00e9daction","image":{"@type":"ImageObject","inLanguage":"fr-FR","@id":"https:\/\/secure.gravatar.com\/avatar\/37d968a2e67a6fd04c169c4bdef102d0bc5d31b2546345219e348575eb80e9a0?s=96&d=mm&r=g","url":"https:\/\/secure.gravatar.com\/avatar\/37d968a2e67a6fd04c169c4bdef102d0bc5d31b2546345219e348575eb80e9a0?s=96&d=mm&r=g","contentUrl":"https:\/\/secure.gravatar.com\/avatar\/37d968a2e67a6fd04c169c4bdef102d0bc5d31b2546345219e348575eb80e9a0?s=96&d=mm&r=g","caption":"redazione"},"sameAs":["http:\/\/www.bellunopress.it","https:\/\/x.com\/bellunopress"],"url":"https:\/\/www.bellunopress.it\/fr\/author\/redazione\/"}]}},"_links":{"self":[{"href":"https:\/\/www.bellunopress.it\/fr\/wp-json\/wp\/v2\/posts\/34125","targetHints":{"allow":["GET"]}}],"collection":[{"href":"https:\/\/www.bellunopress.it\/fr\/wp-json\/wp\/v2\/posts"}],"about":[{"href":"https:\/\/www.bellunopress.it\/fr\/wp-json\/wp\/v2\/types\/post"}],"author":[{"embeddable":true,"href":"https:\/\/www.bellunopress.it\/fr\/wp-json\/wp\/v2\/users\/2"}],"replies":[{"embeddable":true,"href":"https:\/\/www.bellunopress.it\/fr\/wp-json\/wp\/v2\/comments?post=34125"}],"version-history":[{"count":2,"href":"https:\/\/www.bellunopress.it\/fr\/wp-json\/wp\/v2\/posts\/34125\/revisions"}],"predecessor-version":[{"id":34127,"href":"https:\/\/www.bellunopress.it\/fr\/wp-json\/wp\/v2\/posts\/34125\/revisions\/34127"}],"wp:attachment":[{"href":"https:\/\/www.bellunopress.it\/fr\/wp-json\/wp\/v2\/media?parent=34125"}],"wp:term":[{"taxonomy":"category","embeddable":true,"href":"https:\/\/www.bellunopress.it\/fr\/wp-json\/wp\/v2\/categories?post=34125"},{"taxonomy":"post_tag","embeddable":true,"href":"https:\/\/www.bellunopress.it\/fr\/wp-json\/wp\/v2\/tags?post=34125"}],"curies":[{"name":"wp","href":"https:\/\/api.w.org\/{rel}","templated":true}]}}