{"id":34114,"date":"2012-01-13T23:01:07","date_gmt":"2012-01-13T22:01:07","guid":{"rendered":"http:\/\/www.bellunopress.it\/?p=34114"},"modified":"2012-01-13T23:01:07","modified_gmt":"2012-01-13T22:01:07","slug":"primarie-di-coalizione-lo-chiedono-200-elettori-del-centrosinistra-del-comune-di-belluno","status":"publish","type":"post","link":"https:\/\/www.bellunopress.it\/fr\/2012\/01\/13\/primarie-di-coalizione-lo-chiedono-200-elettori-del-centrosinistra-del-comune-di-belluno\/","title":{"rendered":"Primarie di coalizione: lo chiedono 200 elettori del centrosinistra del Comune di Belluno"},"content":{"rendered":"<p><a href=\"http:\/\/www.bellunopress.it\/wp-content\/uploads\/2011\/06\/referendum.jpg\"><img loading=\"lazy\" decoding=\"async\" class=\"alignleft size-full wp-image-27633\" title=\"referendum\" src=\"http:\/\/www.bellunopress.it\/wp-content\/uploads\/2011\/06\/referendum.jpg\" alt=\"\" width=\"140\" height=\"140\" \/><\/a>Prosegue la petizione del Bar L&#8217;Insolita storia di Belluno, per chiedere elezioni le primarie di coalizione per scegliere il candidato sindaco del Comune di Belluno. &#8220;Come elettrici del centro sinistra, desiderose che la nostra citt\u00e0 riprenda a seguire la strada del progresso culturale e civile &#8211; si legge in una nota -, di fronte alle notizie relative alla scelta del candidato sindaco ed in particolare a fronte delle perplessit\u00e0 sull&#8217;effettuazione di primarie che coinvolgano l&#8217;intera coalizione e l&#8217;intera citt\u00e0 in tale scelta, dopo aver sentito i commenti delle persone &#8220;normali&#8221; anche nel nostro locale che esprimevano una forte volont\u00e0 ed addirittura un bisogno di essere coinvolti, ci siamo chieste se potevamo fare qualcosa. Da qui \u00e8 nata l&#8217;idea di dare voce alla richiesta che da tanti abbiamo sentita, proponendo una raccolta di firme per richiedere la scelta del candidato sindaco attraverso le primarie di coalizione, le pi\u00f9 libere ed ampie possibili, seppur con l&#8217;impegno di tutti all&#8217;unit\u00e0. La voce si \u00e8 sparsa ed in pochi giorni sono venuti da noi 200 cittadini che hanno apposto la loro firma. Poich\u00e9 non ci siamo mai poste l&#8217;obbiettivo di raggiungere un certo numero di firme &#8211; conclude la nota a firma L&#8217;Insolita storia di via Zuppani 10 &#8211; , ma solo di dare al centro sinistra un elemento in pi\u00f9 per decidere, giriamo ai partiti del centro sinistra, in primo luogo al Pd che \u00e8 sicuramente il maggior partito dello schieramento cui guardiamo, l&#8217;appello sottoscritto, invitandoli a non lasciare inascoltata la voce di tanti cittadini&#8221;.<\/p>\n<p>&nbsp;<\/p>","protected":false},"excerpt":{"rendered":"<p>Prosegue la petizione del Bar L&#8217;Insolita storia di Belluno, per chiedere elezioni le primarie di coalizione per scegliere il candidato sindaco del Comune di Belluno. &#8220;Come elettrici del centro sinistra, desiderose che la nostra citt\u00e0 riprenda a seguire la strada del progresso culturale e civile &#8211; si legge in una nota -, di fronte alle [&hellip;]<\/p>\n","protected":false},"author":2,"featured_media":0,"comment_status":"closed","ping_status":"open","sticky":false,"template":"","format":"standard","meta":{"footnotes":""},"categories":[5,26],"tags":[],"class_list":["post-34114","post","type-post","status-publish","format-standard","category-cronaca","category-prima-pagina"],"yoast_head":"<!-- This site is optimized with the Yoast SEO plugin v28.4 - https:\/\/yoast.com\/product\/yoast-seo-wordpress\/ -->\n<title>Primarie di coalizione: lo chiedono 200 elettori del centrosinistra del Comune di Belluno - Bellunopress - Dolomiti<\/title>\n<meta name=\"robots\" content=\"index, follow, max-snippet:-1, max-image-preview:large, max-video-preview:-1\" \/>\n<link rel=\"canonical\" href=\"https:\/\/www.bellunopress.it\/fr\/2012\/01\/13\/primarie-di-coalizione-lo-chiedono-200-elettori-del-centrosinistra-del-comune-di-belluno\/\" \/>\n<meta property=\"og:locale\" content=\"fr_FR\" \/>\n<meta property=\"og:type\" content=\"article\" \/>\n<meta property=\"og:title\" content=\"Primarie di coalizione: lo chiedono 200 elettori del centrosinistra del Comune di Belluno - Bellunopress - Dolomiti\" \/>\n<meta property=\"og:description\" content=\"Prosegue la petizione del Bar L&#8217;Insolita storia di Belluno, per chiedere elezioni le primarie di coalizione per scegliere il candidato sindaco del Comune di Belluno. &#8220;Come elettrici del centro sinistra, desiderose che la nostra citt\u00e0 riprenda a seguire la strada del progresso culturale e civile &#8211; si legge in una nota -, di fronte alle [&hellip;]\" \/>\n<meta property=\"og:url\" content=\"https:\/\/www.bellunopress.it\/fr\/2012\/01\/13\/primarie-di-coalizione-lo-chiedono-200-elettori-del-centrosinistra-del-comune-di-belluno\/\" \/>\n<meta property=\"og:site_name\" content=\"Bellunopress - Dolomiti\" \/>\n<meta property=\"article:publisher\" content=\"https:\/\/www.facebook.com\/profile.php?id=100008943462799\" \/>\n<meta property=\"article:published_time\" content=\"2012-01-13T22:01:07+00:00\" \/>\n<meta property=\"og:image\" content=\"http:\/\/www.bellunopress.it\/wp-content\/uploads\/2011\/06\/referendum.jpg\" \/>\n<meta name=\"author\" content=\"redazione\" \/>\n<meta name=\"twitter:card\" content=\"summary_large_image\" \/>\n<meta name=\"twitter:creator\" content=\"@bellunopress\" \/>\n<meta name=\"twitter:site\" content=\"@bellunopress\" \/>\n<meta name=\"twitter:label1\" content=\"Written by\" \/>\n\t<meta name=\"twitter:data1\" content=\"redazione\" \/>\n\t<meta name=\"twitter:label2\" content=\"Est. reading time\" \/>\n\t<meta name=\"twitter:data2\" content=\"1 minute\" \/>\n<script type=\"application\/ld+json\" class=\"yoast-schema-graph\">{\"@context\":\"https:\\\/\\\/schema.org\",\"@graph\":[{\"@type\":\"Article\",\"@id\":\"https:\\\/\\\/www.bellunopress.it\\\/2012\\\/01\\\/13\\\/primarie-di-coalizione-lo-chiedono-200-elettori-del-centrosinistra-del-comune-di-belluno\\\/#article\",\"isPartOf\":{\"@id\":\"https:\\\/\\\/www.bellunopress.it\\\/2012\\\/01\\\/13\\\/primarie-di-coalizione-lo-chiedono-200-elettori-del-centrosinistra-del-comune-di-belluno\\\/\"},\"author\":{\"name\":\"redazione\",\"@id\":\"https:\\\/\\\/www.bellunopress.it\\\/#\\\/schema\\\/person\\\/79bb06722b37ece1c03d3e94beb30d73\"},\"headline\":\"Primarie di coalizione: lo chiedono 200 elettori del centrosinistra del Comune di Belluno\",\"datePublished\":\"2012-01-13T22:01:07+00:00\",\"mainEntityOfPage\":{\"@id\":\"https:\\\/\\\/www.bellunopress.it\\\/2012\\\/01\\\/13\\\/primarie-di-coalizione-lo-chiedono-200-elettori-del-centrosinistra-del-comune-di-belluno\\\/\"},\"wordCount\":269,\"publisher\":{\"@id\":\"https:\\\/\\\/www.bellunopress.it\\\/#organization\"},\"image\":{\"@id\":\"https:\\\/\\\/www.bellunopress.it\\\/2012\\\/01\\\/13\\\/primarie-di-coalizione-lo-chiedono-200-elettori-del-centrosinistra-del-comune-di-belluno\\\/#primaryimage\"},\"thumbnailUrl\":\"http:\\\/\\\/www.bellunopress.it\\\/wp-content\\\/uploads\\\/2011\\\/06\\\/referendum.jpg\",\"articleSection\":[\"Cronaca\\\/Politica\",\"Prima Pagina\"],\"inLanguage\":\"fr-FR\"},{\"@type\":\"WebPage\",\"@id\":\"https:\\\/\\\/www.bellunopress.it\\\/2012\\\/01\\\/13\\\/primarie-di-coalizione-lo-chiedono-200-elettori-del-centrosinistra-del-comune-di-belluno\\\/\",\"url\":\"https:\\\/\\\/www.bellunopress.it\\\/2012\\\/01\\\/13\\\/primarie-di-coalizione-lo-chiedono-200-elettori-del-centrosinistra-del-comune-di-belluno\\\/\",\"name\":\"Primarie di coalizione: lo chiedono 200 elettori del centrosinistra del Comune di Belluno - Bellunopress - Dolomiti\",\"isPartOf\":{\"@id\":\"https:\\\/\\\/www.bellunopress.it\\\/#website\"},\"primaryImageOfPage\":{\"@id\":\"https:\\\/\\\/www.bellunopress.it\\\/2012\\\/01\\\/13\\\/primarie-di-coalizione-lo-chiedono-200-elettori-del-centrosinistra-del-comune-di-belluno\\\/#primaryimage\"},\"image\":{\"@id\":\"https:\\\/\\\/www.bellunopress.it\\\/2012\\\/01\\\/13\\\/primarie-di-coalizione-lo-chiedono-200-elettori-del-centrosinistra-del-comune-di-belluno\\\/#primaryimage\"},\"thumbnailUrl\":\"http:\\\/\\\/www.bellunopress.it\\\/wp-content\\\/uploads\\\/2011\\\/06\\\/referendum.jpg\",\"datePublished\":\"2012-01-13T22:01:07+00:00\",\"breadcrumb\":{\"@id\":\"https:\\\/\\\/www.bellunopress.it\\\/2012\\\/01\\\/13\\\/primarie-di-coalizione-lo-chiedono-200-elettori-del-centrosinistra-del-comune-di-belluno\\\/#breadcrumb\"},\"inLanguage\":\"fr-FR\",\"potentialAction\":[{\"@type\":\"ReadAction\",\"target\":[\"https:\\\/\\\/www.bellunopress.it\\\/2012\\\/01\\\/13\\\/primarie-di-coalizione-lo-chiedono-200-elettori-del-centrosinistra-del-comune-di-belluno\\\/\"]}]},{\"@type\":\"ImageObject\",\"inLanguage\":\"fr-FR\",\"@id\":\"https:\\\/\\\/www.bellunopress.it\\\/2012\\\/01\\\/13\\\/primarie-di-coalizione-lo-chiedono-200-elettori-del-centrosinistra-del-comune-di-belluno\\\/#primaryimage\",\"url\":\"http:\\\/\\\/www.bellunopress.it\\\/wp-content\\\/uploads\\\/2011\\\/06\\\/referendum.jpg\",\"contentUrl\":\"http:\\\/\\\/www.bellunopress.it\\\/wp-content\\\/uploads\\\/2011\\\/06\\\/referendum.jpg\"},{\"@type\":\"BreadcrumbList\",\"@id\":\"https:\\\/\\\/www.bellunopress.it\\\/2012\\\/01\\\/13\\\/primarie-di-coalizione-lo-chiedono-200-elettori-del-centrosinistra-del-comune-di-belluno\\\/#breadcrumb\",\"itemListElement\":[{\"@type\":\"ListItem\",\"position\":1,\"name\":\"Home\",\"item\":\"https:\\\/\\\/www.bellunopress.it\\\/\"},{\"@type\":\"ListItem\",\"position\":2,\"name\":\"Primarie di coalizione: lo chiedono 200 elettori del centrosinistra del Comune di Belluno\"}]},{\"@type\":\"WebSite\",\"@id\":\"https:\\\/\\\/www.bellunopress.it\\\/#website\",\"url\":\"https:\\\/\\\/www.bellunopress.it\\\/\",\"name\":\"Bellunopress - Dolomiti\",\"description\":\"e-mail: redazione@bellunopress.it\",\"publisher\":{\"@id\":\"https:\\\/\\\/www.bellunopress.it\\\/#organization\"},\"potentialAction\":[{\"@type\":\"SearchAction\",\"target\":{\"@type\":\"EntryPoint\",\"urlTemplate\":\"https:\\\/\\\/www.bellunopress.it\\\/?s={search_term_string}\"},\"query-input\":{\"@type\":\"PropertyValueSpecification\",\"valueRequired\":true,\"valueName\":\"search_term_string\"}}],\"inLanguage\":\"fr-FR\"},{\"@type\":\"Organization\",\"@id\":\"https:\\\/\\\/www.bellunopress.it\\\/#organization\",\"name\":\"Bellunopress\",\"url\":\"https:\\\/\\\/www.bellunopress.it\\\/\",\"logo\":{\"@type\":\"ImageObject\",\"inLanguage\":\"fr-FR\",\"@id\":\"https:\\\/\\\/www.bellunopress.it\\\/#\\\/schema\\\/logo\\\/image\\\/\",\"url\":\"https:\\\/\\\/www.bellunopress.it\\\/wp-content\\\/uploads\\\/2011\\\/05\\\/cropped-logo-bellunopress-.jpg\",\"contentUrl\":\"https:\\\/\\\/www.bellunopress.it\\\/wp-content\\\/uploads\\\/2011\\\/05\\\/cropped-logo-bellunopress-.jpg\",\"width\":512,\"height\":512,\"caption\":\"Bellunopress\"},\"image\":{\"@id\":\"https:\\\/\\\/www.bellunopress.it\\\/#\\\/schema\\\/logo\\\/image\\\/\"},\"sameAs\":[\"https:\\\/\\\/www.facebook.com\\\/profile.php?id=100008943462799\",\"https:\\\/\\\/x.com\\\/bellunopress\",\"https:\\\/\\\/www.linkedin.com\\\/hp\\\/?dnr=JBzUWaJfMUw8vbXJJ2tVW5-I3jZKvC4wsoxE&amp;amp;amp;amp;amp;amp;trk=nav_responsive_tab_home\",\"https:\\\/\\\/www.youtube.com\\\/channel\\\/UCxL0wu1uN0_3_7hGG0306cw\"]},{\"@type\":\"Person\",\"@id\":\"https:\\\/\\\/www.bellunopress.it\\\/#\\\/schema\\\/person\\\/79bb06722b37ece1c03d3e94beb30d73\",\"name\":\"redazione\",\"image\":{\"@type\":\"ImageObject\",\"inLanguage\":\"fr-FR\",\"@id\":\"https:\\\/\\\/secure.gravatar.com\\\/avatar\\\/37d968a2e67a6fd04c169c4bdef102d0bc5d31b2546345219e348575eb80e9a0?s=96&d=mm&r=g\",\"url\":\"https:\\\/\\\/secure.gravatar.com\\\/avatar\\\/37d968a2e67a6fd04c169c4bdef102d0bc5d31b2546345219e348575eb80e9a0?s=96&d=mm&r=g\",\"contentUrl\":\"https:\\\/\\\/secure.gravatar.com\\\/avatar\\\/37d968a2e67a6fd04c169c4bdef102d0bc5d31b2546345219e348575eb80e9a0?s=96&d=mm&r=g\",\"caption\":\"redazione\"},\"sameAs\":[\"http:\\\/\\\/www.bellunopress.it\",\"https:\\\/\\\/x.com\\\/bellunopress\"],\"url\":\"https:\\\/\\\/www.bellunopress.it\\\/fr\\\/author\\\/redazione\\\/\"}]}<\/script>\n<!-- \/ Yoast SEO plugin. -->","yoast_head_json":{"title":"Primarie di coalizione: lo chiedono 200 elettori del centrosinistra del Comune di Belluno - Bellunopress - Dolomiti","robots":{"index":"index","follow":"follow","max-snippet":"max-snippet:-1","max-image-preview":"max-image-preview:large","max-video-preview":"max-video-preview:-1"},"canonical":"https:\/\/www.bellunopress.it\/fr\/2012\/01\/13\/primarie-di-coalizione-lo-chiedono-200-elettori-del-centrosinistra-del-comune-di-belluno\/","og_locale":"fr_FR","og_type":"article","og_title":"Primarie di coalizione: lo chiedono 200 elettori del centrosinistra del Comune di Belluno - Bellunopress - Dolomiti","og_description":"Prosegue la petizione del Bar L&#8217;Insolita storia di Belluno, per chiedere elezioni le primarie di coalizione per scegliere il candidato sindaco del Comune di Belluno. &#8220;Come elettrici del centro sinistra, desiderose che la nostra citt\u00e0 riprenda a seguire la strada del progresso culturale e civile &#8211; si legge in una nota -, di fronte alle [&hellip;]","og_url":"https:\/\/www.bellunopress.it\/fr\/2012\/01\/13\/primarie-di-coalizione-lo-chiedono-200-elettori-del-centrosinistra-del-comune-di-belluno\/","og_site_name":"Bellunopress - Dolomiti","article_publisher":"https:\/\/www.facebook.com\/profile.php?id=100008943462799","article_published_time":"2012-01-13T22:01:07+00:00","og_image":[{"url":"http:\/\/www.bellunopress.it\/wp-content\/uploads\/2011\/06\/referendum.jpg","type":"","width":"","height":""}],"author":"redazione","twitter_card":"summary_large_image","twitter_creator":"@bellunopress","twitter_site":"@bellunopress","twitter_misc":{"Written by":"redazione","Est. reading time":"1 minute"},"schema":{"@context":"https:\/\/schema.org","@graph":[{"@type":"Article","@id":"https:\/\/www.bellunopress.it\/2012\/01\/13\/primarie-di-coalizione-lo-chiedono-200-elettori-del-centrosinistra-del-comune-di-belluno\/#article","isPartOf":{"@id":"https:\/\/www.bellunopress.it\/2012\/01\/13\/primarie-di-coalizione-lo-chiedono-200-elettori-del-centrosinistra-del-comune-di-belluno\/"},"author":{"name":"redazione","@id":"https:\/\/www.bellunopress.it\/#\/schema\/person\/79bb06722b37ece1c03d3e94beb30d73"},"headline":"Primarie di coalizione: lo chiedono 200 elettori del centrosinistra del Comune di Belluno","datePublished":"2012-01-13T22:01:07+00:00","mainEntityOfPage":{"@id":"https:\/\/www.bellunopress.it\/2012\/01\/13\/primarie-di-coalizione-lo-chiedono-200-elettori-del-centrosinistra-del-comune-di-belluno\/"},"wordCount":269,"publisher":{"@id":"https:\/\/www.bellunopress.it\/#organization"},"image":{"@id":"https:\/\/www.bellunopress.it\/2012\/01\/13\/primarie-di-coalizione-lo-chiedono-200-elettori-del-centrosinistra-del-comune-di-belluno\/#primaryimage"},"thumbnailUrl":"http:\/\/www.bellunopress.it\/wp-content\/uploads\/2011\/06\/referendum.jpg","articleSection":["Cronaca\/Politica","Prima Pagina"],"inLanguage":"fr-FR"},{"@type":"WebPage","@id":"https:\/\/www.bellunopress.it\/2012\/01\/13\/primarie-di-coalizione-lo-chiedono-200-elettori-del-centrosinistra-del-comune-di-belluno\/","url":"https:\/\/www.bellunopress.it\/2012\/01\/13\/primarie-di-coalizione-lo-chiedono-200-elettori-del-centrosinistra-del-comune-di-belluno\/","name":"Primarie di coalizione: lo chiedono 200 elettori del centrosinistra del Comune di Belluno - Bellunopress - Dolomiti","isPartOf":{"@id":"https:\/\/www.bellunopress.it\/#website"},"primaryImageOfPage":{"@id":"https:\/\/www.bellunopress.it\/2012\/01\/13\/primarie-di-coalizione-lo-chiedono-200-elettori-del-centrosinistra-del-comune-di-belluno\/#primaryimage"},"image":{"@id":"https:\/\/www.bellunopress.it\/2012\/01\/13\/primarie-di-coalizione-lo-chiedono-200-elettori-del-centrosinistra-del-comune-di-belluno\/#primaryimage"},"thumbnailUrl":"http:\/\/www.bellunopress.it\/wp-content\/uploads\/2011\/06\/referendum.jpg","datePublished":"2012-01-13T22:01:07+00:00","breadcrumb":{"@id":"https:\/\/www.bellunopress.it\/2012\/01\/13\/primarie-di-coalizione-lo-chiedono-200-elettori-del-centrosinistra-del-comune-di-belluno\/#breadcrumb"},"inLanguage":"fr-FR","potentialAction":[{"@type":"ReadAction","target":["https:\/\/www.bellunopress.it\/2012\/01\/13\/primarie-di-coalizione-lo-chiedono-200-elettori-del-centrosinistra-del-comune-di-belluno\/"]}]},{"@type":"ImageObject","inLanguage":"fr-FR","@id":"https:\/\/www.bellunopress.it\/2012\/01\/13\/primarie-di-coalizione-lo-chiedono-200-elettori-del-centrosinistra-del-comune-di-belluno\/#primaryimage","url":"http:\/\/www.bellunopress.it\/wp-content\/uploads\/2011\/06\/referendum.jpg","contentUrl":"http:\/\/www.bellunopress.it\/wp-content\/uploads\/2011\/06\/referendum.jpg"},{"@type":"BreadcrumbList","@id":"https:\/\/www.bellunopress.it\/2012\/01\/13\/primarie-di-coalizione-lo-chiedono-200-elettori-del-centrosinistra-del-comune-di-belluno\/#breadcrumb","itemListElement":[{"@type":"ListItem","position":1,"name":"Home","item":"https:\/\/www.bellunopress.it\/"},{"@type":"ListItem","position":2,"name":"Primarie di coalizione: lo chiedono 200 elettori del centrosinistra del Comune di Belluno"}]},{"@type":"WebSite","@id":"https:\/\/www.bellunopress.it\/#website","url":"https:\/\/www.bellunopress.it\/","name":"Bellunopress - Dolomiti","description":"e-mail: redazione@bellunopress.it","publisher":{"@id":"https:\/\/www.bellunopress.it\/#organization"},"potentialAction":[{"@type":"SearchAction","target":{"@type":"EntryPoint","urlTemplate":"https:\/\/www.bellunopress.it\/?s={search_term_string}"},"query-input":{"@type":"PropertyValueSpecification","valueRequired":true,"valueName":"search_term_string"}}],"inLanguage":"fr-FR"},{"@type":"Organization","@id":"https:\/\/www.bellunopress.it\/#organization","name":"Bellunopress","url":"https:\/\/www.bellunopress.it\/","logo":{"@type":"ImageObject","inLanguage":"fr-FR","@id":"https:\/\/www.bellunopress.it\/#\/schema\/logo\/image\/","url":"https:\/\/www.bellunopress.it\/wp-content\/uploads\/2011\/05\/cropped-logo-bellunopress-.jpg","contentUrl":"https:\/\/www.bellunopress.it\/wp-content\/uploads\/2011\/05\/cropped-logo-bellunopress-.jpg","width":512,"height":512,"caption":"Bellunopress"},"image":{"@id":"https:\/\/www.bellunopress.it\/#\/schema\/logo\/image\/"},"sameAs":["https:\/\/www.facebook.com\/profile.php?id=100008943462799","https:\/\/x.com\/bellunopress","https:\/\/www.linkedin.com\/hp\/?dnr=JBzUWaJfMUw8vbXJJ2tVW5-I3jZKvC4wsoxE&amp;amp;amp;amp;amp;amp;trk=nav_responsive_tab_home","https:\/\/www.youtube.com\/channel\/UCxL0wu1uN0_3_7hGG0306cw"]},{"@type":"Person","@id":"https:\/\/www.bellunopress.it\/#\/schema\/person\/79bb06722b37ece1c03d3e94beb30d73","name":"r\u00e9daction","image":{"@type":"ImageObject","inLanguage":"fr-FR","@id":"https:\/\/secure.gravatar.com\/avatar\/37d968a2e67a6fd04c169c4bdef102d0bc5d31b2546345219e348575eb80e9a0?s=96&d=mm&r=g","url":"https:\/\/secure.gravatar.com\/avatar\/37d968a2e67a6fd04c169c4bdef102d0bc5d31b2546345219e348575eb80e9a0?s=96&d=mm&r=g","contentUrl":"https:\/\/secure.gravatar.com\/avatar\/37d968a2e67a6fd04c169c4bdef102d0bc5d31b2546345219e348575eb80e9a0?s=96&d=mm&r=g","caption":"redazione"},"sameAs":["http:\/\/www.bellunopress.it","https:\/\/x.com\/bellunopress"],"url":"https:\/\/www.bellunopress.it\/fr\/author\/redazione\/"}]}},"_links":{"self":[{"href":"https:\/\/www.bellunopress.it\/fr\/wp-json\/wp\/v2\/posts\/34114","targetHints":{"allow":["GET"]}}],"collection":[{"href":"https:\/\/www.bellunopress.it\/fr\/wp-json\/wp\/v2\/posts"}],"about":[{"href":"https:\/\/www.bellunopress.it\/fr\/wp-json\/wp\/v2\/types\/post"}],"author":[{"embeddable":true,"href":"https:\/\/www.bellunopress.it\/fr\/wp-json\/wp\/v2\/users\/2"}],"replies":[{"embeddable":true,"href":"https:\/\/www.bellunopress.it\/fr\/wp-json\/wp\/v2\/comments?post=34114"}],"version-history":[{"count":2,"href":"https:\/\/www.bellunopress.it\/fr\/wp-json\/wp\/v2\/posts\/34114\/revisions"}],"predecessor-version":[{"id":34116,"href":"https:\/\/www.bellunopress.it\/fr\/wp-json\/wp\/v2\/posts\/34114\/revisions\/34116"}],"wp:attachment":[{"href":"https:\/\/www.bellunopress.it\/fr\/wp-json\/wp\/v2\/media?parent=34114"}],"wp:term":[{"taxonomy":"category","embeddable":true,"href":"https:\/\/www.bellunopress.it\/fr\/wp-json\/wp\/v2\/categories?post=34114"},{"taxonomy":"post_tag","embeddable":true,"href":"https:\/\/www.bellunopress.it\/fr\/wp-json\/wp\/v2\/tags?post=34114"}],"curies":[{"name":"wp","href":"https:\/\/api.w.org\/{rel}","templated":true}]}}