{"id":34110,"date":"2012-01-13T14:39:34","date_gmt":"2012-01-13T13:39:34","guid":{"rendered":"http:\/\/www.bellunopress.it\/?p=34110"},"modified":"2012-01-13T22:34:07","modified_gmt":"2012-01-13T21:34:07","slug":"come-far-fuori-tib-teatro-il-piano-c-della-politica-con-la-p-minuscola-oramai-in-liquidazione-a-fine-mandato","status":"publish","type":"post","link":"https:\/\/www.bellunopress.it\/fr\/2012\/01\/13\/come-far-fuori-tib-teatro-il-piano-c-della-politica-con-la-p-minuscola-oramai-in-liquidazione-a-fine-mandato\/","title":{"rendered":"Come far fuori Tib teatro: il &#8220;Piano C&#8221; della politica con la &#8220;p&#8221; minuscola, oramai in liquidazione, a fine mandato"},"content":{"rendered":"<p>La politica bellunese, quella con la &#8220;p&#8221; minuscola, quella che vuole a tutti i costi dettare legge anche sulla stagione teatrale senza averne le competenze (non dimentichiamo che il Teatro Comunale di Belluno ha rischiato di rimanere chiuso il giorno della consegna del Premio San Martino, e anche la\u00a0 Stagione di prosa gi\u00e0 programmata ha rischiato di saltare, per l&#8217;arroganza di alcuni politici), a pochi mesi dalla conclusione del mandato, continua a perseguire il suo disegno diabolico per abbattere Tib Teatro. Il &#8220;Piano A&#8221;, quello con presidente della Fondazione Romanelli si era insabbiato per onest\u00e0 intellettuale dello stesso Romanelli, che piuttosto di rendersi responsabile di grottesche ingiustizie ha preferito dare le dimissioni. Nemmeno il &#8220;Piano B&#8221;, quello con presidente della Fondazione teatri Neri ha dato il risultato atteso dalla politica. Sempre quella con la &#8220;p&#8221; minuscola. Anche Neri, infatti, vista la situazione, con l&#8217;uscita della Fondazione Cariverona e il piatto che piange, ha deciso di andarsene via. Secondo tentativo fallito. Ma Tib teatro \u00e8 ancora l\u00ec e la stagione teatrale, fortunatamente per i bellunesi, \u00e8 garantita fino a giugno. Ma a pochi mesi dalla fine della legislatura, la politica con la &#8220;p&#8221; minuscola sferra l&#8217;ultimo colpo di coda. Ovvero il &#8220;Piano C&#8221;: liquidare Fondazione teatri (che ha fallito per due volte la missione), per poi impossessarsi come Comune di Belluno della gestione della stagione teatrale attraverso un direttore nominato ad hoc (questa \u00e8 una recidiva della politica dalla &#8220;p&#8221; minuscola, ci avevano provato anche con SerSa la societ\u00e0 che gestisce la Casa di riposo di Cavarzano, a nominare un secondo direttore per depotenziare il primo evidentemente non troppo gradito ai &#8220;signori delle minuscole&#8221;). E finalmente, avocando a s\u00e9 la gestione della stagione teatrale, senza pi\u00f9 disubbidienti o imprevisti, far fuori Tib teatro.<\/p>\n<p><a href=\"http:\/\/www.bellunopress.it\/wp-content\/uploads\/2011\/12\/teatro-comunale-notte1.jpg\"><img loading=\"lazy\" decoding=\"async\" class=\"alignleft size-full wp-image-33600\" title=\"teatro comunale notte\" src=\"http:\/\/www.bellunopress.it\/wp-content\/uploads\/2011\/12\/teatro-comunale-notte1.jpg\" alt=\"\" width=\"290\" height=\"193\" \/><\/a>Per la ricostruzione dei fatti abbiamo chiesto i particolari a Tib Teatro che ha risposto con queste &#8220;Profetiche visioni&#8221; immaginando lo scenario che ci attende.<\/p>\n<p>&nbsp;<\/p>\n<p>&nbsp;<\/p>\n<p>&#8220;Il 2011 si \u00e8 chiuso con un&#8217;impressionante mole di rassegna stampa composta dalle polemiche riguardanti la gestione del Teatro Comunale di Belluno, mentre le prospettive per il 2012 sono ancora molte incerte &#8211; osserva Tib Teatro in una nota &#8211; , e si delinea un futuro non certo roseo, se avranno corso queste profetiche visioni. Il Tib Teatro, con lo scenario di una possibile chiusura e liquidazione della Fondazione Teatri delle Dolomiti, immagina la messa a punto di strategie da parte dell&#8217;assessore (Maria Grazia Passuello, l&#8217;assessore alla Cultura del Comune di Belluno che per due volte ha presentato le sue dimissioni, ma siede ancora a Palazzo Rosso ndr) volte ad affossare definitivamente il progetto della Residenza Teatrale, un modello gestionale innovativo ed economico, con progettualit\u00e0 rivolte in primo luogo al territorio, un progetto &#8211; peraltro gi\u00e0 approvato dalla Giunta Comunale nel mese di aprile &#8211; che si fa garante dell&#8217;apertura del Teatro a tutte le Associazioni e per ogni attivit\u00e0, sviluppando al contempo nuove professionalit\u00e0 e aumentando i posti di lavoro.<\/p>\n<figure id=\"attachment_25958\" aria-describedby=\"caption-attachment-25958\" style=\"width: 280px\" class=\"wp-caption alignleft\"><a href=\"http:\/\/www.bellunopress.it\/wp-content\/uploads\/2011\/04\/teatro-comunale-280x198.jpg\"><img loading=\"lazy\" decoding=\"async\" class=\"size-full wp-image-25958\" title=\"teatro comunale 280x198\" src=\"http:\/\/www.bellunopress.it\/wp-content\/uploads\/2011\/04\/teatro-comunale-280x198.jpg\" alt=\"\" width=\"280\" height=\"198\" \/><\/a><figcaption id=\"caption-attachment-25958\" class=\"wp-caption-text\">Teatro Comunale di Belluno<\/figcaption><\/figure>\n<p>PROFETICHE VISIONI:\u00a0 quali scenari per il Teatro della nostra Citt\u00e0?<\/p>\n<p>I fatti:<\/p>\n<p>Il 29 dicembre la Fondazione Cariverona, socio che fornisce il maggior sostegno economico alla Fondazione Teatri delle Dolomiti, abbandona la Fondazione Teatri, stanca delle polemiche e della ingerenze politiche. L&#8217;assessore Passuello minimizza sulla stampa.<\/p>\n<p>Il 4 gennaio 2012 il neo presidente Mario Neri nominato, con la mission di salvare la Fondazione Teatri delle Dolomiti (ma il suo primo atto \u00e8 stato quello di chiedere indietro le chiavi del Teatro al Tib&#8230;) si dimette improvvisamente. Dopo che l&#8217;11 dicembre aveva partecipato all&#8217;incontro, indetto dall&#8217;assessore Passuello, &#8220;collaborazione condivisa&#8221;, celebrando il suo &#8220;matrimonio di intenti&#8221; con l&#8217;assessore e dichiarandosi per &#8220;spirito di servizio&#8221; pronto a onorare il suo mandato fino alle elezioni. Come dichiara alla stampa fino al 30.12.2011<\/p>\n<p>Il 6 gennaio 2012 anche il vicepresidente Celeste Levis &#8211; che da mesi sedeva inopportunamente al suo posto, a rappresentare prima, una Provincia, che non metteva pi\u00f9 un euro (e cio\u00e8 75.000 euro in meno per la Fondazione Teatri) e pretendeva di governare, poi una Provincia commissariata &#8211; si dimette improvvisamente.<\/p>\n<p>Cosa bolle in pentola? Quali i nuovi disegni strategici dell&#8217;Assessore Passuello?<\/p>\n<p>Proviamo a immaginare:<\/p>\n<p>\u00b7 Il Teatro deve ritornare al Comune<\/p>\n<p>\u00b7 La Fondazione deve essere messa in liquidazione, ha contratto un debito di 300.000 euro, per cattiva gestione!!!<\/p>\n<p>\u00b7 Bisogna dare un segno di forza prima delle prossime elezioni!<\/p>\n<p>\u00b7 Urge presentare il prossimo cartellone del Teatro prima delle elezioni, un cartellone a spese di chi? Ma certo c&#8217;\u00e8 l&#8217;associazionismo locale!<\/p>\n<p>\u00b7 L&#8217;assessore far\u00e0 tutto lei, ha gi\u00e0 in mente un direttore di sua fiducia (ha gi\u00e0 fatto e distrutto la Fondazione Teatri allontanando persino Cariverona) ora prova a distruggere il Comune! Va be&#8217; manco mal! Ma \u00e8 necessario sbaragliare gli avversari!!!<\/p>\n<p>Ma chi sono gli avversari?<\/p>\n<p>Il progetto di Residenza Teatrale, l&#8217;unico che ha saputo trasversalmente aggregare in citt\u00e0, e a livello nazionale, soggetti politici diversi da destra a sinistra, l&#8217;unica strada per apportare nuove risorse al territorio, garantire una gestione professionale del Teatro, con un ottimo rapporto costi benefici, obiettivo strategico anche dell&#8217;ex Ministro Galan che alle Giornate Professionali del Teatro Italiano ha giudicato l&#8217;Istituzione delle Residenze nei territori, risposta prioritaria, ottimale per l&#8217;Innovazione del Sistema Teatrale Italiano. Ma a Belluno no! Non \u00e8 possibile, perch\u00e9 la professionalit\u00e0, cio\u00e8 il lavoro, deve essere offeso e perseguitato, come lo \u00e8 stato il Tib in questi anni, dall&#8217;assessore Passuello, che a dispetto delle diffuse buone pratiche teatrali nazionali, sa tutto e fa di tutto pur di far naufragare ci\u00f2 che realmente potr\u00e0 far fare un passo avanti al nostro Teatro sviluppando professionalit\u00e0 e occupazione, garantendo un Teatro gestito, sicuro e attrezzato per tutte le Associazioni che vorranno usufruirne. Un teatro aperto a tutti ma abitato da chi fa questo lavoro, un Teatro in cui tutti potranno sentirsi accolti, in condizioni di pari dignit\u00e0. Insomma nella pentola dell&#8217;Assessore e dei suoi amici, prevediamo, stia ribollendo l&#8217;antico brodo intriso di personalismi e di livori, intento a far tornare il Teatro di Belluno ci\u00f2 che i bellunesi ricordano essere stato, fino a trent&#8217;anni fa: una nicchia per pochi eletti, un luogo di generica offerta e cio\u00e8 un contenitore vuoto. Noi che in Teatro lavoriamo, pensiamo invece che il Teatro debba essere bene comune, luogo aperto alla citt\u00e0, che accolga e sviluppi talenti e occupazione attraverso la produzione, luogo animato da pensiero e progettualit\u00e0 artistiche del e per il territorio. \u00c8 il momento di percorrere idee che aggregano per il bene comune &#8211; conclude la nota di Tib teatro &#8211; perch\u00e9 di questo ha bisogno la cultura, e la nostra citt\u00e0 non pi\u00f9 di scontri giocati nelle sedi dei partiti!&#8221;<\/p>","protected":false},"excerpt":{"rendered":"<p>La politica bellunese, quella con la &#8220;p&#8221; minuscola, quella che vuole a tutti i costi dettare legge anche sulla stagione teatrale senza averne le competenze (non dimentichiamo che il Teatro Comunale di Belluno ha rischiato di rimanere chiuso il giorno della consegna del Premio San Martino, e anche la\u00a0 Stagione di prosa gi\u00e0 programmata ha [&hellip;]<\/p>\n","protected":false},"author":2,"featured_media":0,"comment_status":"closed","ping_status":"open","sticky":false,"template":"","format":"standard","meta":{"footnotes":""},"categories":[3,5],"tags":[],"class_list":["post-34110","post","type-post","status-publish","format-standard","category-arte-cultura-spettacoli-scienza-archivi","category-cronaca"],"yoast_head":"<!-- This site is optimized with the Yoast SEO plugin v28.4 - https:\/\/yoast.com\/product\/yoast-seo-wordpress\/ -->\n<title>Come far fuori Tib teatro: il &quot;Piano C&quot; della politica con la &quot;p&quot; minuscola, oramai in liquidazione, a fine mandato  - Bellunopress - Dolomiti<\/title>\n<meta name=\"robots\" content=\"index, follow, max-snippet:-1, max-image-preview:large, max-video-preview:-1\" \/>\n<link rel=\"canonical\" href=\"https:\/\/www.bellunopress.it\/fr\/2012\/01\/13\/come-far-fuori-tib-teatro-il-piano-c-della-politica-con-la-p-minuscola-oramai-in-liquidazione-a-fine-mandato\/\" \/>\n<meta property=\"og:locale\" content=\"fr_FR\" \/>\n<meta property=\"og:type\" content=\"article\" \/>\n<meta property=\"og:title\" content=\"Come far fuori Tib teatro: il &quot;Piano C&quot; della politica con la &quot;p&quot; minuscola, oramai in liquidazione, a fine mandato  - Bellunopress - Dolomiti\" \/>\n<meta property=\"og:description\" content=\"La politica bellunese, quella con la &#8220;p&#8221; minuscola, quella che vuole a tutti i costi dettare legge anche sulla stagione teatrale senza averne le competenze (non dimentichiamo che il Teatro Comunale di Belluno ha rischiato di rimanere chiuso il giorno della consegna del Premio San Martino, e anche la\u00a0 Stagione di prosa gi\u00e0 programmata ha [&hellip;]\" \/>\n<meta property=\"og:url\" content=\"https:\/\/www.bellunopress.it\/fr\/2012\/01\/13\/come-far-fuori-tib-teatro-il-piano-c-della-politica-con-la-p-minuscola-oramai-in-liquidazione-a-fine-mandato\/\" \/>\n<meta property=\"og:site_name\" content=\"Bellunopress - Dolomiti\" \/>\n<meta property=\"article:publisher\" content=\"https:\/\/www.facebook.com\/profile.php?id=100008943462799\" \/>\n<meta property=\"article:published_time\" content=\"2012-01-13T13:39:34+00:00\" \/>\n<meta property=\"article:modified_time\" content=\"2012-01-13T21:34:07+00:00\" \/>\n<meta property=\"og:image\" content=\"http:\/\/www.bellunopress.it\/wp-content\/uploads\/2011\/12\/teatro-comunale-notte1.jpg\" \/>\n<meta name=\"author\" content=\"redazione\" \/>\n<meta name=\"twitter:card\" content=\"summary_large_image\" \/>\n<meta name=\"twitter:creator\" content=\"@bellunopress\" \/>\n<meta name=\"twitter:site\" content=\"@bellunopress\" \/>\n<meta name=\"twitter:label1\" content=\"Written by\" \/>\n\t<meta name=\"twitter:data1\" content=\"redazione\" \/>\n\t<meta name=\"twitter:label2\" content=\"Est. reading time\" \/>\n\t<meta name=\"twitter:data2\" content=\"5 minutes\" \/>\n<script type=\"application\/ld+json\" class=\"yoast-schema-graph\">{\"@context\":\"https:\\\/\\\/schema.org\",\"@graph\":[{\"@type\":\"Article\",\"@id\":\"https:\\\/\\\/www.bellunopress.it\\\/2012\\\/01\\\/13\\\/come-far-fuori-tib-teatro-il-piano-c-della-politica-con-la-p-minuscola-oramai-in-liquidazione-a-fine-mandato\\\/#article\",\"isPartOf\":{\"@id\":\"https:\\\/\\\/www.bellunopress.it\\\/2012\\\/01\\\/13\\\/come-far-fuori-tib-teatro-il-piano-c-della-politica-con-la-p-minuscola-oramai-in-liquidazione-a-fine-mandato\\\/\"},\"author\":{\"name\":\"redazione\",\"@id\":\"https:\\\/\\\/www.bellunopress.it\\\/#\\\/schema\\\/person\\\/79bb06722b37ece1c03d3e94beb30d73\"},\"headline\":\"Come far fuori Tib teatro: il &#8220;Piano C&#8221; della politica con la &#8220;p&#8221; minuscola, oramai in liquidazione, a fine mandato\",\"datePublished\":\"2012-01-13T13:39:34+00:00\",\"dateModified\":\"2012-01-13T21:34:07+00:00\",\"mainEntityOfPage\":{\"@id\":\"https:\\\/\\\/www.bellunopress.it\\\/2012\\\/01\\\/13\\\/come-far-fuori-tib-teatro-il-piano-c-della-politica-con-la-p-minuscola-oramai-in-liquidazione-a-fine-mandato\\\/\"},\"wordCount\":1126,\"publisher\":{\"@id\":\"https:\\\/\\\/www.bellunopress.it\\\/#organization\"},\"image\":{\"@id\":\"https:\\\/\\\/www.bellunopress.it\\\/2012\\\/01\\\/13\\\/come-far-fuori-tib-teatro-il-piano-c-della-politica-con-la-p-minuscola-oramai-in-liquidazione-a-fine-mandato\\\/#primaryimage\"},\"thumbnailUrl\":\"http:\\\/\\\/www.bellunopress.it\\\/wp-content\\\/uploads\\\/2011\\\/12\\\/teatro-comunale-notte1.jpg\",\"articleSection\":[\"Arte, Cultura, Spettacoli, Scienza\",\"Cronaca\\\/Politica\"],\"inLanguage\":\"fr-FR\"},{\"@type\":\"WebPage\",\"@id\":\"https:\\\/\\\/www.bellunopress.it\\\/2012\\\/01\\\/13\\\/come-far-fuori-tib-teatro-il-piano-c-della-politica-con-la-p-minuscola-oramai-in-liquidazione-a-fine-mandato\\\/\",\"url\":\"https:\\\/\\\/www.bellunopress.it\\\/2012\\\/01\\\/13\\\/come-far-fuori-tib-teatro-il-piano-c-della-politica-con-la-p-minuscola-oramai-in-liquidazione-a-fine-mandato\\\/\",\"name\":\"Come far fuori Tib teatro: il \\\"Piano C\\\" della politica con la \\\"p\\\" minuscola, oramai in liquidazione, a fine mandato - Bellunopress - Dolomiti\",\"isPartOf\":{\"@id\":\"https:\\\/\\\/www.bellunopress.it\\\/#website\"},\"primaryImageOfPage\":{\"@id\":\"https:\\\/\\\/www.bellunopress.it\\\/2012\\\/01\\\/13\\\/come-far-fuori-tib-teatro-il-piano-c-della-politica-con-la-p-minuscola-oramai-in-liquidazione-a-fine-mandato\\\/#primaryimage\"},\"image\":{\"@id\":\"https:\\\/\\\/www.bellunopress.it\\\/2012\\\/01\\\/13\\\/come-far-fuori-tib-teatro-il-piano-c-della-politica-con-la-p-minuscola-oramai-in-liquidazione-a-fine-mandato\\\/#primaryimage\"},\"thumbnailUrl\":\"http:\\\/\\\/www.bellunopress.it\\\/wp-content\\\/uploads\\\/2011\\\/12\\\/teatro-comunale-notte1.jpg\",\"datePublished\":\"2012-01-13T13:39:34+00:00\",\"dateModified\":\"2012-01-13T21:34:07+00:00\",\"breadcrumb\":{\"@id\":\"https:\\\/\\\/www.bellunopress.it\\\/2012\\\/01\\\/13\\\/come-far-fuori-tib-teatro-il-piano-c-della-politica-con-la-p-minuscola-oramai-in-liquidazione-a-fine-mandato\\\/#breadcrumb\"},\"inLanguage\":\"fr-FR\",\"potentialAction\":[{\"@type\":\"ReadAction\",\"target\":[\"https:\\\/\\\/www.bellunopress.it\\\/2012\\\/01\\\/13\\\/come-far-fuori-tib-teatro-il-piano-c-della-politica-con-la-p-minuscola-oramai-in-liquidazione-a-fine-mandato\\\/\"]}]},{\"@type\":\"ImageObject\",\"inLanguage\":\"fr-FR\",\"@id\":\"https:\\\/\\\/www.bellunopress.it\\\/2012\\\/01\\\/13\\\/come-far-fuori-tib-teatro-il-piano-c-della-politica-con-la-p-minuscola-oramai-in-liquidazione-a-fine-mandato\\\/#primaryimage\",\"url\":\"http:\\\/\\\/www.bellunopress.it\\\/wp-content\\\/uploads\\\/2011\\\/12\\\/teatro-comunale-notte1.jpg\",\"contentUrl\":\"http:\\\/\\\/www.bellunopress.it\\\/wp-content\\\/uploads\\\/2011\\\/12\\\/teatro-comunale-notte1.jpg\"},{\"@type\":\"BreadcrumbList\",\"@id\":\"https:\\\/\\\/www.bellunopress.it\\\/2012\\\/01\\\/13\\\/come-far-fuori-tib-teatro-il-piano-c-della-politica-con-la-p-minuscola-oramai-in-liquidazione-a-fine-mandato\\\/#breadcrumb\",\"itemListElement\":[{\"@type\":\"ListItem\",\"position\":1,\"name\":\"Home\",\"item\":\"https:\\\/\\\/www.bellunopress.it\\\/\"},{\"@type\":\"ListItem\",\"position\":2,\"name\":\"Come far fuori Tib teatro: il &#8220;Piano C&#8221; della politica con la &#8220;p&#8221; minuscola, oramai in liquidazione, a fine mandato\"}]},{\"@type\":\"WebSite\",\"@id\":\"https:\\\/\\\/www.bellunopress.it\\\/#website\",\"url\":\"https:\\\/\\\/www.bellunopress.it\\\/\",\"name\":\"Bellunopress - Dolomiti\",\"description\":\"e-mail: redazione@bellunopress.it\",\"publisher\":{\"@id\":\"https:\\\/\\\/www.bellunopress.it\\\/#organization\"},\"potentialAction\":[{\"@type\":\"SearchAction\",\"target\":{\"@type\":\"EntryPoint\",\"urlTemplate\":\"https:\\\/\\\/www.bellunopress.it\\\/?s={search_term_string}\"},\"query-input\":{\"@type\":\"PropertyValueSpecification\",\"valueRequired\":true,\"valueName\":\"search_term_string\"}}],\"inLanguage\":\"fr-FR\"},{\"@type\":\"Organization\",\"@id\":\"https:\\\/\\\/www.bellunopress.it\\\/#organization\",\"name\":\"Bellunopress\",\"url\":\"https:\\\/\\\/www.bellunopress.it\\\/\",\"logo\":{\"@type\":\"ImageObject\",\"inLanguage\":\"fr-FR\",\"@id\":\"https:\\\/\\\/www.bellunopress.it\\\/#\\\/schema\\\/logo\\\/image\\\/\",\"url\":\"https:\\\/\\\/www.bellunopress.it\\\/wp-content\\\/uploads\\\/2011\\\/05\\\/cropped-logo-bellunopress-.jpg\",\"contentUrl\":\"https:\\\/\\\/www.bellunopress.it\\\/wp-content\\\/uploads\\\/2011\\\/05\\\/cropped-logo-bellunopress-.jpg\",\"width\":512,\"height\":512,\"caption\":\"Bellunopress\"},\"image\":{\"@id\":\"https:\\\/\\\/www.bellunopress.it\\\/#\\\/schema\\\/logo\\\/image\\\/\"},\"sameAs\":[\"https:\\\/\\\/www.facebook.com\\\/profile.php?id=100008943462799\",\"https:\\\/\\\/x.com\\\/bellunopress\",\"https:\\\/\\\/www.linkedin.com\\\/hp\\\/?dnr=JBzUWaJfMUw8vbXJJ2tVW5-I3jZKvC4wsoxE&amp;amp;amp;amp;amp;amp;trk=nav_responsive_tab_home\",\"https:\\\/\\\/www.youtube.com\\\/channel\\\/UCxL0wu1uN0_3_7hGG0306cw\"]},{\"@type\":\"Person\",\"@id\":\"https:\\\/\\\/www.bellunopress.it\\\/#\\\/schema\\\/person\\\/79bb06722b37ece1c03d3e94beb30d73\",\"name\":\"redazione\",\"image\":{\"@type\":\"ImageObject\",\"inLanguage\":\"fr-FR\",\"@id\":\"https:\\\/\\\/secure.gravatar.com\\\/avatar\\\/37d968a2e67a6fd04c169c4bdef102d0bc5d31b2546345219e348575eb80e9a0?s=96&d=mm&r=g\",\"url\":\"https:\\\/\\\/secure.gravatar.com\\\/avatar\\\/37d968a2e67a6fd04c169c4bdef102d0bc5d31b2546345219e348575eb80e9a0?s=96&d=mm&r=g\",\"contentUrl\":\"https:\\\/\\\/secure.gravatar.com\\\/avatar\\\/37d968a2e67a6fd04c169c4bdef102d0bc5d31b2546345219e348575eb80e9a0?s=96&d=mm&r=g\",\"caption\":\"redazione\"},\"sameAs\":[\"http:\\\/\\\/www.bellunopress.it\",\"https:\\\/\\\/x.com\\\/bellunopress\"],\"url\":\"https:\\\/\\\/www.bellunopress.it\\\/fr\\\/author\\\/redazione\\\/\"}]}<\/script>\n<!-- \/ Yoast SEO plugin. -->","yoast_head_json":{"title":"Come far fuori Tib teatro: il \"Piano C\" della politica con la \"p\" minuscola, oramai in liquidazione, a fine mandato  - Bellunopress - Dolomiti","robots":{"index":"index","follow":"follow","max-snippet":"max-snippet:-1","max-image-preview":"max-image-preview:large","max-video-preview":"max-video-preview:-1"},"canonical":"https:\/\/www.bellunopress.it\/fr\/2012\/01\/13\/come-far-fuori-tib-teatro-il-piano-c-della-politica-con-la-p-minuscola-oramai-in-liquidazione-a-fine-mandato\/","og_locale":"fr_FR","og_type":"article","og_title":"Come far fuori Tib teatro: il \"Piano C\" della politica con la \"p\" minuscola, oramai in liquidazione, a fine mandato  - Bellunopress - Dolomiti","og_description":"La politica bellunese, quella con la &#8220;p&#8221; minuscola, quella che vuole a tutti i costi dettare legge anche sulla stagione teatrale senza averne le competenze (non dimentichiamo che il Teatro Comunale di Belluno ha rischiato di rimanere chiuso il giorno della consegna del Premio San Martino, e anche la\u00a0 Stagione di prosa gi\u00e0 programmata ha [&hellip;]","og_url":"https:\/\/www.bellunopress.it\/fr\/2012\/01\/13\/come-far-fuori-tib-teatro-il-piano-c-della-politica-con-la-p-minuscola-oramai-in-liquidazione-a-fine-mandato\/","og_site_name":"Bellunopress - Dolomiti","article_publisher":"https:\/\/www.facebook.com\/profile.php?id=100008943462799","article_published_time":"2012-01-13T13:39:34+00:00","article_modified_time":"2012-01-13T21:34:07+00:00","og_image":[{"url":"http:\/\/www.bellunopress.it\/wp-content\/uploads\/2011\/12\/teatro-comunale-notte1.jpg","type":"","width":"","height":""}],"author":"redazione","twitter_card":"summary_large_image","twitter_creator":"@bellunopress","twitter_site":"@bellunopress","twitter_misc":{"Written by":"redazione","Est. reading time":"5 minutes"},"schema":{"@context":"https:\/\/schema.org","@graph":[{"@type":"Article","@id":"https:\/\/www.bellunopress.it\/2012\/01\/13\/come-far-fuori-tib-teatro-il-piano-c-della-politica-con-la-p-minuscola-oramai-in-liquidazione-a-fine-mandato\/#article","isPartOf":{"@id":"https:\/\/www.bellunopress.it\/2012\/01\/13\/come-far-fuori-tib-teatro-il-piano-c-della-politica-con-la-p-minuscola-oramai-in-liquidazione-a-fine-mandato\/"},"author":{"name":"redazione","@id":"https:\/\/www.bellunopress.it\/#\/schema\/person\/79bb06722b37ece1c03d3e94beb30d73"},"headline":"Come far fuori Tib teatro: il &#8220;Piano C&#8221; della politica con la &#8220;p&#8221; minuscola, oramai in liquidazione, a fine mandato","datePublished":"2012-01-13T13:39:34+00:00","dateModified":"2012-01-13T21:34:07+00:00","mainEntityOfPage":{"@id":"https:\/\/www.bellunopress.it\/2012\/01\/13\/come-far-fuori-tib-teatro-il-piano-c-della-politica-con-la-p-minuscola-oramai-in-liquidazione-a-fine-mandato\/"},"wordCount":1126,"publisher":{"@id":"https:\/\/www.bellunopress.it\/#organization"},"image":{"@id":"https:\/\/www.bellunopress.it\/2012\/01\/13\/come-far-fuori-tib-teatro-il-piano-c-della-politica-con-la-p-minuscola-oramai-in-liquidazione-a-fine-mandato\/#primaryimage"},"thumbnailUrl":"http:\/\/www.bellunopress.it\/wp-content\/uploads\/2011\/12\/teatro-comunale-notte1.jpg","articleSection":["Arte, Cultura, Spettacoli, Scienza","Cronaca\/Politica"],"inLanguage":"fr-FR"},{"@type":"WebPage","@id":"https:\/\/www.bellunopress.it\/2012\/01\/13\/come-far-fuori-tib-teatro-il-piano-c-della-politica-con-la-p-minuscola-oramai-in-liquidazione-a-fine-mandato\/","url":"https:\/\/www.bellunopress.it\/2012\/01\/13\/come-far-fuori-tib-teatro-il-piano-c-della-politica-con-la-p-minuscola-oramai-in-liquidazione-a-fine-mandato\/","name":"Come far fuori Tib teatro: il \"Piano C\" della politica con la \"p\" minuscola, oramai in liquidazione, a fine mandato - Bellunopress - Dolomiti","isPartOf":{"@id":"https:\/\/www.bellunopress.it\/#website"},"primaryImageOfPage":{"@id":"https:\/\/www.bellunopress.it\/2012\/01\/13\/come-far-fuori-tib-teatro-il-piano-c-della-politica-con-la-p-minuscola-oramai-in-liquidazione-a-fine-mandato\/#primaryimage"},"image":{"@id":"https:\/\/www.bellunopress.it\/2012\/01\/13\/come-far-fuori-tib-teatro-il-piano-c-della-politica-con-la-p-minuscola-oramai-in-liquidazione-a-fine-mandato\/#primaryimage"},"thumbnailUrl":"http:\/\/www.bellunopress.it\/wp-content\/uploads\/2011\/12\/teatro-comunale-notte1.jpg","datePublished":"2012-01-13T13:39:34+00:00","dateModified":"2012-01-13T21:34:07+00:00","breadcrumb":{"@id":"https:\/\/www.bellunopress.it\/2012\/01\/13\/come-far-fuori-tib-teatro-il-piano-c-della-politica-con-la-p-minuscola-oramai-in-liquidazione-a-fine-mandato\/#breadcrumb"},"inLanguage":"fr-FR","potentialAction":[{"@type":"ReadAction","target":["https:\/\/www.bellunopress.it\/2012\/01\/13\/come-far-fuori-tib-teatro-il-piano-c-della-politica-con-la-p-minuscola-oramai-in-liquidazione-a-fine-mandato\/"]}]},{"@type":"ImageObject","inLanguage":"fr-FR","@id":"https:\/\/www.bellunopress.it\/2012\/01\/13\/come-far-fuori-tib-teatro-il-piano-c-della-politica-con-la-p-minuscola-oramai-in-liquidazione-a-fine-mandato\/#primaryimage","url":"http:\/\/www.bellunopress.it\/wp-content\/uploads\/2011\/12\/teatro-comunale-notte1.jpg","contentUrl":"http:\/\/www.bellunopress.it\/wp-content\/uploads\/2011\/12\/teatro-comunale-notte1.jpg"},{"@type":"BreadcrumbList","@id":"https:\/\/www.bellunopress.it\/2012\/01\/13\/come-far-fuori-tib-teatro-il-piano-c-della-politica-con-la-p-minuscola-oramai-in-liquidazione-a-fine-mandato\/#breadcrumb","itemListElement":[{"@type":"ListItem","position":1,"name":"Home","item":"https:\/\/www.bellunopress.it\/"},{"@type":"ListItem","position":2,"name":"Come far fuori Tib teatro: il &#8220;Piano C&#8221; della politica con la &#8220;p&#8221; minuscola, oramai in liquidazione, a fine mandato"}]},{"@type":"WebSite","@id":"https:\/\/www.bellunopress.it\/#website","url":"https:\/\/www.bellunopress.it\/","name":"Bellunopress - Dolomiti","description":"e-mail: redazione@bellunopress.it","publisher":{"@id":"https:\/\/www.bellunopress.it\/#organization"},"potentialAction":[{"@type":"SearchAction","target":{"@type":"EntryPoint","urlTemplate":"https:\/\/www.bellunopress.it\/?s={search_term_string}"},"query-input":{"@type":"PropertyValueSpecification","valueRequired":true,"valueName":"search_term_string"}}],"inLanguage":"fr-FR"},{"@type":"Organization","@id":"https:\/\/www.bellunopress.it\/#organization","name":"Bellunopress","url":"https:\/\/www.bellunopress.it\/","logo":{"@type":"ImageObject","inLanguage":"fr-FR","@id":"https:\/\/www.bellunopress.it\/#\/schema\/logo\/image\/","url":"https:\/\/www.bellunopress.it\/wp-content\/uploads\/2011\/05\/cropped-logo-bellunopress-.jpg","contentUrl":"https:\/\/www.bellunopress.it\/wp-content\/uploads\/2011\/05\/cropped-logo-bellunopress-.jpg","width":512,"height":512,"caption":"Bellunopress"},"image":{"@id":"https:\/\/www.bellunopress.it\/#\/schema\/logo\/image\/"},"sameAs":["https:\/\/www.facebook.com\/profile.php?id=100008943462799","https:\/\/x.com\/bellunopress","https:\/\/www.linkedin.com\/hp\/?dnr=JBzUWaJfMUw8vbXJJ2tVW5-I3jZKvC4wsoxE&amp;amp;amp;amp;amp;amp;trk=nav_responsive_tab_home","https:\/\/www.youtube.com\/channel\/UCxL0wu1uN0_3_7hGG0306cw"]},{"@type":"Person","@id":"https:\/\/www.bellunopress.it\/#\/schema\/person\/79bb06722b37ece1c03d3e94beb30d73","name":"r\u00e9daction","image":{"@type":"ImageObject","inLanguage":"fr-FR","@id":"https:\/\/secure.gravatar.com\/avatar\/37d968a2e67a6fd04c169c4bdef102d0bc5d31b2546345219e348575eb80e9a0?s=96&d=mm&r=g","url":"https:\/\/secure.gravatar.com\/avatar\/37d968a2e67a6fd04c169c4bdef102d0bc5d31b2546345219e348575eb80e9a0?s=96&d=mm&r=g","contentUrl":"https:\/\/secure.gravatar.com\/avatar\/37d968a2e67a6fd04c169c4bdef102d0bc5d31b2546345219e348575eb80e9a0?s=96&d=mm&r=g","caption":"redazione"},"sameAs":["http:\/\/www.bellunopress.it","https:\/\/x.com\/bellunopress"],"url":"https:\/\/www.bellunopress.it\/fr\/author\/redazione\/"}]}},"_links":{"self":[{"href":"https:\/\/www.bellunopress.it\/fr\/wp-json\/wp\/v2\/posts\/34110","targetHints":{"allow":["GET"]}}],"collection":[{"href":"https:\/\/www.bellunopress.it\/fr\/wp-json\/wp\/v2\/posts"}],"about":[{"href":"https:\/\/www.bellunopress.it\/fr\/wp-json\/wp\/v2\/types\/post"}],"author":[{"embeddable":true,"href":"https:\/\/www.bellunopress.it\/fr\/wp-json\/wp\/v2\/users\/2"}],"replies":[{"embeddable":true,"href":"https:\/\/www.bellunopress.it\/fr\/wp-json\/wp\/v2\/comments?post=34110"}],"version-history":[{"count":3,"href":"https:\/\/www.bellunopress.it\/fr\/wp-json\/wp\/v2\/posts\/34110\/revisions"}],"predecessor-version":[{"id":34113,"href":"https:\/\/www.bellunopress.it\/fr\/wp-json\/wp\/v2\/posts\/34110\/revisions\/34113"}],"wp:attachment":[{"href":"https:\/\/www.bellunopress.it\/fr\/wp-json\/wp\/v2\/media?parent=34110"}],"wp:term":[{"taxonomy":"category","embeddable":true,"href":"https:\/\/www.bellunopress.it\/fr\/wp-json\/wp\/v2\/categories?post=34110"},{"taxonomy":"post_tag","embeddable":true,"href":"https:\/\/www.bellunopress.it\/fr\/wp-json\/wp\/v2\/tags?post=34110"}],"curies":[{"name":"wp","href":"https:\/\/api.w.org\/{rel}","templated":true}]}}