{"id":34108,"date":"2012-01-12T21:14:26","date_gmt":"2012-01-12T20:14:26","guid":{"rendered":"http:\/\/www.bellunopress.it\/?p=34108"},"modified":"2012-01-12T21:14:26","modified_gmt":"2012-01-12T20:14:26","slug":"presentato-il-calendario-della-polizia-e-i-tre-nuovi-comissari","status":"publish","type":"post","link":"https:\/\/www.bellunopress.it\/fr\/2012\/01\/12\/presentato-il-calendario-della-polizia-e-i-tre-nuovi-comissari\/","title":{"rendered":"Presentato il calendario della Polizia. E i tre nuovi comissari"},"content":{"rendered":"<div class=\"mceTemp\">\n<dl id=\"attachment_31274\" class=\"wp-caption alignleft\" style=\"width: 249px;\">\n<dt class=\"wp-caption-dt\"><a href=\"http:\/\/www.bellunopress.it\/wp-content\/uploads\/2011\/10\/ingrassia-280x240.jpg\"><img loading=\"lazy\" decoding=\"async\" class=\"size-full wp-image-31274\" title=\"ingrassia 280x240\" src=\"http:\/\/www.bellunopress.it\/wp-content\/uploads\/2011\/10\/ingrassia-280x240.jpg\" alt=\"\" width=\"239\" height=\"280\" \/><\/a><\/dt>\n<dd class=\"wp-caption-dd\">Attilio Ingrassia, questore di Belluno<\/dd>\n<\/dl>\n<p>Questa mattina si \u00e8 svolta, presso la sala \u201cDel Fabbro\u201d del Comitato d\u2019Intesa ospiti della sezione Unicef di Belluno, una conferenza stampa tenuta dal Questore Attilio Ingrassia per la presentazione del calendario della Polizia di Stato 2012 che quest\u2019anno ha come titolo \u201cC\u2019\u00e8 pi\u00f9 sicurezza insieme\u201d. La pubblicazione del calendario, come ha sottolineato il Questore, non \u00e8 un\u2019autocelebrazione ma l\u2019occasione per trasmettere i valori della prossimit\u00e0 e della beneficenza. Anche quest\u2019anno, infatti, il ricavato delle vendita servir\u00e0 a finanziare un progetto dell\u2019Unicef, in particolare nel Camerun, finalizzato a combattere la malnutrizione infantile. Il presidente della Sezione Provinciale dell\u2019Unicef Giuliano Bond, anch\u2019egli presente alla conferenza, ha affermato che la collaborazione con l\u2019Istituzione della Polizia di Stato permette di raccogliere ogni anno somme importanti devolute ad attivit\u00e0 benefiche. Chiunque volesse acquistare il calendario 2012 pu\u00f2 effettuare un versamento sul conto corrente postale nr. 745000, intestato a &#8220;Unicef Comitato Italiano&#8221;; la causale da indicare \u00e8: &#8220;Calendario della Polizia di Stato 2012 per il progetto Unicef in Camerun&#8221; mentre il costo \u00e8 di 8 euro per il calendario da parete e 6 euro per quello da tavolo. Quindi la ricevuta dovr\u00e0 essere consegnata all\u2019Ufficio Relazioni con il Pubblico della Questura, che provveder\u00e0 alla distribuzione delle copie richieste.<\/p><\/div>\n<p>Nel corso della citata conferenza sono stati presentati due nuovi Funzionari assegnati alla locale Questura. In particolare si tratta dei Commissari Capo Mirko Denza e Dario Porrovecchio, il primo originario di Salerno mentre il secondo di Palermo. Altro cambio della guardia alla Sezione della Polizia Stradale bellunese a cui \u00e8 stato preposto il Commissario Capo Giovanni Modica, gi\u00e0 dirigente dell\u2019Ufficio prevenzione generale e Soccorso pubblico della Questura, che ha sostituito il comissario capo Stefano Caleffi trasferito alla Stradale di Massa Carrara.<\/p>\n<p>&nbsp;<\/p>","protected":false},"excerpt":{"rendered":"<p>Attilio Ingrassia, questore di Belluno Questa mattina si \u00e8 svolta, presso la sala \u201cDel Fabbro\u201d del Comitato d\u2019Intesa ospiti della sezione Unicef di Belluno, una conferenza stampa tenuta dal Questore Attilio Ingrassia per la presentazione del calendario della Polizia di Stato 2012 che quest\u2019anno ha come titolo \u201cC\u2019\u00e8 pi\u00f9 sicurezza insieme\u201d. La pubblicazione del calendario, [&hellip;]<\/p>\n","protected":false},"author":2,"featured_media":0,"comment_status":"closed","ping_status":"open","sticky":false,"template":"","format":"standard","meta":{"footnotes":""},"categories":[5,26],"tags":[],"class_list":["post-34108","post","type-post","status-publish","format-standard","category-cronaca","category-prima-pagina"],"yoast_head":"<!-- This site is optimized with the Yoast SEO plugin v28.4 - https:\/\/yoast.com\/product\/yoast-seo-wordpress\/ -->\n<title>Presentato il calendario della Polizia. E i tre nuovi comissari - Bellunopress - Dolomiti<\/title>\n<meta name=\"robots\" content=\"index, follow, max-snippet:-1, max-image-preview:large, max-video-preview:-1\" \/>\n<link rel=\"canonical\" href=\"https:\/\/www.bellunopress.it\/fr\/2012\/01\/12\/presentato-il-calendario-della-polizia-e-i-tre-nuovi-comissari\/\" \/>\n<meta property=\"og:locale\" content=\"fr_FR\" \/>\n<meta property=\"og:type\" content=\"article\" \/>\n<meta property=\"og:title\" content=\"Presentato il calendario della Polizia. E i tre nuovi comissari - Bellunopress - Dolomiti\" \/>\n<meta property=\"og:description\" content=\"Attilio Ingrassia, questore di Belluno Questa mattina si \u00e8 svolta, presso la sala \u201cDel Fabbro\u201d del Comitato d\u2019Intesa ospiti della sezione Unicef di Belluno, una conferenza stampa tenuta dal Questore Attilio Ingrassia per la presentazione del calendario della Polizia di Stato 2012 che quest\u2019anno ha come titolo \u201cC\u2019\u00e8 pi\u00f9 sicurezza insieme\u201d. La pubblicazione del calendario, [&hellip;]\" \/>\n<meta property=\"og:url\" content=\"https:\/\/www.bellunopress.it\/fr\/2012\/01\/12\/presentato-il-calendario-della-polizia-e-i-tre-nuovi-comissari\/\" \/>\n<meta property=\"og:site_name\" content=\"Bellunopress - Dolomiti\" \/>\n<meta property=\"article:publisher\" content=\"https:\/\/www.facebook.com\/profile.php?id=100008943462799\" \/>\n<meta property=\"article:published_time\" content=\"2012-01-12T20:14:26+00:00\" \/>\n<meta property=\"og:image\" content=\"http:\/\/www.bellunopress.it\/wp-content\/uploads\/2011\/10\/ingrassia-280x240.jpg\" \/>\n<meta name=\"author\" content=\"redazione\" \/>\n<meta name=\"twitter:card\" content=\"summary_large_image\" \/>\n<meta name=\"twitter:creator\" content=\"@bellunopress\" \/>\n<meta name=\"twitter:site\" content=\"@bellunopress\" \/>\n<meta name=\"twitter:label1\" content=\"\u00c9crit par\" \/>\n\t<meta name=\"twitter:data1\" content=\"redazione\" \/>\n\t<meta name=\"twitter:label2\" content=\"Dur\u00e9e de lecture estim\u00e9e\" \/>\n\t<meta name=\"twitter:data2\" content=\"1 minute\" \/>\n<script type=\"application\/ld+json\" class=\"yoast-schema-graph\">{\"@context\":\"https:\\\/\\\/schema.org\",\"@graph\":[{\"@type\":\"Article\",\"@id\":\"https:\\\/\\\/www.bellunopress.it\\\/2012\\\/01\\\/12\\\/presentato-il-calendario-della-polizia-e-i-tre-nuovi-comissari\\\/#article\",\"isPartOf\":{\"@id\":\"https:\\\/\\\/www.bellunopress.it\\\/2012\\\/01\\\/12\\\/presentato-il-calendario-della-polizia-e-i-tre-nuovi-comissari\\\/\"},\"author\":{\"name\":\"redazione\",\"@id\":\"https:\\\/\\\/www.bellunopress.it\\\/#\\\/schema\\\/person\\\/79bb06722b37ece1c03d3e94beb30d73\"},\"headline\":\"Presentato il calendario della Polizia. E i tre nuovi comissari\",\"datePublished\":\"2012-01-12T20:14:26+00:00\",\"mainEntityOfPage\":{\"@id\":\"https:\\\/\\\/www.bellunopress.it\\\/2012\\\/01\\\/12\\\/presentato-il-calendario-della-polizia-e-i-tre-nuovi-comissari\\\/\"},\"wordCount\":300,\"publisher\":{\"@id\":\"https:\\\/\\\/www.bellunopress.it\\\/#organization\"},\"image\":{\"@id\":\"https:\\\/\\\/www.bellunopress.it\\\/2012\\\/01\\\/12\\\/presentato-il-calendario-della-polizia-e-i-tre-nuovi-comissari\\\/#primaryimage\"},\"thumbnailUrl\":\"http:\\\/\\\/www.bellunopress.it\\\/wp-content\\\/uploads\\\/2011\\\/10\\\/ingrassia-280x240.jpg\",\"articleSection\":[\"Cronaca\\\/Politica\",\"Prima Pagina\"],\"inLanguage\":\"fr-FR\"},{\"@type\":\"WebPage\",\"@id\":\"https:\\\/\\\/www.bellunopress.it\\\/2012\\\/01\\\/12\\\/presentato-il-calendario-della-polizia-e-i-tre-nuovi-comissari\\\/\",\"url\":\"https:\\\/\\\/www.bellunopress.it\\\/2012\\\/01\\\/12\\\/presentato-il-calendario-della-polizia-e-i-tre-nuovi-comissari\\\/\",\"name\":\"Presentato il calendario della Polizia. E i tre nuovi comissari - Bellunopress - Dolomiti\",\"isPartOf\":{\"@id\":\"https:\\\/\\\/www.bellunopress.it\\\/#website\"},\"primaryImageOfPage\":{\"@id\":\"https:\\\/\\\/www.bellunopress.it\\\/2012\\\/01\\\/12\\\/presentato-il-calendario-della-polizia-e-i-tre-nuovi-comissari\\\/#primaryimage\"},\"image\":{\"@id\":\"https:\\\/\\\/www.bellunopress.it\\\/2012\\\/01\\\/12\\\/presentato-il-calendario-della-polizia-e-i-tre-nuovi-comissari\\\/#primaryimage\"},\"thumbnailUrl\":\"http:\\\/\\\/www.bellunopress.it\\\/wp-content\\\/uploads\\\/2011\\\/10\\\/ingrassia-280x240.jpg\",\"datePublished\":\"2012-01-12T20:14:26+00:00\",\"breadcrumb\":{\"@id\":\"https:\\\/\\\/www.bellunopress.it\\\/2012\\\/01\\\/12\\\/presentato-il-calendario-della-polizia-e-i-tre-nuovi-comissari\\\/#breadcrumb\"},\"inLanguage\":\"fr-FR\",\"potentialAction\":[{\"@type\":\"ReadAction\",\"target\":[\"https:\\\/\\\/www.bellunopress.it\\\/2012\\\/01\\\/12\\\/presentato-il-calendario-della-polizia-e-i-tre-nuovi-comissari\\\/\"]}]},{\"@type\":\"ImageObject\",\"inLanguage\":\"fr-FR\",\"@id\":\"https:\\\/\\\/www.bellunopress.it\\\/2012\\\/01\\\/12\\\/presentato-il-calendario-della-polizia-e-i-tre-nuovi-comissari\\\/#primaryimage\",\"url\":\"http:\\\/\\\/www.bellunopress.it\\\/wp-content\\\/uploads\\\/2011\\\/10\\\/ingrassia-280x240.jpg\",\"contentUrl\":\"http:\\\/\\\/www.bellunopress.it\\\/wp-content\\\/uploads\\\/2011\\\/10\\\/ingrassia-280x240.jpg\"},{\"@type\":\"BreadcrumbList\",\"@id\":\"https:\\\/\\\/www.bellunopress.it\\\/2012\\\/01\\\/12\\\/presentato-il-calendario-della-polizia-e-i-tre-nuovi-comissari\\\/#breadcrumb\",\"itemListElement\":[{\"@type\":\"ListItem\",\"position\":1,\"name\":\"Home\",\"item\":\"https:\\\/\\\/www.bellunopress.it\\\/\"},{\"@type\":\"ListItem\",\"position\":2,\"name\":\"Presentato il calendario della Polizia. E i tre nuovi comissari\"}]},{\"@type\":\"WebSite\",\"@id\":\"https:\\\/\\\/www.bellunopress.it\\\/#website\",\"url\":\"https:\\\/\\\/www.bellunopress.it\\\/\",\"name\":\"Bellunopress - Dolomiti\",\"description\":\"e-mail: redazione@bellunopress.it\",\"publisher\":{\"@id\":\"https:\\\/\\\/www.bellunopress.it\\\/#organization\"},\"potentialAction\":[{\"@type\":\"SearchAction\",\"target\":{\"@type\":\"EntryPoint\",\"urlTemplate\":\"https:\\\/\\\/www.bellunopress.it\\\/?s={search_term_string}\"},\"query-input\":{\"@type\":\"PropertyValueSpecification\",\"valueRequired\":true,\"valueName\":\"search_term_string\"}}],\"inLanguage\":\"fr-FR\"},{\"@type\":\"Organization\",\"@id\":\"https:\\\/\\\/www.bellunopress.it\\\/#organization\",\"name\":\"Bellunopress\",\"url\":\"https:\\\/\\\/www.bellunopress.it\\\/\",\"logo\":{\"@type\":\"ImageObject\",\"inLanguage\":\"fr-FR\",\"@id\":\"https:\\\/\\\/www.bellunopress.it\\\/#\\\/schema\\\/logo\\\/image\\\/\",\"url\":\"https:\\\/\\\/www.bellunopress.it\\\/wp-content\\\/uploads\\\/2011\\\/05\\\/cropped-logo-bellunopress-.jpg\",\"contentUrl\":\"https:\\\/\\\/www.bellunopress.it\\\/wp-content\\\/uploads\\\/2011\\\/05\\\/cropped-logo-bellunopress-.jpg\",\"width\":512,\"height\":512,\"caption\":\"Bellunopress\"},\"image\":{\"@id\":\"https:\\\/\\\/www.bellunopress.it\\\/#\\\/schema\\\/logo\\\/image\\\/\"},\"sameAs\":[\"https:\\\/\\\/www.facebook.com\\\/profile.php?id=100008943462799\",\"https:\\\/\\\/x.com\\\/bellunopress\",\"https:\\\/\\\/www.linkedin.com\\\/hp\\\/?dnr=JBzUWaJfMUw8vbXJJ2tVW5-I3jZKvC4wsoxE&amp;amp;amp;amp;amp;amp;trk=nav_responsive_tab_home\",\"https:\\\/\\\/www.youtube.com\\\/channel\\\/UCxL0wu1uN0_3_7hGG0306cw\"]},{\"@type\":\"Person\",\"@id\":\"https:\\\/\\\/www.bellunopress.it\\\/#\\\/schema\\\/person\\\/79bb06722b37ece1c03d3e94beb30d73\",\"name\":\"redazione\",\"image\":{\"@type\":\"ImageObject\",\"inLanguage\":\"fr-FR\",\"@id\":\"https:\\\/\\\/secure.gravatar.com\\\/avatar\\\/37d968a2e67a6fd04c169c4bdef102d0bc5d31b2546345219e348575eb80e9a0?s=96&d=mm&r=g\",\"url\":\"https:\\\/\\\/secure.gravatar.com\\\/avatar\\\/37d968a2e67a6fd04c169c4bdef102d0bc5d31b2546345219e348575eb80e9a0?s=96&d=mm&r=g\",\"contentUrl\":\"https:\\\/\\\/secure.gravatar.com\\\/avatar\\\/37d968a2e67a6fd04c169c4bdef102d0bc5d31b2546345219e348575eb80e9a0?s=96&d=mm&r=g\",\"caption\":\"redazione\"},\"sameAs\":[\"http:\\\/\\\/www.bellunopress.it\",\"https:\\\/\\\/x.com\\\/bellunopress\"],\"url\":\"https:\\\/\\\/www.bellunopress.it\\\/fr\\\/author\\\/redazione\\\/\"}]}<\/script>\n<!-- \/ Yoast SEO plugin. -->","yoast_head_json":{"title":"Presentato il calendario della Polizia. E i tre nuovi comissari - Bellunopress - Dolomiti","robots":{"index":"index","follow":"follow","max-snippet":"max-snippet:-1","max-image-preview":"max-image-preview:large","max-video-preview":"max-video-preview:-1"},"canonical":"https:\/\/www.bellunopress.it\/fr\/2012\/01\/12\/presentato-il-calendario-della-polizia-e-i-tre-nuovi-comissari\/","og_locale":"fr_FR","og_type":"article","og_title":"Presentato il calendario della Polizia. E i tre nuovi comissari - Bellunopress - Dolomiti","og_description":"Attilio Ingrassia, questore di Belluno Questa mattina si \u00e8 svolta, presso la sala \u201cDel Fabbro\u201d del Comitato d\u2019Intesa ospiti della sezione Unicef di Belluno, una conferenza stampa tenuta dal Questore Attilio Ingrassia per la presentazione del calendario della Polizia di Stato 2012 che quest\u2019anno ha come titolo \u201cC\u2019\u00e8 pi\u00f9 sicurezza insieme\u201d. La pubblicazione del calendario, [&hellip;]","og_url":"https:\/\/www.bellunopress.it\/fr\/2012\/01\/12\/presentato-il-calendario-della-polizia-e-i-tre-nuovi-comissari\/","og_site_name":"Bellunopress - Dolomiti","article_publisher":"https:\/\/www.facebook.com\/profile.php?id=100008943462799","article_published_time":"2012-01-12T20:14:26+00:00","og_image":[{"url":"http:\/\/www.bellunopress.it\/wp-content\/uploads\/2011\/10\/ingrassia-280x240.jpg","type":"","width":"","height":""}],"author":"redazione","twitter_card":"summary_large_image","twitter_creator":"@bellunopress","twitter_site":"@bellunopress","twitter_misc":{"\u00c9crit par":"redazione","Dur\u00e9e de lecture estim\u00e9e":"1 minute"},"schema":{"@context":"https:\/\/schema.org","@graph":[{"@type":"Article","@id":"https:\/\/www.bellunopress.it\/2012\/01\/12\/presentato-il-calendario-della-polizia-e-i-tre-nuovi-comissari\/#article","isPartOf":{"@id":"https:\/\/www.bellunopress.it\/2012\/01\/12\/presentato-il-calendario-della-polizia-e-i-tre-nuovi-comissari\/"},"author":{"name":"redazione","@id":"https:\/\/www.bellunopress.it\/#\/schema\/person\/79bb06722b37ece1c03d3e94beb30d73"},"headline":"Presentato il calendario della Polizia. E i tre nuovi comissari","datePublished":"2012-01-12T20:14:26+00:00","mainEntityOfPage":{"@id":"https:\/\/www.bellunopress.it\/2012\/01\/12\/presentato-il-calendario-della-polizia-e-i-tre-nuovi-comissari\/"},"wordCount":300,"publisher":{"@id":"https:\/\/www.bellunopress.it\/#organization"},"image":{"@id":"https:\/\/www.bellunopress.it\/2012\/01\/12\/presentato-il-calendario-della-polizia-e-i-tre-nuovi-comissari\/#primaryimage"},"thumbnailUrl":"http:\/\/www.bellunopress.it\/wp-content\/uploads\/2011\/10\/ingrassia-280x240.jpg","articleSection":["Cronaca\/Politica","Prima Pagina"],"inLanguage":"fr-FR"},{"@type":"WebPage","@id":"https:\/\/www.bellunopress.it\/2012\/01\/12\/presentato-il-calendario-della-polizia-e-i-tre-nuovi-comissari\/","url":"https:\/\/www.bellunopress.it\/2012\/01\/12\/presentato-il-calendario-della-polizia-e-i-tre-nuovi-comissari\/","name":"Presentato il calendario della Polizia. E i tre nuovi comissari - Bellunopress - Dolomiti","isPartOf":{"@id":"https:\/\/www.bellunopress.it\/#website"},"primaryImageOfPage":{"@id":"https:\/\/www.bellunopress.it\/2012\/01\/12\/presentato-il-calendario-della-polizia-e-i-tre-nuovi-comissari\/#primaryimage"},"image":{"@id":"https:\/\/www.bellunopress.it\/2012\/01\/12\/presentato-il-calendario-della-polizia-e-i-tre-nuovi-comissari\/#primaryimage"},"thumbnailUrl":"http:\/\/www.bellunopress.it\/wp-content\/uploads\/2011\/10\/ingrassia-280x240.jpg","datePublished":"2012-01-12T20:14:26+00:00","breadcrumb":{"@id":"https:\/\/www.bellunopress.it\/2012\/01\/12\/presentato-il-calendario-della-polizia-e-i-tre-nuovi-comissari\/#breadcrumb"},"inLanguage":"fr-FR","potentialAction":[{"@type":"ReadAction","target":["https:\/\/www.bellunopress.it\/2012\/01\/12\/presentato-il-calendario-della-polizia-e-i-tre-nuovi-comissari\/"]}]},{"@type":"ImageObject","inLanguage":"fr-FR","@id":"https:\/\/www.bellunopress.it\/2012\/01\/12\/presentato-il-calendario-della-polizia-e-i-tre-nuovi-comissari\/#primaryimage","url":"http:\/\/www.bellunopress.it\/wp-content\/uploads\/2011\/10\/ingrassia-280x240.jpg","contentUrl":"http:\/\/www.bellunopress.it\/wp-content\/uploads\/2011\/10\/ingrassia-280x240.jpg"},{"@type":"BreadcrumbList","@id":"https:\/\/www.bellunopress.it\/2012\/01\/12\/presentato-il-calendario-della-polizia-e-i-tre-nuovi-comissari\/#breadcrumb","itemListElement":[{"@type":"ListItem","position":1,"name":"Home","item":"https:\/\/www.bellunopress.it\/"},{"@type":"ListItem","position":2,"name":"Presentato il calendario della Polizia. E i tre nuovi comissari"}]},{"@type":"WebSite","@id":"https:\/\/www.bellunopress.it\/#website","url":"https:\/\/www.bellunopress.it\/","name":"Bellunopress - Dolomiti","description":"e-mail: redazione@bellunopress.it","publisher":{"@id":"https:\/\/www.bellunopress.it\/#organization"},"potentialAction":[{"@type":"SearchAction","target":{"@type":"EntryPoint","urlTemplate":"https:\/\/www.bellunopress.it\/?s={search_term_string}"},"query-input":{"@type":"PropertyValueSpecification","valueRequired":true,"valueName":"search_term_string"}}],"inLanguage":"fr-FR"},{"@type":"Organization","@id":"https:\/\/www.bellunopress.it\/#organization","name":"Bellunopress","url":"https:\/\/www.bellunopress.it\/","logo":{"@type":"ImageObject","inLanguage":"fr-FR","@id":"https:\/\/www.bellunopress.it\/#\/schema\/logo\/image\/","url":"https:\/\/www.bellunopress.it\/wp-content\/uploads\/2011\/05\/cropped-logo-bellunopress-.jpg","contentUrl":"https:\/\/www.bellunopress.it\/wp-content\/uploads\/2011\/05\/cropped-logo-bellunopress-.jpg","width":512,"height":512,"caption":"Bellunopress"},"image":{"@id":"https:\/\/www.bellunopress.it\/#\/schema\/logo\/image\/"},"sameAs":["https:\/\/www.facebook.com\/profile.php?id=100008943462799","https:\/\/x.com\/bellunopress","https:\/\/www.linkedin.com\/hp\/?dnr=JBzUWaJfMUw8vbXJJ2tVW5-I3jZKvC4wsoxE&amp;amp;amp;amp;amp;amp;trk=nav_responsive_tab_home","https:\/\/www.youtube.com\/channel\/UCxL0wu1uN0_3_7hGG0306cw"]},{"@type":"Person","@id":"https:\/\/www.bellunopress.it\/#\/schema\/person\/79bb06722b37ece1c03d3e94beb30d73","name":"r\u00e9daction","image":{"@type":"ImageObject","inLanguage":"fr-FR","@id":"https:\/\/secure.gravatar.com\/avatar\/37d968a2e67a6fd04c169c4bdef102d0bc5d31b2546345219e348575eb80e9a0?s=96&d=mm&r=g","url":"https:\/\/secure.gravatar.com\/avatar\/37d968a2e67a6fd04c169c4bdef102d0bc5d31b2546345219e348575eb80e9a0?s=96&d=mm&r=g","contentUrl":"https:\/\/secure.gravatar.com\/avatar\/37d968a2e67a6fd04c169c4bdef102d0bc5d31b2546345219e348575eb80e9a0?s=96&d=mm&r=g","caption":"redazione"},"sameAs":["http:\/\/www.bellunopress.it","https:\/\/x.com\/bellunopress"],"url":"https:\/\/www.bellunopress.it\/fr\/author\/redazione\/"}]}},"_links":{"self":[{"href":"https:\/\/www.bellunopress.it\/fr\/wp-json\/wp\/v2\/posts\/34108","targetHints":{"allow":["GET"]}}],"collection":[{"href":"https:\/\/www.bellunopress.it\/fr\/wp-json\/wp\/v2\/posts"}],"about":[{"href":"https:\/\/www.bellunopress.it\/fr\/wp-json\/wp\/v2\/types\/post"}],"author":[{"embeddable":true,"href":"https:\/\/www.bellunopress.it\/fr\/wp-json\/wp\/v2\/users\/2"}],"replies":[{"embeddable":true,"href":"https:\/\/www.bellunopress.it\/fr\/wp-json\/wp\/v2\/comments?post=34108"}],"version-history":[{"count":1,"href":"https:\/\/www.bellunopress.it\/fr\/wp-json\/wp\/v2\/posts\/34108\/revisions"}],"predecessor-version":[{"id":34109,"href":"https:\/\/www.bellunopress.it\/fr\/wp-json\/wp\/v2\/posts\/34108\/revisions\/34109"}],"wp:attachment":[{"href":"https:\/\/www.bellunopress.it\/fr\/wp-json\/wp\/v2\/media?parent=34108"}],"wp:term":[{"taxonomy":"category","embeddable":true,"href":"https:\/\/www.bellunopress.it\/fr\/wp-json\/wp\/v2\/categories?post=34108"},{"taxonomy":"post_tag","embeddable":true,"href":"https:\/\/www.bellunopress.it\/fr\/wp-json\/wp\/v2\/tags?post=34108"}],"curies":[{"name":"wp","href":"https:\/\/api.w.org\/{rel}","templated":true}]}}