{"id":34106,"date":"2012-01-12T20:53:01","date_gmt":"2012-01-12T19:53:01","guid":{"rendered":"http:\/\/www.bellunopress.it\/?p=34106"},"modified":"2012-01-12T20:53:01","modified_gmt":"2012-01-12T19:53:01","slug":"40-000-presenze-in-un-solo-giorno-a-farra-dalpago-erecord-assoluto","status":"publish","type":"post","link":"https:\/\/www.bellunopress.it\/fr\/2012\/01\/12\/40-000-presenze-in-un-solo-giorno-a-farra-dalpago-erecord-assoluto\/","title":{"rendered":"40.000 presenze in un solo giorno a Farra d\u2019Alpago. E\u2019record assoluto"},"content":{"rendered":"<p><strong>Si tratta del dato pi\u00f9 alto da quando esiste una statistica sulle presenze turistiche (1992). Ed \u00e8 stato fornito dalla Regione Veneto, riferito all&#8217;agosto 2011. Manifestazioni e attivit\u00e0 sportive fanno da traino al turismo. E quest\u2019anno si annunciano almeno due nuovi grandi eventi in grado di attirare migliaia di persone.<\/strong><\/p>\n<p><a href=\"http:\/\/www.bellunopress.it\/wp-content\/uploads\/2010\/04\/lago-di-santa-croce-leggera.jpg\"><img loading=\"lazy\" decoding=\"async\" class=\"alignleft size-full wp-image-14314\" title=\"lago-di-santa-croce-leggera\" src=\"http:\/\/www.bellunopress.it\/wp-content\/uploads\/2010\/04\/lago-di-santa-croce-leggera.jpg\" alt=\"\" width=\"300\" height=\"173\" \/><\/a>In un unico giorno di agosto 40.000 presenze turistiche. Il dato \u00e8 stato recentemente fornito dalla Regione Veneto e rappresenta un record assoluto per Farra d\u2019Alpago da quanto sono state applicate le statistiche al turismo in Veneto nel 1992. Insomma un dato che fa ben sperare anche per la prossima stagione estiva e che deve molto alle numerose manifestazioni e attivit\u00e0 legate allo sport. \u00a0\u201cCon il prossimo rinnovo della concessione Enel al Comune\u201d, spiega l\u2019assessore comunale allo sport, Nicola Peterle, \u201csul lago di Santa Croce si aprono ulteriori possibilit\u00e0 per chi vuole offrire noleggio attrezzature e servizi relativi a sport come wind e kite surf, vela, canoa e mountain bike. Il nuovo look della spiaggia, inaugurato proprio ai primi di agosto, e le migliorie riguardanti strutture come il volley, il soccer e il rugby beach\u201d, prosegue Peterle, \u201channo richiamato migliaia di sportivi e di appassionati. Come le tappe del campionato italiano di rugby e di sleddog su terra. Ricordo che quest\u2019anno lo sleddog, organizzato dal Club sleddog Valscura di Mario Azzalini, diventer\u00e0 un appuntamento internazionale\u201d. \u00a0Peterle rammenta inoltre il 2\u00ba torneo Beach rugby, valido come tappa di campionato italiano, il 1\u00ba torneo Beach soccer Calcio Alpago, il 1\u00ba torneo Beach volley con Volley Alpago, il 2\u00ba slalom in salita Fai Sport Show, il trofeo alpini \u201cBellavista\u201d con corsa in salita a piedi, il torneo 24 ore di calcetto a Farra, quello di calcio a 8 a Spert e le manifestazioni di Nordic walking. \u00a0Anche lo sport giovanile \u00e8 sugli allori. In giugno si \u00e8 svolta al campo sportivo la manifestazione regionale di minivolley giovanile che ha visto la partecipazione di circa 500 atleti in erba, una parte del torneo &#8220;Topolino&#8221; con il minirugby Alpago, e per tutta l\u2019estate si sono succeduti sul lago le regate e i corsi di vela per ragazzi (ma anche per adulti) condotti dall\u2019 istruttore della Lega navale italiana Antonio Giuffrida e dal presidente Piero Fontanella insieme ad altri volontari. \u00a0\u201cQuest\u2019anno abbiamo in serbo diverse manifestazioni importanti come l\u2019Harley Davidson Show Case di cui ci sar\u00e0 la presentazione a Verona Fiere il 22 gennaio, la Festa dell\u2019aria del Comitato 2Ruote Alpago, a cui dopo il successo della prima edizione dovrebbero partecipare anche le Frecce Tricolori, e il Campionato europeo di sleddog su terra\u201d, aggiunge l\u2019assessore allo sport di Farra, \u201cinsomma le premesse sono ottime e vedremo di fare di tutto per concretizzarle\u201d.<\/p>","protected":false},"excerpt":{"rendered":"<p>Si tratta del dato pi\u00f9 alto da quando esiste una statistica sulle presenze turistiche (1992). Ed \u00e8 stato fornito dalla Regione Veneto, riferito all&#8217;agosto 2011. Manifestazioni e attivit\u00e0 sportive fanno da traino al turismo. E quest\u2019anno si annunciano almeno due nuovi grandi eventi in grado di attirare migliaia di persone. In un unico giorno di [&hellip;]<\/p>\n","protected":false},"author":2,"featured_media":0,"comment_status":"closed","ping_status":"open","sticky":false,"template":"","format":"standard","meta":{"footnotes":""},"categories":[5,26],"tags":[],"class_list":["post-34106","post","type-post","status-publish","format-standard","category-cronaca","category-prima-pagina"],"yoast_head":"<!-- This site is optimized with the Yoast SEO plugin v28.4 - https:\/\/yoast.com\/product\/yoast-seo-wordpress\/ -->\n<title>40.000 presenze in un solo giorno a Farra d\u2019Alpago. E\u2019record assoluto - Bellunopress - Dolomiti<\/title>\n<meta name=\"robots\" content=\"index, follow, max-snippet:-1, max-image-preview:large, max-video-preview:-1\" \/>\n<link rel=\"canonical\" href=\"https:\/\/www.bellunopress.it\/fr\/2012\/01\/12\/40-000-presenze-in-un-solo-giorno-a-farra-dalpago-erecord-assoluto\/\" \/>\n<meta property=\"og:locale\" content=\"fr_FR\" \/>\n<meta property=\"og:type\" content=\"article\" \/>\n<meta property=\"og:title\" content=\"40.000 presenze in un solo giorno a Farra d\u2019Alpago. E\u2019record assoluto - Bellunopress - Dolomiti\" \/>\n<meta property=\"og:description\" content=\"Si tratta del dato pi\u00f9 alto da quando esiste una statistica sulle presenze turistiche (1992). Ed \u00e8 stato fornito dalla Regione Veneto, riferito all&#8217;agosto 2011. Manifestazioni e attivit\u00e0 sportive fanno da traino al turismo. E quest\u2019anno si annunciano almeno due nuovi grandi eventi in grado di attirare migliaia di persone. In un unico giorno di [&hellip;]\" \/>\n<meta property=\"og:url\" content=\"https:\/\/www.bellunopress.it\/fr\/2012\/01\/12\/40-000-presenze-in-un-solo-giorno-a-farra-dalpago-erecord-assoluto\/\" \/>\n<meta property=\"og:site_name\" content=\"Bellunopress - Dolomiti\" \/>\n<meta property=\"article:publisher\" content=\"https:\/\/www.facebook.com\/profile.php?id=100008943462799\" \/>\n<meta property=\"article:published_time\" content=\"2012-01-12T19:53:01+00:00\" \/>\n<meta property=\"og:image\" content=\"http:\/\/www.bellunopress.it\/wp-content\/uploads\/2010\/04\/lago-di-santa-croce-leggera.jpg\" \/>\n<meta name=\"author\" content=\"redazione\" \/>\n<meta name=\"twitter:card\" content=\"summary_large_image\" \/>\n<meta name=\"twitter:creator\" content=\"@bellunopress\" \/>\n<meta name=\"twitter:site\" content=\"@bellunopress\" \/>\n<meta name=\"twitter:label1\" content=\"Written by\" \/>\n\t<meta name=\"twitter:data1\" content=\"redazione\" \/>\n\t<meta name=\"twitter:label2\" content=\"Est. reading time\" \/>\n\t<meta name=\"twitter:data2\" content=\"2 minutes\" \/>\n<script type=\"application\/ld+json\" class=\"yoast-schema-graph\">{\"@context\":\"https:\\\/\\\/schema.org\",\"@graph\":[{\"@type\":\"Article\",\"@id\":\"https:\\\/\\\/www.bellunopress.it\\\/2012\\\/01\\\/12\\\/40-000-presenze-in-un-solo-giorno-a-farra-dalpago-erecord-assoluto\\\/#article\",\"isPartOf\":{\"@id\":\"https:\\\/\\\/www.bellunopress.it\\\/2012\\\/01\\\/12\\\/40-000-presenze-in-un-solo-giorno-a-farra-dalpago-erecord-assoluto\\\/\"},\"author\":{\"name\":\"redazione\",\"@id\":\"https:\\\/\\\/www.bellunopress.it\\\/#\\\/schema\\\/person\\\/79bb06722b37ece1c03d3e94beb30d73\"},\"headline\":\"40.000 presenze in un solo giorno a Farra d\u2019Alpago. E\u2019record assoluto\",\"datePublished\":\"2012-01-12T19:53:01+00:00\",\"mainEntityOfPage\":{\"@id\":\"https:\\\/\\\/www.bellunopress.it\\\/2012\\\/01\\\/12\\\/40-000-presenze-in-un-solo-giorno-a-farra-dalpago-erecord-assoluto\\\/\"},\"wordCount\":452,\"publisher\":{\"@id\":\"https:\\\/\\\/www.bellunopress.it\\\/#organization\"},\"image\":{\"@id\":\"https:\\\/\\\/www.bellunopress.it\\\/2012\\\/01\\\/12\\\/40-000-presenze-in-un-solo-giorno-a-farra-dalpago-erecord-assoluto\\\/#primaryimage\"},\"thumbnailUrl\":\"http:\\\/\\\/www.bellunopress.it\\\/wp-content\\\/uploads\\\/2010\\\/04\\\/lago-di-santa-croce-leggera.jpg\",\"articleSection\":[\"Cronaca\\\/Politica\",\"Prima Pagina\"],\"inLanguage\":\"fr-FR\"},{\"@type\":\"WebPage\",\"@id\":\"https:\\\/\\\/www.bellunopress.it\\\/2012\\\/01\\\/12\\\/40-000-presenze-in-un-solo-giorno-a-farra-dalpago-erecord-assoluto\\\/\",\"url\":\"https:\\\/\\\/www.bellunopress.it\\\/2012\\\/01\\\/12\\\/40-000-presenze-in-un-solo-giorno-a-farra-dalpago-erecord-assoluto\\\/\",\"name\":\"40.000 presenze in un solo giorno a Farra d\u2019Alpago. E\u2019record assoluto - Bellunopress - Dolomiti\",\"isPartOf\":{\"@id\":\"https:\\\/\\\/www.bellunopress.it\\\/#website\"},\"primaryImageOfPage\":{\"@id\":\"https:\\\/\\\/www.bellunopress.it\\\/2012\\\/01\\\/12\\\/40-000-presenze-in-un-solo-giorno-a-farra-dalpago-erecord-assoluto\\\/#primaryimage\"},\"image\":{\"@id\":\"https:\\\/\\\/www.bellunopress.it\\\/2012\\\/01\\\/12\\\/40-000-presenze-in-un-solo-giorno-a-farra-dalpago-erecord-assoluto\\\/#primaryimage\"},\"thumbnailUrl\":\"http:\\\/\\\/www.bellunopress.it\\\/wp-content\\\/uploads\\\/2010\\\/04\\\/lago-di-santa-croce-leggera.jpg\",\"datePublished\":\"2012-01-12T19:53:01+00:00\",\"breadcrumb\":{\"@id\":\"https:\\\/\\\/www.bellunopress.it\\\/2012\\\/01\\\/12\\\/40-000-presenze-in-un-solo-giorno-a-farra-dalpago-erecord-assoluto\\\/#breadcrumb\"},\"inLanguage\":\"fr-FR\",\"potentialAction\":[{\"@type\":\"ReadAction\",\"target\":[\"https:\\\/\\\/www.bellunopress.it\\\/2012\\\/01\\\/12\\\/40-000-presenze-in-un-solo-giorno-a-farra-dalpago-erecord-assoluto\\\/\"]}]},{\"@type\":\"ImageObject\",\"inLanguage\":\"fr-FR\",\"@id\":\"https:\\\/\\\/www.bellunopress.it\\\/2012\\\/01\\\/12\\\/40-000-presenze-in-un-solo-giorno-a-farra-dalpago-erecord-assoluto\\\/#primaryimage\",\"url\":\"http:\\\/\\\/www.bellunopress.it\\\/wp-content\\\/uploads\\\/2010\\\/04\\\/lago-di-santa-croce-leggera.jpg\",\"contentUrl\":\"http:\\\/\\\/www.bellunopress.it\\\/wp-content\\\/uploads\\\/2010\\\/04\\\/lago-di-santa-croce-leggera.jpg\"},{\"@type\":\"BreadcrumbList\",\"@id\":\"https:\\\/\\\/www.bellunopress.it\\\/2012\\\/01\\\/12\\\/40-000-presenze-in-un-solo-giorno-a-farra-dalpago-erecord-assoluto\\\/#breadcrumb\",\"itemListElement\":[{\"@type\":\"ListItem\",\"position\":1,\"name\":\"Home\",\"item\":\"https:\\\/\\\/www.bellunopress.it\\\/\"},{\"@type\":\"ListItem\",\"position\":2,\"name\":\"40.000 presenze in un solo giorno a Farra d\u2019Alpago. E\u2019record assoluto\"}]},{\"@type\":\"WebSite\",\"@id\":\"https:\\\/\\\/www.bellunopress.it\\\/#website\",\"url\":\"https:\\\/\\\/www.bellunopress.it\\\/\",\"name\":\"Bellunopress - Dolomiti\",\"description\":\"e-mail: redazione@bellunopress.it\",\"publisher\":{\"@id\":\"https:\\\/\\\/www.bellunopress.it\\\/#organization\"},\"potentialAction\":[{\"@type\":\"SearchAction\",\"target\":{\"@type\":\"EntryPoint\",\"urlTemplate\":\"https:\\\/\\\/www.bellunopress.it\\\/?s={search_term_string}\"},\"query-input\":{\"@type\":\"PropertyValueSpecification\",\"valueRequired\":true,\"valueName\":\"search_term_string\"}}],\"inLanguage\":\"fr-FR\"},{\"@type\":\"Organization\",\"@id\":\"https:\\\/\\\/www.bellunopress.it\\\/#organization\",\"name\":\"Bellunopress\",\"url\":\"https:\\\/\\\/www.bellunopress.it\\\/\",\"logo\":{\"@type\":\"ImageObject\",\"inLanguage\":\"fr-FR\",\"@id\":\"https:\\\/\\\/www.bellunopress.it\\\/#\\\/schema\\\/logo\\\/image\\\/\",\"url\":\"https:\\\/\\\/www.bellunopress.it\\\/wp-content\\\/uploads\\\/2011\\\/05\\\/cropped-logo-bellunopress-.jpg\",\"contentUrl\":\"https:\\\/\\\/www.bellunopress.it\\\/wp-content\\\/uploads\\\/2011\\\/05\\\/cropped-logo-bellunopress-.jpg\",\"width\":512,\"height\":512,\"caption\":\"Bellunopress\"},\"image\":{\"@id\":\"https:\\\/\\\/www.bellunopress.it\\\/#\\\/schema\\\/logo\\\/image\\\/\"},\"sameAs\":[\"https:\\\/\\\/www.facebook.com\\\/profile.php?id=100008943462799\",\"https:\\\/\\\/x.com\\\/bellunopress\",\"https:\\\/\\\/www.linkedin.com\\\/hp\\\/?dnr=JBzUWaJfMUw8vbXJJ2tVW5-I3jZKvC4wsoxE&amp;amp;amp;amp;amp;amp;trk=nav_responsive_tab_home\",\"https:\\\/\\\/www.youtube.com\\\/channel\\\/UCxL0wu1uN0_3_7hGG0306cw\"]},{\"@type\":\"Person\",\"@id\":\"https:\\\/\\\/www.bellunopress.it\\\/#\\\/schema\\\/person\\\/79bb06722b37ece1c03d3e94beb30d73\",\"name\":\"redazione\",\"image\":{\"@type\":\"ImageObject\",\"inLanguage\":\"fr-FR\",\"@id\":\"https:\\\/\\\/secure.gravatar.com\\\/avatar\\\/37d968a2e67a6fd04c169c4bdef102d0bc5d31b2546345219e348575eb80e9a0?s=96&d=mm&r=g\",\"url\":\"https:\\\/\\\/secure.gravatar.com\\\/avatar\\\/37d968a2e67a6fd04c169c4bdef102d0bc5d31b2546345219e348575eb80e9a0?s=96&d=mm&r=g\",\"contentUrl\":\"https:\\\/\\\/secure.gravatar.com\\\/avatar\\\/37d968a2e67a6fd04c169c4bdef102d0bc5d31b2546345219e348575eb80e9a0?s=96&d=mm&r=g\",\"caption\":\"redazione\"},\"sameAs\":[\"http:\\\/\\\/www.bellunopress.it\",\"https:\\\/\\\/x.com\\\/bellunopress\"],\"url\":\"https:\\\/\\\/www.bellunopress.it\\\/fr\\\/author\\\/redazione\\\/\"}]}<\/script>\n<!-- \/ Yoast SEO plugin. -->","yoast_head_json":{"title":"40.000 presenze in un solo giorno a Farra d\u2019Alpago. E\u2019record assoluto - Bellunopress - Dolomiti","robots":{"index":"index","follow":"follow","max-snippet":"max-snippet:-1","max-image-preview":"max-image-preview:large","max-video-preview":"max-video-preview:-1"},"canonical":"https:\/\/www.bellunopress.it\/fr\/2012\/01\/12\/40-000-presenze-in-un-solo-giorno-a-farra-dalpago-erecord-assoluto\/","og_locale":"fr_FR","og_type":"article","og_title":"40.000 presenze in un solo giorno a Farra d\u2019Alpago. E\u2019record assoluto - Bellunopress - Dolomiti","og_description":"Si tratta del dato pi\u00f9 alto da quando esiste una statistica sulle presenze turistiche (1992). Ed \u00e8 stato fornito dalla Regione Veneto, riferito all&#8217;agosto 2011. Manifestazioni e attivit\u00e0 sportive fanno da traino al turismo. E quest\u2019anno si annunciano almeno due nuovi grandi eventi in grado di attirare migliaia di persone. In un unico giorno di [&hellip;]","og_url":"https:\/\/www.bellunopress.it\/fr\/2012\/01\/12\/40-000-presenze-in-un-solo-giorno-a-farra-dalpago-erecord-assoluto\/","og_site_name":"Bellunopress - Dolomiti","article_publisher":"https:\/\/www.facebook.com\/profile.php?id=100008943462799","article_published_time":"2012-01-12T19:53:01+00:00","og_image":[{"url":"http:\/\/www.bellunopress.it\/wp-content\/uploads\/2010\/04\/lago-di-santa-croce-leggera.jpg","type":"","width":"","height":""}],"author":"redazione","twitter_card":"summary_large_image","twitter_creator":"@bellunopress","twitter_site":"@bellunopress","twitter_misc":{"Written by":"redazione","Est. reading time":"2 minutes"},"schema":{"@context":"https:\/\/schema.org","@graph":[{"@type":"Article","@id":"https:\/\/www.bellunopress.it\/2012\/01\/12\/40-000-presenze-in-un-solo-giorno-a-farra-dalpago-erecord-assoluto\/#article","isPartOf":{"@id":"https:\/\/www.bellunopress.it\/2012\/01\/12\/40-000-presenze-in-un-solo-giorno-a-farra-dalpago-erecord-assoluto\/"},"author":{"name":"redazione","@id":"https:\/\/www.bellunopress.it\/#\/schema\/person\/79bb06722b37ece1c03d3e94beb30d73"},"headline":"40.000 presenze in un solo giorno a Farra d\u2019Alpago. E\u2019record assoluto","datePublished":"2012-01-12T19:53:01+00:00","mainEntityOfPage":{"@id":"https:\/\/www.bellunopress.it\/2012\/01\/12\/40-000-presenze-in-un-solo-giorno-a-farra-dalpago-erecord-assoluto\/"},"wordCount":452,"publisher":{"@id":"https:\/\/www.bellunopress.it\/#organization"},"image":{"@id":"https:\/\/www.bellunopress.it\/2012\/01\/12\/40-000-presenze-in-un-solo-giorno-a-farra-dalpago-erecord-assoluto\/#primaryimage"},"thumbnailUrl":"http:\/\/www.bellunopress.it\/wp-content\/uploads\/2010\/04\/lago-di-santa-croce-leggera.jpg","articleSection":["Cronaca\/Politica","Prima Pagina"],"inLanguage":"fr-FR"},{"@type":"WebPage","@id":"https:\/\/www.bellunopress.it\/2012\/01\/12\/40-000-presenze-in-un-solo-giorno-a-farra-dalpago-erecord-assoluto\/","url":"https:\/\/www.bellunopress.it\/2012\/01\/12\/40-000-presenze-in-un-solo-giorno-a-farra-dalpago-erecord-assoluto\/","name":"40.000 presenze in un solo giorno a Farra d\u2019Alpago. E\u2019record assoluto - Bellunopress - Dolomiti","isPartOf":{"@id":"https:\/\/www.bellunopress.it\/#website"},"primaryImageOfPage":{"@id":"https:\/\/www.bellunopress.it\/2012\/01\/12\/40-000-presenze-in-un-solo-giorno-a-farra-dalpago-erecord-assoluto\/#primaryimage"},"image":{"@id":"https:\/\/www.bellunopress.it\/2012\/01\/12\/40-000-presenze-in-un-solo-giorno-a-farra-dalpago-erecord-assoluto\/#primaryimage"},"thumbnailUrl":"http:\/\/www.bellunopress.it\/wp-content\/uploads\/2010\/04\/lago-di-santa-croce-leggera.jpg","datePublished":"2012-01-12T19:53:01+00:00","breadcrumb":{"@id":"https:\/\/www.bellunopress.it\/2012\/01\/12\/40-000-presenze-in-un-solo-giorno-a-farra-dalpago-erecord-assoluto\/#breadcrumb"},"inLanguage":"fr-FR","potentialAction":[{"@type":"ReadAction","target":["https:\/\/www.bellunopress.it\/2012\/01\/12\/40-000-presenze-in-un-solo-giorno-a-farra-dalpago-erecord-assoluto\/"]}]},{"@type":"ImageObject","inLanguage":"fr-FR","@id":"https:\/\/www.bellunopress.it\/2012\/01\/12\/40-000-presenze-in-un-solo-giorno-a-farra-dalpago-erecord-assoluto\/#primaryimage","url":"http:\/\/www.bellunopress.it\/wp-content\/uploads\/2010\/04\/lago-di-santa-croce-leggera.jpg","contentUrl":"http:\/\/www.bellunopress.it\/wp-content\/uploads\/2010\/04\/lago-di-santa-croce-leggera.jpg"},{"@type":"BreadcrumbList","@id":"https:\/\/www.bellunopress.it\/2012\/01\/12\/40-000-presenze-in-un-solo-giorno-a-farra-dalpago-erecord-assoluto\/#breadcrumb","itemListElement":[{"@type":"ListItem","position":1,"name":"Home","item":"https:\/\/www.bellunopress.it\/"},{"@type":"ListItem","position":2,"name":"40.000 presenze in un solo giorno a Farra d\u2019Alpago. E\u2019record assoluto"}]},{"@type":"WebSite","@id":"https:\/\/www.bellunopress.it\/#website","url":"https:\/\/www.bellunopress.it\/","name":"Bellunopress - Dolomiti","description":"e-mail: redazione@bellunopress.it","publisher":{"@id":"https:\/\/www.bellunopress.it\/#organization"},"potentialAction":[{"@type":"SearchAction","target":{"@type":"EntryPoint","urlTemplate":"https:\/\/www.bellunopress.it\/?s={search_term_string}"},"query-input":{"@type":"PropertyValueSpecification","valueRequired":true,"valueName":"search_term_string"}}],"inLanguage":"fr-FR"},{"@type":"Organization","@id":"https:\/\/www.bellunopress.it\/#organization","name":"Bellunopress","url":"https:\/\/www.bellunopress.it\/","logo":{"@type":"ImageObject","inLanguage":"fr-FR","@id":"https:\/\/www.bellunopress.it\/#\/schema\/logo\/image\/","url":"https:\/\/www.bellunopress.it\/wp-content\/uploads\/2011\/05\/cropped-logo-bellunopress-.jpg","contentUrl":"https:\/\/www.bellunopress.it\/wp-content\/uploads\/2011\/05\/cropped-logo-bellunopress-.jpg","width":512,"height":512,"caption":"Bellunopress"},"image":{"@id":"https:\/\/www.bellunopress.it\/#\/schema\/logo\/image\/"},"sameAs":["https:\/\/www.facebook.com\/profile.php?id=100008943462799","https:\/\/x.com\/bellunopress","https:\/\/www.linkedin.com\/hp\/?dnr=JBzUWaJfMUw8vbXJJ2tVW5-I3jZKvC4wsoxE&amp;amp;amp;amp;amp;amp;trk=nav_responsive_tab_home","https:\/\/www.youtube.com\/channel\/UCxL0wu1uN0_3_7hGG0306cw"]},{"@type":"Person","@id":"https:\/\/www.bellunopress.it\/#\/schema\/person\/79bb06722b37ece1c03d3e94beb30d73","name":"r\u00e9daction","image":{"@type":"ImageObject","inLanguage":"fr-FR","@id":"https:\/\/secure.gravatar.com\/avatar\/37d968a2e67a6fd04c169c4bdef102d0bc5d31b2546345219e348575eb80e9a0?s=96&d=mm&r=g","url":"https:\/\/secure.gravatar.com\/avatar\/37d968a2e67a6fd04c169c4bdef102d0bc5d31b2546345219e348575eb80e9a0?s=96&d=mm&r=g","contentUrl":"https:\/\/secure.gravatar.com\/avatar\/37d968a2e67a6fd04c169c4bdef102d0bc5d31b2546345219e348575eb80e9a0?s=96&d=mm&r=g","caption":"redazione"},"sameAs":["http:\/\/www.bellunopress.it","https:\/\/x.com\/bellunopress"],"url":"https:\/\/www.bellunopress.it\/fr\/author\/redazione\/"}]}},"_links":{"self":[{"href":"https:\/\/www.bellunopress.it\/fr\/wp-json\/wp\/v2\/posts\/34106","targetHints":{"allow":["GET"]}}],"collection":[{"href":"https:\/\/www.bellunopress.it\/fr\/wp-json\/wp\/v2\/posts"}],"about":[{"href":"https:\/\/www.bellunopress.it\/fr\/wp-json\/wp\/v2\/types\/post"}],"author":[{"embeddable":true,"href":"https:\/\/www.bellunopress.it\/fr\/wp-json\/wp\/v2\/users\/2"}],"replies":[{"embeddable":true,"href":"https:\/\/www.bellunopress.it\/fr\/wp-json\/wp\/v2\/comments?post=34106"}],"version-history":[{"count":1,"href":"https:\/\/www.bellunopress.it\/fr\/wp-json\/wp\/v2\/posts\/34106\/revisions"}],"predecessor-version":[{"id":34107,"href":"https:\/\/www.bellunopress.it\/fr\/wp-json\/wp\/v2\/posts\/34106\/revisions\/34107"}],"wp:attachment":[{"href":"https:\/\/www.bellunopress.it\/fr\/wp-json\/wp\/v2\/media?parent=34106"}],"wp:term":[{"taxonomy":"category","embeddable":true,"href":"https:\/\/www.bellunopress.it\/fr\/wp-json\/wp\/v2\/categories?post=34106"},{"taxonomy":"post_tag","embeddable":true,"href":"https:\/\/www.bellunopress.it\/fr\/wp-json\/wp\/v2\/tags?post=34106"}],"curies":[{"name":"wp","href":"https:\/\/api.w.org\/{rel}","templated":true}]}}