{"id":34078,"date":"2012-01-11T14:20:14","date_gmt":"2012-01-11T13:20:14","guid":{"rendered":"http:\/\/www.bellunopress.it\/?p=34078"},"modified":"2012-01-11T18:22:23","modified_gmt":"2012-01-11T17:22:23","slug":"comitato-andreane-interrate-il-nuovo-elettrodotto-come-a-polpet-lassessore-paolo-gamba-assicura-il-sostegno-politico-alla-richiesta","status":"publish","type":"post","link":"https:\/\/www.bellunopress.it\/fr\/2012\/01\/11\/comitato-andreane-interrate-il-nuovo-elettrodotto-come-a-polpet-lassessore-paolo-gamba-assicura-il-sostegno-politico-alla-richiesta\/","title":{"rendered":"Comitato Andreane: &#8220;Interrate il nuovo elettrodotto, come a Polpet&#8221;! L&#8217;assessore Paolo Gamba assicura il sostegno politico alla richiesta"},"content":{"rendered":"<figure id=\"attachment_28481\" aria-describedby=\"caption-attachment-28481\" style=\"width: 140px\" class=\"wp-caption alignright\"><a href=\"http:\/\/www.bellunopress.it\/wp-content\/uploads\/2011\/07\/Paolo-Gamba-140x140.jpg\"><img loading=\"lazy\" decoding=\"async\" class=\"size-full wp-image-28481\" title=\"Paolo Gamba 140x140\" src=\"http:\/\/www.bellunopress.it\/wp-content\/uploads\/2011\/07\/Paolo-Gamba-140x140.jpg\" alt=\"\" width=\"140\" height=\"140\" \/><\/a><figcaption id=\"caption-attachment-28481\" class=\"wp-caption-text\">Paolo Gamba<\/figcaption><\/figure>\n<p>Interramento del nuovo elettrodotto Polpet-Scorz\u00e8, cos\u00ec come hanno ottenuto gli abitanti di Ponte nelle Alpi. E&#8217; la richiesta formulata dinanzi all&#8217;assessore Paolo Gamba e al consigliere comunale e presidente della Comunit\u00e0 montana Belluno &#8211; Ponte nelle Alpi Giorgio De Bona dal rappresentante del Comitato di Andreane Luigi Fontana. L&#8217;incontro, riguardante le osservazioni da presentare a Terna in relazione al Piano tecnico delle opere della Rete di trasmissione nazionale nella media Valle del Piave, si \u00e8 tenuto ieri sera nella sede della Cooperativa agricola di Fiammoi alla presenza di un gruppo di cittadini di Andreane. Nel tracciato della nuova linea di Terna pervenuto al Comune di Belluno un mese e mezzo fa, infatti, i tralicci, in particolare il n.7 si troverebbe a circa 45 metri dall&#8217;abitato di Andreane, con le conseguenti immissioni di campi elettromagnetici. L&#8217;assessore Gamba ha assicurato che sosterr\u00e0 la richiesta di interramento della linea proposta dal Comitato, coinvolgendo anche i Comuni di Ponte nelle Alpi, Soverzene e la Comunit\u00e0 montana. Il Comune di Belluno, dunque, si sta muovendo, bench\u00e9 nel protocollo d&#8217;intesa con Terna, sottoscritto dal sindaco Prade nel 2009 &#8211; come \u00e8 stato osservato nel corso del dibattito &#8211;\u00a0 fossero sfuggite delle insidie. Tra le righe del documento, infatti, Terna classificava come \u201clinea strategica\u201d quella a 220mila volt in progetto, riservandos\u00ec la facolt\u00e0 di elevare la tensione a 380mila volt. Un particolare che potrebbe ostacolare la richiesta di interramento, perch\u00e9 l&#8217;isolamento dei 380mila volt, ancorch\u00e9 tecnicamente possibile, diventerebbe pi\u00f9 oneroso per la societ\u00e0 Terna. Le rassicurazioni di Gamba, secondo il quale \u00abTerna ha stanziato 80 milioni di euro su questo elettrodotto, e se esiste la soluzione tecnica sono certo che verr\u00e0 realizzata\u00bb, tuttavia, non sono riuscite a tranquillizzare l&#8217;impeto di Riccardo Marcolin, fondatore insieme ad altri nel 2002 del Comitato contro l&#8217;elettrosmog di Ponte nelle Alpi. Che ha ricordato il pesante tributo di sangue gi\u00e0 versato dalla provincia di Belluno con il Vajont. Oltre ad invocare la normativa europea \u201cRete 2000\u201d ed i vincoli paesaggistici, minacciando altres\u00ec un esposto alla magistratura e ai ministeri competenti. L&#8217;unico dato certo, per ora, \u00e8 che il Comune di Ponte nelle Alpi \u00e8 riuscito ad ottenere da Terna l&#8217;interramento della vecchia linea a 220mila volt che attraversava Polpet. E dunque, nella progettazione di un nuovo impianto, i criteri prudenziali a tutela della salute pubblica imporrebbero perlomeno altrettanta attenzione.<\/p>\n<p>&nbsp;<\/p>","protected":false},"excerpt":{"rendered":"<p>Interramento del nuovo elettrodotto Polpet-Scorz\u00e8, cos\u00ec come hanno ottenuto gli abitanti di Ponte nelle Alpi. E&#8217; la richiesta formulata dinanzi all&#8217;assessore Paolo Gamba e al consigliere comunale e presidente della Comunit\u00e0 montana Belluno &#8211; Ponte nelle Alpi Giorgio De Bona dal rappresentante del Comitato di Andreane Luigi Fontana. L&#8217;incontro, riguardante le osservazioni da presentare a [&hellip;]<\/p>\n","protected":false},"author":2,"featured_media":0,"comment_status":"closed","ping_status":"open","sticky":false,"template":"","format":"standard","meta":{"footnotes":""},"categories":[5,26],"tags":[],"class_list":["post-34078","post","type-post","status-publish","format-standard","category-cronaca","category-prima-pagina"],"yoast_head":"<!-- This site is optimized with the Yoast SEO plugin v28.4 - https:\/\/yoast.com\/product\/yoast-seo-wordpress\/ -->\n<title>Comitato Andreane: &quot;Interrate il nuovo elettrodotto, come a Polpet&quot;! L&#039;assessore Paolo Gamba assicura il sostegno politico alla richiesta - Bellunopress - Dolomiti<\/title>\n<meta name=\"robots\" content=\"index, follow, max-snippet:-1, max-image-preview:large, max-video-preview:-1\" \/>\n<link rel=\"canonical\" href=\"https:\/\/www.bellunopress.it\/fr\/2012\/01\/11\/comitato-andreane-interrate-il-nuovo-elettrodotto-come-a-polpet-lassessore-paolo-gamba-assicura-il-sostegno-politico-alla-richiesta\/\" \/>\n<meta property=\"og:locale\" content=\"fr_FR\" \/>\n<meta property=\"og:type\" content=\"article\" \/>\n<meta property=\"og:title\" content=\"Comitato Andreane: &quot;Interrate il nuovo elettrodotto, come a Polpet&quot;! L&#039;assessore Paolo Gamba assicura il sostegno politico alla richiesta - Bellunopress - Dolomiti\" \/>\n<meta property=\"og:description\" content=\"Interramento del nuovo elettrodotto Polpet-Scorz\u00e8, cos\u00ec come hanno ottenuto gli abitanti di Ponte nelle Alpi. E&#8217; la richiesta formulata dinanzi all&#8217;assessore Paolo Gamba e al consigliere comunale e presidente della Comunit\u00e0 montana Belluno &#8211; Ponte nelle Alpi Giorgio De Bona dal rappresentante del Comitato di Andreane Luigi Fontana. L&#8217;incontro, riguardante le osservazioni da presentare a [&hellip;]\" \/>\n<meta property=\"og:url\" content=\"https:\/\/www.bellunopress.it\/fr\/2012\/01\/11\/comitato-andreane-interrate-il-nuovo-elettrodotto-come-a-polpet-lassessore-paolo-gamba-assicura-il-sostegno-politico-alla-richiesta\/\" \/>\n<meta property=\"og:site_name\" content=\"Bellunopress - Dolomiti\" \/>\n<meta property=\"article:publisher\" content=\"https:\/\/www.facebook.com\/profile.php?id=100008943462799\" \/>\n<meta property=\"article:published_time\" content=\"2012-01-11T13:20:14+00:00\" \/>\n<meta property=\"article:modified_time\" content=\"2012-01-11T17:22:23+00:00\" \/>\n<meta property=\"og:image\" content=\"http:\/\/www.bellunopress.it\/wp-content\/uploads\/2011\/07\/Paolo-Gamba-140x140.jpg\" \/>\n<meta name=\"author\" content=\"redazione\" \/>\n<meta name=\"twitter:card\" content=\"summary_large_image\" \/>\n<meta name=\"twitter:creator\" content=\"@bellunopress\" \/>\n<meta name=\"twitter:site\" content=\"@bellunopress\" \/>\n<meta name=\"twitter:label1\" content=\"Written by\" \/>\n\t<meta name=\"twitter:data1\" content=\"redazione\" \/>\n\t<meta name=\"twitter:label2\" content=\"Est. reading time\" \/>\n\t<meta name=\"twitter:data2\" content=\"2 minutes\" \/>\n<script type=\"application\/ld+json\" class=\"yoast-schema-graph\">{\"@context\":\"https:\\\/\\\/schema.org\",\"@graph\":[{\"@type\":\"Article\",\"@id\":\"https:\\\/\\\/www.bellunopress.it\\\/2012\\\/01\\\/11\\\/comitato-andreane-interrate-il-nuovo-elettrodotto-come-a-polpet-lassessore-paolo-gamba-assicura-il-sostegno-politico-alla-richiesta\\\/#article\",\"isPartOf\":{\"@id\":\"https:\\\/\\\/www.bellunopress.it\\\/2012\\\/01\\\/11\\\/comitato-andreane-interrate-il-nuovo-elettrodotto-come-a-polpet-lassessore-paolo-gamba-assicura-il-sostegno-politico-alla-richiesta\\\/\"},\"author\":{\"name\":\"redazione\",\"@id\":\"https:\\\/\\\/www.bellunopress.it\\\/#\\\/schema\\\/person\\\/79bb06722b37ece1c03d3e94beb30d73\"},\"headline\":\"Comitato Andreane: &#8220;Interrate il nuovo elettrodotto, come a Polpet&#8221;! L&#8217;assessore Paolo Gamba assicura il sostegno politico alla richiesta\",\"datePublished\":\"2012-01-11T13:20:14+00:00\",\"dateModified\":\"2012-01-11T17:22:23+00:00\",\"mainEntityOfPage\":{\"@id\":\"https:\\\/\\\/www.bellunopress.it\\\/2012\\\/01\\\/11\\\/comitato-andreane-interrate-il-nuovo-elettrodotto-come-a-polpet-lassessore-paolo-gamba-assicura-il-sostegno-politico-alla-richiesta\\\/\"},\"wordCount\":418,\"publisher\":{\"@id\":\"https:\\\/\\\/www.bellunopress.it\\\/#organization\"},\"image\":{\"@id\":\"https:\\\/\\\/www.bellunopress.it\\\/2012\\\/01\\\/11\\\/comitato-andreane-interrate-il-nuovo-elettrodotto-come-a-polpet-lassessore-paolo-gamba-assicura-il-sostegno-politico-alla-richiesta\\\/#primaryimage\"},\"thumbnailUrl\":\"http:\\\/\\\/www.bellunopress.it\\\/wp-content\\\/uploads\\\/2011\\\/07\\\/Paolo-Gamba-140x140.jpg\",\"articleSection\":[\"Cronaca\\\/Politica\",\"Prima Pagina\"],\"inLanguage\":\"fr-FR\"},{\"@type\":\"WebPage\",\"@id\":\"https:\\\/\\\/www.bellunopress.it\\\/2012\\\/01\\\/11\\\/comitato-andreane-interrate-il-nuovo-elettrodotto-come-a-polpet-lassessore-paolo-gamba-assicura-il-sostegno-politico-alla-richiesta\\\/\",\"url\":\"https:\\\/\\\/www.bellunopress.it\\\/2012\\\/01\\\/11\\\/comitato-andreane-interrate-il-nuovo-elettrodotto-come-a-polpet-lassessore-paolo-gamba-assicura-il-sostegno-politico-alla-richiesta\\\/\",\"name\":\"Comitato Andreane: \\\"Interrate il nuovo elettrodotto, come a Polpet\\\"! L'assessore Paolo Gamba assicura il sostegno politico alla richiesta - Bellunopress - Dolomiti\",\"isPartOf\":{\"@id\":\"https:\\\/\\\/www.bellunopress.it\\\/#website\"},\"primaryImageOfPage\":{\"@id\":\"https:\\\/\\\/www.bellunopress.it\\\/2012\\\/01\\\/11\\\/comitato-andreane-interrate-il-nuovo-elettrodotto-come-a-polpet-lassessore-paolo-gamba-assicura-il-sostegno-politico-alla-richiesta\\\/#primaryimage\"},\"image\":{\"@id\":\"https:\\\/\\\/www.bellunopress.it\\\/2012\\\/01\\\/11\\\/comitato-andreane-interrate-il-nuovo-elettrodotto-come-a-polpet-lassessore-paolo-gamba-assicura-il-sostegno-politico-alla-richiesta\\\/#primaryimage\"},\"thumbnailUrl\":\"http:\\\/\\\/www.bellunopress.it\\\/wp-content\\\/uploads\\\/2011\\\/07\\\/Paolo-Gamba-140x140.jpg\",\"datePublished\":\"2012-01-11T13:20:14+00:00\",\"dateModified\":\"2012-01-11T17:22:23+00:00\",\"breadcrumb\":{\"@id\":\"https:\\\/\\\/www.bellunopress.it\\\/2012\\\/01\\\/11\\\/comitato-andreane-interrate-il-nuovo-elettrodotto-come-a-polpet-lassessore-paolo-gamba-assicura-il-sostegno-politico-alla-richiesta\\\/#breadcrumb\"},\"inLanguage\":\"fr-FR\",\"potentialAction\":[{\"@type\":\"ReadAction\",\"target\":[\"https:\\\/\\\/www.bellunopress.it\\\/2012\\\/01\\\/11\\\/comitato-andreane-interrate-il-nuovo-elettrodotto-come-a-polpet-lassessore-paolo-gamba-assicura-il-sostegno-politico-alla-richiesta\\\/\"]}]},{\"@type\":\"ImageObject\",\"inLanguage\":\"fr-FR\",\"@id\":\"https:\\\/\\\/www.bellunopress.it\\\/2012\\\/01\\\/11\\\/comitato-andreane-interrate-il-nuovo-elettrodotto-come-a-polpet-lassessore-paolo-gamba-assicura-il-sostegno-politico-alla-richiesta\\\/#primaryimage\",\"url\":\"http:\\\/\\\/www.bellunopress.it\\\/wp-content\\\/uploads\\\/2011\\\/07\\\/Paolo-Gamba-140x140.jpg\",\"contentUrl\":\"http:\\\/\\\/www.bellunopress.it\\\/wp-content\\\/uploads\\\/2011\\\/07\\\/Paolo-Gamba-140x140.jpg\"},{\"@type\":\"BreadcrumbList\",\"@id\":\"https:\\\/\\\/www.bellunopress.it\\\/2012\\\/01\\\/11\\\/comitato-andreane-interrate-il-nuovo-elettrodotto-come-a-polpet-lassessore-paolo-gamba-assicura-il-sostegno-politico-alla-richiesta\\\/#breadcrumb\",\"itemListElement\":[{\"@type\":\"ListItem\",\"position\":1,\"name\":\"Home\",\"item\":\"https:\\\/\\\/www.bellunopress.it\\\/\"},{\"@type\":\"ListItem\",\"position\":2,\"name\":\"Comitato Andreane: &#8220;Interrate il nuovo elettrodotto, come a Polpet&#8221;! L&#8217;assessore Paolo Gamba assicura il sostegno politico alla richiesta\"}]},{\"@type\":\"WebSite\",\"@id\":\"https:\\\/\\\/www.bellunopress.it\\\/#website\",\"url\":\"https:\\\/\\\/www.bellunopress.it\\\/\",\"name\":\"Bellunopress - Dolomiti\",\"description\":\"e-mail: redazione@bellunopress.it\",\"publisher\":{\"@id\":\"https:\\\/\\\/www.bellunopress.it\\\/#organization\"},\"potentialAction\":[{\"@type\":\"SearchAction\",\"target\":{\"@type\":\"EntryPoint\",\"urlTemplate\":\"https:\\\/\\\/www.bellunopress.it\\\/?s={search_term_string}\"},\"query-input\":{\"@type\":\"PropertyValueSpecification\",\"valueRequired\":true,\"valueName\":\"search_term_string\"}}],\"inLanguage\":\"fr-FR\"},{\"@type\":\"Organization\",\"@id\":\"https:\\\/\\\/www.bellunopress.it\\\/#organization\",\"name\":\"Bellunopress\",\"url\":\"https:\\\/\\\/www.bellunopress.it\\\/\",\"logo\":{\"@type\":\"ImageObject\",\"inLanguage\":\"fr-FR\",\"@id\":\"https:\\\/\\\/www.bellunopress.it\\\/#\\\/schema\\\/logo\\\/image\\\/\",\"url\":\"https:\\\/\\\/www.bellunopress.it\\\/wp-content\\\/uploads\\\/2011\\\/05\\\/cropped-logo-bellunopress-.jpg\",\"contentUrl\":\"https:\\\/\\\/www.bellunopress.it\\\/wp-content\\\/uploads\\\/2011\\\/05\\\/cropped-logo-bellunopress-.jpg\",\"width\":512,\"height\":512,\"caption\":\"Bellunopress\"},\"image\":{\"@id\":\"https:\\\/\\\/www.bellunopress.it\\\/#\\\/schema\\\/logo\\\/image\\\/\"},\"sameAs\":[\"https:\\\/\\\/www.facebook.com\\\/profile.php?id=100008943462799\",\"https:\\\/\\\/x.com\\\/bellunopress\",\"https:\\\/\\\/www.linkedin.com\\\/hp\\\/?dnr=JBzUWaJfMUw8vbXJJ2tVW5-I3jZKvC4wsoxE&amp;amp;amp;amp;amp;amp;trk=nav_responsive_tab_home\",\"https:\\\/\\\/www.youtube.com\\\/channel\\\/UCxL0wu1uN0_3_7hGG0306cw\"]},{\"@type\":\"Person\",\"@id\":\"https:\\\/\\\/www.bellunopress.it\\\/#\\\/schema\\\/person\\\/79bb06722b37ece1c03d3e94beb30d73\",\"name\":\"redazione\",\"image\":{\"@type\":\"ImageObject\",\"inLanguage\":\"fr-FR\",\"@id\":\"https:\\\/\\\/secure.gravatar.com\\\/avatar\\\/37d968a2e67a6fd04c169c4bdef102d0bc5d31b2546345219e348575eb80e9a0?s=96&d=mm&r=g\",\"url\":\"https:\\\/\\\/secure.gravatar.com\\\/avatar\\\/37d968a2e67a6fd04c169c4bdef102d0bc5d31b2546345219e348575eb80e9a0?s=96&d=mm&r=g\",\"contentUrl\":\"https:\\\/\\\/secure.gravatar.com\\\/avatar\\\/37d968a2e67a6fd04c169c4bdef102d0bc5d31b2546345219e348575eb80e9a0?s=96&d=mm&r=g\",\"caption\":\"redazione\"},\"sameAs\":[\"http:\\\/\\\/www.bellunopress.it\",\"https:\\\/\\\/x.com\\\/bellunopress\"],\"url\":\"https:\\\/\\\/www.bellunopress.it\\\/fr\\\/author\\\/redazione\\\/\"}]}<\/script>\n<!-- \/ Yoast SEO plugin. -->","yoast_head_json":{"title":"Comitato Andreane: \"Interrate il nuovo elettrodotto, come a Polpet\"! L'assessore Paolo Gamba assicura il sostegno politico alla richiesta - Bellunopress - Dolomiti","robots":{"index":"index","follow":"follow","max-snippet":"max-snippet:-1","max-image-preview":"max-image-preview:large","max-video-preview":"max-video-preview:-1"},"canonical":"https:\/\/www.bellunopress.it\/fr\/2012\/01\/11\/comitato-andreane-interrate-il-nuovo-elettrodotto-come-a-polpet-lassessore-paolo-gamba-assicura-il-sostegno-politico-alla-richiesta\/","og_locale":"fr_FR","og_type":"article","og_title":"Comitato Andreane: \"Interrate il nuovo elettrodotto, come a Polpet\"! L'assessore Paolo Gamba assicura il sostegno politico alla richiesta - Bellunopress - Dolomiti","og_description":"Interramento del nuovo elettrodotto Polpet-Scorz\u00e8, cos\u00ec come hanno ottenuto gli abitanti di Ponte nelle Alpi. E&#8217; la richiesta formulata dinanzi all&#8217;assessore Paolo Gamba e al consigliere comunale e presidente della Comunit\u00e0 montana Belluno &#8211; Ponte nelle Alpi Giorgio De Bona dal rappresentante del Comitato di Andreane Luigi Fontana. L&#8217;incontro, riguardante le osservazioni da presentare a [&hellip;]","og_url":"https:\/\/www.bellunopress.it\/fr\/2012\/01\/11\/comitato-andreane-interrate-il-nuovo-elettrodotto-come-a-polpet-lassessore-paolo-gamba-assicura-il-sostegno-politico-alla-richiesta\/","og_site_name":"Bellunopress - Dolomiti","article_publisher":"https:\/\/www.facebook.com\/profile.php?id=100008943462799","article_published_time":"2012-01-11T13:20:14+00:00","article_modified_time":"2012-01-11T17:22:23+00:00","og_image":[{"url":"http:\/\/www.bellunopress.it\/wp-content\/uploads\/2011\/07\/Paolo-Gamba-140x140.jpg","type":"","width":"","height":""}],"author":"redazione","twitter_card":"summary_large_image","twitter_creator":"@bellunopress","twitter_site":"@bellunopress","twitter_misc":{"Written by":"redazione","Est. reading time":"2 minutes"},"schema":{"@context":"https:\/\/schema.org","@graph":[{"@type":"Article","@id":"https:\/\/www.bellunopress.it\/2012\/01\/11\/comitato-andreane-interrate-il-nuovo-elettrodotto-come-a-polpet-lassessore-paolo-gamba-assicura-il-sostegno-politico-alla-richiesta\/#article","isPartOf":{"@id":"https:\/\/www.bellunopress.it\/2012\/01\/11\/comitato-andreane-interrate-il-nuovo-elettrodotto-come-a-polpet-lassessore-paolo-gamba-assicura-il-sostegno-politico-alla-richiesta\/"},"author":{"name":"redazione","@id":"https:\/\/www.bellunopress.it\/#\/schema\/person\/79bb06722b37ece1c03d3e94beb30d73"},"headline":"Comitato Andreane: &#8220;Interrate il nuovo elettrodotto, come a Polpet&#8221;! L&#8217;assessore Paolo Gamba assicura il sostegno politico alla richiesta","datePublished":"2012-01-11T13:20:14+00:00","dateModified":"2012-01-11T17:22:23+00:00","mainEntityOfPage":{"@id":"https:\/\/www.bellunopress.it\/2012\/01\/11\/comitato-andreane-interrate-il-nuovo-elettrodotto-come-a-polpet-lassessore-paolo-gamba-assicura-il-sostegno-politico-alla-richiesta\/"},"wordCount":418,"publisher":{"@id":"https:\/\/www.bellunopress.it\/#organization"},"image":{"@id":"https:\/\/www.bellunopress.it\/2012\/01\/11\/comitato-andreane-interrate-il-nuovo-elettrodotto-come-a-polpet-lassessore-paolo-gamba-assicura-il-sostegno-politico-alla-richiesta\/#primaryimage"},"thumbnailUrl":"http:\/\/www.bellunopress.it\/wp-content\/uploads\/2011\/07\/Paolo-Gamba-140x140.jpg","articleSection":["Cronaca\/Politica","Prima Pagina"],"inLanguage":"fr-FR"},{"@type":"WebPage","@id":"https:\/\/www.bellunopress.it\/2012\/01\/11\/comitato-andreane-interrate-il-nuovo-elettrodotto-come-a-polpet-lassessore-paolo-gamba-assicura-il-sostegno-politico-alla-richiesta\/","url":"https:\/\/www.bellunopress.it\/2012\/01\/11\/comitato-andreane-interrate-il-nuovo-elettrodotto-come-a-polpet-lassessore-paolo-gamba-assicura-il-sostegno-politico-alla-richiesta\/","name":"Comitato Andreane: \"Interrate il nuovo elettrodotto, come a Polpet\"! L'assessore Paolo Gamba assicura il sostegno politico alla richiesta - Bellunopress - Dolomiti","isPartOf":{"@id":"https:\/\/www.bellunopress.it\/#website"},"primaryImageOfPage":{"@id":"https:\/\/www.bellunopress.it\/2012\/01\/11\/comitato-andreane-interrate-il-nuovo-elettrodotto-come-a-polpet-lassessore-paolo-gamba-assicura-il-sostegno-politico-alla-richiesta\/#primaryimage"},"image":{"@id":"https:\/\/www.bellunopress.it\/2012\/01\/11\/comitato-andreane-interrate-il-nuovo-elettrodotto-come-a-polpet-lassessore-paolo-gamba-assicura-il-sostegno-politico-alla-richiesta\/#primaryimage"},"thumbnailUrl":"http:\/\/www.bellunopress.it\/wp-content\/uploads\/2011\/07\/Paolo-Gamba-140x140.jpg","datePublished":"2012-01-11T13:20:14+00:00","dateModified":"2012-01-11T17:22:23+00:00","breadcrumb":{"@id":"https:\/\/www.bellunopress.it\/2012\/01\/11\/comitato-andreane-interrate-il-nuovo-elettrodotto-come-a-polpet-lassessore-paolo-gamba-assicura-il-sostegno-politico-alla-richiesta\/#breadcrumb"},"inLanguage":"fr-FR","potentialAction":[{"@type":"ReadAction","target":["https:\/\/www.bellunopress.it\/2012\/01\/11\/comitato-andreane-interrate-il-nuovo-elettrodotto-come-a-polpet-lassessore-paolo-gamba-assicura-il-sostegno-politico-alla-richiesta\/"]}]},{"@type":"ImageObject","inLanguage":"fr-FR","@id":"https:\/\/www.bellunopress.it\/2012\/01\/11\/comitato-andreane-interrate-il-nuovo-elettrodotto-come-a-polpet-lassessore-paolo-gamba-assicura-il-sostegno-politico-alla-richiesta\/#primaryimage","url":"http:\/\/www.bellunopress.it\/wp-content\/uploads\/2011\/07\/Paolo-Gamba-140x140.jpg","contentUrl":"http:\/\/www.bellunopress.it\/wp-content\/uploads\/2011\/07\/Paolo-Gamba-140x140.jpg"},{"@type":"BreadcrumbList","@id":"https:\/\/www.bellunopress.it\/2012\/01\/11\/comitato-andreane-interrate-il-nuovo-elettrodotto-come-a-polpet-lassessore-paolo-gamba-assicura-il-sostegno-politico-alla-richiesta\/#breadcrumb","itemListElement":[{"@type":"ListItem","position":1,"name":"Home","item":"https:\/\/www.bellunopress.it\/"},{"@type":"ListItem","position":2,"name":"Comitato Andreane: &#8220;Interrate il nuovo elettrodotto, come a Polpet&#8221;! L&#8217;assessore Paolo Gamba assicura il sostegno politico alla richiesta"}]},{"@type":"WebSite","@id":"https:\/\/www.bellunopress.it\/#website","url":"https:\/\/www.bellunopress.it\/","name":"Bellunopress - Dolomiti","description":"e-mail: redazione@bellunopress.it","publisher":{"@id":"https:\/\/www.bellunopress.it\/#organization"},"potentialAction":[{"@type":"SearchAction","target":{"@type":"EntryPoint","urlTemplate":"https:\/\/www.bellunopress.it\/?s={search_term_string}"},"query-input":{"@type":"PropertyValueSpecification","valueRequired":true,"valueName":"search_term_string"}}],"inLanguage":"fr-FR"},{"@type":"Organization","@id":"https:\/\/www.bellunopress.it\/#organization","name":"Bellunopress","url":"https:\/\/www.bellunopress.it\/","logo":{"@type":"ImageObject","inLanguage":"fr-FR","@id":"https:\/\/www.bellunopress.it\/#\/schema\/logo\/image\/","url":"https:\/\/www.bellunopress.it\/wp-content\/uploads\/2011\/05\/cropped-logo-bellunopress-.jpg","contentUrl":"https:\/\/www.bellunopress.it\/wp-content\/uploads\/2011\/05\/cropped-logo-bellunopress-.jpg","width":512,"height":512,"caption":"Bellunopress"},"image":{"@id":"https:\/\/www.bellunopress.it\/#\/schema\/logo\/image\/"},"sameAs":["https:\/\/www.facebook.com\/profile.php?id=100008943462799","https:\/\/x.com\/bellunopress","https:\/\/www.linkedin.com\/hp\/?dnr=JBzUWaJfMUw8vbXJJ2tVW5-I3jZKvC4wsoxE&amp;amp;amp;amp;amp;amp;trk=nav_responsive_tab_home","https:\/\/www.youtube.com\/channel\/UCxL0wu1uN0_3_7hGG0306cw"]},{"@type":"Person","@id":"https:\/\/www.bellunopress.it\/#\/schema\/person\/79bb06722b37ece1c03d3e94beb30d73","name":"r\u00e9daction","image":{"@type":"ImageObject","inLanguage":"fr-FR","@id":"https:\/\/secure.gravatar.com\/avatar\/37d968a2e67a6fd04c169c4bdef102d0bc5d31b2546345219e348575eb80e9a0?s=96&d=mm&r=g","url":"https:\/\/secure.gravatar.com\/avatar\/37d968a2e67a6fd04c169c4bdef102d0bc5d31b2546345219e348575eb80e9a0?s=96&d=mm&r=g","contentUrl":"https:\/\/secure.gravatar.com\/avatar\/37d968a2e67a6fd04c169c4bdef102d0bc5d31b2546345219e348575eb80e9a0?s=96&d=mm&r=g","caption":"redazione"},"sameAs":["http:\/\/www.bellunopress.it","https:\/\/x.com\/bellunopress"],"url":"https:\/\/www.bellunopress.it\/fr\/author\/redazione\/"}]}},"_links":{"self":[{"href":"https:\/\/www.bellunopress.it\/fr\/wp-json\/wp\/v2\/posts\/34078","targetHints":{"allow":["GET"]}}],"collection":[{"href":"https:\/\/www.bellunopress.it\/fr\/wp-json\/wp\/v2\/posts"}],"about":[{"href":"https:\/\/www.bellunopress.it\/fr\/wp-json\/wp\/v2\/types\/post"}],"author":[{"embeddable":true,"href":"https:\/\/www.bellunopress.it\/fr\/wp-json\/wp\/v2\/users\/2"}],"replies":[{"embeddable":true,"href":"https:\/\/www.bellunopress.it\/fr\/wp-json\/wp\/v2\/comments?post=34078"}],"version-history":[{"count":1,"href":"https:\/\/www.bellunopress.it\/fr\/wp-json\/wp\/v2\/posts\/34078\/revisions"}],"predecessor-version":[{"id":34079,"href":"https:\/\/www.bellunopress.it\/fr\/wp-json\/wp\/v2\/posts\/34078\/revisions\/34079"}],"wp:attachment":[{"href":"https:\/\/www.bellunopress.it\/fr\/wp-json\/wp\/v2\/media?parent=34078"}],"wp:term":[{"taxonomy":"category","embeddable":true,"href":"https:\/\/www.bellunopress.it\/fr\/wp-json\/wp\/v2\/categories?post=34078"},{"taxonomy":"post_tag","embeddable":true,"href":"https:\/\/www.bellunopress.it\/fr\/wp-json\/wp\/v2\/tags?post=34078"}],"curies":[{"name":"wp","href":"https:\/\/api.w.org\/{rel}","templated":true}]}}