{"id":34061,"date":"2012-01-11T17:20:32","date_gmt":"2012-01-11T16:20:32","guid":{"rendered":"http:\/\/www.bellunopress.it\/?p=34061"},"modified":"2012-01-11T17:20:34","modified_gmt":"2012-01-11T16:20:34","slug":"approvato-lo-statuto-della-regione-veneto-con-la-specificita-di-belluno-zaia-una-carta-costituzionale-che-apre-una-stagione-di-modernita","status":"publish","type":"post","link":"https:\/\/www.bellunopress.it\/fr\/2012\/01\/11\/approvato-lo-statuto-della-regione-veneto-con-la-specificita-di-belluno-zaia-una-carta-costituzionale-che-apre-una-stagione-di-modernita\/","title":{"rendered":"Approvato lo Statuto della Regione Veneto con la specificit\u00e0 di Belluno. Zaia: &#8220;Una Carta costituzionale che apre una stagione di modernit\u00e0&#8221;"},"content":{"rendered":"<p><a href=\"http:\/\/www.bellunopress.it\/wp-content\/uploads\/2012\/01\/consiglio-regionale.jpg\"><img loading=\"lazy\" decoding=\"async\" class=\"alignleft size-full wp-image-34062\" title=\"consiglio regionale\" src=\"http:\/\/www.bellunopress.it\/wp-content\/uploads\/2012\/01\/consiglio-regionale.jpg\" alt=\"\" width=\"286\" height=\"290\" \/><\/a>Non solo ringraziamenti e auspici, ma anche puntuali considerazioni sul significato dell\u2019atteso traguardo raggiunto oggi dalla massima Istituzione veneta, hanno contraddistinto l\u2019intervento del presidente Luca Zaia davanti all\u2019assemblea di Ferro Fini, che ha approvato in seconda lettura il nuovo Statuto della Regione, in un\u2019atmosfera che lo stesso presidente ha definito di festa: \u201cOggi \u2013 ha detto \u2013 \u00e8 la festa di questo Consiglio e il riconoscimento del suo grande senso di responsabilit\u00e0: dopo mesi in cui gli sono stati scaricati addosso tanti oneri, oggi pu\u00f2 passare all\u2019incasso degli onori\u201d. Ai grazie rivolti al presidente della Commissione Statuto, Carlo Alberto Tesserin, al relatore di minoranza, Sergio Reolon, al presidente del Consiglio, Clodovaldo Ruffato e a tutti i consiglieri, \u201cuno a uno, anche coloro che si sono astenuti o hanno votato contro\u201d, il presidente ha fatto seguire un auspicio su tutti: che lo Statuto adesso non incontri ostacoli a Roma e venga definitivamente approvato al pi\u00f9 presto. \u201cIn tal senso \u2013 ha sottolineato \u2013 ho raccolto nel recente incontro con il ministro Anna Maria Cancellieri l\u2019impegno del Governo\u201d. Ma non \u00e8 stato, come detto, un intervento di rito quello di Zaia, che ha voluto sottolineare la \u201cstraordinariet\u00e0\u201d del lavoro svolto dal Consiglio e la stagione di \u201cmodernit\u00e0\u201d che da qui in avanti si apre. \u201cStiamo vivendo un momento storico \u2013 ha evidenziato il presidente \u2013, positivamente segnato da una fase epocale di riforme, del tutto unica, che ciascun consigliere ha affrontato anche togliendosi la casacca da militante, perch\u00e9 consapevole che \u2018prima vengono i Veneti\u2019. Per la prima volta siamo di fronte a una Carta costituzionale introdotta con una legge regionale e quindi non pi\u00f9 figlia di una legge dello Stato, ma espressione dell\u2019autogoverno del popolo Veneto. Questo nuovo Statuto ci pone di fronte a grandi sfide che noi siamo disposti ad accettare, mettendoci alla prova e scendendo in campo per chiedere nuove competenze: competenze che siamo disposti a negoziare secondo il principio della \u2018geometria variabile\u2019, competenze che non ci sono mai state date perch\u00e9 la Costituzione italiana, pur scritta da autentici federalisti,\u00a0 \u00e8 stata interpretata e gestita da autentici centralisti\u2019\u2019.<\/p>\n<figure id=\"attachment_21185\" aria-describedby=\"caption-attachment-21185\" style=\"width: 233px\" class=\"wp-caption alignleft\"><a href=\"http:\/\/www.bellunopress.it\/wp-content\/uploads\/2010\/11\/zaia-300x220.jpg\"><img loading=\"lazy\" decoding=\"async\" class=\"size-full wp-image-21185\" title=\"zaia-300x220\" src=\"http:\/\/www.bellunopress.it\/wp-content\/uploads\/2010\/11\/zaia-300x220.jpg\" alt=\"\" width=\"233\" height=\"300\" \/><\/a><figcaption id=\"caption-attachment-21185\" class=\"wp-caption-text\">Luca Zaia<\/figcaption><\/figure>\n<p>Per Zaia l\u2019odierno traguardo apre definitivamente la strada al federalismo e all\u2019autonomia, nel rispetto della Costituzione, \u201ce sar\u00e0 proprio l\u2019attuazione del progetto federalista \u2013 ha ribadito il presidente \u2013 la via maestra per uscire dalla crisi, distribuendo equamente risorse ma anche responsabilit\u00e0 gestionali e amministrative a livello locale\u201d. Tra gli elementi innovativi e di modernit\u00e0 introdotti con lo Statuto e con il pi\u00f9 complessivo pacchetto di riforme approvato dal Consiglio regionale, Zaia ha ricordato l\u2019istituzione del Consiglio delle Autonomie; il taglio ai costi della politica (eliminazione dei\u00a0 vitalizi, riduzione delle indennit\u00e0 e del numero dei consiglieri, la limitazione a due mandati); la specificit\u00e0 di Belluno; il rinnovato regolamento consiliare che disegna un ruolo nuovo sia per la maggioranza, \u201cche non avr\u00e0 pi\u00f9 alibi\u201d, sia per l\u2019opposizione, a cui sono date maggiori opportunit\u00e0 di presentare proprie proposte; la possibilit\u00e0 per i\u00a0 veneti, grazie alla nuova legge elettorale, di scegliere i propri candidati. \u201cInsomma \u2013 ha detto il presidente \u2013 abbiamo avuto il coraggio di fare delle leggi e dei regolamenti che i cittadini ci chiedevano. Noi li abbiamo fatti, lo Stato ancora no\u201d. \u201cE\u2019 un momento delicato \u2013 ha concluso il suo intervento il presidente Zaia, facendo cenno ai tanti corregionali che hanno perso il lavoro e ai problemi occupazionali causati dalla crisi economica \u2013 che noi possiamo oggi affrontare con uno strumento pi\u00f9 efficace per realizzare le necessarie politiche di intervento. Possiamo con pi\u00f9 fiducia farci carico di nuove responsabilit\u00e0 in favore delle giovani generazioni perch\u00e9 questo Statuto, come diceva Piero Calamandrei della Costituzione Italiana nel 1948, \u00e8 presbite, cio\u00e8 vede male le cose da vicino ma vede molto bene quelle lontane\u201d.<\/p>\n<p>&nbsp;<\/p>","protected":false},"excerpt":{"rendered":"<p>Non solo ringraziamenti e auspici, ma anche puntuali considerazioni sul significato dell\u2019atteso traguardo raggiunto oggi dalla massima Istituzione veneta, hanno contraddistinto l\u2019intervento del presidente Luca Zaia davanti all\u2019assemblea di Ferro Fini, che ha approvato in seconda lettura il nuovo Statuto della Regione, in un\u2019atmosfera che lo stesso presidente ha definito di festa: \u201cOggi \u2013 ha [&hellip;]<\/p>\n","protected":false},"author":2,"featured_media":0,"comment_status":"closed","ping_status":"open","sticky":false,"template":"","format":"standard","meta":{"footnotes":""},"categories":[1],"tags":[],"class_list":["post-34061","post","type-post","status-publish","format-standard","category-leo"],"yoast_head":"<!-- This site is optimized with the Yoast SEO plugin v28.4 - https:\/\/yoast.com\/product\/yoast-seo-wordpress\/ -->\n<title>Approvato lo Statuto della Regione Veneto con la specificit\u00e0 di Belluno. Zaia: &quot;Una Carta costituzionale che apre una stagione di modernit\u00e0&quot; - Bellunopress - Dolomiti<\/title>\n<meta name=\"robots\" content=\"index, follow, max-snippet:-1, max-image-preview:large, max-video-preview:-1\" \/>\n<link rel=\"canonical\" href=\"https:\/\/www.bellunopress.it\/fr\/2012\/01\/11\/approvato-lo-statuto-della-regione-veneto-con-la-specificita-di-belluno-zaia-una-carta-costituzionale-che-apre-una-stagione-di-modernita\/\" \/>\n<meta property=\"og:locale\" content=\"fr_FR\" \/>\n<meta property=\"og:type\" content=\"article\" \/>\n<meta property=\"og:title\" content=\"Approvato lo Statuto della Regione Veneto con la specificit\u00e0 di Belluno. Zaia: &quot;Una Carta costituzionale che apre una stagione di modernit\u00e0&quot; - Bellunopress - Dolomiti\" \/>\n<meta property=\"og:description\" content=\"Non solo ringraziamenti e auspici, ma anche puntuali considerazioni sul significato dell\u2019atteso traguardo raggiunto oggi dalla massima Istituzione veneta, hanno contraddistinto l\u2019intervento del presidente Luca Zaia davanti all\u2019assemblea di Ferro Fini, che ha approvato in seconda lettura il nuovo Statuto della Regione, in un\u2019atmosfera che lo stesso presidente ha definito di festa: \u201cOggi \u2013 ha [&hellip;]\" \/>\n<meta property=\"og:url\" content=\"https:\/\/www.bellunopress.it\/fr\/2012\/01\/11\/approvato-lo-statuto-della-regione-veneto-con-la-specificita-di-belluno-zaia-una-carta-costituzionale-che-apre-una-stagione-di-modernita\/\" \/>\n<meta property=\"og:site_name\" content=\"Bellunopress - Dolomiti\" \/>\n<meta property=\"article:publisher\" content=\"https:\/\/www.facebook.com\/profile.php?id=100008943462799\" \/>\n<meta property=\"article:published_time\" content=\"2012-01-11T16:20:32+00:00\" \/>\n<meta property=\"article:modified_time\" content=\"2012-01-11T16:20:34+00:00\" \/>\n<meta property=\"og:image\" content=\"http:\/\/www.bellunopress.it\/wp-content\/uploads\/2012\/01\/consiglio-regionale.jpg\" \/>\n<meta name=\"author\" content=\"redazione\" \/>\n<meta name=\"twitter:card\" content=\"summary_large_image\" \/>\n<meta name=\"twitter:creator\" content=\"@bellunopress\" \/>\n<meta name=\"twitter:site\" content=\"@bellunopress\" \/>\n<meta name=\"twitter:label1\" content=\"\u00c9crit par\" \/>\n\t<meta name=\"twitter:data1\" content=\"redazione\" \/>\n\t<meta name=\"twitter:label2\" content=\"Dur\u00e9e de lecture estim\u00e9e\" \/>\n\t<meta name=\"twitter:data2\" content=\"3 minutes\" \/>\n<script type=\"application\/ld+json\" class=\"yoast-schema-graph\">{\"@context\":\"https:\\\/\\\/schema.org\",\"@graph\":[{\"@type\":\"Article\",\"@id\":\"https:\\\/\\\/www.bellunopress.it\\\/2012\\\/01\\\/11\\\/approvato-lo-statuto-della-regione-veneto-con-la-specificita-di-belluno-zaia-una-carta-costituzionale-che-apre-una-stagione-di-modernita\\\/#article\",\"isPartOf\":{\"@id\":\"https:\\\/\\\/www.bellunopress.it\\\/2012\\\/01\\\/11\\\/approvato-lo-statuto-della-regione-veneto-con-la-specificita-di-belluno-zaia-una-carta-costituzionale-che-apre-una-stagione-di-modernita\\\/\"},\"author\":{\"name\":\"redazione\",\"@id\":\"https:\\\/\\\/www.bellunopress.it\\\/#\\\/schema\\\/person\\\/79bb06722b37ece1c03d3e94beb30d73\"},\"headline\":\"Approvato lo Statuto della Regione Veneto con la specificit\u00e0 di Belluno. Zaia: &#8220;Una Carta costituzionale che apre una stagione di modernit\u00e0&#8221;\",\"datePublished\":\"2012-01-11T16:20:32+00:00\",\"dateModified\":\"2012-01-11T16:20:34+00:00\",\"mainEntityOfPage\":{\"@id\":\"https:\\\/\\\/www.bellunopress.it\\\/2012\\\/01\\\/11\\\/approvato-lo-statuto-della-regione-veneto-con-la-specificita-di-belluno-zaia-una-carta-costituzionale-che-apre-una-stagione-di-modernita\\\/\"},\"wordCount\":647,\"publisher\":{\"@id\":\"https:\\\/\\\/www.bellunopress.it\\\/#organization\"},\"image\":{\"@id\":\"https:\\\/\\\/www.bellunopress.it\\\/2012\\\/01\\\/11\\\/approvato-lo-statuto-della-regione-veneto-con-la-specificita-di-belluno-zaia-una-carta-costituzionale-che-apre-una-stagione-di-modernita\\\/#primaryimage\"},\"thumbnailUrl\":\"http:\\\/\\\/www.bellunopress.it\\\/wp-content\\\/uploads\\\/2012\\\/01\\\/consiglio-regionale.jpg\",\"articleSection\":[\"Lettere Opinioni\"],\"inLanguage\":\"fr-FR\"},{\"@type\":\"WebPage\",\"@id\":\"https:\\\/\\\/www.bellunopress.it\\\/2012\\\/01\\\/11\\\/approvato-lo-statuto-della-regione-veneto-con-la-specificita-di-belluno-zaia-una-carta-costituzionale-che-apre-una-stagione-di-modernita\\\/\",\"url\":\"https:\\\/\\\/www.bellunopress.it\\\/2012\\\/01\\\/11\\\/approvato-lo-statuto-della-regione-veneto-con-la-specificita-di-belluno-zaia-una-carta-costituzionale-che-apre-una-stagione-di-modernita\\\/\",\"name\":\"Approvato lo Statuto della Regione Veneto con la specificit\u00e0 di Belluno. Zaia: \\\"Una Carta costituzionale che apre una stagione di modernit\u00e0\\\" - Bellunopress - Dolomiti\",\"isPartOf\":{\"@id\":\"https:\\\/\\\/www.bellunopress.it\\\/#website\"},\"primaryImageOfPage\":{\"@id\":\"https:\\\/\\\/www.bellunopress.it\\\/2012\\\/01\\\/11\\\/approvato-lo-statuto-della-regione-veneto-con-la-specificita-di-belluno-zaia-una-carta-costituzionale-che-apre-una-stagione-di-modernita\\\/#primaryimage\"},\"image\":{\"@id\":\"https:\\\/\\\/www.bellunopress.it\\\/2012\\\/01\\\/11\\\/approvato-lo-statuto-della-regione-veneto-con-la-specificita-di-belluno-zaia-una-carta-costituzionale-che-apre-una-stagione-di-modernita\\\/#primaryimage\"},\"thumbnailUrl\":\"http:\\\/\\\/www.bellunopress.it\\\/wp-content\\\/uploads\\\/2012\\\/01\\\/consiglio-regionale.jpg\",\"datePublished\":\"2012-01-11T16:20:32+00:00\",\"dateModified\":\"2012-01-11T16:20:34+00:00\",\"breadcrumb\":{\"@id\":\"https:\\\/\\\/www.bellunopress.it\\\/2012\\\/01\\\/11\\\/approvato-lo-statuto-della-regione-veneto-con-la-specificita-di-belluno-zaia-una-carta-costituzionale-che-apre-una-stagione-di-modernita\\\/#breadcrumb\"},\"inLanguage\":\"fr-FR\",\"potentialAction\":[{\"@type\":\"ReadAction\",\"target\":[\"https:\\\/\\\/www.bellunopress.it\\\/2012\\\/01\\\/11\\\/approvato-lo-statuto-della-regione-veneto-con-la-specificita-di-belluno-zaia-una-carta-costituzionale-che-apre-una-stagione-di-modernita\\\/\"]}]},{\"@type\":\"ImageObject\",\"inLanguage\":\"fr-FR\",\"@id\":\"https:\\\/\\\/www.bellunopress.it\\\/2012\\\/01\\\/11\\\/approvato-lo-statuto-della-regione-veneto-con-la-specificita-di-belluno-zaia-una-carta-costituzionale-che-apre-una-stagione-di-modernita\\\/#primaryimage\",\"url\":\"http:\\\/\\\/www.bellunopress.it\\\/wp-content\\\/uploads\\\/2012\\\/01\\\/consiglio-regionale.jpg\",\"contentUrl\":\"http:\\\/\\\/www.bellunopress.it\\\/wp-content\\\/uploads\\\/2012\\\/01\\\/consiglio-regionale.jpg\"},{\"@type\":\"BreadcrumbList\",\"@id\":\"https:\\\/\\\/www.bellunopress.it\\\/2012\\\/01\\\/11\\\/approvato-lo-statuto-della-regione-veneto-con-la-specificita-di-belluno-zaia-una-carta-costituzionale-che-apre-una-stagione-di-modernita\\\/#breadcrumb\",\"itemListElement\":[{\"@type\":\"ListItem\",\"position\":1,\"name\":\"Home\",\"item\":\"https:\\\/\\\/www.bellunopress.it\\\/\"},{\"@type\":\"ListItem\",\"position\":2,\"name\":\"Approvato lo Statuto della Regione Veneto con la specificit\u00e0 di Belluno. Zaia: &#8220;Una Carta costituzionale che apre una stagione di modernit\u00e0&#8221;\"}]},{\"@type\":\"WebSite\",\"@id\":\"https:\\\/\\\/www.bellunopress.it\\\/#website\",\"url\":\"https:\\\/\\\/www.bellunopress.it\\\/\",\"name\":\"Bellunopress - Dolomiti\",\"description\":\"e-mail: redazione@bellunopress.it\",\"publisher\":{\"@id\":\"https:\\\/\\\/www.bellunopress.it\\\/#organization\"},\"potentialAction\":[{\"@type\":\"SearchAction\",\"target\":{\"@type\":\"EntryPoint\",\"urlTemplate\":\"https:\\\/\\\/www.bellunopress.it\\\/?s={search_term_string}\"},\"query-input\":{\"@type\":\"PropertyValueSpecification\",\"valueRequired\":true,\"valueName\":\"search_term_string\"}}],\"inLanguage\":\"fr-FR\"},{\"@type\":\"Organization\",\"@id\":\"https:\\\/\\\/www.bellunopress.it\\\/#organization\",\"name\":\"Bellunopress\",\"url\":\"https:\\\/\\\/www.bellunopress.it\\\/\",\"logo\":{\"@type\":\"ImageObject\",\"inLanguage\":\"fr-FR\",\"@id\":\"https:\\\/\\\/www.bellunopress.it\\\/#\\\/schema\\\/logo\\\/image\\\/\",\"url\":\"https:\\\/\\\/www.bellunopress.it\\\/wp-content\\\/uploads\\\/2011\\\/05\\\/cropped-logo-bellunopress-.jpg\",\"contentUrl\":\"https:\\\/\\\/www.bellunopress.it\\\/wp-content\\\/uploads\\\/2011\\\/05\\\/cropped-logo-bellunopress-.jpg\",\"width\":512,\"height\":512,\"caption\":\"Bellunopress\"},\"image\":{\"@id\":\"https:\\\/\\\/www.bellunopress.it\\\/#\\\/schema\\\/logo\\\/image\\\/\"},\"sameAs\":[\"https:\\\/\\\/www.facebook.com\\\/profile.php?id=100008943462799\",\"https:\\\/\\\/x.com\\\/bellunopress\",\"https:\\\/\\\/www.linkedin.com\\\/hp\\\/?dnr=JBzUWaJfMUw8vbXJJ2tVW5-I3jZKvC4wsoxE&amp;amp;amp;amp;amp;amp;trk=nav_responsive_tab_home\",\"https:\\\/\\\/www.youtube.com\\\/channel\\\/UCxL0wu1uN0_3_7hGG0306cw\"]},{\"@type\":\"Person\",\"@id\":\"https:\\\/\\\/www.bellunopress.it\\\/#\\\/schema\\\/person\\\/79bb06722b37ece1c03d3e94beb30d73\",\"name\":\"redazione\",\"image\":{\"@type\":\"ImageObject\",\"inLanguage\":\"fr-FR\",\"@id\":\"https:\\\/\\\/secure.gravatar.com\\\/avatar\\\/37d968a2e67a6fd04c169c4bdef102d0bc5d31b2546345219e348575eb80e9a0?s=96&d=mm&r=g\",\"url\":\"https:\\\/\\\/secure.gravatar.com\\\/avatar\\\/37d968a2e67a6fd04c169c4bdef102d0bc5d31b2546345219e348575eb80e9a0?s=96&d=mm&r=g\",\"contentUrl\":\"https:\\\/\\\/secure.gravatar.com\\\/avatar\\\/37d968a2e67a6fd04c169c4bdef102d0bc5d31b2546345219e348575eb80e9a0?s=96&d=mm&r=g\",\"caption\":\"redazione\"},\"sameAs\":[\"http:\\\/\\\/www.bellunopress.it\",\"https:\\\/\\\/x.com\\\/bellunopress\"],\"url\":\"https:\\\/\\\/www.bellunopress.it\\\/fr\\\/author\\\/redazione\\\/\"}]}<\/script>\n<!-- \/ Yoast SEO plugin. -->","yoast_head_json":{"title":"Approvato lo Statuto della Regione Veneto con la specificit\u00e0 di Belluno. Zaia: \"Una Carta costituzionale che apre una stagione di modernit\u00e0\" - Bellunopress - Dolomiti","robots":{"index":"index","follow":"follow","max-snippet":"max-snippet:-1","max-image-preview":"max-image-preview:large","max-video-preview":"max-video-preview:-1"},"canonical":"https:\/\/www.bellunopress.it\/fr\/2012\/01\/11\/approvato-lo-statuto-della-regione-veneto-con-la-specificita-di-belluno-zaia-una-carta-costituzionale-che-apre-una-stagione-di-modernita\/","og_locale":"fr_FR","og_type":"article","og_title":"Approvato lo Statuto della Regione Veneto con la specificit\u00e0 di Belluno. Zaia: \"Una Carta costituzionale che apre una stagione di modernit\u00e0\" - Bellunopress - Dolomiti","og_description":"Non solo ringraziamenti e auspici, ma anche puntuali considerazioni sul significato dell\u2019atteso traguardo raggiunto oggi dalla massima Istituzione veneta, hanno contraddistinto l\u2019intervento del presidente Luca Zaia davanti all\u2019assemblea di Ferro Fini, che ha approvato in seconda lettura il nuovo Statuto della Regione, in un\u2019atmosfera che lo stesso presidente ha definito di festa: \u201cOggi \u2013 ha [&hellip;]","og_url":"https:\/\/www.bellunopress.it\/fr\/2012\/01\/11\/approvato-lo-statuto-della-regione-veneto-con-la-specificita-di-belluno-zaia-una-carta-costituzionale-che-apre-una-stagione-di-modernita\/","og_site_name":"Bellunopress - Dolomiti","article_publisher":"https:\/\/www.facebook.com\/profile.php?id=100008943462799","article_published_time":"2012-01-11T16:20:32+00:00","article_modified_time":"2012-01-11T16:20:34+00:00","og_image":[{"url":"http:\/\/www.bellunopress.it\/wp-content\/uploads\/2012\/01\/consiglio-regionale.jpg","type":"","width":"","height":""}],"author":"redazione","twitter_card":"summary_large_image","twitter_creator":"@bellunopress","twitter_site":"@bellunopress","twitter_misc":{"\u00c9crit par":"redazione","Dur\u00e9e de lecture estim\u00e9e":"3 minutes"},"schema":{"@context":"https:\/\/schema.org","@graph":[{"@type":"Article","@id":"https:\/\/www.bellunopress.it\/2012\/01\/11\/approvato-lo-statuto-della-regione-veneto-con-la-specificita-di-belluno-zaia-una-carta-costituzionale-che-apre-una-stagione-di-modernita\/#article","isPartOf":{"@id":"https:\/\/www.bellunopress.it\/2012\/01\/11\/approvato-lo-statuto-della-regione-veneto-con-la-specificita-di-belluno-zaia-una-carta-costituzionale-che-apre-una-stagione-di-modernita\/"},"author":{"name":"redazione","@id":"https:\/\/www.bellunopress.it\/#\/schema\/person\/79bb06722b37ece1c03d3e94beb30d73"},"headline":"Approvato lo Statuto della Regione Veneto con la specificit\u00e0 di Belluno. Zaia: &#8220;Una Carta costituzionale che apre una stagione di modernit\u00e0&#8221;","datePublished":"2012-01-11T16:20:32+00:00","dateModified":"2012-01-11T16:20:34+00:00","mainEntityOfPage":{"@id":"https:\/\/www.bellunopress.it\/2012\/01\/11\/approvato-lo-statuto-della-regione-veneto-con-la-specificita-di-belluno-zaia-una-carta-costituzionale-che-apre-una-stagione-di-modernita\/"},"wordCount":647,"publisher":{"@id":"https:\/\/www.bellunopress.it\/#organization"},"image":{"@id":"https:\/\/www.bellunopress.it\/2012\/01\/11\/approvato-lo-statuto-della-regione-veneto-con-la-specificita-di-belluno-zaia-una-carta-costituzionale-che-apre-una-stagione-di-modernita\/#primaryimage"},"thumbnailUrl":"http:\/\/www.bellunopress.it\/wp-content\/uploads\/2012\/01\/consiglio-regionale.jpg","articleSection":["Lettere Opinioni"],"inLanguage":"fr-FR"},{"@type":"WebPage","@id":"https:\/\/www.bellunopress.it\/2012\/01\/11\/approvato-lo-statuto-della-regione-veneto-con-la-specificita-di-belluno-zaia-una-carta-costituzionale-che-apre-una-stagione-di-modernita\/","url":"https:\/\/www.bellunopress.it\/2012\/01\/11\/approvato-lo-statuto-della-regione-veneto-con-la-specificita-di-belluno-zaia-una-carta-costituzionale-che-apre-una-stagione-di-modernita\/","name":"Approvato lo Statuto della Regione Veneto con la specificit\u00e0 di Belluno. Zaia: \"Una Carta costituzionale che apre una stagione di modernit\u00e0\" - Bellunopress - Dolomiti","isPartOf":{"@id":"https:\/\/www.bellunopress.it\/#website"},"primaryImageOfPage":{"@id":"https:\/\/www.bellunopress.it\/2012\/01\/11\/approvato-lo-statuto-della-regione-veneto-con-la-specificita-di-belluno-zaia-una-carta-costituzionale-che-apre-una-stagione-di-modernita\/#primaryimage"},"image":{"@id":"https:\/\/www.bellunopress.it\/2012\/01\/11\/approvato-lo-statuto-della-regione-veneto-con-la-specificita-di-belluno-zaia-una-carta-costituzionale-che-apre-una-stagione-di-modernita\/#primaryimage"},"thumbnailUrl":"http:\/\/www.bellunopress.it\/wp-content\/uploads\/2012\/01\/consiglio-regionale.jpg","datePublished":"2012-01-11T16:20:32+00:00","dateModified":"2012-01-11T16:20:34+00:00","breadcrumb":{"@id":"https:\/\/www.bellunopress.it\/2012\/01\/11\/approvato-lo-statuto-della-regione-veneto-con-la-specificita-di-belluno-zaia-una-carta-costituzionale-che-apre-una-stagione-di-modernita\/#breadcrumb"},"inLanguage":"fr-FR","potentialAction":[{"@type":"ReadAction","target":["https:\/\/www.bellunopress.it\/2012\/01\/11\/approvato-lo-statuto-della-regione-veneto-con-la-specificita-di-belluno-zaia-una-carta-costituzionale-che-apre-una-stagione-di-modernita\/"]}]},{"@type":"ImageObject","inLanguage":"fr-FR","@id":"https:\/\/www.bellunopress.it\/2012\/01\/11\/approvato-lo-statuto-della-regione-veneto-con-la-specificita-di-belluno-zaia-una-carta-costituzionale-che-apre-una-stagione-di-modernita\/#primaryimage","url":"http:\/\/www.bellunopress.it\/wp-content\/uploads\/2012\/01\/consiglio-regionale.jpg","contentUrl":"http:\/\/www.bellunopress.it\/wp-content\/uploads\/2012\/01\/consiglio-regionale.jpg"},{"@type":"BreadcrumbList","@id":"https:\/\/www.bellunopress.it\/2012\/01\/11\/approvato-lo-statuto-della-regione-veneto-con-la-specificita-di-belluno-zaia-una-carta-costituzionale-che-apre-una-stagione-di-modernita\/#breadcrumb","itemListElement":[{"@type":"ListItem","position":1,"name":"Home","item":"https:\/\/www.bellunopress.it\/"},{"@type":"ListItem","position":2,"name":"Approvato lo Statuto della Regione Veneto con la specificit\u00e0 di Belluno. Zaia: &#8220;Una Carta costituzionale che apre una stagione di modernit\u00e0&#8221;"}]},{"@type":"WebSite","@id":"https:\/\/www.bellunopress.it\/#website","url":"https:\/\/www.bellunopress.it\/","name":"Bellunopress - Dolomiti","description":"e-mail: redazione@bellunopress.it","publisher":{"@id":"https:\/\/www.bellunopress.it\/#organization"},"potentialAction":[{"@type":"SearchAction","target":{"@type":"EntryPoint","urlTemplate":"https:\/\/www.bellunopress.it\/?s={search_term_string}"},"query-input":{"@type":"PropertyValueSpecification","valueRequired":true,"valueName":"search_term_string"}}],"inLanguage":"fr-FR"},{"@type":"Organization","@id":"https:\/\/www.bellunopress.it\/#organization","name":"Bellunopress","url":"https:\/\/www.bellunopress.it\/","logo":{"@type":"ImageObject","inLanguage":"fr-FR","@id":"https:\/\/www.bellunopress.it\/#\/schema\/logo\/image\/","url":"https:\/\/www.bellunopress.it\/wp-content\/uploads\/2011\/05\/cropped-logo-bellunopress-.jpg","contentUrl":"https:\/\/www.bellunopress.it\/wp-content\/uploads\/2011\/05\/cropped-logo-bellunopress-.jpg","width":512,"height":512,"caption":"Bellunopress"},"image":{"@id":"https:\/\/www.bellunopress.it\/#\/schema\/logo\/image\/"},"sameAs":["https:\/\/www.facebook.com\/profile.php?id=100008943462799","https:\/\/x.com\/bellunopress","https:\/\/www.linkedin.com\/hp\/?dnr=JBzUWaJfMUw8vbXJJ2tVW5-I3jZKvC4wsoxE&amp;amp;amp;amp;amp;amp;trk=nav_responsive_tab_home","https:\/\/www.youtube.com\/channel\/UCxL0wu1uN0_3_7hGG0306cw"]},{"@type":"Person","@id":"https:\/\/www.bellunopress.it\/#\/schema\/person\/79bb06722b37ece1c03d3e94beb30d73","name":"r\u00e9daction","image":{"@type":"ImageObject","inLanguage":"fr-FR","@id":"https:\/\/secure.gravatar.com\/avatar\/37d968a2e67a6fd04c169c4bdef102d0bc5d31b2546345219e348575eb80e9a0?s=96&d=mm&r=g","url":"https:\/\/secure.gravatar.com\/avatar\/37d968a2e67a6fd04c169c4bdef102d0bc5d31b2546345219e348575eb80e9a0?s=96&d=mm&r=g","contentUrl":"https:\/\/secure.gravatar.com\/avatar\/37d968a2e67a6fd04c169c4bdef102d0bc5d31b2546345219e348575eb80e9a0?s=96&d=mm&r=g","caption":"redazione"},"sameAs":["http:\/\/www.bellunopress.it","https:\/\/x.com\/bellunopress"],"url":"https:\/\/www.bellunopress.it\/fr\/author\/redazione\/"}]}},"_links":{"self":[{"href":"https:\/\/www.bellunopress.it\/fr\/wp-json\/wp\/v2\/posts\/34061","targetHints":{"allow":["GET"]}}],"collection":[{"href":"https:\/\/www.bellunopress.it\/fr\/wp-json\/wp\/v2\/posts"}],"about":[{"href":"https:\/\/www.bellunopress.it\/fr\/wp-json\/wp\/v2\/types\/post"}],"author":[{"embeddable":true,"href":"https:\/\/www.bellunopress.it\/fr\/wp-json\/wp\/v2\/users\/2"}],"replies":[{"embeddable":true,"href":"https:\/\/www.bellunopress.it\/fr\/wp-json\/wp\/v2\/comments?post=34061"}],"version-history":[{"count":2,"href":"https:\/\/www.bellunopress.it\/fr\/wp-json\/wp\/v2\/posts\/34061\/revisions"}],"predecessor-version":[{"id":34064,"href":"https:\/\/www.bellunopress.it\/fr\/wp-json\/wp\/v2\/posts\/34061\/revisions\/34064"}],"wp:attachment":[{"href":"https:\/\/www.bellunopress.it\/fr\/wp-json\/wp\/v2\/media?parent=34061"}],"wp:term":[{"taxonomy":"category","embeddable":true,"href":"https:\/\/www.bellunopress.it\/fr\/wp-json\/wp\/v2\/categories?post=34061"},{"taxonomy":"post_tag","embeddable":true,"href":"https:\/\/www.bellunopress.it\/fr\/wp-json\/wp\/v2\/tags?post=34061"}],"curies":[{"name":"wp","href":"https:\/\/api.w.org\/{rel}","templated":true}]}}