{"id":34050,"date":"2012-01-11T08:27:08","date_gmt":"2012-01-11T07:27:08","guid":{"rendered":"http:\/\/www.bellunopress.it\/?p=34050"},"modified":"2012-01-11T08:27:08","modified_gmt":"2012-01-11T07:27:08","slug":"trichiana-lamministrazione-comunale-presenta-ai-cittadini-lo-stato-di-avanzamento-del-piano-di-assetto-territoriale-intercomunale-p-a-t-i","status":"publish","type":"post","link":"https:\/\/www.bellunopress.it\/fr\/2012\/01\/11\/trichiana-lamministrazione-comunale-presenta-ai-cittadini-lo-stato-di-avanzamento-del-piano-di-assetto-territoriale-intercomunale-p-a-t-i\/","title":{"rendered":"Trichiana: l\u2019amministrazione comunale presenta ai cittadini lo stato di avanzamento del Piano di Assetto Territoriale Intercomunale &#8211; P.A.T.I."},"content":{"rendered":"<figure id=\"attachment_25489\" aria-describedby=\"caption-attachment-25489\" style=\"width: 140px\" class=\"wp-caption alignleft\"><a href=\"http:\/\/www.bellunopress.it\/wp-content\/uploads\/2011\/04\/giorgio-cavallet.jpg\"><img loading=\"lazy\" decoding=\"async\" class=\"size-full wp-image-25489\" title=\"giorgio cavallet\" src=\"http:\/\/www.bellunopress.it\/wp-content\/uploads\/2011\/04\/giorgio-cavallet.jpg\" alt=\"\" width=\"140\" height=\"140\" \/><\/a><figcaption id=\"caption-attachment-25489\" class=\"wp-caption-text\">Giorgio Cavallet sindaco di Trichiana<\/figcaption><\/figure>\n<p>Si terranno nei prossimi due gioved\u00ec, a S. Antonio e Trichiana, gli incontri con la cittadinanza per l\u2019illustrazione del Piano di Assetto Territoriale Intercomunale, predisposto, dopo un primo giro di consultazioni, dai tecnici consulenti dei Comuni di Trichiana e Limana.<br \/>\nIl documento \u00e8 giunto a una fase piuttosto avanzata della sua elaborazione ed \u00e8 pronto per essere illustrato nuovamente alla cittadinanza. Si tratta di un passaggio importante, dato che il PATI esprimer\u00e0 le scelte urbanistiche dei prossimi anni per i due Comuni di Trichiana e Limana e visto anche che, assieme all\u2019ulteriore documento da predisporre, denominato Piano degli Interventi, andr\u00e0 a sostituire definitivamente il vecchio Piano Regolatore Generale.<br \/>\n\u201cLa materia non \u00e8 semplice \u2013 commenta il Sindaco del Comune di Trichiana, Giorgio Cavallet \u2013 e senz\u2019altro non alla portata di tutti, ma pu\u00f2 essere senz\u2019altro resa accessibile alla cittadinanza, perch\u00e9 ne possa condividere le principali ispirazioni e le principali caratteristiche. Non si tratta, a questo punto del lavoro, di esaminare aspetti puntuali, che possano toccare le singole propriet\u00e0 o le singole aspirazioni edilizie, bens\u00ec di condividere uno sguardo d\u2019insieme che delinei un quadro generale di quella che vogliamo sia l\u2019edilizia della Trichiana dei prossimi anni.<br \/>\nLa condivisione con Limana, dopo che non \u00e8 stato possibile lavorare a livello di Comunit\u00e0 Montana, rappresenta comunque un\u2019occasione di sviluppo omogeneo e il pi\u00f9 uniforme possibile per i nostri territori contigui\u201d.<br \/>\nLa prima serata si terr\u00e0 gioved\u00ec 12 gennaio, nell\u2019atrio della Scuola materna di S. Antonio Tortal, alle 20.30; la seconda si svolger\u00e0 a Trichiana, gioved\u00ec 19 gennaio, nella sala riunioni al 1\u00b0 piano del Palazzo Mostre (sopra le Poste).<br \/>\nAll\u2019incontro saranno presenti gli amministratori e i tecnici che illustreranno il risultato del lavoro fin qui svolto e risponderanno alle domande dei cittadini.<br \/>\nPer ulteriori informazioni, \u00e8 possibile contattare l\u2019Ufficio Edilizia privata e Urbanistica: telefono 0437 556221\/217, orario di apertura: marted\u00ec, mercoled\u00ec, gioved\u00ec: 8.30 &gt; 10.30; gioved\u00ec: anche 15.00 &gt; 17.00; sabato: 8.30 &gt; 12.00.<\/p>","protected":false},"excerpt":{"rendered":"<p>Si terranno nei prossimi due gioved\u00ec, a S. Antonio e Trichiana, gli incontri con la cittadinanza per l\u2019illustrazione del Piano di Assetto Territoriale Intercomunale, predisposto, dopo un primo giro di consultazioni, dai tecnici consulenti dei Comuni di Trichiana e Limana. Il documento \u00e8 giunto a una fase piuttosto avanzata della sua elaborazione ed \u00e8 pronto [&hellip;]<\/p>\n","protected":false},"author":2,"featured_media":0,"comment_status":"closed","ping_status":"open","sticky":false,"template":"","format":"standard","meta":{"footnotes":""},"categories":[5,26],"tags":[],"class_list":["post-34050","post","type-post","status-publish","format-standard","category-cronaca","category-prima-pagina"],"yoast_head":"<!-- This site is optimized with the Yoast SEO plugin v28.4 - https:\/\/yoast.com\/product\/yoast-seo-wordpress\/ -->\n<title>Trichiana: l\u2019amministrazione comunale presenta ai cittadini lo stato di avanzamento del Piano di Assetto Territoriale Intercomunale - P.A.T.I. - Bellunopress - Dolomiti<\/title>\n<meta name=\"robots\" content=\"index, follow, max-snippet:-1, max-image-preview:large, max-video-preview:-1\" \/>\n<link rel=\"canonical\" href=\"https:\/\/www.bellunopress.it\/fr\/2012\/01\/11\/trichiana-lamministrazione-comunale-presenta-ai-cittadini-lo-stato-di-avanzamento-del-piano-di-assetto-territoriale-intercomunale-p-a-t-i\/\" \/>\n<meta property=\"og:locale\" content=\"fr_FR\" \/>\n<meta property=\"og:type\" content=\"article\" \/>\n<meta property=\"og:title\" content=\"Trichiana: l\u2019amministrazione comunale presenta ai cittadini lo stato di avanzamento del Piano di Assetto Territoriale Intercomunale - P.A.T.I. - Bellunopress - Dolomiti\" \/>\n<meta property=\"og:description\" content=\"Si terranno nei prossimi due gioved\u00ec, a S. Antonio e Trichiana, gli incontri con la cittadinanza per l\u2019illustrazione del Piano di Assetto Territoriale Intercomunale, predisposto, dopo un primo giro di consultazioni, dai tecnici consulenti dei Comuni di Trichiana e Limana. Il documento \u00e8 giunto a una fase piuttosto avanzata della sua elaborazione ed \u00e8 pronto [&hellip;]\" \/>\n<meta property=\"og:url\" content=\"https:\/\/www.bellunopress.it\/fr\/2012\/01\/11\/trichiana-lamministrazione-comunale-presenta-ai-cittadini-lo-stato-di-avanzamento-del-piano-di-assetto-territoriale-intercomunale-p-a-t-i\/\" \/>\n<meta property=\"og:site_name\" content=\"Bellunopress - Dolomiti\" \/>\n<meta property=\"article:publisher\" content=\"https:\/\/www.facebook.com\/profile.php?id=100008943462799\" \/>\n<meta property=\"article:published_time\" content=\"2012-01-11T07:27:08+00:00\" \/>\n<meta property=\"og:image\" content=\"http:\/\/www.bellunopress.it\/wp-content\/uploads\/2011\/04\/giorgio-cavallet.jpg\" \/>\n<meta name=\"author\" content=\"redazione\" \/>\n<meta name=\"twitter:card\" content=\"summary_large_image\" \/>\n<meta name=\"twitter:creator\" content=\"@bellunopress\" \/>\n<meta name=\"twitter:site\" content=\"@bellunopress\" \/>\n<meta name=\"twitter:label1\" content=\"Written by\" \/>\n\t<meta name=\"twitter:data1\" content=\"redazione\" \/>\n\t<meta name=\"twitter:label2\" content=\"Est. reading time\" \/>\n\t<meta name=\"twitter:data2\" content=\"2 minutes\" \/>\n<script type=\"application\/ld+json\" class=\"yoast-schema-graph\">{\"@context\":\"https:\\\/\\\/schema.org\",\"@graph\":[{\"@type\":\"Article\",\"@id\":\"https:\\\/\\\/www.bellunopress.it\\\/2012\\\/01\\\/11\\\/trichiana-lamministrazione-comunale-presenta-ai-cittadini-lo-stato-di-avanzamento-del-piano-di-assetto-territoriale-intercomunale-p-a-t-i\\\/#article\",\"isPartOf\":{\"@id\":\"https:\\\/\\\/www.bellunopress.it\\\/2012\\\/01\\\/11\\\/trichiana-lamministrazione-comunale-presenta-ai-cittadini-lo-stato-di-avanzamento-del-piano-di-assetto-territoriale-intercomunale-p-a-t-i\\\/\"},\"author\":{\"name\":\"redazione\",\"@id\":\"https:\\\/\\\/www.bellunopress.it\\\/#\\\/schema\\\/person\\\/79bb06722b37ece1c03d3e94beb30d73\"},\"headline\":\"Trichiana: l\u2019amministrazione comunale presenta ai cittadini lo stato di avanzamento del Piano di Assetto Territoriale Intercomunale &#8211; P.A.T.I.\",\"datePublished\":\"2012-01-11T07:27:08+00:00\",\"mainEntityOfPage\":{\"@id\":\"https:\\\/\\\/www.bellunopress.it\\\/2012\\\/01\\\/11\\\/trichiana-lamministrazione-comunale-presenta-ai-cittadini-lo-stato-di-avanzamento-del-piano-di-assetto-territoriale-intercomunale-p-a-t-i\\\/\"},\"wordCount\":347,\"publisher\":{\"@id\":\"https:\\\/\\\/www.bellunopress.it\\\/#organization\"},\"image\":{\"@id\":\"https:\\\/\\\/www.bellunopress.it\\\/2012\\\/01\\\/11\\\/trichiana-lamministrazione-comunale-presenta-ai-cittadini-lo-stato-di-avanzamento-del-piano-di-assetto-territoriale-intercomunale-p-a-t-i\\\/#primaryimage\"},\"thumbnailUrl\":\"http:\\\/\\\/www.bellunopress.it\\\/wp-content\\\/uploads\\\/2011\\\/04\\\/giorgio-cavallet.jpg\",\"articleSection\":[\"Cronaca\\\/Politica\",\"Prima Pagina\"],\"inLanguage\":\"fr-FR\"},{\"@type\":\"WebPage\",\"@id\":\"https:\\\/\\\/www.bellunopress.it\\\/2012\\\/01\\\/11\\\/trichiana-lamministrazione-comunale-presenta-ai-cittadini-lo-stato-di-avanzamento-del-piano-di-assetto-territoriale-intercomunale-p-a-t-i\\\/\",\"url\":\"https:\\\/\\\/www.bellunopress.it\\\/2012\\\/01\\\/11\\\/trichiana-lamministrazione-comunale-presenta-ai-cittadini-lo-stato-di-avanzamento-del-piano-di-assetto-territoriale-intercomunale-p-a-t-i\\\/\",\"name\":\"Trichiana: l\u2019amministrazione comunale presenta ai cittadini lo stato di avanzamento del Piano di Assetto Territoriale Intercomunale - P.A.T.I. - Bellunopress - Dolomiti\",\"isPartOf\":{\"@id\":\"https:\\\/\\\/www.bellunopress.it\\\/#website\"},\"primaryImageOfPage\":{\"@id\":\"https:\\\/\\\/www.bellunopress.it\\\/2012\\\/01\\\/11\\\/trichiana-lamministrazione-comunale-presenta-ai-cittadini-lo-stato-di-avanzamento-del-piano-di-assetto-territoriale-intercomunale-p-a-t-i\\\/#primaryimage\"},\"image\":{\"@id\":\"https:\\\/\\\/www.bellunopress.it\\\/2012\\\/01\\\/11\\\/trichiana-lamministrazione-comunale-presenta-ai-cittadini-lo-stato-di-avanzamento-del-piano-di-assetto-territoriale-intercomunale-p-a-t-i\\\/#primaryimage\"},\"thumbnailUrl\":\"http:\\\/\\\/www.bellunopress.it\\\/wp-content\\\/uploads\\\/2011\\\/04\\\/giorgio-cavallet.jpg\",\"datePublished\":\"2012-01-11T07:27:08+00:00\",\"breadcrumb\":{\"@id\":\"https:\\\/\\\/www.bellunopress.it\\\/2012\\\/01\\\/11\\\/trichiana-lamministrazione-comunale-presenta-ai-cittadini-lo-stato-di-avanzamento-del-piano-di-assetto-territoriale-intercomunale-p-a-t-i\\\/#breadcrumb\"},\"inLanguage\":\"fr-FR\",\"potentialAction\":[{\"@type\":\"ReadAction\",\"target\":[\"https:\\\/\\\/www.bellunopress.it\\\/2012\\\/01\\\/11\\\/trichiana-lamministrazione-comunale-presenta-ai-cittadini-lo-stato-di-avanzamento-del-piano-di-assetto-territoriale-intercomunale-p-a-t-i\\\/\"]}]},{\"@type\":\"ImageObject\",\"inLanguage\":\"fr-FR\",\"@id\":\"https:\\\/\\\/www.bellunopress.it\\\/2012\\\/01\\\/11\\\/trichiana-lamministrazione-comunale-presenta-ai-cittadini-lo-stato-di-avanzamento-del-piano-di-assetto-territoriale-intercomunale-p-a-t-i\\\/#primaryimage\",\"url\":\"http:\\\/\\\/www.bellunopress.it\\\/wp-content\\\/uploads\\\/2011\\\/04\\\/giorgio-cavallet.jpg\",\"contentUrl\":\"http:\\\/\\\/www.bellunopress.it\\\/wp-content\\\/uploads\\\/2011\\\/04\\\/giorgio-cavallet.jpg\"},{\"@type\":\"BreadcrumbList\",\"@id\":\"https:\\\/\\\/www.bellunopress.it\\\/2012\\\/01\\\/11\\\/trichiana-lamministrazione-comunale-presenta-ai-cittadini-lo-stato-di-avanzamento-del-piano-di-assetto-territoriale-intercomunale-p-a-t-i\\\/#breadcrumb\",\"itemListElement\":[{\"@type\":\"ListItem\",\"position\":1,\"name\":\"Home\",\"item\":\"https:\\\/\\\/www.bellunopress.it\\\/\"},{\"@type\":\"ListItem\",\"position\":2,\"name\":\"Trichiana: l\u2019amministrazione comunale presenta ai cittadini lo stato di avanzamento del Piano di Assetto Territoriale Intercomunale &#8211; P.A.T.I.\"}]},{\"@type\":\"WebSite\",\"@id\":\"https:\\\/\\\/www.bellunopress.it\\\/#website\",\"url\":\"https:\\\/\\\/www.bellunopress.it\\\/\",\"name\":\"Bellunopress - Dolomiti\",\"description\":\"e-mail: redazione@bellunopress.it\",\"publisher\":{\"@id\":\"https:\\\/\\\/www.bellunopress.it\\\/#organization\"},\"potentialAction\":[{\"@type\":\"SearchAction\",\"target\":{\"@type\":\"EntryPoint\",\"urlTemplate\":\"https:\\\/\\\/www.bellunopress.it\\\/?s={search_term_string}\"},\"query-input\":{\"@type\":\"PropertyValueSpecification\",\"valueRequired\":true,\"valueName\":\"search_term_string\"}}],\"inLanguage\":\"fr-FR\"},{\"@type\":\"Organization\",\"@id\":\"https:\\\/\\\/www.bellunopress.it\\\/#organization\",\"name\":\"Bellunopress\",\"url\":\"https:\\\/\\\/www.bellunopress.it\\\/\",\"logo\":{\"@type\":\"ImageObject\",\"inLanguage\":\"fr-FR\",\"@id\":\"https:\\\/\\\/www.bellunopress.it\\\/#\\\/schema\\\/logo\\\/image\\\/\",\"url\":\"https:\\\/\\\/www.bellunopress.it\\\/wp-content\\\/uploads\\\/2011\\\/05\\\/cropped-logo-bellunopress-.jpg\",\"contentUrl\":\"https:\\\/\\\/www.bellunopress.it\\\/wp-content\\\/uploads\\\/2011\\\/05\\\/cropped-logo-bellunopress-.jpg\",\"width\":512,\"height\":512,\"caption\":\"Bellunopress\"},\"image\":{\"@id\":\"https:\\\/\\\/www.bellunopress.it\\\/#\\\/schema\\\/logo\\\/image\\\/\"},\"sameAs\":[\"https:\\\/\\\/www.facebook.com\\\/profile.php?id=100008943462799\",\"https:\\\/\\\/x.com\\\/bellunopress\",\"https:\\\/\\\/www.linkedin.com\\\/hp\\\/?dnr=JBzUWaJfMUw8vbXJJ2tVW5-I3jZKvC4wsoxE&amp;amp;amp;amp;amp;amp;trk=nav_responsive_tab_home\",\"https:\\\/\\\/www.youtube.com\\\/channel\\\/UCxL0wu1uN0_3_7hGG0306cw\"]},{\"@type\":\"Person\",\"@id\":\"https:\\\/\\\/www.bellunopress.it\\\/#\\\/schema\\\/person\\\/79bb06722b37ece1c03d3e94beb30d73\",\"name\":\"redazione\",\"image\":{\"@type\":\"ImageObject\",\"inLanguage\":\"fr-FR\",\"@id\":\"https:\\\/\\\/secure.gravatar.com\\\/avatar\\\/37d968a2e67a6fd04c169c4bdef102d0bc5d31b2546345219e348575eb80e9a0?s=96&d=mm&r=g\",\"url\":\"https:\\\/\\\/secure.gravatar.com\\\/avatar\\\/37d968a2e67a6fd04c169c4bdef102d0bc5d31b2546345219e348575eb80e9a0?s=96&d=mm&r=g\",\"contentUrl\":\"https:\\\/\\\/secure.gravatar.com\\\/avatar\\\/37d968a2e67a6fd04c169c4bdef102d0bc5d31b2546345219e348575eb80e9a0?s=96&d=mm&r=g\",\"caption\":\"redazione\"},\"sameAs\":[\"http:\\\/\\\/www.bellunopress.it\",\"https:\\\/\\\/x.com\\\/bellunopress\"],\"url\":\"https:\\\/\\\/www.bellunopress.it\\\/fr\\\/author\\\/redazione\\\/\"}]}<\/script>\n<!-- \/ Yoast SEO plugin. -->","yoast_head_json":{"title":"Trichiana: l\u2019amministrazione comunale presenta ai cittadini lo stato di avanzamento del Piano di Assetto Territoriale Intercomunale - P.A.T.I. - Bellunopress - Dolomiti","robots":{"index":"index","follow":"follow","max-snippet":"max-snippet:-1","max-image-preview":"max-image-preview:large","max-video-preview":"max-video-preview:-1"},"canonical":"https:\/\/www.bellunopress.it\/fr\/2012\/01\/11\/trichiana-lamministrazione-comunale-presenta-ai-cittadini-lo-stato-di-avanzamento-del-piano-di-assetto-territoriale-intercomunale-p-a-t-i\/","og_locale":"fr_FR","og_type":"article","og_title":"Trichiana: l\u2019amministrazione comunale presenta ai cittadini lo stato di avanzamento del Piano di Assetto Territoriale Intercomunale - P.A.T.I. - Bellunopress - Dolomiti","og_description":"Si terranno nei prossimi due gioved\u00ec, a S. Antonio e Trichiana, gli incontri con la cittadinanza per l\u2019illustrazione del Piano di Assetto Territoriale Intercomunale, predisposto, dopo un primo giro di consultazioni, dai tecnici consulenti dei Comuni di Trichiana e Limana. Il documento \u00e8 giunto a una fase piuttosto avanzata della sua elaborazione ed \u00e8 pronto [&hellip;]","og_url":"https:\/\/www.bellunopress.it\/fr\/2012\/01\/11\/trichiana-lamministrazione-comunale-presenta-ai-cittadini-lo-stato-di-avanzamento-del-piano-di-assetto-territoriale-intercomunale-p-a-t-i\/","og_site_name":"Bellunopress - Dolomiti","article_publisher":"https:\/\/www.facebook.com\/profile.php?id=100008943462799","article_published_time":"2012-01-11T07:27:08+00:00","og_image":[{"url":"http:\/\/www.bellunopress.it\/wp-content\/uploads\/2011\/04\/giorgio-cavallet.jpg","type":"","width":"","height":""}],"author":"redazione","twitter_card":"summary_large_image","twitter_creator":"@bellunopress","twitter_site":"@bellunopress","twitter_misc":{"Written by":"redazione","Est. reading time":"2 minutes"},"schema":{"@context":"https:\/\/schema.org","@graph":[{"@type":"Article","@id":"https:\/\/www.bellunopress.it\/2012\/01\/11\/trichiana-lamministrazione-comunale-presenta-ai-cittadini-lo-stato-di-avanzamento-del-piano-di-assetto-territoriale-intercomunale-p-a-t-i\/#article","isPartOf":{"@id":"https:\/\/www.bellunopress.it\/2012\/01\/11\/trichiana-lamministrazione-comunale-presenta-ai-cittadini-lo-stato-di-avanzamento-del-piano-di-assetto-territoriale-intercomunale-p-a-t-i\/"},"author":{"name":"redazione","@id":"https:\/\/www.bellunopress.it\/#\/schema\/person\/79bb06722b37ece1c03d3e94beb30d73"},"headline":"Trichiana: l\u2019amministrazione comunale presenta ai cittadini lo stato di avanzamento del Piano di Assetto Territoriale Intercomunale &#8211; P.A.T.I.","datePublished":"2012-01-11T07:27:08+00:00","mainEntityOfPage":{"@id":"https:\/\/www.bellunopress.it\/2012\/01\/11\/trichiana-lamministrazione-comunale-presenta-ai-cittadini-lo-stato-di-avanzamento-del-piano-di-assetto-territoriale-intercomunale-p-a-t-i\/"},"wordCount":347,"publisher":{"@id":"https:\/\/www.bellunopress.it\/#organization"},"image":{"@id":"https:\/\/www.bellunopress.it\/2012\/01\/11\/trichiana-lamministrazione-comunale-presenta-ai-cittadini-lo-stato-di-avanzamento-del-piano-di-assetto-territoriale-intercomunale-p-a-t-i\/#primaryimage"},"thumbnailUrl":"http:\/\/www.bellunopress.it\/wp-content\/uploads\/2011\/04\/giorgio-cavallet.jpg","articleSection":["Cronaca\/Politica","Prima Pagina"],"inLanguage":"fr-FR"},{"@type":"WebPage","@id":"https:\/\/www.bellunopress.it\/2012\/01\/11\/trichiana-lamministrazione-comunale-presenta-ai-cittadini-lo-stato-di-avanzamento-del-piano-di-assetto-territoriale-intercomunale-p-a-t-i\/","url":"https:\/\/www.bellunopress.it\/2012\/01\/11\/trichiana-lamministrazione-comunale-presenta-ai-cittadini-lo-stato-di-avanzamento-del-piano-di-assetto-territoriale-intercomunale-p-a-t-i\/","name":"Trichiana: l\u2019amministrazione comunale presenta ai cittadini lo stato di avanzamento del Piano di Assetto Territoriale Intercomunale - P.A.T.I. - Bellunopress - Dolomiti","isPartOf":{"@id":"https:\/\/www.bellunopress.it\/#website"},"primaryImageOfPage":{"@id":"https:\/\/www.bellunopress.it\/2012\/01\/11\/trichiana-lamministrazione-comunale-presenta-ai-cittadini-lo-stato-di-avanzamento-del-piano-di-assetto-territoriale-intercomunale-p-a-t-i\/#primaryimage"},"image":{"@id":"https:\/\/www.bellunopress.it\/2012\/01\/11\/trichiana-lamministrazione-comunale-presenta-ai-cittadini-lo-stato-di-avanzamento-del-piano-di-assetto-territoriale-intercomunale-p-a-t-i\/#primaryimage"},"thumbnailUrl":"http:\/\/www.bellunopress.it\/wp-content\/uploads\/2011\/04\/giorgio-cavallet.jpg","datePublished":"2012-01-11T07:27:08+00:00","breadcrumb":{"@id":"https:\/\/www.bellunopress.it\/2012\/01\/11\/trichiana-lamministrazione-comunale-presenta-ai-cittadini-lo-stato-di-avanzamento-del-piano-di-assetto-territoriale-intercomunale-p-a-t-i\/#breadcrumb"},"inLanguage":"fr-FR","potentialAction":[{"@type":"ReadAction","target":["https:\/\/www.bellunopress.it\/2012\/01\/11\/trichiana-lamministrazione-comunale-presenta-ai-cittadini-lo-stato-di-avanzamento-del-piano-di-assetto-territoriale-intercomunale-p-a-t-i\/"]}]},{"@type":"ImageObject","inLanguage":"fr-FR","@id":"https:\/\/www.bellunopress.it\/2012\/01\/11\/trichiana-lamministrazione-comunale-presenta-ai-cittadini-lo-stato-di-avanzamento-del-piano-di-assetto-territoriale-intercomunale-p-a-t-i\/#primaryimage","url":"http:\/\/www.bellunopress.it\/wp-content\/uploads\/2011\/04\/giorgio-cavallet.jpg","contentUrl":"http:\/\/www.bellunopress.it\/wp-content\/uploads\/2011\/04\/giorgio-cavallet.jpg"},{"@type":"BreadcrumbList","@id":"https:\/\/www.bellunopress.it\/2012\/01\/11\/trichiana-lamministrazione-comunale-presenta-ai-cittadini-lo-stato-di-avanzamento-del-piano-di-assetto-territoriale-intercomunale-p-a-t-i\/#breadcrumb","itemListElement":[{"@type":"ListItem","position":1,"name":"Home","item":"https:\/\/www.bellunopress.it\/"},{"@type":"ListItem","position":2,"name":"Trichiana: l\u2019amministrazione comunale presenta ai cittadini lo stato di avanzamento del Piano di Assetto Territoriale Intercomunale &#8211; P.A.T.I."}]},{"@type":"WebSite","@id":"https:\/\/www.bellunopress.it\/#website","url":"https:\/\/www.bellunopress.it\/","name":"Bellunopress - Dolomiti","description":"e-mail: redazione@bellunopress.it","publisher":{"@id":"https:\/\/www.bellunopress.it\/#organization"},"potentialAction":[{"@type":"SearchAction","target":{"@type":"EntryPoint","urlTemplate":"https:\/\/www.bellunopress.it\/?s={search_term_string}"},"query-input":{"@type":"PropertyValueSpecification","valueRequired":true,"valueName":"search_term_string"}}],"inLanguage":"fr-FR"},{"@type":"Organization","@id":"https:\/\/www.bellunopress.it\/#organization","name":"Bellunopress","url":"https:\/\/www.bellunopress.it\/","logo":{"@type":"ImageObject","inLanguage":"fr-FR","@id":"https:\/\/www.bellunopress.it\/#\/schema\/logo\/image\/","url":"https:\/\/www.bellunopress.it\/wp-content\/uploads\/2011\/05\/cropped-logo-bellunopress-.jpg","contentUrl":"https:\/\/www.bellunopress.it\/wp-content\/uploads\/2011\/05\/cropped-logo-bellunopress-.jpg","width":512,"height":512,"caption":"Bellunopress"},"image":{"@id":"https:\/\/www.bellunopress.it\/#\/schema\/logo\/image\/"},"sameAs":["https:\/\/www.facebook.com\/profile.php?id=100008943462799","https:\/\/x.com\/bellunopress","https:\/\/www.linkedin.com\/hp\/?dnr=JBzUWaJfMUw8vbXJJ2tVW5-I3jZKvC4wsoxE&amp;amp;amp;amp;amp;amp;trk=nav_responsive_tab_home","https:\/\/www.youtube.com\/channel\/UCxL0wu1uN0_3_7hGG0306cw"]},{"@type":"Person","@id":"https:\/\/www.bellunopress.it\/#\/schema\/person\/79bb06722b37ece1c03d3e94beb30d73","name":"r\u00e9daction","image":{"@type":"ImageObject","inLanguage":"fr-FR","@id":"https:\/\/secure.gravatar.com\/avatar\/37d968a2e67a6fd04c169c4bdef102d0bc5d31b2546345219e348575eb80e9a0?s=96&d=mm&r=g","url":"https:\/\/secure.gravatar.com\/avatar\/37d968a2e67a6fd04c169c4bdef102d0bc5d31b2546345219e348575eb80e9a0?s=96&d=mm&r=g","contentUrl":"https:\/\/secure.gravatar.com\/avatar\/37d968a2e67a6fd04c169c4bdef102d0bc5d31b2546345219e348575eb80e9a0?s=96&d=mm&r=g","caption":"redazione"},"sameAs":["http:\/\/www.bellunopress.it","https:\/\/x.com\/bellunopress"],"url":"https:\/\/www.bellunopress.it\/fr\/author\/redazione\/"}]}},"_links":{"self":[{"href":"https:\/\/www.bellunopress.it\/fr\/wp-json\/wp\/v2\/posts\/34050","targetHints":{"allow":["GET"]}}],"collection":[{"href":"https:\/\/www.bellunopress.it\/fr\/wp-json\/wp\/v2\/posts"}],"about":[{"href":"https:\/\/www.bellunopress.it\/fr\/wp-json\/wp\/v2\/types\/post"}],"author":[{"embeddable":true,"href":"https:\/\/www.bellunopress.it\/fr\/wp-json\/wp\/v2\/users\/2"}],"replies":[{"embeddable":true,"href":"https:\/\/www.bellunopress.it\/fr\/wp-json\/wp\/v2\/comments?post=34050"}],"version-history":[{"count":1,"href":"https:\/\/www.bellunopress.it\/fr\/wp-json\/wp\/v2\/posts\/34050\/revisions"}],"predecessor-version":[{"id":34051,"href":"https:\/\/www.bellunopress.it\/fr\/wp-json\/wp\/v2\/posts\/34050\/revisions\/34051"}],"wp:attachment":[{"href":"https:\/\/www.bellunopress.it\/fr\/wp-json\/wp\/v2\/media?parent=34050"}],"wp:term":[{"taxonomy":"category","embeddable":true,"href":"https:\/\/www.bellunopress.it\/fr\/wp-json\/wp\/v2\/categories?post=34050"},{"taxonomy":"post_tag","embeddable":true,"href":"https:\/\/www.bellunopress.it\/fr\/wp-json\/wp\/v2\/tags?post=34050"}],"curies":[{"name":"wp","href":"https:\/\/api.w.org\/{rel}","templated":true}]}}