{"id":34048,"date":"2012-01-11T08:19:30","date_gmt":"2012-01-11T07:19:30","guid":{"rendered":"http:\/\/www.bellunopress.it\/?p=34048"},"modified":"2012-01-11T08:19:30","modified_gmt":"2012-01-11T07:19:30","slug":"andar-per-monti-la-grande-passione-giovedi-a-pedavena-la-presentazione-del-libro","status":"publish","type":"post","link":"https:\/\/www.bellunopress.it\/fr\/2012\/01\/11\/andar-per-monti-la-grande-passione-giovedi-a-pedavena-la-presentazione-del-libro\/","title":{"rendered":"&#8220;Andar per monti. La grande passione&#8221; gioved\u00ec a Pedavena la presentazione del libro"},"content":{"rendered":"<p><a href=\"http:\/\/www.bellunopress.it\/wp-content\/uploads\/2011\/06\/libri-140x140.jpg\"><img loading=\"lazy\" decoding=\"async\" class=\"alignleft size-full wp-image-28056\" title=\"libri 140x140\" src=\"http:\/\/www.bellunopress.it\/wp-content\/uploads\/2011\/06\/libri-140x140.jpg\" alt=\"\" width=\"140\" height=\"140\" \/><\/a>Proseguono le manifestazioni in vista del 90\u00b0 anniversario della fondazione della Sezione CAI di Feltre (costituitasi il 30 aprile 1922): dopo il successo finora riscosso dalla Mostra fotostorica &#8220;Andar per Monti. La Grande Passione&#8221;, con oltre 2.000 visitatori ed ancora aperta presso il Ristorante Pavone di Feltre fino al 21 gennaio (marted\u00ec e venerd\u00ec ore 15-18; sabato e domenica ore 10-12; 15-19), un&#8217;apposita serata sar\u00e0 dedicata, gioved\u00ec 12 gennaio ore 20.30 presso il Centro Culturale Silvio Guarnieri, alla presentazione del testo omonimo, che funge anche da catalogo dell&#8217;esposizione.<br \/>\nLa pubblicazione, composta da 214 pagine, corredata da 165 immagini, stampa Grafiche Antiga, ricostruisce i primi cinquant&#8217;anni di storia dell&#8217;associazione (dal 1922 al 1972), analizzando pi\u00f9 in generale l&#8217;evoluzione del rapporto uomo-montagna nelle Alpi Feltrine e nell&#8217;arco dolomitico.<br \/>\nOltre all&#8217;intervento degli autori, che presenteranno con il supporto di immagini il metodo seguito nelle loro ricerche, ognuno per la propria parte (Bianca Simonato Zasio per la storia sociale del CAI di Feltre, sotto il profilo istituzionale e ludico-sportivo, e delle opere alpine: sentieri, rifugi, bivacchi; Teddy Soppelsa per l\u2019attivit\u00e0 alpinistica, e Francesco Padovani per l&#8217;analisi foto storica) \u00e8 prevista la partecipazione di due importanti personalit\u00e0 della cultura alpinistica: Umberto Martini, presidente generale del Club Alpino Italiano, e Andrea Zannini, presidente della Commissione centrale Pubblicazioni del CAI nazionale, oltre che docente di Storia Moderna all&#8217;Universit\u00e0 degli Studi di Udine. Saranno loro ad aprire la serata con il loro qualificato commento ad un&#8217;opera che \u00e8 gi\u00e0 diventata un punto di riferimento per tutti gli appassionati di montagna e di storia locale.<br \/>\nL&#8217;iniziativa \u00e8 promossa dalla Sezione CAI di Feltre, in collaborazione al Comune di Pedavena e all&#8217;Archivio Fotostorico feltrino.<\/p>","protected":false},"excerpt":{"rendered":"<p>Proseguono le manifestazioni in vista del 90\u00b0 anniversario della fondazione della Sezione CAI di Feltre (costituitasi il 30 aprile 1922): dopo il successo finora riscosso dalla Mostra fotostorica &#8220;Andar per Monti. La Grande Passione&#8221;, con oltre 2.000 visitatori ed ancora aperta presso il Ristorante Pavone di Feltre fino al 21 gennaio (marted\u00ec e venerd\u00ec ore [&hellip;]<\/p>\n","protected":false},"author":2,"featured_media":0,"comment_status":"closed","ping_status":"open","sticky":false,"template":"","format":"standard","meta":{"footnotes":""},"categories":[27,26],"tags":[],"class_list":["post-34048","post","type-post","status-publish","format-standard","category-appuntamenti","category-prima-pagina"],"yoast_head":"<!-- This site is optimized with the Yoast SEO plugin v28.4 - https:\/\/yoast.com\/product\/yoast-seo-wordpress\/ -->\n<title>&quot;Andar per monti. La grande passione&quot; gioved\u00ec a Pedavena la presentazione del libro - Bellunopress - Dolomiti<\/title>\n<meta name=\"robots\" content=\"index, follow, max-snippet:-1, max-image-preview:large, max-video-preview:-1\" \/>\n<link rel=\"canonical\" href=\"https:\/\/www.bellunopress.it\/fr\/2012\/01\/11\/andar-per-monti-la-grande-passione-giovedi-a-pedavena-la-presentazione-del-libro\/\" \/>\n<meta property=\"og:locale\" content=\"fr_FR\" \/>\n<meta property=\"og:type\" content=\"article\" \/>\n<meta property=\"og:title\" content=\"&quot;Andar per monti. La grande passione&quot; gioved\u00ec a Pedavena la presentazione del libro - Bellunopress - Dolomiti\" \/>\n<meta property=\"og:description\" content=\"Proseguono le manifestazioni in vista del 90\u00b0 anniversario della fondazione della Sezione CAI di Feltre (costituitasi il 30 aprile 1922): dopo il successo finora riscosso dalla Mostra fotostorica &#8220;Andar per Monti. La Grande Passione&#8221;, con oltre 2.000 visitatori ed ancora aperta presso il Ristorante Pavone di Feltre fino al 21 gennaio (marted\u00ec e venerd\u00ec ore [&hellip;]\" \/>\n<meta property=\"og:url\" content=\"https:\/\/www.bellunopress.it\/fr\/2012\/01\/11\/andar-per-monti-la-grande-passione-giovedi-a-pedavena-la-presentazione-del-libro\/\" \/>\n<meta property=\"og:site_name\" content=\"Bellunopress - Dolomiti\" \/>\n<meta property=\"article:publisher\" content=\"https:\/\/www.facebook.com\/profile.php?id=100008943462799\" \/>\n<meta property=\"article:published_time\" content=\"2012-01-11T07:19:30+00:00\" \/>\n<meta property=\"og:image\" content=\"http:\/\/www.bellunopress.it\/wp-content\/uploads\/2011\/06\/libri-140x140.jpg\" \/>\n<meta name=\"author\" content=\"redazione\" \/>\n<meta name=\"twitter:card\" content=\"summary_large_image\" \/>\n<meta name=\"twitter:creator\" content=\"@bellunopress\" \/>\n<meta name=\"twitter:site\" content=\"@bellunopress\" \/>\n<meta name=\"twitter:label1\" content=\"Written by\" \/>\n\t<meta name=\"twitter:data1\" content=\"redazione\" \/>\n\t<meta name=\"twitter:label2\" content=\"Est. reading time\" \/>\n\t<meta name=\"twitter:data2\" content=\"1 minute\" \/>\n<script type=\"application\/ld+json\" class=\"yoast-schema-graph\">{\"@context\":\"https:\\\/\\\/schema.org\",\"@graph\":[{\"@type\":\"Article\",\"@id\":\"https:\\\/\\\/www.bellunopress.it\\\/2012\\\/01\\\/11\\\/andar-per-monti-la-grande-passione-giovedi-a-pedavena-la-presentazione-del-libro\\\/#article\",\"isPartOf\":{\"@id\":\"https:\\\/\\\/www.bellunopress.it\\\/2012\\\/01\\\/11\\\/andar-per-monti-la-grande-passione-giovedi-a-pedavena-la-presentazione-del-libro\\\/\"},\"author\":{\"name\":\"redazione\",\"@id\":\"https:\\\/\\\/www.bellunopress.it\\\/#\\\/schema\\\/person\\\/79bb06722b37ece1c03d3e94beb30d73\"},\"headline\":\"&#8220;Andar per monti. La grande passione&#8221; gioved\u00ec a Pedavena la presentazione del libro\",\"datePublished\":\"2012-01-11T07:19:30+00:00\",\"mainEntityOfPage\":{\"@id\":\"https:\\\/\\\/www.bellunopress.it\\\/2012\\\/01\\\/11\\\/andar-per-monti-la-grande-passione-giovedi-a-pedavena-la-presentazione-del-libro\\\/\"},\"wordCount\":286,\"publisher\":{\"@id\":\"https:\\\/\\\/www.bellunopress.it\\\/#organization\"},\"image\":{\"@id\":\"https:\\\/\\\/www.bellunopress.it\\\/2012\\\/01\\\/11\\\/andar-per-monti-la-grande-passione-giovedi-a-pedavena-la-presentazione-del-libro\\\/#primaryimage\"},\"thumbnailUrl\":\"http:\\\/\\\/www.bellunopress.it\\\/wp-content\\\/uploads\\\/2011\\\/06\\\/libri-140x140.jpg\",\"articleSection\":[\"Appuntamenti, Eventi\",\"Prima Pagina\"],\"inLanguage\":\"fr-FR\"},{\"@type\":\"WebPage\",\"@id\":\"https:\\\/\\\/www.bellunopress.it\\\/2012\\\/01\\\/11\\\/andar-per-monti-la-grande-passione-giovedi-a-pedavena-la-presentazione-del-libro\\\/\",\"url\":\"https:\\\/\\\/www.bellunopress.it\\\/2012\\\/01\\\/11\\\/andar-per-monti-la-grande-passione-giovedi-a-pedavena-la-presentazione-del-libro\\\/\",\"name\":\"\\\"Andar per monti. La grande passione\\\" gioved\u00ec a Pedavena la presentazione del libro - Bellunopress - Dolomiti\",\"isPartOf\":{\"@id\":\"https:\\\/\\\/www.bellunopress.it\\\/#website\"},\"primaryImageOfPage\":{\"@id\":\"https:\\\/\\\/www.bellunopress.it\\\/2012\\\/01\\\/11\\\/andar-per-monti-la-grande-passione-giovedi-a-pedavena-la-presentazione-del-libro\\\/#primaryimage\"},\"image\":{\"@id\":\"https:\\\/\\\/www.bellunopress.it\\\/2012\\\/01\\\/11\\\/andar-per-monti-la-grande-passione-giovedi-a-pedavena-la-presentazione-del-libro\\\/#primaryimage\"},\"thumbnailUrl\":\"http:\\\/\\\/www.bellunopress.it\\\/wp-content\\\/uploads\\\/2011\\\/06\\\/libri-140x140.jpg\",\"datePublished\":\"2012-01-11T07:19:30+00:00\",\"breadcrumb\":{\"@id\":\"https:\\\/\\\/www.bellunopress.it\\\/2012\\\/01\\\/11\\\/andar-per-monti-la-grande-passione-giovedi-a-pedavena-la-presentazione-del-libro\\\/#breadcrumb\"},\"inLanguage\":\"fr-FR\",\"potentialAction\":[{\"@type\":\"ReadAction\",\"target\":[\"https:\\\/\\\/www.bellunopress.it\\\/2012\\\/01\\\/11\\\/andar-per-monti-la-grande-passione-giovedi-a-pedavena-la-presentazione-del-libro\\\/\"]}]},{\"@type\":\"ImageObject\",\"inLanguage\":\"fr-FR\",\"@id\":\"https:\\\/\\\/www.bellunopress.it\\\/2012\\\/01\\\/11\\\/andar-per-monti-la-grande-passione-giovedi-a-pedavena-la-presentazione-del-libro\\\/#primaryimage\",\"url\":\"http:\\\/\\\/www.bellunopress.it\\\/wp-content\\\/uploads\\\/2011\\\/06\\\/libri-140x140.jpg\",\"contentUrl\":\"http:\\\/\\\/www.bellunopress.it\\\/wp-content\\\/uploads\\\/2011\\\/06\\\/libri-140x140.jpg\"},{\"@type\":\"BreadcrumbList\",\"@id\":\"https:\\\/\\\/www.bellunopress.it\\\/2012\\\/01\\\/11\\\/andar-per-monti-la-grande-passione-giovedi-a-pedavena-la-presentazione-del-libro\\\/#breadcrumb\",\"itemListElement\":[{\"@type\":\"ListItem\",\"position\":1,\"name\":\"Home\",\"item\":\"https:\\\/\\\/www.bellunopress.it\\\/\"},{\"@type\":\"ListItem\",\"position\":2,\"name\":\"&#8220;Andar per monti. La grande passione&#8221; gioved\u00ec a Pedavena la presentazione del libro\"}]},{\"@type\":\"WebSite\",\"@id\":\"https:\\\/\\\/www.bellunopress.it\\\/#website\",\"url\":\"https:\\\/\\\/www.bellunopress.it\\\/\",\"name\":\"Bellunopress - Dolomiti\",\"description\":\"e-mail: redazione@bellunopress.it\",\"publisher\":{\"@id\":\"https:\\\/\\\/www.bellunopress.it\\\/#organization\"},\"potentialAction\":[{\"@type\":\"SearchAction\",\"target\":{\"@type\":\"EntryPoint\",\"urlTemplate\":\"https:\\\/\\\/www.bellunopress.it\\\/?s={search_term_string}\"},\"query-input\":{\"@type\":\"PropertyValueSpecification\",\"valueRequired\":true,\"valueName\":\"search_term_string\"}}],\"inLanguage\":\"fr-FR\"},{\"@type\":\"Organization\",\"@id\":\"https:\\\/\\\/www.bellunopress.it\\\/#organization\",\"name\":\"Bellunopress\",\"url\":\"https:\\\/\\\/www.bellunopress.it\\\/\",\"logo\":{\"@type\":\"ImageObject\",\"inLanguage\":\"fr-FR\",\"@id\":\"https:\\\/\\\/www.bellunopress.it\\\/#\\\/schema\\\/logo\\\/image\\\/\",\"url\":\"https:\\\/\\\/www.bellunopress.it\\\/wp-content\\\/uploads\\\/2011\\\/05\\\/cropped-logo-bellunopress-.jpg\",\"contentUrl\":\"https:\\\/\\\/www.bellunopress.it\\\/wp-content\\\/uploads\\\/2011\\\/05\\\/cropped-logo-bellunopress-.jpg\",\"width\":512,\"height\":512,\"caption\":\"Bellunopress\"},\"image\":{\"@id\":\"https:\\\/\\\/www.bellunopress.it\\\/#\\\/schema\\\/logo\\\/image\\\/\"},\"sameAs\":[\"https:\\\/\\\/www.facebook.com\\\/profile.php?id=100008943462799\",\"https:\\\/\\\/x.com\\\/bellunopress\",\"https:\\\/\\\/www.linkedin.com\\\/hp\\\/?dnr=JBzUWaJfMUw8vbXJJ2tVW5-I3jZKvC4wsoxE&amp;amp;amp;amp;amp;amp;trk=nav_responsive_tab_home\",\"https:\\\/\\\/www.youtube.com\\\/channel\\\/UCxL0wu1uN0_3_7hGG0306cw\"]},{\"@type\":\"Person\",\"@id\":\"https:\\\/\\\/www.bellunopress.it\\\/#\\\/schema\\\/person\\\/79bb06722b37ece1c03d3e94beb30d73\",\"name\":\"redazione\",\"image\":{\"@type\":\"ImageObject\",\"inLanguage\":\"fr-FR\",\"@id\":\"https:\\\/\\\/secure.gravatar.com\\\/avatar\\\/37d968a2e67a6fd04c169c4bdef102d0bc5d31b2546345219e348575eb80e9a0?s=96&d=mm&r=g\",\"url\":\"https:\\\/\\\/secure.gravatar.com\\\/avatar\\\/37d968a2e67a6fd04c169c4bdef102d0bc5d31b2546345219e348575eb80e9a0?s=96&d=mm&r=g\",\"contentUrl\":\"https:\\\/\\\/secure.gravatar.com\\\/avatar\\\/37d968a2e67a6fd04c169c4bdef102d0bc5d31b2546345219e348575eb80e9a0?s=96&d=mm&r=g\",\"caption\":\"redazione\"},\"sameAs\":[\"http:\\\/\\\/www.bellunopress.it\",\"https:\\\/\\\/x.com\\\/bellunopress\"],\"url\":\"https:\\\/\\\/www.bellunopress.it\\\/fr\\\/author\\\/redazione\\\/\"}]}<\/script>\n<!-- \/ Yoast SEO plugin. -->","yoast_head_json":{"title":"\"Andar per monti. La grande passione\" gioved\u00ec a Pedavena la presentazione del libro - Bellunopress - Dolomiti","robots":{"index":"index","follow":"follow","max-snippet":"max-snippet:-1","max-image-preview":"max-image-preview:large","max-video-preview":"max-video-preview:-1"},"canonical":"https:\/\/www.bellunopress.it\/fr\/2012\/01\/11\/andar-per-monti-la-grande-passione-giovedi-a-pedavena-la-presentazione-del-libro\/","og_locale":"fr_FR","og_type":"article","og_title":"\"Andar per monti. La grande passione\" gioved\u00ec a Pedavena la presentazione del libro - Bellunopress - Dolomiti","og_description":"Proseguono le manifestazioni in vista del 90\u00b0 anniversario della fondazione della Sezione CAI di Feltre (costituitasi il 30 aprile 1922): dopo il successo finora riscosso dalla Mostra fotostorica &#8220;Andar per Monti. La Grande Passione&#8221;, con oltre 2.000 visitatori ed ancora aperta presso il Ristorante Pavone di Feltre fino al 21 gennaio (marted\u00ec e venerd\u00ec ore [&hellip;]","og_url":"https:\/\/www.bellunopress.it\/fr\/2012\/01\/11\/andar-per-monti-la-grande-passione-giovedi-a-pedavena-la-presentazione-del-libro\/","og_site_name":"Bellunopress - Dolomiti","article_publisher":"https:\/\/www.facebook.com\/profile.php?id=100008943462799","article_published_time":"2012-01-11T07:19:30+00:00","og_image":[{"url":"http:\/\/www.bellunopress.it\/wp-content\/uploads\/2011\/06\/libri-140x140.jpg","type":"","width":"","height":""}],"author":"redazione","twitter_card":"summary_large_image","twitter_creator":"@bellunopress","twitter_site":"@bellunopress","twitter_misc":{"Written by":"redazione","Est. reading time":"1 minute"},"schema":{"@context":"https:\/\/schema.org","@graph":[{"@type":"Article","@id":"https:\/\/www.bellunopress.it\/2012\/01\/11\/andar-per-monti-la-grande-passione-giovedi-a-pedavena-la-presentazione-del-libro\/#article","isPartOf":{"@id":"https:\/\/www.bellunopress.it\/2012\/01\/11\/andar-per-monti-la-grande-passione-giovedi-a-pedavena-la-presentazione-del-libro\/"},"author":{"name":"redazione","@id":"https:\/\/www.bellunopress.it\/#\/schema\/person\/79bb06722b37ece1c03d3e94beb30d73"},"headline":"&#8220;Andar per monti. La grande passione&#8221; gioved\u00ec a Pedavena la presentazione del libro","datePublished":"2012-01-11T07:19:30+00:00","mainEntityOfPage":{"@id":"https:\/\/www.bellunopress.it\/2012\/01\/11\/andar-per-monti-la-grande-passione-giovedi-a-pedavena-la-presentazione-del-libro\/"},"wordCount":286,"publisher":{"@id":"https:\/\/www.bellunopress.it\/#organization"},"image":{"@id":"https:\/\/www.bellunopress.it\/2012\/01\/11\/andar-per-monti-la-grande-passione-giovedi-a-pedavena-la-presentazione-del-libro\/#primaryimage"},"thumbnailUrl":"http:\/\/www.bellunopress.it\/wp-content\/uploads\/2011\/06\/libri-140x140.jpg","articleSection":["Appuntamenti, Eventi","Prima Pagina"],"inLanguage":"fr-FR"},{"@type":"WebPage","@id":"https:\/\/www.bellunopress.it\/2012\/01\/11\/andar-per-monti-la-grande-passione-giovedi-a-pedavena-la-presentazione-del-libro\/","url":"https:\/\/www.bellunopress.it\/2012\/01\/11\/andar-per-monti-la-grande-passione-giovedi-a-pedavena-la-presentazione-del-libro\/","name":"\"Andar per monti. La grande passione\" gioved\u00ec a Pedavena la presentazione del libro - Bellunopress - Dolomiti","isPartOf":{"@id":"https:\/\/www.bellunopress.it\/#website"},"primaryImageOfPage":{"@id":"https:\/\/www.bellunopress.it\/2012\/01\/11\/andar-per-monti-la-grande-passione-giovedi-a-pedavena-la-presentazione-del-libro\/#primaryimage"},"image":{"@id":"https:\/\/www.bellunopress.it\/2012\/01\/11\/andar-per-monti-la-grande-passione-giovedi-a-pedavena-la-presentazione-del-libro\/#primaryimage"},"thumbnailUrl":"http:\/\/www.bellunopress.it\/wp-content\/uploads\/2011\/06\/libri-140x140.jpg","datePublished":"2012-01-11T07:19:30+00:00","breadcrumb":{"@id":"https:\/\/www.bellunopress.it\/2012\/01\/11\/andar-per-monti-la-grande-passione-giovedi-a-pedavena-la-presentazione-del-libro\/#breadcrumb"},"inLanguage":"fr-FR","potentialAction":[{"@type":"ReadAction","target":["https:\/\/www.bellunopress.it\/2012\/01\/11\/andar-per-monti-la-grande-passione-giovedi-a-pedavena-la-presentazione-del-libro\/"]}]},{"@type":"ImageObject","inLanguage":"fr-FR","@id":"https:\/\/www.bellunopress.it\/2012\/01\/11\/andar-per-monti-la-grande-passione-giovedi-a-pedavena-la-presentazione-del-libro\/#primaryimage","url":"http:\/\/www.bellunopress.it\/wp-content\/uploads\/2011\/06\/libri-140x140.jpg","contentUrl":"http:\/\/www.bellunopress.it\/wp-content\/uploads\/2011\/06\/libri-140x140.jpg"},{"@type":"BreadcrumbList","@id":"https:\/\/www.bellunopress.it\/2012\/01\/11\/andar-per-monti-la-grande-passione-giovedi-a-pedavena-la-presentazione-del-libro\/#breadcrumb","itemListElement":[{"@type":"ListItem","position":1,"name":"Home","item":"https:\/\/www.bellunopress.it\/"},{"@type":"ListItem","position":2,"name":"&#8220;Andar per monti. La grande passione&#8221; gioved\u00ec a Pedavena la presentazione del libro"}]},{"@type":"WebSite","@id":"https:\/\/www.bellunopress.it\/#website","url":"https:\/\/www.bellunopress.it\/","name":"Bellunopress - Dolomiti","description":"e-mail: redazione@bellunopress.it","publisher":{"@id":"https:\/\/www.bellunopress.it\/#organization"},"potentialAction":[{"@type":"SearchAction","target":{"@type":"EntryPoint","urlTemplate":"https:\/\/www.bellunopress.it\/?s={search_term_string}"},"query-input":{"@type":"PropertyValueSpecification","valueRequired":true,"valueName":"search_term_string"}}],"inLanguage":"fr-FR"},{"@type":"Organization","@id":"https:\/\/www.bellunopress.it\/#organization","name":"Bellunopress","url":"https:\/\/www.bellunopress.it\/","logo":{"@type":"ImageObject","inLanguage":"fr-FR","@id":"https:\/\/www.bellunopress.it\/#\/schema\/logo\/image\/","url":"https:\/\/www.bellunopress.it\/wp-content\/uploads\/2011\/05\/cropped-logo-bellunopress-.jpg","contentUrl":"https:\/\/www.bellunopress.it\/wp-content\/uploads\/2011\/05\/cropped-logo-bellunopress-.jpg","width":512,"height":512,"caption":"Bellunopress"},"image":{"@id":"https:\/\/www.bellunopress.it\/#\/schema\/logo\/image\/"},"sameAs":["https:\/\/www.facebook.com\/profile.php?id=100008943462799","https:\/\/x.com\/bellunopress","https:\/\/www.linkedin.com\/hp\/?dnr=JBzUWaJfMUw8vbXJJ2tVW5-I3jZKvC4wsoxE&amp;amp;amp;amp;amp;amp;trk=nav_responsive_tab_home","https:\/\/www.youtube.com\/channel\/UCxL0wu1uN0_3_7hGG0306cw"]},{"@type":"Person","@id":"https:\/\/www.bellunopress.it\/#\/schema\/person\/79bb06722b37ece1c03d3e94beb30d73","name":"r\u00e9daction","image":{"@type":"ImageObject","inLanguage":"fr-FR","@id":"https:\/\/secure.gravatar.com\/avatar\/37d968a2e67a6fd04c169c4bdef102d0bc5d31b2546345219e348575eb80e9a0?s=96&d=mm&r=g","url":"https:\/\/secure.gravatar.com\/avatar\/37d968a2e67a6fd04c169c4bdef102d0bc5d31b2546345219e348575eb80e9a0?s=96&d=mm&r=g","contentUrl":"https:\/\/secure.gravatar.com\/avatar\/37d968a2e67a6fd04c169c4bdef102d0bc5d31b2546345219e348575eb80e9a0?s=96&d=mm&r=g","caption":"redazione"},"sameAs":["http:\/\/www.bellunopress.it","https:\/\/x.com\/bellunopress"],"url":"https:\/\/www.bellunopress.it\/fr\/author\/redazione\/"}]}},"_links":{"self":[{"href":"https:\/\/www.bellunopress.it\/fr\/wp-json\/wp\/v2\/posts\/34048","targetHints":{"allow":["GET"]}}],"collection":[{"href":"https:\/\/www.bellunopress.it\/fr\/wp-json\/wp\/v2\/posts"}],"about":[{"href":"https:\/\/www.bellunopress.it\/fr\/wp-json\/wp\/v2\/types\/post"}],"author":[{"embeddable":true,"href":"https:\/\/www.bellunopress.it\/fr\/wp-json\/wp\/v2\/users\/2"}],"replies":[{"embeddable":true,"href":"https:\/\/www.bellunopress.it\/fr\/wp-json\/wp\/v2\/comments?post=34048"}],"version-history":[{"count":1,"href":"https:\/\/www.bellunopress.it\/fr\/wp-json\/wp\/v2\/posts\/34048\/revisions"}],"predecessor-version":[{"id":34049,"href":"https:\/\/www.bellunopress.it\/fr\/wp-json\/wp\/v2\/posts\/34048\/revisions\/34049"}],"wp:attachment":[{"href":"https:\/\/www.bellunopress.it\/fr\/wp-json\/wp\/v2\/media?parent=34048"}],"wp:term":[{"taxonomy":"category","embeddable":true,"href":"https:\/\/www.bellunopress.it\/fr\/wp-json\/wp\/v2\/categories?post=34048"},{"taxonomy":"post_tag","embeddable":true,"href":"https:\/\/www.bellunopress.it\/fr\/wp-json\/wp\/v2\/tags?post=34048"}],"curies":[{"name":"wp","href":"https:\/\/api.w.org\/{rel}","templated":true}]}}