{"id":34034,"date":"2012-01-10T18:41:44","date_gmt":"2012-01-10T17:41:44","guid":{"rendered":"http:\/\/www.bellunopress.it\/?p=34034"},"modified":"2012-01-10T18:41:44","modified_gmt":"2012-01-10T17:41:44","slug":"nevegal-il-colle-indossa-labito-da-sera-al-via-le-aperture-serali-riservate-allo-sci-dalpinismo-e-al-pubblico","status":"publish","type":"post","link":"https:\/\/www.bellunopress.it\/fr\/2012\/01\/10\/nevegal-il-colle-indossa-labito-da-sera-al-via-le-aperture-serali-riservate-allo-sci-dalpinismo-e-al-pubblico\/","title":{"rendered":"Neveg\u00e0l, il Colle indossa l\u2019abito da sera. Al via le aperture serali riservate allo sci d\u2019alpinismo e al pubblico"},"content":{"rendered":"<p>Archiviate le Festivit\u00e0 natalizie, l\u2019Alpe del Nevegal prosegue la stagione invernale con una novit\u00e0 e un gradito ritorno. Nonostante un inverno avaro di precipitazioni nevose e contraddistinto da temperature elevate per il periodo, la Nuovi Impianti Sportivi Srl \u00e8 lieta di annunciare un\u2019importante novit\u00e0 per tutti gli appassionati dello sci d\u2019alpinismo: a partire dall\u2019 11 di gennaio tutti i mercoled\u00ec la pista Coca Bassa illuminata sar\u00e0 riservata dalle 20.00 alle 22.30 agli habitu\u00e9 delle pelli.<\/p>\n<figure id=\"attachment_33588\" aria-describedby=\"caption-attachment-33588\" style=\"width: 270px\" class=\"wp-caption alignleft\"><a href=\"http:\/\/www.bellunopress.it\/wp-content\/uploads\/2011\/12\/pista-coca-nevegal.jpg\"><img loading=\"lazy\" decoding=\"async\" class=\"size-full wp-image-33588\" title=\"pista coca nevegal\" src=\"http:\/\/www.bellunopress.it\/wp-content\/uploads\/2011\/12\/pista-coca-nevegal.jpg\" alt=\"\" width=\"270\" height=\"191\" \/><\/a><figcaption id=\"caption-attachment-33588\" class=\"wp-caption-text\">Pista &quot;Coca&quot; Nevegal (Belluno)<\/figcaption><\/figure>\n<p>L\u2019accesso alla pista coster\u00e0 \u20ac 3, mentre sar\u00e0 ovviamente libero per coloro che possiedono la tessera stagionale Sci Alpinismo, tuttora acquistabile presso l\u2019Ufficio Skipass del Nevegal al costo di \u20ac 50. Il venerd\u00ec, a partire dal 13 di gennaio, ritorna l\u2019apertura serale riservata al pubblico, dalle 20.00 alle 22.30 sar\u00e0 infatti possibile apprezzare la discesa in notturna sulla pista Coca Bassa perfettamente illuminata. Per ogni informazione riguardo alle iniziative menzionate \u00e8 possibile contattare l\u2019Ufficio Skipass tutti i giorni dalle 8.30 alle 17.00 telefonicamente allo 0437 907106 o via e-mail all\u2019indirizzo <a href=\"mailto:info@alpedelnevegal.it\">info@alpedelnevegal.it<\/a> .<\/p>","protected":false},"excerpt":{"rendered":"<p>Archiviate le Festivit\u00e0 natalizie, l\u2019Alpe del Nevegal prosegue la stagione invernale con una novit\u00e0 e un gradito ritorno. Nonostante un inverno avaro di precipitazioni nevose e contraddistinto da temperature elevate per il periodo, la Nuovi Impianti Sportivi Srl \u00e8 lieta di annunciare un\u2019importante novit\u00e0 per tutti gli appassionati dello sci d\u2019alpinismo: a partire dall\u2019 11 [&hellip;]<\/p>\n","protected":false},"author":2,"featured_media":0,"comment_status":"closed","ping_status":"open","sticky":false,"template":"","format":"standard","meta":{"footnotes":""},"categories":[25,4],"tags":[],"class_list":["post-34034","post","type-post","status-publish","format-standard","category-pausa-caffe","category-sport"],"yoast_head":"<!-- This site is optimized with the Yoast SEO plugin v28.4 - https:\/\/yoast.com\/product\/yoast-seo-wordpress\/ -->\n<title>Neveg\u00e0l, il Colle indossa l\u2019abito da sera. Al via le aperture serali riservate allo sci d\u2019alpinismo e al pubblico - Bellunopress - Dolomiti<\/title>\n<meta name=\"robots\" content=\"index, follow, max-snippet:-1, max-image-preview:large, max-video-preview:-1\" \/>\n<link rel=\"canonical\" href=\"https:\/\/www.bellunopress.it\/fr\/2012\/01\/10\/nevegal-il-colle-indossa-labito-da-sera-al-via-le-aperture-serali-riservate-allo-sci-dalpinismo-e-al-pubblico\/\" \/>\n<meta property=\"og:locale\" content=\"fr_FR\" \/>\n<meta property=\"og:type\" content=\"article\" \/>\n<meta property=\"og:title\" content=\"Neveg\u00e0l, il Colle indossa l\u2019abito da sera. Al via le aperture serali riservate allo sci d\u2019alpinismo e al pubblico - Bellunopress - Dolomiti\" \/>\n<meta property=\"og:description\" content=\"Archiviate le Festivit\u00e0 natalizie, l\u2019Alpe del Nevegal prosegue la stagione invernale con una novit\u00e0 e un gradito ritorno. Nonostante un inverno avaro di precipitazioni nevose e contraddistinto da temperature elevate per il periodo, la Nuovi Impianti Sportivi Srl \u00e8 lieta di annunciare un\u2019importante novit\u00e0 per tutti gli appassionati dello sci d\u2019alpinismo: a partire dall\u2019 11 [&hellip;]\" \/>\n<meta property=\"og:url\" content=\"https:\/\/www.bellunopress.it\/fr\/2012\/01\/10\/nevegal-il-colle-indossa-labito-da-sera-al-via-le-aperture-serali-riservate-allo-sci-dalpinismo-e-al-pubblico\/\" \/>\n<meta property=\"og:site_name\" content=\"Bellunopress - Dolomiti\" \/>\n<meta property=\"article:publisher\" content=\"https:\/\/www.facebook.com\/profile.php?id=100008943462799\" \/>\n<meta property=\"article:published_time\" content=\"2012-01-10T17:41:44+00:00\" \/>\n<meta property=\"og:image\" content=\"http:\/\/www.bellunopress.it\/wp-content\/uploads\/2011\/12\/pista-coca-nevegal.jpg\" \/>\n<meta name=\"author\" content=\"redazione\" \/>\n<meta name=\"twitter:card\" content=\"summary_large_image\" \/>\n<meta name=\"twitter:creator\" content=\"@bellunopress\" \/>\n<meta name=\"twitter:site\" content=\"@bellunopress\" \/>\n<meta name=\"twitter:label1\" content=\"\u00c9crit par\" \/>\n\t<meta name=\"twitter:data1\" content=\"redazione\" \/>\n\t<meta name=\"twitter:label2\" content=\"Dur\u00e9e de lecture estim\u00e9e\" \/>\n\t<meta name=\"twitter:data2\" content=\"1 minute\" \/>\n<script type=\"application\/ld+json\" class=\"yoast-schema-graph\">{\"@context\":\"https:\\\/\\\/schema.org\",\"@graph\":[{\"@type\":\"Article\",\"@id\":\"https:\\\/\\\/www.bellunopress.it\\\/2012\\\/01\\\/10\\\/nevegal-il-colle-indossa-labito-da-sera-al-via-le-aperture-serali-riservate-allo-sci-dalpinismo-e-al-pubblico\\\/#article\",\"isPartOf\":{\"@id\":\"https:\\\/\\\/www.bellunopress.it\\\/2012\\\/01\\\/10\\\/nevegal-il-colle-indossa-labito-da-sera-al-via-le-aperture-serali-riservate-allo-sci-dalpinismo-e-al-pubblico\\\/\"},\"author\":{\"name\":\"redazione\",\"@id\":\"https:\\\/\\\/www.bellunopress.it\\\/#\\\/schema\\\/person\\\/79bb06722b37ece1c03d3e94beb30d73\"},\"headline\":\"Neveg\u00e0l, il Colle indossa l\u2019abito da sera. Al via le aperture serali riservate allo sci d\u2019alpinismo e al pubblico\",\"datePublished\":\"2012-01-10T17:41:44+00:00\",\"mainEntityOfPage\":{\"@id\":\"https:\\\/\\\/www.bellunopress.it\\\/2012\\\/01\\\/10\\\/nevegal-il-colle-indossa-labito-da-sera-al-via-le-aperture-serali-riservate-allo-sci-dalpinismo-e-al-pubblico\\\/\"},\"wordCount\":196,\"publisher\":{\"@id\":\"https:\\\/\\\/www.bellunopress.it\\\/#organization\"},\"image\":{\"@id\":\"https:\\\/\\\/www.bellunopress.it\\\/2012\\\/01\\\/10\\\/nevegal-il-colle-indossa-labito-da-sera-al-via-le-aperture-serali-riservate-allo-sci-dalpinismo-e-al-pubblico\\\/#primaryimage\"},\"thumbnailUrl\":\"http:\\\/\\\/www.bellunopress.it\\\/wp-content\\\/uploads\\\/2011\\\/12\\\/pista-coca-nevegal.jpg\",\"articleSection\":[\"Pausa Caff\u00e8\",\"Sport, tempo libero\"],\"inLanguage\":\"fr-FR\"},{\"@type\":\"WebPage\",\"@id\":\"https:\\\/\\\/www.bellunopress.it\\\/2012\\\/01\\\/10\\\/nevegal-il-colle-indossa-labito-da-sera-al-via-le-aperture-serali-riservate-allo-sci-dalpinismo-e-al-pubblico\\\/\",\"url\":\"https:\\\/\\\/www.bellunopress.it\\\/2012\\\/01\\\/10\\\/nevegal-il-colle-indossa-labito-da-sera-al-via-le-aperture-serali-riservate-allo-sci-dalpinismo-e-al-pubblico\\\/\",\"name\":\"Neveg\u00e0l, il Colle indossa l\u2019abito da sera. Al via le aperture serali riservate allo sci d\u2019alpinismo e al pubblico - Bellunopress - Dolomiti\",\"isPartOf\":{\"@id\":\"https:\\\/\\\/www.bellunopress.it\\\/#website\"},\"primaryImageOfPage\":{\"@id\":\"https:\\\/\\\/www.bellunopress.it\\\/2012\\\/01\\\/10\\\/nevegal-il-colle-indossa-labito-da-sera-al-via-le-aperture-serali-riservate-allo-sci-dalpinismo-e-al-pubblico\\\/#primaryimage\"},\"image\":{\"@id\":\"https:\\\/\\\/www.bellunopress.it\\\/2012\\\/01\\\/10\\\/nevegal-il-colle-indossa-labito-da-sera-al-via-le-aperture-serali-riservate-allo-sci-dalpinismo-e-al-pubblico\\\/#primaryimage\"},\"thumbnailUrl\":\"http:\\\/\\\/www.bellunopress.it\\\/wp-content\\\/uploads\\\/2011\\\/12\\\/pista-coca-nevegal.jpg\",\"datePublished\":\"2012-01-10T17:41:44+00:00\",\"breadcrumb\":{\"@id\":\"https:\\\/\\\/www.bellunopress.it\\\/2012\\\/01\\\/10\\\/nevegal-il-colle-indossa-labito-da-sera-al-via-le-aperture-serali-riservate-allo-sci-dalpinismo-e-al-pubblico\\\/#breadcrumb\"},\"inLanguage\":\"fr-FR\",\"potentialAction\":[{\"@type\":\"ReadAction\",\"target\":[\"https:\\\/\\\/www.bellunopress.it\\\/2012\\\/01\\\/10\\\/nevegal-il-colle-indossa-labito-da-sera-al-via-le-aperture-serali-riservate-allo-sci-dalpinismo-e-al-pubblico\\\/\"]}]},{\"@type\":\"ImageObject\",\"inLanguage\":\"fr-FR\",\"@id\":\"https:\\\/\\\/www.bellunopress.it\\\/2012\\\/01\\\/10\\\/nevegal-il-colle-indossa-labito-da-sera-al-via-le-aperture-serali-riservate-allo-sci-dalpinismo-e-al-pubblico\\\/#primaryimage\",\"url\":\"http:\\\/\\\/www.bellunopress.it\\\/wp-content\\\/uploads\\\/2011\\\/12\\\/pista-coca-nevegal.jpg\",\"contentUrl\":\"http:\\\/\\\/www.bellunopress.it\\\/wp-content\\\/uploads\\\/2011\\\/12\\\/pista-coca-nevegal.jpg\"},{\"@type\":\"BreadcrumbList\",\"@id\":\"https:\\\/\\\/www.bellunopress.it\\\/2012\\\/01\\\/10\\\/nevegal-il-colle-indossa-labito-da-sera-al-via-le-aperture-serali-riservate-allo-sci-dalpinismo-e-al-pubblico\\\/#breadcrumb\",\"itemListElement\":[{\"@type\":\"ListItem\",\"position\":1,\"name\":\"Home\",\"item\":\"https:\\\/\\\/www.bellunopress.it\\\/\"},{\"@type\":\"ListItem\",\"position\":2,\"name\":\"Neveg\u00e0l, il Colle indossa l\u2019abito da sera. Al via le aperture serali riservate allo sci d\u2019alpinismo e al pubblico\"}]},{\"@type\":\"WebSite\",\"@id\":\"https:\\\/\\\/www.bellunopress.it\\\/#website\",\"url\":\"https:\\\/\\\/www.bellunopress.it\\\/\",\"name\":\"Bellunopress - Dolomiti\",\"description\":\"e-mail: redazione@bellunopress.it\",\"publisher\":{\"@id\":\"https:\\\/\\\/www.bellunopress.it\\\/#organization\"},\"potentialAction\":[{\"@type\":\"SearchAction\",\"target\":{\"@type\":\"EntryPoint\",\"urlTemplate\":\"https:\\\/\\\/www.bellunopress.it\\\/?s={search_term_string}\"},\"query-input\":{\"@type\":\"PropertyValueSpecification\",\"valueRequired\":true,\"valueName\":\"search_term_string\"}}],\"inLanguage\":\"fr-FR\"},{\"@type\":\"Organization\",\"@id\":\"https:\\\/\\\/www.bellunopress.it\\\/#organization\",\"name\":\"Bellunopress\",\"url\":\"https:\\\/\\\/www.bellunopress.it\\\/\",\"logo\":{\"@type\":\"ImageObject\",\"inLanguage\":\"fr-FR\",\"@id\":\"https:\\\/\\\/www.bellunopress.it\\\/#\\\/schema\\\/logo\\\/image\\\/\",\"url\":\"https:\\\/\\\/www.bellunopress.it\\\/wp-content\\\/uploads\\\/2011\\\/05\\\/cropped-logo-bellunopress-.jpg\",\"contentUrl\":\"https:\\\/\\\/www.bellunopress.it\\\/wp-content\\\/uploads\\\/2011\\\/05\\\/cropped-logo-bellunopress-.jpg\",\"width\":512,\"height\":512,\"caption\":\"Bellunopress\"},\"image\":{\"@id\":\"https:\\\/\\\/www.bellunopress.it\\\/#\\\/schema\\\/logo\\\/image\\\/\"},\"sameAs\":[\"https:\\\/\\\/www.facebook.com\\\/profile.php?id=100008943462799\",\"https:\\\/\\\/x.com\\\/bellunopress\",\"https:\\\/\\\/www.linkedin.com\\\/hp\\\/?dnr=JBzUWaJfMUw8vbXJJ2tVW5-I3jZKvC4wsoxE&amp;amp;amp;amp;amp;amp;trk=nav_responsive_tab_home\",\"https:\\\/\\\/www.youtube.com\\\/channel\\\/UCxL0wu1uN0_3_7hGG0306cw\"]},{\"@type\":\"Person\",\"@id\":\"https:\\\/\\\/www.bellunopress.it\\\/#\\\/schema\\\/person\\\/79bb06722b37ece1c03d3e94beb30d73\",\"name\":\"redazione\",\"image\":{\"@type\":\"ImageObject\",\"inLanguage\":\"fr-FR\",\"@id\":\"https:\\\/\\\/secure.gravatar.com\\\/avatar\\\/37d968a2e67a6fd04c169c4bdef102d0bc5d31b2546345219e348575eb80e9a0?s=96&d=mm&r=g\",\"url\":\"https:\\\/\\\/secure.gravatar.com\\\/avatar\\\/37d968a2e67a6fd04c169c4bdef102d0bc5d31b2546345219e348575eb80e9a0?s=96&d=mm&r=g\",\"contentUrl\":\"https:\\\/\\\/secure.gravatar.com\\\/avatar\\\/37d968a2e67a6fd04c169c4bdef102d0bc5d31b2546345219e348575eb80e9a0?s=96&d=mm&r=g\",\"caption\":\"redazione\"},\"sameAs\":[\"http:\\\/\\\/www.bellunopress.it\",\"https:\\\/\\\/x.com\\\/bellunopress\"],\"url\":\"https:\\\/\\\/www.bellunopress.it\\\/fr\\\/author\\\/redazione\\\/\"}]}<\/script>\n<!-- \/ Yoast SEO plugin. -->","yoast_head_json":{"title":"Neveg\u00e0l, il Colle indossa l\u2019abito da sera. Al via le aperture serali riservate allo sci d\u2019alpinismo e al pubblico - Bellunopress - Dolomiti","robots":{"index":"index","follow":"follow","max-snippet":"max-snippet:-1","max-image-preview":"max-image-preview:large","max-video-preview":"max-video-preview:-1"},"canonical":"https:\/\/www.bellunopress.it\/fr\/2012\/01\/10\/nevegal-il-colle-indossa-labito-da-sera-al-via-le-aperture-serali-riservate-allo-sci-dalpinismo-e-al-pubblico\/","og_locale":"fr_FR","og_type":"article","og_title":"Neveg\u00e0l, il Colle indossa l\u2019abito da sera. Al via le aperture serali riservate allo sci d\u2019alpinismo e al pubblico - Bellunopress - Dolomiti","og_description":"Archiviate le Festivit\u00e0 natalizie, l\u2019Alpe del Nevegal prosegue la stagione invernale con una novit\u00e0 e un gradito ritorno. Nonostante un inverno avaro di precipitazioni nevose e contraddistinto da temperature elevate per il periodo, la Nuovi Impianti Sportivi Srl \u00e8 lieta di annunciare un\u2019importante novit\u00e0 per tutti gli appassionati dello sci d\u2019alpinismo: a partire dall\u2019 11 [&hellip;]","og_url":"https:\/\/www.bellunopress.it\/fr\/2012\/01\/10\/nevegal-il-colle-indossa-labito-da-sera-al-via-le-aperture-serali-riservate-allo-sci-dalpinismo-e-al-pubblico\/","og_site_name":"Bellunopress - Dolomiti","article_publisher":"https:\/\/www.facebook.com\/profile.php?id=100008943462799","article_published_time":"2012-01-10T17:41:44+00:00","og_image":[{"url":"http:\/\/www.bellunopress.it\/wp-content\/uploads\/2011\/12\/pista-coca-nevegal.jpg","type":"","width":"","height":""}],"author":"redazione","twitter_card":"summary_large_image","twitter_creator":"@bellunopress","twitter_site":"@bellunopress","twitter_misc":{"\u00c9crit par":"redazione","Dur\u00e9e de lecture estim\u00e9e":"1 minute"},"schema":{"@context":"https:\/\/schema.org","@graph":[{"@type":"Article","@id":"https:\/\/www.bellunopress.it\/2012\/01\/10\/nevegal-il-colle-indossa-labito-da-sera-al-via-le-aperture-serali-riservate-allo-sci-dalpinismo-e-al-pubblico\/#article","isPartOf":{"@id":"https:\/\/www.bellunopress.it\/2012\/01\/10\/nevegal-il-colle-indossa-labito-da-sera-al-via-le-aperture-serali-riservate-allo-sci-dalpinismo-e-al-pubblico\/"},"author":{"name":"redazione","@id":"https:\/\/www.bellunopress.it\/#\/schema\/person\/79bb06722b37ece1c03d3e94beb30d73"},"headline":"Neveg\u00e0l, il Colle indossa l\u2019abito da sera. Al via le aperture serali riservate allo sci d\u2019alpinismo e al pubblico","datePublished":"2012-01-10T17:41:44+00:00","mainEntityOfPage":{"@id":"https:\/\/www.bellunopress.it\/2012\/01\/10\/nevegal-il-colle-indossa-labito-da-sera-al-via-le-aperture-serali-riservate-allo-sci-dalpinismo-e-al-pubblico\/"},"wordCount":196,"publisher":{"@id":"https:\/\/www.bellunopress.it\/#organization"},"image":{"@id":"https:\/\/www.bellunopress.it\/2012\/01\/10\/nevegal-il-colle-indossa-labito-da-sera-al-via-le-aperture-serali-riservate-allo-sci-dalpinismo-e-al-pubblico\/#primaryimage"},"thumbnailUrl":"http:\/\/www.bellunopress.it\/wp-content\/uploads\/2011\/12\/pista-coca-nevegal.jpg","articleSection":["Pausa Caff\u00e8","Sport, tempo libero"],"inLanguage":"fr-FR"},{"@type":"WebPage","@id":"https:\/\/www.bellunopress.it\/2012\/01\/10\/nevegal-il-colle-indossa-labito-da-sera-al-via-le-aperture-serali-riservate-allo-sci-dalpinismo-e-al-pubblico\/","url":"https:\/\/www.bellunopress.it\/2012\/01\/10\/nevegal-il-colle-indossa-labito-da-sera-al-via-le-aperture-serali-riservate-allo-sci-dalpinismo-e-al-pubblico\/","name":"Neveg\u00e0l, il Colle indossa l\u2019abito da sera. Al via le aperture serali riservate allo sci d\u2019alpinismo e al pubblico - Bellunopress - Dolomiti","isPartOf":{"@id":"https:\/\/www.bellunopress.it\/#website"},"primaryImageOfPage":{"@id":"https:\/\/www.bellunopress.it\/2012\/01\/10\/nevegal-il-colle-indossa-labito-da-sera-al-via-le-aperture-serali-riservate-allo-sci-dalpinismo-e-al-pubblico\/#primaryimage"},"image":{"@id":"https:\/\/www.bellunopress.it\/2012\/01\/10\/nevegal-il-colle-indossa-labito-da-sera-al-via-le-aperture-serali-riservate-allo-sci-dalpinismo-e-al-pubblico\/#primaryimage"},"thumbnailUrl":"http:\/\/www.bellunopress.it\/wp-content\/uploads\/2011\/12\/pista-coca-nevegal.jpg","datePublished":"2012-01-10T17:41:44+00:00","breadcrumb":{"@id":"https:\/\/www.bellunopress.it\/2012\/01\/10\/nevegal-il-colle-indossa-labito-da-sera-al-via-le-aperture-serali-riservate-allo-sci-dalpinismo-e-al-pubblico\/#breadcrumb"},"inLanguage":"fr-FR","potentialAction":[{"@type":"ReadAction","target":["https:\/\/www.bellunopress.it\/2012\/01\/10\/nevegal-il-colle-indossa-labito-da-sera-al-via-le-aperture-serali-riservate-allo-sci-dalpinismo-e-al-pubblico\/"]}]},{"@type":"ImageObject","inLanguage":"fr-FR","@id":"https:\/\/www.bellunopress.it\/2012\/01\/10\/nevegal-il-colle-indossa-labito-da-sera-al-via-le-aperture-serali-riservate-allo-sci-dalpinismo-e-al-pubblico\/#primaryimage","url":"http:\/\/www.bellunopress.it\/wp-content\/uploads\/2011\/12\/pista-coca-nevegal.jpg","contentUrl":"http:\/\/www.bellunopress.it\/wp-content\/uploads\/2011\/12\/pista-coca-nevegal.jpg"},{"@type":"BreadcrumbList","@id":"https:\/\/www.bellunopress.it\/2012\/01\/10\/nevegal-il-colle-indossa-labito-da-sera-al-via-le-aperture-serali-riservate-allo-sci-dalpinismo-e-al-pubblico\/#breadcrumb","itemListElement":[{"@type":"ListItem","position":1,"name":"Home","item":"https:\/\/www.bellunopress.it\/"},{"@type":"ListItem","position":2,"name":"Neveg\u00e0l, il Colle indossa l\u2019abito da sera. Al via le aperture serali riservate allo sci d\u2019alpinismo e al pubblico"}]},{"@type":"WebSite","@id":"https:\/\/www.bellunopress.it\/#website","url":"https:\/\/www.bellunopress.it\/","name":"Bellunopress - Dolomiti","description":"e-mail: redazione@bellunopress.it","publisher":{"@id":"https:\/\/www.bellunopress.it\/#organization"},"potentialAction":[{"@type":"SearchAction","target":{"@type":"EntryPoint","urlTemplate":"https:\/\/www.bellunopress.it\/?s={search_term_string}"},"query-input":{"@type":"PropertyValueSpecification","valueRequired":true,"valueName":"search_term_string"}}],"inLanguage":"fr-FR"},{"@type":"Organization","@id":"https:\/\/www.bellunopress.it\/#organization","name":"Bellunopress","url":"https:\/\/www.bellunopress.it\/","logo":{"@type":"ImageObject","inLanguage":"fr-FR","@id":"https:\/\/www.bellunopress.it\/#\/schema\/logo\/image\/","url":"https:\/\/www.bellunopress.it\/wp-content\/uploads\/2011\/05\/cropped-logo-bellunopress-.jpg","contentUrl":"https:\/\/www.bellunopress.it\/wp-content\/uploads\/2011\/05\/cropped-logo-bellunopress-.jpg","width":512,"height":512,"caption":"Bellunopress"},"image":{"@id":"https:\/\/www.bellunopress.it\/#\/schema\/logo\/image\/"},"sameAs":["https:\/\/www.facebook.com\/profile.php?id=100008943462799","https:\/\/x.com\/bellunopress","https:\/\/www.linkedin.com\/hp\/?dnr=JBzUWaJfMUw8vbXJJ2tVW5-I3jZKvC4wsoxE&amp;amp;amp;amp;amp;amp;trk=nav_responsive_tab_home","https:\/\/www.youtube.com\/channel\/UCxL0wu1uN0_3_7hGG0306cw"]},{"@type":"Person","@id":"https:\/\/www.bellunopress.it\/#\/schema\/person\/79bb06722b37ece1c03d3e94beb30d73","name":"r\u00e9daction","image":{"@type":"ImageObject","inLanguage":"fr-FR","@id":"https:\/\/secure.gravatar.com\/avatar\/37d968a2e67a6fd04c169c4bdef102d0bc5d31b2546345219e348575eb80e9a0?s=96&d=mm&r=g","url":"https:\/\/secure.gravatar.com\/avatar\/37d968a2e67a6fd04c169c4bdef102d0bc5d31b2546345219e348575eb80e9a0?s=96&d=mm&r=g","contentUrl":"https:\/\/secure.gravatar.com\/avatar\/37d968a2e67a6fd04c169c4bdef102d0bc5d31b2546345219e348575eb80e9a0?s=96&d=mm&r=g","caption":"redazione"},"sameAs":["http:\/\/www.bellunopress.it","https:\/\/x.com\/bellunopress"],"url":"https:\/\/www.bellunopress.it\/fr\/author\/redazione\/"}]}},"_links":{"self":[{"href":"https:\/\/www.bellunopress.it\/fr\/wp-json\/wp\/v2\/posts\/34034","targetHints":{"allow":["GET"]}}],"collection":[{"href":"https:\/\/www.bellunopress.it\/fr\/wp-json\/wp\/v2\/posts"}],"about":[{"href":"https:\/\/www.bellunopress.it\/fr\/wp-json\/wp\/v2\/types\/post"}],"author":[{"embeddable":true,"href":"https:\/\/www.bellunopress.it\/fr\/wp-json\/wp\/v2\/users\/2"}],"replies":[{"embeddable":true,"href":"https:\/\/www.bellunopress.it\/fr\/wp-json\/wp\/v2\/comments?post=34034"}],"version-history":[{"count":1,"href":"https:\/\/www.bellunopress.it\/fr\/wp-json\/wp\/v2\/posts\/34034\/revisions"}],"predecessor-version":[{"id":34035,"href":"https:\/\/www.bellunopress.it\/fr\/wp-json\/wp\/v2\/posts\/34034\/revisions\/34035"}],"wp:attachment":[{"href":"https:\/\/www.bellunopress.it\/fr\/wp-json\/wp\/v2\/media?parent=34034"}],"wp:term":[{"taxonomy":"category","embeddable":true,"href":"https:\/\/www.bellunopress.it\/fr\/wp-json\/wp\/v2\/categories?post=34034"},{"taxonomy":"post_tag","embeddable":true,"href":"https:\/\/www.bellunopress.it\/fr\/wp-json\/wp\/v2\/tags?post=34034"}],"curies":[{"name":"wp","href":"https:\/\/api.w.org\/{rel}","templated":true}]}}