{"id":34027,"date":"2012-01-10T18:26:43","date_gmt":"2012-01-10T17:26:43","guid":{"rendered":"http:\/\/www.bellunopress.it\/?p=34027"},"modified":"2012-01-10T18:26:43","modified_gmt":"2012-01-10T17:26:43","slug":"accesso-al-credito-giandomenico-cappellaro-spero-che-le-risorse-sbloccate-dalle-istituzioni-europee-comincino-a-circolare-realmente-e-non-siano-utilizzate-solo-per-risolvere-alcune-crepe-del-sist","status":"publish","type":"post","link":"https:\/\/www.bellunopress.it\/fr\/2012\/01\/10\/accesso-al-credito-giandomenico-cappellaro-spero-che-le-risorse-sbloccate-dalle-istituzioni-europee-comincino-a-circolare-realmente-e-non-siano-utilizzate-solo-per-risolvere-alcune-crepe-del-sist\/","title":{"rendered":"Accesso al credito. Giandomenico Cappellaro: &#8220;Spero che le risorse sbloccate dalle istituzioni europee comincino a circolare realmente, e non siano utilizzate solo per risolvere alcune crepe del sistema bancario&#8221;"},"content":{"rendered":"<figure id=\"attachment_22958\" aria-describedby=\"caption-attachment-22958\" style=\"width: 125px\" class=\"wp-caption alignleft\"><a href=\"http:\/\/www.bellunopress.it\/wp-content\/uploads\/2011\/01\/Gian-Domenico-Cappellaro-150x125.jpg\"><img loading=\"lazy\" decoding=\"async\" class=\"size-full wp-image-22958\" title=\"Gian Domenico Cappellaro 150x125\" src=\"http:\/\/www.bellunopress.it\/wp-content\/uploads\/2011\/01\/Gian-Domenico-Cappellaro-150x125.jpg\" alt=\"\" width=\"125\" height=\"150\" \/><\/a><figcaption id=\"caption-attachment-22958\" class=\"wp-caption-text\">Gian Domenico Cappellaro<\/figcaption><\/figure>\n<p>&#8220;Ho letto e accolto con grande favore le dichiarazioni del presidente di Confindustria Veneto Andrea Tomat in merito alla questione dell\u2019erogazione del credito da parte delle banche&#8221;\u00a0 scrive il presidente di Coinfindustria Belluno Dolomiti Domenico Cappellaro in una nota.\u00a0&#8220;La fotografia delineata dal presidente regionale \u00e8 assolutamente corretta, reale e per questo preoccupante. E\u2019 indubbio infatti che ci sia un forte disagio da parte del sistema imprenditoriale. La fase di profondo cambiamento che stiamo vivendo richiede l\u2019attivazione di processi di aggiustamento e di riorganizzazione da parte delle imprese che necessitano del giusto tempo per funzionare a regime e di conseguenza rientrare dei costi sostenuti e degli investimenti fatti. La stretta operata dal credito invece non fa che strangolare e vanificare gli sforzi dell\u2019economia reale di tornare a crescere. Per questo le aspettative degli imprenditori sull\u2019utilizzo dei fondi concessi dalle Bce lo scorso dicembre agli istituti di credito erano ben diverse! Quella mossa, nelle intenzioni iniziali, doveva dare respiro a famiglie e imprese e invece si \u00e8 trasformata in una partita di giro. Bene ridurre il debito ma senza crescita e sviluppo quell\u2019obiettivo non lo raggiungeremo mai. Il mondo produttivo ha bisogno di liquidit\u00e0 &#8211; conclude Cappellaro &#8211; \u00a0e questo deve essere per tutti la vera priorit\u00e0. Spero quindi che le risorse sbloccate dalle istituzioni europee comincino a circolare realmente sul mercato al fine di risollevare le sorti di tutti (cittadini e aziende) e non siano utilizzate solo per risolvere alcune crepe del sistema bancario&#8221;.<\/p>\n<p>&nbsp;<\/p>","protected":false},"excerpt":{"rendered":"<p>&#8220;Ho letto e accolto con grande favore le dichiarazioni del presidente di Confindustria Veneto Andrea Tomat in merito alla questione dell\u2019erogazione del credito da parte delle banche&#8221;\u00a0 scrive il presidente di Coinfindustria Belluno Dolomiti Domenico Cappellaro in una nota.\u00a0&#8220;La fotografia delineata dal presidente regionale \u00e8 assolutamente corretta, reale e per questo preoccupante. E\u2019 indubbio infatti [&hellip;]<\/p>\n","protected":false},"author":2,"featured_media":0,"comment_status":"closed","ping_status":"open","sticky":false,"template":"","format":"standard","meta":{"footnotes":""},"categories":[36,26],"tags":[],"class_list":["post-34027","post","type-post","status-publish","format-standard","category-lavoro-economia","category-prima-pagina"],"yoast_head":"<!-- This site is optimized with the Yoast SEO plugin v28.4 - https:\/\/yoast.com\/product\/yoast-seo-wordpress\/ -->\n<title>Accesso al credito. Giandomenico Cappellaro: &quot;Spero che le risorse sbloccate dalle istituzioni europee comincino a circolare realmente, e non siano utilizzate solo per risolvere alcune crepe del sistema bancario&quot; - Bellunopress - Dolomiti<\/title>\n<meta name=\"robots\" content=\"index, follow, max-snippet:-1, max-image-preview:large, max-video-preview:-1\" \/>\n<link rel=\"canonical\" href=\"https:\/\/www.bellunopress.it\/fr\/2012\/01\/10\/accesso-al-credito-giandomenico-cappellaro-spero-che-le-risorse-sbloccate-dalle-istituzioni-europee-comincino-a-circolare-realmente-e-non-siano-utilizzate-solo-per-risolvere-alcune-crepe-del-sist\/\" \/>\n<meta property=\"og:locale\" content=\"fr_FR\" \/>\n<meta property=\"og:type\" content=\"article\" \/>\n<meta property=\"og:title\" content=\"Accesso al credito. Giandomenico Cappellaro: &quot;Spero che le risorse sbloccate dalle istituzioni europee comincino a circolare realmente, e non siano utilizzate solo per risolvere alcune crepe del sistema bancario&quot; - Bellunopress - Dolomiti\" \/>\n<meta property=\"og:description\" content=\"&#8220;Ho letto e accolto con grande favore le dichiarazioni del presidente di Confindustria Veneto Andrea Tomat in merito alla questione dell\u2019erogazione del credito da parte delle banche&#8221;\u00a0 scrive il presidente di Coinfindustria Belluno Dolomiti Domenico Cappellaro in una nota.\u00a0&#8220;La fotografia delineata dal presidente regionale \u00e8 assolutamente corretta, reale e per questo preoccupante. E\u2019 indubbio infatti [&hellip;]\" \/>\n<meta property=\"og:url\" content=\"https:\/\/www.bellunopress.it\/fr\/2012\/01\/10\/accesso-al-credito-giandomenico-cappellaro-spero-che-le-risorse-sbloccate-dalle-istituzioni-europee-comincino-a-circolare-realmente-e-non-siano-utilizzate-solo-per-risolvere-alcune-crepe-del-sist\/\" \/>\n<meta property=\"og:site_name\" content=\"Bellunopress - Dolomiti\" \/>\n<meta property=\"article:publisher\" content=\"https:\/\/www.facebook.com\/profile.php?id=100008943462799\" \/>\n<meta property=\"article:published_time\" content=\"2012-01-10T17:26:43+00:00\" \/>\n<meta property=\"og:image\" content=\"http:\/\/www.bellunopress.it\/wp-content\/uploads\/2011\/01\/Gian-Domenico-Cappellaro-150x125.jpg\" \/>\n<meta name=\"author\" content=\"redazione\" \/>\n<meta name=\"twitter:card\" content=\"summary_large_image\" \/>\n<meta name=\"twitter:creator\" content=\"@bellunopress\" \/>\n<meta name=\"twitter:site\" content=\"@bellunopress\" \/>\n<meta name=\"twitter:label1\" content=\"\u00c9crit par\" \/>\n\t<meta name=\"twitter:data1\" content=\"redazione\" \/>\n\t<meta name=\"twitter:label2\" content=\"Dur\u00e9e de lecture estim\u00e9e\" \/>\n\t<meta name=\"twitter:data2\" content=\"1 minute\" \/>\n<script type=\"application\/ld+json\" class=\"yoast-schema-graph\">{\"@context\":\"https:\\\/\\\/schema.org\",\"@graph\":[{\"@type\":\"Article\",\"@id\":\"https:\\\/\\\/www.bellunopress.it\\\/2012\\\/01\\\/10\\\/accesso-al-credito-giandomenico-cappellaro-spero-che-le-risorse-sbloccate-dalle-istituzioni-europee-comincino-a-circolare-realmente-e-non-siano-utilizzate-solo-per-risolvere-alcune-crepe-del-sist\\\/#article\",\"isPartOf\":{\"@id\":\"https:\\\/\\\/www.bellunopress.it\\\/2012\\\/01\\\/10\\\/accesso-al-credito-giandomenico-cappellaro-spero-che-le-risorse-sbloccate-dalle-istituzioni-europee-comincino-a-circolare-realmente-e-non-siano-utilizzate-solo-per-risolvere-alcune-crepe-del-sist\\\/\"},\"author\":{\"name\":\"redazione\",\"@id\":\"https:\\\/\\\/www.bellunopress.it\\\/#\\\/schema\\\/person\\\/79bb06722b37ece1c03d3e94beb30d73\"},\"headline\":\"Accesso al credito. Giandomenico Cappellaro: &#8220;Spero che le risorse sbloccate dalle istituzioni europee comincino a circolare realmente, e non siano utilizzate solo per risolvere alcune crepe del sistema bancario&#8221;\",\"datePublished\":\"2012-01-10T17:26:43+00:00\",\"mainEntityOfPage\":{\"@id\":\"https:\\\/\\\/www.bellunopress.it\\\/2012\\\/01\\\/10\\\/accesso-al-credito-giandomenico-cappellaro-spero-che-le-risorse-sbloccate-dalle-istituzioni-europee-comincino-a-circolare-realmente-e-non-siano-utilizzate-solo-per-risolvere-alcune-crepe-del-sist\\\/\"},\"wordCount\":288,\"publisher\":{\"@id\":\"https:\\\/\\\/www.bellunopress.it\\\/#organization\"},\"image\":{\"@id\":\"https:\\\/\\\/www.bellunopress.it\\\/2012\\\/01\\\/10\\\/accesso-al-credito-giandomenico-cappellaro-spero-che-le-risorse-sbloccate-dalle-istituzioni-europee-comincino-a-circolare-realmente-e-non-siano-utilizzate-solo-per-risolvere-alcune-crepe-del-sist\\\/#primaryimage\"},\"thumbnailUrl\":\"http:\\\/\\\/www.bellunopress.it\\\/wp-content\\\/uploads\\\/2011\\\/01\\\/Gian-Domenico-Cappellaro-150x125.jpg\",\"articleSection\":[\"Lavoro, Economia, Turismo\",\"Prima Pagina\"],\"inLanguage\":\"fr-FR\"},{\"@type\":\"WebPage\",\"@id\":\"https:\\\/\\\/www.bellunopress.it\\\/2012\\\/01\\\/10\\\/accesso-al-credito-giandomenico-cappellaro-spero-che-le-risorse-sbloccate-dalle-istituzioni-europee-comincino-a-circolare-realmente-e-non-siano-utilizzate-solo-per-risolvere-alcune-crepe-del-sist\\\/\",\"url\":\"https:\\\/\\\/www.bellunopress.it\\\/2012\\\/01\\\/10\\\/accesso-al-credito-giandomenico-cappellaro-spero-che-le-risorse-sbloccate-dalle-istituzioni-europee-comincino-a-circolare-realmente-e-non-siano-utilizzate-solo-per-risolvere-alcune-crepe-del-sist\\\/\",\"name\":\"Accesso al credito. Giandomenico Cappellaro: \\\"Spero che le risorse sbloccate dalle istituzioni europee comincino a circolare realmente, e non siano utilizzate solo per risolvere alcune crepe del sistema bancario\\\" - Bellunopress - Dolomiti\",\"isPartOf\":{\"@id\":\"https:\\\/\\\/www.bellunopress.it\\\/#website\"},\"primaryImageOfPage\":{\"@id\":\"https:\\\/\\\/www.bellunopress.it\\\/2012\\\/01\\\/10\\\/accesso-al-credito-giandomenico-cappellaro-spero-che-le-risorse-sbloccate-dalle-istituzioni-europee-comincino-a-circolare-realmente-e-non-siano-utilizzate-solo-per-risolvere-alcune-crepe-del-sist\\\/#primaryimage\"},\"image\":{\"@id\":\"https:\\\/\\\/www.bellunopress.it\\\/2012\\\/01\\\/10\\\/accesso-al-credito-giandomenico-cappellaro-spero-che-le-risorse-sbloccate-dalle-istituzioni-europee-comincino-a-circolare-realmente-e-non-siano-utilizzate-solo-per-risolvere-alcune-crepe-del-sist\\\/#primaryimage\"},\"thumbnailUrl\":\"http:\\\/\\\/www.bellunopress.it\\\/wp-content\\\/uploads\\\/2011\\\/01\\\/Gian-Domenico-Cappellaro-150x125.jpg\",\"datePublished\":\"2012-01-10T17:26:43+00:00\",\"breadcrumb\":{\"@id\":\"https:\\\/\\\/www.bellunopress.it\\\/2012\\\/01\\\/10\\\/accesso-al-credito-giandomenico-cappellaro-spero-che-le-risorse-sbloccate-dalle-istituzioni-europee-comincino-a-circolare-realmente-e-non-siano-utilizzate-solo-per-risolvere-alcune-crepe-del-sist\\\/#breadcrumb\"},\"inLanguage\":\"fr-FR\",\"potentialAction\":[{\"@type\":\"ReadAction\",\"target\":[\"https:\\\/\\\/www.bellunopress.it\\\/2012\\\/01\\\/10\\\/accesso-al-credito-giandomenico-cappellaro-spero-che-le-risorse-sbloccate-dalle-istituzioni-europee-comincino-a-circolare-realmente-e-non-siano-utilizzate-solo-per-risolvere-alcune-crepe-del-sist\\\/\"]}]},{\"@type\":\"ImageObject\",\"inLanguage\":\"fr-FR\",\"@id\":\"https:\\\/\\\/www.bellunopress.it\\\/2012\\\/01\\\/10\\\/accesso-al-credito-giandomenico-cappellaro-spero-che-le-risorse-sbloccate-dalle-istituzioni-europee-comincino-a-circolare-realmente-e-non-siano-utilizzate-solo-per-risolvere-alcune-crepe-del-sist\\\/#primaryimage\",\"url\":\"http:\\\/\\\/www.bellunopress.it\\\/wp-content\\\/uploads\\\/2011\\\/01\\\/Gian-Domenico-Cappellaro-150x125.jpg\",\"contentUrl\":\"http:\\\/\\\/www.bellunopress.it\\\/wp-content\\\/uploads\\\/2011\\\/01\\\/Gian-Domenico-Cappellaro-150x125.jpg\"},{\"@type\":\"BreadcrumbList\",\"@id\":\"https:\\\/\\\/www.bellunopress.it\\\/2012\\\/01\\\/10\\\/accesso-al-credito-giandomenico-cappellaro-spero-che-le-risorse-sbloccate-dalle-istituzioni-europee-comincino-a-circolare-realmente-e-non-siano-utilizzate-solo-per-risolvere-alcune-crepe-del-sist\\\/#breadcrumb\",\"itemListElement\":[{\"@type\":\"ListItem\",\"position\":1,\"name\":\"Home\",\"item\":\"https:\\\/\\\/www.bellunopress.it\\\/\"},{\"@type\":\"ListItem\",\"position\":2,\"name\":\"Accesso al credito. Giandomenico Cappellaro: &#8220;Spero che le risorse sbloccate dalle istituzioni europee comincino a circolare realmente, e non siano utilizzate solo per risolvere alcune crepe del sistema bancario&#8221;\"}]},{\"@type\":\"WebSite\",\"@id\":\"https:\\\/\\\/www.bellunopress.it\\\/#website\",\"url\":\"https:\\\/\\\/www.bellunopress.it\\\/\",\"name\":\"Bellunopress - Dolomiti\",\"description\":\"e-mail: redazione@bellunopress.it\",\"publisher\":{\"@id\":\"https:\\\/\\\/www.bellunopress.it\\\/#organization\"},\"potentialAction\":[{\"@type\":\"SearchAction\",\"target\":{\"@type\":\"EntryPoint\",\"urlTemplate\":\"https:\\\/\\\/www.bellunopress.it\\\/?s={search_term_string}\"},\"query-input\":{\"@type\":\"PropertyValueSpecification\",\"valueRequired\":true,\"valueName\":\"search_term_string\"}}],\"inLanguage\":\"fr-FR\"},{\"@type\":\"Organization\",\"@id\":\"https:\\\/\\\/www.bellunopress.it\\\/#organization\",\"name\":\"Bellunopress\",\"url\":\"https:\\\/\\\/www.bellunopress.it\\\/\",\"logo\":{\"@type\":\"ImageObject\",\"inLanguage\":\"fr-FR\",\"@id\":\"https:\\\/\\\/www.bellunopress.it\\\/#\\\/schema\\\/logo\\\/image\\\/\",\"url\":\"https:\\\/\\\/www.bellunopress.it\\\/wp-content\\\/uploads\\\/2011\\\/05\\\/cropped-logo-bellunopress-.jpg\",\"contentUrl\":\"https:\\\/\\\/www.bellunopress.it\\\/wp-content\\\/uploads\\\/2011\\\/05\\\/cropped-logo-bellunopress-.jpg\",\"width\":512,\"height\":512,\"caption\":\"Bellunopress\"},\"image\":{\"@id\":\"https:\\\/\\\/www.bellunopress.it\\\/#\\\/schema\\\/logo\\\/image\\\/\"},\"sameAs\":[\"https:\\\/\\\/www.facebook.com\\\/profile.php?id=100008943462799\",\"https:\\\/\\\/x.com\\\/bellunopress\",\"https:\\\/\\\/www.linkedin.com\\\/hp\\\/?dnr=JBzUWaJfMUw8vbXJJ2tVW5-I3jZKvC4wsoxE&amp;amp;amp;amp;amp;amp;trk=nav_responsive_tab_home\",\"https:\\\/\\\/www.youtube.com\\\/channel\\\/UCxL0wu1uN0_3_7hGG0306cw\"]},{\"@type\":\"Person\",\"@id\":\"https:\\\/\\\/www.bellunopress.it\\\/#\\\/schema\\\/person\\\/79bb06722b37ece1c03d3e94beb30d73\",\"name\":\"redazione\",\"image\":{\"@type\":\"ImageObject\",\"inLanguage\":\"fr-FR\",\"@id\":\"https:\\\/\\\/secure.gravatar.com\\\/avatar\\\/37d968a2e67a6fd04c169c4bdef102d0bc5d31b2546345219e348575eb80e9a0?s=96&d=mm&r=g\",\"url\":\"https:\\\/\\\/secure.gravatar.com\\\/avatar\\\/37d968a2e67a6fd04c169c4bdef102d0bc5d31b2546345219e348575eb80e9a0?s=96&d=mm&r=g\",\"contentUrl\":\"https:\\\/\\\/secure.gravatar.com\\\/avatar\\\/37d968a2e67a6fd04c169c4bdef102d0bc5d31b2546345219e348575eb80e9a0?s=96&d=mm&r=g\",\"caption\":\"redazione\"},\"sameAs\":[\"http:\\\/\\\/www.bellunopress.it\",\"https:\\\/\\\/x.com\\\/bellunopress\"],\"url\":\"https:\\\/\\\/www.bellunopress.it\\\/fr\\\/author\\\/redazione\\\/\"}]}<\/script>\n<!-- \/ Yoast SEO plugin. -->","yoast_head_json":{"title":"Accesso al credito. Giandomenico Cappellaro: \"Spero che le risorse sbloccate dalle istituzioni europee comincino a circolare realmente, e non siano utilizzate solo per risolvere alcune crepe del sistema bancario\" - Bellunopress - Dolomiti","robots":{"index":"index","follow":"follow","max-snippet":"max-snippet:-1","max-image-preview":"max-image-preview:large","max-video-preview":"max-video-preview:-1"},"canonical":"https:\/\/www.bellunopress.it\/fr\/2012\/01\/10\/accesso-al-credito-giandomenico-cappellaro-spero-che-le-risorse-sbloccate-dalle-istituzioni-europee-comincino-a-circolare-realmente-e-non-siano-utilizzate-solo-per-risolvere-alcune-crepe-del-sist\/","og_locale":"fr_FR","og_type":"article","og_title":"Accesso al credito. Giandomenico Cappellaro: \"Spero che le risorse sbloccate dalle istituzioni europee comincino a circolare realmente, e non siano utilizzate solo per risolvere alcune crepe del sistema bancario\" - Bellunopress - Dolomiti","og_description":"&#8220;Ho letto e accolto con grande favore le dichiarazioni del presidente di Confindustria Veneto Andrea Tomat in merito alla questione dell\u2019erogazione del credito da parte delle banche&#8221;\u00a0 scrive il presidente di Coinfindustria Belluno Dolomiti Domenico Cappellaro in una nota.\u00a0&#8220;La fotografia delineata dal presidente regionale \u00e8 assolutamente corretta, reale e per questo preoccupante. E\u2019 indubbio infatti [&hellip;]","og_url":"https:\/\/www.bellunopress.it\/fr\/2012\/01\/10\/accesso-al-credito-giandomenico-cappellaro-spero-che-le-risorse-sbloccate-dalle-istituzioni-europee-comincino-a-circolare-realmente-e-non-siano-utilizzate-solo-per-risolvere-alcune-crepe-del-sist\/","og_site_name":"Bellunopress - Dolomiti","article_publisher":"https:\/\/www.facebook.com\/profile.php?id=100008943462799","article_published_time":"2012-01-10T17:26:43+00:00","og_image":[{"url":"http:\/\/www.bellunopress.it\/wp-content\/uploads\/2011\/01\/Gian-Domenico-Cappellaro-150x125.jpg","type":"","width":"","height":""}],"author":"redazione","twitter_card":"summary_large_image","twitter_creator":"@bellunopress","twitter_site":"@bellunopress","twitter_misc":{"\u00c9crit par":"redazione","Dur\u00e9e de lecture estim\u00e9e":"1 minute"},"schema":{"@context":"https:\/\/schema.org","@graph":[{"@type":"Article","@id":"https:\/\/www.bellunopress.it\/2012\/01\/10\/accesso-al-credito-giandomenico-cappellaro-spero-che-le-risorse-sbloccate-dalle-istituzioni-europee-comincino-a-circolare-realmente-e-non-siano-utilizzate-solo-per-risolvere-alcune-crepe-del-sist\/#article","isPartOf":{"@id":"https:\/\/www.bellunopress.it\/2012\/01\/10\/accesso-al-credito-giandomenico-cappellaro-spero-che-le-risorse-sbloccate-dalle-istituzioni-europee-comincino-a-circolare-realmente-e-non-siano-utilizzate-solo-per-risolvere-alcune-crepe-del-sist\/"},"author":{"name":"redazione","@id":"https:\/\/www.bellunopress.it\/#\/schema\/person\/79bb06722b37ece1c03d3e94beb30d73"},"headline":"Accesso al credito. Giandomenico Cappellaro: &#8220;Spero che le risorse sbloccate dalle istituzioni europee comincino a circolare realmente, e non siano utilizzate solo per risolvere alcune crepe del sistema bancario&#8221;","datePublished":"2012-01-10T17:26:43+00:00","mainEntityOfPage":{"@id":"https:\/\/www.bellunopress.it\/2012\/01\/10\/accesso-al-credito-giandomenico-cappellaro-spero-che-le-risorse-sbloccate-dalle-istituzioni-europee-comincino-a-circolare-realmente-e-non-siano-utilizzate-solo-per-risolvere-alcune-crepe-del-sist\/"},"wordCount":288,"publisher":{"@id":"https:\/\/www.bellunopress.it\/#organization"},"image":{"@id":"https:\/\/www.bellunopress.it\/2012\/01\/10\/accesso-al-credito-giandomenico-cappellaro-spero-che-le-risorse-sbloccate-dalle-istituzioni-europee-comincino-a-circolare-realmente-e-non-siano-utilizzate-solo-per-risolvere-alcune-crepe-del-sist\/#primaryimage"},"thumbnailUrl":"http:\/\/www.bellunopress.it\/wp-content\/uploads\/2011\/01\/Gian-Domenico-Cappellaro-150x125.jpg","articleSection":["Lavoro, Economia, Turismo","Prima Pagina"],"inLanguage":"fr-FR"},{"@type":"WebPage","@id":"https:\/\/www.bellunopress.it\/2012\/01\/10\/accesso-al-credito-giandomenico-cappellaro-spero-che-le-risorse-sbloccate-dalle-istituzioni-europee-comincino-a-circolare-realmente-e-non-siano-utilizzate-solo-per-risolvere-alcune-crepe-del-sist\/","url":"https:\/\/www.bellunopress.it\/2012\/01\/10\/accesso-al-credito-giandomenico-cappellaro-spero-che-le-risorse-sbloccate-dalle-istituzioni-europee-comincino-a-circolare-realmente-e-non-siano-utilizzate-solo-per-risolvere-alcune-crepe-del-sist\/","name":"Accesso al credito. Giandomenico Cappellaro: \"Spero che le risorse sbloccate dalle istituzioni europee comincino a circolare realmente, e non siano utilizzate solo per risolvere alcune crepe del sistema bancario\" - Bellunopress - Dolomiti","isPartOf":{"@id":"https:\/\/www.bellunopress.it\/#website"},"primaryImageOfPage":{"@id":"https:\/\/www.bellunopress.it\/2012\/01\/10\/accesso-al-credito-giandomenico-cappellaro-spero-che-le-risorse-sbloccate-dalle-istituzioni-europee-comincino-a-circolare-realmente-e-non-siano-utilizzate-solo-per-risolvere-alcune-crepe-del-sist\/#primaryimage"},"image":{"@id":"https:\/\/www.bellunopress.it\/2012\/01\/10\/accesso-al-credito-giandomenico-cappellaro-spero-che-le-risorse-sbloccate-dalle-istituzioni-europee-comincino-a-circolare-realmente-e-non-siano-utilizzate-solo-per-risolvere-alcune-crepe-del-sist\/#primaryimage"},"thumbnailUrl":"http:\/\/www.bellunopress.it\/wp-content\/uploads\/2011\/01\/Gian-Domenico-Cappellaro-150x125.jpg","datePublished":"2012-01-10T17:26:43+00:00","breadcrumb":{"@id":"https:\/\/www.bellunopress.it\/2012\/01\/10\/accesso-al-credito-giandomenico-cappellaro-spero-che-le-risorse-sbloccate-dalle-istituzioni-europee-comincino-a-circolare-realmente-e-non-siano-utilizzate-solo-per-risolvere-alcune-crepe-del-sist\/#breadcrumb"},"inLanguage":"fr-FR","potentialAction":[{"@type":"ReadAction","target":["https:\/\/www.bellunopress.it\/2012\/01\/10\/accesso-al-credito-giandomenico-cappellaro-spero-che-le-risorse-sbloccate-dalle-istituzioni-europee-comincino-a-circolare-realmente-e-non-siano-utilizzate-solo-per-risolvere-alcune-crepe-del-sist\/"]}]},{"@type":"ImageObject","inLanguage":"fr-FR","@id":"https:\/\/www.bellunopress.it\/2012\/01\/10\/accesso-al-credito-giandomenico-cappellaro-spero-che-le-risorse-sbloccate-dalle-istituzioni-europee-comincino-a-circolare-realmente-e-non-siano-utilizzate-solo-per-risolvere-alcune-crepe-del-sist\/#primaryimage","url":"http:\/\/www.bellunopress.it\/wp-content\/uploads\/2011\/01\/Gian-Domenico-Cappellaro-150x125.jpg","contentUrl":"http:\/\/www.bellunopress.it\/wp-content\/uploads\/2011\/01\/Gian-Domenico-Cappellaro-150x125.jpg"},{"@type":"BreadcrumbList","@id":"https:\/\/www.bellunopress.it\/2012\/01\/10\/accesso-al-credito-giandomenico-cappellaro-spero-che-le-risorse-sbloccate-dalle-istituzioni-europee-comincino-a-circolare-realmente-e-non-siano-utilizzate-solo-per-risolvere-alcune-crepe-del-sist\/#breadcrumb","itemListElement":[{"@type":"ListItem","position":1,"name":"Home","item":"https:\/\/www.bellunopress.it\/"},{"@type":"ListItem","position":2,"name":"Accesso al credito. Giandomenico Cappellaro: &#8220;Spero che le risorse sbloccate dalle istituzioni europee comincino a circolare realmente, e non siano utilizzate solo per risolvere alcune crepe del sistema bancario&#8221;"}]},{"@type":"WebSite","@id":"https:\/\/www.bellunopress.it\/#website","url":"https:\/\/www.bellunopress.it\/","name":"Bellunopress - Dolomiti","description":"e-mail: redazione@bellunopress.it","publisher":{"@id":"https:\/\/www.bellunopress.it\/#organization"},"potentialAction":[{"@type":"SearchAction","target":{"@type":"EntryPoint","urlTemplate":"https:\/\/www.bellunopress.it\/?s={search_term_string}"},"query-input":{"@type":"PropertyValueSpecification","valueRequired":true,"valueName":"search_term_string"}}],"inLanguage":"fr-FR"},{"@type":"Organization","@id":"https:\/\/www.bellunopress.it\/#organization","name":"Bellunopress","url":"https:\/\/www.bellunopress.it\/","logo":{"@type":"ImageObject","inLanguage":"fr-FR","@id":"https:\/\/www.bellunopress.it\/#\/schema\/logo\/image\/","url":"https:\/\/www.bellunopress.it\/wp-content\/uploads\/2011\/05\/cropped-logo-bellunopress-.jpg","contentUrl":"https:\/\/www.bellunopress.it\/wp-content\/uploads\/2011\/05\/cropped-logo-bellunopress-.jpg","width":512,"height":512,"caption":"Bellunopress"},"image":{"@id":"https:\/\/www.bellunopress.it\/#\/schema\/logo\/image\/"},"sameAs":["https:\/\/www.facebook.com\/profile.php?id=100008943462799","https:\/\/x.com\/bellunopress","https:\/\/www.linkedin.com\/hp\/?dnr=JBzUWaJfMUw8vbXJJ2tVW5-I3jZKvC4wsoxE&amp;amp;amp;amp;amp;amp;trk=nav_responsive_tab_home","https:\/\/www.youtube.com\/channel\/UCxL0wu1uN0_3_7hGG0306cw"]},{"@type":"Person","@id":"https:\/\/www.bellunopress.it\/#\/schema\/person\/79bb06722b37ece1c03d3e94beb30d73","name":"r\u00e9daction","image":{"@type":"ImageObject","inLanguage":"fr-FR","@id":"https:\/\/secure.gravatar.com\/avatar\/37d968a2e67a6fd04c169c4bdef102d0bc5d31b2546345219e348575eb80e9a0?s=96&d=mm&r=g","url":"https:\/\/secure.gravatar.com\/avatar\/37d968a2e67a6fd04c169c4bdef102d0bc5d31b2546345219e348575eb80e9a0?s=96&d=mm&r=g","contentUrl":"https:\/\/secure.gravatar.com\/avatar\/37d968a2e67a6fd04c169c4bdef102d0bc5d31b2546345219e348575eb80e9a0?s=96&d=mm&r=g","caption":"redazione"},"sameAs":["http:\/\/www.bellunopress.it","https:\/\/x.com\/bellunopress"],"url":"https:\/\/www.bellunopress.it\/fr\/author\/redazione\/"}]}},"_links":{"self":[{"href":"https:\/\/www.bellunopress.it\/fr\/wp-json\/wp\/v2\/posts\/34027","targetHints":{"allow":["GET"]}}],"collection":[{"href":"https:\/\/www.bellunopress.it\/fr\/wp-json\/wp\/v2\/posts"}],"about":[{"href":"https:\/\/www.bellunopress.it\/fr\/wp-json\/wp\/v2\/types\/post"}],"author":[{"embeddable":true,"href":"https:\/\/www.bellunopress.it\/fr\/wp-json\/wp\/v2\/users\/2"}],"replies":[{"embeddable":true,"href":"https:\/\/www.bellunopress.it\/fr\/wp-json\/wp\/v2\/comments?post=34027"}],"version-history":[{"count":1,"href":"https:\/\/www.bellunopress.it\/fr\/wp-json\/wp\/v2\/posts\/34027\/revisions"}],"predecessor-version":[{"id":34028,"href":"https:\/\/www.bellunopress.it\/fr\/wp-json\/wp\/v2\/posts\/34027\/revisions\/34028"}],"wp:attachment":[{"href":"https:\/\/www.bellunopress.it\/fr\/wp-json\/wp\/v2\/media?parent=34027"}],"wp:term":[{"taxonomy":"category","embeddable":true,"href":"https:\/\/www.bellunopress.it\/fr\/wp-json\/wp\/v2\/categories?post=34027"},{"taxonomy":"post_tag","embeddable":true,"href":"https:\/\/www.bellunopress.it\/fr\/wp-json\/wp\/v2\/tags?post=34027"}],"curies":[{"name":"wp","href":"https:\/\/api.w.org\/{rel}","templated":true}]}}