{"id":33998,"date":"2012-01-09T13:13:33","date_gmt":"2012-01-09T12:13:33","guid":{"rendered":"http:\/\/www.bellunopress.it\/?p=33998"},"modified":"2012-01-09T13:13:33","modified_gmt":"2012-01-09T12:13:33","slug":"protezione-civile-di-belluno-donati-due-furgoni-dallautonoleggio-cariani-e-dalla-concessionaria-manzotti","status":"publish","type":"post","link":"https:\/\/www.bellunopress.it\/fr\/2012\/01\/09\/protezione-civile-di-belluno-donati-due-furgoni-dallautonoleggio-cariani-e-dalla-concessionaria-manzotti\/","title":{"rendered":"Protezione civile di Belluno: donati due furgoni dall&#8217;autonoleggio Cariani e dalla concessionaria Manzotti"},"content":{"rendered":"<p><a href=\"http:\/\/www.bellunopress.it\/wp-content\/uploads\/2011\/05\/protezione-civile-vigili-del-fuoco-270x270.jpg\"><img loading=\"lazy\" decoding=\"async\" class=\"alignleft size-full wp-image-27061\" title=\"protezione civile vigili del fuoco 270x270\" src=\"http:\/\/www.bellunopress.it\/wp-content\/uploads\/2011\/05\/protezione-civile-vigili-del-fuoco-270x270.jpg\" alt=\"\" width=\"270\" height=\"280\" \/><\/a>La ditta \u201cAutonoleggi Cariani Claudio\u201d di Belluno e la concessionaria Manzotti srl di Ponte nelle Alpi hanno donato alla Protezione civile del Comune di Belluno un Fiat Ducato e un Fiat Scudo.\u00a0 I due furgoni erano stati noleggiati nei mesi scorsi dal Comune per fare fronte alle esigenze di trasporto dei profughi accolti in citt\u00e0 quest&#8217;estate. Ora le ditte Cariani e Manzotti, da sempre legate al territorio e pronte a venire incontro alle richieste di aiuto e alle attivit\u00e0 sociali, associando cos\u00ec il proprio buon nome commerciale a forme di solidariet\u00e0, hanno deciso di donare al Comune i due autoveicoli che andranno cos\u00ec ad ampliare il parco mezzi della Protezione civile cittadina per meglio far fronte alle esigenze ed emergenze dell&#8217;intera cittadinanza. Commenta il Sindaco, Antonio Prade: &#8211; \u201cTengo a ringraziare vivamente le ditte Cariani e Manzotti per questa significativa donazione che \u00e8 anche un esempio di intelligenza sociale, un gesto generoso che va a beneficio di tutta la comunit\u00e0\u201d.<\/p>","protected":false},"excerpt":{"rendered":"<p>La ditta \u201cAutonoleggi Cariani Claudio\u201d di Belluno e la concessionaria Manzotti srl di Ponte nelle Alpi hanno donato alla Protezione civile del Comune di Belluno un Fiat Ducato e un Fiat Scudo.\u00a0 I due furgoni erano stati noleggiati nei mesi scorsi dal Comune per fare fronte alle esigenze di trasporto dei profughi accolti in citt\u00e0 [&hellip;]<\/p>\n","protected":false},"author":2,"featured_media":0,"comment_status":"closed","ping_status":"open","sticky":false,"template":"","format":"standard","meta":{"footnotes":""},"categories":[26,8],"tags":[],"class_list":["post-33998","post","type-post","status-publish","format-standard","category-prima-pagina","category-societa-istituzioni"],"yoast_head":"<!-- This site is optimized with the Yoast SEO plugin v28.4 - https:\/\/yoast.com\/product\/yoast-seo-wordpress\/ -->\n<title>Protezione civile di Belluno: donati due furgoni dall&#039;autonoleggio Cariani e dalla concessionaria Manzotti - Bellunopress - Dolomiti<\/title>\n<meta name=\"robots\" content=\"index, follow, max-snippet:-1, max-image-preview:large, max-video-preview:-1\" \/>\n<link rel=\"canonical\" href=\"https:\/\/www.bellunopress.it\/fr\/2012\/01\/09\/protezione-civile-di-belluno-donati-due-furgoni-dallautonoleggio-cariani-e-dalla-concessionaria-manzotti\/\" \/>\n<meta property=\"og:locale\" content=\"fr_FR\" \/>\n<meta property=\"og:type\" content=\"article\" \/>\n<meta property=\"og:title\" content=\"Protezione civile di Belluno: donati due furgoni dall&#039;autonoleggio Cariani e dalla concessionaria Manzotti - Bellunopress - Dolomiti\" \/>\n<meta property=\"og:description\" content=\"La ditta \u201cAutonoleggi Cariani Claudio\u201d di Belluno e la concessionaria Manzotti srl di Ponte nelle Alpi hanno donato alla Protezione civile del Comune di Belluno un Fiat Ducato e un Fiat Scudo.\u00a0 I due furgoni erano stati noleggiati nei mesi scorsi dal Comune per fare fronte alle esigenze di trasporto dei profughi accolti in citt\u00e0 [&hellip;]\" \/>\n<meta property=\"og:url\" content=\"https:\/\/www.bellunopress.it\/fr\/2012\/01\/09\/protezione-civile-di-belluno-donati-due-furgoni-dallautonoleggio-cariani-e-dalla-concessionaria-manzotti\/\" \/>\n<meta property=\"og:site_name\" content=\"Bellunopress - Dolomiti\" \/>\n<meta property=\"article:publisher\" content=\"https:\/\/www.facebook.com\/profile.php?id=100008943462799\" \/>\n<meta property=\"article:published_time\" content=\"2012-01-09T12:13:33+00:00\" \/>\n<meta property=\"og:image\" content=\"http:\/\/www.bellunopress.it\/wp-content\/uploads\/2011\/05\/protezione-civile-vigili-del-fuoco-270x270.jpg\" \/>\n<meta name=\"author\" content=\"redazione\" \/>\n<meta name=\"twitter:card\" content=\"summary_large_image\" \/>\n<meta name=\"twitter:creator\" content=\"@bellunopress\" \/>\n<meta name=\"twitter:site\" content=\"@bellunopress\" \/>\n<meta name=\"twitter:label1\" content=\"\u00c9crit par\" \/>\n\t<meta name=\"twitter:data1\" content=\"redazione\" \/>\n\t<meta name=\"twitter:label2\" content=\"Dur\u00e9e de lecture estim\u00e9e\" \/>\n\t<meta name=\"twitter:data2\" content=\"1 minute\" \/>\n<script type=\"application\/ld+json\" class=\"yoast-schema-graph\">{\"@context\":\"https:\\\/\\\/schema.org\",\"@graph\":[{\"@type\":\"Article\",\"@id\":\"https:\\\/\\\/www.bellunopress.it\\\/2012\\\/01\\\/09\\\/protezione-civile-di-belluno-donati-due-furgoni-dallautonoleggio-cariani-e-dalla-concessionaria-manzotti\\\/#article\",\"isPartOf\":{\"@id\":\"https:\\\/\\\/www.bellunopress.it\\\/2012\\\/01\\\/09\\\/protezione-civile-di-belluno-donati-due-furgoni-dallautonoleggio-cariani-e-dalla-concessionaria-manzotti\\\/\"},\"author\":{\"name\":\"redazione\",\"@id\":\"https:\\\/\\\/www.bellunopress.it\\\/#\\\/schema\\\/person\\\/79bb06722b37ece1c03d3e94beb30d73\"},\"headline\":\"Protezione civile di Belluno: donati due furgoni dall&#8217;autonoleggio Cariani e dalla concessionaria Manzotti\",\"datePublished\":\"2012-01-09T12:13:33+00:00\",\"mainEntityOfPage\":{\"@id\":\"https:\\\/\\\/www.bellunopress.it\\\/2012\\\/01\\\/09\\\/protezione-civile-di-belluno-donati-due-furgoni-dallautonoleggio-cariani-e-dalla-concessionaria-manzotti\\\/\"},\"wordCount\":175,\"publisher\":{\"@id\":\"https:\\\/\\\/www.bellunopress.it\\\/#organization\"},\"image\":{\"@id\":\"https:\\\/\\\/www.bellunopress.it\\\/2012\\\/01\\\/09\\\/protezione-civile-di-belluno-donati-due-furgoni-dallautonoleggio-cariani-e-dalla-concessionaria-manzotti\\\/#primaryimage\"},\"thumbnailUrl\":\"http:\\\/\\\/www.bellunopress.it\\\/wp-content\\\/uploads\\\/2011\\\/05\\\/protezione-civile-vigili-del-fuoco-270x270.jpg\",\"articleSection\":[\"Prima Pagina\",\"Societ\u00e0, Associazioni, Istituzioni\"],\"inLanguage\":\"fr-FR\"},{\"@type\":\"WebPage\",\"@id\":\"https:\\\/\\\/www.bellunopress.it\\\/2012\\\/01\\\/09\\\/protezione-civile-di-belluno-donati-due-furgoni-dallautonoleggio-cariani-e-dalla-concessionaria-manzotti\\\/\",\"url\":\"https:\\\/\\\/www.bellunopress.it\\\/2012\\\/01\\\/09\\\/protezione-civile-di-belluno-donati-due-furgoni-dallautonoleggio-cariani-e-dalla-concessionaria-manzotti\\\/\",\"name\":\"Protezione civile di Belluno: donati due furgoni dall'autonoleggio Cariani e dalla concessionaria Manzotti - Bellunopress - Dolomiti\",\"isPartOf\":{\"@id\":\"https:\\\/\\\/www.bellunopress.it\\\/#website\"},\"primaryImageOfPage\":{\"@id\":\"https:\\\/\\\/www.bellunopress.it\\\/2012\\\/01\\\/09\\\/protezione-civile-di-belluno-donati-due-furgoni-dallautonoleggio-cariani-e-dalla-concessionaria-manzotti\\\/#primaryimage\"},\"image\":{\"@id\":\"https:\\\/\\\/www.bellunopress.it\\\/2012\\\/01\\\/09\\\/protezione-civile-di-belluno-donati-due-furgoni-dallautonoleggio-cariani-e-dalla-concessionaria-manzotti\\\/#primaryimage\"},\"thumbnailUrl\":\"http:\\\/\\\/www.bellunopress.it\\\/wp-content\\\/uploads\\\/2011\\\/05\\\/protezione-civile-vigili-del-fuoco-270x270.jpg\",\"datePublished\":\"2012-01-09T12:13:33+00:00\",\"breadcrumb\":{\"@id\":\"https:\\\/\\\/www.bellunopress.it\\\/2012\\\/01\\\/09\\\/protezione-civile-di-belluno-donati-due-furgoni-dallautonoleggio-cariani-e-dalla-concessionaria-manzotti\\\/#breadcrumb\"},\"inLanguage\":\"fr-FR\",\"potentialAction\":[{\"@type\":\"ReadAction\",\"target\":[\"https:\\\/\\\/www.bellunopress.it\\\/2012\\\/01\\\/09\\\/protezione-civile-di-belluno-donati-due-furgoni-dallautonoleggio-cariani-e-dalla-concessionaria-manzotti\\\/\"]}]},{\"@type\":\"ImageObject\",\"inLanguage\":\"fr-FR\",\"@id\":\"https:\\\/\\\/www.bellunopress.it\\\/2012\\\/01\\\/09\\\/protezione-civile-di-belluno-donati-due-furgoni-dallautonoleggio-cariani-e-dalla-concessionaria-manzotti\\\/#primaryimage\",\"url\":\"http:\\\/\\\/www.bellunopress.it\\\/wp-content\\\/uploads\\\/2011\\\/05\\\/protezione-civile-vigili-del-fuoco-270x270.jpg\",\"contentUrl\":\"http:\\\/\\\/www.bellunopress.it\\\/wp-content\\\/uploads\\\/2011\\\/05\\\/protezione-civile-vigili-del-fuoco-270x270.jpg\"},{\"@type\":\"BreadcrumbList\",\"@id\":\"https:\\\/\\\/www.bellunopress.it\\\/2012\\\/01\\\/09\\\/protezione-civile-di-belluno-donati-due-furgoni-dallautonoleggio-cariani-e-dalla-concessionaria-manzotti\\\/#breadcrumb\",\"itemListElement\":[{\"@type\":\"ListItem\",\"position\":1,\"name\":\"Home\",\"item\":\"https:\\\/\\\/www.bellunopress.it\\\/\"},{\"@type\":\"ListItem\",\"position\":2,\"name\":\"Protezione civile di Belluno: donati due furgoni dall&#8217;autonoleggio Cariani e dalla concessionaria Manzotti\"}]},{\"@type\":\"WebSite\",\"@id\":\"https:\\\/\\\/www.bellunopress.it\\\/#website\",\"url\":\"https:\\\/\\\/www.bellunopress.it\\\/\",\"name\":\"Bellunopress - Dolomiti\",\"description\":\"e-mail: redazione@bellunopress.it\",\"publisher\":{\"@id\":\"https:\\\/\\\/www.bellunopress.it\\\/#organization\"},\"potentialAction\":[{\"@type\":\"SearchAction\",\"target\":{\"@type\":\"EntryPoint\",\"urlTemplate\":\"https:\\\/\\\/www.bellunopress.it\\\/?s={search_term_string}\"},\"query-input\":{\"@type\":\"PropertyValueSpecification\",\"valueRequired\":true,\"valueName\":\"search_term_string\"}}],\"inLanguage\":\"fr-FR\"},{\"@type\":\"Organization\",\"@id\":\"https:\\\/\\\/www.bellunopress.it\\\/#organization\",\"name\":\"Bellunopress\",\"url\":\"https:\\\/\\\/www.bellunopress.it\\\/\",\"logo\":{\"@type\":\"ImageObject\",\"inLanguage\":\"fr-FR\",\"@id\":\"https:\\\/\\\/www.bellunopress.it\\\/#\\\/schema\\\/logo\\\/image\\\/\",\"url\":\"https:\\\/\\\/www.bellunopress.it\\\/wp-content\\\/uploads\\\/2011\\\/05\\\/cropped-logo-bellunopress-.jpg\",\"contentUrl\":\"https:\\\/\\\/www.bellunopress.it\\\/wp-content\\\/uploads\\\/2011\\\/05\\\/cropped-logo-bellunopress-.jpg\",\"width\":512,\"height\":512,\"caption\":\"Bellunopress\"},\"image\":{\"@id\":\"https:\\\/\\\/www.bellunopress.it\\\/#\\\/schema\\\/logo\\\/image\\\/\"},\"sameAs\":[\"https:\\\/\\\/www.facebook.com\\\/profile.php?id=100008943462799\",\"https:\\\/\\\/x.com\\\/bellunopress\",\"https:\\\/\\\/www.linkedin.com\\\/hp\\\/?dnr=JBzUWaJfMUw8vbXJJ2tVW5-I3jZKvC4wsoxE&amp;amp;amp;amp;amp;amp;trk=nav_responsive_tab_home\",\"https:\\\/\\\/www.youtube.com\\\/channel\\\/UCxL0wu1uN0_3_7hGG0306cw\"]},{\"@type\":\"Person\",\"@id\":\"https:\\\/\\\/www.bellunopress.it\\\/#\\\/schema\\\/person\\\/79bb06722b37ece1c03d3e94beb30d73\",\"name\":\"redazione\",\"image\":{\"@type\":\"ImageObject\",\"inLanguage\":\"fr-FR\",\"@id\":\"https:\\\/\\\/secure.gravatar.com\\\/avatar\\\/37d968a2e67a6fd04c169c4bdef102d0bc5d31b2546345219e348575eb80e9a0?s=96&d=mm&r=g\",\"url\":\"https:\\\/\\\/secure.gravatar.com\\\/avatar\\\/37d968a2e67a6fd04c169c4bdef102d0bc5d31b2546345219e348575eb80e9a0?s=96&d=mm&r=g\",\"contentUrl\":\"https:\\\/\\\/secure.gravatar.com\\\/avatar\\\/37d968a2e67a6fd04c169c4bdef102d0bc5d31b2546345219e348575eb80e9a0?s=96&d=mm&r=g\",\"caption\":\"redazione\"},\"sameAs\":[\"http:\\\/\\\/www.bellunopress.it\",\"https:\\\/\\\/x.com\\\/bellunopress\"],\"url\":\"https:\\\/\\\/www.bellunopress.it\\\/fr\\\/author\\\/redazione\\\/\"}]}<\/script>\n<!-- \/ Yoast SEO plugin. -->","yoast_head_json":{"title":"Protezione civile di Belluno: donati due furgoni dall'autonoleggio Cariani e dalla concessionaria Manzotti - Bellunopress - Dolomiti","robots":{"index":"index","follow":"follow","max-snippet":"max-snippet:-1","max-image-preview":"max-image-preview:large","max-video-preview":"max-video-preview:-1"},"canonical":"https:\/\/www.bellunopress.it\/fr\/2012\/01\/09\/protezione-civile-di-belluno-donati-due-furgoni-dallautonoleggio-cariani-e-dalla-concessionaria-manzotti\/","og_locale":"fr_FR","og_type":"article","og_title":"Protezione civile di Belluno: donati due furgoni dall'autonoleggio Cariani e dalla concessionaria Manzotti - Bellunopress - Dolomiti","og_description":"La ditta \u201cAutonoleggi Cariani Claudio\u201d di Belluno e la concessionaria Manzotti srl di Ponte nelle Alpi hanno donato alla Protezione civile del Comune di Belluno un Fiat Ducato e un Fiat Scudo.\u00a0 I due furgoni erano stati noleggiati nei mesi scorsi dal Comune per fare fronte alle esigenze di trasporto dei profughi accolti in citt\u00e0 [&hellip;]","og_url":"https:\/\/www.bellunopress.it\/fr\/2012\/01\/09\/protezione-civile-di-belluno-donati-due-furgoni-dallautonoleggio-cariani-e-dalla-concessionaria-manzotti\/","og_site_name":"Bellunopress - Dolomiti","article_publisher":"https:\/\/www.facebook.com\/profile.php?id=100008943462799","article_published_time":"2012-01-09T12:13:33+00:00","og_image":[{"url":"http:\/\/www.bellunopress.it\/wp-content\/uploads\/2011\/05\/protezione-civile-vigili-del-fuoco-270x270.jpg","type":"","width":"","height":""}],"author":"redazione","twitter_card":"summary_large_image","twitter_creator":"@bellunopress","twitter_site":"@bellunopress","twitter_misc":{"\u00c9crit par":"redazione","Dur\u00e9e de lecture estim\u00e9e":"1 minute"},"schema":{"@context":"https:\/\/schema.org","@graph":[{"@type":"Article","@id":"https:\/\/www.bellunopress.it\/2012\/01\/09\/protezione-civile-di-belluno-donati-due-furgoni-dallautonoleggio-cariani-e-dalla-concessionaria-manzotti\/#article","isPartOf":{"@id":"https:\/\/www.bellunopress.it\/2012\/01\/09\/protezione-civile-di-belluno-donati-due-furgoni-dallautonoleggio-cariani-e-dalla-concessionaria-manzotti\/"},"author":{"name":"redazione","@id":"https:\/\/www.bellunopress.it\/#\/schema\/person\/79bb06722b37ece1c03d3e94beb30d73"},"headline":"Protezione civile di Belluno: donati due furgoni dall&#8217;autonoleggio Cariani e dalla concessionaria Manzotti","datePublished":"2012-01-09T12:13:33+00:00","mainEntityOfPage":{"@id":"https:\/\/www.bellunopress.it\/2012\/01\/09\/protezione-civile-di-belluno-donati-due-furgoni-dallautonoleggio-cariani-e-dalla-concessionaria-manzotti\/"},"wordCount":175,"publisher":{"@id":"https:\/\/www.bellunopress.it\/#organization"},"image":{"@id":"https:\/\/www.bellunopress.it\/2012\/01\/09\/protezione-civile-di-belluno-donati-due-furgoni-dallautonoleggio-cariani-e-dalla-concessionaria-manzotti\/#primaryimage"},"thumbnailUrl":"http:\/\/www.bellunopress.it\/wp-content\/uploads\/2011\/05\/protezione-civile-vigili-del-fuoco-270x270.jpg","articleSection":["Prima Pagina","Societ\u00e0, Associazioni, Istituzioni"],"inLanguage":"fr-FR"},{"@type":"WebPage","@id":"https:\/\/www.bellunopress.it\/2012\/01\/09\/protezione-civile-di-belluno-donati-due-furgoni-dallautonoleggio-cariani-e-dalla-concessionaria-manzotti\/","url":"https:\/\/www.bellunopress.it\/2012\/01\/09\/protezione-civile-di-belluno-donati-due-furgoni-dallautonoleggio-cariani-e-dalla-concessionaria-manzotti\/","name":"Protezione civile di Belluno: donati due furgoni dall'autonoleggio Cariani e dalla concessionaria Manzotti - Bellunopress - Dolomiti","isPartOf":{"@id":"https:\/\/www.bellunopress.it\/#website"},"primaryImageOfPage":{"@id":"https:\/\/www.bellunopress.it\/2012\/01\/09\/protezione-civile-di-belluno-donati-due-furgoni-dallautonoleggio-cariani-e-dalla-concessionaria-manzotti\/#primaryimage"},"image":{"@id":"https:\/\/www.bellunopress.it\/2012\/01\/09\/protezione-civile-di-belluno-donati-due-furgoni-dallautonoleggio-cariani-e-dalla-concessionaria-manzotti\/#primaryimage"},"thumbnailUrl":"http:\/\/www.bellunopress.it\/wp-content\/uploads\/2011\/05\/protezione-civile-vigili-del-fuoco-270x270.jpg","datePublished":"2012-01-09T12:13:33+00:00","breadcrumb":{"@id":"https:\/\/www.bellunopress.it\/2012\/01\/09\/protezione-civile-di-belluno-donati-due-furgoni-dallautonoleggio-cariani-e-dalla-concessionaria-manzotti\/#breadcrumb"},"inLanguage":"fr-FR","potentialAction":[{"@type":"ReadAction","target":["https:\/\/www.bellunopress.it\/2012\/01\/09\/protezione-civile-di-belluno-donati-due-furgoni-dallautonoleggio-cariani-e-dalla-concessionaria-manzotti\/"]}]},{"@type":"ImageObject","inLanguage":"fr-FR","@id":"https:\/\/www.bellunopress.it\/2012\/01\/09\/protezione-civile-di-belluno-donati-due-furgoni-dallautonoleggio-cariani-e-dalla-concessionaria-manzotti\/#primaryimage","url":"http:\/\/www.bellunopress.it\/wp-content\/uploads\/2011\/05\/protezione-civile-vigili-del-fuoco-270x270.jpg","contentUrl":"http:\/\/www.bellunopress.it\/wp-content\/uploads\/2011\/05\/protezione-civile-vigili-del-fuoco-270x270.jpg"},{"@type":"BreadcrumbList","@id":"https:\/\/www.bellunopress.it\/2012\/01\/09\/protezione-civile-di-belluno-donati-due-furgoni-dallautonoleggio-cariani-e-dalla-concessionaria-manzotti\/#breadcrumb","itemListElement":[{"@type":"ListItem","position":1,"name":"Home","item":"https:\/\/www.bellunopress.it\/"},{"@type":"ListItem","position":2,"name":"Protezione civile di Belluno: donati due furgoni dall&#8217;autonoleggio Cariani e dalla concessionaria Manzotti"}]},{"@type":"WebSite","@id":"https:\/\/www.bellunopress.it\/#website","url":"https:\/\/www.bellunopress.it\/","name":"Bellunopress - Dolomiti","description":"e-mail: redazione@bellunopress.it","publisher":{"@id":"https:\/\/www.bellunopress.it\/#organization"},"potentialAction":[{"@type":"SearchAction","target":{"@type":"EntryPoint","urlTemplate":"https:\/\/www.bellunopress.it\/?s={search_term_string}"},"query-input":{"@type":"PropertyValueSpecification","valueRequired":true,"valueName":"search_term_string"}}],"inLanguage":"fr-FR"},{"@type":"Organization","@id":"https:\/\/www.bellunopress.it\/#organization","name":"Bellunopress","url":"https:\/\/www.bellunopress.it\/","logo":{"@type":"ImageObject","inLanguage":"fr-FR","@id":"https:\/\/www.bellunopress.it\/#\/schema\/logo\/image\/","url":"https:\/\/www.bellunopress.it\/wp-content\/uploads\/2011\/05\/cropped-logo-bellunopress-.jpg","contentUrl":"https:\/\/www.bellunopress.it\/wp-content\/uploads\/2011\/05\/cropped-logo-bellunopress-.jpg","width":512,"height":512,"caption":"Bellunopress"},"image":{"@id":"https:\/\/www.bellunopress.it\/#\/schema\/logo\/image\/"},"sameAs":["https:\/\/www.facebook.com\/profile.php?id=100008943462799","https:\/\/x.com\/bellunopress","https:\/\/www.linkedin.com\/hp\/?dnr=JBzUWaJfMUw8vbXJJ2tVW5-I3jZKvC4wsoxE&amp;amp;amp;amp;amp;amp;trk=nav_responsive_tab_home","https:\/\/www.youtube.com\/channel\/UCxL0wu1uN0_3_7hGG0306cw"]},{"@type":"Person","@id":"https:\/\/www.bellunopress.it\/#\/schema\/person\/79bb06722b37ece1c03d3e94beb30d73","name":"r\u00e9daction","image":{"@type":"ImageObject","inLanguage":"fr-FR","@id":"https:\/\/secure.gravatar.com\/avatar\/37d968a2e67a6fd04c169c4bdef102d0bc5d31b2546345219e348575eb80e9a0?s=96&d=mm&r=g","url":"https:\/\/secure.gravatar.com\/avatar\/37d968a2e67a6fd04c169c4bdef102d0bc5d31b2546345219e348575eb80e9a0?s=96&d=mm&r=g","contentUrl":"https:\/\/secure.gravatar.com\/avatar\/37d968a2e67a6fd04c169c4bdef102d0bc5d31b2546345219e348575eb80e9a0?s=96&d=mm&r=g","caption":"redazione"},"sameAs":["http:\/\/www.bellunopress.it","https:\/\/x.com\/bellunopress"],"url":"https:\/\/www.bellunopress.it\/fr\/author\/redazione\/"}]}},"_links":{"self":[{"href":"https:\/\/www.bellunopress.it\/fr\/wp-json\/wp\/v2\/posts\/33998","targetHints":{"allow":["GET"]}}],"collection":[{"href":"https:\/\/www.bellunopress.it\/fr\/wp-json\/wp\/v2\/posts"}],"about":[{"href":"https:\/\/www.bellunopress.it\/fr\/wp-json\/wp\/v2\/types\/post"}],"author":[{"embeddable":true,"href":"https:\/\/www.bellunopress.it\/fr\/wp-json\/wp\/v2\/users\/2"}],"replies":[{"embeddable":true,"href":"https:\/\/www.bellunopress.it\/fr\/wp-json\/wp\/v2\/comments?post=33998"}],"version-history":[{"count":1,"href":"https:\/\/www.bellunopress.it\/fr\/wp-json\/wp\/v2\/posts\/33998\/revisions"}],"predecessor-version":[{"id":33999,"href":"https:\/\/www.bellunopress.it\/fr\/wp-json\/wp\/v2\/posts\/33998\/revisions\/33999"}],"wp:attachment":[{"href":"https:\/\/www.bellunopress.it\/fr\/wp-json\/wp\/v2\/media?parent=33998"}],"wp:term":[{"taxonomy":"category","embeddable":true,"href":"https:\/\/www.bellunopress.it\/fr\/wp-json\/wp\/v2\/categories?post=33998"},{"taxonomy":"post_tag","embeddable":true,"href":"https:\/\/www.bellunopress.it\/fr\/wp-json\/wp\/v2\/tags?post=33998"}],"curies":[{"name":"wp","href":"https:\/\/api.w.org\/{rel}","templated":true}]}}