{"id":33996,"date":"2012-01-09T13:06:21","date_gmt":"2012-01-09T12:06:21","guid":{"rendered":"http:\/\/www.bellunopress.it\/?p=33996"},"modified":"2012-01-09T13:06:21","modified_gmt":"2012-01-09T12:06:21","slug":"deliberati-i-contributi-per-la-solidarieta-sociale","status":"publish","type":"post","link":"https:\/\/www.bellunopress.it\/fr\/2012\/01\/09\/deliberati-i-contributi-per-la-solidarieta-sociale\/","title":{"rendered":"Deliberati i contributi per la solidariet\u00e0 sociale"},"content":{"rendered":"<p><a href=\"http:\/\/www.bellunopress.it\/wp-content\/uploads\/2011\/10\/antonio-prade-140x140.jpg\"><img loading=\"lazy\" decoding=\"async\" class=\"alignleft size-full wp-image-31276\" title=\"antonio prade 140x140\" src=\"http:\/\/www.bellunopress.it\/wp-content\/uploads\/2011\/10\/antonio-prade-140x140.jpg\" alt=\"\" width=\"140\" height=\"140\" \/><\/a>\u201cCi sono associazioni e parrocchie che svolgono un ruolo di assoluta rilevanza civica. Con il contributo che abbiamo dato loro, grazie all&#8217;opera della Fondazione Cariverona, oggi non abbiamo fatto altro che il nostro dovere, riconoscendo il loro importante ruolo di sussidiariet\u00e0. Ancora una volta abbiamo messo in campo azioni coordinate di integrazione sociale e favore di persone e famiglie in situazioni di grave svantaggio economico e a rischio di esclusione. Posso dire che tutti i giorni cerchiamo di far s\u00ec che la solidariet\u00e0 sociale non sia soltanto uno slogan. Ecco, oggi sicuramente ci siamo riusciti\u201d. Questo il commento del sindaco Antonio Prade a margine della giunta che ha deliberato un contributo complessivo di 8.500 euro a favore di parrocchie e associazioni che prestano la loro opera all&#8217;interno della nostra Citt\u00e0. Destinatari dei contributi sono l&#8217;Associazione Belluno Donna, l&#8217;Associazione Antenna Anziani, la Caritas Diocesana di Belluno, il Centro C. Peguy \u2013 Banco Alimentare di Belluno, l&#8217;Associazione Il Tralcio di Tambre d&#8217;Alpago, i Frati di Mussoi per la gestione della mensa e la Parrocchia di San Gervasio.<\/p>","protected":false},"excerpt":{"rendered":"<p>\u201cCi sono associazioni e parrocchie che svolgono un ruolo di assoluta rilevanza civica. Con il contributo che abbiamo dato loro, grazie all&#8217;opera della Fondazione Cariverona, oggi non abbiamo fatto altro che il nostro dovere, riconoscendo il loro importante ruolo di sussidiariet\u00e0. Ancora una volta abbiamo messo in campo azioni coordinate di integrazione sociale e favore [&hellip;]<\/p>\n","protected":false},"author":2,"featured_media":0,"comment_status":"closed","ping_status":"open","sticky":false,"template":"","format":"standard","meta":{"footnotes":""},"categories":[5,26,8],"tags":[],"class_list":["post-33996","post","type-post","status-publish","format-standard","category-cronaca","category-prima-pagina","category-societa-istituzioni"],"yoast_head":"<!-- This site is optimized with the Yoast SEO plugin v28.4 - https:\/\/yoast.com\/product\/yoast-seo-wordpress\/ -->\n<title>Deliberati i contributi per la solidariet\u00e0 sociale  - Bellunopress - Dolomiti<\/title>\n<meta name=\"robots\" content=\"index, follow, max-snippet:-1, max-image-preview:large, max-video-preview:-1\" \/>\n<link rel=\"canonical\" href=\"https:\/\/www.bellunopress.it\/fr\/2012\/01\/09\/deliberati-i-contributi-per-la-solidarieta-sociale\/\" \/>\n<meta property=\"og:locale\" content=\"fr_FR\" \/>\n<meta property=\"og:type\" content=\"article\" \/>\n<meta property=\"og:title\" content=\"Deliberati i contributi per la solidariet\u00e0 sociale  - Bellunopress - Dolomiti\" \/>\n<meta property=\"og:description\" content=\"\u201cCi sono associazioni e parrocchie che svolgono un ruolo di assoluta rilevanza civica. Con il contributo che abbiamo dato loro, grazie all&#8217;opera della Fondazione Cariverona, oggi non abbiamo fatto altro che il nostro dovere, riconoscendo il loro importante ruolo di sussidiariet\u00e0. Ancora una volta abbiamo messo in campo azioni coordinate di integrazione sociale e favore [&hellip;]\" \/>\n<meta property=\"og:url\" content=\"https:\/\/www.bellunopress.it\/fr\/2012\/01\/09\/deliberati-i-contributi-per-la-solidarieta-sociale\/\" \/>\n<meta property=\"og:site_name\" content=\"Bellunopress - Dolomiti\" \/>\n<meta property=\"article:publisher\" content=\"https:\/\/www.facebook.com\/profile.php?id=100008943462799\" \/>\n<meta property=\"article:published_time\" content=\"2012-01-09T12:06:21+00:00\" \/>\n<meta property=\"og:image\" content=\"http:\/\/www.bellunopress.it\/wp-content\/uploads\/2011\/10\/antonio-prade-140x140.jpg\" \/>\n<meta name=\"author\" content=\"redazione\" \/>\n<meta name=\"twitter:card\" content=\"summary_large_image\" \/>\n<meta name=\"twitter:creator\" content=\"@bellunopress\" \/>\n<meta name=\"twitter:site\" content=\"@bellunopress\" \/>\n<meta name=\"twitter:label1\" content=\"\u00c9crit par\" \/>\n\t<meta name=\"twitter:data1\" content=\"redazione\" \/>\n\t<meta name=\"twitter:label2\" content=\"Dur\u00e9e de lecture estim\u00e9e\" \/>\n\t<meta name=\"twitter:data2\" content=\"1 minute\" \/>\n<script type=\"application\/ld+json\" class=\"yoast-schema-graph\">{\"@context\":\"https:\\\/\\\/schema.org\",\"@graph\":[{\"@type\":\"Article\",\"@id\":\"https:\\\/\\\/www.bellunopress.it\\\/2012\\\/01\\\/09\\\/deliberati-i-contributi-per-la-solidarieta-sociale\\\/#article\",\"isPartOf\":{\"@id\":\"https:\\\/\\\/www.bellunopress.it\\\/2012\\\/01\\\/09\\\/deliberati-i-contributi-per-la-solidarieta-sociale\\\/\"},\"author\":{\"name\":\"redazione\",\"@id\":\"https:\\\/\\\/www.bellunopress.it\\\/#\\\/schema\\\/person\\\/79bb06722b37ece1c03d3e94beb30d73\"},\"headline\":\"Deliberati i contributi per la solidariet\u00e0 sociale\",\"datePublished\":\"2012-01-09T12:06:21+00:00\",\"mainEntityOfPage\":{\"@id\":\"https:\\\/\\\/www.bellunopress.it\\\/2012\\\/01\\\/09\\\/deliberati-i-contributi-per-la-solidarieta-sociale\\\/\"},\"wordCount\":186,\"publisher\":{\"@id\":\"https:\\\/\\\/www.bellunopress.it\\\/#organization\"},\"image\":{\"@id\":\"https:\\\/\\\/www.bellunopress.it\\\/2012\\\/01\\\/09\\\/deliberati-i-contributi-per-la-solidarieta-sociale\\\/#primaryimage\"},\"thumbnailUrl\":\"http:\\\/\\\/www.bellunopress.it\\\/wp-content\\\/uploads\\\/2011\\\/10\\\/antonio-prade-140x140.jpg\",\"articleSection\":[\"Cronaca\\\/Politica\",\"Prima Pagina\",\"Societ\u00e0, Associazioni, Istituzioni\"],\"inLanguage\":\"fr-FR\"},{\"@type\":\"WebPage\",\"@id\":\"https:\\\/\\\/www.bellunopress.it\\\/2012\\\/01\\\/09\\\/deliberati-i-contributi-per-la-solidarieta-sociale\\\/\",\"url\":\"https:\\\/\\\/www.bellunopress.it\\\/2012\\\/01\\\/09\\\/deliberati-i-contributi-per-la-solidarieta-sociale\\\/\",\"name\":\"Deliberati i contributi per la solidariet\u00e0 sociale - Bellunopress - Dolomiti\",\"isPartOf\":{\"@id\":\"https:\\\/\\\/www.bellunopress.it\\\/#website\"},\"primaryImageOfPage\":{\"@id\":\"https:\\\/\\\/www.bellunopress.it\\\/2012\\\/01\\\/09\\\/deliberati-i-contributi-per-la-solidarieta-sociale\\\/#primaryimage\"},\"image\":{\"@id\":\"https:\\\/\\\/www.bellunopress.it\\\/2012\\\/01\\\/09\\\/deliberati-i-contributi-per-la-solidarieta-sociale\\\/#primaryimage\"},\"thumbnailUrl\":\"http:\\\/\\\/www.bellunopress.it\\\/wp-content\\\/uploads\\\/2011\\\/10\\\/antonio-prade-140x140.jpg\",\"datePublished\":\"2012-01-09T12:06:21+00:00\",\"breadcrumb\":{\"@id\":\"https:\\\/\\\/www.bellunopress.it\\\/2012\\\/01\\\/09\\\/deliberati-i-contributi-per-la-solidarieta-sociale\\\/#breadcrumb\"},\"inLanguage\":\"fr-FR\",\"potentialAction\":[{\"@type\":\"ReadAction\",\"target\":[\"https:\\\/\\\/www.bellunopress.it\\\/2012\\\/01\\\/09\\\/deliberati-i-contributi-per-la-solidarieta-sociale\\\/\"]}]},{\"@type\":\"ImageObject\",\"inLanguage\":\"fr-FR\",\"@id\":\"https:\\\/\\\/www.bellunopress.it\\\/2012\\\/01\\\/09\\\/deliberati-i-contributi-per-la-solidarieta-sociale\\\/#primaryimage\",\"url\":\"http:\\\/\\\/www.bellunopress.it\\\/wp-content\\\/uploads\\\/2011\\\/10\\\/antonio-prade-140x140.jpg\",\"contentUrl\":\"http:\\\/\\\/www.bellunopress.it\\\/wp-content\\\/uploads\\\/2011\\\/10\\\/antonio-prade-140x140.jpg\"},{\"@type\":\"BreadcrumbList\",\"@id\":\"https:\\\/\\\/www.bellunopress.it\\\/2012\\\/01\\\/09\\\/deliberati-i-contributi-per-la-solidarieta-sociale\\\/#breadcrumb\",\"itemListElement\":[{\"@type\":\"ListItem\",\"position\":1,\"name\":\"Home\",\"item\":\"https:\\\/\\\/www.bellunopress.it\\\/\"},{\"@type\":\"ListItem\",\"position\":2,\"name\":\"Deliberati i contributi per la solidariet\u00e0 sociale\"}]},{\"@type\":\"WebSite\",\"@id\":\"https:\\\/\\\/www.bellunopress.it\\\/#website\",\"url\":\"https:\\\/\\\/www.bellunopress.it\\\/\",\"name\":\"Bellunopress - Dolomiti\",\"description\":\"e-mail: redazione@bellunopress.it\",\"publisher\":{\"@id\":\"https:\\\/\\\/www.bellunopress.it\\\/#organization\"},\"potentialAction\":[{\"@type\":\"SearchAction\",\"target\":{\"@type\":\"EntryPoint\",\"urlTemplate\":\"https:\\\/\\\/www.bellunopress.it\\\/?s={search_term_string}\"},\"query-input\":{\"@type\":\"PropertyValueSpecification\",\"valueRequired\":true,\"valueName\":\"search_term_string\"}}],\"inLanguage\":\"fr-FR\"},{\"@type\":\"Organization\",\"@id\":\"https:\\\/\\\/www.bellunopress.it\\\/#organization\",\"name\":\"Bellunopress\",\"url\":\"https:\\\/\\\/www.bellunopress.it\\\/\",\"logo\":{\"@type\":\"ImageObject\",\"inLanguage\":\"fr-FR\",\"@id\":\"https:\\\/\\\/www.bellunopress.it\\\/#\\\/schema\\\/logo\\\/image\\\/\",\"url\":\"https:\\\/\\\/www.bellunopress.it\\\/wp-content\\\/uploads\\\/2011\\\/05\\\/cropped-logo-bellunopress-.jpg\",\"contentUrl\":\"https:\\\/\\\/www.bellunopress.it\\\/wp-content\\\/uploads\\\/2011\\\/05\\\/cropped-logo-bellunopress-.jpg\",\"width\":512,\"height\":512,\"caption\":\"Bellunopress\"},\"image\":{\"@id\":\"https:\\\/\\\/www.bellunopress.it\\\/#\\\/schema\\\/logo\\\/image\\\/\"},\"sameAs\":[\"https:\\\/\\\/www.facebook.com\\\/profile.php?id=100008943462799\",\"https:\\\/\\\/x.com\\\/bellunopress\",\"https:\\\/\\\/www.linkedin.com\\\/hp\\\/?dnr=JBzUWaJfMUw8vbXJJ2tVW5-I3jZKvC4wsoxE&amp;amp;amp;amp;amp;amp;trk=nav_responsive_tab_home\",\"https:\\\/\\\/www.youtube.com\\\/channel\\\/UCxL0wu1uN0_3_7hGG0306cw\"]},{\"@type\":\"Person\",\"@id\":\"https:\\\/\\\/www.bellunopress.it\\\/#\\\/schema\\\/person\\\/79bb06722b37ece1c03d3e94beb30d73\",\"name\":\"redazione\",\"image\":{\"@type\":\"ImageObject\",\"inLanguage\":\"fr-FR\",\"@id\":\"https:\\\/\\\/secure.gravatar.com\\\/avatar\\\/37d968a2e67a6fd04c169c4bdef102d0bc5d31b2546345219e348575eb80e9a0?s=96&d=mm&r=g\",\"url\":\"https:\\\/\\\/secure.gravatar.com\\\/avatar\\\/37d968a2e67a6fd04c169c4bdef102d0bc5d31b2546345219e348575eb80e9a0?s=96&d=mm&r=g\",\"contentUrl\":\"https:\\\/\\\/secure.gravatar.com\\\/avatar\\\/37d968a2e67a6fd04c169c4bdef102d0bc5d31b2546345219e348575eb80e9a0?s=96&d=mm&r=g\",\"caption\":\"redazione\"},\"sameAs\":[\"http:\\\/\\\/www.bellunopress.it\",\"https:\\\/\\\/x.com\\\/bellunopress\"],\"url\":\"https:\\\/\\\/www.bellunopress.it\\\/fr\\\/author\\\/redazione\\\/\"}]}<\/script>\n<!-- \/ Yoast SEO plugin. -->","yoast_head_json":{"title":"Deliberati i contributi per la solidariet\u00e0 sociale  - Bellunopress - Dolomiti","robots":{"index":"index","follow":"follow","max-snippet":"max-snippet:-1","max-image-preview":"max-image-preview:large","max-video-preview":"max-video-preview:-1"},"canonical":"https:\/\/www.bellunopress.it\/fr\/2012\/01\/09\/deliberati-i-contributi-per-la-solidarieta-sociale\/","og_locale":"fr_FR","og_type":"article","og_title":"Deliberati i contributi per la solidariet\u00e0 sociale  - Bellunopress - Dolomiti","og_description":"\u201cCi sono associazioni e parrocchie che svolgono un ruolo di assoluta rilevanza civica. Con il contributo che abbiamo dato loro, grazie all&#8217;opera della Fondazione Cariverona, oggi non abbiamo fatto altro che il nostro dovere, riconoscendo il loro importante ruolo di sussidiariet\u00e0. Ancora una volta abbiamo messo in campo azioni coordinate di integrazione sociale e favore [&hellip;]","og_url":"https:\/\/www.bellunopress.it\/fr\/2012\/01\/09\/deliberati-i-contributi-per-la-solidarieta-sociale\/","og_site_name":"Bellunopress - Dolomiti","article_publisher":"https:\/\/www.facebook.com\/profile.php?id=100008943462799","article_published_time":"2012-01-09T12:06:21+00:00","og_image":[{"url":"http:\/\/www.bellunopress.it\/wp-content\/uploads\/2011\/10\/antonio-prade-140x140.jpg","type":"","width":"","height":""}],"author":"redazione","twitter_card":"summary_large_image","twitter_creator":"@bellunopress","twitter_site":"@bellunopress","twitter_misc":{"\u00c9crit par":"redazione","Dur\u00e9e de lecture estim\u00e9e":"1 minute"},"schema":{"@context":"https:\/\/schema.org","@graph":[{"@type":"Article","@id":"https:\/\/www.bellunopress.it\/2012\/01\/09\/deliberati-i-contributi-per-la-solidarieta-sociale\/#article","isPartOf":{"@id":"https:\/\/www.bellunopress.it\/2012\/01\/09\/deliberati-i-contributi-per-la-solidarieta-sociale\/"},"author":{"name":"redazione","@id":"https:\/\/www.bellunopress.it\/#\/schema\/person\/79bb06722b37ece1c03d3e94beb30d73"},"headline":"Deliberati i contributi per la solidariet\u00e0 sociale","datePublished":"2012-01-09T12:06:21+00:00","mainEntityOfPage":{"@id":"https:\/\/www.bellunopress.it\/2012\/01\/09\/deliberati-i-contributi-per-la-solidarieta-sociale\/"},"wordCount":186,"publisher":{"@id":"https:\/\/www.bellunopress.it\/#organization"},"image":{"@id":"https:\/\/www.bellunopress.it\/2012\/01\/09\/deliberati-i-contributi-per-la-solidarieta-sociale\/#primaryimage"},"thumbnailUrl":"http:\/\/www.bellunopress.it\/wp-content\/uploads\/2011\/10\/antonio-prade-140x140.jpg","articleSection":["Cronaca\/Politica","Prima Pagina","Societ\u00e0, Associazioni, Istituzioni"],"inLanguage":"fr-FR"},{"@type":"WebPage","@id":"https:\/\/www.bellunopress.it\/2012\/01\/09\/deliberati-i-contributi-per-la-solidarieta-sociale\/","url":"https:\/\/www.bellunopress.it\/2012\/01\/09\/deliberati-i-contributi-per-la-solidarieta-sociale\/","name":"Deliberati i contributi per la solidariet\u00e0 sociale - Bellunopress - Dolomiti","isPartOf":{"@id":"https:\/\/www.bellunopress.it\/#website"},"primaryImageOfPage":{"@id":"https:\/\/www.bellunopress.it\/2012\/01\/09\/deliberati-i-contributi-per-la-solidarieta-sociale\/#primaryimage"},"image":{"@id":"https:\/\/www.bellunopress.it\/2012\/01\/09\/deliberati-i-contributi-per-la-solidarieta-sociale\/#primaryimage"},"thumbnailUrl":"http:\/\/www.bellunopress.it\/wp-content\/uploads\/2011\/10\/antonio-prade-140x140.jpg","datePublished":"2012-01-09T12:06:21+00:00","breadcrumb":{"@id":"https:\/\/www.bellunopress.it\/2012\/01\/09\/deliberati-i-contributi-per-la-solidarieta-sociale\/#breadcrumb"},"inLanguage":"fr-FR","potentialAction":[{"@type":"ReadAction","target":["https:\/\/www.bellunopress.it\/2012\/01\/09\/deliberati-i-contributi-per-la-solidarieta-sociale\/"]}]},{"@type":"ImageObject","inLanguage":"fr-FR","@id":"https:\/\/www.bellunopress.it\/2012\/01\/09\/deliberati-i-contributi-per-la-solidarieta-sociale\/#primaryimage","url":"http:\/\/www.bellunopress.it\/wp-content\/uploads\/2011\/10\/antonio-prade-140x140.jpg","contentUrl":"http:\/\/www.bellunopress.it\/wp-content\/uploads\/2011\/10\/antonio-prade-140x140.jpg"},{"@type":"BreadcrumbList","@id":"https:\/\/www.bellunopress.it\/2012\/01\/09\/deliberati-i-contributi-per-la-solidarieta-sociale\/#breadcrumb","itemListElement":[{"@type":"ListItem","position":1,"name":"Home","item":"https:\/\/www.bellunopress.it\/"},{"@type":"ListItem","position":2,"name":"Deliberati i contributi per la solidariet\u00e0 sociale"}]},{"@type":"WebSite","@id":"https:\/\/www.bellunopress.it\/#website","url":"https:\/\/www.bellunopress.it\/","name":"Bellunopress - Dolomiti","description":"e-mail: redazione@bellunopress.it","publisher":{"@id":"https:\/\/www.bellunopress.it\/#organization"},"potentialAction":[{"@type":"SearchAction","target":{"@type":"EntryPoint","urlTemplate":"https:\/\/www.bellunopress.it\/?s={search_term_string}"},"query-input":{"@type":"PropertyValueSpecification","valueRequired":true,"valueName":"search_term_string"}}],"inLanguage":"fr-FR"},{"@type":"Organization","@id":"https:\/\/www.bellunopress.it\/#organization","name":"Bellunopress","url":"https:\/\/www.bellunopress.it\/","logo":{"@type":"ImageObject","inLanguage":"fr-FR","@id":"https:\/\/www.bellunopress.it\/#\/schema\/logo\/image\/","url":"https:\/\/www.bellunopress.it\/wp-content\/uploads\/2011\/05\/cropped-logo-bellunopress-.jpg","contentUrl":"https:\/\/www.bellunopress.it\/wp-content\/uploads\/2011\/05\/cropped-logo-bellunopress-.jpg","width":512,"height":512,"caption":"Bellunopress"},"image":{"@id":"https:\/\/www.bellunopress.it\/#\/schema\/logo\/image\/"},"sameAs":["https:\/\/www.facebook.com\/profile.php?id=100008943462799","https:\/\/x.com\/bellunopress","https:\/\/www.linkedin.com\/hp\/?dnr=JBzUWaJfMUw8vbXJJ2tVW5-I3jZKvC4wsoxE&amp;amp;amp;amp;amp;amp;trk=nav_responsive_tab_home","https:\/\/www.youtube.com\/channel\/UCxL0wu1uN0_3_7hGG0306cw"]},{"@type":"Person","@id":"https:\/\/www.bellunopress.it\/#\/schema\/person\/79bb06722b37ece1c03d3e94beb30d73","name":"r\u00e9daction","image":{"@type":"ImageObject","inLanguage":"fr-FR","@id":"https:\/\/secure.gravatar.com\/avatar\/37d968a2e67a6fd04c169c4bdef102d0bc5d31b2546345219e348575eb80e9a0?s=96&d=mm&r=g","url":"https:\/\/secure.gravatar.com\/avatar\/37d968a2e67a6fd04c169c4bdef102d0bc5d31b2546345219e348575eb80e9a0?s=96&d=mm&r=g","contentUrl":"https:\/\/secure.gravatar.com\/avatar\/37d968a2e67a6fd04c169c4bdef102d0bc5d31b2546345219e348575eb80e9a0?s=96&d=mm&r=g","caption":"redazione"},"sameAs":["http:\/\/www.bellunopress.it","https:\/\/x.com\/bellunopress"],"url":"https:\/\/www.bellunopress.it\/fr\/author\/redazione\/"}]}},"_links":{"self":[{"href":"https:\/\/www.bellunopress.it\/fr\/wp-json\/wp\/v2\/posts\/33996","targetHints":{"allow":["GET"]}}],"collection":[{"href":"https:\/\/www.bellunopress.it\/fr\/wp-json\/wp\/v2\/posts"}],"about":[{"href":"https:\/\/www.bellunopress.it\/fr\/wp-json\/wp\/v2\/types\/post"}],"author":[{"embeddable":true,"href":"https:\/\/www.bellunopress.it\/fr\/wp-json\/wp\/v2\/users\/2"}],"replies":[{"embeddable":true,"href":"https:\/\/www.bellunopress.it\/fr\/wp-json\/wp\/v2\/comments?post=33996"}],"version-history":[{"count":1,"href":"https:\/\/www.bellunopress.it\/fr\/wp-json\/wp\/v2\/posts\/33996\/revisions"}],"predecessor-version":[{"id":33997,"href":"https:\/\/www.bellunopress.it\/fr\/wp-json\/wp\/v2\/posts\/33996\/revisions\/33997"}],"wp:attachment":[{"href":"https:\/\/www.bellunopress.it\/fr\/wp-json\/wp\/v2\/media?parent=33996"}],"wp:term":[{"taxonomy":"category","embeddable":true,"href":"https:\/\/www.bellunopress.it\/fr\/wp-json\/wp\/v2\/categories?post=33996"},{"taxonomy":"post_tag","embeddable":true,"href":"https:\/\/www.bellunopress.it\/fr\/wp-json\/wp\/v2\/tags?post=33996"}],"curies":[{"name":"wp","href":"https:\/\/api.w.org\/{rel}","templated":true}]}}