{"id":33987,"date":"2012-01-08T22:47:20","date_gmt":"2012-01-08T21:47:20","guid":{"rendered":"http:\/\/www.bellunopress.it\/?p=33987"},"modified":"2012-01-08T22:47:20","modified_gmt":"2012-01-08T21:47:20","slug":"caso-cortina-ed-evasione-fiscale-intervento-di-paolo-bampo","status":"publish","type":"post","link":"https:\/\/www.bellunopress.it\/fr\/2012\/01\/08\/caso-cortina-ed-evasione-fiscale-intervento-di-paolo-bampo\/","title":{"rendered":"Caso Cortina ed evasione fiscale       *intervento di Paolo Bampo"},"content":{"rendered":"<figure id=\"attachment_11353\" aria-describedby=\"caption-attachment-11353\" style=\"width: 243px\" class=\"wp-caption alignleft\"><a href=\"http:\/\/www.bellunopress.it\/wp-content\/uploads\/2010\/01\/paolo-bampo.jpg\"><img loading=\"lazy\" decoding=\"async\" class=\"size-full wp-image-11353\" title=\"paolo-bampo\" src=\"http:\/\/www.bellunopress.it\/wp-content\/uploads\/2010\/01\/paolo-bampo.jpg\" alt=\"\" width=\"243\" height=\"280\" \/><\/a><figcaption id=\"caption-attachment-11353\" class=\"wp-caption-text\">Paolo Bampo<\/figcaption><\/figure>\n<p>La rivolta fiscale esercitata alla luce del sole, quale scelta di una ben precisa strategia di guerra tesa ad abbattere uno Stato, potrebbe anche essere una nobile battaglia da condividere in massa. L&#8217;evasione fiscale fine a s\u00e9 stessa \u00e8 invece un fenomeno da respingere, soprattutto se diviene un fatto comportamentale consolidato e sistematico. Essa non \u00e8 un&#8217;autodifesa, ma solamente un sotterfugio attuato per aumentare i propri profitti.\u00a0\u00a0 E&#8217; una scommessa non giustificabile, lanciata nella speranza di non essere &#8220;beccati&#8221; e, quindi, non \u00e8 meritevole di comprensione o di sostegno. Qualcuno vorrebbe anche far credere\u00a0 di essere stato costretto ad evadere per non andare in perdita con la propria attivit\u00e0. La scusa dello stato di necessit\u00e0 non \u00e8 per\u00f2 accoglibile perch\u00e9,\u00a0 a prescindere dal fatto che abitanti e frequentatori\u00a0 di Cortina come quelli coinvolti nelle recenti rilevazioni dell&#8217;Agenzia delle entrate, in linea di massima non si trovavano nella condizione di indigenza, cosa succederebbe se tutti quelli che non arrivano a fine mese traessero giustificazione dal proprio &#8220;status&#8221; per\u00a0\u00a0delinquere?\u00a0 Quando evasori fiscali provenienti da ogni parte d&#8217;Italia, vengono a passare le proprie ferie a Cortina o Belluno, non necessariamente dobbiamo permettere che i nostri paesi diventino (seppur il nostro comparto turistico ne trarrebbe vantaggio) dei paradisi ove l&#8217; illegalit\u00e0 trovi complice copertura e sollievo.\u00a0 Non si pu\u00f2 neppure addurre la scusante della vessazione se si evade per principio. La persecuzione infatti reale se non ci fosse il reato, come pure \u00e8 fuorviante l&#8217;invito a cercare l&#8217;evasione altrove, con la speranza di depistare l&#8217;attenzione dei controllori e nascondere\u00a0 o sminuire, cos\u00ec, il proprio\u00a0illecito.\u00a0\u00a0\u00a0\u00a0\u00a0\u00a0\u00a0\u00a0\u00a0\u00a0\u00a0\u00a0\u00a0\u00a0\u00a0\u00a0\u00a0\u00a0\u00a0\u00a0\u00a0\u00a0\u00a0\u00a0\u00a0\u00a0\u00a0\u00a0\u00a0\u00a0\u00a0\u00a0\u00a0\u00a0\u00a0\u00a0\u00a0\u00a0\u00a0 Pur ritenendo corretta, quindi,\u00a0 la posizione di chi inneggia ad una vera e propria rivolta fiscale e reputando anche scontata la levata di scudi delle associazioni di categoria, non \u00e8 invece da condividere la posizione di quei politici che, per guadagnare facili consensi , innalzano le barricate a difesa di certi &#8220;furbetti&#8221;.\u00a0 Forse il clamore sollevato dalla nota inchiesta \u00e8 stato eccessivo, probabilmente il momento scelto per le verifiche \u00e8 stato il peggiore, pu\u00f2 darsi anche che Cortina non sia la situazione peggiore d&#8217;Italia e non meritasse di essere la prima, certamente, inoltre, tutti ci aspettiamo che uguale rigore sia applicato in ogni situazione territoriale e non solo al nord?ma, se i dati evidenziati\u00a0 a Cortina corrispondono al vero, i reati c&#8217;erano e non si pu\u00f2 dar colpa ai controllori per averli rilevati nello svolgere il proprio ingrato compito. Non sono\u00a0 imputabili alla GdF quindi i danni che deriveranno dagli esiti e dal clamore dell&#8217;indagine. Non rovesciamo infatti la frittata: gli evasori non sono le vittime, bens\u00ec i rei ed i controllori dell?Agenzia delle entrate sono stati solamente la lente di ingrandimento di una situazione probabilmente reale. La responsabilit\u00e0 di ci\u00f2 che \u00e8 successo e di ci\u00f2 che accadr\u00e0 \u00e8 perci\u00f2 di chi, avendo perso la scommessa iniziale dovr\u00e0 far mente locale al proverbio: &#8220;chi \u00e8 causa del proprio mal pianga se stesso&#8221;.\u00a0 Peccato\u00a0 per\u00f2 che, a causa del danno d&#8217;immagine causato da pochi, anche tanti altri ne faranno le spese.<\/p>\n<p>Paolo Bampo<\/p>","protected":false},"excerpt":{"rendered":"<p>La rivolta fiscale esercitata alla luce del sole, quale scelta di una ben precisa strategia di guerra tesa ad abbattere uno Stato, potrebbe anche essere una nobile battaglia da condividere in massa. L&#8217;evasione fiscale fine a s\u00e9 stessa \u00e8 invece un fenomeno da respingere, soprattutto se diviene un fatto comportamentale consolidato e sistematico. Essa non [&hellip;]<\/p>\n","protected":false},"author":2,"featured_media":0,"comment_status":"closed","ping_status":"open","sticky":false,"template":"","format":"standard","meta":{"footnotes":""},"categories":[5,1,26],"tags":[],"class_list":["post-33987","post","type-post","status-publish","format-standard","category-cronaca","category-leo","category-prima-pagina"],"yoast_head":"<!-- This site is optimized with the Yoast SEO plugin v28.4 - https:\/\/yoast.com\/product\/yoast-seo-wordpress\/ -->\n<title>Caso Cortina ed evasione fiscale    *intervento di Paolo Bampo - Bellunopress - Dolomiti<\/title>\n<meta name=\"robots\" content=\"index, follow, max-snippet:-1, max-image-preview:large, max-video-preview:-1\" \/>\n<link rel=\"canonical\" href=\"https:\/\/www.bellunopress.it\/fr\/2012\/01\/08\/caso-cortina-ed-evasione-fiscale-intervento-di-paolo-bampo\/\" \/>\n<meta property=\"og:locale\" content=\"fr_FR\" \/>\n<meta property=\"og:type\" content=\"article\" \/>\n<meta property=\"og:title\" content=\"Caso Cortina ed evasione fiscale    *intervento di Paolo Bampo - Bellunopress - Dolomiti\" \/>\n<meta property=\"og:description\" content=\"La rivolta fiscale esercitata alla luce del sole, quale scelta di una ben precisa strategia di guerra tesa ad abbattere uno Stato, potrebbe anche essere una nobile battaglia da condividere in massa. L&#8217;evasione fiscale fine a s\u00e9 stessa \u00e8 invece un fenomeno da respingere, soprattutto se diviene un fatto comportamentale consolidato e sistematico. Essa non [&hellip;]\" \/>\n<meta property=\"og:url\" content=\"https:\/\/www.bellunopress.it\/fr\/2012\/01\/08\/caso-cortina-ed-evasione-fiscale-intervento-di-paolo-bampo\/\" \/>\n<meta property=\"og:site_name\" content=\"Bellunopress - Dolomiti\" \/>\n<meta property=\"article:publisher\" content=\"https:\/\/www.facebook.com\/profile.php?id=100008943462799\" \/>\n<meta property=\"article:published_time\" content=\"2012-01-08T21:47:20+00:00\" \/>\n<meta property=\"og:image\" content=\"http:\/\/www.bellunopress.it\/wp-content\/uploads\/2010\/01\/paolo-bampo.jpg\" \/>\n<meta name=\"author\" content=\"redazione\" \/>\n<meta name=\"twitter:card\" content=\"summary_large_image\" \/>\n<meta name=\"twitter:creator\" content=\"@bellunopress\" \/>\n<meta name=\"twitter:site\" content=\"@bellunopress\" \/>\n<meta name=\"twitter:label1\" content=\"Written by\" \/>\n\t<meta name=\"twitter:data1\" content=\"redazione\" \/>\n\t<meta name=\"twitter:label2\" content=\"Est. reading time\" \/>\n\t<meta name=\"twitter:data2\" content=\"3 minutes\" \/>\n<script type=\"application\/ld+json\" class=\"yoast-schema-graph\">{\"@context\":\"https:\\\/\\\/schema.org\",\"@graph\":[{\"@type\":\"Article\",\"@id\":\"https:\\\/\\\/www.bellunopress.it\\\/2012\\\/01\\\/08\\\/caso-cortina-ed-evasione-fiscale-intervento-di-paolo-bampo\\\/#article\",\"isPartOf\":{\"@id\":\"https:\\\/\\\/www.bellunopress.it\\\/2012\\\/01\\\/08\\\/caso-cortina-ed-evasione-fiscale-intervento-di-paolo-bampo\\\/\"},\"author\":{\"name\":\"redazione\",\"@id\":\"https:\\\/\\\/www.bellunopress.it\\\/#\\\/schema\\\/person\\\/79bb06722b37ece1c03d3e94beb30d73\"},\"headline\":\"Caso Cortina ed evasione fiscale *intervento di Paolo Bampo\",\"datePublished\":\"2012-01-08T21:47:20+00:00\",\"mainEntityOfPage\":{\"@id\":\"https:\\\/\\\/www.bellunopress.it\\\/2012\\\/01\\\/08\\\/caso-cortina-ed-evasione-fiscale-intervento-di-paolo-bampo\\\/\"},\"wordCount\":525,\"publisher\":{\"@id\":\"https:\\\/\\\/www.bellunopress.it\\\/#organization\"},\"image\":{\"@id\":\"https:\\\/\\\/www.bellunopress.it\\\/2012\\\/01\\\/08\\\/caso-cortina-ed-evasione-fiscale-intervento-di-paolo-bampo\\\/#primaryimage\"},\"thumbnailUrl\":\"http:\\\/\\\/www.bellunopress.it\\\/wp-content\\\/uploads\\\/2010\\\/01\\\/paolo-bampo.jpg\",\"articleSection\":[\"Cronaca\\\/Politica\",\"Lettere Opinioni\",\"Prima Pagina\"],\"inLanguage\":\"fr-FR\"},{\"@type\":\"WebPage\",\"@id\":\"https:\\\/\\\/www.bellunopress.it\\\/2012\\\/01\\\/08\\\/caso-cortina-ed-evasione-fiscale-intervento-di-paolo-bampo\\\/\",\"url\":\"https:\\\/\\\/www.bellunopress.it\\\/2012\\\/01\\\/08\\\/caso-cortina-ed-evasione-fiscale-intervento-di-paolo-bampo\\\/\",\"name\":\"Caso Cortina ed evasione fiscale *intervento di Paolo Bampo - Bellunopress - Dolomiti\",\"isPartOf\":{\"@id\":\"https:\\\/\\\/www.bellunopress.it\\\/#website\"},\"primaryImageOfPage\":{\"@id\":\"https:\\\/\\\/www.bellunopress.it\\\/2012\\\/01\\\/08\\\/caso-cortina-ed-evasione-fiscale-intervento-di-paolo-bampo\\\/#primaryimage\"},\"image\":{\"@id\":\"https:\\\/\\\/www.bellunopress.it\\\/2012\\\/01\\\/08\\\/caso-cortina-ed-evasione-fiscale-intervento-di-paolo-bampo\\\/#primaryimage\"},\"thumbnailUrl\":\"http:\\\/\\\/www.bellunopress.it\\\/wp-content\\\/uploads\\\/2010\\\/01\\\/paolo-bampo.jpg\",\"datePublished\":\"2012-01-08T21:47:20+00:00\",\"breadcrumb\":{\"@id\":\"https:\\\/\\\/www.bellunopress.it\\\/2012\\\/01\\\/08\\\/caso-cortina-ed-evasione-fiscale-intervento-di-paolo-bampo\\\/#breadcrumb\"},\"inLanguage\":\"fr-FR\",\"potentialAction\":[{\"@type\":\"ReadAction\",\"target\":[\"https:\\\/\\\/www.bellunopress.it\\\/2012\\\/01\\\/08\\\/caso-cortina-ed-evasione-fiscale-intervento-di-paolo-bampo\\\/\"]}]},{\"@type\":\"ImageObject\",\"inLanguage\":\"fr-FR\",\"@id\":\"https:\\\/\\\/www.bellunopress.it\\\/2012\\\/01\\\/08\\\/caso-cortina-ed-evasione-fiscale-intervento-di-paolo-bampo\\\/#primaryimage\",\"url\":\"http:\\\/\\\/www.bellunopress.it\\\/wp-content\\\/uploads\\\/2010\\\/01\\\/paolo-bampo.jpg\",\"contentUrl\":\"http:\\\/\\\/www.bellunopress.it\\\/wp-content\\\/uploads\\\/2010\\\/01\\\/paolo-bampo.jpg\"},{\"@type\":\"BreadcrumbList\",\"@id\":\"https:\\\/\\\/www.bellunopress.it\\\/2012\\\/01\\\/08\\\/caso-cortina-ed-evasione-fiscale-intervento-di-paolo-bampo\\\/#breadcrumb\",\"itemListElement\":[{\"@type\":\"ListItem\",\"position\":1,\"name\":\"Home\",\"item\":\"https:\\\/\\\/www.bellunopress.it\\\/\"},{\"@type\":\"ListItem\",\"position\":2,\"name\":\"Caso Cortina ed evasione fiscale *intervento di Paolo Bampo\"}]},{\"@type\":\"WebSite\",\"@id\":\"https:\\\/\\\/www.bellunopress.it\\\/#website\",\"url\":\"https:\\\/\\\/www.bellunopress.it\\\/\",\"name\":\"Bellunopress - Dolomiti\",\"description\":\"e-mail: redazione@bellunopress.it\",\"publisher\":{\"@id\":\"https:\\\/\\\/www.bellunopress.it\\\/#organization\"},\"potentialAction\":[{\"@type\":\"SearchAction\",\"target\":{\"@type\":\"EntryPoint\",\"urlTemplate\":\"https:\\\/\\\/www.bellunopress.it\\\/?s={search_term_string}\"},\"query-input\":{\"@type\":\"PropertyValueSpecification\",\"valueRequired\":true,\"valueName\":\"search_term_string\"}}],\"inLanguage\":\"fr-FR\"},{\"@type\":\"Organization\",\"@id\":\"https:\\\/\\\/www.bellunopress.it\\\/#organization\",\"name\":\"Bellunopress\",\"url\":\"https:\\\/\\\/www.bellunopress.it\\\/\",\"logo\":{\"@type\":\"ImageObject\",\"inLanguage\":\"fr-FR\",\"@id\":\"https:\\\/\\\/www.bellunopress.it\\\/#\\\/schema\\\/logo\\\/image\\\/\",\"url\":\"https:\\\/\\\/www.bellunopress.it\\\/wp-content\\\/uploads\\\/2011\\\/05\\\/cropped-logo-bellunopress-.jpg\",\"contentUrl\":\"https:\\\/\\\/www.bellunopress.it\\\/wp-content\\\/uploads\\\/2011\\\/05\\\/cropped-logo-bellunopress-.jpg\",\"width\":512,\"height\":512,\"caption\":\"Bellunopress\"},\"image\":{\"@id\":\"https:\\\/\\\/www.bellunopress.it\\\/#\\\/schema\\\/logo\\\/image\\\/\"},\"sameAs\":[\"https:\\\/\\\/www.facebook.com\\\/profile.php?id=100008943462799\",\"https:\\\/\\\/x.com\\\/bellunopress\",\"https:\\\/\\\/www.linkedin.com\\\/hp\\\/?dnr=JBzUWaJfMUw8vbXJJ2tVW5-I3jZKvC4wsoxE&amp;amp;amp;amp;amp;amp;trk=nav_responsive_tab_home\",\"https:\\\/\\\/www.youtube.com\\\/channel\\\/UCxL0wu1uN0_3_7hGG0306cw\"]},{\"@type\":\"Person\",\"@id\":\"https:\\\/\\\/www.bellunopress.it\\\/#\\\/schema\\\/person\\\/79bb06722b37ece1c03d3e94beb30d73\",\"name\":\"redazione\",\"image\":{\"@type\":\"ImageObject\",\"inLanguage\":\"fr-FR\",\"@id\":\"https:\\\/\\\/secure.gravatar.com\\\/avatar\\\/37d968a2e67a6fd04c169c4bdef102d0bc5d31b2546345219e348575eb80e9a0?s=96&d=mm&r=g\",\"url\":\"https:\\\/\\\/secure.gravatar.com\\\/avatar\\\/37d968a2e67a6fd04c169c4bdef102d0bc5d31b2546345219e348575eb80e9a0?s=96&d=mm&r=g\",\"contentUrl\":\"https:\\\/\\\/secure.gravatar.com\\\/avatar\\\/37d968a2e67a6fd04c169c4bdef102d0bc5d31b2546345219e348575eb80e9a0?s=96&d=mm&r=g\",\"caption\":\"redazione\"},\"sameAs\":[\"http:\\\/\\\/www.bellunopress.it\",\"https:\\\/\\\/x.com\\\/bellunopress\"],\"url\":\"https:\\\/\\\/www.bellunopress.it\\\/fr\\\/author\\\/redazione\\\/\"}]}<\/script>\n<!-- \/ Yoast SEO plugin. -->","yoast_head_json":{"title":"Caso Cortina ed evasione fiscale    *intervento di Paolo Bampo - Bellunopress - Dolomiti","robots":{"index":"index","follow":"follow","max-snippet":"max-snippet:-1","max-image-preview":"max-image-preview:large","max-video-preview":"max-video-preview:-1"},"canonical":"https:\/\/www.bellunopress.it\/fr\/2012\/01\/08\/caso-cortina-ed-evasione-fiscale-intervento-di-paolo-bampo\/","og_locale":"fr_FR","og_type":"article","og_title":"Caso Cortina ed evasione fiscale    *intervento di Paolo Bampo - Bellunopress - Dolomiti","og_description":"La rivolta fiscale esercitata alla luce del sole, quale scelta di una ben precisa strategia di guerra tesa ad abbattere uno Stato, potrebbe anche essere una nobile battaglia da condividere in massa. L&#8217;evasione fiscale fine a s\u00e9 stessa \u00e8 invece un fenomeno da respingere, soprattutto se diviene un fatto comportamentale consolidato e sistematico. Essa non [&hellip;]","og_url":"https:\/\/www.bellunopress.it\/fr\/2012\/01\/08\/caso-cortina-ed-evasione-fiscale-intervento-di-paolo-bampo\/","og_site_name":"Bellunopress - Dolomiti","article_publisher":"https:\/\/www.facebook.com\/profile.php?id=100008943462799","article_published_time":"2012-01-08T21:47:20+00:00","og_image":[{"url":"http:\/\/www.bellunopress.it\/wp-content\/uploads\/2010\/01\/paolo-bampo.jpg","type":"","width":"","height":""}],"author":"redazione","twitter_card":"summary_large_image","twitter_creator":"@bellunopress","twitter_site":"@bellunopress","twitter_misc":{"Written by":"redazione","Est. reading time":"3 minutes"},"schema":{"@context":"https:\/\/schema.org","@graph":[{"@type":"Article","@id":"https:\/\/www.bellunopress.it\/2012\/01\/08\/caso-cortina-ed-evasione-fiscale-intervento-di-paolo-bampo\/#article","isPartOf":{"@id":"https:\/\/www.bellunopress.it\/2012\/01\/08\/caso-cortina-ed-evasione-fiscale-intervento-di-paolo-bampo\/"},"author":{"name":"redazione","@id":"https:\/\/www.bellunopress.it\/#\/schema\/person\/79bb06722b37ece1c03d3e94beb30d73"},"headline":"Caso Cortina ed evasione fiscale *intervento di Paolo Bampo","datePublished":"2012-01-08T21:47:20+00:00","mainEntityOfPage":{"@id":"https:\/\/www.bellunopress.it\/2012\/01\/08\/caso-cortina-ed-evasione-fiscale-intervento-di-paolo-bampo\/"},"wordCount":525,"publisher":{"@id":"https:\/\/www.bellunopress.it\/#organization"},"image":{"@id":"https:\/\/www.bellunopress.it\/2012\/01\/08\/caso-cortina-ed-evasione-fiscale-intervento-di-paolo-bampo\/#primaryimage"},"thumbnailUrl":"http:\/\/www.bellunopress.it\/wp-content\/uploads\/2010\/01\/paolo-bampo.jpg","articleSection":["Cronaca\/Politica","Lettere Opinioni","Prima Pagina"],"inLanguage":"fr-FR"},{"@type":"WebPage","@id":"https:\/\/www.bellunopress.it\/2012\/01\/08\/caso-cortina-ed-evasione-fiscale-intervento-di-paolo-bampo\/","url":"https:\/\/www.bellunopress.it\/2012\/01\/08\/caso-cortina-ed-evasione-fiscale-intervento-di-paolo-bampo\/","name":"Caso Cortina ed evasione fiscale *intervento di Paolo Bampo - Bellunopress - Dolomiti","isPartOf":{"@id":"https:\/\/www.bellunopress.it\/#website"},"primaryImageOfPage":{"@id":"https:\/\/www.bellunopress.it\/2012\/01\/08\/caso-cortina-ed-evasione-fiscale-intervento-di-paolo-bampo\/#primaryimage"},"image":{"@id":"https:\/\/www.bellunopress.it\/2012\/01\/08\/caso-cortina-ed-evasione-fiscale-intervento-di-paolo-bampo\/#primaryimage"},"thumbnailUrl":"http:\/\/www.bellunopress.it\/wp-content\/uploads\/2010\/01\/paolo-bampo.jpg","datePublished":"2012-01-08T21:47:20+00:00","breadcrumb":{"@id":"https:\/\/www.bellunopress.it\/2012\/01\/08\/caso-cortina-ed-evasione-fiscale-intervento-di-paolo-bampo\/#breadcrumb"},"inLanguage":"fr-FR","potentialAction":[{"@type":"ReadAction","target":["https:\/\/www.bellunopress.it\/2012\/01\/08\/caso-cortina-ed-evasione-fiscale-intervento-di-paolo-bampo\/"]}]},{"@type":"ImageObject","inLanguage":"fr-FR","@id":"https:\/\/www.bellunopress.it\/2012\/01\/08\/caso-cortina-ed-evasione-fiscale-intervento-di-paolo-bampo\/#primaryimage","url":"http:\/\/www.bellunopress.it\/wp-content\/uploads\/2010\/01\/paolo-bampo.jpg","contentUrl":"http:\/\/www.bellunopress.it\/wp-content\/uploads\/2010\/01\/paolo-bampo.jpg"},{"@type":"BreadcrumbList","@id":"https:\/\/www.bellunopress.it\/2012\/01\/08\/caso-cortina-ed-evasione-fiscale-intervento-di-paolo-bampo\/#breadcrumb","itemListElement":[{"@type":"ListItem","position":1,"name":"Home","item":"https:\/\/www.bellunopress.it\/"},{"@type":"ListItem","position":2,"name":"Caso Cortina ed evasione fiscale *intervento di Paolo Bampo"}]},{"@type":"WebSite","@id":"https:\/\/www.bellunopress.it\/#website","url":"https:\/\/www.bellunopress.it\/","name":"Bellunopress - Dolomiti","description":"e-mail: redazione@bellunopress.it","publisher":{"@id":"https:\/\/www.bellunopress.it\/#organization"},"potentialAction":[{"@type":"SearchAction","target":{"@type":"EntryPoint","urlTemplate":"https:\/\/www.bellunopress.it\/?s={search_term_string}"},"query-input":{"@type":"PropertyValueSpecification","valueRequired":true,"valueName":"search_term_string"}}],"inLanguage":"fr-FR"},{"@type":"Organization","@id":"https:\/\/www.bellunopress.it\/#organization","name":"Bellunopress","url":"https:\/\/www.bellunopress.it\/","logo":{"@type":"ImageObject","inLanguage":"fr-FR","@id":"https:\/\/www.bellunopress.it\/#\/schema\/logo\/image\/","url":"https:\/\/www.bellunopress.it\/wp-content\/uploads\/2011\/05\/cropped-logo-bellunopress-.jpg","contentUrl":"https:\/\/www.bellunopress.it\/wp-content\/uploads\/2011\/05\/cropped-logo-bellunopress-.jpg","width":512,"height":512,"caption":"Bellunopress"},"image":{"@id":"https:\/\/www.bellunopress.it\/#\/schema\/logo\/image\/"},"sameAs":["https:\/\/www.facebook.com\/profile.php?id=100008943462799","https:\/\/x.com\/bellunopress","https:\/\/www.linkedin.com\/hp\/?dnr=JBzUWaJfMUw8vbXJJ2tVW5-I3jZKvC4wsoxE&amp;amp;amp;amp;amp;amp;trk=nav_responsive_tab_home","https:\/\/www.youtube.com\/channel\/UCxL0wu1uN0_3_7hGG0306cw"]},{"@type":"Person","@id":"https:\/\/www.bellunopress.it\/#\/schema\/person\/79bb06722b37ece1c03d3e94beb30d73","name":"r\u00e9daction","image":{"@type":"ImageObject","inLanguage":"fr-FR","@id":"https:\/\/secure.gravatar.com\/avatar\/37d968a2e67a6fd04c169c4bdef102d0bc5d31b2546345219e348575eb80e9a0?s=96&d=mm&r=g","url":"https:\/\/secure.gravatar.com\/avatar\/37d968a2e67a6fd04c169c4bdef102d0bc5d31b2546345219e348575eb80e9a0?s=96&d=mm&r=g","contentUrl":"https:\/\/secure.gravatar.com\/avatar\/37d968a2e67a6fd04c169c4bdef102d0bc5d31b2546345219e348575eb80e9a0?s=96&d=mm&r=g","caption":"redazione"},"sameAs":["http:\/\/www.bellunopress.it","https:\/\/x.com\/bellunopress"],"url":"https:\/\/www.bellunopress.it\/fr\/author\/redazione\/"}]}},"_links":{"self":[{"href":"https:\/\/www.bellunopress.it\/fr\/wp-json\/wp\/v2\/posts\/33987","targetHints":{"allow":["GET"]}}],"collection":[{"href":"https:\/\/www.bellunopress.it\/fr\/wp-json\/wp\/v2\/posts"}],"about":[{"href":"https:\/\/www.bellunopress.it\/fr\/wp-json\/wp\/v2\/types\/post"}],"author":[{"embeddable":true,"href":"https:\/\/www.bellunopress.it\/fr\/wp-json\/wp\/v2\/users\/2"}],"replies":[{"embeddable":true,"href":"https:\/\/www.bellunopress.it\/fr\/wp-json\/wp\/v2\/comments?post=33987"}],"version-history":[{"count":1,"href":"https:\/\/www.bellunopress.it\/fr\/wp-json\/wp\/v2\/posts\/33987\/revisions"}],"predecessor-version":[{"id":33988,"href":"https:\/\/www.bellunopress.it\/fr\/wp-json\/wp\/v2\/posts\/33987\/revisions\/33988"}],"wp:attachment":[{"href":"https:\/\/www.bellunopress.it\/fr\/wp-json\/wp\/v2\/media?parent=33987"}],"wp:term":[{"taxonomy":"category","embeddable":true,"href":"https:\/\/www.bellunopress.it\/fr\/wp-json\/wp\/v2\/categories?post=33987"},{"taxonomy":"post_tag","embeddable":true,"href":"https:\/\/www.bellunopress.it\/fr\/wp-json\/wp\/v2\/tags?post=33987"}],"curies":[{"name":"wp","href":"https:\/\/api.w.org\/{rel}","templated":true}]}}