{"id":33984,"date":"2012-01-08T18:32:48","date_gmt":"2012-01-08T17:32:48","guid":{"rendered":"http:\/\/www.bellunopress.it\/?p=33984"},"modified":"2012-01-08T18:32:48","modified_gmt":"2012-01-08T17:32:48","slug":"giovedi-allinsolita-storia-apre-la-mostra-in-memoria-di-fabrizio-barbi","status":"publish","type":"post","link":"https:\/\/www.bellunopress.it\/fr\/2012\/01\/08\/giovedi-allinsolita-storia-apre-la-mostra-in-memoria-di-fabrizio-barbi\/","title":{"rendered":"Gioved\u00ec all&#8217;Insolit\u00e0 storia apre la mostra in memoria di Fabrizio Barbi"},"content":{"rendered":"<p>Gioved\u00ec 12 gennaio alle ore 20.15 al bar Insolita storia di Belluno sar\u00e0 inaugurata la mostra con le opere del compianto Fabrizio Barbi, che rimarranno esposte fino al prossino 12 febbraio.<\/p>\n<p>Fabrizio Barbi (Belluno, 1962 &#8211; 2007), ha seguito un percorso di studi non convenzionale frequentando corsi di restauro e di fotografia (sotto la direzione di Roberto Salbitani). Da autodidatta ha coltivato la sua passione per la pittura all&#8217;acquerello. Sar\u00e0 l&#8217;incontro con il grande artista Riccardo Licata a dargli la consapevolezza di potersi esprimere autonomamente e compiutamente. Esplora nuove tecniche, quali il collage e il graffito e frequenta il corso di incisione alla Scuola Internazionale della Grafica di Venezia. Ha collaborato con la casa Editrice Colophon, realizzando tre importanti\u00a0 libri d&#8217;artista. Sue opere sono state esposte in importanti gallerie pubbliche o private a Milano, Bologna, Firenze, Trento, Modena, Reggio Emilia, Belluno, Treviso, Padova, Varese, Cagnes sur Mer, Parigi, Liegi, Stoccolma, Tainan, Taipei.<\/p>","protected":false},"excerpt":{"rendered":"<p>Gioved\u00ec 12 gennaio alle ore 20.15 al bar Insolita storia di Belluno sar\u00e0 inaugurata la mostra con le opere del compianto Fabrizio Barbi, che rimarranno esposte fino al prossino 12 febbraio. Fabrizio Barbi (Belluno, 1962 &#8211; 2007), ha seguito un percorso di studi non convenzionale frequentando corsi di restauro e di fotografia (sotto la direzione [&hellip;]<\/p>\n","protected":false},"author":2,"featured_media":0,"comment_status":"closed","ping_status":"open","sticky":false,"template":"","format":"standard","meta":{"footnotes":""},"categories":[27,3,25],"tags":[],"class_list":["post-33984","post","type-post","status-publish","format-standard","category-appuntamenti","category-arte-cultura-spettacoli-scienza-archivi","category-pausa-caffe"],"yoast_head":"<!-- This site is optimized with the Yoast SEO plugin v28.4 - https:\/\/yoast.com\/product\/yoast-seo-wordpress\/ -->\n<title>Gioved\u00ec all&#039;Insolit\u00e0 storia apre la mostra in memoria di Fabrizio Barbi - Bellunopress - Dolomiti<\/title>\n<meta name=\"robots\" content=\"index, follow, max-snippet:-1, max-image-preview:large, max-video-preview:-1\" \/>\n<link rel=\"canonical\" href=\"https:\/\/www.bellunopress.it\/fr\/2012\/01\/08\/giovedi-allinsolita-storia-apre-la-mostra-in-memoria-di-fabrizio-barbi\/\" \/>\n<meta property=\"og:locale\" content=\"fr_FR\" \/>\n<meta property=\"og:type\" content=\"article\" \/>\n<meta property=\"og:title\" content=\"Gioved\u00ec all&#039;Insolit\u00e0 storia apre la mostra in memoria di Fabrizio Barbi - Bellunopress - Dolomiti\" \/>\n<meta property=\"og:description\" content=\"Gioved\u00ec 12 gennaio alle ore 20.15 al bar Insolita storia di Belluno sar\u00e0 inaugurata la mostra con le opere del compianto Fabrizio Barbi, che rimarranno esposte fino al prossino 12 febbraio. Fabrizio Barbi (Belluno, 1962 &#8211; 2007), ha seguito un percorso di studi non convenzionale frequentando corsi di restauro e di fotografia (sotto la direzione [&hellip;]\" \/>\n<meta property=\"og:url\" content=\"https:\/\/www.bellunopress.it\/fr\/2012\/01\/08\/giovedi-allinsolita-storia-apre-la-mostra-in-memoria-di-fabrizio-barbi\/\" \/>\n<meta property=\"og:site_name\" content=\"Bellunopress - Dolomiti\" \/>\n<meta property=\"article:publisher\" content=\"https:\/\/www.facebook.com\/profile.php?id=100008943462799\" \/>\n<meta property=\"article:published_time\" content=\"2012-01-08T17:32:48+00:00\" \/>\n<meta property=\"og:image\" content=\"http:\/\/www.bellunopress.it\/wp-content\/uploads\/2012\/07\/logo-bellunopress-250x250-2012.jpg\" \/>\n<meta name=\"author\" content=\"redazione\" \/>\n<meta name=\"twitter:card\" content=\"summary_large_image\" \/>\n<meta name=\"twitter:creator\" content=\"@bellunopress\" \/>\n<meta name=\"twitter:site\" content=\"@bellunopress\" \/>\n<meta name=\"twitter:label1\" content=\"Written by\" \/>\n\t<meta name=\"twitter:data1\" content=\"redazione\" \/>\n\t<meta name=\"twitter:label2\" content=\"Est. reading time\" \/>\n\t<meta name=\"twitter:data2\" content=\"1 minute\" \/>\n<script type=\"application\/ld+json\" class=\"yoast-schema-graph\">{\"@context\":\"https:\\\/\\\/schema.org\",\"@graph\":[{\"@type\":\"Article\",\"@id\":\"https:\\\/\\\/www.bellunopress.it\\\/2012\\\/01\\\/08\\\/giovedi-allinsolita-storia-apre-la-mostra-in-memoria-di-fabrizio-barbi\\\/#article\",\"isPartOf\":{\"@id\":\"https:\\\/\\\/www.bellunopress.it\\\/2012\\\/01\\\/08\\\/giovedi-allinsolita-storia-apre-la-mostra-in-memoria-di-fabrizio-barbi\\\/\"},\"author\":{\"name\":\"redazione\",\"@id\":\"https:\\\/\\\/www.bellunopress.it\\\/#\\\/schema\\\/person\\\/79bb06722b37ece1c03d3e94beb30d73\"},\"headline\":\"Gioved\u00ec all&#8217;Insolit\u00e0 storia apre la mostra in memoria di Fabrizio Barbi\",\"datePublished\":\"2012-01-08T17:32:48+00:00\",\"mainEntityOfPage\":{\"@id\":\"https:\\\/\\\/www.bellunopress.it\\\/2012\\\/01\\\/08\\\/giovedi-allinsolita-storia-apre-la-mostra-in-memoria-di-fabrizio-barbi\\\/\"},\"wordCount\":162,\"publisher\":{\"@id\":\"https:\\\/\\\/www.bellunopress.it\\\/#organization\"},\"articleSection\":[\"Appuntamenti, Eventi\",\"Arte, Cultura, Spettacoli, Scienza\",\"Pausa Caff\u00e8\"],\"inLanguage\":\"fr-FR\"},{\"@type\":\"WebPage\",\"@id\":\"https:\\\/\\\/www.bellunopress.it\\\/2012\\\/01\\\/08\\\/giovedi-allinsolita-storia-apre-la-mostra-in-memoria-di-fabrizio-barbi\\\/\",\"url\":\"https:\\\/\\\/www.bellunopress.it\\\/2012\\\/01\\\/08\\\/giovedi-allinsolita-storia-apre-la-mostra-in-memoria-di-fabrizio-barbi\\\/\",\"name\":\"Gioved\u00ec all'Insolit\u00e0 storia apre la mostra in memoria di Fabrizio Barbi - Bellunopress - Dolomiti\",\"isPartOf\":{\"@id\":\"https:\\\/\\\/www.bellunopress.it\\\/#website\"},\"datePublished\":\"2012-01-08T17:32:48+00:00\",\"breadcrumb\":{\"@id\":\"https:\\\/\\\/www.bellunopress.it\\\/2012\\\/01\\\/08\\\/giovedi-allinsolita-storia-apre-la-mostra-in-memoria-di-fabrizio-barbi\\\/#breadcrumb\"},\"inLanguage\":\"fr-FR\",\"potentialAction\":[{\"@type\":\"ReadAction\",\"target\":[\"https:\\\/\\\/www.bellunopress.it\\\/2012\\\/01\\\/08\\\/giovedi-allinsolita-storia-apre-la-mostra-in-memoria-di-fabrizio-barbi\\\/\"]}]},{\"@type\":\"BreadcrumbList\",\"@id\":\"https:\\\/\\\/www.bellunopress.it\\\/2012\\\/01\\\/08\\\/giovedi-allinsolita-storia-apre-la-mostra-in-memoria-di-fabrizio-barbi\\\/#breadcrumb\",\"itemListElement\":[{\"@type\":\"ListItem\",\"position\":1,\"name\":\"Home\",\"item\":\"https:\\\/\\\/www.bellunopress.it\\\/\"},{\"@type\":\"ListItem\",\"position\":2,\"name\":\"Gioved\u00ec all&#8217;Insolit\u00e0 storia apre la mostra in memoria di Fabrizio Barbi\"}]},{\"@type\":\"WebSite\",\"@id\":\"https:\\\/\\\/www.bellunopress.it\\\/#website\",\"url\":\"https:\\\/\\\/www.bellunopress.it\\\/\",\"name\":\"Bellunopress - Dolomiti\",\"description\":\"e-mail: redazione@bellunopress.it\",\"publisher\":{\"@id\":\"https:\\\/\\\/www.bellunopress.it\\\/#organization\"},\"potentialAction\":[{\"@type\":\"SearchAction\",\"target\":{\"@type\":\"EntryPoint\",\"urlTemplate\":\"https:\\\/\\\/www.bellunopress.it\\\/?s={search_term_string}\"},\"query-input\":{\"@type\":\"PropertyValueSpecification\",\"valueRequired\":true,\"valueName\":\"search_term_string\"}}],\"inLanguage\":\"fr-FR\"},{\"@type\":\"Organization\",\"@id\":\"https:\\\/\\\/www.bellunopress.it\\\/#organization\",\"name\":\"Bellunopress\",\"url\":\"https:\\\/\\\/www.bellunopress.it\\\/\",\"logo\":{\"@type\":\"ImageObject\",\"inLanguage\":\"fr-FR\",\"@id\":\"https:\\\/\\\/www.bellunopress.it\\\/#\\\/schema\\\/logo\\\/image\\\/\",\"url\":\"https:\\\/\\\/www.bellunopress.it\\\/wp-content\\\/uploads\\\/2011\\\/05\\\/cropped-logo-bellunopress-.jpg\",\"contentUrl\":\"https:\\\/\\\/www.bellunopress.it\\\/wp-content\\\/uploads\\\/2011\\\/05\\\/cropped-logo-bellunopress-.jpg\",\"width\":512,\"height\":512,\"caption\":\"Bellunopress\"},\"image\":{\"@id\":\"https:\\\/\\\/www.bellunopress.it\\\/#\\\/schema\\\/logo\\\/image\\\/\"},\"sameAs\":[\"https:\\\/\\\/www.facebook.com\\\/profile.php?id=100008943462799\",\"https:\\\/\\\/x.com\\\/bellunopress\",\"https:\\\/\\\/www.linkedin.com\\\/hp\\\/?dnr=JBzUWaJfMUw8vbXJJ2tVW5-I3jZKvC4wsoxE&amp;amp;amp;amp;amp;amp;trk=nav_responsive_tab_home\",\"https:\\\/\\\/www.youtube.com\\\/channel\\\/UCxL0wu1uN0_3_7hGG0306cw\"]},{\"@type\":\"Person\",\"@id\":\"https:\\\/\\\/www.bellunopress.it\\\/#\\\/schema\\\/person\\\/79bb06722b37ece1c03d3e94beb30d73\",\"name\":\"redazione\",\"image\":{\"@type\":\"ImageObject\",\"inLanguage\":\"fr-FR\",\"@id\":\"https:\\\/\\\/secure.gravatar.com\\\/avatar\\\/37d968a2e67a6fd04c169c4bdef102d0bc5d31b2546345219e348575eb80e9a0?s=96&d=mm&r=g\",\"url\":\"https:\\\/\\\/secure.gravatar.com\\\/avatar\\\/37d968a2e67a6fd04c169c4bdef102d0bc5d31b2546345219e348575eb80e9a0?s=96&d=mm&r=g\",\"contentUrl\":\"https:\\\/\\\/secure.gravatar.com\\\/avatar\\\/37d968a2e67a6fd04c169c4bdef102d0bc5d31b2546345219e348575eb80e9a0?s=96&d=mm&r=g\",\"caption\":\"redazione\"},\"sameAs\":[\"http:\\\/\\\/www.bellunopress.it\",\"https:\\\/\\\/x.com\\\/bellunopress\"],\"url\":\"https:\\\/\\\/www.bellunopress.it\\\/fr\\\/author\\\/redazione\\\/\"}]}<\/script>\n<!-- \/ Yoast SEO plugin. -->","yoast_head_json":{"title":"Gioved\u00ec all'Insolit\u00e0 storia apre la mostra in memoria di Fabrizio Barbi - Bellunopress - Dolomiti","robots":{"index":"index","follow":"follow","max-snippet":"max-snippet:-1","max-image-preview":"max-image-preview:large","max-video-preview":"max-video-preview:-1"},"canonical":"https:\/\/www.bellunopress.it\/fr\/2012\/01\/08\/giovedi-allinsolita-storia-apre-la-mostra-in-memoria-di-fabrizio-barbi\/","og_locale":"fr_FR","og_type":"article","og_title":"Gioved\u00ec all'Insolit\u00e0 storia apre la mostra in memoria di Fabrizio Barbi - Bellunopress - Dolomiti","og_description":"Gioved\u00ec 12 gennaio alle ore 20.15 al bar Insolita storia di Belluno sar\u00e0 inaugurata la mostra con le opere del compianto Fabrizio Barbi, che rimarranno esposte fino al prossino 12 febbraio. Fabrizio Barbi (Belluno, 1962 &#8211; 2007), ha seguito un percorso di studi non convenzionale frequentando corsi di restauro e di fotografia (sotto la direzione [&hellip;]","og_url":"https:\/\/www.bellunopress.it\/fr\/2012\/01\/08\/giovedi-allinsolita-storia-apre-la-mostra-in-memoria-di-fabrizio-barbi\/","og_site_name":"Bellunopress - Dolomiti","article_publisher":"https:\/\/www.facebook.com\/profile.php?id=100008943462799","article_published_time":"2012-01-08T17:32:48+00:00","og_image":[{"url":"http:\/\/www.bellunopress.it\/wp-content\/uploads\/2012\/07\/logo-bellunopress-250x250-2012.jpg","type":"","width":"","height":""}],"author":"redazione","twitter_card":"summary_large_image","twitter_creator":"@bellunopress","twitter_site":"@bellunopress","twitter_misc":{"Written by":"redazione","Est. reading time":"1 minute"},"schema":{"@context":"https:\/\/schema.org","@graph":[{"@type":"Article","@id":"https:\/\/www.bellunopress.it\/2012\/01\/08\/giovedi-allinsolita-storia-apre-la-mostra-in-memoria-di-fabrizio-barbi\/#article","isPartOf":{"@id":"https:\/\/www.bellunopress.it\/2012\/01\/08\/giovedi-allinsolita-storia-apre-la-mostra-in-memoria-di-fabrizio-barbi\/"},"author":{"name":"redazione","@id":"https:\/\/www.bellunopress.it\/#\/schema\/person\/79bb06722b37ece1c03d3e94beb30d73"},"headline":"Gioved\u00ec all&#8217;Insolit\u00e0 storia apre la mostra in memoria di Fabrizio Barbi","datePublished":"2012-01-08T17:32:48+00:00","mainEntityOfPage":{"@id":"https:\/\/www.bellunopress.it\/2012\/01\/08\/giovedi-allinsolita-storia-apre-la-mostra-in-memoria-di-fabrizio-barbi\/"},"wordCount":162,"publisher":{"@id":"https:\/\/www.bellunopress.it\/#organization"},"articleSection":["Appuntamenti, Eventi","Arte, Cultura, Spettacoli, Scienza","Pausa Caff\u00e8"],"inLanguage":"fr-FR"},{"@type":"WebPage","@id":"https:\/\/www.bellunopress.it\/2012\/01\/08\/giovedi-allinsolita-storia-apre-la-mostra-in-memoria-di-fabrizio-barbi\/","url":"https:\/\/www.bellunopress.it\/2012\/01\/08\/giovedi-allinsolita-storia-apre-la-mostra-in-memoria-di-fabrizio-barbi\/","name":"Gioved\u00ec all'Insolit\u00e0 storia apre la mostra in memoria di Fabrizio Barbi - Bellunopress - Dolomiti","isPartOf":{"@id":"https:\/\/www.bellunopress.it\/#website"},"datePublished":"2012-01-08T17:32:48+00:00","breadcrumb":{"@id":"https:\/\/www.bellunopress.it\/2012\/01\/08\/giovedi-allinsolita-storia-apre-la-mostra-in-memoria-di-fabrizio-barbi\/#breadcrumb"},"inLanguage":"fr-FR","potentialAction":[{"@type":"ReadAction","target":["https:\/\/www.bellunopress.it\/2012\/01\/08\/giovedi-allinsolita-storia-apre-la-mostra-in-memoria-di-fabrizio-barbi\/"]}]},{"@type":"BreadcrumbList","@id":"https:\/\/www.bellunopress.it\/2012\/01\/08\/giovedi-allinsolita-storia-apre-la-mostra-in-memoria-di-fabrizio-barbi\/#breadcrumb","itemListElement":[{"@type":"ListItem","position":1,"name":"Home","item":"https:\/\/www.bellunopress.it\/"},{"@type":"ListItem","position":2,"name":"Gioved\u00ec all&#8217;Insolit\u00e0 storia apre la mostra in memoria di Fabrizio Barbi"}]},{"@type":"WebSite","@id":"https:\/\/www.bellunopress.it\/#website","url":"https:\/\/www.bellunopress.it\/","name":"Bellunopress - Dolomiti","description":"e-mail: redazione@bellunopress.it","publisher":{"@id":"https:\/\/www.bellunopress.it\/#organization"},"potentialAction":[{"@type":"SearchAction","target":{"@type":"EntryPoint","urlTemplate":"https:\/\/www.bellunopress.it\/?s={search_term_string}"},"query-input":{"@type":"PropertyValueSpecification","valueRequired":true,"valueName":"search_term_string"}}],"inLanguage":"fr-FR"},{"@type":"Organization","@id":"https:\/\/www.bellunopress.it\/#organization","name":"Bellunopress","url":"https:\/\/www.bellunopress.it\/","logo":{"@type":"ImageObject","inLanguage":"fr-FR","@id":"https:\/\/www.bellunopress.it\/#\/schema\/logo\/image\/","url":"https:\/\/www.bellunopress.it\/wp-content\/uploads\/2011\/05\/cropped-logo-bellunopress-.jpg","contentUrl":"https:\/\/www.bellunopress.it\/wp-content\/uploads\/2011\/05\/cropped-logo-bellunopress-.jpg","width":512,"height":512,"caption":"Bellunopress"},"image":{"@id":"https:\/\/www.bellunopress.it\/#\/schema\/logo\/image\/"},"sameAs":["https:\/\/www.facebook.com\/profile.php?id=100008943462799","https:\/\/x.com\/bellunopress","https:\/\/www.linkedin.com\/hp\/?dnr=JBzUWaJfMUw8vbXJJ2tVW5-I3jZKvC4wsoxE&amp;amp;amp;amp;amp;amp;trk=nav_responsive_tab_home","https:\/\/www.youtube.com\/channel\/UCxL0wu1uN0_3_7hGG0306cw"]},{"@type":"Person","@id":"https:\/\/www.bellunopress.it\/#\/schema\/person\/79bb06722b37ece1c03d3e94beb30d73","name":"r\u00e9daction","image":{"@type":"ImageObject","inLanguage":"fr-FR","@id":"https:\/\/secure.gravatar.com\/avatar\/37d968a2e67a6fd04c169c4bdef102d0bc5d31b2546345219e348575eb80e9a0?s=96&d=mm&r=g","url":"https:\/\/secure.gravatar.com\/avatar\/37d968a2e67a6fd04c169c4bdef102d0bc5d31b2546345219e348575eb80e9a0?s=96&d=mm&r=g","contentUrl":"https:\/\/secure.gravatar.com\/avatar\/37d968a2e67a6fd04c169c4bdef102d0bc5d31b2546345219e348575eb80e9a0?s=96&d=mm&r=g","caption":"redazione"},"sameAs":["http:\/\/www.bellunopress.it","https:\/\/x.com\/bellunopress"],"url":"https:\/\/www.bellunopress.it\/fr\/author\/redazione\/"}]}},"_links":{"self":[{"href":"https:\/\/www.bellunopress.it\/fr\/wp-json\/wp\/v2\/posts\/33984","targetHints":{"allow":["GET"]}}],"collection":[{"href":"https:\/\/www.bellunopress.it\/fr\/wp-json\/wp\/v2\/posts"}],"about":[{"href":"https:\/\/www.bellunopress.it\/fr\/wp-json\/wp\/v2\/types\/post"}],"author":[{"embeddable":true,"href":"https:\/\/www.bellunopress.it\/fr\/wp-json\/wp\/v2\/users\/2"}],"replies":[{"embeddable":true,"href":"https:\/\/www.bellunopress.it\/fr\/wp-json\/wp\/v2\/comments?post=33984"}],"version-history":[{"count":2,"href":"https:\/\/www.bellunopress.it\/fr\/wp-json\/wp\/v2\/posts\/33984\/revisions"}],"predecessor-version":[{"id":33986,"href":"https:\/\/www.bellunopress.it\/fr\/wp-json\/wp\/v2\/posts\/33984\/revisions\/33986"}],"wp:attachment":[{"href":"https:\/\/www.bellunopress.it\/fr\/wp-json\/wp\/v2\/media?parent=33984"}],"wp:term":[{"taxonomy":"category","embeddable":true,"href":"https:\/\/www.bellunopress.it\/fr\/wp-json\/wp\/v2\/categories?post=33984"},{"taxonomy":"post_tag","embeddable":true,"href":"https:\/\/www.bellunopress.it\/fr\/wp-json\/wp\/v2\/tags?post=33984"}],"curies":[{"name":"wp","href":"https:\/\/api.w.org\/{rel}","templated":true}]}}