{"id":33943,"date":"2012-01-05T22:01:02","date_gmt":"2012-01-05T21:01:02","guid":{"rendered":"http:\/\/www.bellunopress.it\/?p=33943"},"modified":"2012-01-05T22:01:02","modified_gmt":"2012-01-05T21:01:02","slug":"blitz-a-cortina-lega-e-pdl-confermano-la-linea-politica-di-condanna-verso-gli-onesti-per-salvare-i-furbi","status":"publish","type":"post","link":"https:\/\/www.bellunopress.it\/fr\/2012\/01\/05\/blitz-a-cortina-lega-e-pdl-confermano-la-linea-politica-di-condanna-verso-gli-onesti-per-salvare-i-furbi\/","title":{"rendered":"Blitz a Cortina. Lega e Pdl confermano la linea politica di condanna verso gli onesti, per salvare i furbi"},"content":{"rendered":"<p>Credevamo che Lega e PDL fossero andati a nascondersi dopo i fenomenali risultati di governo. Invece tuonano ancora, ieri contro il blitz dell&#8217;Agenzia delle Entrate a Cortina.<\/p>\n<p>Lo scandalo, dicono, \u00e8 il blitz stesso. Basta tartassare gli operai cassintegrati che sfrecciano in Maserati. Finiamola con l&#8217;accanimento contro i poveri in vacanza. Alt al massacro delle categorie economiche che realizzano risultati da +400% (\u00e8 bello sapere che in piena crisi c&#8217;\u00e8 chi va controcorrente e guadagna bene).<\/p>\n<p>Il segretario provinciale della Lega Diego Vello, per esempio, implora lo stop all&#8217;assedio fiscale a Cortina: controllassero Pietrapertosa, invece, luogo universalmente noto come simbolo del rombo dei bolidi e del commercio di gioielli. Il Fisco accerti quel che accade al sud che evade a tutto spiano, insomma, perch\u00e9 al nord, ci informa il Vello citando sempre dati precisi, i bilanci aziendali sono tutti limpidi come il lago di Misurina.<\/p>\n<p>La Lega, ma non serviva, conferma la sua linea politica. \u00c8 la Lega che in questi ultimi anni, insieme all&#8217;alleato PDL, ha condannato gli onesti e salvato i furbi, votando in parlamento norme pro-evasione come la depenalizzazione del falso in bilancio, i condoni, gli scudi fiscali, e facendo tra gli altri l&#8217;interesse dei volponi del nord, del centro e del sud.<\/p>\n<p>\u00c8 purtuttavia una scelta politica legittima, quella di rinunciare all&#8217;elettorato onesto per cementare il legame con quello pi\u00f9 scaltro. Questa scelta richiede per\u00f2 una presa di responsabilit\u00e0 enorme, nei confronti degli imprenditori oppressi e suicidi, delle ditte che fatturano fino all&#8217;ultimo euro e tengono in piedi i privilegi degli evasori, di chi deve pagare le tasse al posto di chi non lo fa, dei cittadini che si vedono sgraffignati i servizi dai frodatori fiscali.<\/p>\n<p>Fabrizio Soppelsa &#8211; Italia dei Valori Belluno<\/p>","protected":false},"excerpt":{"rendered":"<p>Credevamo che Lega e PDL fossero andati a nascondersi dopo i fenomenali risultati di governo. Invece tuonano ancora, ieri contro il blitz dell&#8217;Agenzia delle Entrate a Cortina. Lo scandalo, dicono, \u00e8 il blitz stesso. Basta tartassare gli operai cassintegrati che sfrecciano in Maserati. Finiamola con l&#8217;accanimento contro i poveri in vacanza. Alt al massacro delle [&hellip;]<\/p>\n","protected":false},"author":2,"featured_media":0,"comment_status":"closed","ping_status":"open","sticky":false,"template":"","format":"standard","meta":{"footnotes":""},"categories":[5,1,26],"tags":[],"class_list":["post-33943","post","type-post","status-publish","format-standard","category-cronaca","category-leo","category-prima-pagina"],"yoast_head":"<!-- This site is optimized with the Yoast SEO plugin v28.4 - https:\/\/yoast.com\/product\/yoast-seo-wordpress\/ -->\n<title>Blitz a Cortina. Lega e Pdl confermano la linea politica di condanna verso gli onesti, per salvare i furbi - Bellunopress - Dolomiti<\/title>\n<meta name=\"robots\" content=\"index, follow, max-snippet:-1, max-image-preview:large, max-video-preview:-1\" \/>\n<link rel=\"canonical\" href=\"https:\/\/www.bellunopress.it\/fr\/2012\/01\/05\/blitz-a-cortina-lega-e-pdl-confermano-la-linea-politica-di-condanna-verso-gli-onesti-per-salvare-i-furbi\/\" \/>\n<meta property=\"og:locale\" content=\"fr_FR\" \/>\n<meta property=\"og:type\" content=\"article\" \/>\n<meta property=\"og:title\" content=\"Blitz a Cortina. Lega e Pdl confermano la linea politica di condanna verso gli onesti, per salvare i furbi - Bellunopress - Dolomiti\" \/>\n<meta property=\"og:description\" content=\"Credevamo che Lega e PDL fossero andati a nascondersi dopo i fenomenali risultati di governo. Invece tuonano ancora, ieri contro il blitz dell&#8217;Agenzia delle Entrate a Cortina. Lo scandalo, dicono, \u00e8 il blitz stesso. Basta tartassare gli operai cassintegrati che sfrecciano in Maserati. Finiamola con l&#8217;accanimento contro i poveri in vacanza. Alt al massacro delle [&hellip;]\" \/>\n<meta property=\"og:url\" content=\"https:\/\/www.bellunopress.it\/fr\/2012\/01\/05\/blitz-a-cortina-lega-e-pdl-confermano-la-linea-politica-di-condanna-verso-gli-onesti-per-salvare-i-furbi\/\" \/>\n<meta property=\"og:site_name\" content=\"Bellunopress - Dolomiti\" \/>\n<meta property=\"article:publisher\" content=\"https:\/\/www.facebook.com\/profile.php?id=100008943462799\" \/>\n<meta property=\"article:published_time\" content=\"2012-01-05T21:01:02+00:00\" \/>\n<meta property=\"og:image\" content=\"http:\/\/www.bellunopress.it\/wp-content\/uploads\/2012\/07\/logo-bellunopress-250x250-2012.jpg\" \/>\n<meta name=\"author\" content=\"redazione\" \/>\n<meta name=\"twitter:card\" content=\"summary_large_image\" \/>\n<meta name=\"twitter:creator\" content=\"@bellunopress\" \/>\n<meta name=\"twitter:site\" content=\"@bellunopress\" \/>\n<meta name=\"twitter:label1\" content=\"\u00c9crit par\" \/>\n\t<meta name=\"twitter:data1\" content=\"redazione\" \/>\n\t<meta name=\"twitter:label2\" content=\"Dur\u00e9e de lecture estim\u00e9e\" \/>\n\t<meta name=\"twitter:data2\" content=\"1 minute\" \/>\n<script type=\"application\/ld+json\" class=\"yoast-schema-graph\">{\"@context\":\"https:\\\/\\\/schema.org\",\"@graph\":[{\"@type\":\"Article\",\"@id\":\"https:\\\/\\\/www.bellunopress.it\\\/2012\\\/01\\\/05\\\/blitz-a-cortina-lega-e-pdl-confermano-la-linea-politica-di-condanna-verso-gli-onesti-per-salvare-i-furbi\\\/#article\",\"isPartOf\":{\"@id\":\"https:\\\/\\\/www.bellunopress.it\\\/2012\\\/01\\\/05\\\/blitz-a-cortina-lega-e-pdl-confermano-la-linea-politica-di-condanna-verso-gli-onesti-per-salvare-i-furbi\\\/\"},\"author\":{\"name\":\"redazione\",\"@id\":\"https:\\\/\\\/www.bellunopress.it\\\/#\\\/schema\\\/person\\\/79bb06722b37ece1c03d3e94beb30d73\"},\"headline\":\"Blitz a Cortina. Lega e Pdl confermano la linea politica di condanna verso gli onesti, per salvare i furbi\",\"datePublished\":\"2012-01-05T21:01:02+00:00\",\"mainEntityOfPage\":{\"@id\":\"https:\\\/\\\/www.bellunopress.it\\\/2012\\\/01\\\/05\\\/blitz-a-cortina-lega-e-pdl-confermano-la-linea-politica-di-condanna-verso-gli-onesti-per-salvare-i-furbi\\\/\"},\"wordCount\":308,\"publisher\":{\"@id\":\"https:\\\/\\\/www.bellunopress.it\\\/#organization\"},\"articleSection\":[\"Cronaca\\\/Politica\",\"Lettere Opinioni\",\"Prima Pagina\"],\"inLanguage\":\"fr-FR\"},{\"@type\":\"WebPage\",\"@id\":\"https:\\\/\\\/www.bellunopress.it\\\/2012\\\/01\\\/05\\\/blitz-a-cortina-lega-e-pdl-confermano-la-linea-politica-di-condanna-verso-gli-onesti-per-salvare-i-furbi\\\/\",\"url\":\"https:\\\/\\\/www.bellunopress.it\\\/2012\\\/01\\\/05\\\/blitz-a-cortina-lega-e-pdl-confermano-la-linea-politica-di-condanna-verso-gli-onesti-per-salvare-i-furbi\\\/\",\"name\":\"Blitz a Cortina. Lega e Pdl confermano la linea politica di condanna verso gli onesti, per salvare i furbi - Bellunopress - Dolomiti\",\"isPartOf\":{\"@id\":\"https:\\\/\\\/www.bellunopress.it\\\/#website\"},\"datePublished\":\"2012-01-05T21:01:02+00:00\",\"breadcrumb\":{\"@id\":\"https:\\\/\\\/www.bellunopress.it\\\/2012\\\/01\\\/05\\\/blitz-a-cortina-lega-e-pdl-confermano-la-linea-politica-di-condanna-verso-gli-onesti-per-salvare-i-furbi\\\/#breadcrumb\"},\"inLanguage\":\"fr-FR\",\"potentialAction\":[{\"@type\":\"ReadAction\",\"target\":[\"https:\\\/\\\/www.bellunopress.it\\\/2012\\\/01\\\/05\\\/blitz-a-cortina-lega-e-pdl-confermano-la-linea-politica-di-condanna-verso-gli-onesti-per-salvare-i-furbi\\\/\"]}]},{\"@type\":\"BreadcrumbList\",\"@id\":\"https:\\\/\\\/www.bellunopress.it\\\/2012\\\/01\\\/05\\\/blitz-a-cortina-lega-e-pdl-confermano-la-linea-politica-di-condanna-verso-gli-onesti-per-salvare-i-furbi\\\/#breadcrumb\",\"itemListElement\":[{\"@type\":\"ListItem\",\"position\":1,\"name\":\"Home\",\"item\":\"https:\\\/\\\/www.bellunopress.it\\\/\"},{\"@type\":\"ListItem\",\"position\":2,\"name\":\"Blitz a Cortina. Lega e Pdl confermano la linea politica di condanna verso gli onesti, per salvare i furbi\"}]},{\"@type\":\"WebSite\",\"@id\":\"https:\\\/\\\/www.bellunopress.it\\\/#website\",\"url\":\"https:\\\/\\\/www.bellunopress.it\\\/\",\"name\":\"Bellunopress - Dolomiti\",\"description\":\"e-mail: redazione@bellunopress.it\",\"publisher\":{\"@id\":\"https:\\\/\\\/www.bellunopress.it\\\/#organization\"},\"potentialAction\":[{\"@type\":\"SearchAction\",\"target\":{\"@type\":\"EntryPoint\",\"urlTemplate\":\"https:\\\/\\\/www.bellunopress.it\\\/?s={search_term_string}\"},\"query-input\":{\"@type\":\"PropertyValueSpecification\",\"valueRequired\":true,\"valueName\":\"search_term_string\"}}],\"inLanguage\":\"fr-FR\"},{\"@type\":\"Organization\",\"@id\":\"https:\\\/\\\/www.bellunopress.it\\\/#organization\",\"name\":\"Bellunopress\",\"url\":\"https:\\\/\\\/www.bellunopress.it\\\/\",\"logo\":{\"@type\":\"ImageObject\",\"inLanguage\":\"fr-FR\",\"@id\":\"https:\\\/\\\/www.bellunopress.it\\\/#\\\/schema\\\/logo\\\/image\\\/\",\"url\":\"https:\\\/\\\/www.bellunopress.it\\\/wp-content\\\/uploads\\\/2011\\\/05\\\/cropped-logo-bellunopress-.jpg\",\"contentUrl\":\"https:\\\/\\\/www.bellunopress.it\\\/wp-content\\\/uploads\\\/2011\\\/05\\\/cropped-logo-bellunopress-.jpg\",\"width\":512,\"height\":512,\"caption\":\"Bellunopress\"},\"image\":{\"@id\":\"https:\\\/\\\/www.bellunopress.it\\\/#\\\/schema\\\/logo\\\/image\\\/\"},\"sameAs\":[\"https:\\\/\\\/www.facebook.com\\\/profile.php?id=100008943462799\",\"https:\\\/\\\/x.com\\\/bellunopress\",\"https:\\\/\\\/www.linkedin.com\\\/hp\\\/?dnr=JBzUWaJfMUw8vbXJJ2tVW5-I3jZKvC4wsoxE&amp;amp;amp;amp;amp;amp;trk=nav_responsive_tab_home\",\"https:\\\/\\\/www.youtube.com\\\/channel\\\/UCxL0wu1uN0_3_7hGG0306cw\"]},{\"@type\":\"Person\",\"@id\":\"https:\\\/\\\/www.bellunopress.it\\\/#\\\/schema\\\/person\\\/79bb06722b37ece1c03d3e94beb30d73\",\"name\":\"redazione\",\"image\":{\"@type\":\"ImageObject\",\"inLanguage\":\"fr-FR\",\"@id\":\"https:\\\/\\\/secure.gravatar.com\\\/avatar\\\/37d968a2e67a6fd04c169c4bdef102d0bc5d31b2546345219e348575eb80e9a0?s=96&d=mm&r=g\",\"url\":\"https:\\\/\\\/secure.gravatar.com\\\/avatar\\\/37d968a2e67a6fd04c169c4bdef102d0bc5d31b2546345219e348575eb80e9a0?s=96&d=mm&r=g\",\"contentUrl\":\"https:\\\/\\\/secure.gravatar.com\\\/avatar\\\/37d968a2e67a6fd04c169c4bdef102d0bc5d31b2546345219e348575eb80e9a0?s=96&d=mm&r=g\",\"caption\":\"redazione\"},\"sameAs\":[\"http:\\\/\\\/www.bellunopress.it\",\"https:\\\/\\\/x.com\\\/bellunopress\"],\"url\":\"https:\\\/\\\/www.bellunopress.it\\\/fr\\\/author\\\/redazione\\\/\"}]}<\/script>\n<!-- \/ Yoast SEO plugin. -->","yoast_head_json":{"title":"Blitz a Cortina. Lega e Pdl confermano la linea politica di condanna verso gli onesti, per salvare i furbi - Bellunopress - Dolomiti","robots":{"index":"index","follow":"follow","max-snippet":"max-snippet:-1","max-image-preview":"max-image-preview:large","max-video-preview":"max-video-preview:-1"},"canonical":"https:\/\/www.bellunopress.it\/fr\/2012\/01\/05\/blitz-a-cortina-lega-e-pdl-confermano-la-linea-politica-di-condanna-verso-gli-onesti-per-salvare-i-furbi\/","og_locale":"fr_FR","og_type":"article","og_title":"Blitz a Cortina. Lega e Pdl confermano la linea politica di condanna verso gli onesti, per salvare i furbi - Bellunopress - Dolomiti","og_description":"Credevamo che Lega e PDL fossero andati a nascondersi dopo i fenomenali risultati di governo. Invece tuonano ancora, ieri contro il blitz dell&#8217;Agenzia delle Entrate a Cortina. Lo scandalo, dicono, \u00e8 il blitz stesso. Basta tartassare gli operai cassintegrati che sfrecciano in Maserati. Finiamola con l&#8217;accanimento contro i poveri in vacanza. Alt al massacro delle [&hellip;]","og_url":"https:\/\/www.bellunopress.it\/fr\/2012\/01\/05\/blitz-a-cortina-lega-e-pdl-confermano-la-linea-politica-di-condanna-verso-gli-onesti-per-salvare-i-furbi\/","og_site_name":"Bellunopress - Dolomiti","article_publisher":"https:\/\/www.facebook.com\/profile.php?id=100008943462799","article_published_time":"2012-01-05T21:01:02+00:00","og_image":[{"url":"http:\/\/www.bellunopress.it\/wp-content\/uploads\/2012\/07\/logo-bellunopress-250x250-2012.jpg","type":"","width":"","height":""}],"author":"redazione","twitter_card":"summary_large_image","twitter_creator":"@bellunopress","twitter_site":"@bellunopress","twitter_misc":{"\u00c9crit par":"redazione","Dur\u00e9e de lecture estim\u00e9e":"1 minute"},"schema":{"@context":"https:\/\/schema.org","@graph":[{"@type":"Article","@id":"https:\/\/www.bellunopress.it\/2012\/01\/05\/blitz-a-cortina-lega-e-pdl-confermano-la-linea-politica-di-condanna-verso-gli-onesti-per-salvare-i-furbi\/#article","isPartOf":{"@id":"https:\/\/www.bellunopress.it\/2012\/01\/05\/blitz-a-cortina-lega-e-pdl-confermano-la-linea-politica-di-condanna-verso-gli-onesti-per-salvare-i-furbi\/"},"author":{"name":"redazione","@id":"https:\/\/www.bellunopress.it\/#\/schema\/person\/79bb06722b37ece1c03d3e94beb30d73"},"headline":"Blitz a Cortina. Lega e Pdl confermano la linea politica di condanna verso gli onesti, per salvare i furbi","datePublished":"2012-01-05T21:01:02+00:00","mainEntityOfPage":{"@id":"https:\/\/www.bellunopress.it\/2012\/01\/05\/blitz-a-cortina-lega-e-pdl-confermano-la-linea-politica-di-condanna-verso-gli-onesti-per-salvare-i-furbi\/"},"wordCount":308,"publisher":{"@id":"https:\/\/www.bellunopress.it\/#organization"},"articleSection":["Cronaca\/Politica","Lettere Opinioni","Prima Pagina"],"inLanguage":"fr-FR"},{"@type":"WebPage","@id":"https:\/\/www.bellunopress.it\/2012\/01\/05\/blitz-a-cortina-lega-e-pdl-confermano-la-linea-politica-di-condanna-verso-gli-onesti-per-salvare-i-furbi\/","url":"https:\/\/www.bellunopress.it\/2012\/01\/05\/blitz-a-cortina-lega-e-pdl-confermano-la-linea-politica-di-condanna-verso-gli-onesti-per-salvare-i-furbi\/","name":"Blitz a Cortina. Lega e Pdl confermano la linea politica di condanna verso gli onesti, per salvare i furbi - Bellunopress - Dolomiti","isPartOf":{"@id":"https:\/\/www.bellunopress.it\/#website"},"datePublished":"2012-01-05T21:01:02+00:00","breadcrumb":{"@id":"https:\/\/www.bellunopress.it\/2012\/01\/05\/blitz-a-cortina-lega-e-pdl-confermano-la-linea-politica-di-condanna-verso-gli-onesti-per-salvare-i-furbi\/#breadcrumb"},"inLanguage":"fr-FR","potentialAction":[{"@type":"ReadAction","target":["https:\/\/www.bellunopress.it\/2012\/01\/05\/blitz-a-cortina-lega-e-pdl-confermano-la-linea-politica-di-condanna-verso-gli-onesti-per-salvare-i-furbi\/"]}]},{"@type":"BreadcrumbList","@id":"https:\/\/www.bellunopress.it\/2012\/01\/05\/blitz-a-cortina-lega-e-pdl-confermano-la-linea-politica-di-condanna-verso-gli-onesti-per-salvare-i-furbi\/#breadcrumb","itemListElement":[{"@type":"ListItem","position":1,"name":"Home","item":"https:\/\/www.bellunopress.it\/"},{"@type":"ListItem","position":2,"name":"Blitz a Cortina. Lega e Pdl confermano la linea politica di condanna verso gli onesti, per salvare i furbi"}]},{"@type":"WebSite","@id":"https:\/\/www.bellunopress.it\/#website","url":"https:\/\/www.bellunopress.it\/","name":"Bellunopress - Dolomiti","description":"e-mail: redazione@bellunopress.it","publisher":{"@id":"https:\/\/www.bellunopress.it\/#organization"},"potentialAction":[{"@type":"SearchAction","target":{"@type":"EntryPoint","urlTemplate":"https:\/\/www.bellunopress.it\/?s={search_term_string}"},"query-input":{"@type":"PropertyValueSpecification","valueRequired":true,"valueName":"search_term_string"}}],"inLanguage":"fr-FR"},{"@type":"Organization","@id":"https:\/\/www.bellunopress.it\/#organization","name":"Bellunopress","url":"https:\/\/www.bellunopress.it\/","logo":{"@type":"ImageObject","inLanguage":"fr-FR","@id":"https:\/\/www.bellunopress.it\/#\/schema\/logo\/image\/","url":"https:\/\/www.bellunopress.it\/wp-content\/uploads\/2011\/05\/cropped-logo-bellunopress-.jpg","contentUrl":"https:\/\/www.bellunopress.it\/wp-content\/uploads\/2011\/05\/cropped-logo-bellunopress-.jpg","width":512,"height":512,"caption":"Bellunopress"},"image":{"@id":"https:\/\/www.bellunopress.it\/#\/schema\/logo\/image\/"},"sameAs":["https:\/\/www.facebook.com\/profile.php?id=100008943462799","https:\/\/x.com\/bellunopress","https:\/\/www.linkedin.com\/hp\/?dnr=JBzUWaJfMUw8vbXJJ2tVW5-I3jZKvC4wsoxE&amp;amp;amp;amp;amp;amp;trk=nav_responsive_tab_home","https:\/\/www.youtube.com\/channel\/UCxL0wu1uN0_3_7hGG0306cw"]},{"@type":"Person","@id":"https:\/\/www.bellunopress.it\/#\/schema\/person\/79bb06722b37ece1c03d3e94beb30d73","name":"r\u00e9daction","image":{"@type":"ImageObject","inLanguage":"fr-FR","@id":"https:\/\/secure.gravatar.com\/avatar\/37d968a2e67a6fd04c169c4bdef102d0bc5d31b2546345219e348575eb80e9a0?s=96&d=mm&r=g","url":"https:\/\/secure.gravatar.com\/avatar\/37d968a2e67a6fd04c169c4bdef102d0bc5d31b2546345219e348575eb80e9a0?s=96&d=mm&r=g","contentUrl":"https:\/\/secure.gravatar.com\/avatar\/37d968a2e67a6fd04c169c4bdef102d0bc5d31b2546345219e348575eb80e9a0?s=96&d=mm&r=g","caption":"redazione"},"sameAs":["http:\/\/www.bellunopress.it","https:\/\/x.com\/bellunopress"],"url":"https:\/\/www.bellunopress.it\/fr\/author\/redazione\/"}]}},"_links":{"self":[{"href":"https:\/\/www.bellunopress.it\/fr\/wp-json\/wp\/v2\/posts\/33943","targetHints":{"allow":["GET"]}}],"collection":[{"href":"https:\/\/www.bellunopress.it\/fr\/wp-json\/wp\/v2\/posts"}],"about":[{"href":"https:\/\/www.bellunopress.it\/fr\/wp-json\/wp\/v2\/types\/post"}],"author":[{"embeddable":true,"href":"https:\/\/www.bellunopress.it\/fr\/wp-json\/wp\/v2\/users\/2"}],"replies":[{"embeddable":true,"href":"https:\/\/www.bellunopress.it\/fr\/wp-json\/wp\/v2\/comments?post=33943"}],"version-history":[{"count":1,"href":"https:\/\/www.bellunopress.it\/fr\/wp-json\/wp\/v2\/posts\/33943\/revisions"}],"predecessor-version":[{"id":33944,"href":"https:\/\/www.bellunopress.it\/fr\/wp-json\/wp\/v2\/posts\/33943\/revisions\/33944"}],"wp:attachment":[{"href":"https:\/\/www.bellunopress.it\/fr\/wp-json\/wp\/v2\/media?parent=33943"}],"wp:term":[{"taxonomy":"category","embeddable":true,"href":"https:\/\/www.bellunopress.it\/fr\/wp-json\/wp\/v2\/categories?post=33943"},{"taxonomy":"post_tag","embeddable":true,"href":"https:\/\/www.bellunopress.it\/fr\/wp-json\/wp\/v2\/tags?post=33943"}],"curies":[{"name":"wp","href":"https:\/\/api.w.org\/{rel}","templated":true}]}}