{"id":33940,"date":"2012-01-05T21:48:11","date_gmt":"2012-01-05T20:48:11","guid":{"rendered":"http:\/\/www.bellunopress.it\/?p=33940"},"modified":"2012-01-05T21:48:11","modified_gmt":"2012-01-05T20:48:11","slug":"tib-teatro-in-prima-serata-tv-con-io-ti-prendo-per-mano-di-daniela-nicosia","status":"publish","type":"post","link":"https:\/\/www.bellunopress.it\/fr\/2012\/01\/05\/tib-teatro-in-prima-serata-tv-con-io-ti-prendo-per-mano-di-daniela-nicosia\/","title":{"rendered":"Tib Teatro in prima serata tv con &#8220;Io ti prendo per mano&#8221; di Daniela Nicosia"},"content":{"rendered":"<p>Dopo Glauco Mauri, Ottavia Piccolo, Pippo Delbono, solo per citarne alcuni, \u00e8 ora la volta di Daniela Nicosia in prima serata davanti alle telecamere di TV2000. La versione integrale dello spettacolo Io ti prendo per mano, opera vincitrice del Festival \u201cI teatri del sacro\u201d, sar\u00e0 trasmessa luned\u00ec 9 gennaio in prima serata, alle ore 21.20 nella programmazione Il luned\u00ec: Teatro! di Retroscena, unico esempio di trasmissione televisiva veramente dedicata al teatro.<\/p>\n<figure id=\"attachment_24068\" aria-describedby=\"caption-attachment-24068\" style=\"width: 280px\" class=\"wp-caption alignleft\"><a href=\"http:\/\/www.bellunopress.it\/wp-content\/uploads\/2011\/02\/daniela-nicosia-280x280.jpg\"><img loading=\"lazy\" decoding=\"async\" class=\"size-full wp-image-24068\" title=\"daniela nicosia 280x280\" src=\"http:\/\/www.bellunopress.it\/wp-content\/uploads\/2011\/02\/daniela-nicosia-280x280.jpg\" alt=\"\" width=\"280\" height=\"279\" srcset=\"https:\/\/www.bellunopress.it\/wp-content\/uploads\/2011\/02\/daniela-nicosia-280x280.jpg 280w, https:\/\/www.bellunopress.it\/wp-content\/uploads\/2011\/02\/daniela-nicosia-280x280-150x150.jpg 150w\" sizes=\"auto, (max-width: 280px) 100vw, 280px\" \/><\/a><figcaption id=\"caption-attachment-24068\" class=\"wp-caption-text\">Daniela Nicosia<\/figcaption><\/figure>\n<p>Lo spettacolo di Daniela Nicosia, creazione interamente bellunese, diventa ora una produzione televisiva nazionale, offrendo una nuova e bella occasione di visibilit\u00e0 all\u2019ingegno e alle maestranze del nostro territorio. Lo spettacolo Io ti prendo per mano, \u00e8 stato allestito grazie al prezioso lavoro di artisti e manodopera locale, artigiani e tecnici, insieme a quelle imprese \u2013 sartorie, falegnamerie, tipografie, ecc &#8211; che hanno accompagnato la realizzazione di questa nuova produzione teatrale di Tib, con un\u2019evidente ricaduta, non solo culturale, ma anche economica per tutto il territorio. \u00a0 Un\u2019opera coraggiosa, Io ti prendo per mano, in cui la registra e drammaturga Daniela Nicosia affronta la madre di tutti i tab\u00f9 della societ\u00e0 contemporanea: quello della morte. L\u2019obiettivo: mostrare le straordinarie opportunit\u00e0 di verit\u00e0 e vitalit\u00e0 che l\u2019avvicinarsi alla propria fine, la malattia e la sofferenza possono offrire a chi queste esperienze non le rimuove, non le nega a se stesso e alle persone care e riesce a prendere per mano e a vivere\u2026 il morire! La visione sar\u00e0 introdotta da una recensione a cura di Fabrizio Fiaschini, Direttore Artistico de \u201cI teatri del sacro\u201d. \u00a0 Belluno, dunque, si afferma sempre pi\u00f9 come una tra le citt\u00e0 protagoniste nel panorama teatrale italiano, dopo il Premio Nazionale della Critica consegnato a Daniela Nicosia, al Premio \u201cMiglior Attrice\u201d assegnato a Vania Bortot, quello di \u201cMiglior Spettacolo\u201d assegnato a La favola di Orfeo, la partecipazione alla Biennale del Teatro a Venezia con l\u2019amatissima produzione Polvere, ovvero la Storia del Teatro, e i riconoscimenti dell\u2019operato culturale sul territorio che hanno portato Labros Mangheras \u2013 Presidente di Tib Teatro &#8211; ad essere eletto Presidente della PPTV (Produttori Professionali Teatrali Veneti), membro del Direttivo Nazionale e Coordinatore Regionale dell\u2019ANCRIT-AGIS (Associazione Nazionale Compagnie Residenze Teatrali) e a portare la testimonianza del virtuoso risultato raggiunto da Tib Teatro in prestigiose sedi istituzionali quali quelle realizzate dalla Fondazione Fitzcarraldo di Torino. \u00a0 Non ultimo il successo delle tourn\u00e8e degli spettacoli prodotti da Tib su tutto il territorio nazionale, dallo spettacolo Galileo ospitato in rilevanti cartelloni di Prosa di citt\u00e0 quali Bologna, Trieste, Bolzano, Padova e Brescia &#8211; che a febbraio potremo vedere al Comunale di Belluno (sabato 11 e domenica 12 febbraio) &#8211; , alle altre 5 produzioni che in questi mesi registrano importanti successi di pubblico e critica nei palcoscenici italiani, l\u2019appuntamento pi\u00f9 vicino \u00e8 con Ulisse in scena l\u20198 gennaio a Ferrara nella Stagione del Teatro Comunale.<\/p>","protected":false},"excerpt":{"rendered":"<p>Dopo Glauco Mauri, Ottavia Piccolo, Pippo Delbono, solo per citarne alcuni, \u00e8 ora la volta di Daniela Nicosia in prima serata davanti alle telecamere di TV2000. La versione integrale dello spettacolo Io ti prendo per mano, opera vincitrice del Festival \u201cI teatri del sacro\u201d, sar\u00e0 trasmessa luned\u00ec 9 gennaio in prima serata, alle ore 21.20 [&hellip;]<\/p>\n","protected":false},"author":2,"featured_media":0,"comment_status":"closed","ping_status":"open","sticky":false,"template":"","format":"standard","meta":{"footnotes":""},"categories":[27,3,25],"tags":[],"class_list":["post-33940","post","type-post","status-publish","format-standard","category-appuntamenti","category-arte-cultura-spettacoli-scienza-archivi","category-pausa-caffe"],"yoast_head":"<!-- This site is optimized with the Yoast SEO plugin v28.4 - https:\/\/yoast.com\/product\/yoast-seo-wordpress\/ -->\n<title>Tib Teatro in prima serata tv con &quot;Io ti prendo per mano&quot; di Daniela Nicosia      - Bellunopress - Dolomiti<\/title>\n<meta name=\"robots\" content=\"index, follow, max-snippet:-1, max-image-preview:large, max-video-preview:-1\" \/>\n<link rel=\"canonical\" href=\"https:\/\/www.bellunopress.it\/fr\/2012\/01\/05\/tib-teatro-in-prima-serata-tv-con-io-ti-prendo-per-mano-di-daniela-nicosia\/\" \/>\n<meta property=\"og:locale\" content=\"fr_FR\" \/>\n<meta property=\"og:type\" content=\"article\" \/>\n<meta property=\"og:title\" content=\"Tib Teatro in prima serata tv con &quot;Io ti prendo per mano&quot; di Daniela Nicosia      - Bellunopress - Dolomiti\" \/>\n<meta property=\"og:description\" content=\"Dopo Glauco Mauri, Ottavia Piccolo, Pippo Delbono, solo per citarne alcuni, \u00e8 ora la volta di Daniela Nicosia in prima serata davanti alle telecamere di TV2000. La versione integrale dello spettacolo Io ti prendo per mano, opera vincitrice del Festival \u201cI teatri del sacro\u201d, sar\u00e0 trasmessa luned\u00ec 9 gennaio in prima serata, alle ore 21.20 [&hellip;]\" \/>\n<meta property=\"og:url\" content=\"https:\/\/www.bellunopress.it\/fr\/2012\/01\/05\/tib-teatro-in-prima-serata-tv-con-io-ti-prendo-per-mano-di-daniela-nicosia\/\" \/>\n<meta property=\"og:site_name\" content=\"Bellunopress - Dolomiti\" \/>\n<meta property=\"article:publisher\" content=\"https:\/\/www.facebook.com\/profile.php?id=100008943462799\" \/>\n<meta property=\"article:published_time\" content=\"2012-01-05T20:48:11+00:00\" \/>\n<meta property=\"og:image\" content=\"http:\/\/www.bellunopress.it\/wp-content\/uploads\/2011\/02\/daniela-nicosia-280x280.jpg\" \/>\n<meta name=\"author\" content=\"redazione\" \/>\n<meta name=\"twitter:card\" content=\"summary_large_image\" \/>\n<meta name=\"twitter:creator\" content=\"@bellunopress\" \/>\n<meta name=\"twitter:site\" content=\"@bellunopress\" \/>\n<meta name=\"twitter:label1\" content=\"Written by\" \/>\n\t<meta name=\"twitter:data1\" content=\"redazione\" \/>\n\t<meta name=\"twitter:label2\" content=\"Est. reading time\" \/>\n\t<meta name=\"twitter:data2\" content=\"2 minutes\" \/>\n<script type=\"application\/ld+json\" class=\"yoast-schema-graph\">{\"@context\":\"https:\\\/\\\/schema.org\",\"@graph\":[{\"@type\":\"Article\",\"@id\":\"https:\\\/\\\/www.bellunopress.it\\\/2012\\\/01\\\/05\\\/tib-teatro-in-prima-serata-tv-con-io-ti-prendo-per-mano-di-daniela-nicosia\\\/#article\",\"isPartOf\":{\"@id\":\"https:\\\/\\\/www.bellunopress.it\\\/2012\\\/01\\\/05\\\/tib-teatro-in-prima-serata-tv-con-io-ti-prendo-per-mano-di-daniela-nicosia\\\/\"},\"author\":{\"name\":\"redazione\",\"@id\":\"https:\\\/\\\/www.bellunopress.it\\\/#\\\/schema\\\/person\\\/79bb06722b37ece1c03d3e94beb30d73\"},\"headline\":\"Tib Teatro in prima serata tv con &#8220;Io ti prendo per mano&#8221; di Daniela Nicosia\",\"datePublished\":\"2012-01-05T20:48:11+00:00\",\"mainEntityOfPage\":{\"@id\":\"https:\\\/\\\/www.bellunopress.it\\\/2012\\\/01\\\/05\\\/tib-teatro-in-prima-serata-tv-con-io-ti-prendo-per-mano-di-daniela-nicosia\\\/\"},\"wordCount\":490,\"publisher\":{\"@id\":\"https:\\\/\\\/www.bellunopress.it\\\/#organization\"},\"image\":{\"@id\":\"https:\\\/\\\/www.bellunopress.it\\\/2012\\\/01\\\/05\\\/tib-teatro-in-prima-serata-tv-con-io-ti-prendo-per-mano-di-daniela-nicosia\\\/#primaryimage\"},\"thumbnailUrl\":\"http:\\\/\\\/www.bellunopress.it\\\/wp-content\\\/uploads\\\/2011\\\/02\\\/daniela-nicosia-280x280.jpg\",\"articleSection\":[\"Appuntamenti, Eventi\",\"Arte, Cultura, Spettacoli, Scienza\",\"Pausa Caff\u00e8\"],\"inLanguage\":\"fr-FR\"},{\"@type\":\"WebPage\",\"@id\":\"https:\\\/\\\/www.bellunopress.it\\\/2012\\\/01\\\/05\\\/tib-teatro-in-prima-serata-tv-con-io-ti-prendo-per-mano-di-daniela-nicosia\\\/\",\"url\":\"https:\\\/\\\/www.bellunopress.it\\\/2012\\\/01\\\/05\\\/tib-teatro-in-prima-serata-tv-con-io-ti-prendo-per-mano-di-daniela-nicosia\\\/\",\"name\":\"Tib Teatro in prima serata tv con \\\"Io ti prendo per mano\\\" di Daniela Nicosia - Bellunopress - Dolomiti\",\"isPartOf\":{\"@id\":\"https:\\\/\\\/www.bellunopress.it\\\/#website\"},\"primaryImageOfPage\":{\"@id\":\"https:\\\/\\\/www.bellunopress.it\\\/2012\\\/01\\\/05\\\/tib-teatro-in-prima-serata-tv-con-io-ti-prendo-per-mano-di-daniela-nicosia\\\/#primaryimage\"},\"image\":{\"@id\":\"https:\\\/\\\/www.bellunopress.it\\\/2012\\\/01\\\/05\\\/tib-teatro-in-prima-serata-tv-con-io-ti-prendo-per-mano-di-daniela-nicosia\\\/#primaryimage\"},\"thumbnailUrl\":\"http:\\\/\\\/www.bellunopress.it\\\/wp-content\\\/uploads\\\/2011\\\/02\\\/daniela-nicosia-280x280.jpg\",\"datePublished\":\"2012-01-05T20:48:11+00:00\",\"breadcrumb\":{\"@id\":\"https:\\\/\\\/www.bellunopress.it\\\/2012\\\/01\\\/05\\\/tib-teatro-in-prima-serata-tv-con-io-ti-prendo-per-mano-di-daniela-nicosia\\\/#breadcrumb\"},\"inLanguage\":\"fr-FR\",\"potentialAction\":[{\"@type\":\"ReadAction\",\"target\":[\"https:\\\/\\\/www.bellunopress.it\\\/2012\\\/01\\\/05\\\/tib-teatro-in-prima-serata-tv-con-io-ti-prendo-per-mano-di-daniela-nicosia\\\/\"]}]},{\"@type\":\"ImageObject\",\"inLanguage\":\"fr-FR\",\"@id\":\"https:\\\/\\\/www.bellunopress.it\\\/2012\\\/01\\\/05\\\/tib-teatro-in-prima-serata-tv-con-io-ti-prendo-per-mano-di-daniela-nicosia\\\/#primaryimage\",\"url\":\"http:\\\/\\\/www.bellunopress.it\\\/wp-content\\\/uploads\\\/2011\\\/02\\\/daniela-nicosia-280x280.jpg\",\"contentUrl\":\"http:\\\/\\\/www.bellunopress.it\\\/wp-content\\\/uploads\\\/2011\\\/02\\\/daniela-nicosia-280x280.jpg\"},{\"@type\":\"BreadcrumbList\",\"@id\":\"https:\\\/\\\/www.bellunopress.it\\\/2012\\\/01\\\/05\\\/tib-teatro-in-prima-serata-tv-con-io-ti-prendo-per-mano-di-daniela-nicosia\\\/#breadcrumb\",\"itemListElement\":[{\"@type\":\"ListItem\",\"position\":1,\"name\":\"Home\",\"item\":\"https:\\\/\\\/www.bellunopress.it\\\/\"},{\"@type\":\"ListItem\",\"position\":2,\"name\":\"Tib Teatro in prima serata tv con &#8220;Io ti prendo per mano&#8221; di Daniela Nicosia\"}]},{\"@type\":\"WebSite\",\"@id\":\"https:\\\/\\\/www.bellunopress.it\\\/#website\",\"url\":\"https:\\\/\\\/www.bellunopress.it\\\/\",\"name\":\"Bellunopress - Dolomiti\",\"description\":\"e-mail: redazione@bellunopress.it\",\"publisher\":{\"@id\":\"https:\\\/\\\/www.bellunopress.it\\\/#organization\"},\"potentialAction\":[{\"@type\":\"SearchAction\",\"target\":{\"@type\":\"EntryPoint\",\"urlTemplate\":\"https:\\\/\\\/www.bellunopress.it\\\/?s={search_term_string}\"},\"query-input\":{\"@type\":\"PropertyValueSpecification\",\"valueRequired\":true,\"valueName\":\"search_term_string\"}}],\"inLanguage\":\"fr-FR\"},{\"@type\":\"Organization\",\"@id\":\"https:\\\/\\\/www.bellunopress.it\\\/#organization\",\"name\":\"Bellunopress\",\"url\":\"https:\\\/\\\/www.bellunopress.it\\\/\",\"logo\":{\"@type\":\"ImageObject\",\"inLanguage\":\"fr-FR\",\"@id\":\"https:\\\/\\\/www.bellunopress.it\\\/#\\\/schema\\\/logo\\\/image\\\/\",\"url\":\"https:\\\/\\\/www.bellunopress.it\\\/wp-content\\\/uploads\\\/2011\\\/05\\\/cropped-logo-bellunopress-.jpg\",\"contentUrl\":\"https:\\\/\\\/www.bellunopress.it\\\/wp-content\\\/uploads\\\/2011\\\/05\\\/cropped-logo-bellunopress-.jpg\",\"width\":512,\"height\":512,\"caption\":\"Bellunopress\"},\"image\":{\"@id\":\"https:\\\/\\\/www.bellunopress.it\\\/#\\\/schema\\\/logo\\\/image\\\/\"},\"sameAs\":[\"https:\\\/\\\/www.facebook.com\\\/profile.php?id=100008943462799\",\"https:\\\/\\\/x.com\\\/bellunopress\",\"https:\\\/\\\/www.linkedin.com\\\/hp\\\/?dnr=JBzUWaJfMUw8vbXJJ2tVW5-I3jZKvC4wsoxE&amp;amp;amp;amp;amp;amp;trk=nav_responsive_tab_home\",\"https:\\\/\\\/www.youtube.com\\\/channel\\\/UCxL0wu1uN0_3_7hGG0306cw\"]},{\"@type\":\"Person\",\"@id\":\"https:\\\/\\\/www.bellunopress.it\\\/#\\\/schema\\\/person\\\/79bb06722b37ece1c03d3e94beb30d73\",\"name\":\"redazione\",\"image\":{\"@type\":\"ImageObject\",\"inLanguage\":\"fr-FR\",\"@id\":\"https:\\\/\\\/secure.gravatar.com\\\/avatar\\\/37d968a2e67a6fd04c169c4bdef102d0bc5d31b2546345219e348575eb80e9a0?s=96&d=mm&r=g\",\"url\":\"https:\\\/\\\/secure.gravatar.com\\\/avatar\\\/37d968a2e67a6fd04c169c4bdef102d0bc5d31b2546345219e348575eb80e9a0?s=96&d=mm&r=g\",\"contentUrl\":\"https:\\\/\\\/secure.gravatar.com\\\/avatar\\\/37d968a2e67a6fd04c169c4bdef102d0bc5d31b2546345219e348575eb80e9a0?s=96&d=mm&r=g\",\"caption\":\"redazione\"},\"sameAs\":[\"http:\\\/\\\/www.bellunopress.it\",\"https:\\\/\\\/x.com\\\/bellunopress\"],\"url\":\"https:\\\/\\\/www.bellunopress.it\\\/fr\\\/author\\\/redazione\\\/\"}]}<\/script>\n<!-- \/ Yoast SEO plugin. -->","yoast_head_json":{"title":"Tib Teatro in prima serata tv con \"Io ti prendo per mano\" di Daniela Nicosia      - Bellunopress - Dolomiti","robots":{"index":"index","follow":"follow","max-snippet":"max-snippet:-1","max-image-preview":"max-image-preview:large","max-video-preview":"max-video-preview:-1"},"canonical":"https:\/\/www.bellunopress.it\/fr\/2012\/01\/05\/tib-teatro-in-prima-serata-tv-con-io-ti-prendo-per-mano-di-daniela-nicosia\/","og_locale":"fr_FR","og_type":"article","og_title":"Tib Teatro in prima serata tv con \"Io ti prendo per mano\" di Daniela Nicosia      - Bellunopress - Dolomiti","og_description":"Dopo Glauco Mauri, Ottavia Piccolo, Pippo Delbono, solo per citarne alcuni, \u00e8 ora la volta di Daniela Nicosia in prima serata davanti alle telecamere di TV2000. La versione integrale dello spettacolo Io ti prendo per mano, opera vincitrice del Festival \u201cI teatri del sacro\u201d, sar\u00e0 trasmessa luned\u00ec 9 gennaio in prima serata, alle ore 21.20 [&hellip;]","og_url":"https:\/\/www.bellunopress.it\/fr\/2012\/01\/05\/tib-teatro-in-prima-serata-tv-con-io-ti-prendo-per-mano-di-daniela-nicosia\/","og_site_name":"Bellunopress - Dolomiti","article_publisher":"https:\/\/www.facebook.com\/profile.php?id=100008943462799","article_published_time":"2012-01-05T20:48:11+00:00","og_image":[{"url":"http:\/\/www.bellunopress.it\/wp-content\/uploads\/2011\/02\/daniela-nicosia-280x280.jpg","type":"","width":"","height":""}],"author":"redazione","twitter_card":"summary_large_image","twitter_creator":"@bellunopress","twitter_site":"@bellunopress","twitter_misc":{"Written by":"redazione","Est. reading time":"2 minutes"},"schema":{"@context":"https:\/\/schema.org","@graph":[{"@type":"Article","@id":"https:\/\/www.bellunopress.it\/2012\/01\/05\/tib-teatro-in-prima-serata-tv-con-io-ti-prendo-per-mano-di-daniela-nicosia\/#article","isPartOf":{"@id":"https:\/\/www.bellunopress.it\/2012\/01\/05\/tib-teatro-in-prima-serata-tv-con-io-ti-prendo-per-mano-di-daniela-nicosia\/"},"author":{"name":"redazione","@id":"https:\/\/www.bellunopress.it\/#\/schema\/person\/79bb06722b37ece1c03d3e94beb30d73"},"headline":"Tib Teatro in prima serata tv con &#8220;Io ti prendo per mano&#8221; di Daniela Nicosia","datePublished":"2012-01-05T20:48:11+00:00","mainEntityOfPage":{"@id":"https:\/\/www.bellunopress.it\/2012\/01\/05\/tib-teatro-in-prima-serata-tv-con-io-ti-prendo-per-mano-di-daniela-nicosia\/"},"wordCount":490,"publisher":{"@id":"https:\/\/www.bellunopress.it\/#organization"},"image":{"@id":"https:\/\/www.bellunopress.it\/2012\/01\/05\/tib-teatro-in-prima-serata-tv-con-io-ti-prendo-per-mano-di-daniela-nicosia\/#primaryimage"},"thumbnailUrl":"http:\/\/www.bellunopress.it\/wp-content\/uploads\/2011\/02\/daniela-nicosia-280x280.jpg","articleSection":["Appuntamenti, Eventi","Arte, Cultura, Spettacoli, Scienza","Pausa Caff\u00e8"],"inLanguage":"fr-FR"},{"@type":"WebPage","@id":"https:\/\/www.bellunopress.it\/2012\/01\/05\/tib-teatro-in-prima-serata-tv-con-io-ti-prendo-per-mano-di-daniela-nicosia\/","url":"https:\/\/www.bellunopress.it\/2012\/01\/05\/tib-teatro-in-prima-serata-tv-con-io-ti-prendo-per-mano-di-daniela-nicosia\/","name":"Tib Teatro in prima serata tv con \"Io ti prendo per mano\" di Daniela Nicosia - Bellunopress - Dolomiti","isPartOf":{"@id":"https:\/\/www.bellunopress.it\/#website"},"primaryImageOfPage":{"@id":"https:\/\/www.bellunopress.it\/2012\/01\/05\/tib-teatro-in-prima-serata-tv-con-io-ti-prendo-per-mano-di-daniela-nicosia\/#primaryimage"},"image":{"@id":"https:\/\/www.bellunopress.it\/2012\/01\/05\/tib-teatro-in-prima-serata-tv-con-io-ti-prendo-per-mano-di-daniela-nicosia\/#primaryimage"},"thumbnailUrl":"http:\/\/www.bellunopress.it\/wp-content\/uploads\/2011\/02\/daniela-nicosia-280x280.jpg","datePublished":"2012-01-05T20:48:11+00:00","breadcrumb":{"@id":"https:\/\/www.bellunopress.it\/2012\/01\/05\/tib-teatro-in-prima-serata-tv-con-io-ti-prendo-per-mano-di-daniela-nicosia\/#breadcrumb"},"inLanguage":"fr-FR","potentialAction":[{"@type":"ReadAction","target":["https:\/\/www.bellunopress.it\/2012\/01\/05\/tib-teatro-in-prima-serata-tv-con-io-ti-prendo-per-mano-di-daniela-nicosia\/"]}]},{"@type":"ImageObject","inLanguage":"fr-FR","@id":"https:\/\/www.bellunopress.it\/2012\/01\/05\/tib-teatro-in-prima-serata-tv-con-io-ti-prendo-per-mano-di-daniela-nicosia\/#primaryimage","url":"http:\/\/www.bellunopress.it\/wp-content\/uploads\/2011\/02\/daniela-nicosia-280x280.jpg","contentUrl":"http:\/\/www.bellunopress.it\/wp-content\/uploads\/2011\/02\/daniela-nicosia-280x280.jpg"},{"@type":"BreadcrumbList","@id":"https:\/\/www.bellunopress.it\/2012\/01\/05\/tib-teatro-in-prima-serata-tv-con-io-ti-prendo-per-mano-di-daniela-nicosia\/#breadcrumb","itemListElement":[{"@type":"ListItem","position":1,"name":"Home","item":"https:\/\/www.bellunopress.it\/"},{"@type":"ListItem","position":2,"name":"Tib Teatro in prima serata tv con &#8220;Io ti prendo per mano&#8221; di Daniela Nicosia"}]},{"@type":"WebSite","@id":"https:\/\/www.bellunopress.it\/#website","url":"https:\/\/www.bellunopress.it\/","name":"Bellunopress - Dolomiti","description":"e-mail: redazione@bellunopress.it","publisher":{"@id":"https:\/\/www.bellunopress.it\/#organization"},"potentialAction":[{"@type":"SearchAction","target":{"@type":"EntryPoint","urlTemplate":"https:\/\/www.bellunopress.it\/?s={search_term_string}"},"query-input":{"@type":"PropertyValueSpecification","valueRequired":true,"valueName":"search_term_string"}}],"inLanguage":"fr-FR"},{"@type":"Organization","@id":"https:\/\/www.bellunopress.it\/#organization","name":"Bellunopress","url":"https:\/\/www.bellunopress.it\/","logo":{"@type":"ImageObject","inLanguage":"fr-FR","@id":"https:\/\/www.bellunopress.it\/#\/schema\/logo\/image\/","url":"https:\/\/www.bellunopress.it\/wp-content\/uploads\/2011\/05\/cropped-logo-bellunopress-.jpg","contentUrl":"https:\/\/www.bellunopress.it\/wp-content\/uploads\/2011\/05\/cropped-logo-bellunopress-.jpg","width":512,"height":512,"caption":"Bellunopress"},"image":{"@id":"https:\/\/www.bellunopress.it\/#\/schema\/logo\/image\/"},"sameAs":["https:\/\/www.facebook.com\/profile.php?id=100008943462799","https:\/\/x.com\/bellunopress","https:\/\/www.linkedin.com\/hp\/?dnr=JBzUWaJfMUw8vbXJJ2tVW5-I3jZKvC4wsoxE&amp;amp;amp;amp;amp;amp;trk=nav_responsive_tab_home","https:\/\/www.youtube.com\/channel\/UCxL0wu1uN0_3_7hGG0306cw"]},{"@type":"Person","@id":"https:\/\/www.bellunopress.it\/#\/schema\/person\/79bb06722b37ece1c03d3e94beb30d73","name":"r\u00e9daction","image":{"@type":"ImageObject","inLanguage":"fr-FR","@id":"https:\/\/secure.gravatar.com\/avatar\/37d968a2e67a6fd04c169c4bdef102d0bc5d31b2546345219e348575eb80e9a0?s=96&d=mm&r=g","url":"https:\/\/secure.gravatar.com\/avatar\/37d968a2e67a6fd04c169c4bdef102d0bc5d31b2546345219e348575eb80e9a0?s=96&d=mm&r=g","contentUrl":"https:\/\/secure.gravatar.com\/avatar\/37d968a2e67a6fd04c169c4bdef102d0bc5d31b2546345219e348575eb80e9a0?s=96&d=mm&r=g","caption":"redazione"},"sameAs":["http:\/\/www.bellunopress.it","https:\/\/x.com\/bellunopress"],"url":"https:\/\/www.bellunopress.it\/fr\/author\/redazione\/"}]}},"_links":{"self":[{"href":"https:\/\/www.bellunopress.it\/fr\/wp-json\/wp\/v2\/posts\/33940","targetHints":{"allow":["GET"]}}],"collection":[{"href":"https:\/\/www.bellunopress.it\/fr\/wp-json\/wp\/v2\/posts"}],"about":[{"href":"https:\/\/www.bellunopress.it\/fr\/wp-json\/wp\/v2\/types\/post"}],"author":[{"embeddable":true,"href":"https:\/\/www.bellunopress.it\/fr\/wp-json\/wp\/v2\/users\/2"}],"replies":[{"embeddable":true,"href":"https:\/\/www.bellunopress.it\/fr\/wp-json\/wp\/v2\/comments?post=33940"}],"version-history":[{"count":1,"href":"https:\/\/www.bellunopress.it\/fr\/wp-json\/wp\/v2\/posts\/33940\/revisions"}],"predecessor-version":[{"id":33941,"href":"https:\/\/www.bellunopress.it\/fr\/wp-json\/wp\/v2\/posts\/33940\/revisions\/33941"}],"wp:attachment":[{"href":"https:\/\/www.bellunopress.it\/fr\/wp-json\/wp\/v2\/media?parent=33940"}],"wp:term":[{"taxonomy":"category","embeddable":true,"href":"https:\/\/www.bellunopress.it\/fr\/wp-json\/wp\/v2\/categories?post=33940"},{"taxonomy":"post_tag","embeddable":true,"href":"https:\/\/www.bellunopress.it\/fr\/wp-json\/wp\/v2\/tags?post=33940"}],"curies":[{"name":"wp","href":"https:\/\/api.w.org\/{rel}","templated":true}]}}