{"id":33931,"date":"2012-01-05T21:20:13","date_gmt":"2012-01-05T20:20:13","guid":{"rendered":"http:\/\/www.bellunopress.it\/?p=33931"},"modified":"2012-01-05T21:22:03","modified_gmt":"2012-01-05T20:22:03","slug":"rinviate-la-ciaspalpago-e-la-ciaspegada-del-nevegal-in-programma-questo-weekend","status":"publish","type":"post","link":"https:\/\/www.bellunopress.it\/fr\/2012\/01\/05\/rinviate-la-ciaspalpago-e-la-ciaspegada-del-nevegal-in-programma-questo-weekend\/","title":{"rendered":"Rinviate la CiaspAlpago e la Ciaspegada del Nevegal in programma questo weekend"},"content":{"rendered":"<p><a href=\"http:\/\/www.bellunopress.it\/wp-content\/uploads\/2012\/01\/ciaspe.jpg\"><img loading=\"lazy\" decoding=\"async\" class=\"alignleft size-full wp-image-33932\" title=\"ciaspe\" src=\"http:\/\/www.bellunopress.it\/wp-content\/uploads\/2012\/01\/ciaspe.jpg\" alt=\"\" width=\"140\" height=\"139\" \/><\/a>La mancanza di neve ha costretto gli organizzatori della 7^\u00a0 CiaspAlpago e della\u00a0 5^ Ciaspegada del Nevegal al rinvio delle due manifestazioni. Per la gara alpagota di Malga Mezzomiglio la data del recupero \u00e8 fissata in\u00a0 Domenica 29 gennaio con gli stessi orari e modi di iscrizione. Le iscrizioni gi\u00e0 pervenute (on line) rimarranno valide per il recupero del 29 gennaio. Il termine quindi delle iscrizioni on line \u00e8 Venerd\u00ec 27 gennaio entro le ore 19.00. .Info e Iscrizioni:Cell. +39.348.1435114. Fax +39.0437.46551. Mentre la competizione che si doveva disputare sul \u201ccolle\u201d bellunese in localit\u00e0 Pian longhi probabilmente verr\u00e0 recuperata domenica 5 febbraio. Organizza il G.S. Castionese . \u00a0Info: <a href=\"mailto:zampa.castionese@inwind.it\">zampa.castionese@inwind.it<\/a> &#8211; Enzo Bortot +39.3488235595.www.nevegalgo.it o <a href=\"http:\/\/www.ciaspatour.it\">www.ciaspatour.it<\/a>.<\/p>\n<p>&nbsp;<\/p>","protected":false},"excerpt":{"rendered":"<p>La mancanza di neve ha costretto gli organizzatori della 7^\u00a0 CiaspAlpago e della\u00a0 5^ Ciaspegada del Nevegal al rinvio delle due manifestazioni. Per la gara alpagota di Malga Mezzomiglio la data del recupero \u00e8 fissata in\u00a0 Domenica 29 gennaio con gli stessi orari e modi di iscrizione. Le iscrizioni gi\u00e0 pervenute (on line) rimarranno valide [&hellip;]<\/p>\n","protected":false},"author":2,"featured_media":0,"comment_status":"closed","ping_status":"open","sticky":false,"template":"","format":"standard","meta":{"footnotes":""},"categories":[26,4],"tags":[],"class_list":["post-33931","post","type-post","status-publish","format-standard","category-prima-pagina","category-sport"],"yoast_head":"<!-- This site is optimized with the Yoast SEO plugin v28.4 - https:\/\/yoast.com\/product\/yoast-seo-wordpress\/ -->\n<title>Rinviate la CiaspAlpago e la Ciaspegada del Nevegal in programma questo weekend - Bellunopress - Dolomiti<\/title>\n<meta name=\"robots\" content=\"index, follow, max-snippet:-1, max-image-preview:large, max-video-preview:-1\" \/>\n<link rel=\"canonical\" href=\"https:\/\/www.bellunopress.it\/fr\/2012\/01\/05\/rinviate-la-ciaspalpago-e-la-ciaspegada-del-nevegal-in-programma-questo-weekend\/\" \/>\n<meta property=\"og:locale\" content=\"fr_FR\" \/>\n<meta property=\"og:type\" content=\"article\" \/>\n<meta property=\"og:title\" content=\"Rinviate la CiaspAlpago e la Ciaspegada del Nevegal in programma questo weekend - Bellunopress - Dolomiti\" \/>\n<meta property=\"og:description\" content=\"La mancanza di neve ha costretto gli organizzatori della 7^\u00a0 CiaspAlpago e della\u00a0 5^ Ciaspegada del Nevegal al rinvio delle due manifestazioni. Per la gara alpagota di Malga Mezzomiglio la data del recupero \u00e8 fissata in\u00a0 Domenica 29 gennaio con gli stessi orari e modi di iscrizione. Le iscrizioni gi\u00e0 pervenute (on line) rimarranno valide [&hellip;]\" \/>\n<meta property=\"og:url\" content=\"https:\/\/www.bellunopress.it\/fr\/2012\/01\/05\/rinviate-la-ciaspalpago-e-la-ciaspegada-del-nevegal-in-programma-questo-weekend\/\" \/>\n<meta property=\"og:site_name\" content=\"Bellunopress - Dolomiti\" \/>\n<meta property=\"article:publisher\" content=\"https:\/\/www.facebook.com\/profile.php?id=100008943462799\" \/>\n<meta property=\"article:published_time\" content=\"2012-01-05T20:20:13+00:00\" \/>\n<meta property=\"article:modified_time\" content=\"2012-01-05T20:22:03+00:00\" \/>\n<meta property=\"og:image\" content=\"http:\/\/www.bellunopress.it\/wp-content\/uploads\/2012\/01\/ciaspe.jpg\" \/>\n<meta name=\"author\" content=\"redazione\" \/>\n<meta name=\"twitter:card\" content=\"summary_large_image\" \/>\n<meta name=\"twitter:creator\" content=\"@bellunopress\" \/>\n<meta name=\"twitter:site\" content=\"@bellunopress\" \/>\n<meta name=\"twitter:label1\" content=\"\u00c9crit par\" \/>\n\t<meta name=\"twitter:data1\" content=\"redazione\" \/>\n\t<meta name=\"twitter:label2\" content=\"Dur\u00e9e de lecture estim\u00e9e\" \/>\n\t<meta name=\"twitter:data2\" content=\"1 minute\" \/>\n<script type=\"application\/ld+json\" class=\"yoast-schema-graph\">{\"@context\":\"https:\\\/\\\/schema.org\",\"@graph\":[{\"@type\":\"Article\",\"@id\":\"https:\\\/\\\/www.bellunopress.it\\\/2012\\\/01\\\/05\\\/rinviate-la-ciaspalpago-e-la-ciaspegada-del-nevegal-in-programma-questo-weekend\\\/#article\",\"isPartOf\":{\"@id\":\"https:\\\/\\\/www.bellunopress.it\\\/2012\\\/01\\\/05\\\/rinviate-la-ciaspalpago-e-la-ciaspegada-del-nevegal-in-programma-questo-weekend\\\/\"},\"author\":{\"name\":\"redazione\",\"@id\":\"https:\\\/\\\/www.bellunopress.it\\\/#\\\/schema\\\/person\\\/79bb06722b37ece1c03d3e94beb30d73\"},\"headline\":\"Rinviate la CiaspAlpago e la Ciaspegada del Nevegal in programma questo weekend\",\"datePublished\":\"2012-01-05T20:20:13+00:00\",\"dateModified\":\"2012-01-05T20:22:03+00:00\",\"mainEntityOfPage\":{\"@id\":\"https:\\\/\\\/www.bellunopress.it\\\/2012\\\/01\\\/05\\\/rinviate-la-ciaspalpago-e-la-ciaspegada-del-nevegal-in-programma-questo-weekend\\\/\"},\"wordCount\":125,\"publisher\":{\"@id\":\"https:\\\/\\\/www.bellunopress.it\\\/#organization\"},\"image\":{\"@id\":\"https:\\\/\\\/www.bellunopress.it\\\/2012\\\/01\\\/05\\\/rinviate-la-ciaspalpago-e-la-ciaspegada-del-nevegal-in-programma-questo-weekend\\\/#primaryimage\"},\"thumbnailUrl\":\"http:\\\/\\\/www.bellunopress.it\\\/wp-content\\\/uploads\\\/2012\\\/01\\\/ciaspe.jpg\",\"articleSection\":[\"Prima Pagina\",\"Sport, tempo libero\"],\"inLanguage\":\"fr-FR\"},{\"@type\":\"WebPage\",\"@id\":\"https:\\\/\\\/www.bellunopress.it\\\/2012\\\/01\\\/05\\\/rinviate-la-ciaspalpago-e-la-ciaspegada-del-nevegal-in-programma-questo-weekend\\\/\",\"url\":\"https:\\\/\\\/www.bellunopress.it\\\/2012\\\/01\\\/05\\\/rinviate-la-ciaspalpago-e-la-ciaspegada-del-nevegal-in-programma-questo-weekend\\\/\",\"name\":\"Rinviate la CiaspAlpago e la Ciaspegada del Nevegal in programma questo weekend - Bellunopress - Dolomiti\",\"isPartOf\":{\"@id\":\"https:\\\/\\\/www.bellunopress.it\\\/#website\"},\"primaryImageOfPage\":{\"@id\":\"https:\\\/\\\/www.bellunopress.it\\\/2012\\\/01\\\/05\\\/rinviate-la-ciaspalpago-e-la-ciaspegada-del-nevegal-in-programma-questo-weekend\\\/#primaryimage\"},\"image\":{\"@id\":\"https:\\\/\\\/www.bellunopress.it\\\/2012\\\/01\\\/05\\\/rinviate-la-ciaspalpago-e-la-ciaspegada-del-nevegal-in-programma-questo-weekend\\\/#primaryimage\"},\"thumbnailUrl\":\"http:\\\/\\\/www.bellunopress.it\\\/wp-content\\\/uploads\\\/2012\\\/01\\\/ciaspe.jpg\",\"datePublished\":\"2012-01-05T20:20:13+00:00\",\"dateModified\":\"2012-01-05T20:22:03+00:00\",\"breadcrumb\":{\"@id\":\"https:\\\/\\\/www.bellunopress.it\\\/2012\\\/01\\\/05\\\/rinviate-la-ciaspalpago-e-la-ciaspegada-del-nevegal-in-programma-questo-weekend\\\/#breadcrumb\"},\"inLanguage\":\"fr-FR\",\"potentialAction\":[{\"@type\":\"ReadAction\",\"target\":[\"https:\\\/\\\/www.bellunopress.it\\\/2012\\\/01\\\/05\\\/rinviate-la-ciaspalpago-e-la-ciaspegada-del-nevegal-in-programma-questo-weekend\\\/\"]}]},{\"@type\":\"ImageObject\",\"inLanguage\":\"fr-FR\",\"@id\":\"https:\\\/\\\/www.bellunopress.it\\\/2012\\\/01\\\/05\\\/rinviate-la-ciaspalpago-e-la-ciaspegada-del-nevegal-in-programma-questo-weekend\\\/#primaryimage\",\"url\":\"http:\\\/\\\/www.bellunopress.it\\\/wp-content\\\/uploads\\\/2012\\\/01\\\/ciaspe.jpg\",\"contentUrl\":\"http:\\\/\\\/www.bellunopress.it\\\/wp-content\\\/uploads\\\/2012\\\/01\\\/ciaspe.jpg\"},{\"@type\":\"BreadcrumbList\",\"@id\":\"https:\\\/\\\/www.bellunopress.it\\\/2012\\\/01\\\/05\\\/rinviate-la-ciaspalpago-e-la-ciaspegada-del-nevegal-in-programma-questo-weekend\\\/#breadcrumb\",\"itemListElement\":[{\"@type\":\"ListItem\",\"position\":1,\"name\":\"Home\",\"item\":\"https:\\\/\\\/www.bellunopress.it\\\/\"},{\"@type\":\"ListItem\",\"position\":2,\"name\":\"Rinviate la CiaspAlpago e la Ciaspegada del Nevegal in programma questo weekend\"}]},{\"@type\":\"WebSite\",\"@id\":\"https:\\\/\\\/www.bellunopress.it\\\/#website\",\"url\":\"https:\\\/\\\/www.bellunopress.it\\\/\",\"name\":\"Bellunopress - Dolomiti\",\"description\":\"e-mail: redazione@bellunopress.it\",\"publisher\":{\"@id\":\"https:\\\/\\\/www.bellunopress.it\\\/#organization\"},\"potentialAction\":[{\"@type\":\"SearchAction\",\"target\":{\"@type\":\"EntryPoint\",\"urlTemplate\":\"https:\\\/\\\/www.bellunopress.it\\\/?s={search_term_string}\"},\"query-input\":{\"@type\":\"PropertyValueSpecification\",\"valueRequired\":true,\"valueName\":\"search_term_string\"}}],\"inLanguage\":\"fr-FR\"},{\"@type\":\"Organization\",\"@id\":\"https:\\\/\\\/www.bellunopress.it\\\/#organization\",\"name\":\"Bellunopress\",\"url\":\"https:\\\/\\\/www.bellunopress.it\\\/\",\"logo\":{\"@type\":\"ImageObject\",\"inLanguage\":\"fr-FR\",\"@id\":\"https:\\\/\\\/www.bellunopress.it\\\/#\\\/schema\\\/logo\\\/image\\\/\",\"url\":\"https:\\\/\\\/www.bellunopress.it\\\/wp-content\\\/uploads\\\/2011\\\/05\\\/cropped-logo-bellunopress-.jpg\",\"contentUrl\":\"https:\\\/\\\/www.bellunopress.it\\\/wp-content\\\/uploads\\\/2011\\\/05\\\/cropped-logo-bellunopress-.jpg\",\"width\":512,\"height\":512,\"caption\":\"Bellunopress\"},\"image\":{\"@id\":\"https:\\\/\\\/www.bellunopress.it\\\/#\\\/schema\\\/logo\\\/image\\\/\"},\"sameAs\":[\"https:\\\/\\\/www.facebook.com\\\/profile.php?id=100008943462799\",\"https:\\\/\\\/x.com\\\/bellunopress\",\"https:\\\/\\\/www.linkedin.com\\\/hp\\\/?dnr=JBzUWaJfMUw8vbXJJ2tVW5-I3jZKvC4wsoxE&amp;amp;amp;amp;amp;amp;trk=nav_responsive_tab_home\",\"https:\\\/\\\/www.youtube.com\\\/channel\\\/UCxL0wu1uN0_3_7hGG0306cw\"]},{\"@type\":\"Person\",\"@id\":\"https:\\\/\\\/www.bellunopress.it\\\/#\\\/schema\\\/person\\\/79bb06722b37ece1c03d3e94beb30d73\",\"name\":\"redazione\",\"image\":{\"@type\":\"ImageObject\",\"inLanguage\":\"fr-FR\",\"@id\":\"https:\\\/\\\/secure.gravatar.com\\\/avatar\\\/37d968a2e67a6fd04c169c4bdef102d0bc5d31b2546345219e348575eb80e9a0?s=96&d=mm&r=g\",\"url\":\"https:\\\/\\\/secure.gravatar.com\\\/avatar\\\/37d968a2e67a6fd04c169c4bdef102d0bc5d31b2546345219e348575eb80e9a0?s=96&d=mm&r=g\",\"contentUrl\":\"https:\\\/\\\/secure.gravatar.com\\\/avatar\\\/37d968a2e67a6fd04c169c4bdef102d0bc5d31b2546345219e348575eb80e9a0?s=96&d=mm&r=g\",\"caption\":\"redazione\"},\"sameAs\":[\"http:\\\/\\\/www.bellunopress.it\",\"https:\\\/\\\/x.com\\\/bellunopress\"],\"url\":\"https:\\\/\\\/www.bellunopress.it\\\/fr\\\/author\\\/redazione\\\/\"}]}<\/script>\n<!-- \/ Yoast SEO plugin. -->","yoast_head_json":{"title":"Rinviate la CiaspAlpago e la Ciaspegada del Nevegal in programma questo weekend - Bellunopress - Dolomiti","robots":{"index":"index","follow":"follow","max-snippet":"max-snippet:-1","max-image-preview":"max-image-preview:large","max-video-preview":"max-video-preview:-1"},"canonical":"https:\/\/www.bellunopress.it\/fr\/2012\/01\/05\/rinviate-la-ciaspalpago-e-la-ciaspegada-del-nevegal-in-programma-questo-weekend\/","og_locale":"fr_FR","og_type":"article","og_title":"Rinviate la CiaspAlpago e la Ciaspegada del Nevegal in programma questo weekend - Bellunopress - Dolomiti","og_description":"La mancanza di neve ha costretto gli organizzatori della 7^\u00a0 CiaspAlpago e della\u00a0 5^ Ciaspegada del Nevegal al rinvio delle due manifestazioni. Per la gara alpagota di Malga Mezzomiglio la data del recupero \u00e8 fissata in\u00a0 Domenica 29 gennaio con gli stessi orari e modi di iscrizione. Le iscrizioni gi\u00e0 pervenute (on line) rimarranno valide [&hellip;]","og_url":"https:\/\/www.bellunopress.it\/fr\/2012\/01\/05\/rinviate-la-ciaspalpago-e-la-ciaspegada-del-nevegal-in-programma-questo-weekend\/","og_site_name":"Bellunopress - Dolomiti","article_publisher":"https:\/\/www.facebook.com\/profile.php?id=100008943462799","article_published_time":"2012-01-05T20:20:13+00:00","article_modified_time":"2012-01-05T20:22:03+00:00","og_image":[{"url":"http:\/\/www.bellunopress.it\/wp-content\/uploads\/2012\/01\/ciaspe.jpg","type":"","width":"","height":""}],"author":"redazione","twitter_card":"summary_large_image","twitter_creator":"@bellunopress","twitter_site":"@bellunopress","twitter_misc":{"\u00c9crit par":"redazione","Dur\u00e9e de lecture estim\u00e9e":"1 minute"},"schema":{"@context":"https:\/\/schema.org","@graph":[{"@type":"Article","@id":"https:\/\/www.bellunopress.it\/2012\/01\/05\/rinviate-la-ciaspalpago-e-la-ciaspegada-del-nevegal-in-programma-questo-weekend\/#article","isPartOf":{"@id":"https:\/\/www.bellunopress.it\/2012\/01\/05\/rinviate-la-ciaspalpago-e-la-ciaspegada-del-nevegal-in-programma-questo-weekend\/"},"author":{"name":"redazione","@id":"https:\/\/www.bellunopress.it\/#\/schema\/person\/79bb06722b37ece1c03d3e94beb30d73"},"headline":"Rinviate la CiaspAlpago e la Ciaspegada del Nevegal in programma questo weekend","datePublished":"2012-01-05T20:20:13+00:00","dateModified":"2012-01-05T20:22:03+00:00","mainEntityOfPage":{"@id":"https:\/\/www.bellunopress.it\/2012\/01\/05\/rinviate-la-ciaspalpago-e-la-ciaspegada-del-nevegal-in-programma-questo-weekend\/"},"wordCount":125,"publisher":{"@id":"https:\/\/www.bellunopress.it\/#organization"},"image":{"@id":"https:\/\/www.bellunopress.it\/2012\/01\/05\/rinviate-la-ciaspalpago-e-la-ciaspegada-del-nevegal-in-programma-questo-weekend\/#primaryimage"},"thumbnailUrl":"http:\/\/www.bellunopress.it\/wp-content\/uploads\/2012\/01\/ciaspe.jpg","articleSection":["Prima Pagina","Sport, tempo libero"],"inLanguage":"fr-FR"},{"@type":"WebPage","@id":"https:\/\/www.bellunopress.it\/2012\/01\/05\/rinviate-la-ciaspalpago-e-la-ciaspegada-del-nevegal-in-programma-questo-weekend\/","url":"https:\/\/www.bellunopress.it\/2012\/01\/05\/rinviate-la-ciaspalpago-e-la-ciaspegada-del-nevegal-in-programma-questo-weekend\/","name":"Rinviate la CiaspAlpago e la Ciaspegada del Nevegal in programma questo weekend - Bellunopress - Dolomiti","isPartOf":{"@id":"https:\/\/www.bellunopress.it\/#website"},"primaryImageOfPage":{"@id":"https:\/\/www.bellunopress.it\/2012\/01\/05\/rinviate-la-ciaspalpago-e-la-ciaspegada-del-nevegal-in-programma-questo-weekend\/#primaryimage"},"image":{"@id":"https:\/\/www.bellunopress.it\/2012\/01\/05\/rinviate-la-ciaspalpago-e-la-ciaspegada-del-nevegal-in-programma-questo-weekend\/#primaryimage"},"thumbnailUrl":"http:\/\/www.bellunopress.it\/wp-content\/uploads\/2012\/01\/ciaspe.jpg","datePublished":"2012-01-05T20:20:13+00:00","dateModified":"2012-01-05T20:22:03+00:00","breadcrumb":{"@id":"https:\/\/www.bellunopress.it\/2012\/01\/05\/rinviate-la-ciaspalpago-e-la-ciaspegada-del-nevegal-in-programma-questo-weekend\/#breadcrumb"},"inLanguage":"fr-FR","potentialAction":[{"@type":"ReadAction","target":["https:\/\/www.bellunopress.it\/2012\/01\/05\/rinviate-la-ciaspalpago-e-la-ciaspegada-del-nevegal-in-programma-questo-weekend\/"]}]},{"@type":"ImageObject","inLanguage":"fr-FR","@id":"https:\/\/www.bellunopress.it\/2012\/01\/05\/rinviate-la-ciaspalpago-e-la-ciaspegada-del-nevegal-in-programma-questo-weekend\/#primaryimage","url":"http:\/\/www.bellunopress.it\/wp-content\/uploads\/2012\/01\/ciaspe.jpg","contentUrl":"http:\/\/www.bellunopress.it\/wp-content\/uploads\/2012\/01\/ciaspe.jpg"},{"@type":"BreadcrumbList","@id":"https:\/\/www.bellunopress.it\/2012\/01\/05\/rinviate-la-ciaspalpago-e-la-ciaspegada-del-nevegal-in-programma-questo-weekend\/#breadcrumb","itemListElement":[{"@type":"ListItem","position":1,"name":"Home","item":"https:\/\/www.bellunopress.it\/"},{"@type":"ListItem","position":2,"name":"Rinviate la CiaspAlpago e la Ciaspegada del Nevegal in programma questo weekend"}]},{"@type":"WebSite","@id":"https:\/\/www.bellunopress.it\/#website","url":"https:\/\/www.bellunopress.it\/","name":"Bellunopress - Dolomiti","description":"e-mail: redazione@bellunopress.it","publisher":{"@id":"https:\/\/www.bellunopress.it\/#organization"},"potentialAction":[{"@type":"SearchAction","target":{"@type":"EntryPoint","urlTemplate":"https:\/\/www.bellunopress.it\/?s={search_term_string}"},"query-input":{"@type":"PropertyValueSpecification","valueRequired":true,"valueName":"search_term_string"}}],"inLanguage":"fr-FR"},{"@type":"Organization","@id":"https:\/\/www.bellunopress.it\/#organization","name":"Bellunopress","url":"https:\/\/www.bellunopress.it\/","logo":{"@type":"ImageObject","inLanguage":"fr-FR","@id":"https:\/\/www.bellunopress.it\/#\/schema\/logo\/image\/","url":"https:\/\/www.bellunopress.it\/wp-content\/uploads\/2011\/05\/cropped-logo-bellunopress-.jpg","contentUrl":"https:\/\/www.bellunopress.it\/wp-content\/uploads\/2011\/05\/cropped-logo-bellunopress-.jpg","width":512,"height":512,"caption":"Bellunopress"},"image":{"@id":"https:\/\/www.bellunopress.it\/#\/schema\/logo\/image\/"},"sameAs":["https:\/\/www.facebook.com\/profile.php?id=100008943462799","https:\/\/x.com\/bellunopress","https:\/\/www.linkedin.com\/hp\/?dnr=JBzUWaJfMUw8vbXJJ2tVW5-I3jZKvC4wsoxE&amp;amp;amp;amp;amp;amp;trk=nav_responsive_tab_home","https:\/\/www.youtube.com\/channel\/UCxL0wu1uN0_3_7hGG0306cw"]},{"@type":"Person","@id":"https:\/\/www.bellunopress.it\/#\/schema\/person\/79bb06722b37ece1c03d3e94beb30d73","name":"r\u00e9daction","image":{"@type":"ImageObject","inLanguage":"fr-FR","@id":"https:\/\/secure.gravatar.com\/avatar\/37d968a2e67a6fd04c169c4bdef102d0bc5d31b2546345219e348575eb80e9a0?s=96&d=mm&r=g","url":"https:\/\/secure.gravatar.com\/avatar\/37d968a2e67a6fd04c169c4bdef102d0bc5d31b2546345219e348575eb80e9a0?s=96&d=mm&r=g","contentUrl":"https:\/\/secure.gravatar.com\/avatar\/37d968a2e67a6fd04c169c4bdef102d0bc5d31b2546345219e348575eb80e9a0?s=96&d=mm&r=g","caption":"redazione"},"sameAs":["http:\/\/www.bellunopress.it","https:\/\/x.com\/bellunopress"],"url":"https:\/\/www.bellunopress.it\/fr\/author\/redazione\/"}]}},"_links":{"self":[{"href":"https:\/\/www.bellunopress.it\/fr\/wp-json\/wp\/v2\/posts\/33931","targetHints":{"allow":["GET"]}}],"collection":[{"href":"https:\/\/www.bellunopress.it\/fr\/wp-json\/wp\/v2\/posts"}],"about":[{"href":"https:\/\/www.bellunopress.it\/fr\/wp-json\/wp\/v2\/types\/post"}],"author":[{"embeddable":true,"href":"https:\/\/www.bellunopress.it\/fr\/wp-json\/wp\/v2\/users\/2"}],"replies":[{"embeddable":true,"href":"https:\/\/www.bellunopress.it\/fr\/wp-json\/wp\/v2\/comments?post=33931"}],"version-history":[{"count":2,"href":"https:\/\/www.bellunopress.it\/fr\/wp-json\/wp\/v2\/posts\/33931\/revisions"}],"predecessor-version":[{"id":33934,"href":"https:\/\/www.bellunopress.it\/fr\/wp-json\/wp\/v2\/posts\/33931\/revisions\/33934"}],"wp:attachment":[{"href":"https:\/\/www.bellunopress.it\/fr\/wp-json\/wp\/v2\/media?parent=33931"}],"wp:term":[{"taxonomy":"category","embeddable":true,"href":"https:\/\/www.bellunopress.it\/fr\/wp-json\/wp\/v2\/categories?post=33931"},{"taxonomy":"post_tag","embeddable":true,"href":"https:\/\/www.bellunopress.it\/fr\/wp-json\/wp\/v2\/tags?post=33931"}],"curies":[{"name":"wp","href":"https:\/\/api.w.org\/{rel}","templated":true}]}}