{"id":33919,"date":"2012-01-05T15:17:56","date_gmt":"2012-01-05T14:17:56","guid":{"rendered":"http:\/\/www.bellunopress.it\/?p=33919"},"modified":"2012-01-05T15:17:56","modified_gmt":"2012-01-05T14:17:56","slug":"farmacie-e-parafarmacie-cristina-muratore-le-parafarmacie-sono-gestite-da-un-farmacista-iscritto-allordine-come-le-farmacie-e-dunque-non-ce-alcun-rischio-per-i-cittadini","status":"publish","type":"post","link":"https:\/\/www.bellunopress.it\/fr\/2012\/01\/05\/farmacie-e-parafarmacie-cristina-muratore-le-parafarmacie-sono-gestite-da-un-farmacista-iscritto-allordine-come-le-farmacie-e-dunque-non-ce-alcun-rischio-per-i-cittadini\/","title":{"rendered":"Farmacie e Parafarmacie. Cristina Muratore: &#8220;Le parafarmacie sono gestite da un farmacista iscritto all&#8217;Ordine come le farmacie. E dunque non c&#8217;\u00e8 alcun rischio per i cittadini&#8221;"},"content":{"rendered":"<p>Federfarma Belluno chiama a raccolta il popolo per difendere gli interessi di posizione dei propri associati, ovvero le farmacie tradizionali, contro le liberalizzazioni gi\u00e0 fermate una volta in Parlamento per intervento della corporazione.<\/p>\n<p>Sull&#8217;argomento interviene la dottoressa Cristina Muratore, titolare della Parafarmacia olistica di via Cavour a Belluno.<\/p>\n<p><span style=\"font-family: Times New Roman, serif;\"><a href=\"http:\/\/www.bellunopress.it\/wp-content\/uploads\/2011\/02\/cristina-muratore-135x135.jpg\"><img loading=\"lazy\" decoding=\"async\" class=\"alignleft size-full wp-image-23692\" title=\"cristina muratore 135x135\" src=\"http:\/\/www.bellunopress.it\/wp-content\/uploads\/2011\/02\/cristina-muratore-135x135.jpg\" alt=\"\" width=\"135\" height=\"135\" \/><\/a>\u00ab<\/span>Le dichiarazioni false e tendenziose del collega Grubissa &#8211; scrive la farmacista &#8211;\u00a0 mi impongono l&#8217;urgenza di fornire dei chiarimenti in merito alla questione &#8220;liberalizzazione della fascia C&#8221;. E&#8217; gi\u00e0 di per s\u00e8 un argomento complicato per i non addetti ai lavori e non vedo perch\u00e9 il presidente di federfarma Belluno (che rappresenta solo la minoranza dei titolari di farmacie e non l&#8217;intera categoria dei farmacisti, ben pi\u00f9 numerosa!) si ostini a renderlo ancora pi\u00f9 confuso dando ad intendere che si preoccupa per la vendita di medicinali in supermercato ed alle pericolose conseguenze sulla salute dei cittadini. Quando sostiene ci\u00f2 \u00e8 semplicemente un bugiardo! Si rende necessario quindi spiegare che nessuna proposta di legge \u00e8 stata presentata n\u00e9 ora n\u00e9 in passato per vendere neanche un semplice farmaco da banco in supermercato o in qualsivoglia negozio. Esiste invece una nuova categoria (relativamente nuova, ma ancora poco conosciuta), la Parafarmacia, gestita da un Farmacista abilitato, iscritto all&#8217;ordine, etc. che pu\u00f2 vendere medicinali ed ovviamente sa consigliarli tanto quanto in farmacia (si tratta infatti sempre degli stessi professionisti che spesso hanno gi\u00e0 maturato esperienza proprio in farmacia). Alcune volte essa si trova all&#8217;interno di un supermercato o centro commerciale, ma \u00e8 sempre un PARAFARMACIA, gestita da un farmacista, quindi non c&#8217;\u00e8 n\u00e8 mai ci sar\u00e0 il rischio che un famaco venga venduto senza il consiglio di un farmacista. Chi afferma questo dice il falso, sapendo di mentire e non fa una certo una bella figura con i propri clienti.<\/p>\n<p>&nbsp;<\/p>\n<p>E&#8217; chiaro che anche noi colleghi che lavoriamo in parafarmacia siamo attenti alla salute del cittadino e mai vorremmo che la liberalizzazione portasse a vendere farmaci in modalit\u00e0 self-service in un qualunque scaffale, ma non si sta parlando di questo. Si sta invece cercando di offrire una maggiore offerta e un servizio pi\u00f9 capillare nel territorio, vendendo in Parafarmacia anche i medicinali di fascia C, ovvero quei farmaci che richiedono l&#8217;obbligo di ricetta medica ma non sono rimborsati dal SSN. Trovo assurdo che federfarma si preoccupi tanto di un&#8217;eventuale piccola perdita di fatturato, dato che quello della farmacia \u00e8 mediamente una decina di volte superiore a quello della parafarmacia! Di conseguenza invito i colleghi e i cittadini a non aderire alla patetica raccolta di firme in cui si chiede di &#8220;non&#8221; liberalizzare la fascia C, bens\u00ec di recarsi alla pi\u00f9 vicina Parafarmacia per firmare la nostra petizione, gi\u00e0 attiva ed elaborata dal forum nazionale delle parafarmacie in cui si chiede ovviamente l&#8217;opposto!<\/p>\n<p>&nbsp;<\/p>\n<p>Tranquilliziamo inoltre riguardo al paventato rischio di chiusura di qualche farmacia poich\u00e8 credo che a nessuno salti in mente di aprire un esercizio in concorrenza ad una piccola farmacia in zone disagiate o poco abitate, dato che ha la libert\u00e0 di scegliere la sede pi\u00f9 adatta. Semmai giace in senato un assurda proposta che chiede la chiusura delle parafarmacie e in un periodo di crisi come questo auspico che nessuno muova nessun passo nella direzione che porti alla perdita di posti di lavoro.<\/p>\n<p>&nbsp;<\/p>\n<p>Noi non vogliamo fare guerra alle farmacie &#8211; conclude Cristina Muratore &#8211; , ma nemmeno vogliamo essere attaccati o ancor peggio ignorati; infatti noto con dispiacere che in tutti gli interventi di Grubissa il termine Parafarmacia \u00e8 accuratamente omesso, o meglio evitato come la peste. Non mi sembra un comportamento educato n\u00e8 corretto nei confronti di noi colleghi che affrontiamo quotidianamente difficolt\u00e0 ben superiori alle loro e saremmo invece ben lieti di collaborare e confrontarci come l&#8217;etica e la deontologia insegnano\u201d.<\/p>","protected":false},"excerpt":{"rendered":"<p>Federfarma Belluno chiama a raccolta il popolo per difendere gli interessi di posizione dei propri associati, ovvero le farmacie tradizionali, contro le liberalizzazioni gi\u00e0 fermate una volta in Parlamento per intervento della corporazione. Sull&#8217;argomento interviene la dottoressa Cristina Muratore, titolare della Parafarmacia olistica di via Cavour a Belluno. \u00abLe dichiarazioni false e tendenziose del collega [&hellip;]<\/p>\n","protected":false},"author":2,"featured_media":0,"comment_status":"closed","ping_status":"open","sticky":false,"template":"","format":"standard","meta":{"footnotes":""},"categories":[26,8],"tags":[],"class_list":["post-33919","post","type-post","status-publish","format-standard","category-prima-pagina","category-societa-istituzioni"],"yoast_head":"<!-- This site is optimized with the Yoast SEO plugin v28.4 - https:\/\/yoast.com\/product\/yoast-seo-wordpress\/ -->\n<title>Farmacie e Parafarmacie. Cristina Muratore: &quot;Le parafarmacie sono gestite da un farmacista iscritto all&#039;Ordine come le farmacie. E dunque non c&#039;\u00e8 alcun rischio per i cittadini&quot; - Bellunopress - Dolomiti<\/title>\n<meta name=\"robots\" content=\"index, follow, max-snippet:-1, max-image-preview:large, max-video-preview:-1\" \/>\n<link rel=\"canonical\" href=\"https:\/\/www.bellunopress.it\/fr\/2012\/01\/05\/farmacie-e-parafarmacie-cristina-muratore-le-parafarmacie-sono-gestite-da-un-farmacista-iscritto-allordine-come-le-farmacie-e-dunque-non-ce-alcun-rischio-per-i-cittadini\/\" \/>\n<meta property=\"og:locale\" content=\"fr_FR\" \/>\n<meta property=\"og:type\" content=\"article\" \/>\n<meta property=\"og:title\" content=\"Farmacie e Parafarmacie. Cristina Muratore: &quot;Le parafarmacie sono gestite da un farmacista iscritto all&#039;Ordine come le farmacie. E dunque non c&#039;\u00e8 alcun rischio per i cittadini&quot; - Bellunopress - Dolomiti\" \/>\n<meta property=\"og:description\" content=\"Federfarma Belluno chiama a raccolta il popolo per difendere gli interessi di posizione dei propri associati, ovvero le farmacie tradizionali, contro le liberalizzazioni gi\u00e0 fermate una volta in Parlamento per intervento della corporazione. Sull&#8217;argomento interviene la dottoressa Cristina Muratore, titolare della Parafarmacia olistica di via Cavour a Belluno. \u00abLe dichiarazioni false e tendenziose del collega [&hellip;]\" \/>\n<meta property=\"og:url\" content=\"https:\/\/www.bellunopress.it\/fr\/2012\/01\/05\/farmacie-e-parafarmacie-cristina-muratore-le-parafarmacie-sono-gestite-da-un-farmacista-iscritto-allordine-come-le-farmacie-e-dunque-non-ce-alcun-rischio-per-i-cittadini\/\" \/>\n<meta property=\"og:site_name\" content=\"Bellunopress - Dolomiti\" \/>\n<meta property=\"article:publisher\" content=\"https:\/\/www.facebook.com\/profile.php?id=100008943462799\" \/>\n<meta property=\"article:published_time\" content=\"2012-01-05T14:17:56+00:00\" \/>\n<meta property=\"og:image\" content=\"http:\/\/www.bellunopress.it\/wp-content\/uploads\/2011\/02\/cristina-muratore-135x135.jpg\" \/>\n<meta name=\"author\" content=\"redazione\" \/>\n<meta name=\"twitter:card\" content=\"summary_large_image\" \/>\n<meta name=\"twitter:creator\" content=\"@bellunopress\" \/>\n<meta name=\"twitter:site\" content=\"@bellunopress\" \/>\n<meta name=\"twitter:label1\" content=\"\u00c9crit par\" \/>\n\t<meta name=\"twitter:data1\" content=\"redazione\" \/>\n\t<meta name=\"twitter:label2\" content=\"Dur\u00e9e de lecture estim\u00e9e\" \/>\n\t<meta name=\"twitter:data2\" content=\"3 minutes\" \/>\n<script type=\"application\/ld+json\" class=\"yoast-schema-graph\">{\"@context\":\"https:\\\/\\\/schema.org\",\"@graph\":[{\"@type\":\"Article\",\"@id\":\"https:\\\/\\\/www.bellunopress.it\\\/2012\\\/01\\\/05\\\/farmacie-e-parafarmacie-cristina-muratore-le-parafarmacie-sono-gestite-da-un-farmacista-iscritto-allordine-come-le-farmacie-e-dunque-non-ce-alcun-rischio-per-i-cittadini\\\/#article\",\"isPartOf\":{\"@id\":\"https:\\\/\\\/www.bellunopress.it\\\/2012\\\/01\\\/05\\\/farmacie-e-parafarmacie-cristina-muratore-le-parafarmacie-sono-gestite-da-un-farmacista-iscritto-allordine-come-le-farmacie-e-dunque-non-ce-alcun-rischio-per-i-cittadini\\\/\"},\"author\":{\"name\":\"redazione\",\"@id\":\"https:\\\/\\\/www.bellunopress.it\\\/#\\\/schema\\\/person\\\/79bb06722b37ece1c03d3e94beb30d73\"},\"headline\":\"Farmacie e Parafarmacie. Cristina Muratore: &#8220;Le parafarmacie sono gestite da un farmacista iscritto all&#8217;Ordine come le farmacie. E dunque non c&#8217;\u00e8 alcun rischio per i cittadini&#8221;\",\"datePublished\":\"2012-01-05T14:17:56+00:00\",\"mainEntityOfPage\":{\"@id\":\"https:\\\/\\\/www.bellunopress.it\\\/2012\\\/01\\\/05\\\/farmacie-e-parafarmacie-cristina-muratore-le-parafarmacie-sono-gestite-da-un-farmacista-iscritto-allordine-come-le-farmacie-e-dunque-non-ce-alcun-rischio-per-i-cittadini\\\/\"},\"wordCount\":654,\"publisher\":{\"@id\":\"https:\\\/\\\/www.bellunopress.it\\\/#organization\"},\"image\":{\"@id\":\"https:\\\/\\\/www.bellunopress.it\\\/2012\\\/01\\\/05\\\/farmacie-e-parafarmacie-cristina-muratore-le-parafarmacie-sono-gestite-da-un-farmacista-iscritto-allordine-come-le-farmacie-e-dunque-non-ce-alcun-rischio-per-i-cittadini\\\/#primaryimage\"},\"thumbnailUrl\":\"http:\\\/\\\/www.bellunopress.it\\\/wp-content\\\/uploads\\\/2011\\\/02\\\/cristina-muratore-135x135.jpg\",\"articleSection\":[\"Prima Pagina\",\"Societ\u00e0, Associazioni, Istituzioni\"],\"inLanguage\":\"fr-FR\"},{\"@type\":\"WebPage\",\"@id\":\"https:\\\/\\\/www.bellunopress.it\\\/2012\\\/01\\\/05\\\/farmacie-e-parafarmacie-cristina-muratore-le-parafarmacie-sono-gestite-da-un-farmacista-iscritto-allordine-come-le-farmacie-e-dunque-non-ce-alcun-rischio-per-i-cittadini\\\/\",\"url\":\"https:\\\/\\\/www.bellunopress.it\\\/2012\\\/01\\\/05\\\/farmacie-e-parafarmacie-cristina-muratore-le-parafarmacie-sono-gestite-da-un-farmacista-iscritto-allordine-come-le-farmacie-e-dunque-non-ce-alcun-rischio-per-i-cittadini\\\/\",\"name\":\"Farmacie e Parafarmacie. Cristina Muratore: \\\"Le parafarmacie sono gestite da un farmacista iscritto all'Ordine come le farmacie. E dunque non c'\u00e8 alcun rischio per i cittadini\\\" - Bellunopress - Dolomiti\",\"isPartOf\":{\"@id\":\"https:\\\/\\\/www.bellunopress.it\\\/#website\"},\"primaryImageOfPage\":{\"@id\":\"https:\\\/\\\/www.bellunopress.it\\\/2012\\\/01\\\/05\\\/farmacie-e-parafarmacie-cristina-muratore-le-parafarmacie-sono-gestite-da-un-farmacista-iscritto-allordine-come-le-farmacie-e-dunque-non-ce-alcun-rischio-per-i-cittadini\\\/#primaryimage\"},\"image\":{\"@id\":\"https:\\\/\\\/www.bellunopress.it\\\/2012\\\/01\\\/05\\\/farmacie-e-parafarmacie-cristina-muratore-le-parafarmacie-sono-gestite-da-un-farmacista-iscritto-allordine-come-le-farmacie-e-dunque-non-ce-alcun-rischio-per-i-cittadini\\\/#primaryimage\"},\"thumbnailUrl\":\"http:\\\/\\\/www.bellunopress.it\\\/wp-content\\\/uploads\\\/2011\\\/02\\\/cristina-muratore-135x135.jpg\",\"datePublished\":\"2012-01-05T14:17:56+00:00\",\"breadcrumb\":{\"@id\":\"https:\\\/\\\/www.bellunopress.it\\\/2012\\\/01\\\/05\\\/farmacie-e-parafarmacie-cristina-muratore-le-parafarmacie-sono-gestite-da-un-farmacista-iscritto-allordine-come-le-farmacie-e-dunque-non-ce-alcun-rischio-per-i-cittadini\\\/#breadcrumb\"},\"inLanguage\":\"fr-FR\",\"potentialAction\":[{\"@type\":\"ReadAction\",\"target\":[\"https:\\\/\\\/www.bellunopress.it\\\/2012\\\/01\\\/05\\\/farmacie-e-parafarmacie-cristina-muratore-le-parafarmacie-sono-gestite-da-un-farmacista-iscritto-allordine-come-le-farmacie-e-dunque-non-ce-alcun-rischio-per-i-cittadini\\\/\"]}]},{\"@type\":\"ImageObject\",\"inLanguage\":\"fr-FR\",\"@id\":\"https:\\\/\\\/www.bellunopress.it\\\/2012\\\/01\\\/05\\\/farmacie-e-parafarmacie-cristina-muratore-le-parafarmacie-sono-gestite-da-un-farmacista-iscritto-allordine-come-le-farmacie-e-dunque-non-ce-alcun-rischio-per-i-cittadini\\\/#primaryimage\",\"url\":\"http:\\\/\\\/www.bellunopress.it\\\/wp-content\\\/uploads\\\/2011\\\/02\\\/cristina-muratore-135x135.jpg\",\"contentUrl\":\"http:\\\/\\\/www.bellunopress.it\\\/wp-content\\\/uploads\\\/2011\\\/02\\\/cristina-muratore-135x135.jpg\"},{\"@type\":\"BreadcrumbList\",\"@id\":\"https:\\\/\\\/www.bellunopress.it\\\/2012\\\/01\\\/05\\\/farmacie-e-parafarmacie-cristina-muratore-le-parafarmacie-sono-gestite-da-un-farmacista-iscritto-allordine-come-le-farmacie-e-dunque-non-ce-alcun-rischio-per-i-cittadini\\\/#breadcrumb\",\"itemListElement\":[{\"@type\":\"ListItem\",\"position\":1,\"name\":\"Home\",\"item\":\"https:\\\/\\\/www.bellunopress.it\\\/\"},{\"@type\":\"ListItem\",\"position\":2,\"name\":\"Farmacie e Parafarmacie. Cristina Muratore: &#8220;Le parafarmacie sono gestite da un farmacista iscritto all&#8217;Ordine come le farmacie. E dunque non c&#8217;\u00e8 alcun rischio per i cittadini&#8221;\"}]},{\"@type\":\"WebSite\",\"@id\":\"https:\\\/\\\/www.bellunopress.it\\\/#website\",\"url\":\"https:\\\/\\\/www.bellunopress.it\\\/\",\"name\":\"Bellunopress - Dolomiti\",\"description\":\"e-mail: redazione@bellunopress.it\",\"publisher\":{\"@id\":\"https:\\\/\\\/www.bellunopress.it\\\/#organization\"},\"potentialAction\":[{\"@type\":\"SearchAction\",\"target\":{\"@type\":\"EntryPoint\",\"urlTemplate\":\"https:\\\/\\\/www.bellunopress.it\\\/?s={search_term_string}\"},\"query-input\":{\"@type\":\"PropertyValueSpecification\",\"valueRequired\":true,\"valueName\":\"search_term_string\"}}],\"inLanguage\":\"fr-FR\"},{\"@type\":\"Organization\",\"@id\":\"https:\\\/\\\/www.bellunopress.it\\\/#organization\",\"name\":\"Bellunopress\",\"url\":\"https:\\\/\\\/www.bellunopress.it\\\/\",\"logo\":{\"@type\":\"ImageObject\",\"inLanguage\":\"fr-FR\",\"@id\":\"https:\\\/\\\/www.bellunopress.it\\\/#\\\/schema\\\/logo\\\/image\\\/\",\"url\":\"https:\\\/\\\/www.bellunopress.it\\\/wp-content\\\/uploads\\\/2011\\\/05\\\/cropped-logo-bellunopress-.jpg\",\"contentUrl\":\"https:\\\/\\\/www.bellunopress.it\\\/wp-content\\\/uploads\\\/2011\\\/05\\\/cropped-logo-bellunopress-.jpg\",\"width\":512,\"height\":512,\"caption\":\"Bellunopress\"},\"image\":{\"@id\":\"https:\\\/\\\/www.bellunopress.it\\\/#\\\/schema\\\/logo\\\/image\\\/\"},\"sameAs\":[\"https:\\\/\\\/www.facebook.com\\\/profile.php?id=100008943462799\",\"https:\\\/\\\/x.com\\\/bellunopress\",\"https:\\\/\\\/www.linkedin.com\\\/hp\\\/?dnr=JBzUWaJfMUw8vbXJJ2tVW5-I3jZKvC4wsoxE&amp;amp;amp;amp;amp;amp;trk=nav_responsive_tab_home\",\"https:\\\/\\\/www.youtube.com\\\/channel\\\/UCxL0wu1uN0_3_7hGG0306cw\"]},{\"@type\":\"Person\",\"@id\":\"https:\\\/\\\/www.bellunopress.it\\\/#\\\/schema\\\/person\\\/79bb06722b37ece1c03d3e94beb30d73\",\"name\":\"redazione\",\"image\":{\"@type\":\"ImageObject\",\"inLanguage\":\"fr-FR\",\"@id\":\"https:\\\/\\\/secure.gravatar.com\\\/avatar\\\/37d968a2e67a6fd04c169c4bdef102d0bc5d31b2546345219e348575eb80e9a0?s=96&d=mm&r=g\",\"url\":\"https:\\\/\\\/secure.gravatar.com\\\/avatar\\\/37d968a2e67a6fd04c169c4bdef102d0bc5d31b2546345219e348575eb80e9a0?s=96&d=mm&r=g\",\"contentUrl\":\"https:\\\/\\\/secure.gravatar.com\\\/avatar\\\/37d968a2e67a6fd04c169c4bdef102d0bc5d31b2546345219e348575eb80e9a0?s=96&d=mm&r=g\",\"caption\":\"redazione\"},\"sameAs\":[\"http:\\\/\\\/www.bellunopress.it\",\"https:\\\/\\\/x.com\\\/bellunopress\"],\"url\":\"https:\\\/\\\/www.bellunopress.it\\\/fr\\\/author\\\/redazione\\\/\"}]}<\/script>\n<!-- \/ Yoast SEO plugin. -->","yoast_head_json":{"title":"Farmacie e Parafarmacie. Cristina Muratore: \"Le parafarmacie sono gestite da un farmacista iscritto all'Ordine come le farmacie. E dunque non c'\u00e8 alcun rischio per i cittadini\" - Bellunopress - Dolomiti","robots":{"index":"index","follow":"follow","max-snippet":"max-snippet:-1","max-image-preview":"max-image-preview:large","max-video-preview":"max-video-preview:-1"},"canonical":"https:\/\/www.bellunopress.it\/fr\/2012\/01\/05\/farmacie-e-parafarmacie-cristina-muratore-le-parafarmacie-sono-gestite-da-un-farmacista-iscritto-allordine-come-le-farmacie-e-dunque-non-ce-alcun-rischio-per-i-cittadini\/","og_locale":"fr_FR","og_type":"article","og_title":"Farmacie e Parafarmacie. Cristina Muratore: \"Le parafarmacie sono gestite da un farmacista iscritto all'Ordine come le farmacie. E dunque non c'\u00e8 alcun rischio per i cittadini\" - Bellunopress - Dolomiti","og_description":"Federfarma Belluno chiama a raccolta il popolo per difendere gli interessi di posizione dei propri associati, ovvero le farmacie tradizionali, contro le liberalizzazioni gi\u00e0 fermate una volta in Parlamento per intervento della corporazione. Sull&#8217;argomento interviene la dottoressa Cristina Muratore, titolare della Parafarmacia olistica di via Cavour a Belluno. \u00abLe dichiarazioni false e tendenziose del collega [&hellip;]","og_url":"https:\/\/www.bellunopress.it\/fr\/2012\/01\/05\/farmacie-e-parafarmacie-cristina-muratore-le-parafarmacie-sono-gestite-da-un-farmacista-iscritto-allordine-come-le-farmacie-e-dunque-non-ce-alcun-rischio-per-i-cittadini\/","og_site_name":"Bellunopress - Dolomiti","article_publisher":"https:\/\/www.facebook.com\/profile.php?id=100008943462799","article_published_time":"2012-01-05T14:17:56+00:00","og_image":[{"url":"http:\/\/www.bellunopress.it\/wp-content\/uploads\/2011\/02\/cristina-muratore-135x135.jpg","type":"","width":"","height":""}],"author":"redazione","twitter_card":"summary_large_image","twitter_creator":"@bellunopress","twitter_site":"@bellunopress","twitter_misc":{"\u00c9crit par":"redazione","Dur\u00e9e de lecture estim\u00e9e":"3 minutes"},"schema":{"@context":"https:\/\/schema.org","@graph":[{"@type":"Article","@id":"https:\/\/www.bellunopress.it\/2012\/01\/05\/farmacie-e-parafarmacie-cristina-muratore-le-parafarmacie-sono-gestite-da-un-farmacista-iscritto-allordine-come-le-farmacie-e-dunque-non-ce-alcun-rischio-per-i-cittadini\/#article","isPartOf":{"@id":"https:\/\/www.bellunopress.it\/2012\/01\/05\/farmacie-e-parafarmacie-cristina-muratore-le-parafarmacie-sono-gestite-da-un-farmacista-iscritto-allordine-come-le-farmacie-e-dunque-non-ce-alcun-rischio-per-i-cittadini\/"},"author":{"name":"redazione","@id":"https:\/\/www.bellunopress.it\/#\/schema\/person\/79bb06722b37ece1c03d3e94beb30d73"},"headline":"Farmacie e Parafarmacie. Cristina Muratore: &#8220;Le parafarmacie sono gestite da un farmacista iscritto all&#8217;Ordine come le farmacie. E dunque non c&#8217;\u00e8 alcun rischio per i cittadini&#8221;","datePublished":"2012-01-05T14:17:56+00:00","mainEntityOfPage":{"@id":"https:\/\/www.bellunopress.it\/2012\/01\/05\/farmacie-e-parafarmacie-cristina-muratore-le-parafarmacie-sono-gestite-da-un-farmacista-iscritto-allordine-come-le-farmacie-e-dunque-non-ce-alcun-rischio-per-i-cittadini\/"},"wordCount":654,"publisher":{"@id":"https:\/\/www.bellunopress.it\/#organization"},"image":{"@id":"https:\/\/www.bellunopress.it\/2012\/01\/05\/farmacie-e-parafarmacie-cristina-muratore-le-parafarmacie-sono-gestite-da-un-farmacista-iscritto-allordine-come-le-farmacie-e-dunque-non-ce-alcun-rischio-per-i-cittadini\/#primaryimage"},"thumbnailUrl":"http:\/\/www.bellunopress.it\/wp-content\/uploads\/2011\/02\/cristina-muratore-135x135.jpg","articleSection":["Prima Pagina","Societ\u00e0, Associazioni, Istituzioni"],"inLanguage":"fr-FR"},{"@type":"WebPage","@id":"https:\/\/www.bellunopress.it\/2012\/01\/05\/farmacie-e-parafarmacie-cristina-muratore-le-parafarmacie-sono-gestite-da-un-farmacista-iscritto-allordine-come-le-farmacie-e-dunque-non-ce-alcun-rischio-per-i-cittadini\/","url":"https:\/\/www.bellunopress.it\/2012\/01\/05\/farmacie-e-parafarmacie-cristina-muratore-le-parafarmacie-sono-gestite-da-un-farmacista-iscritto-allordine-come-le-farmacie-e-dunque-non-ce-alcun-rischio-per-i-cittadini\/","name":"Farmacie e Parafarmacie. Cristina Muratore: \"Le parafarmacie sono gestite da un farmacista iscritto all'Ordine come le farmacie. E dunque non c'\u00e8 alcun rischio per i cittadini\" - Bellunopress - Dolomiti","isPartOf":{"@id":"https:\/\/www.bellunopress.it\/#website"},"primaryImageOfPage":{"@id":"https:\/\/www.bellunopress.it\/2012\/01\/05\/farmacie-e-parafarmacie-cristina-muratore-le-parafarmacie-sono-gestite-da-un-farmacista-iscritto-allordine-come-le-farmacie-e-dunque-non-ce-alcun-rischio-per-i-cittadini\/#primaryimage"},"image":{"@id":"https:\/\/www.bellunopress.it\/2012\/01\/05\/farmacie-e-parafarmacie-cristina-muratore-le-parafarmacie-sono-gestite-da-un-farmacista-iscritto-allordine-come-le-farmacie-e-dunque-non-ce-alcun-rischio-per-i-cittadini\/#primaryimage"},"thumbnailUrl":"http:\/\/www.bellunopress.it\/wp-content\/uploads\/2011\/02\/cristina-muratore-135x135.jpg","datePublished":"2012-01-05T14:17:56+00:00","breadcrumb":{"@id":"https:\/\/www.bellunopress.it\/2012\/01\/05\/farmacie-e-parafarmacie-cristina-muratore-le-parafarmacie-sono-gestite-da-un-farmacista-iscritto-allordine-come-le-farmacie-e-dunque-non-ce-alcun-rischio-per-i-cittadini\/#breadcrumb"},"inLanguage":"fr-FR","potentialAction":[{"@type":"ReadAction","target":["https:\/\/www.bellunopress.it\/2012\/01\/05\/farmacie-e-parafarmacie-cristina-muratore-le-parafarmacie-sono-gestite-da-un-farmacista-iscritto-allordine-come-le-farmacie-e-dunque-non-ce-alcun-rischio-per-i-cittadini\/"]}]},{"@type":"ImageObject","inLanguage":"fr-FR","@id":"https:\/\/www.bellunopress.it\/2012\/01\/05\/farmacie-e-parafarmacie-cristina-muratore-le-parafarmacie-sono-gestite-da-un-farmacista-iscritto-allordine-come-le-farmacie-e-dunque-non-ce-alcun-rischio-per-i-cittadini\/#primaryimage","url":"http:\/\/www.bellunopress.it\/wp-content\/uploads\/2011\/02\/cristina-muratore-135x135.jpg","contentUrl":"http:\/\/www.bellunopress.it\/wp-content\/uploads\/2011\/02\/cristina-muratore-135x135.jpg"},{"@type":"BreadcrumbList","@id":"https:\/\/www.bellunopress.it\/2012\/01\/05\/farmacie-e-parafarmacie-cristina-muratore-le-parafarmacie-sono-gestite-da-un-farmacista-iscritto-allordine-come-le-farmacie-e-dunque-non-ce-alcun-rischio-per-i-cittadini\/#breadcrumb","itemListElement":[{"@type":"ListItem","position":1,"name":"Home","item":"https:\/\/www.bellunopress.it\/"},{"@type":"ListItem","position":2,"name":"Farmacie e Parafarmacie. Cristina Muratore: &#8220;Le parafarmacie sono gestite da un farmacista iscritto all&#8217;Ordine come le farmacie. E dunque non c&#8217;\u00e8 alcun rischio per i cittadini&#8221;"}]},{"@type":"WebSite","@id":"https:\/\/www.bellunopress.it\/#website","url":"https:\/\/www.bellunopress.it\/","name":"Bellunopress - Dolomiti","description":"e-mail: redazione@bellunopress.it","publisher":{"@id":"https:\/\/www.bellunopress.it\/#organization"},"potentialAction":[{"@type":"SearchAction","target":{"@type":"EntryPoint","urlTemplate":"https:\/\/www.bellunopress.it\/?s={search_term_string}"},"query-input":{"@type":"PropertyValueSpecification","valueRequired":true,"valueName":"search_term_string"}}],"inLanguage":"fr-FR"},{"@type":"Organization","@id":"https:\/\/www.bellunopress.it\/#organization","name":"Bellunopress","url":"https:\/\/www.bellunopress.it\/","logo":{"@type":"ImageObject","inLanguage":"fr-FR","@id":"https:\/\/www.bellunopress.it\/#\/schema\/logo\/image\/","url":"https:\/\/www.bellunopress.it\/wp-content\/uploads\/2011\/05\/cropped-logo-bellunopress-.jpg","contentUrl":"https:\/\/www.bellunopress.it\/wp-content\/uploads\/2011\/05\/cropped-logo-bellunopress-.jpg","width":512,"height":512,"caption":"Bellunopress"},"image":{"@id":"https:\/\/www.bellunopress.it\/#\/schema\/logo\/image\/"},"sameAs":["https:\/\/www.facebook.com\/profile.php?id=100008943462799","https:\/\/x.com\/bellunopress","https:\/\/www.linkedin.com\/hp\/?dnr=JBzUWaJfMUw8vbXJJ2tVW5-I3jZKvC4wsoxE&amp;amp;amp;amp;amp;amp;trk=nav_responsive_tab_home","https:\/\/www.youtube.com\/channel\/UCxL0wu1uN0_3_7hGG0306cw"]},{"@type":"Person","@id":"https:\/\/www.bellunopress.it\/#\/schema\/person\/79bb06722b37ece1c03d3e94beb30d73","name":"r\u00e9daction","image":{"@type":"ImageObject","inLanguage":"fr-FR","@id":"https:\/\/secure.gravatar.com\/avatar\/37d968a2e67a6fd04c169c4bdef102d0bc5d31b2546345219e348575eb80e9a0?s=96&d=mm&r=g","url":"https:\/\/secure.gravatar.com\/avatar\/37d968a2e67a6fd04c169c4bdef102d0bc5d31b2546345219e348575eb80e9a0?s=96&d=mm&r=g","contentUrl":"https:\/\/secure.gravatar.com\/avatar\/37d968a2e67a6fd04c169c4bdef102d0bc5d31b2546345219e348575eb80e9a0?s=96&d=mm&r=g","caption":"redazione"},"sameAs":["http:\/\/www.bellunopress.it","https:\/\/x.com\/bellunopress"],"url":"https:\/\/www.bellunopress.it\/fr\/author\/redazione\/"}]}},"_links":{"self":[{"href":"https:\/\/www.bellunopress.it\/fr\/wp-json\/wp\/v2\/posts\/33919","targetHints":{"allow":["GET"]}}],"collection":[{"href":"https:\/\/www.bellunopress.it\/fr\/wp-json\/wp\/v2\/posts"}],"about":[{"href":"https:\/\/www.bellunopress.it\/fr\/wp-json\/wp\/v2\/types\/post"}],"author":[{"embeddable":true,"href":"https:\/\/www.bellunopress.it\/fr\/wp-json\/wp\/v2\/users\/2"}],"replies":[{"embeddable":true,"href":"https:\/\/www.bellunopress.it\/fr\/wp-json\/wp\/v2\/comments?post=33919"}],"version-history":[{"count":1,"href":"https:\/\/www.bellunopress.it\/fr\/wp-json\/wp\/v2\/posts\/33919\/revisions"}],"predecessor-version":[{"id":33920,"href":"https:\/\/www.bellunopress.it\/fr\/wp-json\/wp\/v2\/posts\/33919\/revisions\/33920"}],"wp:attachment":[{"href":"https:\/\/www.bellunopress.it\/fr\/wp-json\/wp\/v2\/media?parent=33919"}],"wp:term":[{"taxonomy":"category","embeddable":true,"href":"https:\/\/www.bellunopress.it\/fr\/wp-json\/wp\/v2\/categories?post=33919"},{"taxonomy":"post_tag","embeddable":true,"href":"https:\/\/www.bellunopress.it\/fr\/wp-json\/wp\/v2\/tags?post=33919"}],"curies":[{"name":"wp","href":"https:\/\/api.w.org\/{rel}","templated":true}]}}