{"id":33917,"date":"2012-01-05T09:16:58","date_gmt":"2012-01-05T08:16:58","guid":{"rendered":"http:\/\/www.bellunopress.it\/?p=33917"},"modified":"2012-01-05T09:16:58","modified_gmt":"2012-01-05T08:16:58","slug":"maddalena-crippa-in-scena-sabato-al-kursaal-di-auronzo-interprete-dei-pensieri-di-pier-paolo-pasolini","status":"publish","type":"post","link":"https:\/\/www.bellunopress.it\/fr\/2012\/01\/05\/maddalena-crippa-in-scena-sabato-al-kursaal-di-auronzo-interprete-dei-pensieri-di-pier-paolo-pasolini\/","title":{"rendered":"Maddalena Crippa in scena sabato al Kursaal di Auronzo, interprete dei pensieri di Pier Paolo Pasolini"},"content":{"rendered":"<p>La Stagione di Prosa \u201cAuronzo di Scena\u201d prende il via con un\u2019artista di eccezione, molto apprezzata dal pubblico bellunese, Maddalena Crippa, che sabato 7 gennaio 2012 alle ore 20.30 si esibir\u00e0 sul palco del Teatro Kursaal di Auronzo di Cadore con lo spettacolo Canto Popolare parole e suoni per Pier Paolo Pasolini.<\/p>\n<figure id=\"attachment_33755\" aria-describedby=\"caption-attachment-33755\" style=\"width: 319px\" class=\"wp-caption alignleft\"><a href=\"http:\/\/www.bellunopress.it\/wp-content\/uploads\/2011\/12\/maddalena-crippa.jpg\"><img loading=\"lazy\" decoding=\"async\" class=\"size-full wp-image-33755\" title=\"maddalena crippa\" src=\"http:\/\/www.bellunopress.it\/wp-content\/uploads\/2011\/12\/maddalena-crippa.jpg\" alt=\"\" width=\"319\" height=\"179\" \/><\/a><figcaption id=\"caption-attachment-33755\" class=\"wp-caption-text\">Maddalena Crippa<\/figcaption><\/figure>\n<p>La Stagione \u201cAuronzo di Scena\u201d, che ha ospitato negli anni interpreti prestigiosi quali Moni Ovadia, Jacopo Fo, Ottavia Piccolo, Lella Costa, Eugenio Allegri, inaugura la sua settima edizione con un\u2019attrice eclettica quale Maddalena Crippa, applauditissima dagli spettatori della nostra provincia in diversi spettacoli, da \u201cCanzonette vagabonde\u201d a \u201cA sud dell\u2019alma\u201d, fino al suo ultimo lavoro, presentato nella scorsa Stagione di Prosa al Comunale di Belluno, \u201cE pensare che c\u2019era il pensiero\u201d dove ha reinterpretato al femminile il grande genio di Giorgio Gaber. \u00a0 Sabato ad Auronzo, con Canto popolare, andr\u00e0 in scena un vero e proprio incontro fra tre personalit\u00e0 artistiche straordinarie: quella di Maddalena Crippa, raffinata e intensa attrice, quella di Pier Paolo Pasolini, intellettuale fra i pi\u00f9 significativi dell&#8217;Italia del Novecento, e quella di Paolo Schianchi, musicista di fama mondiale, che ha composto le musiche dello spettacolo. \u00a0 La bravissima e versatile attrice lombarda si fa interprete di alcune tra le pi\u00f9 belle e famose poesie civili di Pasolini, tratte dalle raccolte \u00abPoesia in forma di rosa\u00bb, \u00abLe ceneri di Gramsci\u00bb, \u00abPoesie disperse\u00bb, \u00abBestemmia\u00bb. E queste intense parole sono accompagnate, vero spettacolo nello spettacolo, dalle note di Paolo Schianchi, dai suoni prodotti dalle chitarre uniti ad altri suoni, echi, risonanze, grazie a Octopus, un sistema elettroacustico di sua creazione. Ne risulta un gioco sonoro di ritmi, di movimenti che si intrecciano, si inseguono, si moltiplicano, cos\u00ec come fanno eco e risuonano in noi le parole dell&#8217;autore.<\/p>\n<p>Canto Popolare \u00e8 uno spettacolo intenso e suggestivo, che suscita emozioni tanto pi\u00f9 siamo in grado di prestare ascolto, come spiega la stessa Maddalena Crippa, \u00ab\u00e8 una provocazione, visto che oggi sembra di non poter far nulla senza video, rumori eccessivi, multimedialit\u00e0 o altre frenesie. Invece questo spettacolo dimostra che \u00e8 possibile arricchirsi di una parola intensa, forte e necessaria come quella di Pasolini. C&#8217;\u00e8 bisogno di prendere in mano la propria vita e battersi per le cose che hanno davvero valore.\u00bb<\/p>\n<p>La Stagione proseguir\u00e0 sabato 4 febbraio, con Ciran\u00f2 e il suo invadente naso da Cyrano de Bergerac di Edmond Rostand, uno spettacolo spumeggiante, dai tratti fortemente popolari, dedicato all\u2019amore e alla giustizia, ispirato ad uno dei classici pi\u00f9 amati della letteratura di tutti i tempi.<\/p>\n<p>E poi, in chiusura, sabato 3 marzo, Ricordi con guerra, una straordinaria prova d\u2019attore in cui Stefano Cipiciani interpreta Pompilio, un fascio piccolo piccolo, un personaggio costruito nel tempo con grande cura, raccontato nella sua dimensione umana pi\u00f9 che storico-politica. Nato per un progetto messo in scena da Marco Baliani, il personaggio di Pompilio appartiene ad una galleria di storie sulla Resistenza antifascista che traggono spunto da testi di Italo Calvino e di Beppe Fenoglio. \u00a0 La Stagione Teatrale \u201cAuronzo di Scena\u201d, per la direzione artistica di Daniela Nicosia, \u00e8 organizzata da Tib Teatro, con il Comune di Auronzo di Cadore e la Fondazione Teatri delle Dolomiti, in collaborazione con Consorzio di Promozione Turistica Auronzo Misurina, la manifestazione \u00e8 realizzata nell\u2019ambito dell\u2019accordo di programma Regione del Veneto-Province del Veneto-Reteventi Cultura 2011-Provincia di Belluno, con il Ministero per i Beni e le Attivit\u00e0 Culturali, e con Il patrocinio della Regione del Veneto, MIUR\u2013USR del Veneto\u2013Ufficio Scolastico Provinciale di Belluno e Agiscuola. \u00a0 \u00a0 \u00a0 INFO 0437-950555 <a href=\"http:\/\/www.tibteatro.it\">www.tibteatro.it<\/a> Abbonamento euro 30,00. Biglietto singolo spettacolo euro 15,00. Inizio spettacoli ore 20:30.<\/p>","protected":false},"excerpt":{"rendered":"<p>La Stagione di Prosa \u201cAuronzo di Scena\u201d prende il via con un\u2019artista di eccezione, molto apprezzata dal pubblico bellunese, Maddalena Crippa, che sabato 7 gennaio 2012 alle ore 20.30 si esibir\u00e0 sul palco del Teatro Kursaal di Auronzo di Cadore con lo spettacolo Canto Popolare parole e suoni per Pier Paolo Pasolini. La Stagione \u201cAuronzo [&hellip;]<\/p>\n","protected":false},"author":2,"featured_media":0,"comment_status":"closed","ping_status":"open","sticky":false,"template":"","format":"standard","meta":{"footnotes":""},"categories":[27,3,25],"tags":[],"class_list":["post-33917","post","type-post","status-publish","format-standard","category-appuntamenti","category-arte-cultura-spettacoli-scienza-archivi","category-pausa-caffe"],"yoast_head":"<!-- This site is optimized with the Yoast SEO plugin v28.4 - https:\/\/yoast.com\/product\/yoast-seo-wordpress\/ -->\n<title>Maddalena Crippa in scena sabato al Kursaal di Auronzo, interprete dei pensieri di Pier Paolo Pasolini    - Bellunopress - Dolomiti<\/title>\n<meta name=\"robots\" content=\"index, follow, max-snippet:-1, max-image-preview:large, max-video-preview:-1\" \/>\n<link rel=\"canonical\" href=\"https:\/\/www.bellunopress.it\/fr\/2012\/01\/05\/maddalena-crippa-in-scena-sabato-al-kursaal-di-auronzo-interprete-dei-pensieri-di-pier-paolo-pasolini\/\" \/>\n<meta property=\"og:locale\" content=\"fr_FR\" \/>\n<meta property=\"og:type\" content=\"article\" \/>\n<meta property=\"og:title\" content=\"Maddalena Crippa in scena sabato al Kursaal di Auronzo, interprete dei pensieri di Pier Paolo Pasolini    - Bellunopress - Dolomiti\" \/>\n<meta property=\"og:description\" content=\"La Stagione di Prosa \u201cAuronzo di Scena\u201d prende il via con un\u2019artista di eccezione, molto apprezzata dal pubblico bellunese, Maddalena Crippa, che sabato 7 gennaio 2012 alle ore 20.30 si esibir\u00e0 sul palco del Teatro Kursaal di Auronzo di Cadore con lo spettacolo Canto Popolare parole e suoni per Pier Paolo Pasolini. La Stagione \u201cAuronzo [&hellip;]\" \/>\n<meta property=\"og:url\" content=\"https:\/\/www.bellunopress.it\/fr\/2012\/01\/05\/maddalena-crippa-in-scena-sabato-al-kursaal-di-auronzo-interprete-dei-pensieri-di-pier-paolo-pasolini\/\" \/>\n<meta property=\"og:site_name\" content=\"Bellunopress - Dolomiti\" \/>\n<meta property=\"article:publisher\" content=\"https:\/\/www.facebook.com\/profile.php?id=100008943462799\" \/>\n<meta property=\"article:published_time\" content=\"2012-01-05T08:16:58+00:00\" \/>\n<meta property=\"og:image\" content=\"http:\/\/www.bellunopress.it\/wp-content\/uploads\/2011\/12\/maddalena-crippa.jpg\" \/>\n<meta name=\"author\" content=\"redazione\" \/>\n<meta name=\"twitter:card\" content=\"summary_large_image\" \/>\n<meta name=\"twitter:creator\" content=\"@bellunopress\" \/>\n<meta name=\"twitter:site\" content=\"@bellunopress\" \/>\n<meta name=\"twitter:label1\" content=\"Written by\" \/>\n\t<meta name=\"twitter:data1\" content=\"redazione\" \/>\n\t<meta name=\"twitter:label2\" content=\"Est. reading time\" \/>\n\t<meta name=\"twitter:data2\" content=\"3 minutes\" \/>\n<script type=\"application\/ld+json\" class=\"yoast-schema-graph\">{\"@context\":\"https:\\\/\\\/schema.org\",\"@graph\":[{\"@type\":\"Article\",\"@id\":\"https:\\\/\\\/www.bellunopress.it\\\/2012\\\/01\\\/05\\\/maddalena-crippa-in-scena-sabato-al-kursaal-di-auronzo-interprete-dei-pensieri-di-pier-paolo-pasolini\\\/#article\",\"isPartOf\":{\"@id\":\"https:\\\/\\\/www.bellunopress.it\\\/2012\\\/01\\\/05\\\/maddalena-crippa-in-scena-sabato-al-kursaal-di-auronzo-interprete-dei-pensieri-di-pier-paolo-pasolini\\\/\"},\"author\":{\"name\":\"redazione\",\"@id\":\"https:\\\/\\\/www.bellunopress.it\\\/#\\\/schema\\\/person\\\/79bb06722b37ece1c03d3e94beb30d73\"},\"headline\":\"Maddalena Crippa in scena sabato al Kursaal di Auronzo, interprete dei pensieri di Pier Paolo Pasolini\",\"datePublished\":\"2012-01-05T08:16:58+00:00\",\"mainEntityOfPage\":{\"@id\":\"https:\\\/\\\/www.bellunopress.it\\\/2012\\\/01\\\/05\\\/maddalena-crippa-in-scena-sabato-al-kursaal-di-auronzo-interprete-dei-pensieri-di-pier-paolo-pasolini\\\/\"},\"wordCount\":616,\"publisher\":{\"@id\":\"https:\\\/\\\/www.bellunopress.it\\\/#organization\"},\"image\":{\"@id\":\"https:\\\/\\\/www.bellunopress.it\\\/2012\\\/01\\\/05\\\/maddalena-crippa-in-scena-sabato-al-kursaal-di-auronzo-interprete-dei-pensieri-di-pier-paolo-pasolini\\\/#primaryimage\"},\"thumbnailUrl\":\"http:\\\/\\\/www.bellunopress.it\\\/wp-content\\\/uploads\\\/2011\\\/12\\\/maddalena-crippa.jpg\",\"articleSection\":[\"Appuntamenti, Eventi\",\"Arte, Cultura, Spettacoli, Scienza\",\"Pausa Caff\u00e8\"],\"inLanguage\":\"fr-FR\"},{\"@type\":\"WebPage\",\"@id\":\"https:\\\/\\\/www.bellunopress.it\\\/2012\\\/01\\\/05\\\/maddalena-crippa-in-scena-sabato-al-kursaal-di-auronzo-interprete-dei-pensieri-di-pier-paolo-pasolini\\\/\",\"url\":\"https:\\\/\\\/www.bellunopress.it\\\/2012\\\/01\\\/05\\\/maddalena-crippa-in-scena-sabato-al-kursaal-di-auronzo-interprete-dei-pensieri-di-pier-paolo-pasolini\\\/\",\"name\":\"Maddalena Crippa in scena sabato al Kursaal di Auronzo, interprete dei pensieri di Pier Paolo Pasolini - Bellunopress - Dolomiti\",\"isPartOf\":{\"@id\":\"https:\\\/\\\/www.bellunopress.it\\\/#website\"},\"primaryImageOfPage\":{\"@id\":\"https:\\\/\\\/www.bellunopress.it\\\/2012\\\/01\\\/05\\\/maddalena-crippa-in-scena-sabato-al-kursaal-di-auronzo-interprete-dei-pensieri-di-pier-paolo-pasolini\\\/#primaryimage\"},\"image\":{\"@id\":\"https:\\\/\\\/www.bellunopress.it\\\/2012\\\/01\\\/05\\\/maddalena-crippa-in-scena-sabato-al-kursaal-di-auronzo-interprete-dei-pensieri-di-pier-paolo-pasolini\\\/#primaryimage\"},\"thumbnailUrl\":\"http:\\\/\\\/www.bellunopress.it\\\/wp-content\\\/uploads\\\/2011\\\/12\\\/maddalena-crippa.jpg\",\"datePublished\":\"2012-01-05T08:16:58+00:00\",\"breadcrumb\":{\"@id\":\"https:\\\/\\\/www.bellunopress.it\\\/2012\\\/01\\\/05\\\/maddalena-crippa-in-scena-sabato-al-kursaal-di-auronzo-interprete-dei-pensieri-di-pier-paolo-pasolini\\\/#breadcrumb\"},\"inLanguage\":\"fr-FR\",\"potentialAction\":[{\"@type\":\"ReadAction\",\"target\":[\"https:\\\/\\\/www.bellunopress.it\\\/2012\\\/01\\\/05\\\/maddalena-crippa-in-scena-sabato-al-kursaal-di-auronzo-interprete-dei-pensieri-di-pier-paolo-pasolini\\\/\"]}]},{\"@type\":\"ImageObject\",\"inLanguage\":\"fr-FR\",\"@id\":\"https:\\\/\\\/www.bellunopress.it\\\/2012\\\/01\\\/05\\\/maddalena-crippa-in-scena-sabato-al-kursaal-di-auronzo-interprete-dei-pensieri-di-pier-paolo-pasolini\\\/#primaryimage\",\"url\":\"http:\\\/\\\/www.bellunopress.it\\\/wp-content\\\/uploads\\\/2011\\\/12\\\/maddalena-crippa.jpg\",\"contentUrl\":\"http:\\\/\\\/www.bellunopress.it\\\/wp-content\\\/uploads\\\/2011\\\/12\\\/maddalena-crippa.jpg\"},{\"@type\":\"BreadcrumbList\",\"@id\":\"https:\\\/\\\/www.bellunopress.it\\\/2012\\\/01\\\/05\\\/maddalena-crippa-in-scena-sabato-al-kursaal-di-auronzo-interprete-dei-pensieri-di-pier-paolo-pasolini\\\/#breadcrumb\",\"itemListElement\":[{\"@type\":\"ListItem\",\"position\":1,\"name\":\"Home\",\"item\":\"https:\\\/\\\/www.bellunopress.it\\\/\"},{\"@type\":\"ListItem\",\"position\":2,\"name\":\"Maddalena Crippa in scena sabato al Kursaal di Auronzo, interprete dei pensieri di Pier Paolo Pasolini\"}]},{\"@type\":\"WebSite\",\"@id\":\"https:\\\/\\\/www.bellunopress.it\\\/#website\",\"url\":\"https:\\\/\\\/www.bellunopress.it\\\/\",\"name\":\"Bellunopress - Dolomiti\",\"description\":\"e-mail: redazione@bellunopress.it\",\"publisher\":{\"@id\":\"https:\\\/\\\/www.bellunopress.it\\\/#organization\"},\"potentialAction\":[{\"@type\":\"SearchAction\",\"target\":{\"@type\":\"EntryPoint\",\"urlTemplate\":\"https:\\\/\\\/www.bellunopress.it\\\/?s={search_term_string}\"},\"query-input\":{\"@type\":\"PropertyValueSpecification\",\"valueRequired\":true,\"valueName\":\"search_term_string\"}}],\"inLanguage\":\"fr-FR\"},{\"@type\":\"Organization\",\"@id\":\"https:\\\/\\\/www.bellunopress.it\\\/#organization\",\"name\":\"Bellunopress\",\"url\":\"https:\\\/\\\/www.bellunopress.it\\\/\",\"logo\":{\"@type\":\"ImageObject\",\"inLanguage\":\"fr-FR\",\"@id\":\"https:\\\/\\\/www.bellunopress.it\\\/#\\\/schema\\\/logo\\\/image\\\/\",\"url\":\"https:\\\/\\\/www.bellunopress.it\\\/wp-content\\\/uploads\\\/2011\\\/05\\\/cropped-logo-bellunopress-.jpg\",\"contentUrl\":\"https:\\\/\\\/www.bellunopress.it\\\/wp-content\\\/uploads\\\/2011\\\/05\\\/cropped-logo-bellunopress-.jpg\",\"width\":512,\"height\":512,\"caption\":\"Bellunopress\"},\"image\":{\"@id\":\"https:\\\/\\\/www.bellunopress.it\\\/#\\\/schema\\\/logo\\\/image\\\/\"},\"sameAs\":[\"https:\\\/\\\/www.facebook.com\\\/profile.php?id=100008943462799\",\"https:\\\/\\\/x.com\\\/bellunopress\",\"https:\\\/\\\/www.linkedin.com\\\/hp\\\/?dnr=JBzUWaJfMUw8vbXJJ2tVW5-I3jZKvC4wsoxE&amp;amp;amp;amp;amp;amp;trk=nav_responsive_tab_home\",\"https:\\\/\\\/www.youtube.com\\\/channel\\\/UCxL0wu1uN0_3_7hGG0306cw\"]},{\"@type\":\"Person\",\"@id\":\"https:\\\/\\\/www.bellunopress.it\\\/#\\\/schema\\\/person\\\/79bb06722b37ece1c03d3e94beb30d73\",\"name\":\"redazione\",\"image\":{\"@type\":\"ImageObject\",\"inLanguage\":\"fr-FR\",\"@id\":\"https:\\\/\\\/secure.gravatar.com\\\/avatar\\\/37d968a2e67a6fd04c169c4bdef102d0bc5d31b2546345219e348575eb80e9a0?s=96&d=mm&r=g\",\"url\":\"https:\\\/\\\/secure.gravatar.com\\\/avatar\\\/37d968a2e67a6fd04c169c4bdef102d0bc5d31b2546345219e348575eb80e9a0?s=96&d=mm&r=g\",\"contentUrl\":\"https:\\\/\\\/secure.gravatar.com\\\/avatar\\\/37d968a2e67a6fd04c169c4bdef102d0bc5d31b2546345219e348575eb80e9a0?s=96&d=mm&r=g\",\"caption\":\"redazione\"},\"sameAs\":[\"http:\\\/\\\/www.bellunopress.it\",\"https:\\\/\\\/x.com\\\/bellunopress\"],\"url\":\"https:\\\/\\\/www.bellunopress.it\\\/fr\\\/author\\\/redazione\\\/\"}]}<\/script>\n<!-- \/ Yoast SEO plugin. -->","yoast_head_json":{"title":"Maddalena Crippa in scena sabato al Kursaal di Auronzo, interprete dei pensieri di Pier Paolo Pasolini    - Bellunopress - Dolomiti","robots":{"index":"index","follow":"follow","max-snippet":"max-snippet:-1","max-image-preview":"max-image-preview:large","max-video-preview":"max-video-preview:-1"},"canonical":"https:\/\/www.bellunopress.it\/fr\/2012\/01\/05\/maddalena-crippa-in-scena-sabato-al-kursaal-di-auronzo-interprete-dei-pensieri-di-pier-paolo-pasolini\/","og_locale":"fr_FR","og_type":"article","og_title":"Maddalena Crippa in scena sabato al Kursaal di Auronzo, interprete dei pensieri di Pier Paolo Pasolini    - Bellunopress - Dolomiti","og_description":"La Stagione di Prosa \u201cAuronzo di Scena\u201d prende il via con un\u2019artista di eccezione, molto apprezzata dal pubblico bellunese, Maddalena Crippa, che sabato 7 gennaio 2012 alle ore 20.30 si esibir\u00e0 sul palco del Teatro Kursaal di Auronzo di Cadore con lo spettacolo Canto Popolare parole e suoni per Pier Paolo Pasolini. La Stagione \u201cAuronzo [&hellip;]","og_url":"https:\/\/www.bellunopress.it\/fr\/2012\/01\/05\/maddalena-crippa-in-scena-sabato-al-kursaal-di-auronzo-interprete-dei-pensieri-di-pier-paolo-pasolini\/","og_site_name":"Bellunopress - Dolomiti","article_publisher":"https:\/\/www.facebook.com\/profile.php?id=100008943462799","article_published_time":"2012-01-05T08:16:58+00:00","og_image":[{"url":"http:\/\/www.bellunopress.it\/wp-content\/uploads\/2011\/12\/maddalena-crippa.jpg","type":"","width":"","height":""}],"author":"redazione","twitter_card":"summary_large_image","twitter_creator":"@bellunopress","twitter_site":"@bellunopress","twitter_misc":{"Written by":"redazione","Est. reading time":"3 minutes"},"schema":{"@context":"https:\/\/schema.org","@graph":[{"@type":"Article","@id":"https:\/\/www.bellunopress.it\/2012\/01\/05\/maddalena-crippa-in-scena-sabato-al-kursaal-di-auronzo-interprete-dei-pensieri-di-pier-paolo-pasolini\/#article","isPartOf":{"@id":"https:\/\/www.bellunopress.it\/2012\/01\/05\/maddalena-crippa-in-scena-sabato-al-kursaal-di-auronzo-interprete-dei-pensieri-di-pier-paolo-pasolini\/"},"author":{"name":"redazione","@id":"https:\/\/www.bellunopress.it\/#\/schema\/person\/79bb06722b37ece1c03d3e94beb30d73"},"headline":"Maddalena Crippa in scena sabato al Kursaal di Auronzo, interprete dei pensieri di Pier Paolo Pasolini","datePublished":"2012-01-05T08:16:58+00:00","mainEntityOfPage":{"@id":"https:\/\/www.bellunopress.it\/2012\/01\/05\/maddalena-crippa-in-scena-sabato-al-kursaal-di-auronzo-interprete-dei-pensieri-di-pier-paolo-pasolini\/"},"wordCount":616,"publisher":{"@id":"https:\/\/www.bellunopress.it\/#organization"},"image":{"@id":"https:\/\/www.bellunopress.it\/2012\/01\/05\/maddalena-crippa-in-scena-sabato-al-kursaal-di-auronzo-interprete-dei-pensieri-di-pier-paolo-pasolini\/#primaryimage"},"thumbnailUrl":"http:\/\/www.bellunopress.it\/wp-content\/uploads\/2011\/12\/maddalena-crippa.jpg","articleSection":["Appuntamenti, Eventi","Arte, Cultura, Spettacoli, Scienza","Pausa Caff\u00e8"],"inLanguage":"fr-FR"},{"@type":"WebPage","@id":"https:\/\/www.bellunopress.it\/2012\/01\/05\/maddalena-crippa-in-scena-sabato-al-kursaal-di-auronzo-interprete-dei-pensieri-di-pier-paolo-pasolini\/","url":"https:\/\/www.bellunopress.it\/2012\/01\/05\/maddalena-crippa-in-scena-sabato-al-kursaal-di-auronzo-interprete-dei-pensieri-di-pier-paolo-pasolini\/","name":"Maddalena Crippa in scena sabato al Kursaal di Auronzo, interprete dei pensieri di Pier Paolo Pasolini - Bellunopress - Dolomiti","isPartOf":{"@id":"https:\/\/www.bellunopress.it\/#website"},"primaryImageOfPage":{"@id":"https:\/\/www.bellunopress.it\/2012\/01\/05\/maddalena-crippa-in-scena-sabato-al-kursaal-di-auronzo-interprete-dei-pensieri-di-pier-paolo-pasolini\/#primaryimage"},"image":{"@id":"https:\/\/www.bellunopress.it\/2012\/01\/05\/maddalena-crippa-in-scena-sabato-al-kursaal-di-auronzo-interprete-dei-pensieri-di-pier-paolo-pasolini\/#primaryimage"},"thumbnailUrl":"http:\/\/www.bellunopress.it\/wp-content\/uploads\/2011\/12\/maddalena-crippa.jpg","datePublished":"2012-01-05T08:16:58+00:00","breadcrumb":{"@id":"https:\/\/www.bellunopress.it\/2012\/01\/05\/maddalena-crippa-in-scena-sabato-al-kursaal-di-auronzo-interprete-dei-pensieri-di-pier-paolo-pasolini\/#breadcrumb"},"inLanguage":"fr-FR","potentialAction":[{"@type":"ReadAction","target":["https:\/\/www.bellunopress.it\/2012\/01\/05\/maddalena-crippa-in-scena-sabato-al-kursaal-di-auronzo-interprete-dei-pensieri-di-pier-paolo-pasolini\/"]}]},{"@type":"ImageObject","inLanguage":"fr-FR","@id":"https:\/\/www.bellunopress.it\/2012\/01\/05\/maddalena-crippa-in-scena-sabato-al-kursaal-di-auronzo-interprete-dei-pensieri-di-pier-paolo-pasolini\/#primaryimage","url":"http:\/\/www.bellunopress.it\/wp-content\/uploads\/2011\/12\/maddalena-crippa.jpg","contentUrl":"http:\/\/www.bellunopress.it\/wp-content\/uploads\/2011\/12\/maddalena-crippa.jpg"},{"@type":"BreadcrumbList","@id":"https:\/\/www.bellunopress.it\/2012\/01\/05\/maddalena-crippa-in-scena-sabato-al-kursaal-di-auronzo-interprete-dei-pensieri-di-pier-paolo-pasolini\/#breadcrumb","itemListElement":[{"@type":"ListItem","position":1,"name":"Home","item":"https:\/\/www.bellunopress.it\/"},{"@type":"ListItem","position":2,"name":"Maddalena Crippa in scena sabato al Kursaal di Auronzo, interprete dei pensieri di Pier Paolo Pasolini"}]},{"@type":"WebSite","@id":"https:\/\/www.bellunopress.it\/#website","url":"https:\/\/www.bellunopress.it\/","name":"Bellunopress - Dolomiti","description":"e-mail: redazione@bellunopress.it","publisher":{"@id":"https:\/\/www.bellunopress.it\/#organization"},"potentialAction":[{"@type":"SearchAction","target":{"@type":"EntryPoint","urlTemplate":"https:\/\/www.bellunopress.it\/?s={search_term_string}"},"query-input":{"@type":"PropertyValueSpecification","valueRequired":true,"valueName":"search_term_string"}}],"inLanguage":"fr-FR"},{"@type":"Organization","@id":"https:\/\/www.bellunopress.it\/#organization","name":"Bellunopress","url":"https:\/\/www.bellunopress.it\/","logo":{"@type":"ImageObject","inLanguage":"fr-FR","@id":"https:\/\/www.bellunopress.it\/#\/schema\/logo\/image\/","url":"https:\/\/www.bellunopress.it\/wp-content\/uploads\/2011\/05\/cropped-logo-bellunopress-.jpg","contentUrl":"https:\/\/www.bellunopress.it\/wp-content\/uploads\/2011\/05\/cropped-logo-bellunopress-.jpg","width":512,"height":512,"caption":"Bellunopress"},"image":{"@id":"https:\/\/www.bellunopress.it\/#\/schema\/logo\/image\/"},"sameAs":["https:\/\/www.facebook.com\/profile.php?id=100008943462799","https:\/\/x.com\/bellunopress","https:\/\/www.linkedin.com\/hp\/?dnr=JBzUWaJfMUw8vbXJJ2tVW5-I3jZKvC4wsoxE&amp;amp;amp;amp;amp;amp;trk=nav_responsive_tab_home","https:\/\/www.youtube.com\/channel\/UCxL0wu1uN0_3_7hGG0306cw"]},{"@type":"Person","@id":"https:\/\/www.bellunopress.it\/#\/schema\/person\/79bb06722b37ece1c03d3e94beb30d73","name":"r\u00e9daction","image":{"@type":"ImageObject","inLanguage":"fr-FR","@id":"https:\/\/secure.gravatar.com\/avatar\/37d968a2e67a6fd04c169c4bdef102d0bc5d31b2546345219e348575eb80e9a0?s=96&d=mm&r=g","url":"https:\/\/secure.gravatar.com\/avatar\/37d968a2e67a6fd04c169c4bdef102d0bc5d31b2546345219e348575eb80e9a0?s=96&d=mm&r=g","contentUrl":"https:\/\/secure.gravatar.com\/avatar\/37d968a2e67a6fd04c169c4bdef102d0bc5d31b2546345219e348575eb80e9a0?s=96&d=mm&r=g","caption":"redazione"},"sameAs":["http:\/\/www.bellunopress.it","https:\/\/x.com\/bellunopress"],"url":"https:\/\/www.bellunopress.it\/fr\/author\/redazione\/"}]}},"_links":{"self":[{"href":"https:\/\/www.bellunopress.it\/fr\/wp-json\/wp\/v2\/posts\/33917","targetHints":{"allow":["GET"]}}],"collection":[{"href":"https:\/\/www.bellunopress.it\/fr\/wp-json\/wp\/v2\/posts"}],"about":[{"href":"https:\/\/www.bellunopress.it\/fr\/wp-json\/wp\/v2\/types\/post"}],"author":[{"embeddable":true,"href":"https:\/\/www.bellunopress.it\/fr\/wp-json\/wp\/v2\/users\/2"}],"replies":[{"embeddable":true,"href":"https:\/\/www.bellunopress.it\/fr\/wp-json\/wp\/v2\/comments?post=33917"}],"version-history":[{"count":1,"href":"https:\/\/www.bellunopress.it\/fr\/wp-json\/wp\/v2\/posts\/33917\/revisions"}],"predecessor-version":[{"id":33918,"href":"https:\/\/www.bellunopress.it\/fr\/wp-json\/wp\/v2\/posts\/33917\/revisions\/33918"}],"wp:attachment":[{"href":"https:\/\/www.bellunopress.it\/fr\/wp-json\/wp\/v2\/media?parent=33917"}],"wp:term":[{"taxonomy":"category","embeddable":true,"href":"https:\/\/www.bellunopress.it\/fr\/wp-json\/wp\/v2\/categories?post=33917"},{"taxonomy":"post_tag","embeddable":true,"href":"https:\/\/www.bellunopress.it\/fr\/wp-json\/wp\/v2\/tags?post=33917"}],"curies":[{"name":"wp","href":"https:\/\/api.w.org\/{rel}","templated":true}]}}