{"id":33912,"date":"2012-01-08T04:02:20","date_gmt":"2012-01-08T03:02:20","guid":{"rendered":"http:\/\/www.bellunopress.it\/?p=33912"},"modified":"2012-01-05T09:03:43","modified_gmt":"2012-01-05T08:03:43","slug":"presentazione-volume-andar-per-monti-la-grande-passione-il-12-gennaio-a-pedavena","status":"publish","type":"post","link":"https:\/\/www.bellunopress.it\/fr\/2012\/01\/08\/presentazione-volume-andar-per-monti-la-grande-passione-il-12-gennaio-a-pedavena\/","title":{"rendered":"Presentazione volume &#8220;Andar per monti. La grande passione&#8221; il 12 gennaio a Pedavena"},"content":{"rendered":"<p>Dopo l\u2019inaugurazione della mostra &#8220;Andar per monti. La grande passione&#8221; (visitabile fino al 21 gennaio presso il ristorante Pavone a Feltre) gioved\u00ec 12 gennaio 2012, alle ore 20,30 a Pedavena presso il Centro Culturale S. Guarnieri ha luogo la presentazione dell\u2019omonimo volume realizzato in occasione dei 90 anni di fondazione della Sezione CAI di Feltre, costituita il 30 aprile 1922. Nell\u2019occasione gli autori della pubblicazione proporranno un\u2019inedita presentazione del lavoro di ricerca da loro svolto, attraverso la proiezione e il commento delle pi\u00f9 significative immagini pubblicate nel volume e che fanno parte dell\u2019archivio fotografico della Sezione. Le fotografie conservate presso la sezione CAI di Feltre, oggi archiviate e catalogate grazie all\u2019apporto dell\u2019Archivio Fotostorico feltrino, sono una fonte storica di indiscusso valore e l\u2019uso che ne \u00e8 stato fatto, attraverso l\u2019allestimento della mostra (110 pannelli e 550 immagini) e la realizzazione di questo volume (165 immagini e tre testi critici), sono solo due degli innumerevoli percorsi di rappresentazione possibili di una memoria collettiva nel confronto fra passato e presente. In apertura della serata ci sar\u00e0 l\u2019intervento di due personalit\u00e0 di spicco nel campo della montagna e del Club Alpino Italiano: Umberto Martini presidente Generale Club Alpino Italiano e il proff. Andrea Zannini presidente Commissione Centrale Pubblicazioni del CAI e docente di Storia moderna presso l&#8217;Universit\u00e0 degli Studi di Udine. Il volume \u00e8 edito dalla Sezione CAI di Feltre ed \u00e8 curato da Bianca Simonato Zasio con testi di Teddy Soppelsa e Francesco Padovani. L\u2019intervento di Bianca Simonato Zasio ripercorre con puntiglio storiografico, ma anche con appassionata compartecipazione, le vicende che hanno visto l\u2019istituzione e lo sviluppo della Sezione feltrina del CAI, dall\u2019immediato primo dopoguerra alla seconda guerra mondiale. Drammatico evento, questo, che ha segnato un\u2019inevitabile battuta d\u2019arresto anche nell\u2019attivit\u00e0 della Sezione. Ma poi si assiste al suo rilancio, negli anni \u201850 e \u201960, in cui sono state gettate le basi strutturali (sentieri, bivacchi e rifugi) dell\u2019attuale gestione. Ed anche questa fase \u00e8 descritta con rigoroso rispetto dei dati storici, da Bianca Simonato, senza rinunciare ad un coinvolgimento emotivo per fatti e personaggi che lei ha conosciuto in prima persona. Il contributo di Teddy Soppelsa ci fa rivivere, anche attraverso le testimonianze dei protagonisti, le pi\u00f9 significative imprese alpinistiche compiute sulle montagne feltrine, risalendo alle prime arrampicate affrontate dagli alpinisti inglesi e tedeschi a partire dalla met\u00e0 dell\u2019Ottocento, per ripercorrere poi le pi\u00f9 importanti vie aperte dai rocciatori locali, fino alle pi\u00f9 recenti scalate degli anni \u201970, che vedono progressivamente l\u2019affermarsi di uno nuovo spirito e di una diversa mentalit\u00e0 nell\u2019approccio con le montagne. Il testo di Francesco Padovani propone una lettura \u201cesterna\u201d della storia del CAI Feltrino, tutta basata sulla significazione delle immagini, con osservazioni a volte critiche, ma mai malevole nei confronti di questa associazione, che, come ha ben sottolineato, fin dalle origini ha fondato la sua forza, nello spirito di gruppo e nella solidariet\u00e0 fra i soci.<\/p>\n<p>Info: Biblioteca Civica di Pedavena 0439.301818, e-mail: <a href=\"mailto:biblioteca.pedavena@feltrino.bl.it\">biblioteca.pedavena@feltrino.bl.it<\/a>.<\/p>","protected":false},"excerpt":{"rendered":"<p>Dopo l\u2019inaugurazione della mostra &#8220;Andar per monti. La grande passione&#8221; (visitabile fino al 21 gennaio presso il ristorante Pavone a Feltre) gioved\u00ec 12 gennaio 2012, alle ore 20,30 a Pedavena presso il Centro Culturale S. Guarnieri ha luogo la presentazione dell\u2019omonimo volume realizzato in occasione dei 90 anni di fondazione della Sezione CAI di Feltre, [&hellip;]<\/p>\n","protected":false},"author":2,"featured_media":0,"comment_status":"closed","ping_status":"open","sticky":false,"template":"","format":"standard","meta":{"footnotes":""},"categories":[27,3,25],"tags":[],"class_list":["post-33912","post","type-post","status-publish","format-standard","category-appuntamenti","category-arte-cultura-spettacoli-scienza-archivi","category-pausa-caffe"],"yoast_head":"<!-- This site is optimized with the Yoast SEO plugin v28.4 - https:\/\/yoast.com\/product\/yoast-seo-wordpress\/ -->\n<title>Presentazione volume &quot;Andar per monti. La grande passione&quot; il 12 gennaio a Pedavena - Bellunopress - Dolomiti<\/title>\n<meta name=\"robots\" content=\"index, follow, max-snippet:-1, max-image-preview:large, max-video-preview:-1\" \/>\n<link rel=\"canonical\" href=\"https:\/\/www.bellunopress.it\/fr\/2012\/01\/08\/presentazione-volume-andar-per-monti-la-grande-passione-il-12-gennaio-a-pedavena\/\" \/>\n<meta property=\"og:locale\" content=\"fr_FR\" \/>\n<meta property=\"og:type\" content=\"article\" \/>\n<meta property=\"og:title\" content=\"Presentazione volume &quot;Andar per monti. La grande passione&quot; il 12 gennaio a Pedavena - Bellunopress - Dolomiti\" \/>\n<meta property=\"og:description\" content=\"Dopo l\u2019inaugurazione della mostra &#8220;Andar per monti. La grande passione&#8221; (visitabile fino al 21 gennaio presso il ristorante Pavone a Feltre) gioved\u00ec 12 gennaio 2012, alle ore 20,30 a Pedavena presso il Centro Culturale S. Guarnieri ha luogo la presentazione dell\u2019omonimo volume realizzato in occasione dei 90 anni di fondazione della Sezione CAI di Feltre, [&hellip;]\" \/>\n<meta property=\"og:url\" content=\"https:\/\/www.bellunopress.it\/fr\/2012\/01\/08\/presentazione-volume-andar-per-monti-la-grande-passione-il-12-gennaio-a-pedavena\/\" \/>\n<meta property=\"og:site_name\" content=\"Bellunopress - Dolomiti\" \/>\n<meta property=\"article:publisher\" content=\"https:\/\/www.facebook.com\/profile.php?id=100008943462799\" \/>\n<meta property=\"article:published_time\" content=\"2012-01-08T03:02:20+00:00\" \/>\n<meta property=\"og:image\" content=\"http:\/\/www.bellunopress.it\/wp-content\/uploads\/2012\/07\/logo-bellunopress-250x250-2012.jpg\" \/>\n<meta name=\"author\" content=\"redazione\" \/>\n<meta name=\"twitter:card\" content=\"summary_large_image\" \/>\n<meta name=\"twitter:creator\" content=\"@bellunopress\" \/>\n<meta name=\"twitter:site\" content=\"@bellunopress\" \/>\n<meta name=\"twitter:label1\" content=\"Written by\" \/>\n\t<meta name=\"twitter:data1\" content=\"redazione\" \/>\n\t<meta name=\"twitter:label2\" content=\"Est. reading time\" \/>\n\t<meta name=\"twitter:data2\" content=\"2 minutes\" \/>\n<script type=\"application\/ld+json\" class=\"yoast-schema-graph\">{\"@context\":\"https:\\\/\\\/schema.org\",\"@graph\":[{\"@type\":\"Article\",\"@id\":\"https:\\\/\\\/www.bellunopress.it\\\/2012\\\/01\\\/08\\\/presentazione-volume-andar-per-monti-la-grande-passione-il-12-gennaio-a-pedavena\\\/#article\",\"isPartOf\":{\"@id\":\"https:\\\/\\\/www.bellunopress.it\\\/2012\\\/01\\\/08\\\/presentazione-volume-andar-per-monti-la-grande-passione-il-12-gennaio-a-pedavena\\\/\"},\"author\":{\"name\":\"redazione\",\"@id\":\"https:\\\/\\\/www.bellunopress.it\\\/#\\\/schema\\\/person\\\/79bb06722b37ece1c03d3e94beb30d73\"},\"headline\":\"Presentazione volume &#8220;Andar per monti. La grande passione&#8221; il 12 gennaio a Pedavena\",\"datePublished\":\"2012-01-08T03:02:20+00:00\",\"mainEntityOfPage\":{\"@id\":\"https:\\\/\\\/www.bellunopress.it\\\/2012\\\/01\\\/08\\\/presentazione-volume-andar-per-monti-la-grande-passione-il-12-gennaio-a-pedavena\\\/\"},\"wordCount\":505,\"publisher\":{\"@id\":\"https:\\\/\\\/www.bellunopress.it\\\/#organization\"},\"articleSection\":[\"Appuntamenti, Eventi\",\"Arte, Cultura, Spettacoli, Scienza\",\"Pausa Caff\u00e8\"],\"inLanguage\":\"fr-FR\"},{\"@type\":\"WebPage\",\"@id\":\"https:\\\/\\\/www.bellunopress.it\\\/2012\\\/01\\\/08\\\/presentazione-volume-andar-per-monti-la-grande-passione-il-12-gennaio-a-pedavena\\\/\",\"url\":\"https:\\\/\\\/www.bellunopress.it\\\/2012\\\/01\\\/08\\\/presentazione-volume-andar-per-monti-la-grande-passione-il-12-gennaio-a-pedavena\\\/\",\"name\":\"Presentazione volume \\\"Andar per monti. La grande passione\\\" il 12 gennaio a Pedavena - Bellunopress - Dolomiti\",\"isPartOf\":{\"@id\":\"https:\\\/\\\/www.bellunopress.it\\\/#website\"},\"datePublished\":\"2012-01-08T03:02:20+00:00\",\"breadcrumb\":{\"@id\":\"https:\\\/\\\/www.bellunopress.it\\\/2012\\\/01\\\/08\\\/presentazione-volume-andar-per-monti-la-grande-passione-il-12-gennaio-a-pedavena\\\/#breadcrumb\"},\"inLanguage\":\"fr-FR\",\"potentialAction\":[{\"@type\":\"ReadAction\",\"target\":[\"https:\\\/\\\/www.bellunopress.it\\\/2012\\\/01\\\/08\\\/presentazione-volume-andar-per-monti-la-grande-passione-il-12-gennaio-a-pedavena\\\/\"]}]},{\"@type\":\"BreadcrumbList\",\"@id\":\"https:\\\/\\\/www.bellunopress.it\\\/2012\\\/01\\\/08\\\/presentazione-volume-andar-per-monti-la-grande-passione-il-12-gennaio-a-pedavena\\\/#breadcrumb\",\"itemListElement\":[{\"@type\":\"ListItem\",\"position\":1,\"name\":\"Home\",\"item\":\"https:\\\/\\\/www.bellunopress.it\\\/\"},{\"@type\":\"ListItem\",\"position\":2,\"name\":\"Presentazione volume &#8220;Andar per monti. La grande passione&#8221; il 12 gennaio a Pedavena\"}]},{\"@type\":\"WebSite\",\"@id\":\"https:\\\/\\\/www.bellunopress.it\\\/#website\",\"url\":\"https:\\\/\\\/www.bellunopress.it\\\/\",\"name\":\"Bellunopress - Dolomiti\",\"description\":\"e-mail: redazione@bellunopress.it\",\"publisher\":{\"@id\":\"https:\\\/\\\/www.bellunopress.it\\\/#organization\"},\"potentialAction\":[{\"@type\":\"SearchAction\",\"target\":{\"@type\":\"EntryPoint\",\"urlTemplate\":\"https:\\\/\\\/www.bellunopress.it\\\/?s={search_term_string}\"},\"query-input\":{\"@type\":\"PropertyValueSpecification\",\"valueRequired\":true,\"valueName\":\"search_term_string\"}}],\"inLanguage\":\"fr-FR\"},{\"@type\":\"Organization\",\"@id\":\"https:\\\/\\\/www.bellunopress.it\\\/#organization\",\"name\":\"Bellunopress\",\"url\":\"https:\\\/\\\/www.bellunopress.it\\\/\",\"logo\":{\"@type\":\"ImageObject\",\"inLanguage\":\"fr-FR\",\"@id\":\"https:\\\/\\\/www.bellunopress.it\\\/#\\\/schema\\\/logo\\\/image\\\/\",\"url\":\"https:\\\/\\\/www.bellunopress.it\\\/wp-content\\\/uploads\\\/2011\\\/05\\\/cropped-logo-bellunopress-.jpg\",\"contentUrl\":\"https:\\\/\\\/www.bellunopress.it\\\/wp-content\\\/uploads\\\/2011\\\/05\\\/cropped-logo-bellunopress-.jpg\",\"width\":512,\"height\":512,\"caption\":\"Bellunopress\"},\"image\":{\"@id\":\"https:\\\/\\\/www.bellunopress.it\\\/#\\\/schema\\\/logo\\\/image\\\/\"},\"sameAs\":[\"https:\\\/\\\/www.facebook.com\\\/profile.php?id=100008943462799\",\"https:\\\/\\\/x.com\\\/bellunopress\",\"https:\\\/\\\/www.linkedin.com\\\/hp\\\/?dnr=JBzUWaJfMUw8vbXJJ2tVW5-I3jZKvC4wsoxE&amp;amp;amp;amp;amp;amp;trk=nav_responsive_tab_home\",\"https:\\\/\\\/www.youtube.com\\\/channel\\\/UCxL0wu1uN0_3_7hGG0306cw\"]},{\"@type\":\"Person\",\"@id\":\"https:\\\/\\\/www.bellunopress.it\\\/#\\\/schema\\\/person\\\/79bb06722b37ece1c03d3e94beb30d73\",\"name\":\"redazione\",\"image\":{\"@type\":\"ImageObject\",\"inLanguage\":\"fr-FR\",\"@id\":\"https:\\\/\\\/secure.gravatar.com\\\/avatar\\\/37d968a2e67a6fd04c169c4bdef102d0bc5d31b2546345219e348575eb80e9a0?s=96&d=mm&r=g\",\"url\":\"https:\\\/\\\/secure.gravatar.com\\\/avatar\\\/37d968a2e67a6fd04c169c4bdef102d0bc5d31b2546345219e348575eb80e9a0?s=96&d=mm&r=g\",\"contentUrl\":\"https:\\\/\\\/secure.gravatar.com\\\/avatar\\\/37d968a2e67a6fd04c169c4bdef102d0bc5d31b2546345219e348575eb80e9a0?s=96&d=mm&r=g\",\"caption\":\"redazione\"},\"sameAs\":[\"http:\\\/\\\/www.bellunopress.it\",\"https:\\\/\\\/x.com\\\/bellunopress\"],\"url\":\"https:\\\/\\\/www.bellunopress.it\\\/fr\\\/author\\\/redazione\\\/\"}]}<\/script>\n<!-- \/ Yoast SEO plugin. -->","yoast_head_json":{"title":"Presentazione volume \"Andar per monti. La grande passione\" il 12 gennaio a Pedavena - Bellunopress - Dolomiti","robots":{"index":"index","follow":"follow","max-snippet":"max-snippet:-1","max-image-preview":"max-image-preview:large","max-video-preview":"max-video-preview:-1"},"canonical":"https:\/\/www.bellunopress.it\/fr\/2012\/01\/08\/presentazione-volume-andar-per-monti-la-grande-passione-il-12-gennaio-a-pedavena\/","og_locale":"fr_FR","og_type":"article","og_title":"Presentazione volume \"Andar per monti. La grande passione\" il 12 gennaio a Pedavena - Bellunopress - Dolomiti","og_description":"Dopo l\u2019inaugurazione della mostra &#8220;Andar per monti. La grande passione&#8221; (visitabile fino al 21 gennaio presso il ristorante Pavone a Feltre) gioved\u00ec 12 gennaio 2012, alle ore 20,30 a Pedavena presso il Centro Culturale S. Guarnieri ha luogo la presentazione dell\u2019omonimo volume realizzato in occasione dei 90 anni di fondazione della Sezione CAI di Feltre, [&hellip;]","og_url":"https:\/\/www.bellunopress.it\/fr\/2012\/01\/08\/presentazione-volume-andar-per-monti-la-grande-passione-il-12-gennaio-a-pedavena\/","og_site_name":"Bellunopress - Dolomiti","article_publisher":"https:\/\/www.facebook.com\/profile.php?id=100008943462799","article_published_time":"2012-01-08T03:02:20+00:00","og_image":[{"url":"http:\/\/www.bellunopress.it\/wp-content\/uploads\/2012\/07\/logo-bellunopress-250x250-2012.jpg","type":"","width":"","height":""}],"author":"redazione","twitter_card":"summary_large_image","twitter_creator":"@bellunopress","twitter_site":"@bellunopress","twitter_misc":{"Written by":"redazione","Est. reading time":"2 minutes"},"schema":{"@context":"https:\/\/schema.org","@graph":[{"@type":"Article","@id":"https:\/\/www.bellunopress.it\/2012\/01\/08\/presentazione-volume-andar-per-monti-la-grande-passione-il-12-gennaio-a-pedavena\/#article","isPartOf":{"@id":"https:\/\/www.bellunopress.it\/2012\/01\/08\/presentazione-volume-andar-per-monti-la-grande-passione-il-12-gennaio-a-pedavena\/"},"author":{"name":"redazione","@id":"https:\/\/www.bellunopress.it\/#\/schema\/person\/79bb06722b37ece1c03d3e94beb30d73"},"headline":"Presentazione volume &#8220;Andar per monti. La grande passione&#8221; il 12 gennaio a Pedavena","datePublished":"2012-01-08T03:02:20+00:00","mainEntityOfPage":{"@id":"https:\/\/www.bellunopress.it\/2012\/01\/08\/presentazione-volume-andar-per-monti-la-grande-passione-il-12-gennaio-a-pedavena\/"},"wordCount":505,"publisher":{"@id":"https:\/\/www.bellunopress.it\/#organization"},"articleSection":["Appuntamenti, Eventi","Arte, Cultura, Spettacoli, Scienza","Pausa Caff\u00e8"],"inLanguage":"fr-FR"},{"@type":"WebPage","@id":"https:\/\/www.bellunopress.it\/2012\/01\/08\/presentazione-volume-andar-per-monti-la-grande-passione-il-12-gennaio-a-pedavena\/","url":"https:\/\/www.bellunopress.it\/2012\/01\/08\/presentazione-volume-andar-per-monti-la-grande-passione-il-12-gennaio-a-pedavena\/","name":"Presentazione volume \"Andar per monti. La grande passione\" il 12 gennaio a Pedavena - Bellunopress - Dolomiti","isPartOf":{"@id":"https:\/\/www.bellunopress.it\/#website"},"datePublished":"2012-01-08T03:02:20+00:00","breadcrumb":{"@id":"https:\/\/www.bellunopress.it\/2012\/01\/08\/presentazione-volume-andar-per-monti-la-grande-passione-il-12-gennaio-a-pedavena\/#breadcrumb"},"inLanguage":"fr-FR","potentialAction":[{"@type":"ReadAction","target":["https:\/\/www.bellunopress.it\/2012\/01\/08\/presentazione-volume-andar-per-monti-la-grande-passione-il-12-gennaio-a-pedavena\/"]}]},{"@type":"BreadcrumbList","@id":"https:\/\/www.bellunopress.it\/2012\/01\/08\/presentazione-volume-andar-per-monti-la-grande-passione-il-12-gennaio-a-pedavena\/#breadcrumb","itemListElement":[{"@type":"ListItem","position":1,"name":"Home","item":"https:\/\/www.bellunopress.it\/"},{"@type":"ListItem","position":2,"name":"Presentazione volume &#8220;Andar per monti. La grande passione&#8221; il 12 gennaio a Pedavena"}]},{"@type":"WebSite","@id":"https:\/\/www.bellunopress.it\/#website","url":"https:\/\/www.bellunopress.it\/","name":"Bellunopress - Dolomiti","description":"e-mail: redazione@bellunopress.it","publisher":{"@id":"https:\/\/www.bellunopress.it\/#organization"},"potentialAction":[{"@type":"SearchAction","target":{"@type":"EntryPoint","urlTemplate":"https:\/\/www.bellunopress.it\/?s={search_term_string}"},"query-input":{"@type":"PropertyValueSpecification","valueRequired":true,"valueName":"search_term_string"}}],"inLanguage":"fr-FR"},{"@type":"Organization","@id":"https:\/\/www.bellunopress.it\/#organization","name":"Bellunopress","url":"https:\/\/www.bellunopress.it\/","logo":{"@type":"ImageObject","inLanguage":"fr-FR","@id":"https:\/\/www.bellunopress.it\/#\/schema\/logo\/image\/","url":"https:\/\/www.bellunopress.it\/wp-content\/uploads\/2011\/05\/cropped-logo-bellunopress-.jpg","contentUrl":"https:\/\/www.bellunopress.it\/wp-content\/uploads\/2011\/05\/cropped-logo-bellunopress-.jpg","width":512,"height":512,"caption":"Bellunopress"},"image":{"@id":"https:\/\/www.bellunopress.it\/#\/schema\/logo\/image\/"},"sameAs":["https:\/\/www.facebook.com\/profile.php?id=100008943462799","https:\/\/x.com\/bellunopress","https:\/\/www.linkedin.com\/hp\/?dnr=JBzUWaJfMUw8vbXJJ2tVW5-I3jZKvC4wsoxE&amp;amp;amp;amp;amp;amp;trk=nav_responsive_tab_home","https:\/\/www.youtube.com\/channel\/UCxL0wu1uN0_3_7hGG0306cw"]},{"@type":"Person","@id":"https:\/\/www.bellunopress.it\/#\/schema\/person\/79bb06722b37ece1c03d3e94beb30d73","name":"r\u00e9daction","image":{"@type":"ImageObject","inLanguage":"fr-FR","@id":"https:\/\/secure.gravatar.com\/avatar\/37d968a2e67a6fd04c169c4bdef102d0bc5d31b2546345219e348575eb80e9a0?s=96&d=mm&r=g","url":"https:\/\/secure.gravatar.com\/avatar\/37d968a2e67a6fd04c169c4bdef102d0bc5d31b2546345219e348575eb80e9a0?s=96&d=mm&r=g","contentUrl":"https:\/\/secure.gravatar.com\/avatar\/37d968a2e67a6fd04c169c4bdef102d0bc5d31b2546345219e348575eb80e9a0?s=96&d=mm&r=g","caption":"redazione"},"sameAs":["http:\/\/www.bellunopress.it","https:\/\/x.com\/bellunopress"],"url":"https:\/\/www.bellunopress.it\/fr\/author\/redazione\/"}]}},"_links":{"self":[{"href":"https:\/\/www.bellunopress.it\/fr\/wp-json\/wp\/v2\/posts\/33912","targetHints":{"allow":["GET"]}}],"collection":[{"href":"https:\/\/www.bellunopress.it\/fr\/wp-json\/wp\/v2\/posts"}],"about":[{"href":"https:\/\/www.bellunopress.it\/fr\/wp-json\/wp\/v2\/types\/post"}],"author":[{"embeddable":true,"href":"https:\/\/www.bellunopress.it\/fr\/wp-json\/wp\/v2\/users\/2"}],"replies":[{"embeddable":true,"href":"https:\/\/www.bellunopress.it\/fr\/wp-json\/wp\/v2\/comments?post=33912"}],"version-history":[{"count":1,"href":"https:\/\/www.bellunopress.it\/fr\/wp-json\/wp\/v2\/posts\/33912\/revisions"}],"predecessor-version":[{"id":33913,"href":"https:\/\/www.bellunopress.it\/fr\/wp-json\/wp\/v2\/posts\/33912\/revisions\/33913"}],"wp:attachment":[{"href":"https:\/\/www.bellunopress.it\/fr\/wp-json\/wp\/v2\/media?parent=33912"}],"wp:term":[{"taxonomy":"category","embeddable":true,"href":"https:\/\/www.bellunopress.it\/fr\/wp-json\/wp\/v2\/categories?post=33912"},{"taxonomy":"post_tag","embeddable":true,"href":"https:\/\/www.bellunopress.it\/fr\/wp-json\/wp\/v2\/tags?post=33912"}],"curies":[{"name":"wp","href":"https:\/\/api.w.org\/{rel}","templated":true}]}}