{"id":33902,"date":"2012-01-04T20:15:39","date_gmt":"2012-01-04T19:15:39","guid":{"rendered":"http:\/\/www.bellunopress.it\/?p=33902"},"modified":"2012-01-04T20:15:39","modified_gmt":"2012-01-04T19:15:39","slug":"cortina-guidano-auto-da-100mila-euro-ma-dichiarano-redditi-da-30-000-euro-lanno-la-lega-nord-indignata-per-i-controlli-non-gia-per-levasione-fiscale","status":"publish","type":"post","link":"https:\/\/www.bellunopress.it\/fr\/2012\/01\/04\/cortina-guidano-auto-da-100mila-euro-ma-dichiarano-redditi-da-30-000-euro-lanno-la-lega-nord-indignata-per-i-controlli-non-gia-per-levasione-fiscale\/","title":{"rendered":"Cortina: guidano auto da 100mila euro, ma dichiarano redditi da 30.000 euro l&#8217;anno. La Lega Nord indignata&#8230;per i controlli, non gi\u00e0 per l&#8217;evasione fiscale"},"content":{"rendered":"<p>Controlli incrociati dell&#8217;Agenzia delle entrate del Veneto questo fine anno a Cortina d&#8217;Ampezzo. Su 251 auto di lusso, 133 risultano intestate a persone fisiche. 42 delle quali appartengono ad automobilisti che dichiarano 30.000 euro lordi l&#8217;anno di reddito. Altre 16 super car sono intestate a cittadini con redditi al di sotto dei 50 mila euro lordi. Gli altri 118 superbolidi &#8211; comunica l&#8217;Agenzia delle Entrate del Veneto &#8211; sono intestati a societ\u00e0 che sia nel 2009 sia nel 2010 hanno dichiarato in 19 casi di essere in perdita, mentre in 37 casi hanno dichiarato meno di 50 mila euro lordi. La presenza a Cortina di un&#8217;ottantina di funzionari ha fatto miracolosamente triplicare e anche quadruplicare gli incassi dei vari esercizi pubblici, bar, ristoranti, gioiellerie. Ma le sorprese non sono finite.<\/p>\n<figure id=\"attachment_27432\" aria-describedby=\"caption-attachment-27432\" style=\"width: 234px\" class=\"wp-caption alignleft\"><a href=\"http:\/\/www.bellunopress.it\/wp-content\/uploads\/2011\/06\/diego-vello.jpg\"><img loading=\"lazy\" decoding=\"async\" class=\"size-full wp-image-27432\" title=\"diego vello\" src=\"http:\/\/www.bellunopress.it\/wp-content\/uploads\/2011\/06\/diego-vello.jpg\" alt=\"\" width=\"234\" height=\"280\" \/><\/a><figcaption id=\"caption-attachment-27432\" class=\"wp-caption-text\">Diego Vello<\/figcaption><\/figure>\n<p>Il segretario della Lega Nord di Belluno, infatti, \u00e8 indignato. Non per il popolo di evasori, dei finti poveri, ma per il lavoro dei funzionari dello Stato.\u00a0 &#8220;In un momento di crisi economica e di difficolt\u00e0 specialmente nelle aree montane come la Provincia di Belluno &#8211; scrive in una nota Diego Vello &#8211; credo che l&#8217;operazione dell&#8217;Agenzia delle Entrate andata a colpire Cortina tra il giorno 30 dicembre e San Silvestro sia stata un pessimo esempio di lotta all&#8217;evasione. Colpire una localit\u00e0 che stringe i denti e cerca di vendere un prodotto turistico in un momento come quello attuale \u00e8 stato un errore. La Provincia di Belluno vede l&#8217;intero settore turistico chiamato ad uno sforzo collettivo di tutte le categorie economiche e vede il sacrificio di un universo di imprenditori turistici che hanno bisogno di libert\u00e0 e non di un assedio fiscale, stessa cosa dicasi per gli ospiti che ogni anno scelgono le dolomiti Bellunesi come meta delle loro vacanze e non meritano di certo un trattamento a dir poco sereno. Trasformare la Perla delle Dolomiti nel simbolo della lotta all&#8217;evasione non \u00e8 stato un gesto di rispetto verso una terra dedita al sacrificio e specialmente al rispetto delle regole e appunto di ogni dovere fiscale nei confronti dello stato. Non capisco poi quanto ci si voglia accanire ancora contro questo Nord a volte troppo buono, l&#8217;evasione \u00e8 una peculiarit\u00e0 del Sud come dimostrano i dati. L&#8217;evasione fiscale al Sud raggiunte punte del 60% in province come Cosenza, Reggio Calabria e Messina. Mi auguro che la prossima volta si giochi sull&#8217;immagine di altre localit\u00e0 e non su quelle aree dove gli imprenditori turistici,constatate le difficolt\u00e0 geografiche ed economiche, sono eroi pi\u00f9 criminali. Non sono contro alla lotta all&#8217;evasione &#8211; conclude contraddicendosi il segretario della Lega Diego Vello &#8211; ma credo che a ogni cosa ci sia un limite, altro che Cortina, si vada a Napoli e Caserta e magari poi ne riparliamo&#8221;.<\/p>","protected":false},"excerpt":{"rendered":"<p>Controlli incrociati dell&#8217;Agenzia delle entrate del Veneto questo fine anno a Cortina d&#8217;Ampezzo. Su 251 auto di lusso, 133 risultano intestate a persone fisiche. 42 delle quali appartengono ad automobilisti che dichiarano 30.000 euro lordi l&#8217;anno di reddito. Altre 16 super car sono intestate a cittadini con redditi al di sotto dei 50 mila euro [&hellip;]<\/p>\n","protected":false},"author":2,"featured_media":0,"comment_status":"closed","ping_status":"open","sticky":false,"template":"","format":"standard","meta":{"footnotes":""},"categories":[5,26],"tags":[],"class_list":["post-33902","post","type-post","status-publish","format-standard","category-cronaca","category-prima-pagina"],"yoast_head":"<!-- This site is optimized with the Yoast SEO plugin v28.4 - https:\/\/yoast.com\/product\/yoast-seo-wordpress\/ -->\n<title>Cortina: guidano auto da 100mila euro, ma dichiarano redditi da 30.000 euro l&#039;anno. La Lega Nord indignata...per i controlli, non gi\u00e0 per l&#039;evasione fiscale - Bellunopress - Dolomiti<\/title>\n<meta name=\"robots\" content=\"index, follow, max-snippet:-1, max-image-preview:large, max-video-preview:-1\" \/>\n<link rel=\"canonical\" href=\"https:\/\/www.bellunopress.it\/fr\/2012\/01\/04\/cortina-guidano-auto-da-100mila-euro-ma-dichiarano-redditi-da-30-000-euro-lanno-la-lega-nord-indignata-per-i-controlli-non-gia-per-levasione-fiscale\/\" \/>\n<meta property=\"og:locale\" content=\"fr_FR\" \/>\n<meta property=\"og:type\" content=\"article\" \/>\n<meta property=\"og:title\" content=\"Cortina: guidano auto da 100mila euro, ma dichiarano redditi da 30.000 euro l&#039;anno. La Lega Nord indignata...per i controlli, non gi\u00e0 per l&#039;evasione fiscale - Bellunopress - Dolomiti\" \/>\n<meta property=\"og:description\" content=\"Controlli incrociati dell&#8217;Agenzia delle entrate del Veneto questo fine anno a Cortina d&#8217;Ampezzo. Su 251 auto di lusso, 133 risultano intestate a persone fisiche. 42 delle quali appartengono ad automobilisti che dichiarano 30.000 euro lordi l&#8217;anno di reddito. Altre 16 super car sono intestate a cittadini con redditi al di sotto dei 50 mila euro [&hellip;]\" \/>\n<meta property=\"og:url\" content=\"https:\/\/www.bellunopress.it\/fr\/2012\/01\/04\/cortina-guidano-auto-da-100mila-euro-ma-dichiarano-redditi-da-30-000-euro-lanno-la-lega-nord-indignata-per-i-controlli-non-gia-per-levasione-fiscale\/\" \/>\n<meta property=\"og:site_name\" content=\"Bellunopress - Dolomiti\" \/>\n<meta property=\"article:publisher\" content=\"https:\/\/www.facebook.com\/profile.php?id=100008943462799\" \/>\n<meta property=\"article:published_time\" content=\"2012-01-04T19:15:39+00:00\" \/>\n<meta property=\"og:image\" content=\"http:\/\/www.bellunopress.it\/wp-content\/uploads\/2011\/06\/diego-vello.jpg\" \/>\n<meta name=\"author\" content=\"redazione\" \/>\n<meta name=\"twitter:card\" content=\"summary_large_image\" \/>\n<meta name=\"twitter:creator\" content=\"@bellunopress\" \/>\n<meta name=\"twitter:site\" content=\"@bellunopress\" \/>\n<meta name=\"twitter:label1\" content=\"Written by\" \/>\n\t<meta name=\"twitter:data1\" content=\"redazione\" \/>\n\t<meta name=\"twitter:label2\" content=\"Est. reading time\" \/>\n\t<meta name=\"twitter:data2\" content=\"2 minutes\" \/>\n<script type=\"application\/ld+json\" class=\"yoast-schema-graph\">{\"@context\":\"https:\\\/\\\/schema.org\",\"@graph\":[{\"@type\":\"Article\",\"@id\":\"https:\\\/\\\/www.bellunopress.it\\\/2012\\\/01\\\/04\\\/cortina-guidano-auto-da-100mila-euro-ma-dichiarano-redditi-da-30-000-euro-lanno-la-lega-nord-indignata-per-i-controlli-non-gia-per-levasione-fiscale\\\/#article\",\"isPartOf\":{\"@id\":\"https:\\\/\\\/www.bellunopress.it\\\/2012\\\/01\\\/04\\\/cortina-guidano-auto-da-100mila-euro-ma-dichiarano-redditi-da-30-000-euro-lanno-la-lega-nord-indignata-per-i-controlli-non-gia-per-levasione-fiscale\\\/\"},\"author\":{\"name\":\"redazione\",\"@id\":\"https:\\\/\\\/www.bellunopress.it\\\/#\\\/schema\\\/person\\\/79bb06722b37ece1c03d3e94beb30d73\"},\"headline\":\"Cortina: guidano auto da 100mila euro, ma dichiarano redditi da 30.000 euro l&#8217;anno. La Lega Nord indignata&#8230;per i controlli, non gi\u00e0 per l&#8217;evasione fiscale\",\"datePublished\":\"2012-01-04T19:15:39+00:00\",\"mainEntityOfPage\":{\"@id\":\"https:\\\/\\\/www.bellunopress.it\\\/2012\\\/01\\\/04\\\/cortina-guidano-auto-da-100mila-euro-ma-dichiarano-redditi-da-30-000-euro-lanno-la-lega-nord-indignata-per-i-controlli-non-gia-per-levasione-fiscale\\\/\"},\"wordCount\":485,\"publisher\":{\"@id\":\"https:\\\/\\\/www.bellunopress.it\\\/#organization\"},\"image\":{\"@id\":\"https:\\\/\\\/www.bellunopress.it\\\/2012\\\/01\\\/04\\\/cortina-guidano-auto-da-100mila-euro-ma-dichiarano-redditi-da-30-000-euro-lanno-la-lega-nord-indignata-per-i-controlli-non-gia-per-levasione-fiscale\\\/#primaryimage\"},\"thumbnailUrl\":\"http:\\\/\\\/www.bellunopress.it\\\/wp-content\\\/uploads\\\/2011\\\/06\\\/diego-vello.jpg\",\"articleSection\":[\"Cronaca\\\/Politica\",\"Prima Pagina\"],\"inLanguage\":\"fr-FR\"},{\"@type\":\"WebPage\",\"@id\":\"https:\\\/\\\/www.bellunopress.it\\\/2012\\\/01\\\/04\\\/cortina-guidano-auto-da-100mila-euro-ma-dichiarano-redditi-da-30-000-euro-lanno-la-lega-nord-indignata-per-i-controlli-non-gia-per-levasione-fiscale\\\/\",\"url\":\"https:\\\/\\\/www.bellunopress.it\\\/2012\\\/01\\\/04\\\/cortina-guidano-auto-da-100mila-euro-ma-dichiarano-redditi-da-30-000-euro-lanno-la-lega-nord-indignata-per-i-controlli-non-gia-per-levasione-fiscale\\\/\",\"name\":\"Cortina: guidano auto da 100mila euro, ma dichiarano redditi da 30.000 euro l'anno. La Lega Nord indignata...per i controlli, non gi\u00e0 per l'evasione fiscale - Bellunopress - Dolomiti\",\"isPartOf\":{\"@id\":\"https:\\\/\\\/www.bellunopress.it\\\/#website\"},\"primaryImageOfPage\":{\"@id\":\"https:\\\/\\\/www.bellunopress.it\\\/2012\\\/01\\\/04\\\/cortina-guidano-auto-da-100mila-euro-ma-dichiarano-redditi-da-30-000-euro-lanno-la-lega-nord-indignata-per-i-controlli-non-gia-per-levasione-fiscale\\\/#primaryimage\"},\"image\":{\"@id\":\"https:\\\/\\\/www.bellunopress.it\\\/2012\\\/01\\\/04\\\/cortina-guidano-auto-da-100mila-euro-ma-dichiarano-redditi-da-30-000-euro-lanno-la-lega-nord-indignata-per-i-controlli-non-gia-per-levasione-fiscale\\\/#primaryimage\"},\"thumbnailUrl\":\"http:\\\/\\\/www.bellunopress.it\\\/wp-content\\\/uploads\\\/2011\\\/06\\\/diego-vello.jpg\",\"datePublished\":\"2012-01-04T19:15:39+00:00\",\"breadcrumb\":{\"@id\":\"https:\\\/\\\/www.bellunopress.it\\\/2012\\\/01\\\/04\\\/cortina-guidano-auto-da-100mila-euro-ma-dichiarano-redditi-da-30-000-euro-lanno-la-lega-nord-indignata-per-i-controlli-non-gia-per-levasione-fiscale\\\/#breadcrumb\"},\"inLanguage\":\"fr-FR\",\"potentialAction\":[{\"@type\":\"ReadAction\",\"target\":[\"https:\\\/\\\/www.bellunopress.it\\\/2012\\\/01\\\/04\\\/cortina-guidano-auto-da-100mila-euro-ma-dichiarano-redditi-da-30-000-euro-lanno-la-lega-nord-indignata-per-i-controlli-non-gia-per-levasione-fiscale\\\/\"]}]},{\"@type\":\"ImageObject\",\"inLanguage\":\"fr-FR\",\"@id\":\"https:\\\/\\\/www.bellunopress.it\\\/2012\\\/01\\\/04\\\/cortina-guidano-auto-da-100mila-euro-ma-dichiarano-redditi-da-30-000-euro-lanno-la-lega-nord-indignata-per-i-controlli-non-gia-per-levasione-fiscale\\\/#primaryimage\",\"url\":\"http:\\\/\\\/www.bellunopress.it\\\/wp-content\\\/uploads\\\/2011\\\/06\\\/diego-vello.jpg\",\"contentUrl\":\"http:\\\/\\\/www.bellunopress.it\\\/wp-content\\\/uploads\\\/2011\\\/06\\\/diego-vello.jpg\"},{\"@type\":\"BreadcrumbList\",\"@id\":\"https:\\\/\\\/www.bellunopress.it\\\/2012\\\/01\\\/04\\\/cortina-guidano-auto-da-100mila-euro-ma-dichiarano-redditi-da-30-000-euro-lanno-la-lega-nord-indignata-per-i-controlli-non-gia-per-levasione-fiscale\\\/#breadcrumb\",\"itemListElement\":[{\"@type\":\"ListItem\",\"position\":1,\"name\":\"Home\",\"item\":\"https:\\\/\\\/www.bellunopress.it\\\/\"},{\"@type\":\"ListItem\",\"position\":2,\"name\":\"Cortina: guidano auto da 100mila euro, ma dichiarano redditi da 30.000 euro l&#8217;anno. La Lega Nord indignata&#8230;per i controlli, non gi\u00e0 per l&#8217;evasione fiscale\"}]},{\"@type\":\"WebSite\",\"@id\":\"https:\\\/\\\/www.bellunopress.it\\\/#website\",\"url\":\"https:\\\/\\\/www.bellunopress.it\\\/\",\"name\":\"Bellunopress - Dolomiti\",\"description\":\"e-mail: redazione@bellunopress.it\",\"publisher\":{\"@id\":\"https:\\\/\\\/www.bellunopress.it\\\/#organization\"},\"potentialAction\":[{\"@type\":\"SearchAction\",\"target\":{\"@type\":\"EntryPoint\",\"urlTemplate\":\"https:\\\/\\\/www.bellunopress.it\\\/?s={search_term_string}\"},\"query-input\":{\"@type\":\"PropertyValueSpecification\",\"valueRequired\":true,\"valueName\":\"search_term_string\"}}],\"inLanguage\":\"fr-FR\"},{\"@type\":\"Organization\",\"@id\":\"https:\\\/\\\/www.bellunopress.it\\\/#organization\",\"name\":\"Bellunopress\",\"url\":\"https:\\\/\\\/www.bellunopress.it\\\/\",\"logo\":{\"@type\":\"ImageObject\",\"inLanguage\":\"fr-FR\",\"@id\":\"https:\\\/\\\/www.bellunopress.it\\\/#\\\/schema\\\/logo\\\/image\\\/\",\"url\":\"https:\\\/\\\/www.bellunopress.it\\\/wp-content\\\/uploads\\\/2011\\\/05\\\/cropped-logo-bellunopress-.jpg\",\"contentUrl\":\"https:\\\/\\\/www.bellunopress.it\\\/wp-content\\\/uploads\\\/2011\\\/05\\\/cropped-logo-bellunopress-.jpg\",\"width\":512,\"height\":512,\"caption\":\"Bellunopress\"},\"image\":{\"@id\":\"https:\\\/\\\/www.bellunopress.it\\\/#\\\/schema\\\/logo\\\/image\\\/\"},\"sameAs\":[\"https:\\\/\\\/www.facebook.com\\\/profile.php?id=100008943462799\",\"https:\\\/\\\/x.com\\\/bellunopress\",\"https:\\\/\\\/www.linkedin.com\\\/hp\\\/?dnr=JBzUWaJfMUw8vbXJJ2tVW5-I3jZKvC4wsoxE&amp;amp;amp;amp;amp;amp;trk=nav_responsive_tab_home\",\"https:\\\/\\\/www.youtube.com\\\/channel\\\/UCxL0wu1uN0_3_7hGG0306cw\"]},{\"@type\":\"Person\",\"@id\":\"https:\\\/\\\/www.bellunopress.it\\\/#\\\/schema\\\/person\\\/79bb06722b37ece1c03d3e94beb30d73\",\"name\":\"redazione\",\"image\":{\"@type\":\"ImageObject\",\"inLanguage\":\"fr-FR\",\"@id\":\"https:\\\/\\\/secure.gravatar.com\\\/avatar\\\/37d968a2e67a6fd04c169c4bdef102d0bc5d31b2546345219e348575eb80e9a0?s=96&d=mm&r=g\",\"url\":\"https:\\\/\\\/secure.gravatar.com\\\/avatar\\\/37d968a2e67a6fd04c169c4bdef102d0bc5d31b2546345219e348575eb80e9a0?s=96&d=mm&r=g\",\"contentUrl\":\"https:\\\/\\\/secure.gravatar.com\\\/avatar\\\/37d968a2e67a6fd04c169c4bdef102d0bc5d31b2546345219e348575eb80e9a0?s=96&d=mm&r=g\",\"caption\":\"redazione\"},\"sameAs\":[\"http:\\\/\\\/www.bellunopress.it\",\"https:\\\/\\\/x.com\\\/bellunopress\"],\"url\":\"https:\\\/\\\/www.bellunopress.it\\\/fr\\\/author\\\/redazione\\\/\"}]}<\/script>\n<!-- \/ Yoast SEO plugin. -->","yoast_head_json":{"title":"Cortina: guidano auto da 100mila euro, ma dichiarano redditi da 30.000 euro l'anno. La Lega Nord indignata...per i controlli, non gi\u00e0 per l'evasione fiscale - Bellunopress - Dolomiti","robots":{"index":"index","follow":"follow","max-snippet":"max-snippet:-1","max-image-preview":"max-image-preview:large","max-video-preview":"max-video-preview:-1"},"canonical":"https:\/\/www.bellunopress.it\/fr\/2012\/01\/04\/cortina-guidano-auto-da-100mila-euro-ma-dichiarano-redditi-da-30-000-euro-lanno-la-lega-nord-indignata-per-i-controlli-non-gia-per-levasione-fiscale\/","og_locale":"fr_FR","og_type":"article","og_title":"Cortina: guidano auto da 100mila euro, ma dichiarano redditi da 30.000 euro l'anno. La Lega Nord indignata...per i controlli, non gi\u00e0 per l'evasione fiscale - Bellunopress - Dolomiti","og_description":"Controlli incrociati dell&#8217;Agenzia delle entrate del Veneto questo fine anno a Cortina d&#8217;Ampezzo. Su 251 auto di lusso, 133 risultano intestate a persone fisiche. 42 delle quali appartengono ad automobilisti che dichiarano 30.000 euro lordi l&#8217;anno di reddito. Altre 16 super car sono intestate a cittadini con redditi al di sotto dei 50 mila euro [&hellip;]","og_url":"https:\/\/www.bellunopress.it\/fr\/2012\/01\/04\/cortina-guidano-auto-da-100mila-euro-ma-dichiarano-redditi-da-30-000-euro-lanno-la-lega-nord-indignata-per-i-controlli-non-gia-per-levasione-fiscale\/","og_site_name":"Bellunopress - Dolomiti","article_publisher":"https:\/\/www.facebook.com\/profile.php?id=100008943462799","article_published_time":"2012-01-04T19:15:39+00:00","og_image":[{"url":"http:\/\/www.bellunopress.it\/wp-content\/uploads\/2011\/06\/diego-vello.jpg","type":"","width":"","height":""}],"author":"redazione","twitter_card":"summary_large_image","twitter_creator":"@bellunopress","twitter_site":"@bellunopress","twitter_misc":{"Written by":"redazione","Est. reading time":"2 minutes"},"schema":{"@context":"https:\/\/schema.org","@graph":[{"@type":"Article","@id":"https:\/\/www.bellunopress.it\/2012\/01\/04\/cortina-guidano-auto-da-100mila-euro-ma-dichiarano-redditi-da-30-000-euro-lanno-la-lega-nord-indignata-per-i-controlli-non-gia-per-levasione-fiscale\/#article","isPartOf":{"@id":"https:\/\/www.bellunopress.it\/2012\/01\/04\/cortina-guidano-auto-da-100mila-euro-ma-dichiarano-redditi-da-30-000-euro-lanno-la-lega-nord-indignata-per-i-controlli-non-gia-per-levasione-fiscale\/"},"author":{"name":"redazione","@id":"https:\/\/www.bellunopress.it\/#\/schema\/person\/79bb06722b37ece1c03d3e94beb30d73"},"headline":"Cortina: guidano auto da 100mila euro, ma dichiarano redditi da 30.000 euro l&#8217;anno. La Lega Nord indignata&#8230;per i controlli, non gi\u00e0 per l&#8217;evasione fiscale","datePublished":"2012-01-04T19:15:39+00:00","mainEntityOfPage":{"@id":"https:\/\/www.bellunopress.it\/2012\/01\/04\/cortina-guidano-auto-da-100mila-euro-ma-dichiarano-redditi-da-30-000-euro-lanno-la-lega-nord-indignata-per-i-controlli-non-gia-per-levasione-fiscale\/"},"wordCount":485,"publisher":{"@id":"https:\/\/www.bellunopress.it\/#organization"},"image":{"@id":"https:\/\/www.bellunopress.it\/2012\/01\/04\/cortina-guidano-auto-da-100mila-euro-ma-dichiarano-redditi-da-30-000-euro-lanno-la-lega-nord-indignata-per-i-controlli-non-gia-per-levasione-fiscale\/#primaryimage"},"thumbnailUrl":"http:\/\/www.bellunopress.it\/wp-content\/uploads\/2011\/06\/diego-vello.jpg","articleSection":["Cronaca\/Politica","Prima Pagina"],"inLanguage":"fr-FR"},{"@type":"WebPage","@id":"https:\/\/www.bellunopress.it\/2012\/01\/04\/cortina-guidano-auto-da-100mila-euro-ma-dichiarano-redditi-da-30-000-euro-lanno-la-lega-nord-indignata-per-i-controlli-non-gia-per-levasione-fiscale\/","url":"https:\/\/www.bellunopress.it\/2012\/01\/04\/cortina-guidano-auto-da-100mila-euro-ma-dichiarano-redditi-da-30-000-euro-lanno-la-lega-nord-indignata-per-i-controlli-non-gia-per-levasione-fiscale\/","name":"Cortina: guidano auto da 100mila euro, ma dichiarano redditi da 30.000 euro l'anno. La Lega Nord indignata...per i controlli, non gi\u00e0 per l'evasione fiscale - Bellunopress - Dolomiti","isPartOf":{"@id":"https:\/\/www.bellunopress.it\/#website"},"primaryImageOfPage":{"@id":"https:\/\/www.bellunopress.it\/2012\/01\/04\/cortina-guidano-auto-da-100mila-euro-ma-dichiarano-redditi-da-30-000-euro-lanno-la-lega-nord-indignata-per-i-controlli-non-gia-per-levasione-fiscale\/#primaryimage"},"image":{"@id":"https:\/\/www.bellunopress.it\/2012\/01\/04\/cortina-guidano-auto-da-100mila-euro-ma-dichiarano-redditi-da-30-000-euro-lanno-la-lega-nord-indignata-per-i-controlli-non-gia-per-levasione-fiscale\/#primaryimage"},"thumbnailUrl":"http:\/\/www.bellunopress.it\/wp-content\/uploads\/2011\/06\/diego-vello.jpg","datePublished":"2012-01-04T19:15:39+00:00","breadcrumb":{"@id":"https:\/\/www.bellunopress.it\/2012\/01\/04\/cortina-guidano-auto-da-100mila-euro-ma-dichiarano-redditi-da-30-000-euro-lanno-la-lega-nord-indignata-per-i-controlli-non-gia-per-levasione-fiscale\/#breadcrumb"},"inLanguage":"fr-FR","potentialAction":[{"@type":"ReadAction","target":["https:\/\/www.bellunopress.it\/2012\/01\/04\/cortina-guidano-auto-da-100mila-euro-ma-dichiarano-redditi-da-30-000-euro-lanno-la-lega-nord-indignata-per-i-controlli-non-gia-per-levasione-fiscale\/"]}]},{"@type":"ImageObject","inLanguage":"fr-FR","@id":"https:\/\/www.bellunopress.it\/2012\/01\/04\/cortina-guidano-auto-da-100mila-euro-ma-dichiarano-redditi-da-30-000-euro-lanno-la-lega-nord-indignata-per-i-controlli-non-gia-per-levasione-fiscale\/#primaryimage","url":"http:\/\/www.bellunopress.it\/wp-content\/uploads\/2011\/06\/diego-vello.jpg","contentUrl":"http:\/\/www.bellunopress.it\/wp-content\/uploads\/2011\/06\/diego-vello.jpg"},{"@type":"BreadcrumbList","@id":"https:\/\/www.bellunopress.it\/2012\/01\/04\/cortina-guidano-auto-da-100mila-euro-ma-dichiarano-redditi-da-30-000-euro-lanno-la-lega-nord-indignata-per-i-controlli-non-gia-per-levasione-fiscale\/#breadcrumb","itemListElement":[{"@type":"ListItem","position":1,"name":"Home","item":"https:\/\/www.bellunopress.it\/"},{"@type":"ListItem","position":2,"name":"Cortina: guidano auto da 100mila euro, ma dichiarano redditi da 30.000 euro l&#8217;anno. La Lega Nord indignata&#8230;per i controlli, non gi\u00e0 per l&#8217;evasione fiscale"}]},{"@type":"WebSite","@id":"https:\/\/www.bellunopress.it\/#website","url":"https:\/\/www.bellunopress.it\/","name":"Bellunopress - Dolomiti","description":"e-mail: redazione@bellunopress.it","publisher":{"@id":"https:\/\/www.bellunopress.it\/#organization"},"potentialAction":[{"@type":"SearchAction","target":{"@type":"EntryPoint","urlTemplate":"https:\/\/www.bellunopress.it\/?s={search_term_string}"},"query-input":{"@type":"PropertyValueSpecification","valueRequired":true,"valueName":"search_term_string"}}],"inLanguage":"fr-FR"},{"@type":"Organization","@id":"https:\/\/www.bellunopress.it\/#organization","name":"Bellunopress","url":"https:\/\/www.bellunopress.it\/","logo":{"@type":"ImageObject","inLanguage":"fr-FR","@id":"https:\/\/www.bellunopress.it\/#\/schema\/logo\/image\/","url":"https:\/\/www.bellunopress.it\/wp-content\/uploads\/2011\/05\/cropped-logo-bellunopress-.jpg","contentUrl":"https:\/\/www.bellunopress.it\/wp-content\/uploads\/2011\/05\/cropped-logo-bellunopress-.jpg","width":512,"height":512,"caption":"Bellunopress"},"image":{"@id":"https:\/\/www.bellunopress.it\/#\/schema\/logo\/image\/"},"sameAs":["https:\/\/www.facebook.com\/profile.php?id=100008943462799","https:\/\/x.com\/bellunopress","https:\/\/www.linkedin.com\/hp\/?dnr=JBzUWaJfMUw8vbXJJ2tVW5-I3jZKvC4wsoxE&amp;amp;amp;amp;amp;amp;trk=nav_responsive_tab_home","https:\/\/www.youtube.com\/channel\/UCxL0wu1uN0_3_7hGG0306cw"]},{"@type":"Person","@id":"https:\/\/www.bellunopress.it\/#\/schema\/person\/79bb06722b37ece1c03d3e94beb30d73","name":"r\u00e9daction","image":{"@type":"ImageObject","inLanguage":"fr-FR","@id":"https:\/\/secure.gravatar.com\/avatar\/37d968a2e67a6fd04c169c4bdef102d0bc5d31b2546345219e348575eb80e9a0?s=96&d=mm&r=g","url":"https:\/\/secure.gravatar.com\/avatar\/37d968a2e67a6fd04c169c4bdef102d0bc5d31b2546345219e348575eb80e9a0?s=96&d=mm&r=g","contentUrl":"https:\/\/secure.gravatar.com\/avatar\/37d968a2e67a6fd04c169c4bdef102d0bc5d31b2546345219e348575eb80e9a0?s=96&d=mm&r=g","caption":"redazione"},"sameAs":["http:\/\/www.bellunopress.it","https:\/\/x.com\/bellunopress"],"url":"https:\/\/www.bellunopress.it\/fr\/author\/redazione\/"}]}},"_links":{"self":[{"href":"https:\/\/www.bellunopress.it\/fr\/wp-json\/wp\/v2\/posts\/33902","targetHints":{"allow":["GET"]}}],"collection":[{"href":"https:\/\/www.bellunopress.it\/fr\/wp-json\/wp\/v2\/posts"}],"about":[{"href":"https:\/\/www.bellunopress.it\/fr\/wp-json\/wp\/v2\/types\/post"}],"author":[{"embeddable":true,"href":"https:\/\/www.bellunopress.it\/fr\/wp-json\/wp\/v2\/users\/2"}],"replies":[{"embeddable":true,"href":"https:\/\/www.bellunopress.it\/fr\/wp-json\/wp\/v2\/comments?post=33902"}],"version-history":[{"count":1,"href":"https:\/\/www.bellunopress.it\/fr\/wp-json\/wp\/v2\/posts\/33902\/revisions"}],"predecessor-version":[{"id":33903,"href":"https:\/\/www.bellunopress.it\/fr\/wp-json\/wp\/v2\/posts\/33902\/revisions\/33903"}],"wp:attachment":[{"href":"https:\/\/www.bellunopress.it\/fr\/wp-json\/wp\/v2\/media?parent=33902"}],"wp:term":[{"taxonomy":"category","embeddable":true,"href":"https:\/\/www.bellunopress.it\/fr\/wp-json\/wp\/v2\/categories?post=33902"},{"taxonomy":"post_tag","embeddable":true,"href":"https:\/\/www.bellunopress.it\/fr\/wp-json\/wp\/v2\/tags?post=33902"}],"curies":[{"name":"wp","href":"https:\/\/api.w.org\/{rel}","templated":true}]}}