{"id":33893,"date":"2012-01-04T16:24:14","date_gmt":"2012-01-04T15:24:14","guid":{"rendered":"http:\/\/www.bellunopress.it\/?p=33893"},"modified":"2012-01-04T16:24:14","modified_gmt":"2012-01-04T15:24:14","slug":"via-libera-al-restauro-dellauditorium-i-lavori-verranno-eseguiti-in-due-stralci-il-primo-di-600mila-euro-e-il-secondo-di-500mila-euro","status":"publish","type":"post","link":"https:\/\/www.bellunopress.it\/fr\/2012\/01\/04\/via-libera-al-restauro-dellauditorium-i-lavori-verranno-eseguiti-in-due-stralci-il-primo-di-600mila-euro-e-il-secondo-di-500mila-euro\/","title":{"rendered":"Via libera al restauro dell&#8217;Auditorium: i lavori verranno eseguiti in due stralci, il primo di 600mila euro e il secondo di 500mila euro"},"content":{"rendered":"<p>&nbsp;<\/p>\n<figure id=\"attachment_33894\" aria-describedby=\"caption-attachment-33894\" style=\"width: 232px\" class=\"wp-caption alignleft\"><a href=\"http:\/\/www.bellunopress.it\/wp-content\/uploads\/2012\/01\/auditorium.jpg\"><img loading=\"lazy\" decoding=\"async\" class=\"size-full wp-image-33894\" title=\"auditorium\" src=\"http:\/\/www.bellunopress.it\/wp-content\/uploads\/2012\/01\/auditorium.jpg\" alt=\"\" width=\"232\" height=\"290\" \/><\/a><figcaption id=\"caption-attachment-33894\" class=\"wp-caption-text\">Auditorium comunale di Belluno<\/figcaption><\/figure>\n<p>&#8220;Abbiamo chiuso il 2011 con una decisione davvero importante, che contribuir\u00e0 a cambiare il volto del centro della nostra Citt\u00e0. Abbiamo le risorse, abbiamo acquisito tutte le autorizzazioni, quindi adesso partiamo con il restauro dell&#8217;Auditorium\u201d. <a href=\"http:\/\/www.bellunopress.it\/wp-content\/uploads\/2011\/10\/antonio-prade-140x140.jpg\"><img loading=\"lazy\" decoding=\"async\" class=\"alignright size-full wp-image-31276\" title=\"antonio prade 140x140\" src=\"http:\/\/www.bellunopress.it\/wp-content\/uploads\/2011\/10\/antonio-prade-140x140.jpg\" alt=\"\" width=\"140\" height=\"140\" \/><\/a>Lo afferma il sindaco di Belluno Antonio Prade. \u201cA breve, dopo aver individuato la ditta che far\u00e0 i lavori \u2013 prosegue il sindaco &#8211; cominceremo con il primo stralcio che consiste nell&#8217;abbattimento di tutte le barriere architettoniche e nell&#8217;adeguamento di tutti gli impianti tecnologici, ivi compreso un nuovo ascensore, per una spesa complessiva di 600.000 euro. Il secondo stralcio vedr\u00e0 lavori per altri 500.000 euro. L&#8217;obiettivo, come ho detto pi\u00f9 volte, \u00e8 quello di costruire il quadrilatero della cultura, per far definitivamente decollare la Citt\u00e0 di Belluno come Citt\u00e0 d&#8217;arte e di turismo, vera capitale delle Dolomiti. E&#8217; chiaro che un simile progetto deve avere strutture materiali in grado di sostenerlo: ecco dunque Palazzo Bembo, dove cominceremo i lavori tra qualche giorno, ecco il Palazzo Fulcis per il quale sono state finalmente risolte alcune criticit\u00e0, ecco la Crepadona, la quale ha bisogno di spazi che potremo finalmente liberare, ed ecco l&#8217;Auditorium, moderna sala per concerti e per conferenze nonch\u00e9 luogo dove anche i giovani possono &#8220;fare cultura&#8221;, musicale e non solo. Ringrazio tutti coloro che hanno creduto in questo progetto senza tentennamenti. In primis, ancora una volta, la Fondazione Cariverona che contribuisce in maniera essenziale all&#8217;operazione con la somma di 1.000.000 euro. E Fabio Da Re, assessore competente in materia&#8221;. La spesa complessiva prevista per questo primo stralcio \u00e8 di 596.065 euro, di cui 430.000 per lavori e 166.065 a disposizione dell&#8217;amministrazione per i lavori in economia previsti dal progetto e per le spese tecniche di attivit\u00e0 di supporto alla progettazione e consulenze: verifiche strutturali, coordinamento della sicurezza, gli impianti, le verifiche sonore, l&#8217;assistenza agli scavi archeologici.<\/p>","protected":false},"excerpt":{"rendered":"<p>&nbsp; &#8220;Abbiamo chiuso il 2011 con una decisione davvero importante, che contribuir\u00e0 a cambiare il volto del centro della nostra Citt\u00e0. Abbiamo le risorse, abbiamo acquisito tutte le autorizzazioni, quindi adesso partiamo con il restauro dell&#8217;Auditorium\u201d. Lo afferma il sindaco di Belluno Antonio Prade. \u201cA breve, dopo aver individuato la ditta che far\u00e0 i lavori [&hellip;]<\/p>\n","protected":false},"author":2,"featured_media":0,"comment_status":"closed","ping_status":"open","sticky":false,"template":"","format":"standard","meta":{"footnotes":""},"categories":[1],"tags":[],"class_list":["post-33893","post","type-post","status-publish","format-standard","category-leo"],"yoast_head":"<!-- This site is optimized with the Yoast SEO plugin v28.4 - https:\/\/yoast.com\/product\/yoast-seo-wordpress\/ -->\n<title>Via libera al restauro dell&#039;Auditorium: i lavori verranno eseguiti in due stralci, il primo di 600mila euro e il secondo di 500mila euro - Bellunopress - Dolomiti<\/title>\n<meta name=\"robots\" content=\"index, follow, max-snippet:-1, max-image-preview:large, max-video-preview:-1\" \/>\n<link rel=\"canonical\" href=\"https:\/\/www.bellunopress.it\/fr\/2012\/01\/04\/via-libera-al-restauro-dellauditorium-i-lavori-verranno-eseguiti-in-due-stralci-il-primo-di-600mila-euro-e-il-secondo-di-500mila-euro\/\" \/>\n<meta property=\"og:locale\" content=\"fr_FR\" \/>\n<meta property=\"og:type\" content=\"article\" \/>\n<meta property=\"og:title\" content=\"Via libera al restauro dell&#039;Auditorium: i lavori verranno eseguiti in due stralci, il primo di 600mila euro e il secondo di 500mila euro - Bellunopress - Dolomiti\" \/>\n<meta property=\"og:description\" content=\"&nbsp; &#8220;Abbiamo chiuso il 2011 con una decisione davvero importante, che contribuir\u00e0 a cambiare il volto del centro della nostra Citt\u00e0. Abbiamo le risorse, abbiamo acquisito tutte le autorizzazioni, quindi adesso partiamo con il restauro dell&#8217;Auditorium\u201d. Lo afferma il sindaco di Belluno Antonio Prade. \u201cA breve, dopo aver individuato la ditta che far\u00e0 i lavori [&hellip;]\" \/>\n<meta property=\"og:url\" content=\"https:\/\/www.bellunopress.it\/fr\/2012\/01\/04\/via-libera-al-restauro-dellauditorium-i-lavori-verranno-eseguiti-in-due-stralci-il-primo-di-600mila-euro-e-il-secondo-di-500mila-euro\/\" \/>\n<meta property=\"og:site_name\" content=\"Bellunopress - Dolomiti\" \/>\n<meta property=\"article:publisher\" content=\"https:\/\/www.facebook.com\/profile.php?id=100008943462799\" \/>\n<meta property=\"article:published_time\" content=\"2012-01-04T15:24:14+00:00\" \/>\n<meta property=\"og:image\" content=\"http:\/\/www.bellunopress.it\/wp-content\/uploads\/2012\/01\/auditorium.jpg\" \/>\n<meta name=\"author\" content=\"redazione\" \/>\n<meta name=\"twitter:card\" content=\"summary_large_image\" \/>\n<meta name=\"twitter:creator\" content=\"@bellunopress\" \/>\n<meta name=\"twitter:site\" content=\"@bellunopress\" \/>\n<meta name=\"twitter:label1\" content=\"Written by\" \/>\n\t<meta name=\"twitter:data1\" content=\"redazione\" \/>\n\t<meta name=\"twitter:label2\" content=\"Est. reading time\" \/>\n\t<meta name=\"twitter:data2\" content=\"2 minutes\" \/>\n<script type=\"application\/ld+json\" class=\"yoast-schema-graph\">{\"@context\":\"https:\\\/\\\/schema.org\",\"@graph\":[{\"@type\":\"Article\",\"@id\":\"https:\\\/\\\/www.bellunopress.it\\\/2012\\\/01\\\/04\\\/via-libera-al-restauro-dellauditorium-i-lavori-verranno-eseguiti-in-due-stralci-il-primo-di-600mila-euro-e-il-secondo-di-500mila-euro\\\/#article\",\"isPartOf\":{\"@id\":\"https:\\\/\\\/www.bellunopress.it\\\/2012\\\/01\\\/04\\\/via-libera-al-restauro-dellauditorium-i-lavori-verranno-eseguiti-in-due-stralci-il-primo-di-600mila-euro-e-il-secondo-di-500mila-euro\\\/\"},\"author\":{\"name\":\"redazione\",\"@id\":\"https:\\\/\\\/www.bellunopress.it\\\/#\\\/schema\\\/person\\\/79bb06722b37ece1c03d3e94beb30d73\"},\"headline\":\"Via libera al restauro dell&#8217;Auditorium: i lavori verranno eseguiti in due stralci, il primo di 600mila euro e il secondo di 500mila euro\",\"datePublished\":\"2012-01-04T15:24:14+00:00\",\"mainEntityOfPage\":{\"@id\":\"https:\\\/\\\/www.bellunopress.it\\\/2012\\\/01\\\/04\\\/via-libera-al-restauro-dellauditorium-i-lavori-verranno-eseguiti-in-due-stralci-il-primo-di-600mila-euro-e-il-secondo-di-500mila-euro\\\/\"},\"wordCount\":338,\"publisher\":{\"@id\":\"https:\\\/\\\/www.bellunopress.it\\\/#organization\"},\"image\":{\"@id\":\"https:\\\/\\\/www.bellunopress.it\\\/2012\\\/01\\\/04\\\/via-libera-al-restauro-dellauditorium-i-lavori-verranno-eseguiti-in-due-stralci-il-primo-di-600mila-euro-e-il-secondo-di-500mila-euro\\\/#primaryimage\"},\"thumbnailUrl\":\"http:\\\/\\\/www.bellunopress.it\\\/wp-content\\\/uploads\\\/2012\\\/01\\\/auditorium.jpg\",\"articleSection\":[\"Lettere Opinioni\"],\"inLanguage\":\"fr-FR\"},{\"@type\":\"WebPage\",\"@id\":\"https:\\\/\\\/www.bellunopress.it\\\/2012\\\/01\\\/04\\\/via-libera-al-restauro-dellauditorium-i-lavori-verranno-eseguiti-in-due-stralci-il-primo-di-600mila-euro-e-il-secondo-di-500mila-euro\\\/\",\"url\":\"https:\\\/\\\/www.bellunopress.it\\\/2012\\\/01\\\/04\\\/via-libera-al-restauro-dellauditorium-i-lavori-verranno-eseguiti-in-due-stralci-il-primo-di-600mila-euro-e-il-secondo-di-500mila-euro\\\/\",\"name\":\"Via libera al restauro dell'Auditorium: i lavori verranno eseguiti in due stralci, il primo di 600mila euro e il secondo di 500mila euro - Bellunopress - Dolomiti\",\"isPartOf\":{\"@id\":\"https:\\\/\\\/www.bellunopress.it\\\/#website\"},\"primaryImageOfPage\":{\"@id\":\"https:\\\/\\\/www.bellunopress.it\\\/2012\\\/01\\\/04\\\/via-libera-al-restauro-dellauditorium-i-lavori-verranno-eseguiti-in-due-stralci-il-primo-di-600mila-euro-e-il-secondo-di-500mila-euro\\\/#primaryimage\"},\"image\":{\"@id\":\"https:\\\/\\\/www.bellunopress.it\\\/2012\\\/01\\\/04\\\/via-libera-al-restauro-dellauditorium-i-lavori-verranno-eseguiti-in-due-stralci-il-primo-di-600mila-euro-e-il-secondo-di-500mila-euro\\\/#primaryimage\"},\"thumbnailUrl\":\"http:\\\/\\\/www.bellunopress.it\\\/wp-content\\\/uploads\\\/2012\\\/01\\\/auditorium.jpg\",\"datePublished\":\"2012-01-04T15:24:14+00:00\",\"breadcrumb\":{\"@id\":\"https:\\\/\\\/www.bellunopress.it\\\/2012\\\/01\\\/04\\\/via-libera-al-restauro-dellauditorium-i-lavori-verranno-eseguiti-in-due-stralci-il-primo-di-600mila-euro-e-il-secondo-di-500mila-euro\\\/#breadcrumb\"},\"inLanguage\":\"fr-FR\",\"potentialAction\":[{\"@type\":\"ReadAction\",\"target\":[\"https:\\\/\\\/www.bellunopress.it\\\/2012\\\/01\\\/04\\\/via-libera-al-restauro-dellauditorium-i-lavori-verranno-eseguiti-in-due-stralci-il-primo-di-600mila-euro-e-il-secondo-di-500mila-euro\\\/\"]}]},{\"@type\":\"ImageObject\",\"inLanguage\":\"fr-FR\",\"@id\":\"https:\\\/\\\/www.bellunopress.it\\\/2012\\\/01\\\/04\\\/via-libera-al-restauro-dellauditorium-i-lavori-verranno-eseguiti-in-due-stralci-il-primo-di-600mila-euro-e-il-secondo-di-500mila-euro\\\/#primaryimage\",\"url\":\"http:\\\/\\\/www.bellunopress.it\\\/wp-content\\\/uploads\\\/2012\\\/01\\\/auditorium.jpg\",\"contentUrl\":\"http:\\\/\\\/www.bellunopress.it\\\/wp-content\\\/uploads\\\/2012\\\/01\\\/auditorium.jpg\"},{\"@type\":\"BreadcrumbList\",\"@id\":\"https:\\\/\\\/www.bellunopress.it\\\/2012\\\/01\\\/04\\\/via-libera-al-restauro-dellauditorium-i-lavori-verranno-eseguiti-in-due-stralci-il-primo-di-600mila-euro-e-il-secondo-di-500mila-euro\\\/#breadcrumb\",\"itemListElement\":[{\"@type\":\"ListItem\",\"position\":1,\"name\":\"Home\",\"item\":\"https:\\\/\\\/www.bellunopress.it\\\/\"},{\"@type\":\"ListItem\",\"position\":2,\"name\":\"Via libera al restauro dell&#8217;Auditorium: i lavori verranno eseguiti in due stralci, il primo di 600mila euro e il secondo di 500mila euro\"}]},{\"@type\":\"WebSite\",\"@id\":\"https:\\\/\\\/www.bellunopress.it\\\/#website\",\"url\":\"https:\\\/\\\/www.bellunopress.it\\\/\",\"name\":\"Bellunopress - Dolomiti\",\"description\":\"e-mail: redazione@bellunopress.it\",\"publisher\":{\"@id\":\"https:\\\/\\\/www.bellunopress.it\\\/#organization\"},\"potentialAction\":[{\"@type\":\"SearchAction\",\"target\":{\"@type\":\"EntryPoint\",\"urlTemplate\":\"https:\\\/\\\/www.bellunopress.it\\\/?s={search_term_string}\"},\"query-input\":{\"@type\":\"PropertyValueSpecification\",\"valueRequired\":true,\"valueName\":\"search_term_string\"}}],\"inLanguage\":\"fr-FR\"},{\"@type\":\"Organization\",\"@id\":\"https:\\\/\\\/www.bellunopress.it\\\/#organization\",\"name\":\"Bellunopress\",\"url\":\"https:\\\/\\\/www.bellunopress.it\\\/\",\"logo\":{\"@type\":\"ImageObject\",\"inLanguage\":\"fr-FR\",\"@id\":\"https:\\\/\\\/www.bellunopress.it\\\/#\\\/schema\\\/logo\\\/image\\\/\",\"url\":\"https:\\\/\\\/www.bellunopress.it\\\/wp-content\\\/uploads\\\/2011\\\/05\\\/cropped-logo-bellunopress-.jpg\",\"contentUrl\":\"https:\\\/\\\/www.bellunopress.it\\\/wp-content\\\/uploads\\\/2011\\\/05\\\/cropped-logo-bellunopress-.jpg\",\"width\":512,\"height\":512,\"caption\":\"Bellunopress\"},\"image\":{\"@id\":\"https:\\\/\\\/www.bellunopress.it\\\/#\\\/schema\\\/logo\\\/image\\\/\"},\"sameAs\":[\"https:\\\/\\\/www.facebook.com\\\/profile.php?id=100008943462799\",\"https:\\\/\\\/x.com\\\/bellunopress\",\"https:\\\/\\\/www.linkedin.com\\\/hp\\\/?dnr=JBzUWaJfMUw8vbXJJ2tVW5-I3jZKvC4wsoxE&amp;amp;amp;amp;amp;amp;trk=nav_responsive_tab_home\",\"https:\\\/\\\/www.youtube.com\\\/channel\\\/UCxL0wu1uN0_3_7hGG0306cw\"]},{\"@type\":\"Person\",\"@id\":\"https:\\\/\\\/www.bellunopress.it\\\/#\\\/schema\\\/person\\\/79bb06722b37ece1c03d3e94beb30d73\",\"name\":\"redazione\",\"image\":{\"@type\":\"ImageObject\",\"inLanguage\":\"fr-FR\",\"@id\":\"https:\\\/\\\/secure.gravatar.com\\\/avatar\\\/37d968a2e67a6fd04c169c4bdef102d0bc5d31b2546345219e348575eb80e9a0?s=96&d=mm&r=g\",\"url\":\"https:\\\/\\\/secure.gravatar.com\\\/avatar\\\/37d968a2e67a6fd04c169c4bdef102d0bc5d31b2546345219e348575eb80e9a0?s=96&d=mm&r=g\",\"contentUrl\":\"https:\\\/\\\/secure.gravatar.com\\\/avatar\\\/37d968a2e67a6fd04c169c4bdef102d0bc5d31b2546345219e348575eb80e9a0?s=96&d=mm&r=g\",\"caption\":\"redazione\"},\"sameAs\":[\"http:\\\/\\\/www.bellunopress.it\",\"https:\\\/\\\/x.com\\\/bellunopress\"],\"url\":\"https:\\\/\\\/www.bellunopress.it\\\/fr\\\/author\\\/redazione\\\/\"}]}<\/script>\n<!-- \/ Yoast SEO plugin. -->","yoast_head_json":{"title":"Via libera al restauro dell'Auditorium: i lavori verranno eseguiti in due stralci, il primo di 600mila euro e il secondo di 500mila euro - Bellunopress - Dolomiti","robots":{"index":"index","follow":"follow","max-snippet":"max-snippet:-1","max-image-preview":"max-image-preview:large","max-video-preview":"max-video-preview:-1"},"canonical":"https:\/\/www.bellunopress.it\/fr\/2012\/01\/04\/via-libera-al-restauro-dellauditorium-i-lavori-verranno-eseguiti-in-due-stralci-il-primo-di-600mila-euro-e-il-secondo-di-500mila-euro\/","og_locale":"fr_FR","og_type":"article","og_title":"Via libera al restauro dell'Auditorium: i lavori verranno eseguiti in due stralci, il primo di 600mila euro e il secondo di 500mila euro - Bellunopress - Dolomiti","og_description":"&nbsp; &#8220;Abbiamo chiuso il 2011 con una decisione davvero importante, che contribuir\u00e0 a cambiare il volto del centro della nostra Citt\u00e0. Abbiamo le risorse, abbiamo acquisito tutte le autorizzazioni, quindi adesso partiamo con il restauro dell&#8217;Auditorium\u201d. Lo afferma il sindaco di Belluno Antonio Prade. \u201cA breve, dopo aver individuato la ditta che far\u00e0 i lavori [&hellip;]","og_url":"https:\/\/www.bellunopress.it\/fr\/2012\/01\/04\/via-libera-al-restauro-dellauditorium-i-lavori-verranno-eseguiti-in-due-stralci-il-primo-di-600mila-euro-e-il-secondo-di-500mila-euro\/","og_site_name":"Bellunopress - Dolomiti","article_publisher":"https:\/\/www.facebook.com\/profile.php?id=100008943462799","article_published_time":"2012-01-04T15:24:14+00:00","og_image":[{"url":"http:\/\/www.bellunopress.it\/wp-content\/uploads\/2012\/01\/auditorium.jpg","type":"","width":"","height":""}],"author":"redazione","twitter_card":"summary_large_image","twitter_creator":"@bellunopress","twitter_site":"@bellunopress","twitter_misc":{"Written by":"redazione","Est. reading time":"2 minutes"},"schema":{"@context":"https:\/\/schema.org","@graph":[{"@type":"Article","@id":"https:\/\/www.bellunopress.it\/2012\/01\/04\/via-libera-al-restauro-dellauditorium-i-lavori-verranno-eseguiti-in-due-stralci-il-primo-di-600mila-euro-e-il-secondo-di-500mila-euro\/#article","isPartOf":{"@id":"https:\/\/www.bellunopress.it\/2012\/01\/04\/via-libera-al-restauro-dellauditorium-i-lavori-verranno-eseguiti-in-due-stralci-il-primo-di-600mila-euro-e-il-secondo-di-500mila-euro\/"},"author":{"name":"redazione","@id":"https:\/\/www.bellunopress.it\/#\/schema\/person\/79bb06722b37ece1c03d3e94beb30d73"},"headline":"Via libera al restauro dell&#8217;Auditorium: i lavori verranno eseguiti in due stralci, il primo di 600mila euro e il secondo di 500mila euro","datePublished":"2012-01-04T15:24:14+00:00","mainEntityOfPage":{"@id":"https:\/\/www.bellunopress.it\/2012\/01\/04\/via-libera-al-restauro-dellauditorium-i-lavori-verranno-eseguiti-in-due-stralci-il-primo-di-600mila-euro-e-il-secondo-di-500mila-euro\/"},"wordCount":338,"publisher":{"@id":"https:\/\/www.bellunopress.it\/#organization"},"image":{"@id":"https:\/\/www.bellunopress.it\/2012\/01\/04\/via-libera-al-restauro-dellauditorium-i-lavori-verranno-eseguiti-in-due-stralci-il-primo-di-600mila-euro-e-il-secondo-di-500mila-euro\/#primaryimage"},"thumbnailUrl":"http:\/\/www.bellunopress.it\/wp-content\/uploads\/2012\/01\/auditorium.jpg","articleSection":["Lettere Opinioni"],"inLanguage":"fr-FR"},{"@type":"WebPage","@id":"https:\/\/www.bellunopress.it\/2012\/01\/04\/via-libera-al-restauro-dellauditorium-i-lavori-verranno-eseguiti-in-due-stralci-il-primo-di-600mila-euro-e-il-secondo-di-500mila-euro\/","url":"https:\/\/www.bellunopress.it\/2012\/01\/04\/via-libera-al-restauro-dellauditorium-i-lavori-verranno-eseguiti-in-due-stralci-il-primo-di-600mila-euro-e-il-secondo-di-500mila-euro\/","name":"Via libera al restauro dell'Auditorium: i lavori verranno eseguiti in due stralci, il primo di 600mila euro e il secondo di 500mila euro - Bellunopress - Dolomiti","isPartOf":{"@id":"https:\/\/www.bellunopress.it\/#website"},"primaryImageOfPage":{"@id":"https:\/\/www.bellunopress.it\/2012\/01\/04\/via-libera-al-restauro-dellauditorium-i-lavori-verranno-eseguiti-in-due-stralci-il-primo-di-600mila-euro-e-il-secondo-di-500mila-euro\/#primaryimage"},"image":{"@id":"https:\/\/www.bellunopress.it\/2012\/01\/04\/via-libera-al-restauro-dellauditorium-i-lavori-verranno-eseguiti-in-due-stralci-il-primo-di-600mila-euro-e-il-secondo-di-500mila-euro\/#primaryimage"},"thumbnailUrl":"http:\/\/www.bellunopress.it\/wp-content\/uploads\/2012\/01\/auditorium.jpg","datePublished":"2012-01-04T15:24:14+00:00","breadcrumb":{"@id":"https:\/\/www.bellunopress.it\/2012\/01\/04\/via-libera-al-restauro-dellauditorium-i-lavori-verranno-eseguiti-in-due-stralci-il-primo-di-600mila-euro-e-il-secondo-di-500mila-euro\/#breadcrumb"},"inLanguage":"fr-FR","potentialAction":[{"@type":"ReadAction","target":["https:\/\/www.bellunopress.it\/2012\/01\/04\/via-libera-al-restauro-dellauditorium-i-lavori-verranno-eseguiti-in-due-stralci-il-primo-di-600mila-euro-e-il-secondo-di-500mila-euro\/"]}]},{"@type":"ImageObject","inLanguage":"fr-FR","@id":"https:\/\/www.bellunopress.it\/2012\/01\/04\/via-libera-al-restauro-dellauditorium-i-lavori-verranno-eseguiti-in-due-stralci-il-primo-di-600mila-euro-e-il-secondo-di-500mila-euro\/#primaryimage","url":"http:\/\/www.bellunopress.it\/wp-content\/uploads\/2012\/01\/auditorium.jpg","contentUrl":"http:\/\/www.bellunopress.it\/wp-content\/uploads\/2012\/01\/auditorium.jpg"},{"@type":"BreadcrumbList","@id":"https:\/\/www.bellunopress.it\/2012\/01\/04\/via-libera-al-restauro-dellauditorium-i-lavori-verranno-eseguiti-in-due-stralci-il-primo-di-600mila-euro-e-il-secondo-di-500mila-euro\/#breadcrumb","itemListElement":[{"@type":"ListItem","position":1,"name":"Home","item":"https:\/\/www.bellunopress.it\/"},{"@type":"ListItem","position":2,"name":"Via libera al restauro dell&#8217;Auditorium: i lavori verranno eseguiti in due stralci, il primo di 600mila euro e il secondo di 500mila euro"}]},{"@type":"WebSite","@id":"https:\/\/www.bellunopress.it\/#website","url":"https:\/\/www.bellunopress.it\/","name":"Bellunopress - Dolomiti","description":"e-mail: redazione@bellunopress.it","publisher":{"@id":"https:\/\/www.bellunopress.it\/#organization"},"potentialAction":[{"@type":"SearchAction","target":{"@type":"EntryPoint","urlTemplate":"https:\/\/www.bellunopress.it\/?s={search_term_string}"},"query-input":{"@type":"PropertyValueSpecification","valueRequired":true,"valueName":"search_term_string"}}],"inLanguage":"fr-FR"},{"@type":"Organization","@id":"https:\/\/www.bellunopress.it\/#organization","name":"Bellunopress","url":"https:\/\/www.bellunopress.it\/","logo":{"@type":"ImageObject","inLanguage":"fr-FR","@id":"https:\/\/www.bellunopress.it\/#\/schema\/logo\/image\/","url":"https:\/\/www.bellunopress.it\/wp-content\/uploads\/2011\/05\/cropped-logo-bellunopress-.jpg","contentUrl":"https:\/\/www.bellunopress.it\/wp-content\/uploads\/2011\/05\/cropped-logo-bellunopress-.jpg","width":512,"height":512,"caption":"Bellunopress"},"image":{"@id":"https:\/\/www.bellunopress.it\/#\/schema\/logo\/image\/"},"sameAs":["https:\/\/www.facebook.com\/profile.php?id=100008943462799","https:\/\/x.com\/bellunopress","https:\/\/www.linkedin.com\/hp\/?dnr=JBzUWaJfMUw8vbXJJ2tVW5-I3jZKvC4wsoxE&amp;amp;amp;amp;amp;amp;trk=nav_responsive_tab_home","https:\/\/www.youtube.com\/channel\/UCxL0wu1uN0_3_7hGG0306cw"]},{"@type":"Person","@id":"https:\/\/www.bellunopress.it\/#\/schema\/person\/79bb06722b37ece1c03d3e94beb30d73","name":"r\u00e9daction","image":{"@type":"ImageObject","inLanguage":"fr-FR","@id":"https:\/\/secure.gravatar.com\/avatar\/37d968a2e67a6fd04c169c4bdef102d0bc5d31b2546345219e348575eb80e9a0?s=96&d=mm&r=g","url":"https:\/\/secure.gravatar.com\/avatar\/37d968a2e67a6fd04c169c4bdef102d0bc5d31b2546345219e348575eb80e9a0?s=96&d=mm&r=g","contentUrl":"https:\/\/secure.gravatar.com\/avatar\/37d968a2e67a6fd04c169c4bdef102d0bc5d31b2546345219e348575eb80e9a0?s=96&d=mm&r=g","caption":"redazione"},"sameAs":["http:\/\/www.bellunopress.it","https:\/\/x.com\/bellunopress"],"url":"https:\/\/www.bellunopress.it\/fr\/author\/redazione\/"}]}},"_links":{"self":[{"href":"https:\/\/www.bellunopress.it\/fr\/wp-json\/wp\/v2\/posts\/33893","targetHints":{"allow":["GET"]}}],"collection":[{"href":"https:\/\/www.bellunopress.it\/fr\/wp-json\/wp\/v2\/posts"}],"about":[{"href":"https:\/\/www.bellunopress.it\/fr\/wp-json\/wp\/v2\/types\/post"}],"author":[{"embeddable":true,"href":"https:\/\/www.bellunopress.it\/fr\/wp-json\/wp\/v2\/users\/2"}],"replies":[{"embeddable":true,"href":"https:\/\/www.bellunopress.it\/fr\/wp-json\/wp\/v2\/comments?post=33893"}],"version-history":[{"count":1,"href":"https:\/\/www.bellunopress.it\/fr\/wp-json\/wp\/v2\/posts\/33893\/revisions"}],"predecessor-version":[{"id":33895,"href":"https:\/\/www.bellunopress.it\/fr\/wp-json\/wp\/v2\/posts\/33893\/revisions\/33895"}],"wp:attachment":[{"href":"https:\/\/www.bellunopress.it\/fr\/wp-json\/wp\/v2\/media?parent=33893"}],"wp:term":[{"taxonomy":"category","embeddable":true,"href":"https:\/\/www.bellunopress.it\/fr\/wp-json\/wp\/v2\/categories?post=33893"},{"taxonomy":"post_tag","embeddable":true,"href":"https:\/\/www.bellunopress.it\/fr\/wp-json\/wp\/v2\/tags?post=33893"}],"curies":[{"name":"wp","href":"https:\/\/api.w.org\/{rel}","templated":true}]}}