{"id":33890,"date":"2012-01-04T10:08:34","date_gmt":"2012-01-04T09:08:34","guid":{"rendered":"http:\/\/www.bellunopress.it\/?p=33890"},"modified":"2012-01-04T10:08:34","modified_gmt":"2012-01-04T09:08:34","slug":"prepotenti-e-impuniti-perche-la-malagiustizia-italiana-permette-sempre-di-farla-franca-giovedi-a-cortina-con-stefano-zurlo","status":"publish","type":"post","link":"https:\/\/www.bellunopress.it\/fr\/2012\/01\/04\/prepotenti-e-impuniti-perche-la-malagiustizia-italiana-permette-sempre-di-farla-franca-giovedi-a-cortina-con-stefano-zurlo\/","title":{"rendered":"&#8220;Prepotenti e impuniti&#8221;, perch\u00e9 la malagiustizia italiana permette sempre di farla franca? Gioved\u00ec a Cortina con Stefano Zurlo"},"content":{"rendered":"<p>Con 5 milioni e mezzo di processi civili pendenti, l\u2019Italia \u00e8 in cima alla lista della malagiustizia. Un numero impressionante di eredit\u00e0, fallimenti, divorzi e liti. Ma perch\u00e9 il nostro sistema permette sempre di farla franca? Qual \u00e8 la casta della giustizia italiana? Le risposte in \u201cPrepotenti e impuniti\u201d (Piemme), il nuovo best-seller di\u00a0 Stefano Zurlo, che sar\u00e0 ospite gioved\u00ec 5 gennaio 2012 di\u00a0Una Montagna di Libri,\u00a0la rassegna di incontri con l\u2019Autore di Cortina d\u2019Ampezzo. Appuntamento alle\u00a0ore 18, come sempre alla Sala Cultura del\u00a0Palazzo delle Poste\u00a0di Cortina. In una conversazione con Francesco Chiamulera, responsabile della rassegna. Stefano Zurlo, firma di punta de Il Giornale, si \u00e8 occupato di inchieste giudiziarie e di cronaca nera. Ospite di trasmissioni di approfondimento politico e conduttore del talk \u201cIceberg\u201d su Telelombardia, insegna Giornalismo alla Link University di Roma.<\/p>\n<p>Il libro. Di truffatori e prepotenti il mondo \u00e8 pieno, ma quello che nel nostro Paese permette loro di farla sempre franca \u00e8 la malagiustizia. Storie di casi di giustizia civile che intrappolano i cittadini tra le pieghe della burocrazia e dell\u2019insensatezza del nostro sistema giuridico. Come il caso dei vicini di casa che per anni continuano a utilizzare il giardino dei dirimpettai come discarica abusiva, ma non si trova un giudice in grado di impedirglielo&#8230; La descrizione della realt\u00e0 di oggi, nell\u2019Italia dei processi infiniti durante i quali le lire fanno in tempo a diventare euro.<\/p>\n<p>Appuntamento quindi\u00a0gioved\u00ec\u00a0alle\u00a0ore 18, come sempre nel calore della Sala Cultura del\u00a0Palazzo delle Poste\u00a0di Cortina d\u2019Ampezzo. A un passo da Corso Italia. Al termine dell\u2019incontro,\u00a0brindisi\u00a0con Battistella, il Prosecco\u00ae, e i Bibanesi\u00ae. Ingresso libero.<\/p>\n<p>&nbsp;<\/p>","protected":false},"excerpt":{"rendered":"<p>Con 5 milioni e mezzo di processi civili pendenti, l\u2019Italia \u00e8 in cima alla lista della malagiustizia. Un numero impressionante di eredit\u00e0, fallimenti, divorzi e liti. Ma perch\u00e9 il nostro sistema permette sempre di farla franca? Qual \u00e8 la casta della giustizia italiana? Le risposte in \u201cPrepotenti e impuniti\u201d (Piemme), il nuovo best-seller di\u00a0 Stefano [&hellip;]<\/p>\n","protected":false},"author":2,"featured_media":0,"comment_status":"closed","ping_status":"open","sticky":false,"template":"","format":"standard","meta":{"footnotes":""},"categories":[27,3,25],"tags":[],"class_list":["post-33890","post","type-post","status-publish","format-standard","category-appuntamenti","category-arte-cultura-spettacoli-scienza-archivi","category-pausa-caffe"],"yoast_head":"<!-- This site is optimized with the Yoast SEO plugin v28.4 - https:\/\/yoast.com\/product\/yoast-seo-wordpress\/ -->\n<title>&quot;Prepotenti e impuniti&quot;, perch\u00e9 la malagiustizia italiana permette sempre di farla franca? Gioved\u00ec a Cortina con Stefano Zurlo - Bellunopress - Dolomiti<\/title>\n<meta name=\"robots\" content=\"index, follow, max-snippet:-1, max-image-preview:large, max-video-preview:-1\" \/>\n<link rel=\"canonical\" href=\"https:\/\/www.bellunopress.it\/fr\/2012\/01\/04\/prepotenti-e-impuniti-perche-la-malagiustizia-italiana-permette-sempre-di-farla-franca-giovedi-a-cortina-con-stefano-zurlo\/\" \/>\n<meta property=\"og:locale\" content=\"fr_FR\" \/>\n<meta property=\"og:type\" content=\"article\" \/>\n<meta property=\"og:title\" content=\"&quot;Prepotenti e impuniti&quot;, perch\u00e9 la malagiustizia italiana permette sempre di farla franca? Gioved\u00ec a Cortina con Stefano Zurlo - Bellunopress - Dolomiti\" \/>\n<meta property=\"og:description\" content=\"Con 5 milioni e mezzo di processi civili pendenti, l\u2019Italia \u00e8 in cima alla lista della malagiustizia. Un numero impressionante di eredit\u00e0, fallimenti, divorzi e liti. Ma perch\u00e9 il nostro sistema permette sempre di farla franca? Qual \u00e8 la casta della giustizia italiana? Le risposte in \u201cPrepotenti e impuniti\u201d (Piemme), il nuovo best-seller di\u00a0 Stefano [&hellip;]\" \/>\n<meta property=\"og:url\" content=\"https:\/\/www.bellunopress.it\/fr\/2012\/01\/04\/prepotenti-e-impuniti-perche-la-malagiustizia-italiana-permette-sempre-di-farla-franca-giovedi-a-cortina-con-stefano-zurlo\/\" \/>\n<meta property=\"og:site_name\" content=\"Bellunopress - Dolomiti\" \/>\n<meta property=\"article:publisher\" content=\"https:\/\/www.facebook.com\/profile.php?id=100008943462799\" \/>\n<meta property=\"article:published_time\" content=\"2012-01-04T09:08:34+00:00\" \/>\n<meta property=\"og:image\" content=\"http:\/\/www.bellunopress.it\/wp-content\/uploads\/2012\/07\/logo-bellunopress-250x250-2012.jpg\" \/>\n<meta name=\"author\" content=\"redazione\" \/>\n<meta name=\"twitter:card\" content=\"summary_large_image\" \/>\n<meta name=\"twitter:creator\" content=\"@bellunopress\" \/>\n<meta name=\"twitter:site\" content=\"@bellunopress\" \/>\n<meta name=\"twitter:label1\" content=\"Written by\" \/>\n\t<meta name=\"twitter:data1\" content=\"redazione\" \/>\n\t<meta name=\"twitter:label2\" content=\"Est. reading time\" \/>\n\t<meta name=\"twitter:data2\" content=\"1 minute\" \/>\n<script type=\"application\/ld+json\" class=\"yoast-schema-graph\">{\"@context\":\"https:\\\/\\\/schema.org\",\"@graph\":[{\"@type\":\"Article\",\"@id\":\"https:\\\/\\\/www.bellunopress.it\\\/2012\\\/01\\\/04\\\/prepotenti-e-impuniti-perche-la-malagiustizia-italiana-permette-sempre-di-farla-franca-giovedi-a-cortina-con-stefano-zurlo\\\/#article\",\"isPartOf\":{\"@id\":\"https:\\\/\\\/www.bellunopress.it\\\/2012\\\/01\\\/04\\\/prepotenti-e-impuniti-perche-la-malagiustizia-italiana-permette-sempre-di-farla-franca-giovedi-a-cortina-con-stefano-zurlo\\\/\"},\"author\":{\"name\":\"redazione\",\"@id\":\"https:\\\/\\\/www.bellunopress.it\\\/#\\\/schema\\\/person\\\/79bb06722b37ece1c03d3e94beb30d73\"},\"headline\":\"&#8220;Prepotenti e impuniti&#8221;, perch\u00e9 la malagiustizia italiana permette sempre di farla franca? Gioved\u00ec a Cortina con Stefano Zurlo\",\"datePublished\":\"2012-01-04T09:08:34+00:00\",\"mainEntityOfPage\":{\"@id\":\"https:\\\/\\\/www.bellunopress.it\\\/2012\\\/01\\\/04\\\/prepotenti-e-impuniti-perche-la-malagiustizia-italiana-permette-sempre-di-farla-franca-giovedi-a-cortina-con-stefano-zurlo\\\/\"},\"wordCount\":291,\"publisher\":{\"@id\":\"https:\\\/\\\/www.bellunopress.it\\\/#organization\"},\"articleSection\":[\"Appuntamenti, Eventi\",\"Arte, Cultura, Spettacoli, Scienza\",\"Pausa Caff\u00e8\"],\"inLanguage\":\"fr-FR\"},{\"@type\":\"WebPage\",\"@id\":\"https:\\\/\\\/www.bellunopress.it\\\/2012\\\/01\\\/04\\\/prepotenti-e-impuniti-perche-la-malagiustizia-italiana-permette-sempre-di-farla-franca-giovedi-a-cortina-con-stefano-zurlo\\\/\",\"url\":\"https:\\\/\\\/www.bellunopress.it\\\/2012\\\/01\\\/04\\\/prepotenti-e-impuniti-perche-la-malagiustizia-italiana-permette-sempre-di-farla-franca-giovedi-a-cortina-con-stefano-zurlo\\\/\",\"name\":\"\\\"Prepotenti e impuniti\\\", perch\u00e9 la malagiustizia italiana permette sempre di farla franca? Gioved\u00ec a Cortina con Stefano Zurlo - Bellunopress - Dolomiti\",\"isPartOf\":{\"@id\":\"https:\\\/\\\/www.bellunopress.it\\\/#website\"},\"datePublished\":\"2012-01-04T09:08:34+00:00\",\"breadcrumb\":{\"@id\":\"https:\\\/\\\/www.bellunopress.it\\\/2012\\\/01\\\/04\\\/prepotenti-e-impuniti-perche-la-malagiustizia-italiana-permette-sempre-di-farla-franca-giovedi-a-cortina-con-stefano-zurlo\\\/#breadcrumb\"},\"inLanguage\":\"fr-FR\",\"potentialAction\":[{\"@type\":\"ReadAction\",\"target\":[\"https:\\\/\\\/www.bellunopress.it\\\/2012\\\/01\\\/04\\\/prepotenti-e-impuniti-perche-la-malagiustizia-italiana-permette-sempre-di-farla-franca-giovedi-a-cortina-con-stefano-zurlo\\\/\"]}]},{\"@type\":\"BreadcrumbList\",\"@id\":\"https:\\\/\\\/www.bellunopress.it\\\/2012\\\/01\\\/04\\\/prepotenti-e-impuniti-perche-la-malagiustizia-italiana-permette-sempre-di-farla-franca-giovedi-a-cortina-con-stefano-zurlo\\\/#breadcrumb\",\"itemListElement\":[{\"@type\":\"ListItem\",\"position\":1,\"name\":\"Home\",\"item\":\"https:\\\/\\\/www.bellunopress.it\\\/\"},{\"@type\":\"ListItem\",\"position\":2,\"name\":\"&#8220;Prepotenti e impuniti&#8221;, perch\u00e9 la malagiustizia italiana permette sempre di farla franca? Gioved\u00ec a Cortina con Stefano Zurlo\"}]},{\"@type\":\"WebSite\",\"@id\":\"https:\\\/\\\/www.bellunopress.it\\\/#website\",\"url\":\"https:\\\/\\\/www.bellunopress.it\\\/\",\"name\":\"Bellunopress - Dolomiti\",\"description\":\"e-mail: redazione@bellunopress.it\",\"publisher\":{\"@id\":\"https:\\\/\\\/www.bellunopress.it\\\/#organization\"},\"potentialAction\":[{\"@type\":\"SearchAction\",\"target\":{\"@type\":\"EntryPoint\",\"urlTemplate\":\"https:\\\/\\\/www.bellunopress.it\\\/?s={search_term_string}\"},\"query-input\":{\"@type\":\"PropertyValueSpecification\",\"valueRequired\":true,\"valueName\":\"search_term_string\"}}],\"inLanguage\":\"fr-FR\"},{\"@type\":\"Organization\",\"@id\":\"https:\\\/\\\/www.bellunopress.it\\\/#organization\",\"name\":\"Bellunopress\",\"url\":\"https:\\\/\\\/www.bellunopress.it\\\/\",\"logo\":{\"@type\":\"ImageObject\",\"inLanguage\":\"fr-FR\",\"@id\":\"https:\\\/\\\/www.bellunopress.it\\\/#\\\/schema\\\/logo\\\/image\\\/\",\"url\":\"https:\\\/\\\/www.bellunopress.it\\\/wp-content\\\/uploads\\\/2011\\\/05\\\/cropped-logo-bellunopress-.jpg\",\"contentUrl\":\"https:\\\/\\\/www.bellunopress.it\\\/wp-content\\\/uploads\\\/2011\\\/05\\\/cropped-logo-bellunopress-.jpg\",\"width\":512,\"height\":512,\"caption\":\"Bellunopress\"},\"image\":{\"@id\":\"https:\\\/\\\/www.bellunopress.it\\\/#\\\/schema\\\/logo\\\/image\\\/\"},\"sameAs\":[\"https:\\\/\\\/www.facebook.com\\\/profile.php?id=100008943462799\",\"https:\\\/\\\/x.com\\\/bellunopress\",\"https:\\\/\\\/www.linkedin.com\\\/hp\\\/?dnr=JBzUWaJfMUw8vbXJJ2tVW5-I3jZKvC4wsoxE&amp;amp;amp;amp;amp;amp;trk=nav_responsive_tab_home\",\"https:\\\/\\\/www.youtube.com\\\/channel\\\/UCxL0wu1uN0_3_7hGG0306cw\"]},{\"@type\":\"Person\",\"@id\":\"https:\\\/\\\/www.bellunopress.it\\\/#\\\/schema\\\/person\\\/79bb06722b37ece1c03d3e94beb30d73\",\"name\":\"redazione\",\"image\":{\"@type\":\"ImageObject\",\"inLanguage\":\"fr-FR\",\"@id\":\"https:\\\/\\\/secure.gravatar.com\\\/avatar\\\/37d968a2e67a6fd04c169c4bdef102d0bc5d31b2546345219e348575eb80e9a0?s=96&d=mm&r=g\",\"url\":\"https:\\\/\\\/secure.gravatar.com\\\/avatar\\\/37d968a2e67a6fd04c169c4bdef102d0bc5d31b2546345219e348575eb80e9a0?s=96&d=mm&r=g\",\"contentUrl\":\"https:\\\/\\\/secure.gravatar.com\\\/avatar\\\/37d968a2e67a6fd04c169c4bdef102d0bc5d31b2546345219e348575eb80e9a0?s=96&d=mm&r=g\",\"caption\":\"redazione\"},\"sameAs\":[\"http:\\\/\\\/www.bellunopress.it\",\"https:\\\/\\\/x.com\\\/bellunopress\"],\"url\":\"https:\\\/\\\/www.bellunopress.it\\\/fr\\\/author\\\/redazione\\\/\"}]}<\/script>\n<!-- \/ Yoast SEO plugin. -->","yoast_head_json":{"title":"\"Prepotenti e impuniti\", perch\u00e9 la malagiustizia italiana permette sempre di farla franca? Gioved\u00ec a Cortina con Stefano Zurlo - Bellunopress - Dolomiti","robots":{"index":"index","follow":"follow","max-snippet":"max-snippet:-1","max-image-preview":"max-image-preview:large","max-video-preview":"max-video-preview:-1"},"canonical":"https:\/\/www.bellunopress.it\/fr\/2012\/01\/04\/prepotenti-e-impuniti-perche-la-malagiustizia-italiana-permette-sempre-di-farla-franca-giovedi-a-cortina-con-stefano-zurlo\/","og_locale":"fr_FR","og_type":"article","og_title":"\"Prepotenti e impuniti\", perch\u00e9 la malagiustizia italiana permette sempre di farla franca? Gioved\u00ec a Cortina con Stefano Zurlo - Bellunopress - Dolomiti","og_description":"Con 5 milioni e mezzo di processi civili pendenti, l\u2019Italia \u00e8 in cima alla lista della malagiustizia. Un numero impressionante di eredit\u00e0, fallimenti, divorzi e liti. Ma perch\u00e9 il nostro sistema permette sempre di farla franca? Qual \u00e8 la casta della giustizia italiana? Le risposte in \u201cPrepotenti e impuniti\u201d (Piemme), il nuovo best-seller di\u00a0 Stefano [&hellip;]","og_url":"https:\/\/www.bellunopress.it\/fr\/2012\/01\/04\/prepotenti-e-impuniti-perche-la-malagiustizia-italiana-permette-sempre-di-farla-franca-giovedi-a-cortina-con-stefano-zurlo\/","og_site_name":"Bellunopress - Dolomiti","article_publisher":"https:\/\/www.facebook.com\/profile.php?id=100008943462799","article_published_time":"2012-01-04T09:08:34+00:00","og_image":[{"url":"http:\/\/www.bellunopress.it\/wp-content\/uploads\/2012\/07\/logo-bellunopress-250x250-2012.jpg","type":"","width":"","height":""}],"author":"redazione","twitter_card":"summary_large_image","twitter_creator":"@bellunopress","twitter_site":"@bellunopress","twitter_misc":{"Written by":"redazione","Est. reading time":"1 minute"},"schema":{"@context":"https:\/\/schema.org","@graph":[{"@type":"Article","@id":"https:\/\/www.bellunopress.it\/2012\/01\/04\/prepotenti-e-impuniti-perche-la-malagiustizia-italiana-permette-sempre-di-farla-franca-giovedi-a-cortina-con-stefano-zurlo\/#article","isPartOf":{"@id":"https:\/\/www.bellunopress.it\/2012\/01\/04\/prepotenti-e-impuniti-perche-la-malagiustizia-italiana-permette-sempre-di-farla-franca-giovedi-a-cortina-con-stefano-zurlo\/"},"author":{"name":"redazione","@id":"https:\/\/www.bellunopress.it\/#\/schema\/person\/79bb06722b37ece1c03d3e94beb30d73"},"headline":"&#8220;Prepotenti e impuniti&#8221;, perch\u00e9 la malagiustizia italiana permette sempre di farla franca? Gioved\u00ec a Cortina con Stefano Zurlo","datePublished":"2012-01-04T09:08:34+00:00","mainEntityOfPage":{"@id":"https:\/\/www.bellunopress.it\/2012\/01\/04\/prepotenti-e-impuniti-perche-la-malagiustizia-italiana-permette-sempre-di-farla-franca-giovedi-a-cortina-con-stefano-zurlo\/"},"wordCount":291,"publisher":{"@id":"https:\/\/www.bellunopress.it\/#organization"},"articleSection":["Appuntamenti, Eventi","Arte, Cultura, Spettacoli, Scienza","Pausa Caff\u00e8"],"inLanguage":"fr-FR"},{"@type":"WebPage","@id":"https:\/\/www.bellunopress.it\/2012\/01\/04\/prepotenti-e-impuniti-perche-la-malagiustizia-italiana-permette-sempre-di-farla-franca-giovedi-a-cortina-con-stefano-zurlo\/","url":"https:\/\/www.bellunopress.it\/2012\/01\/04\/prepotenti-e-impuniti-perche-la-malagiustizia-italiana-permette-sempre-di-farla-franca-giovedi-a-cortina-con-stefano-zurlo\/","name":"\"Prepotenti e impuniti\", perch\u00e9 la malagiustizia italiana permette sempre di farla franca? Gioved\u00ec a Cortina con Stefano Zurlo - Bellunopress - Dolomiti","isPartOf":{"@id":"https:\/\/www.bellunopress.it\/#website"},"datePublished":"2012-01-04T09:08:34+00:00","breadcrumb":{"@id":"https:\/\/www.bellunopress.it\/2012\/01\/04\/prepotenti-e-impuniti-perche-la-malagiustizia-italiana-permette-sempre-di-farla-franca-giovedi-a-cortina-con-stefano-zurlo\/#breadcrumb"},"inLanguage":"fr-FR","potentialAction":[{"@type":"ReadAction","target":["https:\/\/www.bellunopress.it\/2012\/01\/04\/prepotenti-e-impuniti-perche-la-malagiustizia-italiana-permette-sempre-di-farla-franca-giovedi-a-cortina-con-stefano-zurlo\/"]}]},{"@type":"BreadcrumbList","@id":"https:\/\/www.bellunopress.it\/2012\/01\/04\/prepotenti-e-impuniti-perche-la-malagiustizia-italiana-permette-sempre-di-farla-franca-giovedi-a-cortina-con-stefano-zurlo\/#breadcrumb","itemListElement":[{"@type":"ListItem","position":1,"name":"Home","item":"https:\/\/www.bellunopress.it\/"},{"@type":"ListItem","position":2,"name":"&#8220;Prepotenti e impuniti&#8221;, perch\u00e9 la malagiustizia italiana permette sempre di farla franca? Gioved\u00ec a Cortina con Stefano Zurlo"}]},{"@type":"WebSite","@id":"https:\/\/www.bellunopress.it\/#website","url":"https:\/\/www.bellunopress.it\/","name":"Bellunopress - Dolomiti","description":"e-mail: redazione@bellunopress.it","publisher":{"@id":"https:\/\/www.bellunopress.it\/#organization"},"potentialAction":[{"@type":"SearchAction","target":{"@type":"EntryPoint","urlTemplate":"https:\/\/www.bellunopress.it\/?s={search_term_string}"},"query-input":{"@type":"PropertyValueSpecification","valueRequired":true,"valueName":"search_term_string"}}],"inLanguage":"fr-FR"},{"@type":"Organization","@id":"https:\/\/www.bellunopress.it\/#organization","name":"Bellunopress","url":"https:\/\/www.bellunopress.it\/","logo":{"@type":"ImageObject","inLanguage":"fr-FR","@id":"https:\/\/www.bellunopress.it\/#\/schema\/logo\/image\/","url":"https:\/\/www.bellunopress.it\/wp-content\/uploads\/2011\/05\/cropped-logo-bellunopress-.jpg","contentUrl":"https:\/\/www.bellunopress.it\/wp-content\/uploads\/2011\/05\/cropped-logo-bellunopress-.jpg","width":512,"height":512,"caption":"Bellunopress"},"image":{"@id":"https:\/\/www.bellunopress.it\/#\/schema\/logo\/image\/"},"sameAs":["https:\/\/www.facebook.com\/profile.php?id=100008943462799","https:\/\/x.com\/bellunopress","https:\/\/www.linkedin.com\/hp\/?dnr=JBzUWaJfMUw8vbXJJ2tVW5-I3jZKvC4wsoxE&amp;amp;amp;amp;amp;amp;trk=nav_responsive_tab_home","https:\/\/www.youtube.com\/channel\/UCxL0wu1uN0_3_7hGG0306cw"]},{"@type":"Person","@id":"https:\/\/www.bellunopress.it\/#\/schema\/person\/79bb06722b37ece1c03d3e94beb30d73","name":"r\u00e9daction","image":{"@type":"ImageObject","inLanguage":"fr-FR","@id":"https:\/\/secure.gravatar.com\/avatar\/37d968a2e67a6fd04c169c4bdef102d0bc5d31b2546345219e348575eb80e9a0?s=96&d=mm&r=g","url":"https:\/\/secure.gravatar.com\/avatar\/37d968a2e67a6fd04c169c4bdef102d0bc5d31b2546345219e348575eb80e9a0?s=96&d=mm&r=g","contentUrl":"https:\/\/secure.gravatar.com\/avatar\/37d968a2e67a6fd04c169c4bdef102d0bc5d31b2546345219e348575eb80e9a0?s=96&d=mm&r=g","caption":"redazione"},"sameAs":["http:\/\/www.bellunopress.it","https:\/\/x.com\/bellunopress"],"url":"https:\/\/www.bellunopress.it\/fr\/author\/redazione\/"}]}},"_links":{"self":[{"href":"https:\/\/www.bellunopress.it\/fr\/wp-json\/wp\/v2\/posts\/33890","targetHints":{"allow":["GET"]}}],"collection":[{"href":"https:\/\/www.bellunopress.it\/fr\/wp-json\/wp\/v2\/posts"}],"about":[{"href":"https:\/\/www.bellunopress.it\/fr\/wp-json\/wp\/v2\/types\/post"}],"author":[{"embeddable":true,"href":"https:\/\/www.bellunopress.it\/fr\/wp-json\/wp\/v2\/users\/2"}],"replies":[{"embeddable":true,"href":"https:\/\/www.bellunopress.it\/fr\/wp-json\/wp\/v2\/comments?post=33890"}],"version-history":[{"count":1,"href":"https:\/\/www.bellunopress.it\/fr\/wp-json\/wp\/v2\/posts\/33890\/revisions"}],"predecessor-version":[{"id":33891,"href":"https:\/\/www.bellunopress.it\/fr\/wp-json\/wp\/v2\/posts\/33890\/revisions\/33891"}],"wp:attachment":[{"href":"https:\/\/www.bellunopress.it\/fr\/wp-json\/wp\/v2\/media?parent=33890"}],"wp:term":[{"taxonomy":"category","embeddable":true,"href":"https:\/\/www.bellunopress.it\/fr\/wp-json\/wp\/v2\/categories?post=33890"},{"taxonomy":"post_tag","embeddable":true,"href":"https:\/\/www.bellunopress.it\/fr\/wp-json\/wp\/v2\/tags?post=33890"}],"curies":[{"name":"wp","href":"https:\/\/api.w.org\/{rel}","templated":true}]}}