{"id":33885,"date":"2012-01-04T08:25:49","date_gmt":"2012-01-04T07:25:49","guid":{"rendered":"http:\/\/www.bellunopress.it\/?p=33885"},"modified":"2012-01-04T08:25:49","modified_gmt":"2012-01-04T07:25:49","slug":"25-centimetri-di-neve-fresca-a-padola-confermate-le-due-prove-della-gran-fondo-bellunese-il-5-e-6-gennaio","status":"publish","type":"post","link":"https:\/\/www.bellunopress.it\/fr\/2012\/01\/04\/25-centimetri-di-neve-fresca-a-padola-confermate-le-due-prove-della-gran-fondo-bellunese-il-5-e-6-gennaio\/","title":{"rendered":"25 centimetri di neve fresca a Padola. Confermate le due prove della gran fondo bellunese il 5  e 6 gennaio"},"content":{"rendered":"<p>Su Padola di Comelico Superiore (Belluno) sono caduti 25 centimetri di neve. La precipitazione, tanto attesa dagli appassionati, ha cos\u00ec spazzato via gli ultimi residui timori legati alla disputa della III^ edizione della Comelgo Loppet. L&#8217;organizzazione, che gi\u00e0 aveva effettuato un vero e proprio miracolo nei giorni scorsi allestendo 10 km di pista, ha potuto procedere a preparare perfettamente 12,5 km di tracciato e confermare le gare in programma il 5 e 6 gennaio prossimi. \u00a0 Per i granfondisti, dunque, quella bellunese sar\u00e0 la prima possibilit\u00e0 di confrontarsi nel corso della stagione 2011-2012, stagione che, causa un inverno arido, \u00e8 stata fin qui caratterizzata dall?annullamento di tante manifestazioni. Gioved\u00ec 5 andranno in scena i primi 25 km, a tecnica libera, mentre venerd\u00ec 6 sono in programma i 25 km in tecnica classica. Quest?ultima gara sar\u00e0 valida quale Rossignol Race e quale memorial Riccardo De Martin. In entrambe le giornate la partenza dalla piana di Padola \u00e8 fissata per le 10.30. \u00a0 \u00abLa neve ci ha finalmente dato una mano &#8211; commenta Roberto De Zolt, coordinatore dell?organizzazione della Comelgo Loppet -. Allestiremo un tracciato leggermente ridotto rispetto a quello tradizionale, proponendo in entrambe le giornate due gare sui 25 chilometri anzich\u00e9 sui 30 previsti dal programma. Questo per garantire una pista in perfette condizioni. Il lavoro svolto dai tanti volontari, che hanno riportato sul tracciato la neve per giorni, \u00e8 stato enorme\u00bb. \u00a0 Nelle ultime ore stanno fioccando anche le iscrizioni. \u00abFino a due giorni fa eravamo fermi a poco pi\u00f9 di cento ? dice ancora De Zolt ? ma ora il ritmo delle adesioni \u00e8 davvero frenetico. Tra ieri e oggi abbiamo superato quota 350 e tra i partecipanti, oltre a Sabina Valbusa che aveva confermato la propria presenza la settimana scorsa, ci sar\u00e0 anche Thomas Steurer (<a href=\"http:\/\/www.thomas-steurer.at\">www.thomas-steurer.at<\/a>), specialista austriaco delle gran fondo che vanta vittorie e podi nelle pi\u00f9 importanti gare del circuito Euroloppet e Fis Marathon Cup\u00bb.<\/p>\n<p>Per chi si iscriver\u00e0 fino al 4 gennaio, la cifra di partecipazione sar\u00e0 di 30 euro per la singola prova e di 55 per la combinata. Coloro che si iscriveranno il giorno della gara, infine, pagheranno rispettivamente 35 e 65 euro. Nelle ore precedenti le gare ci sar\u00e0 a disposizioni un servizio di sciolinatura e paraffinatura curato dal Team Briko Maplus. Sul fronte dei premi, invece, oltre ai riconoscimenti per i primi classificati, ci saranno numerosi premi a sorteggio, tra i quali soggiorni alle Terme di Valgrande, materiale tecnico offerto da Rossignol e un viaggio per una persona a Sharm el Sheik.<\/p>\n<p>Tutte le informazioni sono reperibili sul sito <a href=\"http:\/\/www.comelgoloppet.com\">www.comelgoloppet.com<\/a>.<\/p>\n<p>&nbsp;<\/p>","protected":false},"excerpt":{"rendered":"<p>Su Padola di Comelico Superiore (Belluno) sono caduti 25 centimetri di neve. La precipitazione, tanto attesa dagli appassionati, ha cos\u00ec spazzato via gli ultimi residui timori legati alla disputa della III^ edizione della Comelgo Loppet. L&#8217;organizzazione, che gi\u00e0 aveva effettuato un vero e proprio miracolo nei giorni scorsi allestendo 10 km di pista, ha potuto [&hellip;]<\/p>\n","protected":false},"author":2,"featured_media":0,"comment_status":"closed","ping_status":"open","sticky":false,"template":"","format":"standard","meta":{"footnotes":""},"categories":[25,4],"tags":[],"class_list":["post-33885","post","type-post","status-publish","format-standard","category-pausa-caffe","category-sport"],"yoast_head":"<!-- This site is optimized with the Yoast SEO plugin v28.4 - https:\/\/yoast.com\/product\/yoast-seo-wordpress\/ -->\n<title>25 centimetri di neve fresca a Padola. Confermate le due prove della gran fondo bellunese il 5 e 6 gennaio    - Bellunopress - Dolomiti<\/title>\n<meta name=\"robots\" content=\"index, follow, max-snippet:-1, max-image-preview:large, max-video-preview:-1\" \/>\n<link rel=\"canonical\" href=\"https:\/\/www.bellunopress.it\/fr\/2012\/01\/04\/25-centimetri-di-neve-fresca-a-padola-confermate-le-due-prove-della-gran-fondo-bellunese-il-5-e-6-gennaio\/\" \/>\n<meta property=\"og:locale\" content=\"fr_FR\" \/>\n<meta property=\"og:type\" content=\"article\" \/>\n<meta property=\"og:title\" content=\"25 centimetri di neve fresca a Padola. Confermate le due prove della gran fondo bellunese il 5 e 6 gennaio    - Bellunopress - Dolomiti\" \/>\n<meta property=\"og:description\" content=\"Su Padola di Comelico Superiore (Belluno) sono caduti 25 centimetri di neve. La precipitazione, tanto attesa dagli appassionati, ha cos\u00ec spazzato via gli ultimi residui timori legati alla disputa della III^ edizione della Comelgo Loppet. L&#8217;organizzazione, che gi\u00e0 aveva effettuato un vero e proprio miracolo nei giorni scorsi allestendo 10 km di pista, ha potuto [&hellip;]\" \/>\n<meta property=\"og:url\" content=\"https:\/\/www.bellunopress.it\/fr\/2012\/01\/04\/25-centimetri-di-neve-fresca-a-padola-confermate-le-due-prove-della-gran-fondo-bellunese-il-5-e-6-gennaio\/\" \/>\n<meta property=\"og:site_name\" content=\"Bellunopress - Dolomiti\" \/>\n<meta property=\"article:publisher\" content=\"https:\/\/www.facebook.com\/profile.php?id=100008943462799\" \/>\n<meta property=\"article:published_time\" content=\"2012-01-04T07:25:49+00:00\" \/>\n<meta property=\"og:image\" content=\"http:\/\/www.bellunopress.it\/wp-content\/uploads\/2012\/07\/logo-bellunopress-250x250-2012.jpg\" \/>\n<meta name=\"author\" content=\"redazione\" \/>\n<meta name=\"twitter:card\" content=\"summary_large_image\" \/>\n<meta name=\"twitter:creator\" content=\"@bellunopress\" \/>\n<meta name=\"twitter:site\" content=\"@bellunopress\" \/>\n<meta name=\"twitter:label1\" content=\"\u00c9crit par\" \/>\n\t<meta name=\"twitter:data1\" content=\"redazione\" \/>\n\t<meta name=\"twitter:label2\" content=\"Dur\u00e9e de lecture estim\u00e9e\" \/>\n\t<meta name=\"twitter:data2\" content=\"2 minutes\" \/>\n<script type=\"application\/ld+json\" class=\"yoast-schema-graph\">{\"@context\":\"https:\\\/\\\/schema.org\",\"@graph\":[{\"@type\":\"Article\",\"@id\":\"https:\\\/\\\/www.bellunopress.it\\\/2012\\\/01\\\/04\\\/25-centimetri-di-neve-fresca-a-padola-confermate-le-due-prove-della-gran-fondo-bellunese-il-5-e-6-gennaio\\\/#article\",\"isPartOf\":{\"@id\":\"https:\\\/\\\/www.bellunopress.it\\\/2012\\\/01\\\/04\\\/25-centimetri-di-neve-fresca-a-padola-confermate-le-due-prove-della-gran-fondo-bellunese-il-5-e-6-gennaio\\\/\"},\"author\":{\"name\":\"redazione\",\"@id\":\"https:\\\/\\\/www.bellunopress.it\\\/#\\\/schema\\\/person\\\/79bb06722b37ece1c03d3e94beb30d73\"},\"headline\":\"25 centimetri di neve fresca a Padola. Confermate le due prove della gran fondo bellunese il 5 e 6 gennaio\",\"datePublished\":\"2012-01-04T07:25:49+00:00\",\"mainEntityOfPage\":{\"@id\":\"https:\\\/\\\/www.bellunopress.it\\\/2012\\\/01\\\/04\\\/25-centimetri-di-neve-fresca-a-padola-confermate-le-due-prove-della-gran-fondo-bellunese-il-5-e-6-gennaio\\\/\"},\"wordCount\":428,\"publisher\":{\"@id\":\"https:\\\/\\\/www.bellunopress.it\\\/#organization\"},\"articleSection\":[\"Pausa Caff\u00e8\",\"Sport, tempo libero\"],\"inLanguage\":\"fr-FR\"},{\"@type\":\"WebPage\",\"@id\":\"https:\\\/\\\/www.bellunopress.it\\\/2012\\\/01\\\/04\\\/25-centimetri-di-neve-fresca-a-padola-confermate-le-due-prove-della-gran-fondo-bellunese-il-5-e-6-gennaio\\\/\",\"url\":\"https:\\\/\\\/www.bellunopress.it\\\/2012\\\/01\\\/04\\\/25-centimetri-di-neve-fresca-a-padola-confermate-le-due-prove-della-gran-fondo-bellunese-il-5-e-6-gennaio\\\/\",\"name\":\"25 centimetri di neve fresca a Padola. Confermate le due prove della gran fondo bellunese il 5 e 6 gennaio - Bellunopress - Dolomiti\",\"isPartOf\":{\"@id\":\"https:\\\/\\\/www.bellunopress.it\\\/#website\"},\"datePublished\":\"2012-01-04T07:25:49+00:00\",\"breadcrumb\":{\"@id\":\"https:\\\/\\\/www.bellunopress.it\\\/2012\\\/01\\\/04\\\/25-centimetri-di-neve-fresca-a-padola-confermate-le-due-prove-della-gran-fondo-bellunese-il-5-e-6-gennaio\\\/#breadcrumb\"},\"inLanguage\":\"fr-FR\",\"potentialAction\":[{\"@type\":\"ReadAction\",\"target\":[\"https:\\\/\\\/www.bellunopress.it\\\/2012\\\/01\\\/04\\\/25-centimetri-di-neve-fresca-a-padola-confermate-le-due-prove-della-gran-fondo-bellunese-il-5-e-6-gennaio\\\/\"]}]},{\"@type\":\"BreadcrumbList\",\"@id\":\"https:\\\/\\\/www.bellunopress.it\\\/2012\\\/01\\\/04\\\/25-centimetri-di-neve-fresca-a-padola-confermate-le-due-prove-della-gran-fondo-bellunese-il-5-e-6-gennaio\\\/#breadcrumb\",\"itemListElement\":[{\"@type\":\"ListItem\",\"position\":1,\"name\":\"Home\",\"item\":\"https:\\\/\\\/www.bellunopress.it\\\/\"},{\"@type\":\"ListItem\",\"position\":2,\"name\":\"25 centimetri di neve fresca a Padola. Confermate le due prove della gran fondo bellunese il 5 e 6 gennaio\"}]},{\"@type\":\"WebSite\",\"@id\":\"https:\\\/\\\/www.bellunopress.it\\\/#website\",\"url\":\"https:\\\/\\\/www.bellunopress.it\\\/\",\"name\":\"Bellunopress - Dolomiti\",\"description\":\"e-mail: redazione@bellunopress.it\",\"publisher\":{\"@id\":\"https:\\\/\\\/www.bellunopress.it\\\/#organization\"},\"potentialAction\":[{\"@type\":\"SearchAction\",\"target\":{\"@type\":\"EntryPoint\",\"urlTemplate\":\"https:\\\/\\\/www.bellunopress.it\\\/?s={search_term_string}\"},\"query-input\":{\"@type\":\"PropertyValueSpecification\",\"valueRequired\":true,\"valueName\":\"search_term_string\"}}],\"inLanguage\":\"fr-FR\"},{\"@type\":\"Organization\",\"@id\":\"https:\\\/\\\/www.bellunopress.it\\\/#organization\",\"name\":\"Bellunopress\",\"url\":\"https:\\\/\\\/www.bellunopress.it\\\/\",\"logo\":{\"@type\":\"ImageObject\",\"inLanguage\":\"fr-FR\",\"@id\":\"https:\\\/\\\/www.bellunopress.it\\\/#\\\/schema\\\/logo\\\/image\\\/\",\"url\":\"https:\\\/\\\/www.bellunopress.it\\\/wp-content\\\/uploads\\\/2011\\\/05\\\/cropped-logo-bellunopress-.jpg\",\"contentUrl\":\"https:\\\/\\\/www.bellunopress.it\\\/wp-content\\\/uploads\\\/2011\\\/05\\\/cropped-logo-bellunopress-.jpg\",\"width\":512,\"height\":512,\"caption\":\"Bellunopress\"},\"image\":{\"@id\":\"https:\\\/\\\/www.bellunopress.it\\\/#\\\/schema\\\/logo\\\/image\\\/\"},\"sameAs\":[\"https:\\\/\\\/www.facebook.com\\\/profile.php?id=100008943462799\",\"https:\\\/\\\/x.com\\\/bellunopress\",\"https:\\\/\\\/www.linkedin.com\\\/hp\\\/?dnr=JBzUWaJfMUw8vbXJJ2tVW5-I3jZKvC4wsoxE&amp;amp;amp;amp;amp;amp;trk=nav_responsive_tab_home\",\"https:\\\/\\\/www.youtube.com\\\/channel\\\/UCxL0wu1uN0_3_7hGG0306cw\"]},{\"@type\":\"Person\",\"@id\":\"https:\\\/\\\/www.bellunopress.it\\\/#\\\/schema\\\/person\\\/79bb06722b37ece1c03d3e94beb30d73\",\"name\":\"redazione\",\"image\":{\"@type\":\"ImageObject\",\"inLanguage\":\"fr-FR\",\"@id\":\"https:\\\/\\\/secure.gravatar.com\\\/avatar\\\/37d968a2e67a6fd04c169c4bdef102d0bc5d31b2546345219e348575eb80e9a0?s=96&d=mm&r=g\",\"url\":\"https:\\\/\\\/secure.gravatar.com\\\/avatar\\\/37d968a2e67a6fd04c169c4bdef102d0bc5d31b2546345219e348575eb80e9a0?s=96&d=mm&r=g\",\"contentUrl\":\"https:\\\/\\\/secure.gravatar.com\\\/avatar\\\/37d968a2e67a6fd04c169c4bdef102d0bc5d31b2546345219e348575eb80e9a0?s=96&d=mm&r=g\",\"caption\":\"redazione\"},\"sameAs\":[\"http:\\\/\\\/www.bellunopress.it\",\"https:\\\/\\\/x.com\\\/bellunopress\"],\"url\":\"https:\\\/\\\/www.bellunopress.it\\\/fr\\\/author\\\/redazione\\\/\"}]}<\/script>\n<!-- \/ Yoast SEO plugin. -->","yoast_head_json":{"title":"25 centimetri di neve fresca a Padola. Confermate le due prove della gran fondo bellunese il 5 e 6 gennaio    - Bellunopress - Dolomiti","robots":{"index":"index","follow":"follow","max-snippet":"max-snippet:-1","max-image-preview":"max-image-preview:large","max-video-preview":"max-video-preview:-1"},"canonical":"https:\/\/www.bellunopress.it\/fr\/2012\/01\/04\/25-centimetri-di-neve-fresca-a-padola-confermate-le-due-prove-della-gran-fondo-bellunese-il-5-e-6-gennaio\/","og_locale":"fr_FR","og_type":"article","og_title":"25 centimetri di neve fresca a Padola. Confermate le due prove della gran fondo bellunese il 5 e 6 gennaio    - Bellunopress - Dolomiti","og_description":"Su Padola di Comelico Superiore (Belluno) sono caduti 25 centimetri di neve. La precipitazione, tanto attesa dagli appassionati, ha cos\u00ec spazzato via gli ultimi residui timori legati alla disputa della III^ edizione della Comelgo Loppet. L&#8217;organizzazione, che gi\u00e0 aveva effettuato un vero e proprio miracolo nei giorni scorsi allestendo 10 km di pista, ha potuto [&hellip;]","og_url":"https:\/\/www.bellunopress.it\/fr\/2012\/01\/04\/25-centimetri-di-neve-fresca-a-padola-confermate-le-due-prove-della-gran-fondo-bellunese-il-5-e-6-gennaio\/","og_site_name":"Bellunopress - Dolomiti","article_publisher":"https:\/\/www.facebook.com\/profile.php?id=100008943462799","article_published_time":"2012-01-04T07:25:49+00:00","og_image":[{"url":"http:\/\/www.bellunopress.it\/wp-content\/uploads\/2012\/07\/logo-bellunopress-250x250-2012.jpg","type":"","width":"","height":""}],"author":"redazione","twitter_card":"summary_large_image","twitter_creator":"@bellunopress","twitter_site":"@bellunopress","twitter_misc":{"\u00c9crit par":"redazione","Dur\u00e9e de lecture estim\u00e9e":"2 minutes"},"schema":{"@context":"https:\/\/schema.org","@graph":[{"@type":"Article","@id":"https:\/\/www.bellunopress.it\/2012\/01\/04\/25-centimetri-di-neve-fresca-a-padola-confermate-le-due-prove-della-gran-fondo-bellunese-il-5-e-6-gennaio\/#article","isPartOf":{"@id":"https:\/\/www.bellunopress.it\/2012\/01\/04\/25-centimetri-di-neve-fresca-a-padola-confermate-le-due-prove-della-gran-fondo-bellunese-il-5-e-6-gennaio\/"},"author":{"name":"redazione","@id":"https:\/\/www.bellunopress.it\/#\/schema\/person\/79bb06722b37ece1c03d3e94beb30d73"},"headline":"25 centimetri di neve fresca a Padola. Confermate le due prove della gran fondo bellunese il 5 e 6 gennaio","datePublished":"2012-01-04T07:25:49+00:00","mainEntityOfPage":{"@id":"https:\/\/www.bellunopress.it\/2012\/01\/04\/25-centimetri-di-neve-fresca-a-padola-confermate-le-due-prove-della-gran-fondo-bellunese-il-5-e-6-gennaio\/"},"wordCount":428,"publisher":{"@id":"https:\/\/www.bellunopress.it\/#organization"},"articleSection":["Pausa Caff\u00e8","Sport, tempo libero"],"inLanguage":"fr-FR"},{"@type":"WebPage","@id":"https:\/\/www.bellunopress.it\/2012\/01\/04\/25-centimetri-di-neve-fresca-a-padola-confermate-le-due-prove-della-gran-fondo-bellunese-il-5-e-6-gennaio\/","url":"https:\/\/www.bellunopress.it\/2012\/01\/04\/25-centimetri-di-neve-fresca-a-padola-confermate-le-due-prove-della-gran-fondo-bellunese-il-5-e-6-gennaio\/","name":"25 centimetri di neve fresca a Padola. Confermate le due prove della gran fondo bellunese il 5 e 6 gennaio - Bellunopress - Dolomiti","isPartOf":{"@id":"https:\/\/www.bellunopress.it\/#website"},"datePublished":"2012-01-04T07:25:49+00:00","breadcrumb":{"@id":"https:\/\/www.bellunopress.it\/2012\/01\/04\/25-centimetri-di-neve-fresca-a-padola-confermate-le-due-prove-della-gran-fondo-bellunese-il-5-e-6-gennaio\/#breadcrumb"},"inLanguage":"fr-FR","potentialAction":[{"@type":"ReadAction","target":["https:\/\/www.bellunopress.it\/2012\/01\/04\/25-centimetri-di-neve-fresca-a-padola-confermate-le-due-prove-della-gran-fondo-bellunese-il-5-e-6-gennaio\/"]}]},{"@type":"BreadcrumbList","@id":"https:\/\/www.bellunopress.it\/2012\/01\/04\/25-centimetri-di-neve-fresca-a-padola-confermate-le-due-prove-della-gran-fondo-bellunese-il-5-e-6-gennaio\/#breadcrumb","itemListElement":[{"@type":"ListItem","position":1,"name":"Home","item":"https:\/\/www.bellunopress.it\/"},{"@type":"ListItem","position":2,"name":"25 centimetri di neve fresca a Padola. Confermate le due prove della gran fondo bellunese il 5 e 6 gennaio"}]},{"@type":"WebSite","@id":"https:\/\/www.bellunopress.it\/#website","url":"https:\/\/www.bellunopress.it\/","name":"Bellunopress - Dolomiti","description":"e-mail: redazione@bellunopress.it","publisher":{"@id":"https:\/\/www.bellunopress.it\/#organization"},"potentialAction":[{"@type":"SearchAction","target":{"@type":"EntryPoint","urlTemplate":"https:\/\/www.bellunopress.it\/?s={search_term_string}"},"query-input":{"@type":"PropertyValueSpecification","valueRequired":true,"valueName":"search_term_string"}}],"inLanguage":"fr-FR"},{"@type":"Organization","@id":"https:\/\/www.bellunopress.it\/#organization","name":"Bellunopress","url":"https:\/\/www.bellunopress.it\/","logo":{"@type":"ImageObject","inLanguage":"fr-FR","@id":"https:\/\/www.bellunopress.it\/#\/schema\/logo\/image\/","url":"https:\/\/www.bellunopress.it\/wp-content\/uploads\/2011\/05\/cropped-logo-bellunopress-.jpg","contentUrl":"https:\/\/www.bellunopress.it\/wp-content\/uploads\/2011\/05\/cropped-logo-bellunopress-.jpg","width":512,"height":512,"caption":"Bellunopress"},"image":{"@id":"https:\/\/www.bellunopress.it\/#\/schema\/logo\/image\/"},"sameAs":["https:\/\/www.facebook.com\/profile.php?id=100008943462799","https:\/\/x.com\/bellunopress","https:\/\/www.linkedin.com\/hp\/?dnr=JBzUWaJfMUw8vbXJJ2tVW5-I3jZKvC4wsoxE&amp;amp;amp;amp;amp;amp;trk=nav_responsive_tab_home","https:\/\/www.youtube.com\/channel\/UCxL0wu1uN0_3_7hGG0306cw"]},{"@type":"Person","@id":"https:\/\/www.bellunopress.it\/#\/schema\/person\/79bb06722b37ece1c03d3e94beb30d73","name":"r\u00e9daction","image":{"@type":"ImageObject","inLanguage":"fr-FR","@id":"https:\/\/secure.gravatar.com\/avatar\/37d968a2e67a6fd04c169c4bdef102d0bc5d31b2546345219e348575eb80e9a0?s=96&d=mm&r=g","url":"https:\/\/secure.gravatar.com\/avatar\/37d968a2e67a6fd04c169c4bdef102d0bc5d31b2546345219e348575eb80e9a0?s=96&d=mm&r=g","contentUrl":"https:\/\/secure.gravatar.com\/avatar\/37d968a2e67a6fd04c169c4bdef102d0bc5d31b2546345219e348575eb80e9a0?s=96&d=mm&r=g","caption":"redazione"},"sameAs":["http:\/\/www.bellunopress.it","https:\/\/x.com\/bellunopress"],"url":"https:\/\/www.bellunopress.it\/fr\/author\/redazione\/"}]}},"_links":{"self":[{"href":"https:\/\/www.bellunopress.it\/fr\/wp-json\/wp\/v2\/posts\/33885","targetHints":{"allow":["GET"]}}],"collection":[{"href":"https:\/\/www.bellunopress.it\/fr\/wp-json\/wp\/v2\/posts"}],"about":[{"href":"https:\/\/www.bellunopress.it\/fr\/wp-json\/wp\/v2\/types\/post"}],"author":[{"embeddable":true,"href":"https:\/\/www.bellunopress.it\/fr\/wp-json\/wp\/v2\/users\/2"}],"replies":[{"embeddable":true,"href":"https:\/\/www.bellunopress.it\/fr\/wp-json\/wp\/v2\/comments?post=33885"}],"version-history":[{"count":1,"href":"https:\/\/www.bellunopress.it\/fr\/wp-json\/wp\/v2\/posts\/33885\/revisions"}],"predecessor-version":[{"id":33886,"href":"https:\/\/www.bellunopress.it\/fr\/wp-json\/wp\/v2\/posts\/33885\/revisions\/33886"}],"wp:attachment":[{"href":"https:\/\/www.bellunopress.it\/fr\/wp-json\/wp\/v2\/media?parent=33885"}],"wp:term":[{"taxonomy":"category","embeddable":true,"href":"https:\/\/www.bellunopress.it\/fr\/wp-json\/wp\/v2\/categories?post=33885"},{"taxonomy":"post_tag","embeddable":true,"href":"https:\/\/www.bellunopress.it\/fr\/wp-json\/wp\/v2\/tags?post=33885"}],"curies":[{"name":"wp","href":"https:\/\/api.w.org\/{rel}","templated":true}]}}