{"id":33881,"date":"2012-01-04T07:59:47","date_gmt":"2012-01-04T06:59:47","guid":{"rendered":"http:\/\/www.bellunopress.it\/?p=33881"},"modified":"2012-01-04T07:59:47","modified_gmt":"2012-01-04T06:59:47","slug":"arte-dinverno-a-cortina-mercoledi-gianluca-dinca-levis-curatore-di-dolomiti-contemporanee","status":"publish","type":"post","link":"https:\/\/www.bellunopress.it\/fr\/2012\/01\/04\/arte-dinverno-a-cortina-mercoledi-gianluca-dinca-levis-curatore-di-dolomiti-contemporanee\/","title":{"rendered":"Arte d&#8217;Inverno a Cortina: mercoled\u00ec Gianluca D&#8217;Inc\u00e0 Levis curatore di Dolomiti contemporanee"},"content":{"rendered":"<p>Gianluca D&#8217;Inc\u00e0 Levis sar\u00e0 ospite mercoled\u00ec alle 17,30 a Cortina in Corso Italia 69 al ciclo di conversazioni artistiche &#8220;Arte d&#8217;Inverno a Cortina&#8221; ideato da Rossella Meucci Reale e promosso dalla Libreria Sovilla e dal Museo d\u2019Arte Moderna Mario Rimoldi. Nell\u2019ambito del ciclo la sede del Museo Rimoldi ospita l\u2019incontro sul tema Arte come strumento di comunicazione, con la conversazione dal titolo Eni-Dolomiti contemporanee: due diverse forme di mecenatismo. Che vedr\u00e0 svilupparsi un dibattito tra Gianluca D\u2019Inca Levis, ideatore e curatore del progetto Dolomiti Contemporanee, e Mattia Voltaggio, curatore sezione arte ENI, introdotti da Alessandra de Bigontina, direttrice del Museo Rimoldi.<\/p>\n<p>Mercoled\u00ec 4 gennaio 2012 \u2013 ore 17.30 Corso Italia, 69 \u2013 Cortina d\u2019Ampezzo<\/p>","protected":false},"excerpt":{"rendered":"<p>Gianluca D&#8217;Inc\u00e0 Levis sar\u00e0 ospite mercoled\u00ec alle 17,30 a Cortina in Corso Italia 69 al ciclo di conversazioni artistiche &#8220;Arte d&#8217;Inverno a Cortina&#8221; ideato da Rossella Meucci Reale e promosso dalla Libreria Sovilla e dal Museo d\u2019Arte Moderna Mario Rimoldi. Nell\u2019ambito del ciclo la sede del Museo Rimoldi ospita l\u2019incontro sul tema Arte come strumento [&hellip;]<\/p>\n","protected":false},"author":2,"featured_media":0,"comment_status":"closed","ping_status":"open","sticky":false,"template":"","format":"standard","meta":{"footnotes":""},"categories":[27,3,25],"tags":[],"class_list":["post-33881","post","type-post","status-publish","format-standard","category-appuntamenti","category-arte-cultura-spettacoli-scienza-archivi","category-pausa-caffe"],"yoast_head":"<!-- This site is optimized with the Yoast SEO plugin v28.4 - https:\/\/yoast.com\/product\/yoast-seo-wordpress\/ -->\n<title>Arte d&#039;Inverno a Cortina: mercoled\u00ec Gianluca D&#039;Inc\u00e0 Levis curatore di Dolomiti contemporanee - Bellunopress - Dolomiti<\/title>\n<meta name=\"robots\" content=\"index, follow, max-snippet:-1, max-image-preview:large, max-video-preview:-1\" \/>\n<link rel=\"canonical\" href=\"https:\/\/www.bellunopress.it\/fr\/2012\/01\/04\/arte-dinverno-a-cortina-mercoledi-gianluca-dinca-levis-curatore-di-dolomiti-contemporanee\/\" \/>\n<meta property=\"og:locale\" content=\"fr_FR\" \/>\n<meta property=\"og:type\" content=\"article\" \/>\n<meta property=\"og:title\" content=\"Arte d&#039;Inverno a Cortina: mercoled\u00ec Gianluca D&#039;Inc\u00e0 Levis curatore di Dolomiti contemporanee - Bellunopress - Dolomiti\" \/>\n<meta property=\"og:description\" content=\"Gianluca D&#8217;Inc\u00e0 Levis sar\u00e0 ospite mercoled\u00ec alle 17,30 a Cortina in Corso Italia 69 al ciclo di conversazioni artistiche &#8220;Arte d&#8217;Inverno a Cortina&#8221; ideato da Rossella Meucci Reale e promosso dalla Libreria Sovilla e dal Museo d\u2019Arte Moderna Mario Rimoldi. Nell\u2019ambito del ciclo la sede del Museo Rimoldi ospita l\u2019incontro sul tema Arte come strumento [&hellip;]\" \/>\n<meta property=\"og:url\" content=\"https:\/\/www.bellunopress.it\/fr\/2012\/01\/04\/arte-dinverno-a-cortina-mercoledi-gianluca-dinca-levis-curatore-di-dolomiti-contemporanee\/\" \/>\n<meta property=\"og:site_name\" content=\"Bellunopress - Dolomiti\" \/>\n<meta property=\"article:publisher\" content=\"https:\/\/www.facebook.com\/profile.php?id=100008943462799\" \/>\n<meta property=\"article:published_time\" content=\"2012-01-04T06:59:47+00:00\" \/>\n<meta property=\"og:image\" content=\"http:\/\/www.bellunopress.it\/wp-content\/uploads\/2012\/07\/logo-bellunopress-250x250-2012.jpg\" \/>\n<meta name=\"author\" content=\"redazione\" \/>\n<meta name=\"twitter:card\" content=\"summary_large_image\" \/>\n<meta name=\"twitter:creator\" content=\"@bellunopress\" \/>\n<meta name=\"twitter:site\" content=\"@bellunopress\" \/>\n<meta name=\"twitter:label1\" content=\"\u00c9crit par\" \/>\n\t<meta name=\"twitter:data1\" content=\"redazione\" \/>\n\t<meta name=\"twitter:label2\" content=\"Dur\u00e9e de lecture estim\u00e9e\" \/>\n\t<meta name=\"twitter:data2\" content=\"1 minute\" \/>\n<script type=\"application\/ld+json\" class=\"yoast-schema-graph\">{\"@context\":\"https:\\\/\\\/schema.org\",\"@graph\":[{\"@type\":\"Article\",\"@id\":\"https:\\\/\\\/www.bellunopress.it\\\/2012\\\/01\\\/04\\\/arte-dinverno-a-cortina-mercoledi-gianluca-dinca-levis-curatore-di-dolomiti-contemporanee\\\/#article\",\"isPartOf\":{\"@id\":\"https:\\\/\\\/www.bellunopress.it\\\/2012\\\/01\\\/04\\\/arte-dinverno-a-cortina-mercoledi-gianluca-dinca-levis-curatore-di-dolomiti-contemporanee\\\/\"},\"author\":{\"name\":\"redazione\",\"@id\":\"https:\\\/\\\/www.bellunopress.it\\\/#\\\/schema\\\/person\\\/79bb06722b37ece1c03d3e94beb30d73\"},\"headline\":\"Arte d&#8217;Inverno a Cortina: mercoled\u00ec Gianluca D&#8217;Inc\u00e0 Levis curatore di Dolomiti contemporanee\",\"datePublished\":\"2012-01-04T06:59:47+00:00\",\"mainEntityOfPage\":{\"@id\":\"https:\\\/\\\/www.bellunopress.it\\\/2012\\\/01\\\/04\\\/arte-dinverno-a-cortina-mercoledi-gianluca-dinca-levis-curatore-di-dolomiti-contemporanee\\\/\"},\"wordCount\":127,\"publisher\":{\"@id\":\"https:\\\/\\\/www.bellunopress.it\\\/#organization\"},\"articleSection\":[\"Appuntamenti, Eventi\",\"Arte, Cultura, Spettacoli, Scienza\",\"Pausa Caff\u00e8\"],\"inLanguage\":\"fr-FR\"},{\"@type\":\"WebPage\",\"@id\":\"https:\\\/\\\/www.bellunopress.it\\\/2012\\\/01\\\/04\\\/arte-dinverno-a-cortina-mercoledi-gianluca-dinca-levis-curatore-di-dolomiti-contemporanee\\\/\",\"url\":\"https:\\\/\\\/www.bellunopress.it\\\/2012\\\/01\\\/04\\\/arte-dinverno-a-cortina-mercoledi-gianluca-dinca-levis-curatore-di-dolomiti-contemporanee\\\/\",\"name\":\"Arte d'Inverno a Cortina: mercoled\u00ec Gianluca D'Inc\u00e0 Levis curatore di Dolomiti contemporanee - Bellunopress - Dolomiti\",\"isPartOf\":{\"@id\":\"https:\\\/\\\/www.bellunopress.it\\\/#website\"},\"datePublished\":\"2012-01-04T06:59:47+00:00\",\"breadcrumb\":{\"@id\":\"https:\\\/\\\/www.bellunopress.it\\\/2012\\\/01\\\/04\\\/arte-dinverno-a-cortina-mercoledi-gianluca-dinca-levis-curatore-di-dolomiti-contemporanee\\\/#breadcrumb\"},\"inLanguage\":\"fr-FR\",\"potentialAction\":[{\"@type\":\"ReadAction\",\"target\":[\"https:\\\/\\\/www.bellunopress.it\\\/2012\\\/01\\\/04\\\/arte-dinverno-a-cortina-mercoledi-gianluca-dinca-levis-curatore-di-dolomiti-contemporanee\\\/\"]}]},{\"@type\":\"BreadcrumbList\",\"@id\":\"https:\\\/\\\/www.bellunopress.it\\\/2012\\\/01\\\/04\\\/arte-dinverno-a-cortina-mercoledi-gianluca-dinca-levis-curatore-di-dolomiti-contemporanee\\\/#breadcrumb\",\"itemListElement\":[{\"@type\":\"ListItem\",\"position\":1,\"name\":\"Home\",\"item\":\"https:\\\/\\\/www.bellunopress.it\\\/\"},{\"@type\":\"ListItem\",\"position\":2,\"name\":\"Arte d&#8217;Inverno a Cortina: mercoled\u00ec Gianluca D&#8217;Inc\u00e0 Levis curatore di Dolomiti contemporanee\"}]},{\"@type\":\"WebSite\",\"@id\":\"https:\\\/\\\/www.bellunopress.it\\\/#website\",\"url\":\"https:\\\/\\\/www.bellunopress.it\\\/\",\"name\":\"Bellunopress - Dolomiti\",\"description\":\"e-mail: redazione@bellunopress.it\",\"publisher\":{\"@id\":\"https:\\\/\\\/www.bellunopress.it\\\/#organization\"},\"potentialAction\":[{\"@type\":\"SearchAction\",\"target\":{\"@type\":\"EntryPoint\",\"urlTemplate\":\"https:\\\/\\\/www.bellunopress.it\\\/?s={search_term_string}\"},\"query-input\":{\"@type\":\"PropertyValueSpecification\",\"valueRequired\":true,\"valueName\":\"search_term_string\"}}],\"inLanguage\":\"fr-FR\"},{\"@type\":\"Organization\",\"@id\":\"https:\\\/\\\/www.bellunopress.it\\\/#organization\",\"name\":\"Bellunopress\",\"url\":\"https:\\\/\\\/www.bellunopress.it\\\/\",\"logo\":{\"@type\":\"ImageObject\",\"inLanguage\":\"fr-FR\",\"@id\":\"https:\\\/\\\/www.bellunopress.it\\\/#\\\/schema\\\/logo\\\/image\\\/\",\"url\":\"https:\\\/\\\/www.bellunopress.it\\\/wp-content\\\/uploads\\\/2011\\\/05\\\/cropped-logo-bellunopress-.jpg\",\"contentUrl\":\"https:\\\/\\\/www.bellunopress.it\\\/wp-content\\\/uploads\\\/2011\\\/05\\\/cropped-logo-bellunopress-.jpg\",\"width\":512,\"height\":512,\"caption\":\"Bellunopress\"},\"image\":{\"@id\":\"https:\\\/\\\/www.bellunopress.it\\\/#\\\/schema\\\/logo\\\/image\\\/\"},\"sameAs\":[\"https:\\\/\\\/www.facebook.com\\\/profile.php?id=100008943462799\",\"https:\\\/\\\/x.com\\\/bellunopress\",\"https:\\\/\\\/www.linkedin.com\\\/hp\\\/?dnr=JBzUWaJfMUw8vbXJJ2tVW5-I3jZKvC4wsoxE&amp;amp;amp;amp;amp;amp;trk=nav_responsive_tab_home\",\"https:\\\/\\\/www.youtube.com\\\/channel\\\/UCxL0wu1uN0_3_7hGG0306cw\"]},{\"@type\":\"Person\",\"@id\":\"https:\\\/\\\/www.bellunopress.it\\\/#\\\/schema\\\/person\\\/79bb06722b37ece1c03d3e94beb30d73\",\"name\":\"redazione\",\"image\":{\"@type\":\"ImageObject\",\"inLanguage\":\"fr-FR\",\"@id\":\"https:\\\/\\\/secure.gravatar.com\\\/avatar\\\/37d968a2e67a6fd04c169c4bdef102d0bc5d31b2546345219e348575eb80e9a0?s=96&d=mm&r=g\",\"url\":\"https:\\\/\\\/secure.gravatar.com\\\/avatar\\\/37d968a2e67a6fd04c169c4bdef102d0bc5d31b2546345219e348575eb80e9a0?s=96&d=mm&r=g\",\"contentUrl\":\"https:\\\/\\\/secure.gravatar.com\\\/avatar\\\/37d968a2e67a6fd04c169c4bdef102d0bc5d31b2546345219e348575eb80e9a0?s=96&d=mm&r=g\",\"caption\":\"redazione\"},\"sameAs\":[\"http:\\\/\\\/www.bellunopress.it\",\"https:\\\/\\\/x.com\\\/bellunopress\"],\"url\":\"https:\\\/\\\/www.bellunopress.it\\\/fr\\\/author\\\/redazione\\\/\"}]}<\/script>\n<!-- \/ Yoast SEO plugin. -->","yoast_head_json":{"title":"Arte d'Inverno a Cortina: mercoled\u00ec Gianluca D'Inc\u00e0 Levis curatore di Dolomiti contemporanee - Bellunopress - Dolomiti","robots":{"index":"index","follow":"follow","max-snippet":"max-snippet:-1","max-image-preview":"max-image-preview:large","max-video-preview":"max-video-preview:-1"},"canonical":"https:\/\/www.bellunopress.it\/fr\/2012\/01\/04\/arte-dinverno-a-cortina-mercoledi-gianluca-dinca-levis-curatore-di-dolomiti-contemporanee\/","og_locale":"fr_FR","og_type":"article","og_title":"Arte d'Inverno a Cortina: mercoled\u00ec Gianluca D'Inc\u00e0 Levis curatore di Dolomiti contemporanee - Bellunopress - Dolomiti","og_description":"Gianluca D&#8217;Inc\u00e0 Levis sar\u00e0 ospite mercoled\u00ec alle 17,30 a Cortina in Corso Italia 69 al ciclo di conversazioni artistiche &#8220;Arte d&#8217;Inverno a Cortina&#8221; ideato da Rossella Meucci Reale e promosso dalla Libreria Sovilla e dal Museo d\u2019Arte Moderna Mario Rimoldi. Nell\u2019ambito del ciclo la sede del Museo Rimoldi ospita l\u2019incontro sul tema Arte come strumento [&hellip;]","og_url":"https:\/\/www.bellunopress.it\/fr\/2012\/01\/04\/arte-dinverno-a-cortina-mercoledi-gianluca-dinca-levis-curatore-di-dolomiti-contemporanee\/","og_site_name":"Bellunopress - Dolomiti","article_publisher":"https:\/\/www.facebook.com\/profile.php?id=100008943462799","article_published_time":"2012-01-04T06:59:47+00:00","og_image":[{"url":"http:\/\/www.bellunopress.it\/wp-content\/uploads\/2012\/07\/logo-bellunopress-250x250-2012.jpg","type":"","width":"","height":""}],"author":"redazione","twitter_card":"summary_large_image","twitter_creator":"@bellunopress","twitter_site":"@bellunopress","twitter_misc":{"\u00c9crit par":"redazione","Dur\u00e9e de lecture estim\u00e9e":"1 minute"},"schema":{"@context":"https:\/\/schema.org","@graph":[{"@type":"Article","@id":"https:\/\/www.bellunopress.it\/2012\/01\/04\/arte-dinverno-a-cortina-mercoledi-gianluca-dinca-levis-curatore-di-dolomiti-contemporanee\/#article","isPartOf":{"@id":"https:\/\/www.bellunopress.it\/2012\/01\/04\/arte-dinverno-a-cortina-mercoledi-gianluca-dinca-levis-curatore-di-dolomiti-contemporanee\/"},"author":{"name":"redazione","@id":"https:\/\/www.bellunopress.it\/#\/schema\/person\/79bb06722b37ece1c03d3e94beb30d73"},"headline":"Arte d&#8217;Inverno a Cortina: mercoled\u00ec Gianluca D&#8217;Inc\u00e0 Levis curatore di Dolomiti contemporanee","datePublished":"2012-01-04T06:59:47+00:00","mainEntityOfPage":{"@id":"https:\/\/www.bellunopress.it\/2012\/01\/04\/arte-dinverno-a-cortina-mercoledi-gianluca-dinca-levis-curatore-di-dolomiti-contemporanee\/"},"wordCount":127,"publisher":{"@id":"https:\/\/www.bellunopress.it\/#organization"},"articleSection":["Appuntamenti, Eventi","Arte, Cultura, Spettacoli, Scienza","Pausa Caff\u00e8"],"inLanguage":"fr-FR"},{"@type":"WebPage","@id":"https:\/\/www.bellunopress.it\/2012\/01\/04\/arte-dinverno-a-cortina-mercoledi-gianluca-dinca-levis-curatore-di-dolomiti-contemporanee\/","url":"https:\/\/www.bellunopress.it\/2012\/01\/04\/arte-dinverno-a-cortina-mercoledi-gianluca-dinca-levis-curatore-di-dolomiti-contemporanee\/","name":"Arte d'Inverno a Cortina: mercoled\u00ec Gianluca D'Inc\u00e0 Levis curatore di Dolomiti contemporanee - Bellunopress - Dolomiti","isPartOf":{"@id":"https:\/\/www.bellunopress.it\/#website"},"datePublished":"2012-01-04T06:59:47+00:00","breadcrumb":{"@id":"https:\/\/www.bellunopress.it\/2012\/01\/04\/arte-dinverno-a-cortina-mercoledi-gianluca-dinca-levis-curatore-di-dolomiti-contemporanee\/#breadcrumb"},"inLanguage":"fr-FR","potentialAction":[{"@type":"ReadAction","target":["https:\/\/www.bellunopress.it\/2012\/01\/04\/arte-dinverno-a-cortina-mercoledi-gianluca-dinca-levis-curatore-di-dolomiti-contemporanee\/"]}]},{"@type":"BreadcrumbList","@id":"https:\/\/www.bellunopress.it\/2012\/01\/04\/arte-dinverno-a-cortina-mercoledi-gianluca-dinca-levis-curatore-di-dolomiti-contemporanee\/#breadcrumb","itemListElement":[{"@type":"ListItem","position":1,"name":"Home","item":"https:\/\/www.bellunopress.it\/"},{"@type":"ListItem","position":2,"name":"Arte d&#8217;Inverno a Cortina: mercoled\u00ec Gianluca D&#8217;Inc\u00e0 Levis curatore di Dolomiti contemporanee"}]},{"@type":"WebSite","@id":"https:\/\/www.bellunopress.it\/#website","url":"https:\/\/www.bellunopress.it\/","name":"Bellunopress - Dolomiti","description":"e-mail: redazione@bellunopress.it","publisher":{"@id":"https:\/\/www.bellunopress.it\/#organization"},"potentialAction":[{"@type":"SearchAction","target":{"@type":"EntryPoint","urlTemplate":"https:\/\/www.bellunopress.it\/?s={search_term_string}"},"query-input":{"@type":"PropertyValueSpecification","valueRequired":true,"valueName":"search_term_string"}}],"inLanguage":"fr-FR"},{"@type":"Organization","@id":"https:\/\/www.bellunopress.it\/#organization","name":"Bellunopress","url":"https:\/\/www.bellunopress.it\/","logo":{"@type":"ImageObject","inLanguage":"fr-FR","@id":"https:\/\/www.bellunopress.it\/#\/schema\/logo\/image\/","url":"https:\/\/www.bellunopress.it\/wp-content\/uploads\/2011\/05\/cropped-logo-bellunopress-.jpg","contentUrl":"https:\/\/www.bellunopress.it\/wp-content\/uploads\/2011\/05\/cropped-logo-bellunopress-.jpg","width":512,"height":512,"caption":"Bellunopress"},"image":{"@id":"https:\/\/www.bellunopress.it\/#\/schema\/logo\/image\/"},"sameAs":["https:\/\/www.facebook.com\/profile.php?id=100008943462799","https:\/\/x.com\/bellunopress","https:\/\/www.linkedin.com\/hp\/?dnr=JBzUWaJfMUw8vbXJJ2tVW5-I3jZKvC4wsoxE&amp;amp;amp;amp;amp;amp;trk=nav_responsive_tab_home","https:\/\/www.youtube.com\/channel\/UCxL0wu1uN0_3_7hGG0306cw"]},{"@type":"Person","@id":"https:\/\/www.bellunopress.it\/#\/schema\/person\/79bb06722b37ece1c03d3e94beb30d73","name":"r\u00e9daction","image":{"@type":"ImageObject","inLanguage":"fr-FR","@id":"https:\/\/secure.gravatar.com\/avatar\/37d968a2e67a6fd04c169c4bdef102d0bc5d31b2546345219e348575eb80e9a0?s=96&d=mm&r=g","url":"https:\/\/secure.gravatar.com\/avatar\/37d968a2e67a6fd04c169c4bdef102d0bc5d31b2546345219e348575eb80e9a0?s=96&d=mm&r=g","contentUrl":"https:\/\/secure.gravatar.com\/avatar\/37d968a2e67a6fd04c169c4bdef102d0bc5d31b2546345219e348575eb80e9a0?s=96&d=mm&r=g","caption":"redazione"},"sameAs":["http:\/\/www.bellunopress.it","https:\/\/x.com\/bellunopress"],"url":"https:\/\/www.bellunopress.it\/fr\/author\/redazione\/"}]}},"_links":{"self":[{"href":"https:\/\/www.bellunopress.it\/fr\/wp-json\/wp\/v2\/posts\/33881","targetHints":{"allow":["GET"]}}],"collection":[{"href":"https:\/\/www.bellunopress.it\/fr\/wp-json\/wp\/v2\/posts"}],"about":[{"href":"https:\/\/www.bellunopress.it\/fr\/wp-json\/wp\/v2\/types\/post"}],"author":[{"embeddable":true,"href":"https:\/\/www.bellunopress.it\/fr\/wp-json\/wp\/v2\/users\/2"}],"replies":[{"embeddable":true,"href":"https:\/\/www.bellunopress.it\/fr\/wp-json\/wp\/v2\/comments?post=33881"}],"version-history":[{"count":1,"href":"https:\/\/www.bellunopress.it\/fr\/wp-json\/wp\/v2\/posts\/33881\/revisions"}],"predecessor-version":[{"id":33882,"href":"https:\/\/www.bellunopress.it\/fr\/wp-json\/wp\/v2\/posts\/33881\/revisions\/33882"}],"wp:attachment":[{"href":"https:\/\/www.bellunopress.it\/fr\/wp-json\/wp\/v2\/media?parent=33881"}],"wp:term":[{"taxonomy":"category","embeddable":true,"href":"https:\/\/www.bellunopress.it\/fr\/wp-json\/wp\/v2\/categories?post=33881"},{"taxonomy":"post_tag","embeddable":true,"href":"https:\/\/www.bellunopress.it\/fr\/wp-json\/wp\/v2\/tags?post=33881"}],"curies":[{"name":"wp","href":"https:\/\/api.w.org\/{rel}","templated":true}]}}